{"id":23067,"date":"2024-10-03T12:09:00","date_gmt":"2024-10-03T15:09:00","guid":{"rendered":"https:\/\/www.diariodepe.com.br\/xinhua\/?p=23067"},"modified":"2024-10-03T07:49:40","modified_gmt":"2024-10-03T10:49:40","slug":"ex-vice-primeiro-ministro-croata-elogia-conquistas-sem-precedentes-da-china","status":"publish","type":"post","link":"https:\/\/diariodepe.com.br\/xinhua\/2024\/10\/03\/ex-vice-primeiro-ministro-croata-elogia-conquistas-sem-precedentes-da-china\/","title":{"rendered":"Ex-vice-primeiro-ministro croata elogia conquistas \u201csem precedentes\u201d da China"},"content":{"rendered":"\n<p>Zagreb &#8211; Ante Simonic, ex-vice-primeiro-ministro croata e ex-embaixador croata na China, elogiou as conquistas \u201csem precedentes\u201d da China ao longo dos 75 anos desde a funda\u00e7\u00e3o da Rep\u00fablica Popular da China (RPC).<\/p>\n\n\n\n<p>Em entrevista escrita com a Xinhua na v\u00e9spera do 75\u00ba anivers\u00e1rio da funda\u00e7\u00e3o da RPC, Simonic enfatizou a ascens\u00e3o not\u00e1vel da China que come\u00e7ou h\u00e1 cerca de 40 anos, atribuindo as conquistas ao \u201ctrabalho duro, boa organiza\u00e7\u00e3o e lideran\u00e7a s\u00e1bia\u201d.<\/p>\n\n\n\n<p>Simonic \u00e9 o fundador e presidente de longa data da Associa\u00e7\u00e3o de Amizade Croata-Chinesa em Rijeka, a terceira maior cidade da Cro\u00e1cia. Ele recebeu o Pr\u00eamio da Amizade do governo chin\u00eas em 2017, em reconhecimento \u00e0s suas habilidades na promo\u00e7\u00e3o de trocas amig\u00e1veis, conhecimento e amizade entre os povos da Cro\u00e1cia e da China.<\/p>\n\n\n\n<p>Simonic elogiou a China por sua posi\u00e7\u00e3o de lideran\u00e7a mundial em muitos setores, incluindo fabrica\u00e7\u00e3o de ve\u00edculos el\u00e9tricos, constru\u00e7\u00e3o naval, redes ferrovi\u00e1rias modernas e explora\u00e7\u00e3o espacial. Ele disse que o esfor\u00e7o de moderniza\u00e7\u00e3o da China delineou um plano para alcan\u00e7ar o rejuvenescimento nacional.<\/p>\n\n\n\n<figure class=\"wp-block-image\"><img decoding=\"async\" src=\"https:\/\/portuguese.news.cn\/20241003\/c557a01d5c42498ca20f82e79eed296e\/20241003c557a01d5c42498ca20f82e79eed296e_202410036e5143cf38a94921a8069eb46e42e149.jpeg\" alt=\"\"\/><figcaption>Foto tirada em dia 27 de setembro de 2020 mostra opera\u00e7\u00e3o de i\u00e7amento no canto de obras do projeto do Parque E\u00f3lico Senj em Senj, Cro\u00e1cia. (Foto por Ding Decai\/Xinhua)<\/figcaption><\/figure>\n\n\n\n<p>Ele v\u00ea a China desempenhando um papel indispens\u00e1vel no tratamento de quest\u00f5es globalmente importantes, como seguran\u00e7a, energia verde, pre\u00e7os do petr\u00f3leo, luta contra o terrorismo e mudan\u00e7as clim\u00e1ticas.<\/p>\n\n\n\n<p>Sobre o conceito de constru\u00e7\u00e3o de uma comunidade com futuro compartilhado para a humanidade, ele afirmou que est\u00e1 enraizado na longa hist\u00f3ria e civiliza\u00e7\u00e3o da China, refletindo a sabedoria chinesa e oferecendo solu\u00e7\u00f5es para promover a cria\u00e7\u00e3o de um mundo melhor e mais justo.<\/p>\n\n\n\n<p>O conceito \u00e9 \u201cextremamente significativo\u201d, pois se concentra no multilateralismo, governan\u00e7a justa, coopera\u00e7\u00e3o global e desenvolvimento, que foram extremamente reconhecidos pela comunidade internacional, acrescentou ele.<\/p>\n\n\n\n<p>De acordo com Simonic, a Iniciativa do Cintur\u00e3o e Rota (ICR) tem sido uma pr\u00e1tica concreta do conceito de constru\u00e7\u00e3o de uma comunidade com futuro compartilhado para a humanidade.<\/p>\n\n\n\n<figure class=\"wp-block-image\"><img decoding=\"async\" src=\"https:\/\/portuguese.news.cn\/20241003\/c557a01d5c42498ca20f82e79eed296e\/20241003c557a01d5c42498ca20f82e79eed296e_20241003c1e99ea3cbcb43869ed8e085b94370f0.jpeg\" alt=\"\"\/><figcaption>Cerim\u00f4nia de pressa de bandeira marcando o 75\u00ba anivers\u00e1rio da funda\u00e7\u00e3o da Rep\u00fablica Popular da China \u00e9 realizada na Pra\u00e7a Tian&#8217;anmen em Pequim, capital da China, no dia 1\u00ba de outubro de 2024. (Xinhua\/Chen Zhonghao)<\/figcaption><\/figure>\n\n\n\n<p>Ele citou a Ponte Peljesac e o Projeto do Parque E\u00f3lico Senj, dois projetos de ICR realizados por empresas chinesas na Cro\u00e1cia, como exemplos de coopera\u00e7\u00e3o bem-sucedida e mutuamente ben\u00e9fica entre os dois pa\u00edses.<\/p>\n\n\n\n<p>\u201cA Ponte Peljesac \u00e9 um projeto extremamente bem-sucedido, que se tornou o s\u00edmbolo mais vis\u00edvel da conex\u00e3o entre a Cro\u00e1cia e a China\u201d, disse Simonic. Ele disse que a Ponte Peljesac n\u00e3o apenas promoveu muito o desenvolvimento das ind\u00fastrias de turismo, transporte e log\u00edstica no sul da Cro\u00e1cia, mas tamb\u00e9m conecta o continente da Cro\u00e1cia com a Pen\u00ednsula Peljesac na costa sul do Adri\u00e1tico do pa\u00eds pela primeira vez.<\/p>\n\n\n\n<p>Enquanto isso, o Projeto do Parque E\u00f3lico Senj, \u201cal\u00e9m de sua enorme import\u00e2ncia econ\u00f4mica, tecnol\u00f3gica e financeira, tamb\u00e9m aponta para uma coopera\u00e7\u00e3o bem-sucedida entre a China e a Cro\u00e1cia na \u00e1rea extremamente atual de prote\u00e7\u00e3o ambiental e energia verde\u201d, disse Simonic.<\/p>\n\n\n\n<p>A China e a Cro\u00e1cia estabeleceram rela\u00e7\u00f5es diplom\u00e1ticas em 1992. Em 2005, os dois pa\u00edses estabeleceram uma parceria cooperativa abrangente.<\/p>\n","protected":false},"excerpt":{"rendered":"<p>Zagreb &#8211; Ante Simonic, ex-vice-primeiro-ministro croata e ex-embaixador croata na China, elogiou as conquistas \u201csem precedentes\u201d da China ao longo dos 75 anos desde a funda\u00e7\u00e3o da Rep\u00fablica Popular da China (RPC). Em entrevista escrita com a Xinhua na v\u00e9spera&#8230;<\/p>\n","protected":false},"author":3,"featured_media":23068,"comment_status":"open","ping_status":"open","sticky":false,"template":"","format":"standard","meta":{"footnotes":""},"categories":[4],"tags":[],"class_list":["post-23067","post","type-post","status-publish","format-standard","has-post-thumbnail","hentry","category-internacional"],"yoast_head":"<!-- This site is optimized with the Yoast SEO plugin v27.4 - https:\/\/yoast.com\/product\/yoast-seo-wordpress\/ -->\n<title>Ex-vice-primeiro-ministro croata elogia conquistas \u201csem precedentes\u201d da China - Xinhua - Diario de Pernambuco<\/title>\n<meta name=\"robots\" content=\"index, follow, max-snippet:-1, max-image-preview:large, max-video-preview:-1\" \/>\n<link rel=\"canonical\" href=\"https:\/\/diariodepe.com.br\/xinhua\/2024\/10\/03\/ex-vice-primeiro-ministro-croata-elogia-conquistas-sem-precedentes-da-china\/\" \/>\n<meta property=\"og:locale\" content=\"pt_BR\" \/>\n<meta property=\"og:type\" content=\"article\" \/>\n<meta property=\"og:title\" content=\"Ex-vice-primeiro-ministro croata elogia conquistas \u201csem precedentes\u201d da China - Xinhua - Diario de Pernambuco\" \/>\n<meta property=\"og:description\" content=\"Zagreb &#8211; Ante Simonic, ex-vice-primeiro-ministro croata e ex-embaixador croata na China, elogiou as conquistas \u201csem precedentes\u201d da China ao longo dos 75 anos desde a funda\u00e7\u00e3o da Rep\u00fablica Popular da China (RPC). Em entrevista escrita com a Xinhua na v\u00e9spera...\" \/>\n<meta property=\"og:url\" content=\"https:\/\/diariodepe.com.br\/xinhua\/2024\/10\/03\/ex-vice-primeiro-ministro-croata-elogia-conquistas-sem-precedentes-da-china\/\" \/>\n<meta property=\"og:site_name\" content=\"Xinhua - Diario de Pernambuco\" \/>\n<meta property=\"article:published_time\" content=\"2024-10-03T15:09:00+00:00\" \/>\n<meta property=\"og:image\" content=\"https:\/\/diariodepe.com.br\/xinhua\/wp-content\/uploads\/sites\/3\/2024\/10\/20241003c557a01d5c42498ca20f82e79eed296e_20241003cd2faa9c02ee4f11a517f6d13fa53a07.jpeg\" \/>\n\t<meta property=\"og:image:width\" content=\"900\" \/>\n\t<meta property=\"og:image:height\" content=\"578\" \/>\n\t<meta property=\"og:image:type\" content=\"image\/jpeg\" \/>\n<meta name=\"author\" content=\"Marcelo Oliveira de A. Maranhao\" \/>\n<meta name=\"twitter:card\" content=\"summary_large_image\" \/>\n<meta name=\"twitter:label1\" content=\"Escrito por\" \/>\n\t<meta name=\"twitter:data1\" content=\"Marcelo Oliveira de A. Maranhao\" \/>\n\t<meta name=\"twitter:label2\" content=\"Est. tempo de leitura\" \/>\n\t<meta name=\"twitter:data2\" content=\"4 minutos\" \/>\n<script type=\"application\/ld+json\" class=\"yoast-schema-graph\">{\"@context\":\"https:\\\/\\\/schema.org\",\"@graph\":[{\"@type\":\"Article\",\"@id\":\"https:\\\/\\\/diariodepe.com.br\\\/xinhua\\\/2024\\\/10\\\/03\\\/ex-vice-primeiro-ministro-croata-elogia-conquistas-sem-precedentes-da-china\\\/#article\",\"isPartOf\":{\"@id\":\"https:\\\/\\\/diariodepe.com.br\\\/xinhua\\\/2024\\\/10\\\/03\\\/ex-vice-primeiro-ministro-croata-elogia-conquistas-sem-precedentes-da-china\\\/\"},\"author\":{\"name\":\"Marcelo Oliveira de A. Maranhao\",\"@id\":\"https:\\\/\\\/diariodepe.com.br\\\/xinhua\\\/#\\\/schema\\\/person\\\/0943d6fd02bdc7b49c8f495e8787a2cb\"},\"headline\":\"Ex-vice-primeiro-ministro croata elogia conquistas \u201csem precedentes\u201d da China\",\"datePublished\":\"2024-10-03T15:09:00+00:00\",\"mainEntityOfPage\":{\"@id\":\"https:\\\/\\\/diariodepe.com.br\\\/xinhua\\\/2024\\\/10\\\/03\\\/ex-vice-primeiro-ministro-croata-elogia-conquistas-sem-precedentes-da-china\\\/\"},\"wordCount\":606,\"commentCount\":0,\"publisher\":{\"@id\":\"https:\\\/\\\/diariodepe.com.br\\\/xinhua\\\/#organization\"},\"image\":{\"@id\":\"https:\\\/\\\/diariodepe.com.br\\\/xinhua\\\/2024\\\/10\\\/03\\\/ex-vice-primeiro-ministro-croata-elogia-conquistas-sem-precedentes-da-china\\\/#primaryimage\"},\"thumbnailUrl\":\"https:\\\/\\\/diariodepe.com.br\\\/xinhua\\\/wp-content\\\/uploads\\\/sites\\\/3\\\/2024\\\/10\\\/20241003c557a01d5c42498ca20f82e79eed296e_20241003cd2faa9c02ee4f11a517f6d13fa53a07.jpeg\",\"articleSection\":[\"Internacional\"],\"inLanguage\":\"pt-BR\",\"potentialAction\":[{\"@type\":\"CommentAction\",\"name\":\"Comment\",\"target\":[\"https:\\\/\\\/diariodepe.com.br\\\/xinhua\\\/2024\\\/10\\\/03\\\/ex-vice-primeiro-ministro-croata-elogia-conquistas-sem-precedentes-da-china\\\/#respond\"]}]},{\"@type\":\"WebPage\",\"@id\":\"https:\\\/\\\/diariodepe.com.br\\\/xinhua\\\/2024\\\/10\\\/03\\\/ex-vice-primeiro-ministro-croata-elogia-conquistas-sem-precedentes-da-china\\\/\",\"url\":\"https:\\\/\\\/diariodepe.com.br\\\/xinhua\\\/2024\\\/10\\\/03\\\/ex-vice-primeiro-ministro-croata-elogia-conquistas-sem-precedentes-da-china\\\/\",\"name\":\"Ex-vice-primeiro-ministro croata elogia conquistas \u201csem precedentes\u201d da China - Xinhua - Diario de Pernambuco\",\"isPartOf\":{\"@id\":\"https:\\\/\\\/diariodepe.com.br\\\/xinhua\\\/#website\"},\"primaryImageOfPage\":{\"@id\":\"https:\\\/\\\/diariodepe.com.br\\\/xinhua\\\/2024\\\/10\\\/03\\\/ex-vice-primeiro-ministro-croata-elogia-conquistas-sem-precedentes-da-china\\\/#primaryimage\"},\"image\":{\"@id\":\"https:\\\/\\\/diariodepe.com.br\\\/xinhua\\\/2024\\\/10\\\/03\\\/ex-vice-primeiro-ministro-croata-elogia-conquistas-sem-precedentes-da-china\\\/#primaryimage\"},\"thumbnailUrl\":\"https:\\\/\\\/diariodepe.com.br\\\/xinhua\\\/wp-content\\\/uploads\\\/sites\\\/3\\\/2024\\\/10\\\/20241003c557a01d5c42498ca20f82e79eed296e_20241003cd2faa9c02ee4f11a517f6d13fa53a07.jpeg\",\"datePublished\":\"2024-10-03T15:09:00+00:00\",\"breadcrumb\":{\"@id\":\"https:\\\/\\\/diariodepe.com.br\\\/xinhua\\\/2024\\\/10\\\/03\\\/ex-vice-primeiro-ministro-croata-elogia-conquistas-sem-precedentes-da-china\\\/#breadcrumb\"},\"inLanguage\":\"pt-BR\",\"potentialAction\":[{\"@type\":\"ReadAction\",\"target\":[\"https:\\\/\\\/diariodepe.com.br\\\/xinhua\\\/2024\\\/10\\\/03\\\/ex-vice-primeiro-ministro-croata-elogia-conquistas-sem-precedentes-da-china\\\/\"]}]},{\"@type\":\"ImageObject\",\"inLanguage\":\"pt-BR\",\"@id\":\"https:\\\/\\\/diariodepe.com.br\\\/xinhua\\\/2024\\\/10\\\/03\\\/ex-vice-primeiro-ministro-croata-elogia-conquistas-sem-precedentes-da-china\\\/#primaryimage\",\"url\":\"https:\\\/\\\/diariodepe.com.br\\\/xinhua\\\/wp-content\\\/uploads\\\/sites\\\/3\\\/2024\\\/10\\\/20241003c557a01d5c42498ca20f82e79eed296e_20241003cd2faa9c02ee4f11a517f6d13fa53a07.jpeg\",\"contentUrl\":\"https:\\\/\\\/diariodepe.com.br\\\/xinhua\\\/wp-content\\\/uploads\\\/sites\\\/3\\\/2024\\\/10\\\/20241003c557a01d5c42498ca20f82e79eed296e_20241003cd2faa9c02ee4f11a517f6d13fa53a07.jpeg\",\"width\":900,\"height\":578,\"caption\":\"(240727) -- KOMARNA, July 27, 2024 (Xinhua) -- People take souvenir photos in front of the Peljesac Bridge in Komarna, Croatia, on July 26, 2024. Since its inauguration in July 2022, the Chinese-built Peljesac Bridge in Croatia has significantly boosted local businesses, creating new economic opportunities and facilitating smoother transportation on the Adriatic coast. The 2.4-kilometer-long bridge connects Croatia's mainland with the Peljesac Peninsula on the country's southern Adriatic coast and was built by a consortium of Chinese enterprises led by the China Road and Bridge Corporation (CRBC). (Xinhua\\\/Li Xuejun)\"},{\"@type\":\"BreadcrumbList\",\"@id\":\"https:\\\/\\\/diariodepe.com.br\\\/xinhua\\\/2024\\\/10\\\/03\\\/ex-vice-primeiro-ministro-croata-elogia-conquistas-sem-precedentes-da-china\\\/#breadcrumb\",\"itemListElement\":[{\"@type\":\"ListItem\",\"position\":1,\"name\":\"In\u00edcio\",\"item\":\"https:\\\/\\\/diariodepe.com.br\\\/xinhua\\\/\"},{\"@type\":\"ListItem\",\"position\":2,\"name\":\"Ex-vice-primeiro-ministro croata elogia conquistas \u201csem precedentes\u201d da China\"}]},{\"@type\":\"WebSite\",\"@id\":\"https:\\\/\\\/diariodepe.com.br\\\/xinhua\\\/#website\",\"url\":\"https:\\\/\\\/diariodepe.com.br\\\/xinhua\\\/\",\"name\":\"Xinhua - Diario de Pernambuco\",\"description\":\"A maior ag\u00eancia de not\u00edcias da China e um dos principais canais para conhecer o pa\u00eds\",\"publisher\":{\"@id\":\"https:\\\/\\\/diariodepe.com.br\\\/xinhua\\\/#organization\"},\"potentialAction\":[{\"@type\":\"SearchAction\",\"target\":{\"@type\":\"EntryPoint\",\"urlTemplate\":\"https:\\\/\\\/diariodepe.com.br\\\/xinhua\\\/?s={search_term_string}\"},\"query-input\":{\"@type\":\"PropertyValueSpecification\",\"valueRequired\":true,\"valueName\":\"search_term_string\"}}],\"inLanguage\":\"pt-BR\"},{\"@type\":\"Organization\",\"@id\":\"https:\\\/\\\/diariodepe.com.br\\\/xinhua\\\/#organization\",\"name\":\"Xinhua - Diario de Pernambuco\",\"url\":\"https:\\\/\\\/diariodepe.com.br\\\/xinhua\\\/\",\"logo\":{\"@type\":\"ImageObject\",\"inLanguage\":\"pt-BR\",\"@id\":\"https:\\\/\\\/diariodepe.com.br\\\/xinhua\\\/#\\\/schema\\\/logo\\\/image\\\/\",\"url\":\"https:\\\/\\\/diariodepe.com.br\\\/xinhua\\\/wp-content\\\/uploads\\\/sites\\\/3\\\/2020\\\/10\\\/cropped-logo-transparente-2.png\",\"contentUrl\":\"https:\\\/\\\/diariodepe.com.br\\\/xinhua\\\/wp-content\\\/uploads\\\/sites\\\/3\\\/2020\\\/10\\\/cropped-logo-transparente-2.png\",\"width\":512,\"height\":164,\"caption\":\"Xinhua - Diario de Pernambuco\"},\"image\":{\"@id\":\"https:\\\/\\\/diariodepe.com.br\\\/xinhua\\\/#\\\/schema\\\/logo\\\/image\\\/\"}},{\"@type\":\"Person\",\"@id\":\"https:\\\/\\\/diariodepe.com.br\\\/xinhua\\\/#\\\/schema\\\/person\\\/0943d6fd02bdc7b49c8f495e8787a2cb\",\"name\":\"Marcelo Oliveira de A. Maranhao\",\"image\":{\"@type\":\"ImageObject\",\"inLanguage\":\"pt-BR\",\"@id\":\"https:\\\/\\\/secure.gravatar.com\\\/avatar\\\/f562caee940d39879c20e90eea3e4b21860c7d4c96684c23141c554824f0059c?s=96&d=mm&r=g\",\"url\":\"https:\\\/\\\/secure.gravatar.com\\\/avatar\\\/f562caee940d39879c20e90eea3e4b21860c7d4c96684c23141c554824f0059c?s=96&d=mm&r=g\",\"contentUrl\":\"https:\\\/\\\/secure.gravatar.com\\\/avatar\\\/f562caee940d39879c20e90eea3e4b21860c7d4c96684c23141c554824f0059c?s=96&d=mm&r=g\",\"caption\":\"Marcelo Oliveira de A. Maranhao\"},\"url\":\"https:\\\/\\\/diariodepe.com.br\\\/xinhua\\\/author\\\/marcelo-maranhao\\\/\"}]}<\/script>\n<!-- \/ Yoast SEO plugin. -->","yoast_head_json":{"title":"Ex-vice-primeiro-ministro croata elogia conquistas \u201csem precedentes\u201d da China - Xinhua - Diario de Pernambuco","robots":{"index":"index","follow":"follow","max-snippet":"max-snippet:-1","max-image-preview":"max-image-preview:large","max-video-preview":"max-video-preview:-1"},"canonical":"https:\/\/diariodepe.com.br\/xinhua\/2024\/10\/03\/ex-vice-primeiro-ministro-croata-elogia-conquistas-sem-precedentes-da-china\/","og_locale":"pt_BR","og_type":"article","og_title":"Ex-vice-primeiro-ministro croata elogia conquistas \u201csem precedentes\u201d da China - Xinhua - Diario de Pernambuco","og_description":"Zagreb &#8211; Ante Simonic, ex-vice-primeiro-ministro croata e ex-embaixador croata na China, elogiou as conquistas \u201csem precedentes\u201d da China ao longo dos 75 anos desde a funda\u00e7\u00e3o da Rep\u00fablica Popular da China (RPC). Em entrevista escrita com a Xinhua na v\u00e9spera...","og_url":"https:\/\/diariodepe.com.br\/xinhua\/2024\/10\/03\/ex-vice-primeiro-ministro-croata-elogia-conquistas-sem-precedentes-da-china\/","og_site_name":"Xinhua - Diario de Pernambuco","article_published_time":"2024-10-03T15:09:00+00:00","og_image":[{"width":900,"height":578,"url":"https:\/\/diariodepe.com.br\/xinhua\/wp-content\/uploads\/sites\/3\/2024\/10\/20241003c557a01d5c42498ca20f82e79eed296e_20241003cd2faa9c02ee4f11a517f6d13fa53a07.jpeg","type":"image\/jpeg"}],"author":"Marcelo Oliveira de A. Maranhao","twitter_card":"summary_large_image","twitter_misc":{"Escrito por":"Marcelo Oliveira de A. Maranhao","Est. tempo de leitura":"4 minutos"},"schema":{"@context":"https:\/\/schema.org","@graph":[{"@type":"Article","@id":"https:\/\/diariodepe.com.br\/xinhua\/2024\/10\/03\/ex-vice-primeiro-ministro-croata-elogia-conquistas-sem-precedentes-da-china\/#article","isPartOf":{"@id":"https:\/\/diariodepe.com.br\/xinhua\/2024\/10\/03\/ex-vice-primeiro-ministro-croata-elogia-conquistas-sem-precedentes-da-china\/"},"author":{"name":"Marcelo Oliveira de A. Maranhao","@id":"https:\/\/diariodepe.com.br\/xinhua\/#\/schema\/person\/0943d6fd02bdc7b49c8f495e8787a2cb"},"headline":"Ex-vice-primeiro-ministro croata elogia conquistas \u201csem precedentes\u201d da China","datePublished":"2024-10-03T15:09:00+00:00","mainEntityOfPage":{"@id":"https:\/\/diariodepe.com.br\/xinhua\/2024\/10\/03\/ex-vice-primeiro-ministro-croata-elogia-conquistas-sem-precedentes-da-china\/"},"wordCount":606,"commentCount":0,"publisher":{"@id":"https:\/\/diariodepe.com.br\/xinhua\/#organization"},"image":{"@id":"https:\/\/diariodepe.com.br\/xinhua\/2024\/10\/03\/ex-vice-primeiro-ministro-croata-elogia-conquistas-sem-precedentes-da-china\/#primaryimage"},"thumbnailUrl":"https:\/\/diariodepe.com.br\/xinhua\/wp-content\/uploads\/sites\/3\/2024\/10\/20241003c557a01d5c42498ca20f82e79eed296e_20241003cd2faa9c02ee4f11a517f6d13fa53a07.jpeg","articleSection":["Internacional"],"inLanguage":"pt-BR","potentialAction":[{"@type":"CommentAction","name":"Comment","target":["https:\/\/diariodepe.com.br\/xinhua\/2024\/10\/03\/ex-vice-primeiro-ministro-croata-elogia-conquistas-sem-precedentes-da-china\/#respond"]}]},{"@type":"WebPage","@id":"https:\/\/diariodepe.com.br\/xinhua\/2024\/10\/03\/ex-vice-primeiro-ministro-croata-elogia-conquistas-sem-precedentes-da-china\/","url":"https:\/\/diariodepe.com.br\/xinhua\/2024\/10\/03\/ex-vice-primeiro-ministro-croata-elogia-conquistas-sem-precedentes-da-china\/","name":"Ex-vice-primeiro-ministro croata elogia conquistas \u201csem precedentes\u201d da China - Xinhua - Diario de Pernambuco","isPartOf":{"@id":"https:\/\/diariodepe.com.br\/xinhua\/#website"},"primaryImageOfPage":{"@id":"https:\/\/diariodepe.com.br\/xinhua\/2024\/10\/03\/ex-vice-primeiro-ministro-croata-elogia-conquistas-sem-precedentes-da-china\/#primaryimage"},"image":{"@id":"https:\/\/diariodepe.com.br\/xinhua\/2024\/10\/03\/ex-vice-primeiro-ministro-croata-elogia-conquistas-sem-precedentes-da-china\/#primaryimage"},"thumbnailUrl":"https:\/\/diariodepe.com.br\/xinhua\/wp-content\/uploads\/sites\/3\/2024\/10\/20241003c557a01d5c42498ca20f82e79eed296e_20241003cd2faa9c02ee4f11a517f6d13fa53a07.jpeg","datePublished":"2024-10-03T15:09:00+00:00","breadcrumb":{"@id":"https:\/\/diariodepe.com.br\/xinhua\/2024\/10\/03\/ex-vice-primeiro-ministro-croata-elogia-conquistas-sem-precedentes-da-china\/#breadcrumb"},"inLanguage":"pt-BR","potentialAction":[{"@type":"ReadAction","target":["https:\/\/diariodepe.com.br\/xinhua\/2024\/10\/03\/ex-vice-primeiro-ministro-croata-elogia-conquistas-sem-precedentes-da-china\/"]}]},{"@type":"ImageObject","inLanguage":"pt-BR","@id":"https:\/\/diariodepe.com.br\/xinhua\/2024\/10\/03\/ex-vice-primeiro-ministro-croata-elogia-conquistas-sem-precedentes-da-china\/#primaryimage","url":"https:\/\/diariodepe.com.br\/xinhua\/wp-content\/uploads\/sites\/3\/2024\/10\/20241003c557a01d5c42498ca20f82e79eed296e_20241003cd2faa9c02ee4f11a517f6d13fa53a07.jpeg","contentUrl":"https:\/\/diariodepe.com.br\/xinhua\/wp-content\/uploads\/sites\/3\/2024\/10\/20241003c557a01d5c42498ca20f82e79eed296e_20241003cd2faa9c02ee4f11a517f6d13fa53a07.jpeg","width":900,"height":578,"caption":"(240727) -- KOMARNA, July 27, 2024 (Xinhua) -- People take souvenir photos in front of the Peljesac Bridge in Komarna, Croatia, on July 26, 2024. Since its inauguration in July 2022, the Chinese-built Peljesac Bridge in Croatia has significantly boosted local businesses, creating new economic opportunities and facilitating smoother transportation on the Adriatic coast. The 2.4-kilometer-long bridge connects Croatia's mainland with the Peljesac Peninsula on the country's southern Adriatic coast and was built by a consortium of Chinese enterprises led by the China Road and Bridge Corporation (CRBC). (Xinhua\/Li Xuejun)"},{"@type":"BreadcrumbList","@id":"https:\/\/diariodepe.com.br\/xinhua\/2024\/10\/03\/ex-vice-primeiro-ministro-croata-elogia-conquistas-sem-precedentes-da-china\/#breadcrumb","itemListElement":[{"@type":"ListItem","position":1,"name":"In\u00edcio","item":"https:\/\/diariodepe.com.br\/xinhua\/"},{"@type":"ListItem","position":2,"name":"Ex-vice-primeiro-ministro croata elogia conquistas \u201csem precedentes\u201d da China"}]},{"@type":"WebSite","@id":"https:\/\/diariodepe.com.br\/xinhua\/#website","url":"https:\/\/diariodepe.com.br\/xinhua\/","name":"Xinhua - Diario de Pernambuco","description":"A maior ag\u00eancia de not\u00edcias da China e um dos principais canais para conhecer o pa\u00eds","publisher":{"@id":"https:\/\/diariodepe.com.br\/xinhua\/#organization"},"potentialAction":[{"@type":"SearchAction","target":{"@type":"EntryPoint","urlTemplate":"https:\/\/diariodepe.com.br\/xinhua\/?s={search_term_string}"},"query-input":{"@type":"PropertyValueSpecification","valueRequired":true,"valueName":"search_term_string"}}],"inLanguage":"pt-BR"},{"@type":"Organization","@id":"https:\/\/diariodepe.com.br\/xinhua\/#organization","name":"Xinhua - Diario de Pernambuco","url":"https:\/\/diariodepe.com.br\/xinhua\/","logo":{"@type":"ImageObject","inLanguage":"pt-BR","@id":"https:\/\/diariodepe.com.br\/xinhua\/#\/schema\/logo\/image\/","url":"https:\/\/diariodepe.com.br\/xinhua\/wp-content\/uploads\/sites\/3\/2020\/10\/cropped-logo-transparente-2.png","contentUrl":"https:\/\/diariodepe.com.br\/xinhua\/wp-content\/uploads\/sites\/3\/2020\/10\/cropped-logo-transparente-2.png","width":512,"height":164,"caption":"Xinhua - Diario de Pernambuco"},"image":{"@id":"https:\/\/diariodepe.com.br\/xinhua\/#\/schema\/logo\/image\/"}},{"@type":"Person","@id":"https:\/\/diariodepe.com.br\/xinhua\/#\/schema\/person\/0943d6fd02bdc7b49c8f495e8787a2cb","name":"Marcelo Oliveira de A. Maranhao","image":{"@type":"ImageObject","inLanguage":"pt-BR","@id":"https:\/\/secure.gravatar.com\/avatar\/f562caee940d39879c20e90eea3e4b21860c7d4c96684c23141c554824f0059c?s=96&d=mm&r=g","url":"https:\/\/secure.gravatar.com\/avatar\/f562caee940d39879c20e90eea3e4b21860c7d4c96684c23141c554824f0059c?s=96&d=mm&r=g","contentUrl":"https:\/\/secure.gravatar.com\/avatar\/f562caee940d39879c20e90eea3e4b21860c7d4c96684c23141c554824f0059c?s=96&d=mm&r=g","caption":"Marcelo Oliveira de A. Maranhao"},"url":"https:\/\/diariodepe.com.br\/xinhua\/author\/marcelo-maranhao\/"}]}},"cc_featured_image_caption":{"caption_text":"","source_text":"","source_url":""},"amp_enabled":true,"_links":{"self":[{"href":"https:\/\/diariodepe.com.br\/xinhua\/wp-json\/wp\/v2\/posts\/23067","targetHints":{"allow":["GET"]}}],"collection":[{"href":"https:\/\/diariodepe.com.br\/xinhua\/wp-json\/wp\/v2\/posts"}],"about":[{"href":"https:\/\/diariodepe.com.br\/xinhua\/wp-json\/wp\/v2\/types\/post"}],"author":[{"embeddable":true,"href":"https:\/\/diariodepe.com.br\/xinhua\/wp-json\/wp\/v2\/users\/3"}],"replies":[{"embeddable":true,"href":"https:\/\/diariodepe.com.br\/xinhua\/wp-json\/wp\/v2\/comments?post=23067"}],"version-history":[{"count":1,"href":"https:\/\/diariodepe.com.br\/xinhua\/wp-json\/wp\/v2\/posts\/23067\/revisions"}],"predecessor-version":[{"id":23069,"href":"https:\/\/diariodepe.com.br\/xinhua\/wp-json\/wp\/v2\/posts\/23067\/revisions\/23069"}],"wp:featuredmedia":[{"embeddable":true,"href":"https:\/\/diariodepe.com.br\/xinhua\/wp-json\/wp\/v2\/media\/23068"}],"wp:attachment":[{"href":"https:\/\/diariodepe.com.br\/xinhua\/wp-json\/wp\/v2\/media?parent=23067"}],"wp:term":[{"taxonomy":"category","embeddable":true,"href":"https:\/\/diariodepe.com.br\/xinhua\/wp-json\/wp\/v2\/categories?post=23067"},{"taxonomy":"post_tag","embeddable":true,"href":"https:\/\/diariodepe.com.br\/xinhua\/wp-json\/wp\/v2\/tags?post=23067"}],"curies":[{"name":"wp","href":"https:\/\/api.w.org\/{rel}","templated":true}]}}