{"id":23055,"date":"2024-10-03T08:01:00","date_gmt":"2024-10-03T11:01:00","guid":{"rendered":"https:\/\/www.diariodepe.com.br\/xinhua\/?p=23055"},"modified":"2024-10-03T07:36:38","modified_gmt":"2024-10-03T10:36:38","slug":"onu-conclui-assembleia-anual-e-reforca-estabilidade-em-um-mundo-incerto","status":"publish","type":"post","link":"https:\/\/diariodepe.com.br\/xinhua\/2024\/10\/03\/onu-conclui-assembleia-anual-e-reforca-estabilidade-em-um-mundo-incerto\/","title":{"rendered":"ONU conclui assembleia anual e refor\u00e7a estabilidade em um mundo incerto"},"content":{"rendered":"\n<p>Nova York &#8211; A 79\u00aa sess\u00e3o da Assembleia Geral das Na\u00e7\u00f5es Unidas (AGNU) foi conclu\u00edda na segunda-feira, com foco na atualiza\u00e7\u00e3o de institui\u00e7\u00f5es para abordar desafios globais como conflitos regionais, mudan\u00e7as clim\u00e1ticas e IA.<\/p>\n\n\n\n<p>A assembleia, intitulada \u201cN\u00e3o deixe ningu\u00e9m para tr\u00e1s: agir juntos para o avan\u00e7o da paz, desenvolvimento sustent\u00e1vel e dignidade humana para as gera\u00e7\u00f5es atuais e para as pr\u00f3ximas\u201d, come\u00e7ou em setembro.<\/p>\n\n\n\n<p>Faltando seis anos para atingir os Objetivos de Desenvolvimento Sustent\u00e1vel (ODS), os l\u00edderes da ONU enfatizaram a\u00e7\u00f5es urgentes, especialmente sobre igualdade de g\u00eanero. Mais de 100 l\u00edderes mundiais participaram da Semana de Alto N\u00edvel, abordando quest\u00f5es como eleva\u00e7\u00e3o do n\u00edvel do mar, resist\u00eancia antimicrobiana e desarmamento nuclear, reafirmando o compromisso com a coopera\u00e7\u00e3o global.<\/p>\n\n\n\n<p><strong>OS CONFLITOS<\/strong><\/p>\n\n\n\n<p>Durante a sess\u00e3o, os conflitos de Gaza a Darfur, Ucr\u00e2nia ao I\u00eamen, Rep\u00fablica Democr\u00e1tica Oriental do Congo ao Sud\u00e3o, regi\u00e3o do Sahel e Haiti deixaram um rastro devastador de destrui\u00e7\u00e3o. A perda de vidas e meios de subsist\u00eancia, juntamente com a destrui\u00e7\u00e3o generalizada de propriedades, amea\u00e7a n\u00e3o apenas o futuro das na\u00e7\u00f5es individuais, mas tamb\u00e9m a base da paz e da seguran\u00e7a global.<\/p>\n\n\n\n<p>A viol\u00eancia crescente no Oriente M\u00e9dio ocupou o centro do palco na assembleia.<\/p>\n\n\n\n<p>O secret\u00e1rio-geral da ONU, Ant\u00f3nio Guterres, destacou que esse ciclo de viol\u00eancia precisa acabar, exigindo a todas as partes que recuem. Ele afirmou que o povo do L\u00edbano, Israel e a regi\u00e3o em geral n\u00e3o podem se dar ao luxo de uma guerra total. Guterres pediu um novo compromisso com a implementa\u00e7\u00e3o total da Resolu\u00e7\u00e3o 1701 (2006) do Conselho de Seguran\u00e7a e um retorno imediato \u00e0 cessa\u00e7\u00e3o das hostilidades. Ele tamb\u00e9m reiterou a exig\u00eancia de um cessar-fogo em Gaza e a liberta\u00e7\u00e3o de todos os ref\u00e9ns.<\/p>\n\n\n\n<p>O presidente da AGNU, Philemon Yang, ecoou esse sentimento, alertando que as recentes escaladas entre Israel e o Hezbollah podem levar um conflito mais amplo na regi\u00e3o. Ele enfatizou que a paz est\u00e1 por um fio e o mundo deve evitar uma guerra total.<\/p>\n\n\n\n<p>O presidente palestino Mahmoud Abbas recebeu muitas palmas por seu discurso, declarando que \u201ca Palestina \u00e9 nossa p\u00e1tria\u201d e acusando Israel de genoc\u00eddio, exigindo o fim da viol\u00eancia.<\/p>\n\n\n\n<figure class=\"wp-block-image\"><img decoding=\"async\" src=\"https:\/\/portuguese.news.cn\/20241003\/194ce20fc965421f9ad6ce1ac43de849\/20241003194ce20fc965421f9ad6ce1ac43de849_202410037022f9d62fa84f7788a12af01cd61649.jpeg\" alt=\"\"\/><figcaption>O presidente palestino Mahmoud Abbas faz discurso no Debate Geral da 79\u00aa sess\u00e3o da Assembleia Geral das Na\u00e7\u00f5es Unidas (AGNU) na sede da ONU em Nova York, no dia 26 de setembro de 2024. (Xinhua\/Li Rui)<\/figcaption><\/figure>\n\n\n\n<p>Outros l\u00edderes, incluindo o vice-primeiro-ministro do Camboja, Sok Chenda Sophea, destacaram a urg\u00eancia de uma a\u00e7\u00e3o coletiva para enfrentar esses desafios e reafirmaram a import\u00e2ncia da Carta da ONU na manuten\u00e7\u00e3o da coopera\u00e7\u00e3o global. O presidente do Qu\u00eania, William Ruto, destacou a natureza interconectada dos desafios de hoje, alertando sobre o faccionalismo crescente, a convuls\u00e3o social e os perigos de conflitos crescentes.<\/p>\n\n\n\n<p><strong>O DESENVOLVIMENTO<\/strong><\/p>\n\n\n\n<p>Durante a assembleia, os pa\u00edses do Sul Global pediram coletivamente um papel maior no cen\u00e1rio mundial e maiores oportunidades de desenvolvimento.<\/p>\n\n\n\n<p>O presidente de Gana, Nana Akufo-Addo, enfatizou o potencial da \u00c1frica, rejeitando esmolas e exigindo oportunidades em um novo sistema global para garantir acesso \u00e0 educa\u00e7\u00e3o, sa\u00fade e empregos. Ele destacou que as na\u00e7\u00f5es africanas devem assumir a responsabilidade pela sua pr\u00f3pria seguran\u00e7a.<\/p>\n\n\n\n<p>O presidente da Lib\u00e9ria, Joseph Boakai, enfatizou que a gan\u00e2ncia, a insensibilidade aos pobres, a epidemia de drogas, a lavagem de dinheiro, as mudan\u00e7as clim\u00e1ticas e as m\u00eddias sociais impediram uma reavalia\u00e7\u00e3o de nossa abordagem \u00e0 paz e seguran\u00e7a global. Ele pediu uma a\u00e7\u00e3o coletiva para preservar o planeta para as pr\u00f3ximas gera\u00e7\u00f5es e enfatizou que os conflitos amea\u00e7am a estabilidade global, destacando a necessidade de colabora\u00e7\u00e3o para a paz. Boakai tamb\u00e9m expressou preocupa\u00e7\u00e3o com os crescentes desafios de seguran\u00e7a na \u00c1frica Ocidental, incluindo terrorismo e instabilidade pol\u00edtica.<\/p>\n\n\n\n<p>O presidente brasileiro Luiz In\u00e1cio Lula da Silva, cujo pa\u00eds det\u00e9m a presid\u00eancia do G20 em 2024, pediu ao grupo para abordar as crises das mudan\u00e7as clim\u00e1ticas, combater a fome e reformar as institui\u00e7\u00f5es multilaterais. Ele destacou prioridades como inclus\u00e3o social para enfrentar a fome e a desigualdade, responsabiliza\u00e7\u00e3o pelas mudan\u00e7as clim\u00e1ticas em todos os setores e reforma da governan\u00e7a global para colocar a ONU no centro da tomada de decis\u00f5es internacionais e reformar as institui\u00e7\u00f5es multilaterais. Ele destacou prioridades como inclus\u00e3o social para enfrentar a fome e a desigualdade, responsabiliza\u00e7\u00e3o pelas mudan\u00e7as clim\u00e1ticas em todos os setores e reforma da governan\u00e7a global para colocar a ONU no centro da tomada de decis\u00f5es internacionais.<\/p>\n\n\n\n<p>O ministro das Rela\u00e7\u00f5es Exteriores da China, Wang Yi, enfatizou que todos os pa\u00edses gozam de igualdade soberana, observando que, \u00e0 medida que muitas na\u00e7\u00f5es do Sul Global crescem, uma era de algumas pot\u00eancias dominando acabou. Ele pediu um mundo igualit\u00e1rio e multipolar, onde cada pa\u00eds tem um papel, defendendo o multilateralismo genu\u00edno e as rela\u00e7\u00f5es internacionais mais democr\u00e1ticas. Wang pediu amplas contribui\u00e7\u00f5es e conjuntas para tornar a governan\u00e7a global mais justa e equitativa.<\/p>\n\n\n\n<p>Wang reafirmou o apoio da China \u00e0 reforma da ONU em dire\u00e7\u00e3o a uma \u201cONU 2.0\u201d modernizada, enfatizando a necessidade de um sistema financeiro internacional mais adequado e governan\u00e7a global equilibrada. Ele tamb\u00e9m prometeu o comprometimento da China em cumprir as obriga\u00e7\u00f5es internacionais e aumentar a representa\u00e7\u00e3o dos pa\u00edses do Sul Global na ONU.<\/p>\n\n\n\n<p><strong>O FUTURO<\/strong><\/p>\n\n\n\n<p>O desenvolvimento da intelig\u00eancia artificial e o enfrentamento de amea\u00e7as como resist\u00eancia nuclear e antimicrobiana foram t\u00f3picos importantes durante a Assembleia Geral da ONU.<\/p>\n\n\n\n<p>O presidente dos EUA, Joe Biden, enfatizou a necessidade de uma ONU mais forte, eficaz e inclusiva e pediu reformas no Conselho de Seguran\u00e7a para promover melhor a paz.<\/p>\n\n\n\n<p>A C\u00fapula do Futuro da ONU, realizada como parte da Assembleia Geral, desenvolveu um Pacto do Futuro de 42 p\u00e1ginas. Esse pacto visa enfrentar os crescentes riscos globais e estabelecer as bases para uma ordem global sustent\u00e1vel, justa e importadora. Inclui o Pacto Digital Global e a Declara\u00e7\u00e3o sobre Gera\u00e7\u00f5es Futuras, abrangendo \u00e1reas como mudan\u00e7as clim\u00e1ticas, paz, seguran\u00e7a e coopera\u00e7\u00e3o digital.<\/p>\n\n\n\n<figure class=\"wp-block-image\"><img decoding=\"async\" src=\"https:\/\/portuguese.news.cn\/20241003\/194ce20fc965421f9ad6ce1ac43de849\/20241003194ce20fc965421f9ad6ce1ac43de849_202410039aaf91759f8f4f95a2f4e775b815a038.jpeg\" alt=\"\"\/><figcaption>Secret\u00e1rio-Geral da ONU, Ant\u00f3nio Guterres (frente), discursa na C\u00fapula do Futuro na sede da ONU em Nova York, no dia 22 de setembro de 2024. (Xinhua\/Li Rui)<\/figcaption><\/figure>\n\n\n\n<p>Guterres chamou esses acordos de um passo em dire\u00e7\u00e3o a um multilateralismo mais eficaz, inclusivo e em rede, priorizando o di\u00e1logo e a negocia\u00e7\u00e3o para acabar com os conflitos e reformar o Conselho de Seguran\u00e7a. A Rede de Solu\u00e7\u00f5es para o Desenvolvimento Sustent\u00e1vel (SDSN) da ONU destacou a necessidade de a\u00e7\u00e3o coletiva, observando que nenhuma na\u00e7\u00e3o pode enfrentar crises globais como mudan\u00e7as clim\u00e1ticas ou riscos tecnol\u00f3gicos sozinha.<\/p>\n\n\n\n<p>\u201cDiante de uma transforma\u00e7\u00e3o nunca vista em um s\u00e9culo, \u00e9 altamente relevante que nos reunimos na C\u00fapula do Futuro e, juntos, adotemos o Pacto para o Futuro para galvanizar nossos esfor\u00e7os coletivos pela paz e desenvolvimento mundial\u201d, disse Wang, tamb\u00e9m representante especial do O presidente chin\u00eas Xi Jinping, na c\u00fapula na segunda-feira.<\/p>\n","protected":false},"excerpt":{"rendered":"<p>Nova York &#8211; A 79\u00aa sess\u00e3o da Assembleia Geral das Na\u00e7\u00f5es Unidas (AGNU) foi conclu\u00edda na segunda-feira, com foco na atualiza\u00e7\u00e3o de institui\u00e7\u00f5es para abordar desafios globais como conflitos regionais, mudan\u00e7as clim\u00e1ticas e IA. A assembleia, intitulada \u201cN\u00e3o deixe ningu\u00e9m&#8230;<\/p>\n","protected":false},"author":3,"featured_media":23056,"comment_status":"open","ping_status":"open","sticky":false,"template":"","format":"standard","meta":{"footnotes":""},"categories":[4],"tags":[],"class_list":["post-23055","post","type-post","status-publish","format-standard","has-post-thumbnail","hentry","category-internacional"],"yoast_head":"<!-- This site is optimized with the Yoast SEO plugin v27.4 - https:\/\/yoast.com\/product\/yoast-seo-wordpress\/ -->\n<title>ONU conclui assembleia anual e refor\u00e7a estabilidade em um mundo incerto - Xinhua - Diario de Pernambuco<\/title>\n<meta name=\"robots\" content=\"index, follow, max-snippet:-1, max-image-preview:large, max-video-preview:-1\" \/>\n<link rel=\"canonical\" href=\"https:\/\/diariodepe.com.br\/xinhua\/2024\/10\/03\/onu-conclui-assembleia-anual-e-reforca-estabilidade-em-um-mundo-incerto\/\" \/>\n<meta property=\"og:locale\" content=\"pt_BR\" \/>\n<meta property=\"og:type\" content=\"article\" \/>\n<meta property=\"og:title\" content=\"ONU conclui assembleia anual e refor\u00e7a estabilidade em um mundo incerto - Xinhua - Diario de Pernambuco\" \/>\n<meta property=\"og:description\" content=\"Nova York &#8211; A 79\u00aa sess\u00e3o da Assembleia Geral das Na\u00e7\u00f5es Unidas (AGNU) foi conclu\u00edda na segunda-feira, com foco na atualiza\u00e7\u00e3o de institui\u00e7\u00f5es para abordar desafios globais como conflitos regionais, mudan\u00e7as clim\u00e1ticas e IA. A assembleia, intitulada \u201cN\u00e3o deixe ningu\u00e9m...\" \/>\n<meta property=\"og:url\" content=\"https:\/\/diariodepe.com.br\/xinhua\/2024\/10\/03\/onu-conclui-assembleia-anual-e-reforca-estabilidade-em-um-mundo-incerto\/\" \/>\n<meta property=\"og:site_name\" content=\"Xinhua - Diario de Pernambuco\" \/>\n<meta property=\"article:published_time\" content=\"2024-10-03T11:01:00+00:00\" \/>\n<meta property=\"og:image\" content=\"https:\/\/diariodepe.com.br\/xinhua\/wp-content\/uploads\/sites\/3\/2024\/10\/ONU.jpeg\" \/>\n\t<meta property=\"og:image:width\" content=\"900\" \/>\n\t<meta property=\"og:image:height\" content=\"600\" \/>\n\t<meta property=\"og:image:type\" content=\"image\/jpeg\" \/>\n<meta name=\"author\" content=\"Marcelo Oliveira de A. Maranhao\" \/>\n<meta name=\"twitter:card\" content=\"summary_large_image\" \/>\n<meta name=\"twitter:label1\" content=\"Escrito por\" \/>\n\t<meta name=\"twitter:data1\" content=\"Marcelo Oliveira de A. Maranhao\" \/>\n\t<meta name=\"twitter:label2\" content=\"Est. tempo de leitura\" \/>\n\t<meta name=\"twitter:data2\" content=\"7 minutos\" \/>\n<script type=\"application\/ld+json\" class=\"yoast-schema-graph\">{\"@context\":\"https:\\\/\\\/schema.org\",\"@graph\":[{\"@type\":\"Article\",\"@id\":\"https:\\\/\\\/diariodepe.com.br\\\/xinhua\\\/2024\\\/10\\\/03\\\/onu-conclui-assembleia-anual-e-reforca-estabilidade-em-um-mundo-incerto\\\/#article\",\"isPartOf\":{\"@id\":\"https:\\\/\\\/diariodepe.com.br\\\/xinhua\\\/2024\\\/10\\\/03\\\/onu-conclui-assembleia-anual-e-reforca-estabilidade-em-um-mundo-incerto\\\/\"},\"author\":{\"name\":\"Marcelo Oliveira de A. Maranhao\",\"@id\":\"https:\\\/\\\/diariodepe.com.br\\\/xinhua\\\/#\\\/schema\\\/person\\\/0943d6fd02bdc7b49c8f495e8787a2cb\"},\"headline\":\"ONU conclui assembleia anual e refor\u00e7a estabilidade em um mundo incerto\",\"datePublished\":\"2024-10-03T11:01:00+00:00\",\"mainEntityOfPage\":{\"@id\":\"https:\\\/\\\/diariodepe.com.br\\\/xinhua\\\/2024\\\/10\\\/03\\\/onu-conclui-assembleia-anual-e-reforca-estabilidade-em-um-mundo-incerto\\\/\"},\"wordCount\":1272,\"commentCount\":0,\"publisher\":{\"@id\":\"https:\\\/\\\/diariodepe.com.br\\\/xinhua\\\/#organization\"},\"image\":{\"@id\":\"https:\\\/\\\/diariodepe.com.br\\\/xinhua\\\/2024\\\/10\\\/03\\\/onu-conclui-assembleia-anual-e-reforca-estabilidade-em-um-mundo-incerto\\\/#primaryimage\"},\"thumbnailUrl\":\"https:\\\/\\\/diariodepe.com.br\\\/xinhua\\\/wp-content\\\/uploads\\\/sites\\\/3\\\/2024\\\/10\\\/ONU.jpeg\",\"articleSection\":[\"Internacional\"],\"inLanguage\":\"pt-BR\",\"potentialAction\":[{\"@type\":\"CommentAction\",\"name\":\"Comment\",\"target\":[\"https:\\\/\\\/diariodepe.com.br\\\/xinhua\\\/2024\\\/10\\\/03\\\/onu-conclui-assembleia-anual-e-reforca-estabilidade-em-um-mundo-incerto\\\/#respond\"]}]},{\"@type\":\"WebPage\",\"@id\":\"https:\\\/\\\/diariodepe.com.br\\\/xinhua\\\/2024\\\/10\\\/03\\\/onu-conclui-assembleia-anual-e-reforca-estabilidade-em-um-mundo-incerto\\\/\",\"url\":\"https:\\\/\\\/diariodepe.com.br\\\/xinhua\\\/2024\\\/10\\\/03\\\/onu-conclui-assembleia-anual-e-reforca-estabilidade-em-um-mundo-incerto\\\/\",\"name\":\"ONU conclui assembleia anual e refor\u00e7a estabilidade em um mundo incerto - Xinhua - Diario de Pernambuco\",\"isPartOf\":{\"@id\":\"https:\\\/\\\/diariodepe.com.br\\\/xinhua\\\/#website\"},\"primaryImageOfPage\":{\"@id\":\"https:\\\/\\\/diariodepe.com.br\\\/xinhua\\\/2024\\\/10\\\/03\\\/onu-conclui-assembleia-anual-e-reforca-estabilidade-em-um-mundo-incerto\\\/#primaryimage\"},\"image\":{\"@id\":\"https:\\\/\\\/diariodepe.com.br\\\/xinhua\\\/2024\\\/10\\\/03\\\/onu-conclui-assembleia-anual-e-reforca-estabilidade-em-um-mundo-incerto\\\/#primaryimage\"},\"thumbnailUrl\":\"https:\\\/\\\/diariodepe.com.br\\\/xinhua\\\/wp-content\\\/uploads\\\/sites\\\/3\\\/2024\\\/10\\\/ONU.jpeg\",\"datePublished\":\"2024-10-03T11:01:00+00:00\",\"breadcrumb\":{\"@id\":\"https:\\\/\\\/diariodepe.com.br\\\/xinhua\\\/2024\\\/10\\\/03\\\/onu-conclui-assembleia-anual-e-reforca-estabilidade-em-um-mundo-incerto\\\/#breadcrumb\"},\"inLanguage\":\"pt-BR\",\"potentialAction\":[{\"@type\":\"ReadAction\",\"target\":[\"https:\\\/\\\/diariodepe.com.br\\\/xinhua\\\/2024\\\/10\\\/03\\\/onu-conclui-assembleia-anual-e-reforca-estabilidade-em-um-mundo-incerto\\\/\"]}]},{\"@type\":\"ImageObject\",\"inLanguage\":\"pt-BR\",\"@id\":\"https:\\\/\\\/diariodepe.com.br\\\/xinhua\\\/2024\\\/10\\\/03\\\/onu-conclui-assembleia-anual-e-reforca-estabilidade-em-um-mundo-incerto\\\/#primaryimage\",\"url\":\"https:\\\/\\\/diariodepe.com.br\\\/xinhua\\\/wp-content\\\/uploads\\\/sites\\\/3\\\/2024\\\/10\\\/ONU.jpeg\",\"contentUrl\":\"https:\\\/\\\/diariodepe.com.br\\\/xinhua\\\/wp-content\\\/uploads\\\/sites\\\/3\\\/2024\\\/10\\\/ONU.jpeg\",\"width\":900,\"height\":600,\"caption\":\"(240930) -- UNITED NATIONS, Sept. 30, 2024 (Xinhua) -- UNGA President Philemon Yang (C and on the screens) delivers concluding remarks during the General Debate of the 79th session of the United Nations General Assembly (UNGA) at the UN headquarters in New York, on Sept. 30, 2024. The General Debate of the 79th session of the United Nations General Assembly (UNGA) concluded on Monday, with UNGA President Philemon Yang calling on Israel, Hamas and Hezbollah to urgently conclude a ceasefire. (Xinhua\\\/Li Rui)\"},{\"@type\":\"BreadcrumbList\",\"@id\":\"https:\\\/\\\/diariodepe.com.br\\\/xinhua\\\/2024\\\/10\\\/03\\\/onu-conclui-assembleia-anual-e-reforca-estabilidade-em-um-mundo-incerto\\\/#breadcrumb\",\"itemListElement\":[{\"@type\":\"ListItem\",\"position\":1,\"name\":\"In\u00edcio\",\"item\":\"https:\\\/\\\/diariodepe.com.br\\\/xinhua\\\/\"},{\"@type\":\"ListItem\",\"position\":2,\"name\":\"ONU conclui assembleia anual e refor\u00e7a estabilidade em um mundo incerto\"}]},{\"@type\":\"WebSite\",\"@id\":\"https:\\\/\\\/diariodepe.com.br\\\/xinhua\\\/#website\",\"url\":\"https:\\\/\\\/diariodepe.com.br\\\/xinhua\\\/\",\"name\":\"Xinhua - Diario de Pernambuco\",\"description\":\"A maior ag\u00eancia de not\u00edcias da China e um dos principais canais para conhecer o pa\u00eds\",\"publisher\":{\"@id\":\"https:\\\/\\\/diariodepe.com.br\\\/xinhua\\\/#organization\"},\"potentialAction\":[{\"@type\":\"SearchAction\",\"target\":{\"@type\":\"EntryPoint\",\"urlTemplate\":\"https:\\\/\\\/diariodepe.com.br\\\/xinhua\\\/?s={search_term_string}\"},\"query-input\":{\"@type\":\"PropertyValueSpecification\",\"valueRequired\":true,\"valueName\":\"search_term_string\"}}],\"inLanguage\":\"pt-BR\"},{\"@type\":\"Organization\",\"@id\":\"https:\\\/\\\/diariodepe.com.br\\\/xinhua\\\/#organization\",\"name\":\"Xinhua - Diario de Pernambuco\",\"url\":\"https:\\\/\\\/diariodepe.com.br\\\/xinhua\\\/\",\"logo\":{\"@type\":\"ImageObject\",\"inLanguage\":\"pt-BR\",\"@id\":\"https:\\\/\\\/diariodepe.com.br\\\/xinhua\\\/#\\\/schema\\\/logo\\\/image\\\/\",\"url\":\"https:\\\/\\\/diariodepe.com.br\\\/xinhua\\\/wp-content\\\/uploads\\\/sites\\\/3\\\/2020\\\/10\\\/cropped-logo-transparente-2.png\",\"contentUrl\":\"https:\\\/\\\/diariodepe.com.br\\\/xinhua\\\/wp-content\\\/uploads\\\/sites\\\/3\\\/2020\\\/10\\\/cropped-logo-transparente-2.png\",\"width\":512,\"height\":164,\"caption\":\"Xinhua - Diario de Pernambuco\"},\"image\":{\"@id\":\"https:\\\/\\\/diariodepe.com.br\\\/xinhua\\\/#\\\/schema\\\/logo\\\/image\\\/\"}},{\"@type\":\"Person\",\"@id\":\"https:\\\/\\\/diariodepe.com.br\\\/xinhua\\\/#\\\/schema\\\/person\\\/0943d6fd02bdc7b49c8f495e8787a2cb\",\"name\":\"Marcelo Oliveira de A. Maranhao\",\"image\":{\"@type\":\"ImageObject\",\"inLanguage\":\"pt-BR\",\"@id\":\"https:\\\/\\\/secure.gravatar.com\\\/avatar\\\/f562caee940d39879c20e90eea3e4b21860c7d4c96684c23141c554824f0059c?s=96&d=mm&r=g\",\"url\":\"https:\\\/\\\/secure.gravatar.com\\\/avatar\\\/f562caee940d39879c20e90eea3e4b21860c7d4c96684c23141c554824f0059c?s=96&d=mm&r=g\",\"contentUrl\":\"https:\\\/\\\/secure.gravatar.com\\\/avatar\\\/f562caee940d39879c20e90eea3e4b21860c7d4c96684c23141c554824f0059c?s=96&d=mm&r=g\",\"caption\":\"Marcelo Oliveira de A. Maranhao\"},\"url\":\"https:\\\/\\\/diariodepe.com.br\\\/xinhua\\\/author\\\/marcelo-maranhao\\\/\"}]}<\/script>\n<!-- \/ Yoast SEO plugin. -->","yoast_head_json":{"title":"ONU conclui assembleia anual e refor\u00e7a estabilidade em um mundo incerto - Xinhua - Diario de Pernambuco","robots":{"index":"index","follow":"follow","max-snippet":"max-snippet:-1","max-image-preview":"max-image-preview:large","max-video-preview":"max-video-preview:-1"},"canonical":"https:\/\/diariodepe.com.br\/xinhua\/2024\/10\/03\/onu-conclui-assembleia-anual-e-reforca-estabilidade-em-um-mundo-incerto\/","og_locale":"pt_BR","og_type":"article","og_title":"ONU conclui assembleia anual e refor\u00e7a estabilidade em um mundo incerto - Xinhua - Diario de Pernambuco","og_description":"Nova York &#8211; A 79\u00aa sess\u00e3o da Assembleia Geral das Na\u00e7\u00f5es Unidas (AGNU) foi conclu\u00edda na segunda-feira, com foco na atualiza\u00e7\u00e3o de institui\u00e7\u00f5es para abordar desafios globais como conflitos regionais, mudan\u00e7as clim\u00e1ticas e IA. A assembleia, intitulada \u201cN\u00e3o deixe ningu\u00e9m...","og_url":"https:\/\/diariodepe.com.br\/xinhua\/2024\/10\/03\/onu-conclui-assembleia-anual-e-reforca-estabilidade-em-um-mundo-incerto\/","og_site_name":"Xinhua - Diario de Pernambuco","article_published_time":"2024-10-03T11:01:00+00:00","og_image":[{"width":900,"height":600,"url":"https:\/\/diariodepe.com.br\/xinhua\/wp-content\/uploads\/sites\/3\/2024\/10\/ONU.jpeg","type":"image\/jpeg"}],"author":"Marcelo Oliveira de A. Maranhao","twitter_card":"summary_large_image","twitter_misc":{"Escrito por":"Marcelo Oliveira de A. Maranhao","Est. tempo de leitura":"7 minutos"},"schema":{"@context":"https:\/\/schema.org","@graph":[{"@type":"Article","@id":"https:\/\/diariodepe.com.br\/xinhua\/2024\/10\/03\/onu-conclui-assembleia-anual-e-reforca-estabilidade-em-um-mundo-incerto\/#article","isPartOf":{"@id":"https:\/\/diariodepe.com.br\/xinhua\/2024\/10\/03\/onu-conclui-assembleia-anual-e-reforca-estabilidade-em-um-mundo-incerto\/"},"author":{"name":"Marcelo Oliveira de A. Maranhao","@id":"https:\/\/diariodepe.com.br\/xinhua\/#\/schema\/person\/0943d6fd02bdc7b49c8f495e8787a2cb"},"headline":"ONU conclui assembleia anual e refor\u00e7a estabilidade em um mundo incerto","datePublished":"2024-10-03T11:01:00+00:00","mainEntityOfPage":{"@id":"https:\/\/diariodepe.com.br\/xinhua\/2024\/10\/03\/onu-conclui-assembleia-anual-e-reforca-estabilidade-em-um-mundo-incerto\/"},"wordCount":1272,"commentCount":0,"publisher":{"@id":"https:\/\/diariodepe.com.br\/xinhua\/#organization"},"image":{"@id":"https:\/\/diariodepe.com.br\/xinhua\/2024\/10\/03\/onu-conclui-assembleia-anual-e-reforca-estabilidade-em-um-mundo-incerto\/#primaryimage"},"thumbnailUrl":"https:\/\/diariodepe.com.br\/xinhua\/wp-content\/uploads\/sites\/3\/2024\/10\/ONU.jpeg","articleSection":["Internacional"],"inLanguage":"pt-BR","potentialAction":[{"@type":"CommentAction","name":"Comment","target":["https:\/\/diariodepe.com.br\/xinhua\/2024\/10\/03\/onu-conclui-assembleia-anual-e-reforca-estabilidade-em-um-mundo-incerto\/#respond"]}]},{"@type":"WebPage","@id":"https:\/\/diariodepe.com.br\/xinhua\/2024\/10\/03\/onu-conclui-assembleia-anual-e-reforca-estabilidade-em-um-mundo-incerto\/","url":"https:\/\/diariodepe.com.br\/xinhua\/2024\/10\/03\/onu-conclui-assembleia-anual-e-reforca-estabilidade-em-um-mundo-incerto\/","name":"ONU conclui assembleia anual e refor\u00e7a estabilidade em um mundo incerto - Xinhua - Diario de Pernambuco","isPartOf":{"@id":"https:\/\/diariodepe.com.br\/xinhua\/#website"},"primaryImageOfPage":{"@id":"https:\/\/diariodepe.com.br\/xinhua\/2024\/10\/03\/onu-conclui-assembleia-anual-e-reforca-estabilidade-em-um-mundo-incerto\/#primaryimage"},"image":{"@id":"https:\/\/diariodepe.com.br\/xinhua\/2024\/10\/03\/onu-conclui-assembleia-anual-e-reforca-estabilidade-em-um-mundo-incerto\/#primaryimage"},"thumbnailUrl":"https:\/\/diariodepe.com.br\/xinhua\/wp-content\/uploads\/sites\/3\/2024\/10\/ONU.jpeg","datePublished":"2024-10-03T11:01:00+00:00","breadcrumb":{"@id":"https:\/\/diariodepe.com.br\/xinhua\/2024\/10\/03\/onu-conclui-assembleia-anual-e-reforca-estabilidade-em-um-mundo-incerto\/#breadcrumb"},"inLanguage":"pt-BR","potentialAction":[{"@type":"ReadAction","target":["https:\/\/diariodepe.com.br\/xinhua\/2024\/10\/03\/onu-conclui-assembleia-anual-e-reforca-estabilidade-em-um-mundo-incerto\/"]}]},{"@type":"ImageObject","inLanguage":"pt-BR","@id":"https:\/\/diariodepe.com.br\/xinhua\/2024\/10\/03\/onu-conclui-assembleia-anual-e-reforca-estabilidade-em-um-mundo-incerto\/#primaryimage","url":"https:\/\/diariodepe.com.br\/xinhua\/wp-content\/uploads\/sites\/3\/2024\/10\/ONU.jpeg","contentUrl":"https:\/\/diariodepe.com.br\/xinhua\/wp-content\/uploads\/sites\/3\/2024\/10\/ONU.jpeg","width":900,"height":600,"caption":"(240930) -- UNITED NATIONS, Sept. 30, 2024 (Xinhua) -- UNGA President Philemon Yang (C and on the screens) delivers concluding remarks during the General Debate of the 79th session of the United Nations General Assembly (UNGA) at the UN headquarters in New York, on Sept. 30, 2024. The General Debate of the 79th session of the United Nations General Assembly (UNGA) concluded on Monday, with UNGA President Philemon Yang calling on Israel, Hamas and Hezbollah to urgently conclude a ceasefire. (Xinhua\/Li Rui)"},{"@type":"BreadcrumbList","@id":"https:\/\/diariodepe.com.br\/xinhua\/2024\/10\/03\/onu-conclui-assembleia-anual-e-reforca-estabilidade-em-um-mundo-incerto\/#breadcrumb","itemListElement":[{"@type":"ListItem","position":1,"name":"In\u00edcio","item":"https:\/\/diariodepe.com.br\/xinhua\/"},{"@type":"ListItem","position":2,"name":"ONU conclui assembleia anual e refor\u00e7a estabilidade em um mundo incerto"}]},{"@type":"WebSite","@id":"https:\/\/diariodepe.com.br\/xinhua\/#website","url":"https:\/\/diariodepe.com.br\/xinhua\/","name":"Xinhua - Diario de Pernambuco","description":"A maior ag\u00eancia de not\u00edcias da China e um dos principais canais para conhecer o pa\u00eds","publisher":{"@id":"https:\/\/diariodepe.com.br\/xinhua\/#organization"},"potentialAction":[{"@type":"SearchAction","target":{"@type":"EntryPoint","urlTemplate":"https:\/\/diariodepe.com.br\/xinhua\/?s={search_term_string}"},"query-input":{"@type":"PropertyValueSpecification","valueRequired":true,"valueName":"search_term_string"}}],"inLanguage":"pt-BR"},{"@type":"Organization","@id":"https:\/\/diariodepe.com.br\/xinhua\/#organization","name":"Xinhua - Diario de Pernambuco","url":"https:\/\/diariodepe.com.br\/xinhua\/","logo":{"@type":"ImageObject","inLanguage":"pt-BR","@id":"https:\/\/diariodepe.com.br\/xinhua\/#\/schema\/logo\/image\/","url":"https:\/\/diariodepe.com.br\/xinhua\/wp-content\/uploads\/sites\/3\/2020\/10\/cropped-logo-transparente-2.png","contentUrl":"https:\/\/diariodepe.com.br\/xinhua\/wp-content\/uploads\/sites\/3\/2020\/10\/cropped-logo-transparente-2.png","width":512,"height":164,"caption":"Xinhua - Diario de Pernambuco"},"image":{"@id":"https:\/\/diariodepe.com.br\/xinhua\/#\/schema\/logo\/image\/"}},{"@type":"Person","@id":"https:\/\/diariodepe.com.br\/xinhua\/#\/schema\/person\/0943d6fd02bdc7b49c8f495e8787a2cb","name":"Marcelo Oliveira de A. Maranhao","image":{"@type":"ImageObject","inLanguage":"pt-BR","@id":"https:\/\/secure.gravatar.com\/avatar\/f562caee940d39879c20e90eea3e4b21860c7d4c96684c23141c554824f0059c?s=96&d=mm&r=g","url":"https:\/\/secure.gravatar.com\/avatar\/f562caee940d39879c20e90eea3e4b21860c7d4c96684c23141c554824f0059c?s=96&d=mm&r=g","contentUrl":"https:\/\/secure.gravatar.com\/avatar\/f562caee940d39879c20e90eea3e4b21860c7d4c96684c23141c554824f0059c?s=96&d=mm&r=g","caption":"Marcelo Oliveira de A. Maranhao"},"url":"https:\/\/diariodepe.com.br\/xinhua\/author\/marcelo-maranhao\/"}]}},"cc_featured_image_caption":{"caption_text":"","source_text":"","source_url":""},"amp_enabled":true,"_links":{"self":[{"href":"https:\/\/diariodepe.com.br\/xinhua\/wp-json\/wp\/v2\/posts\/23055","targetHints":{"allow":["GET"]}}],"collection":[{"href":"https:\/\/diariodepe.com.br\/xinhua\/wp-json\/wp\/v2\/posts"}],"about":[{"href":"https:\/\/diariodepe.com.br\/xinhua\/wp-json\/wp\/v2\/types\/post"}],"author":[{"embeddable":true,"href":"https:\/\/diariodepe.com.br\/xinhua\/wp-json\/wp\/v2\/users\/3"}],"replies":[{"embeddable":true,"href":"https:\/\/diariodepe.com.br\/xinhua\/wp-json\/wp\/v2\/comments?post=23055"}],"version-history":[{"count":1,"href":"https:\/\/diariodepe.com.br\/xinhua\/wp-json\/wp\/v2\/posts\/23055\/revisions"}],"predecessor-version":[{"id":23057,"href":"https:\/\/diariodepe.com.br\/xinhua\/wp-json\/wp\/v2\/posts\/23055\/revisions\/23057"}],"wp:featuredmedia":[{"embeddable":true,"href":"https:\/\/diariodepe.com.br\/xinhua\/wp-json\/wp\/v2\/media\/23056"}],"wp:attachment":[{"href":"https:\/\/diariodepe.com.br\/xinhua\/wp-json\/wp\/v2\/media?parent=23055"}],"wp:term":[{"taxonomy":"category","embeddable":true,"href":"https:\/\/diariodepe.com.br\/xinhua\/wp-json\/wp\/v2\/categories?post=23055"},{"taxonomy":"post_tag","embeddable":true,"href":"https:\/\/diariodepe.com.br\/xinhua\/wp-json\/wp\/v2\/tags?post=23055"}],"curies":[{"name":"wp","href":"https:\/\/api.w.org\/{rel}","templated":true}]}}