{"id":23045,"date":"2024-10-02T16:02:00","date_gmt":"2024-10-02T19:02:00","guid":{"rendered":"https:\/\/www.diariodepe.com.br\/xinhua\/?p=23045"},"modified":"2024-10-02T10:44:35","modified_gmt":"2024-10-02T13:44:35","slug":"regiao-administrativa-especial-de-macau-celebra-o-dia-nacional-com-diversos-eventos","status":"publish","type":"post","link":"https:\/\/diariodepe.com.br\/xinhua\/2024\/10\/02\/regiao-administrativa-especial-de-macau-celebra-o-dia-nacional-com-diversos-eventos\/","title":{"rendered":"Regi\u00e3o Administrativa Especial de Macau celebra o Dia Nacional com diversos eventos"},"content":{"rendered":"\n<p>Macau &#8211; A Regi\u00e3o Administrativa Especial de Macau (RAEM) da China realizou na ter\u00e7a-feira uma s\u00e9rie de eventos para celebrar o Dia Nacional, incluindo uma cerim\u00f4nia de pressa da bandeira, uma recep\u00e7\u00e3o do governo, a inaugura\u00e7\u00e3o da quarta ponte de travessia mar\u00edtima e um show de fogos de artif\u00edcio.<\/p>\n\n\n\n<p>A cerim\u00f4nia de pressa da bandeira foi realizada no in\u00edcio da manh\u00e3 na Pra\u00e7a do L\u00f3tus Dourado.<\/p>\n\n\n\n<p>Ho Iat Seng, Chefe do Executivo da RAEM, disse que o pa\u00eds sempre considerado Macau como uma &#8220;joia preciosa&#8221; e tem consistentemente prestado o mais forte apoio para que Macau possa manter a sua prosperidade e estabilidade e ter o m\u00e1ximo de oportunidades de desenvolvimento.<\/p>\n\n\n\n<p>Fez declara\u00e7\u00f5es durante uma recep\u00e7\u00e3o no Complexo da Plataforma de Servi\u00e7os para a Coopera\u00e7\u00e3o Comercial entre a China e os Pa\u00edses de L\u00edngua Portuguesa em Macau para comemorar o 75\u00ba anivers\u00e1rio da funda\u00e7\u00e3o da Rep\u00fablica Popular da China.<\/p>\n\n\n\n<p>O Chefe do Executivo comentou que, nos \u00faltimos cinco anos, o governo da RAEM implementou firmemente o princ\u00edpio &#8220;um pa\u00eds, dois sistemas&#8221;, salvaguardando a jurisdi\u00e7\u00e3o geral das autoridades centrais e os interesses de soberania, seguran\u00e7a e desenvolvimento do pa\u00eds.<\/p>\n\n\n\n<p>A quarta ponte mar\u00edtima de Macau, a Ponte de Macau, foi aberta oficialmente ao tr\u00e1fego na ter\u00e7a-feira, ligando a Pen\u00ednsula de Macau \u00e0 Taipa de Macau.<\/p>\n\n\n\n<p>Ho disse na inaugura\u00e7\u00e3o que a ponte ic\u00f3nica ir\u00e1 apoiar ainda mais os esfor\u00e7os da cidade para se tornar um centro mundial de turismo e lazer, ajudando a melhorar continuamente o bem-estar dos residentes de Macau e a promover a diversifica\u00e7\u00e3o econ\u00f3mica adequada da cidade.<\/p>\n\n\n\n<p>A nova ponte, a primeira ponte dividida de oito faixas de Macau, tem aproximadamente 3,1 quil\u00f4metros de comprimento. A se\u00e7\u00e3o de abrang\u00eancia de \u00e1gua tem 2,9 milhas de comprimento e possui duas v\u00e3os de 280 metros a cada sobre os canais de navega\u00e7\u00e3o de navios.<\/p>\n\n\n\n<p>\u00c0 noite, companhias chinesas e italianas realizaram um espet\u00e1culo de fogos de artif\u00edcio no \u00e2mbito do 32\u00ba Concurso Internacional de Fogos de Artif\u00edcio de Macau. De acordo com a Dire\u00e7\u00e3o dos Servi\u00e7os de Turismo do Governo da RAEM, organizadora do concurso, 10 equipes de todo o mundo est\u00e3o programadas para apresentar 10 shows de fogos de artif\u00edcio de 14 de setembro a 6 de outubro.&nbsp;<\/p>\n","protected":false},"excerpt":{"rendered":"<p>Macau &#8211; A Regi\u00e3o Administrativa Especial de Macau (RAEM) da China realizou na ter\u00e7a-feira uma s\u00e9rie de eventos para celebrar o Dia Nacional, incluindo uma cerim\u00f4nia de pressa da bandeira, uma recep\u00e7\u00e3o do governo, a inaugura\u00e7\u00e3o da quarta ponte de&#8230;<\/p>\n","protected":false},"author":3,"featured_media":23046,"comment_status":"open","ping_status":"open","sticky":false,"template":"","format":"standard","meta":{"footnotes":""},"categories":[3],"tags":[],"class_list":["post-23045","post","type-post","status-publish","format-standard","has-post-thumbnail","hentry","category-china"],"yoast_head":"<!-- This site is optimized with the Yoast SEO plugin v27.4 - https:\/\/yoast.com\/product\/yoast-seo-wordpress\/ -->\n<title>Regi\u00e3o Administrativa Especial de Macau celebra o Dia Nacional com diversos eventos - Xinhua - Diario de Pernambuco<\/title>\n<meta name=\"robots\" content=\"index, follow, max-snippet:-1, max-image-preview:large, max-video-preview:-1\" \/>\n<link rel=\"canonical\" href=\"https:\/\/diariodepe.com.br\/xinhua\/2024\/10\/02\/regiao-administrativa-especial-de-macau-celebra-o-dia-nacional-com-diversos-eventos\/\" \/>\n<meta property=\"og:locale\" content=\"pt_BR\" \/>\n<meta property=\"og:type\" content=\"article\" \/>\n<meta property=\"og:title\" content=\"Regi\u00e3o Administrativa Especial de Macau celebra o Dia Nacional com diversos eventos - Xinhua - Diario de Pernambuco\" \/>\n<meta property=\"og:description\" content=\"Macau &#8211; A Regi\u00e3o Administrativa Especial de Macau (RAEM) da China realizou na ter\u00e7a-feira uma s\u00e9rie de eventos para celebrar o Dia Nacional, incluindo uma cerim\u00f4nia de pressa da bandeira, uma recep\u00e7\u00e3o do governo, a inaugura\u00e7\u00e3o da quarta ponte de...\" \/>\n<meta property=\"og:url\" content=\"https:\/\/diariodepe.com.br\/xinhua\/2024\/10\/02\/regiao-administrativa-especial-de-macau-celebra-o-dia-nacional-com-diversos-eventos\/\" \/>\n<meta property=\"og:site_name\" content=\"Xinhua - Diario de Pernambuco\" \/>\n<meta property=\"article:published_time\" content=\"2024-10-02T19:02:00+00:00\" \/>\n<meta property=\"og:image\" content=\"https:\/\/diariodepe.com.br\/xinhua\/wp-content\/uploads\/sites\/3\/2024\/10\/YqO6wbRc9RmjF2bL.png\" \/>\n\t<meta property=\"og:image:width\" content=\"1024\" \/>\n\t<meta property=\"og:image:height\" content=\"683\" \/>\n\t<meta property=\"og:image:type\" content=\"image\/png\" \/>\n<meta name=\"author\" content=\"Marcelo Oliveira de A. Maranhao\" \/>\n<meta name=\"twitter:card\" content=\"summary_large_image\" \/>\n<meta name=\"twitter:label1\" content=\"Escrito por\" \/>\n\t<meta name=\"twitter:data1\" content=\"Marcelo Oliveira de A. Maranhao\" \/>\n\t<meta name=\"twitter:label2\" content=\"Est. tempo de leitura\" \/>\n\t<meta name=\"twitter:data2\" content=\"3 minutos\" \/>\n<script type=\"application\/ld+json\" class=\"yoast-schema-graph\">{\"@context\":\"https:\\\/\\\/schema.org\",\"@graph\":[{\"@type\":\"Article\",\"@id\":\"https:\\\/\\\/diariodepe.com.br\\\/xinhua\\\/2024\\\/10\\\/02\\\/regiao-administrativa-especial-de-macau-celebra-o-dia-nacional-com-diversos-eventos\\\/#article\",\"isPartOf\":{\"@id\":\"https:\\\/\\\/diariodepe.com.br\\\/xinhua\\\/2024\\\/10\\\/02\\\/regiao-administrativa-especial-de-macau-celebra-o-dia-nacional-com-diversos-eventos\\\/\"},\"author\":{\"name\":\"Marcelo Oliveira de A. Maranhao\",\"@id\":\"https:\\\/\\\/diariodepe.com.br\\\/xinhua\\\/#\\\/schema\\\/person\\\/0943d6fd02bdc7b49c8f495e8787a2cb\"},\"headline\":\"Regi\u00e3o Administrativa Especial de Macau celebra o Dia Nacional com diversos eventos\",\"datePublished\":\"2024-10-02T19:02:00+00:00\",\"mainEntityOfPage\":{\"@id\":\"https:\\\/\\\/diariodepe.com.br\\\/xinhua\\\/2024\\\/10\\\/02\\\/regiao-administrativa-especial-de-macau-celebra-o-dia-nacional-com-diversos-eventos\\\/\"},\"wordCount\":421,\"commentCount\":0,\"publisher\":{\"@id\":\"https:\\\/\\\/diariodepe.com.br\\\/xinhua\\\/#organization\"},\"image\":{\"@id\":\"https:\\\/\\\/diariodepe.com.br\\\/xinhua\\\/2024\\\/10\\\/02\\\/regiao-administrativa-especial-de-macau-celebra-o-dia-nacional-com-diversos-eventos\\\/#primaryimage\"},\"thumbnailUrl\":\"https:\\\/\\\/diariodepe.com.br\\\/xinhua\\\/wp-content\\\/uploads\\\/sites\\\/3\\\/2024\\\/10\\\/YqO6wbRc9RmjF2bL.png\",\"articleSection\":[\"China\"],\"inLanguage\":\"pt-BR\",\"potentialAction\":[{\"@type\":\"CommentAction\",\"name\":\"Comment\",\"target\":[\"https:\\\/\\\/diariodepe.com.br\\\/xinhua\\\/2024\\\/10\\\/02\\\/regiao-administrativa-especial-de-macau-celebra-o-dia-nacional-com-diversos-eventos\\\/#respond\"]}]},{\"@type\":\"WebPage\",\"@id\":\"https:\\\/\\\/diariodepe.com.br\\\/xinhua\\\/2024\\\/10\\\/02\\\/regiao-administrativa-especial-de-macau-celebra-o-dia-nacional-com-diversos-eventos\\\/\",\"url\":\"https:\\\/\\\/diariodepe.com.br\\\/xinhua\\\/2024\\\/10\\\/02\\\/regiao-administrativa-especial-de-macau-celebra-o-dia-nacional-com-diversos-eventos\\\/\",\"name\":\"Regi\u00e3o Administrativa Especial de Macau celebra o Dia Nacional com diversos eventos - Xinhua - Diario de Pernambuco\",\"isPartOf\":{\"@id\":\"https:\\\/\\\/diariodepe.com.br\\\/xinhua\\\/#website\"},\"primaryImageOfPage\":{\"@id\":\"https:\\\/\\\/diariodepe.com.br\\\/xinhua\\\/2024\\\/10\\\/02\\\/regiao-administrativa-especial-de-macau-celebra-o-dia-nacional-com-diversos-eventos\\\/#primaryimage\"},\"image\":{\"@id\":\"https:\\\/\\\/diariodepe.com.br\\\/xinhua\\\/2024\\\/10\\\/02\\\/regiao-administrativa-especial-de-macau-celebra-o-dia-nacional-com-diversos-eventos\\\/#primaryimage\"},\"thumbnailUrl\":\"https:\\\/\\\/diariodepe.com.br\\\/xinhua\\\/wp-content\\\/uploads\\\/sites\\\/3\\\/2024\\\/10\\\/YqO6wbRc9RmjF2bL.png\",\"datePublished\":\"2024-10-02T19:02:00+00:00\",\"breadcrumb\":{\"@id\":\"https:\\\/\\\/diariodepe.com.br\\\/xinhua\\\/2024\\\/10\\\/02\\\/regiao-administrativa-especial-de-macau-celebra-o-dia-nacional-com-diversos-eventos\\\/#breadcrumb\"},\"inLanguage\":\"pt-BR\",\"potentialAction\":[{\"@type\":\"ReadAction\",\"target\":[\"https:\\\/\\\/diariodepe.com.br\\\/xinhua\\\/2024\\\/10\\\/02\\\/regiao-administrativa-especial-de-macau-celebra-o-dia-nacional-com-diversos-eventos\\\/\"]}]},{\"@type\":\"ImageObject\",\"inLanguage\":\"pt-BR\",\"@id\":\"https:\\\/\\\/diariodepe.com.br\\\/xinhua\\\/2024\\\/10\\\/02\\\/regiao-administrativa-especial-de-macau-celebra-o-dia-nacional-com-diversos-eventos\\\/#primaryimage\",\"url\":\"https:\\\/\\\/diariodepe.com.br\\\/xinhua\\\/wp-content\\\/uploads\\\/sites\\\/3\\\/2024\\\/10\\\/YqO6wbRc9RmjF2bL.png\",\"contentUrl\":\"https:\\\/\\\/diariodepe.com.br\\\/xinhua\\\/wp-content\\\/uploads\\\/sites\\\/3\\\/2024\\\/10\\\/YqO6wbRc9RmjF2bL.png\",\"width\":1024,\"height\":683},{\"@type\":\"BreadcrumbList\",\"@id\":\"https:\\\/\\\/diariodepe.com.br\\\/xinhua\\\/2024\\\/10\\\/02\\\/regiao-administrativa-especial-de-macau-celebra-o-dia-nacional-com-diversos-eventos\\\/#breadcrumb\",\"itemListElement\":[{\"@type\":\"ListItem\",\"position\":1,\"name\":\"In\u00edcio\",\"item\":\"https:\\\/\\\/diariodepe.com.br\\\/xinhua\\\/\"},{\"@type\":\"ListItem\",\"position\":2,\"name\":\"Regi\u00e3o Administrativa Especial de Macau celebra o Dia Nacional com diversos eventos\"}]},{\"@type\":\"WebSite\",\"@id\":\"https:\\\/\\\/diariodepe.com.br\\\/xinhua\\\/#website\",\"url\":\"https:\\\/\\\/diariodepe.com.br\\\/xinhua\\\/\",\"name\":\"Xinhua - Diario de Pernambuco\",\"description\":\"A maior ag\u00eancia de not\u00edcias da China e um dos principais canais para conhecer o pa\u00eds\",\"publisher\":{\"@id\":\"https:\\\/\\\/diariodepe.com.br\\\/xinhua\\\/#organization\"},\"potentialAction\":[{\"@type\":\"SearchAction\",\"target\":{\"@type\":\"EntryPoint\",\"urlTemplate\":\"https:\\\/\\\/diariodepe.com.br\\\/xinhua\\\/?s={search_term_string}\"},\"query-input\":{\"@type\":\"PropertyValueSpecification\",\"valueRequired\":true,\"valueName\":\"search_term_string\"}}],\"inLanguage\":\"pt-BR\"},{\"@type\":\"Organization\",\"@id\":\"https:\\\/\\\/diariodepe.com.br\\\/xinhua\\\/#organization\",\"name\":\"Xinhua - Diario de Pernambuco\",\"url\":\"https:\\\/\\\/diariodepe.com.br\\\/xinhua\\\/\",\"logo\":{\"@type\":\"ImageObject\",\"inLanguage\":\"pt-BR\",\"@id\":\"https:\\\/\\\/diariodepe.com.br\\\/xinhua\\\/#\\\/schema\\\/logo\\\/image\\\/\",\"url\":\"https:\\\/\\\/diariodepe.com.br\\\/xinhua\\\/wp-content\\\/uploads\\\/sites\\\/3\\\/2020\\\/10\\\/cropped-logo-transparente-2.png\",\"contentUrl\":\"https:\\\/\\\/diariodepe.com.br\\\/xinhua\\\/wp-content\\\/uploads\\\/sites\\\/3\\\/2020\\\/10\\\/cropped-logo-transparente-2.png\",\"width\":512,\"height\":164,\"caption\":\"Xinhua - Diario de Pernambuco\"},\"image\":{\"@id\":\"https:\\\/\\\/diariodepe.com.br\\\/xinhua\\\/#\\\/schema\\\/logo\\\/image\\\/\"}},{\"@type\":\"Person\",\"@id\":\"https:\\\/\\\/diariodepe.com.br\\\/xinhua\\\/#\\\/schema\\\/person\\\/0943d6fd02bdc7b49c8f495e8787a2cb\",\"name\":\"Marcelo Oliveira de A. Maranhao\",\"image\":{\"@type\":\"ImageObject\",\"inLanguage\":\"pt-BR\",\"@id\":\"https:\\\/\\\/secure.gravatar.com\\\/avatar\\\/f562caee940d39879c20e90eea3e4b21860c7d4c96684c23141c554824f0059c?s=96&d=mm&r=g\",\"url\":\"https:\\\/\\\/secure.gravatar.com\\\/avatar\\\/f562caee940d39879c20e90eea3e4b21860c7d4c96684c23141c554824f0059c?s=96&d=mm&r=g\",\"contentUrl\":\"https:\\\/\\\/secure.gravatar.com\\\/avatar\\\/f562caee940d39879c20e90eea3e4b21860c7d4c96684c23141c554824f0059c?s=96&d=mm&r=g\",\"caption\":\"Marcelo Oliveira de A. Maranhao\"},\"url\":\"https:\\\/\\\/diariodepe.com.br\\\/xinhua\\\/author\\\/marcelo-maranhao\\\/\"}]}<\/script>\n<!-- \/ Yoast SEO plugin. -->","yoast_head_json":{"title":"Regi\u00e3o Administrativa Especial de Macau celebra o Dia Nacional com diversos eventos - Xinhua - Diario de Pernambuco","robots":{"index":"index","follow":"follow","max-snippet":"max-snippet:-1","max-image-preview":"max-image-preview:large","max-video-preview":"max-video-preview:-1"},"canonical":"https:\/\/diariodepe.com.br\/xinhua\/2024\/10\/02\/regiao-administrativa-especial-de-macau-celebra-o-dia-nacional-com-diversos-eventos\/","og_locale":"pt_BR","og_type":"article","og_title":"Regi\u00e3o Administrativa Especial de Macau celebra o Dia Nacional com diversos eventos - Xinhua - Diario de Pernambuco","og_description":"Macau &#8211; A Regi\u00e3o Administrativa Especial de Macau (RAEM) da China realizou na ter\u00e7a-feira uma s\u00e9rie de eventos para celebrar o Dia Nacional, incluindo uma cerim\u00f4nia de pressa da bandeira, uma recep\u00e7\u00e3o do governo, a inaugura\u00e7\u00e3o da quarta ponte de...","og_url":"https:\/\/diariodepe.com.br\/xinhua\/2024\/10\/02\/regiao-administrativa-especial-de-macau-celebra-o-dia-nacional-com-diversos-eventos\/","og_site_name":"Xinhua - Diario de Pernambuco","article_published_time":"2024-10-02T19:02:00+00:00","og_image":[{"width":1024,"height":683,"url":"https:\/\/diariodepe.com.br\/xinhua\/wp-content\/uploads\/sites\/3\/2024\/10\/YqO6wbRc9RmjF2bL.png","type":"image\/png"}],"author":"Marcelo Oliveira de A. Maranhao","twitter_card":"summary_large_image","twitter_misc":{"Escrito por":"Marcelo Oliveira de A. Maranhao","Est. tempo de leitura":"3 minutos"},"schema":{"@context":"https:\/\/schema.org","@graph":[{"@type":"Article","@id":"https:\/\/diariodepe.com.br\/xinhua\/2024\/10\/02\/regiao-administrativa-especial-de-macau-celebra-o-dia-nacional-com-diversos-eventos\/#article","isPartOf":{"@id":"https:\/\/diariodepe.com.br\/xinhua\/2024\/10\/02\/regiao-administrativa-especial-de-macau-celebra-o-dia-nacional-com-diversos-eventos\/"},"author":{"name":"Marcelo Oliveira de A. Maranhao","@id":"https:\/\/diariodepe.com.br\/xinhua\/#\/schema\/person\/0943d6fd02bdc7b49c8f495e8787a2cb"},"headline":"Regi\u00e3o Administrativa Especial de Macau celebra o Dia Nacional com diversos eventos","datePublished":"2024-10-02T19:02:00+00:00","mainEntityOfPage":{"@id":"https:\/\/diariodepe.com.br\/xinhua\/2024\/10\/02\/regiao-administrativa-especial-de-macau-celebra-o-dia-nacional-com-diversos-eventos\/"},"wordCount":421,"commentCount":0,"publisher":{"@id":"https:\/\/diariodepe.com.br\/xinhua\/#organization"},"image":{"@id":"https:\/\/diariodepe.com.br\/xinhua\/2024\/10\/02\/regiao-administrativa-especial-de-macau-celebra-o-dia-nacional-com-diversos-eventos\/#primaryimage"},"thumbnailUrl":"https:\/\/diariodepe.com.br\/xinhua\/wp-content\/uploads\/sites\/3\/2024\/10\/YqO6wbRc9RmjF2bL.png","articleSection":["China"],"inLanguage":"pt-BR","potentialAction":[{"@type":"CommentAction","name":"Comment","target":["https:\/\/diariodepe.com.br\/xinhua\/2024\/10\/02\/regiao-administrativa-especial-de-macau-celebra-o-dia-nacional-com-diversos-eventos\/#respond"]}]},{"@type":"WebPage","@id":"https:\/\/diariodepe.com.br\/xinhua\/2024\/10\/02\/regiao-administrativa-especial-de-macau-celebra-o-dia-nacional-com-diversos-eventos\/","url":"https:\/\/diariodepe.com.br\/xinhua\/2024\/10\/02\/regiao-administrativa-especial-de-macau-celebra-o-dia-nacional-com-diversos-eventos\/","name":"Regi\u00e3o Administrativa Especial de Macau celebra o Dia Nacional com diversos eventos - Xinhua - Diario de Pernambuco","isPartOf":{"@id":"https:\/\/diariodepe.com.br\/xinhua\/#website"},"primaryImageOfPage":{"@id":"https:\/\/diariodepe.com.br\/xinhua\/2024\/10\/02\/regiao-administrativa-especial-de-macau-celebra-o-dia-nacional-com-diversos-eventos\/#primaryimage"},"image":{"@id":"https:\/\/diariodepe.com.br\/xinhua\/2024\/10\/02\/regiao-administrativa-especial-de-macau-celebra-o-dia-nacional-com-diversos-eventos\/#primaryimage"},"thumbnailUrl":"https:\/\/diariodepe.com.br\/xinhua\/wp-content\/uploads\/sites\/3\/2024\/10\/YqO6wbRc9RmjF2bL.png","datePublished":"2024-10-02T19:02:00+00:00","breadcrumb":{"@id":"https:\/\/diariodepe.com.br\/xinhua\/2024\/10\/02\/regiao-administrativa-especial-de-macau-celebra-o-dia-nacional-com-diversos-eventos\/#breadcrumb"},"inLanguage":"pt-BR","potentialAction":[{"@type":"ReadAction","target":["https:\/\/diariodepe.com.br\/xinhua\/2024\/10\/02\/regiao-administrativa-especial-de-macau-celebra-o-dia-nacional-com-diversos-eventos\/"]}]},{"@type":"ImageObject","inLanguage":"pt-BR","@id":"https:\/\/diariodepe.com.br\/xinhua\/2024\/10\/02\/regiao-administrativa-especial-de-macau-celebra-o-dia-nacional-com-diversos-eventos\/#primaryimage","url":"https:\/\/diariodepe.com.br\/xinhua\/wp-content\/uploads\/sites\/3\/2024\/10\/YqO6wbRc9RmjF2bL.png","contentUrl":"https:\/\/diariodepe.com.br\/xinhua\/wp-content\/uploads\/sites\/3\/2024\/10\/YqO6wbRc9RmjF2bL.png","width":1024,"height":683},{"@type":"BreadcrumbList","@id":"https:\/\/diariodepe.com.br\/xinhua\/2024\/10\/02\/regiao-administrativa-especial-de-macau-celebra-o-dia-nacional-com-diversos-eventos\/#breadcrumb","itemListElement":[{"@type":"ListItem","position":1,"name":"In\u00edcio","item":"https:\/\/diariodepe.com.br\/xinhua\/"},{"@type":"ListItem","position":2,"name":"Regi\u00e3o Administrativa Especial de Macau celebra o Dia Nacional com diversos eventos"}]},{"@type":"WebSite","@id":"https:\/\/diariodepe.com.br\/xinhua\/#website","url":"https:\/\/diariodepe.com.br\/xinhua\/","name":"Xinhua - Diario de Pernambuco","description":"A maior ag\u00eancia de not\u00edcias da China e um dos principais canais para conhecer o pa\u00eds","publisher":{"@id":"https:\/\/diariodepe.com.br\/xinhua\/#organization"},"potentialAction":[{"@type":"SearchAction","target":{"@type":"EntryPoint","urlTemplate":"https:\/\/diariodepe.com.br\/xinhua\/?s={search_term_string}"},"query-input":{"@type":"PropertyValueSpecification","valueRequired":true,"valueName":"search_term_string"}}],"inLanguage":"pt-BR"},{"@type":"Organization","@id":"https:\/\/diariodepe.com.br\/xinhua\/#organization","name":"Xinhua - Diario de Pernambuco","url":"https:\/\/diariodepe.com.br\/xinhua\/","logo":{"@type":"ImageObject","inLanguage":"pt-BR","@id":"https:\/\/diariodepe.com.br\/xinhua\/#\/schema\/logo\/image\/","url":"https:\/\/diariodepe.com.br\/xinhua\/wp-content\/uploads\/sites\/3\/2020\/10\/cropped-logo-transparente-2.png","contentUrl":"https:\/\/diariodepe.com.br\/xinhua\/wp-content\/uploads\/sites\/3\/2020\/10\/cropped-logo-transparente-2.png","width":512,"height":164,"caption":"Xinhua - Diario de Pernambuco"},"image":{"@id":"https:\/\/diariodepe.com.br\/xinhua\/#\/schema\/logo\/image\/"}},{"@type":"Person","@id":"https:\/\/diariodepe.com.br\/xinhua\/#\/schema\/person\/0943d6fd02bdc7b49c8f495e8787a2cb","name":"Marcelo Oliveira de A. Maranhao","image":{"@type":"ImageObject","inLanguage":"pt-BR","@id":"https:\/\/secure.gravatar.com\/avatar\/f562caee940d39879c20e90eea3e4b21860c7d4c96684c23141c554824f0059c?s=96&d=mm&r=g","url":"https:\/\/secure.gravatar.com\/avatar\/f562caee940d39879c20e90eea3e4b21860c7d4c96684c23141c554824f0059c?s=96&d=mm&r=g","contentUrl":"https:\/\/secure.gravatar.com\/avatar\/f562caee940d39879c20e90eea3e4b21860c7d4c96684c23141c554824f0059c?s=96&d=mm&r=g","caption":"Marcelo Oliveira de A. Maranhao"},"url":"https:\/\/diariodepe.com.br\/xinhua\/author\/marcelo-maranhao\/"}]}},"cc_featured_image_caption":{"caption_text":"","source_text":"","source_url":""},"amp_enabled":true,"_links":{"self":[{"href":"https:\/\/diariodepe.com.br\/xinhua\/wp-json\/wp\/v2\/posts\/23045","targetHints":{"allow":["GET"]}}],"collection":[{"href":"https:\/\/diariodepe.com.br\/xinhua\/wp-json\/wp\/v2\/posts"}],"about":[{"href":"https:\/\/diariodepe.com.br\/xinhua\/wp-json\/wp\/v2\/types\/post"}],"author":[{"embeddable":true,"href":"https:\/\/diariodepe.com.br\/xinhua\/wp-json\/wp\/v2\/users\/3"}],"replies":[{"embeddable":true,"href":"https:\/\/diariodepe.com.br\/xinhua\/wp-json\/wp\/v2\/comments?post=23045"}],"version-history":[{"count":1,"href":"https:\/\/diariodepe.com.br\/xinhua\/wp-json\/wp\/v2\/posts\/23045\/revisions"}],"predecessor-version":[{"id":23047,"href":"https:\/\/diariodepe.com.br\/xinhua\/wp-json\/wp\/v2\/posts\/23045\/revisions\/23047"}],"wp:featuredmedia":[{"embeddable":true,"href":"https:\/\/diariodepe.com.br\/xinhua\/wp-json\/wp\/v2\/media\/23046"}],"wp:attachment":[{"href":"https:\/\/diariodepe.com.br\/xinhua\/wp-json\/wp\/v2\/media?parent=23045"}],"wp:term":[{"taxonomy":"category","embeddable":true,"href":"https:\/\/diariodepe.com.br\/xinhua\/wp-json\/wp\/v2\/categories?post=23045"},{"taxonomy":"post_tag","embeddable":true,"href":"https:\/\/diariodepe.com.br\/xinhua\/wp-json\/wp\/v2\/tags?post=23045"}],"curies":[{"name":"wp","href":"https:\/\/api.w.org\/{rel}","templated":true}]}}