{"id":23015,"date":"2024-10-01T14:12:00","date_gmt":"2024-10-01T17:12:00","guid":{"rendered":"https:\/\/www.diariodepe.com.br\/xinhua\/?p=23015"},"modified":"2024-09-30T18:57:53","modified_gmt":"2024-09-30T21:57:53","slug":"entrevista-autoridade-alema-expressa-oposicao-as-tarifas-punitivas-da-ue-sobre-veiculos-eletricos-chineses","status":"publish","type":"post","link":"https:\/\/diariodepe.com.br\/xinhua\/2024\/10\/01\/entrevista-autoridade-alema-expressa-oposicao-as-tarifas-punitivas-da-ue-sobre-veiculos-eletricos-chineses\/","title":{"rendered":"Entrevista: Autoridade alem\u00e3 expressa oposi\u00e7\u00e3o \u00e0s tarifas punitivas da UE sobre ve\u00edculos el\u00e9tricos chineses"},"content":{"rendered":"\n<p>Munique, Alemanha &#8211; Hubert Aiwanger, vice-ministro presidente do estado alem\u00e3o da Baviera, disse \u00e0 Xinhua em entrevista recente que seu estado se op\u00f5e \u00e0 Uni\u00e3o Europeia (UE) sobre tarifas punitivas sobre ve\u00edculos el\u00e9tricos (EVs) chineses.<\/p>\n\n\n\n<p>\u201cEm vez disso, esperamos a exporta\u00e7\u00e3o cont\u00ednua de carros chineses para a Europa\u201d, disse Aiwanger, tamb\u00e9m ministro de assuntos econ\u00f4micos, desenvolvimento regional e energia da Baviera.<\/p>\n\n\n\n<p>&#8220;Acreditamos no apoio m\u00fatuo, n\u00e3o na cria\u00e7\u00e3o de barreiras&#8221;, disse ele.<\/p>\n\n\n\n<p>Aiwanger elogiou o desenvolvimento econ\u00f4mico da China nos \u00faltimos 75 anos, observando sua transforma\u00e7\u00e3o de um pa\u00eds associado \u00e0 pobreza em uma das principais pot\u00eancias industriais do mundo.<\/p>\n\n\n\n<p>Ele constatou que a China \u00e9 o parceiro comercial mais importante da Baviera, e ainda h\u00e1 um potencial espec\u00edfico para maiores coopera\u00e7\u00e3o, particularmente em setores como energia de hidrog\u00eanio, intelig\u00eancia artificial e ve\u00edculos el\u00e9tricos.<\/p>\n\n\n\n<p>O povo chin\u00eas tem &#8220;uma excelente confian\u00e7a&#8221; na Baviera, disse Aiwanger. \u201cSabemos que voc\u00ea \u00e9 trabalhador, disciplinado e inteligente, e fez um progresso not\u00e1vel nos \u00faltimos anos e d\u00e9cadas\u201d, disse ele.<\/p>\n\n\n\n<figure class=\"wp-block-image\"><img decoding=\"async\" src=\"https:\/\/portuguese.news.cn\/20240930\/2992e3779f824334b621b57844ecfd41\/202409302992e3779f824334b621b57844ecfd41_20240930bfa00cc11dcd4c128f3c130726af141c.jpeg\" alt=\"\"\/><\/figure>\n\n\n\n<p>Rob\u00f4s trabalham em oficina de soldagem da Voyah, marca chinesa de autom\u00f3veis el\u00e9tricos, em Wuhan, prov\u00edncia de Hubei, no centro da China, no dia 1\u00ba de abril de 2024. (Xinhua\/Xiao Yijiu)<\/p>\n\n\n\n<p>Ele tamb\u00e9m anunciou planos para uma pr\u00f3xima visita de delega\u00e7\u00e3o \u00e0 China, com o objetivo de melhorar o entendimento m\u00fatuo e fortalecer os la\u00e7os econ\u00f4micos.<\/p>\n\n\n\n<p>\u201cTive a chance de ver o progresso da China primeiro em m\u00e3o durante minha visita em 2019. Estou ansioso para retornar e espero que possamos abordar quest\u00f5es importantes, incluindo melhorias em transporte, seguran\u00e7a e pol\u00edtica econ\u00f4mica\u201d, disse Aiwanger.<\/p>\n\n\n\n<p>Ele enfatizou a import\u00e2ncia da competi\u00e7\u00e3o justa, dizendo que a chave \u00e9 operar em termos iguais sem defici\u00eancias um ao outro. Com uma base de justi\u00e7a, n\u00e3o h\u00e1 raz\u00e3o para que a Alemanha e a China n\u00e3o fortale\u00e7am ainda mais a coopera\u00e7\u00e3o, disse ele.<\/p>\n\n\n\n<p>&#8220;O interc\u00e2mbio entre nossas na\u00e7\u00f5es, especialmente em setores de alta tecnologia, como o automotivo, intelig\u00eancia artificial, mecatr\u00f4nica e eletr\u00f4nica, j\u00e1 \u00e9 robusto, e estou confiante de que nossa colabora\u00e7\u00e3o continuar\u00e1 promovendo a inova\u00e7\u00e3o&#8221;, disse ele.<\/p>\n","protected":false},"excerpt":{"rendered":"<p>Munique, Alemanha &#8211; Hubert Aiwanger, vice-ministro presidente do estado alem\u00e3o da Baviera, disse \u00e0 Xinhua em entrevista recente que seu estado se op\u00f5e \u00e0 Uni\u00e3o Europeia (UE) sobre tarifas punitivas sobre ve\u00edculos el\u00e9tricos (EVs) chineses. \u201cEm vez disso, esperamos a&#8230;<\/p>\n","protected":false},"author":3,"featured_media":23016,"comment_status":"open","ping_status":"open","sticky":false,"template":"","format":"standard","meta":{"footnotes":""},"categories":[5],"tags":[],"class_list":["post-23015","post","type-post","status-publish","format-standard","has-post-thumbnail","hentry","category-economia"],"yoast_head":"<!-- This site is optimized with the Yoast SEO plugin v27.4 - https:\/\/yoast.com\/product\/yoast-seo-wordpress\/ -->\n<title>Entrevista: Autoridade alem\u00e3 expressa oposi\u00e7\u00e3o \u00e0s tarifas punitivas da UE sobre ve\u00edculos el\u00e9tricos chineses - Xinhua - Diario de Pernambuco<\/title>\n<meta name=\"robots\" content=\"index, follow, max-snippet:-1, max-image-preview:large, max-video-preview:-1\" \/>\n<link rel=\"canonical\" href=\"https:\/\/diariodepe.com.br\/xinhua\/2024\/10\/01\/entrevista-autoridade-alema-expressa-oposicao-as-tarifas-punitivas-da-ue-sobre-veiculos-eletricos-chineses\/\" \/>\n<meta property=\"og:locale\" content=\"pt_BR\" \/>\n<meta property=\"og:type\" content=\"article\" \/>\n<meta property=\"og:title\" content=\"Entrevista: Autoridade alem\u00e3 expressa oposi\u00e7\u00e3o \u00e0s tarifas punitivas da UE sobre ve\u00edculos el\u00e9tricos chineses - Xinhua - Diario de Pernambuco\" \/>\n<meta property=\"og:description\" content=\"Munique, Alemanha &#8211; Hubert Aiwanger, vice-ministro presidente do estado alem\u00e3o da Baviera, disse \u00e0 Xinhua em entrevista recente que seu estado se op\u00f5e \u00e0 Uni\u00e3o Europeia (UE) sobre tarifas punitivas sobre ve\u00edculos el\u00e9tricos (EVs) chineses. \u201cEm vez disso, esperamos a...\" \/>\n<meta property=\"og:url\" content=\"https:\/\/diariodepe.com.br\/xinhua\/2024\/10\/01\/entrevista-autoridade-alema-expressa-oposicao-as-tarifas-punitivas-da-ue-sobre-veiculos-eletricos-chineses\/\" \/>\n<meta property=\"og:site_name\" content=\"Xinhua - Diario de Pernambuco\" \/>\n<meta property=\"article:published_time\" content=\"2024-10-01T17:12:00+00:00\" \/>\n<meta property=\"og:image\" content=\"https:\/\/diariodepe.com.br\/xinhua\/wp-content\/uploads\/sites\/3\/2024\/09\/202409302992e3779f824334b621b57844ecfd41_20240930afc1a743b7b140368a74f2b3d646e327.jpeg\" \/>\n\t<meta property=\"og:image:width\" content=\"900\" \/>\n\t<meta property=\"og:image:height\" content=\"636\" \/>\n\t<meta property=\"og:image:type\" content=\"image\/jpeg\" \/>\n<meta name=\"author\" content=\"Marcelo Oliveira de A. Maranhao\" \/>\n<meta name=\"twitter:card\" content=\"summary_large_image\" \/>\n<meta name=\"twitter:label1\" content=\"Escrito por\" \/>\n\t<meta name=\"twitter:data1\" content=\"Marcelo Oliveira de A. Maranhao\" \/>\n\t<meta name=\"twitter:label2\" content=\"Est. tempo de leitura\" \/>\n\t<meta name=\"twitter:data2\" content=\"3 minutos\" \/>\n<script type=\"application\/ld+json\" class=\"yoast-schema-graph\">{\"@context\":\"https:\\\/\\\/schema.org\",\"@graph\":[{\"@type\":\"Article\",\"@id\":\"https:\\\/\\\/diariodepe.com.br\\\/xinhua\\\/2024\\\/10\\\/01\\\/entrevista-autoridade-alema-expressa-oposicao-as-tarifas-punitivas-da-ue-sobre-veiculos-eletricos-chineses\\\/#article\",\"isPartOf\":{\"@id\":\"https:\\\/\\\/diariodepe.com.br\\\/xinhua\\\/2024\\\/10\\\/01\\\/entrevista-autoridade-alema-expressa-oposicao-as-tarifas-punitivas-da-ue-sobre-veiculos-eletricos-chineses\\\/\"},\"author\":{\"name\":\"Marcelo Oliveira de A. Maranhao\",\"@id\":\"https:\\\/\\\/diariodepe.com.br\\\/xinhua\\\/#\\\/schema\\\/person\\\/0943d6fd02bdc7b49c8f495e8787a2cb\"},\"headline\":\"Entrevista: Autoridade alem\u00e3 expressa oposi\u00e7\u00e3o \u00e0s tarifas punitivas da UE sobre ve\u00edculos el\u00e9tricos chineses\",\"datePublished\":\"2024-10-01T17:12:00+00:00\",\"mainEntityOfPage\":{\"@id\":\"https:\\\/\\\/diariodepe.com.br\\\/xinhua\\\/2024\\\/10\\\/01\\\/entrevista-autoridade-alema-expressa-oposicao-as-tarifas-punitivas-da-ue-sobre-veiculos-eletricos-chineses\\\/\"},\"wordCount\":401,\"commentCount\":0,\"publisher\":{\"@id\":\"https:\\\/\\\/diariodepe.com.br\\\/xinhua\\\/#organization\"},\"image\":{\"@id\":\"https:\\\/\\\/diariodepe.com.br\\\/xinhua\\\/2024\\\/10\\\/01\\\/entrevista-autoridade-alema-expressa-oposicao-as-tarifas-punitivas-da-ue-sobre-veiculos-eletricos-chineses\\\/#primaryimage\"},\"thumbnailUrl\":\"https:\\\/\\\/diariodepe.com.br\\\/xinhua\\\/wp-content\\\/uploads\\\/sites\\\/3\\\/2024\\\/09\\\/202409302992e3779f824334b621b57844ecfd41_20240930afc1a743b7b140368a74f2b3d646e327.jpeg\",\"articleSection\":[\"Economia\"],\"inLanguage\":\"pt-BR\",\"potentialAction\":[{\"@type\":\"CommentAction\",\"name\":\"Comment\",\"target\":[\"https:\\\/\\\/diariodepe.com.br\\\/xinhua\\\/2024\\\/10\\\/01\\\/entrevista-autoridade-alema-expressa-oposicao-as-tarifas-punitivas-da-ue-sobre-veiculos-eletricos-chineses\\\/#respond\"]}]},{\"@type\":\"WebPage\",\"@id\":\"https:\\\/\\\/diariodepe.com.br\\\/xinhua\\\/2024\\\/10\\\/01\\\/entrevista-autoridade-alema-expressa-oposicao-as-tarifas-punitivas-da-ue-sobre-veiculos-eletricos-chineses\\\/\",\"url\":\"https:\\\/\\\/diariodepe.com.br\\\/xinhua\\\/2024\\\/10\\\/01\\\/entrevista-autoridade-alema-expressa-oposicao-as-tarifas-punitivas-da-ue-sobre-veiculos-eletricos-chineses\\\/\",\"name\":\"Entrevista: Autoridade alem\u00e3 expressa oposi\u00e7\u00e3o \u00e0s tarifas punitivas da UE sobre ve\u00edculos el\u00e9tricos chineses - Xinhua - Diario de Pernambuco\",\"isPartOf\":{\"@id\":\"https:\\\/\\\/diariodepe.com.br\\\/xinhua\\\/#website\"},\"primaryImageOfPage\":{\"@id\":\"https:\\\/\\\/diariodepe.com.br\\\/xinhua\\\/2024\\\/10\\\/01\\\/entrevista-autoridade-alema-expressa-oposicao-as-tarifas-punitivas-da-ue-sobre-veiculos-eletricos-chineses\\\/#primaryimage\"},\"image\":{\"@id\":\"https:\\\/\\\/diariodepe.com.br\\\/xinhua\\\/2024\\\/10\\\/01\\\/entrevista-autoridade-alema-expressa-oposicao-as-tarifas-punitivas-da-ue-sobre-veiculos-eletricos-chineses\\\/#primaryimage\"},\"thumbnailUrl\":\"https:\\\/\\\/diariodepe.com.br\\\/xinhua\\\/wp-content\\\/uploads\\\/sites\\\/3\\\/2024\\\/09\\\/202409302992e3779f824334b621b57844ecfd41_20240930afc1a743b7b140368a74f2b3d646e327.jpeg\",\"datePublished\":\"2024-10-01T17:12:00+00:00\",\"breadcrumb\":{\"@id\":\"https:\\\/\\\/diariodepe.com.br\\\/xinhua\\\/2024\\\/10\\\/01\\\/entrevista-autoridade-alema-expressa-oposicao-as-tarifas-punitivas-da-ue-sobre-veiculos-eletricos-chineses\\\/#breadcrumb\"},\"inLanguage\":\"pt-BR\",\"potentialAction\":[{\"@type\":\"ReadAction\",\"target\":[\"https:\\\/\\\/diariodepe.com.br\\\/xinhua\\\/2024\\\/10\\\/01\\\/entrevista-autoridade-alema-expressa-oposicao-as-tarifas-punitivas-da-ue-sobre-veiculos-eletricos-chineses\\\/\"]}]},{\"@type\":\"ImageObject\",\"inLanguage\":\"pt-BR\",\"@id\":\"https:\\\/\\\/diariodepe.com.br\\\/xinhua\\\/2024\\\/10\\\/01\\\/entrevista-autoridade-alema-expressa-oposicao-as-tarifas-punitivas-da-ue-sobre-veiculos-eletricos-chineses\\\/#primaryimage\",\"url\":\"https:\\\/\\\/diariodepe.com.br\\\/xinhua\\\/wp-content\\\/uploads\\\/sites\\\/3\\\/2024\\\/09\\\/202409302992e3779f824334b621b57844ecfd41_20240930afc1a743b7b140368a74f2b3d646e327.jpeg\",\"contentUrl\":\"https:\\\/\\\/diariodepe.com.br\\\/xinhua\\\/wp-content\\\/uploads\\\/sites\\\/3\\\/2024\\\/09\\\/202409302992e3779f824334b621b57844ecfd41_20240930afc1a743b7b140368a74f2b3d646e327.jpeg\",\"width\":900,\"height\":636,\"caption\":\"(240912) -- FRANKFURT, Sept. 12, 2024 (Xinhua) -- People visit the booth of Hongqi at the Automechanika in Frankfurt, Germany, Sept. 11, 2024. A leading trade fair for the aftermarket sector of the auto industry, Automechanika, kicked off on Tuesday, highlighting electrification and sustainability. An Electric Vehicle Expo (EVA Expo), hosted by the Automotive Sub-council of China Council for the Promotion of International Trade (CCPIT Auto), is offering trade visitors an opportunity to connect with Chinese auto manufacturers and explore potential partnership opportunities during the Automechanika fair. (Xinhua\\\/Zhang Fan)\"},{\"@type\":\"BreadcrumbList\",\"@id\":\"https:\\\/\\\/diariodepe.com.br\\\/xinhua\\\/2024\\\/10\\\/01\\\/entrevista-autoridade-alema-expressa-oposicao-as-tarifas-punitivas-da-ue-sobre-veiculos-eletricos-chineses\\\/#breadcrumb\",\"itemListElement\":[{\"@type\":\"ListItem\",\"position\":1,\"name\":\"In\u00edcio\",\"item\":\"https:\\\/\\\/diariodepe.com.br\\\/xinhua\\\/\"},{\"@type\":\"ListItem\",\"position\":2,\"name\":\"Entrevista: Autoridade alem\u00e3 expressa oposi\u00e7\u00e3o \u00e0s tarifas punitivas da UE sobre ve\u00edculos el\u00e9tricos chineses\"}]},{\"@type\":\"WebSite\",\"@id\":\"https:\\\/\\\/diariodepe.com.br\\\/xinhua\\\/#website\",\"url\":\"https:\\\/\\\/diariodepe.com.br\\\/xinhua\\\/\",\"name\":\"Xinhua - Diario de Pernambuco\",\"description\":\"A maior ag\u00eancia de not\u00edcias da China e um dos principais canais para conhecer o pa\u00eds\",\"publisher\":{\"@id\":\"https:\\\/\\\/diariodepe.com.br\\\/xinhua\\\/#organization\"},\"potentialAction\":[{\"@type\":\"SearchAction\",\"target\":{\"@type\":\"EntryPoint\",\"urlTemplate\":\"https:\\\/\\\/diariodepe.com.br\\\/xinhua\\\/?s={search_term_string}\"},\"query-input\":{\"@type\":\"PropertyValueSpecification\",\"valueRequired\":true,\"valueName\":\"search_term_string\"}}],\"inLanguage\":\"pt-BR\"},{\"@type\":\"Organization\",\"@id\":\"https:\\\/\\\/diariodepe.com.br\\\/xinhua\\\/#organization\",\"name\":\"Xinhua - Diario de Pernambuco\",\"url\":\"https:\\\/\\\/diariodepe.com.br\\\/xinhua\\\/\",\"logo\":{\"@type\":\"ImageObject\",\"inLanguage\":\"pt-BR\",\"@id\":\"https:\\\/\\\/diariodepe.com.br\\\/xinhua\\\/#\\\/schema\\\/logo\\\/image\\\/\",\"url\":\"https:\\\/\\\/diariodepe.com.br\\\/xinhua\\\/wp-content\\\/uploads\\\/sites\\\/3\\\/2020\\\/10\\\/cropped-logo-transparente-2.png\",\"contentUrl\":\"https:\\\/\\\/diariodepe.com.br\\\/xinhua\\\/wp-content\\\/uploads\\\/sites\\\/3\\\/2020\\\/10\\\/cropped-logo-transparente-2.png\",\"width\":512,\"height\":164,\"caption\":\"Xinhua - Diario de Pernambuco\"},\"image\":{\"@id\":\"https:\\\/\\\/diariodepe.com.br\\\/xinhua\\\/#\\\/schema\\\/logo\\\/image\\\/\"}},{\"@type\":\"Person\",\"@id\":\"https:\\\/\\\/diariodepe.com.br\\\/xinhua\\\/#\\\/schema\\\/person\\\/0943d6fd02bdc7b49c8f495e8787a2cb\",\"name\":\"Marcelo Oliveira de A. Maranhao\",\"image\":{\"@type\":\"ImageObject\",\"inLanguage\":\"pt-BR\",\"@id\":\"https:\\\/\\\/secure.gravatar.com\\\/avatar\\\/f562caee940d39879c20e90eea3e4b21860c7d4c96684c23141c554824f0059c?s=96&d=mm&r=g\",\"url\":\"https:\\\/\\\/secure.gravatar.com\\\/avatar\\\/f562caee940d39879c20e90eea3e4b21860c7d4c96684c23141c554824f0059c?s=96&d=mm&r=g\",\"contentUrl\":\"https:\\\/\\\/secure.gravatar.com\\\/avatar\\\/f562caee940d39879c20e90eea3e4b21860c7d4c96684c23141c554824f0059c?s=96&d=mm&r=g\",\"caption\":\"Marcelo Oliveira de A. Maranhao\"},\"url\":\"https:\\\/\\\/diariodepe.com.br\\\/xinhua\\\/author\\\/marcelo-maranhao\\\/\"}]}<\/script>\n<!-- \/ Yoast SEO plugin. -->","yoast_head_json":{"title":"Entrevista: Autoridade alem\u00e3 expressa oposi\u00e7\u00e3o \u00e0s tarifas punitivas da UE sobre ve\u00edculos el\u00e9tricos chineses - Xinhua - Diario de Pernambuco","robots":{"index":"index","follow":"follow","max-snippet":"max-snippet:-1","max-image-preview":"max-image-preview:large","max-video-preview":"max-video-preview:-1"},"canonical":"https:\/\/diariodepe.com.br\/xinhua\/2024\/10\/01\/entrevista-autoridade-alema-expressa-oposicao-as-tarifas-punitivas-da-ue-sobre-veiculos-eletricos-chineses\/","og_locale":"pt_BR","og_type":"article","og_title":"Entrevista: Autoridade alem\u00e3 expressa oposi\u00e7\u00e3o \u00e0s tarifas punitivas da UE sobre ve\u00edculos el\u00e9tricos chineses - Xinhua - Diario de Pernambuco","og_description":"Munique, Alemanha &#8211; Hubert Aiwanger, vice-ministro presidente do estado alem\u00e3o da Baviera, disse \u00e0 Xinhua em entrevista recente que seu estado se op\u00f5e \u00e0 Uni\u00e3o Europeia (UE) sobre tarifas punitivas sobre ve\u00edculos el\u00e9tricos (EVs) chineses. \u201cEm vez disso, esperamos a...","og_url":"https:\/\/diariodepe.com.br\/xinhua\/2024\/10\/01\/entrevista-autoridade-alema-expressa-oposicao-as-tarifas-punitivas-da-ue-sobre-veiculos-eletricos-chineses\/","og_site_name":"Xinhua - Diario de Pernambuco","article_published_time":"2024-10-01T17:12:00+00:00","og_image":[{"width":900,"height":636,"url":"https:\/\/diariodepe.com.br\/xinhua\/wp-content\/uploads\/sites\/3\/2024\/09\/202409302992e3779f824334b621b57844ecfd41_20240930afc1a743b7b140368a74f2b3d646e327.jpeg","type":"image\/jpeg"}],"author":"Marcelo Oliveira de A. Maranhao","twitter_card":"summary_large_image","twitter_misc":{"Escrito por":"Marcelo Oliveira de A. Maranhao","Est. tempo de leitura":"3 minutos"},"schema":{"@context":"https:\/\/schema.org","@graph":[{"@type":"Article","@id":"https:\/\/diariodepe.com.br\/xinhua\/2024\/10\/01\/entrevista-autoridade-alema-expressa-oposicao-as-tarifas-punitivas-da-ue-sobre-veiculos-eletricos-chineses\/#article","isPartOf":{"@id":"https:\/\/diariodepe.com.br\/xinhua\/2024\/10\/01\/entrevista-autoridade-alema-expressa-oposicao-as-tarifas-punitivas-da-ue-sobre-veiculos-eletricos-chineses\/"},"author":{"name":"Marcelo Oliveira de A. Maranhao","@id":"https:\/\/diariodepe.com.br\/xinhua\/#\/schema\/person\/0943d6fd02bdc7b49c8f495e8787a2cb"},"headline":"Entrevista: Autoridade alem\u00e3 expressa oposi\u00e7\u00e3o \u00e0s tarifas punitivas da UE sobre ve\u00edculos el\u00e9tricos chineses","datePublished":"2024-10-01T17:12:00+00:00","mainEntityOfPage":{"@id":"https:\/\/diariodepe.com.br\/xinhua\/2024\/10\/01\/entrevista-autoridade-alema-expressa-oposicao-as-tarifas-punitivas-da-ue-sobre-veiculos-eletricos-chineses\/"},"wordCount":401,"commentCount":0,"publisher":{"@id":"https:\/\/diariodepe.com.br\/xinhua\/#organization"},"image":{"@id":"https:\/\/diariodepe.com.br\/xinhua\/2024\/10\/01\/entrevista-autoridade-alema-expressa-oposicao-as-tarifas-punitivas-da-ue-sobre-veiculos-eletricos-chineses\/#primaryimage"},"thumbnailUrl":"https:\/\/diariodepe.com.br\/xinhua\/wp-content\/uploads\/sites\/3\/2024\/09\/202409302992e3779f824334b621b57844ecfd41_20240930afc1a743b7b140368a74f2b3d646e327.jpeg","articleSection":["Economia"],"inLanguage":"pt-BR","potentialAction":[{"@type":"CommentAction","name":"Comment","target":["https:\/\/diariodepe.com.br\/xinhua\/2024\/10\/01\/entrevista-autoridade-alema-expressa-oposicao-as-tarifas-punitivas-da-ue-sobre-veiculos-eletricos-chineses\/#respond"]}]},{"@type":"WebPage","@id":"https:\/\/diariodepe.com.br\/xinhua\/2024\/10\/01\/entrevista-autoridade-alema-expressa-oposicao-as-tarifas-punitivas-da-ue-sobre-veiculos-eletricos-chineses\/","url":"https:\/\/diariodepe.com.br\/xinhua\/2024\/10\/01\/entrevista-autoridade-alema-expressa-oposicao-as-tarifas-punitivas-da-ue-sobre-veiculos-eletricos-chineses\/","name":"Entrevista: Autoridade alem\u00e3 expressa oposi\u00e7\u00e3o \u00e0s tarifas punitivas da UE sobre ve\u00edculos el\u00e9tricos chineses - Xinhua - Diario de Pernambuco","isPartOf":{"@id":"https:\/\/diariodepe.com.br\/xinhua\/#website"},"primaryImageOfPage":{"@id":"https:\/\/diariodepe.com.br\/xinhua\/2024\/10\/01\/entrevista-autoridade-alema-expressa-oposicao-as-tarifas-punitivas-da-ue-sobre-veiculos-eletricos-chineses\/#primaryimage"},"image":{"@id":"https:\/\/diariodepe.com.br\/xinhua\/2024\/10\/01\/entrevista-autoridade-alema-expressa-oposicao-as-tarifas-punitivas-da-ue-sobre-veiculos-eletricos-chineses\/#primaryimage"},"thumbnailUrl":"https:\/\/diariodepe.com.br\/xinhua\/wp-content\/uploads\/sites\/3\/2024\/09\/202409302992e3779f824334b621b57844ecfd41_20240930afc1a743b7b140368a74f2b3d646e327.jpeg","datePublished":"2024-10-01T17:12:00+00:00","breadcrumb":{"@id":"https:\/\/diariodepe.com.br\/xinhua\/2024\/10\/01\/entrevista-autoridade-alema-expressa-oposicao-as-tarifas-punitivas-da-ue-sobre-veiculos-eletricos-chineses\/#breadcrumb"},"inLanguage":"pt-BR","potentialAction":[{"@type":"ReadAction","target":["https:\/\/diariodepe.com.br\/xinhua\/2024\/10\/01\/entrevista-autoridade-alema-expressa-oposicao-as-tarifas-punitivas-da-ue-sobre-veiculos-eletricos-chineses\/"]}]},{"@type":"ImageObject","inLanguage":"pt-BR","@id":"https:\/\/diariodepe.com.br\/xinhua\/2024\/10\/01\/entrevista-autoridade-alema-expressa-oposicao-as-tarifas-punitivas-da-ue-sobre-veiculos-eletricos-chineses\/#primaryimage","url":"https:\/\/diariodepe.com.br\/xinhua\/wp-content\/uploads\/sites\/3\/2024\/09\/202409302992e3779f824334b621b57844ecfd41_20240930afc1a743b7b140368a74f2b3d646e327.jpeg","contentUrl":"https:\/\/diariodepe.com.br\/xinhua\/wp-content\/uploads\/sites\/3\/2024\/09\/202409302992e3779f824334b621b57844ecfd41_20240930afc1a743b7b140368a74f2b3d646e327.jpeg","width":900,"height":636,"caption":"(240912) -- FRANKFURT, Sept. 12, 2024 (Xinhua) -- People visit the booth of Hongqi at the Automechanika in Frankfurt, Germany, Sept. 11, 2024. A leading trade fair for the aftermarket sector of the auto industry, Automechanika, kicked off on Tuesday, highlighting electrification and sustainability. An Electric Vehicle Expo (EVA Expo), hosted by the Automotive Sub-council of China Council for the Promotion of International Trade (CCPIT Auto), is offering trade visitors an opportunity to connect with Chinese auto manufacturers and explore potential partnership opportunities during the Automechanika fair. (Xinhua\/Zhang Fan)"},{"@type":"BreadcrumbList","@id":"https:\/\/diariodepe.com.br\/xinhua\/2024\/10\/01\/entrevista-autoridade-alema-expressa-oposicao-as-tarifas-punitivas-da-ue-sobre-veiculos-eletricos-chineses\/#breadcrumb","itemListElement":[{"@type":"ListItem","position":1,"name":"In\u00edcio","item":"https:\/\/diariodepe.com.br\/xinhua\/"},{"@type":"ListItem","position":2,"name":"Entrevista: Autoridade alem\u00e3 expressa oposi\u00e7\u00e3o \u00e0s tarifas punitivas da UE sobre ve\u00edculos el\u00e9tricos chineses"}]},{"@type":"WebSite","@id":"https:\/\/diariodepe.com.br\/xinhua\/#website","url":"https:\/\/diariodepe.com.br\/xinhua\/","name":"Xinhua - Diario de Pernambuco","description":"A maior ag\u00eancia de not\u00edcias da China e um dos principais canais para conhecer o pa\u00eds","publisher":{"@id":"https:\/\/diariodepe.com.br\/xinhua\/#organization"},"potentialAction":[{"@type":"SearchAction","target":{"@type":"EntryPoint","urlTemplate":"https:\/\/diariodepe.com.br\/xinhua\/?s={search_term_string}"},"query-input":{"@type":"PropertyValueSpecification","valueRequired":true,"valueName":"search_term_string"}}],"inLanguage":"pt-BR"},{"@type":"Organization","@id":"https:\/\/diariodepe.com.br\/xinhua\/#organization","name":"Xinhua - Diario de Pernambuco","url":"https:\/\/diariodepe.com.br\/xinhua\/","logo":{"@type":"ImageObject","inLanguage":"pt-BR","@id":"https:\/\/diariodepe.com.br\/xinhua\/#\/schema\/logo\/image\/","url":"https:\/\/diariodepe.com.br\/xinhua\/wp-content\/uploads\/sites\/3\/2020\/10\/cropped-logo-transparente-2.png","contentUrl":"https:\/\/diariodepe.com.br\/xinhua\/wp-content\/uploads\/sites\/3\/2020\/10\/cropped-logo-transparente-2.png","width":512,"height":164,"caption":"Xinhua - Diario de Pernambuco"},"image":{"@id":"https:\/\/diariodepe.com.br\/xinhua\/#\/schema\/logo\/image\/"}},{"@type":"Person","@id":"https:\/\/diariodepe.com.br\/xinhua\/#\/schema\/person\/0943d6fd02bdc7b49c8f495e8787a2cb","name":"Marcelo Oliveira de A. Maranhao","image":{"@type":"ImageObject","inLanguage":"pt-BR","@id":"https:\/\/secure.gravatar.com\/avatar\/f562caee940d39879c20e90eea3e4b21860c7d4c96684c23141c554824f0059c?s=96&d=mm&r=g","url":"https:\/\/secure.gravatar.com\/avatar\/f562caee940d39879c20e90eea3e4b21860c7d4c96684c23141c554824f0059c?s=96&d=mm&r=g","contentUrl":"https:\/\/secure.gravatar.com\/avatar\/f562caee940d39879c20e90eea3e4b21860c7d4c96684c23141c554824f0059c?s=96&d=mm&r=g","caption":"Marcelo Oliveira de A. Maranhao"},"url":"https:\/\/diariodepe.com.br\/xinhua\/author\/marcelo-maranhao\/"}]}},"cc_featured_image_caption":{"caption_text":"","source_text":"","source_url":""},"amp_enabled":true,"_links":{"self":[{"href":"https:\/\/diariodepe.com.br\/xinhua\/wp-json\/wp\/v2\/posts\/23015","targetHints":{"allow":["GET"]}}],"collection":[{"href":"https:\/\/diariodepe.com.br\/xinhua\/wp-json\/wp\/v2\/posts"}],"about":[{"href":"https:\/\/diariodepe.com.br\/xinhua\/wp-json\/wp\/v2\/types\/post"}],"author":[{"embeddable":true,"href":"https:\/\/diariodepe.com.br\/xinhua\/wp-json\/wp\/v2\/users\/3"}],"replies":[{"embeddable":true,"href":"https:\/\/diariodepe.com.br\/xinhua\/wp-json\/wp\/v2\/comments?post=23015"}],"version-history":[{"count":1,"href":"https:\/\/diariodepe.com.br\/xinhua\/wp-json\/wp\/v2\/posts\/23015\/revisions"}],"predecessor-version":[{"id":23017,"href":"https:\/\/diariodepe.com.br\/xinhua\/wp-json\/wp\/v2\/posts\/23015\/revisions\/23017"}],"wp:featuredmedia":[{"embeddable":true,"href":"https:\/\/diariodepe.com.br\/xinhua\/wp-json\/wp\/v2\/media\/23016"}],"wp:attachment":[{"href":"https:\/\/diariodepe.com.br\/xinhua\/wp-json\/wp\/v2\/media?parent=23015"}],"wp:term":[{"taxonomy":"category","embeddable":true,"href":"https:\/\/diariodepe.com.br\/xinhua\/wp-json\/wp\/v2\/categories?post=23015"},{"taxonomy":"post_tag","embeddable":true,"href":"https:\/\/diariodepe.com.br\/xinhua\/wp-json\/wp\/v2\/tags?post=23015"}],"curies":[{"name":"wp","href":"https:\/\/api.w.org\/{rel}","templated":true}]}}