{"id":2299,"date":"2021-07-09T13:52:22","date_gmt":"2021-07-09T16:52:22","guid":{"rendered":"http:\/\/www.diariodepe.com.br\/xinhua\/?p=2299"},"modified":"2021-07-09T13:52:24","modified_gmt":"2021-07-09T16:52:24","slug":"gabinete-do-comissario-do-ministerio-das-relacoes-exteriores-chines-na-raehk-insta-parlamento-europeu-a-parar-com-arrogancia-politica","status":"publish","type":"post","link":"https:\/\/diariodepe.com.br\/xinhua\/2021\/07\/09\/gabinete-do-comissario-do-ministerio-das-relacoes-exteriores-chines-na-raehk-insta-parlamento-europeu-a-parar-com-arrogancia-politica\/","title":{"rendered":"Gabinete do Comiss\u00e1rio do Minist\u00e9rio das Rela\u00e7\u00f5es Exteriores chin\u00eas na RAEHK insta Parlamento Europeu a parar com arrog\u00e2ncia pol\u00edtica"},"content":{"rendered":"\n<p>Hong Kong, 9 jul &#8211; O Gabinete do Comiss\u00e1rio do Minist\u00e9rio das Rela\u00e7\u00f5es Exteriores da China na Regi\u00e3o Administrativa Especial de Hong Kong (RAEHK) se op\u00f4s firmemente nesta sexta-feira a uma resolu\u00e7\u00e3o do Parlamento Europeu sobre Hong Kong, que manchou o desempenho independente dos deveres das autoridades policiais e judiciais da RAEHK, e difamou a pol\u00edtica do governo central em rela\u00e7\u00e3o a Hong Kong.<\/p>\n\n\n\n<p>O porta-voz do gabinete disse em um comunicado que, sob a lei de seguran\u00e7a nacional na RAEHK, a sociedade de Hong Kong voltou \u00e0 estabilidade, o Estado de Direito e a justi\u00e7a foram mantidos e os amplos direitos e liberdades legais desfrutados pelos residentes de Hong Kong foram melhor protegidos em um ambiente mais est\u00e1vel e seguro.<\/p>\n\n\n\n<p>Instigado por alguns membros anti-China, no entanto, o Parlamento Europeu distorceu os fatos com motivos ocultos, pisou o Estado de Direito e a independ\u00eancia judicial da RAEHK, e tentou encobrir, sob o pretexto de liberdade de imprensa, certos meios de comunica\u00e7\u00e3o e seus executivos suspeitos de se envolverem em atos criminosos, disse o porta-voz.<\/p>\n\n\n\n<p>O Parlamento Europeu utilizou todos os meios para apoiar as for\u00e7as anti-China, desestabilizadoras em Hong Kong, acusou a China de forma condescendente e amea\u00e7ou impor san\u00e7\u00f5es ao pa\u00eds, afirmou o porta-voz.<\/p>\n\n\n\n<p>Tudo isso exp\u00f4s o preconceito ideol\u00f3gico profundamente enraizado desses pol\u00edticos e sua hipocrisia e padr\u00f5es duplos, mas eles se superestimaram e tais tentativas foram puramente mal cronometradas, disse o porta-voz.<\/p>\n\n\n\n<p>O porta-voz ressaltou que alguns pol\u00edticos do Parlamento Europeu, por interesses pr\u00f3prios, tomaram repetidamente a\u00e7\u00f5es de confronto sobre Hong Kong e outras quest\u00f5es relativas \u00e0 soberania, seguran\u00e7a e integridade territorial da China, al\u00e9m de se intrometerem repetidamente nos assuntos de Hong Kong.<\/p>\n\n\n\n<p>&#8220;O que eles fizeram representou uma arrog\u00e2ncia pol\u00edtica e resultou em um obst\u00e1culo \u00e0 coopera\u00e7\u00e3o mutuamente ben\u00e9fica entre a China e a UE, despertando forte indigna\u00e7\u00e3o e oposi\u00e7\u00e3o resoluta de todo o povo chin\u00eas, incluindo os compatriotas de Hong Kong&#8221;, segundo o porta-voz.<\/p>\n\n\n\n<p>O povo chin\u00eas nunca aceitar\u00e1 o discurso deste grupo de pessoas, nunca permitir\u00e1 que eles interfiram nos assuntos internos de Hong Kong, que s\u00e3o assuntos internos da China, e nunca ficar\u00e1 de bra\u00e7os cruzados quando algu\u00e9m tentar minar a soberania, a seguran\u00e7a e a dignidade nacionais da China.<\/p>\n\n\n\n<p>O porta-voz exortou alguns membros anti-China do Parlamento Europeu a compreender plena e precisamente &#8220;um pa\u00eds, dois sistemas&#8221;, reconhecer a tend\u00eancia hist\u00f3rica, refletir sobre si mesmos e respeitar o direito internacional e as normas b\u00e1sicas que regem as rela\u00e7\u00f5es internacionais.<\/p>\n\n\n\n<p>&#8220;Eles devem parar de prejudicar o Estado de Direito e a independ\u00eancia judicial da RAEHK, parar de difamar e distorcer &#8216;um pa\u00eds, dois sistemas&#8217;, parar de encorajar as for\u00e7as anti-China, desestabilizar as for\u00e7as em Hong Kong e parar de interferir nos assuntos de Hong Kong e nos assuntos internos da China em geral de qualquer forma &#8220;, acrescentou o porta-voz.&nbsp;<\/p>\n","protected":false},"excerpt":{"rendered":"<p>Hong Kong, 9 jul &#8211; O Gabinete do Comiss\u00e1rio do Minist\u00e9rio das Rela\u00e7\u00f5es Exteriores da China na Regi\u00e3o Administrativa Especial de Hong Kong (RAEHK) se op\u00f4s firmemente nesta sexta-feira a uma resolu\u00e7\u00e3o do Parlamento Europeu sobre Hong Kong, que manchou&#8230;<\/p>\n","protected":false},"author":3,"featured_media":0,"comment_status":"open","ping_status":"open","sticky":false,"template":"","format":"standard","meta":{"footnotes":""},"categories":[4],"tags":[],"class_list":["post-2299","post","type-post","status-publish","format-standard","hentry","category-internacional"],"yoast_head":"<!-- This site is optimized with the Yoast SEO plugin v27.4 - https:\/\/yoast.com\/product\/yoast-seo-wordpress\/ -->\n<title>Gabinete do Comiss\u00e1rio do Minist\u00e9rio das Rela\u00e7\u00f5es Exteriores chin\u00eas na RAEHK insta Parlamento Europeu a parar com arrog\u00e2ncia pol\u00edtica - Xinhua - Diario de Pernambuco<\/title>\n<meta name=\"robots\" content=\"index, follow, max-snippet:-1, max-image-preview:large, max-video-preview:-1\" \/>\n<link rel=\"canonical\" href=\"https:\/\/diariodepe.com.br\/xinhua\/2021\/07\/09\/gabinete-do-comissario-do-ministerio-das-relacoes-exteriores-chines-na-raehk-insta-parlamento-europeu-a-parar-com-arrogancia-politica\/\" \/>\n<meta property=\"og:locale\" content=\"pt_BR\" \/>\n<meta property=\"og:type\" content=\"article\" \/>\n<meta property=\"og:title\" content=\"Gabinete do Comiss\u00e1rio do Minist\u00e9rio das Rela\u00e7\u00f5es Exteriores chin\u00eas na RAEHK insta Parlamento Europeu a parar com arrog\u00e2ncia pol\u00edtica - Xinhua - Diario de Pernambuco\" \/>\n<meta property=\"og:description\" content=\"Hong Kong, 9 jul &#8211; O Gabinete do Comiss\u00e1rio do Minist\u00e9rio das Rela\u00e7\u00f5es Exteriores da China na Regi\u00e3o Administrativa Especial de Hong Kong (RAEHK) se op\u00f4s firmemente nesta sexta-feira a uma resolu\u00e7\u00e3o do Parlamento Europeu sobre Hong Kong, que manchou...\" \/>\n<meta property=\"og:url\" content=\"https:\/\/diariodepe.com.br\/xinhua\/2021\/07\/09\/gabinete-do-comissario-do-ministerio-das-relacoes-exteriores-chines-na-raehk-insta-parlamento-europeu-a-parar-com-arrogancia-politica\/\" \/>\n<meta property=\"og:site_name\" content=\"Xinhua - Diario de Pernambuco\" \/>\n<meta property=\"article:published_time\" content=\"2021-07-09T16:52:22+00:00\" \/>\n<meta property=\"article:modified_time\" content=\"2021-07-09T16:52:24+00:00\" \/>\n<meta name=\"author\" content=\"Marcelo Oliveira de A. Maranhao\" \/>\n<meta name=\"twitter:card\" content=\"summary_large_image\" \/>\n<meta name=\"twitter:label1\" content=\"Escrito por\" \/>\n\t<meta name=\"twitter:data1\" content=\"Marcelo Oliveira de A. Maranhao\" \/>\n\t<meta name=\"twitter:label2\" content=\"Est. tempo de leitura\" \/>\n\t<meta name=\"twitter:data2\" content=\"3 minutos\" \/>\n<script type=\"application\/ld+json\" class=\"yoast-schema-graph\">{\"@context\":\"https:\\\/\\\/schema.org\",\"@graph\":[{\"@type\":\"Article\",\"@id\":\"https:\\\/\\\/diariodepe.com.br\\\/xinhua\\\/2021\\\/07\\\/09\\\/gabinete-do-comissario-do-ministerio-das-relacoes-exteriores-chines-na-raehk-insta-parlamento-europeu-a-parar-com-arrogancia-politica\\\/#article\",\"isPartOf\":{\"@id\":\"https:\\\/\\\/diariodepe.com.br\\\/xinhua\\\/2021\\\/07\\\/09\\\/gabinete-do-comissario-do-ministerio-das-relacoes-exteriores-chines-na-raehk-insta-parlamento-europeu-a-parar-com-arrogancia-politica\\\/\"},\"author\":{\"name\":\"Marcelo Oliveira de A. Maranhao\",\"@id\":\"https:\\\/\\\/diariodepe.com.br\\\/xinhua\\\/#\\\/schema\\\/person\\\/0943d6fd02bdc7b49c8f495e8787a2cb\"},\"headline\":\"Gabinete do Comiss\u00e1rio do Minist\u00e9rio das Rela\u00e7\u00f5es Exteriores chin\u00eas na RAEHK insta Parlamento Europeu a parar com arrog\u00e2ncia pol\u00edtica\",\"datePublished\":\"2021-07-09T16:52:22+00:00\",\"dateModified\":\"2021-07-09T16:52:24+00:00\",\"mainEntityOfPage\":{\"@id\":\"https:\\\/\\\/diariodepe.com.br\\\/xinhua\\\/2021\\\/07\\\/09\\\/gabinete-do-comissario-do-ministerio-das-relacoes-exteriores-chines-na-raehk-insta-parlamento-europeu-a-parar-com-arrogancia-politica\\\/\"},\"wordCount\":539,\"commentCount\":0,\"publisher\":{\"@id\":\"https:\\\/\\\/diariodepe.com.br\\\/xinhua\\\/#organization\"},\"articleSection\":[\"Internacional\"],\"inLanguage\":\"pt-BR\",\"potentialAction\":[{\"@type\":\"CommentAction\",\"name\":\"Comment\",\"target\":[\"https:\\\/\\\/diariodepe.com.br\\\/xinhua\\\/2021\\\/07\\\/09\\\/gabinete-do-comissario-do-ministerio-das-relacoes-exteriores-chines-na-raehk-insta-parlamento-europeu-a-parar-com-arrogancia-politica\\\/#respond\"]}]},{\"@type\":\"WebPage\",\"@id\":\"https:\\\/\\\/diariodepe.com.br\\\/xinhua\\\/2021\\\/07\\\/09\\\/gabinete-do-comissario-do-ministerio-das-relacoes-exteriores-chines-na-raehk-insta-parlamento-europeu-a-parar-com-arrogancia-politica\\\/\",\"url\":\"https:\\\/\\\/diariodepe.com.br\\\/xinhua\\\/2021\\\/07\\\/09\\\/gabinete-do-comissario-do-ministerio-das-relacoes-exteriores-chines-na-raehk-insta-parlamento-europeu-a-parar-com-arrogancia-politica\\\/\",\"name\":\"Gabinete do Comiss\u00e1rio do Minist\u00e9rio das Rela\u00e7\u00f5es Exteriores chin\u00eas na RAEHK insta Parlamento Europeu a parar com arrog\u00e2ncia pol\u00edtica - Xinhua - Diario de Pernambuco\",\"isPartOf\":{\"@id\":\"https:\\\/\\\/diariodepe.com.br\\\/xinhua\\\/#website\"},\"datePublished\":\"2021-07-09T16:52:22+00:00\",\"dateModified\":\"2021-07-09T16:52:24+00:00\",\"breadcrumb\":{\"@id\":\"https:\\\/\\\/diariodepe.com.br\\\/xinhua\\\/2021\\\/07\\\/09\\\/gabinete-do-comissario-do-ministerio-das-relacoes-exteriores-chines-na-raehk-insta-parlamento-europeu-a-parar-com-arrogancia-politica\\\/#breadcrumb\"},\"inLanguage\":\"pt-BR\",\"potentialAction\":[{\"@type\":\"ReadAction\",\"target\":[\"https:\\\/\\\/diariodepe.com.br\\\/xinhua\\\/2021\\\/07\\\/09\\\/gabinete-do-comissario-do-ministerio-das-relacoes-exteriores-chines-na-raehk-insta-parlamento-europeu-a-parar-com-arrogancia-politica\\\/\"]}]},{\"@type\":\"BreadcrumbList\",\"@id\":\"https:\\\/\\\/diariodepe.com.br\\\/xinhua\\\/2021\\\/07\\\/09\\\/gabinete-do-comissario-do-ministerio-das-relacoes-exteriores-chines-na-raehk-insta-parlamento-europeu-a-parar-com-arrogancia-politica\\\/#breadcrumb\",\"itemListElement\":[{\"@type\":\"ListItem\",\"position\":1,\"name\":\"In\u00edcio\",\"item\":\"https:\\\/\\\/diariodepe.com.br\\\/xinhua\\\/\"},{\"@type\":\"ListItem\",\"position\":2,\"name\":\"Gabinete do Comiss\u00e1rio do Minist\u00e9rio das Rela\u00e7\u00f5es Exteriores chin\u00eas na RAEHK insta Parlamento Europeu a parar com arrog\u00e2ncia pol\u00edtica\"}]},{\"@type\":\"WebSite\",\"@id\":\"https:\\\/\\\/diariodepe.com.br\\\/xinhua\\\/#website\",\"url\":\"https:\\\/\\\/diariodepe.com.br\\\/xinhua\\\/\",\"name\":\"Xinhua - Diario de Pernambuco\",\"description\":\"A maior ag\u00eancia de not\u00edcias da China e um dos principais canais para conhecer o pa\u00eds\",\"publisher\":{\"@id\":\"https:\\\/\\\/diariodepe.com.br\\\/xinhua\\\/#organization\"},\"potentialAction\":[{\"@type\":\"SearchAction\",\"target\":{\"@type\":\"EntryPoint\",\"urlTemplate\":\"https:\\\/\\\/diariodepe.com.br\\\/xinhua\\\/?s={search_term_string}\"},\"query-input\":{\"@type\":\"PropertyValueSpecification\",\"valueRequired\":true,\"valueName\":\"search_term_string\"}}],\"inLanguage\":\"pt-BR\"},{\"@type\":\"Organization\",\"@id\":\"https:\\\/\\\/diariodepe.com.br\\\/xinhua\\\/#organization\",\"name\":\"Xinhua - Diario de Pernambuco\",\"url\":\"https:\\\/\\\/diariodepe.com.br\\\/xinhua\\\/\",\"logo\":{\"@type\":\"ImageObject\",\"inLanguage\":\"pt-BR\",\"@id\":\"https:\\\/\\\/diariodepe.com.br\\\/xinhua\\\/#\\\/schema\\\/logo\\\/image\\\/\",\"url\":\"https:\\\/\\\/diariodepe.com.br\\\/xinhua\\\/wp-content\\\/uploads\\\/sites\\\/3\\\/2020\\\/10\\\/cropped-logo-transparente-2.png\",\"contentUrl\":\"https:\\\/\\\/diariodepe.com.br\\\/xinhua\\\/wp-content\\\/uploads\\\/sites\\\/3\\\/2020\\\/10\\\/cropped-logo-transparente-2.png\",\"width\":512,\"height\":164,\"caption\":\"Xinhua - Diario de Pernambuco\"},\"image\":{\"@id\":\"https:\\\/\\\/diariodepe.com.br\\\/xinhua\\\/#\\\/schema\\\/logo\\\/image\\\/\"}},{\"@type\":\"Person\",\"@id\":\"https:\\\/\\\/diariodepe.com.br\\\/xinhua\\\/#\\\/schema\\\/person\\\/0943d6fd02bdc7b49c8f495e8787a2cb\",\"name\":\"Marcelo Oliveira de A. Maranhao\",\"image\":{\"@type\":\"ImageObject\",\"inLanguage\":\"pt-BR\",\"@id\":\"https:\\\/\\\/secure.gravatar.com\\\/avatar\\\/f562caee940d39879c20e90eea3e4b21860c7d4c96684c23141c554824f0059c?s=96&d=mm&r=g\",\"url\":\"https:\\\/\\\/secure.gravatar.com\\\/avatar\\\/f562caee940d39879c20e90eea3e4b21860c7d4c96684c23141c554824f0059c?s=96&d=mm&r=g\",\"contentUrl\":\"https:\\\/\\\/secure.gravatar.com\\\/avatar\\\/f562caee940d39879c20e90eea3e4b21860c7d4c96684c23141c554824f0059c?s=96&d=mm&r=g\",\"caption\":\"Marcelo Oliveira de A. Maranhao\"},\"url\":\"https:\\\/\\\/diariodepe.com.br\\\/xinhua\\\/author\\\/marcelo-maranhao\\\/\"}]}<\/script>\n<!-- \/ Yoast SEO plugin. -->","yoast_head_json":{"title":"Gabinete do Comiss\u00e1rio do Minist\u00e9rio das Rela\u00e7\u00f5es Exteriores chin\u00eas na RAEHK insta Parlamento Europeu a parar com arrog\u00e2ncia pol\u00edtica - Xinhua - Diario de Pernambuco","robots":{"index":"index","follow":"follow","max-snippet":"max-snippet:-1","max-image-preview":"max-image-preview:large","max-video-preview":"max-video-preview:-1"},"canonical":"https:\/\/diariodepe.com.br\/xinhua\/2021\/07\/09\/gabinete-do-comissario-do-ministerio-das-relacoes-exteriores-chines-na-raehk-insta-parlamento-europeu-a-parar-com-arrogancia-politica\/","og_locale":"pt_BR","og_type":"article","og_title":"Gabinete do Comiss\u00e1rio do Minist\u00e9rio das Rela\u00e7\u00f5es Exteriores chin\u00eas na RAEHK insta Parlamento Europeu a parar com arrog\u00e2ncia pol\u00edtica - Xinhua - Diario de Pernambuco","og_description":"Hong Kong, 9 jul &#8211; O Gabinete do Comiss\u00e1rio do Minist\u00e9rio das Rela\u00e7\u00f5es Exteriores da China na Regi\u00e3o Administrativa Especial de Hong Kong (RAEHK) se op\u00f4s firmemente nesta sexta-feira a uma resolu\u00e7\u00e3o do Parlamento Europeu sobre Hong Kong, que manchou...","og_url":"https:\/\/diariodepe.com.br\/xinhua\/2021\/07\/09\/gabinete-do-comissario-do-ministerio-das-relacoes-exteriores-chines-na-raehk-insta-parlamento-europeu-a-parar-com-arrogancia-politica\/","og_site_name":"Xinhua - Diario de Pernambuco","article_published_time":"2021-07-09T16:52:22+00:00","article_modified_time":"2021-07-09T16:52:24+00:00","author":"Marcelo Oliveira de A. Maranhao","twitter_card":"summary_large_image","twitter_misc":{"Escrito por":"Marcelo Oliveira de A. Maranhao","Est. tempo de leitura":"3 minutos"},"schema":{"@context":"https:\/\/schema.org","@graph":[{"@type":"Article","@id":"https:\/\/diariodepe.com.br\/xinhua\/2021\/07\/09\/gabinete-do-comissario-do-ministerio-das-relacoes-exteriores-chines-na-raehk-insta-parlamento-europeu-a-parar-com-arrogancia-politica\/#article","isPartOf":{"@id":"https:\/\/diariodepe.com.br\/xinhua\/2021\/07\/09\/gabinete-do-comissario-do-ministerio-das-relacoes-exteriores-chines-na-raehk-insta-parlamento-europeu-a-parar-com-arrogancia-politica\/"},"author":{"name":"Marcelo Oliveira de A. Maranhao","@id":"https:\/\/diariodepe.com.br\/xinhua\/#\/schema\/person\/0943d6fd02bdc7b49c8f495e8787a2cb"},"headline":"Gabinete do Comiss\u00e1rio do Minist\u00e9rio das Rela\u00e7\u00f5es Exteriores chin\u00eas na RAEHK insta Parlamento Europeu a parar com arrog\u00e2ncia pol\u00edtica","datePublished":"2021-07-09T16:52:22+00:00","dateModified":"2021-07-09T16:52:24+00:00","mainEntityOfPage":{"@id":"https:\/\/diariodepe.com.br\/xinhua\/2021\/07\/09\/gabinete-do-comissario-do-ministerio-das-relacoes-exteriores-chines-na-raehk-insta-parlamento-europeu-a-parar-com-arrogancia-politica\/"},"wordCount":539,"commentCount":0,"publisher":{"@id":"https:\/\/diariodepe.com.br\/xinhua\/#organization"},"articleSection":["Internacional"],"inLanguage":"pt-BR","potentialAction":[{"@type":"CommentAction","name":"Comment","target":["https:\/\/diariodepe.com.br\/xinhua\/2021\/07\/09\/gabinete-do-comissario-do-ministerio-das-relacoes-exteriores-chines-na-raehk-insta-parlamento-europeu-a-parar-com-arrogancia-politica\/#respond"]}]},{"@type":"WebPage","@id":"https:\/\/diariodepe.com.br\/xinhua\/2021\/07\/09\/gabinete-do-comissario-do-ministerio-das-relacoes-exteriores-chines-na-raehk-insta-parlamento-europeu-a-parar-com-arrogancia-politica\/","url":"https:\/\/diariodepe.com.br\/xinhua\/2021\/07\/09\/gabinete-do-comissario-do-ministerio-das-relacoes-exteriores-chines-na-raehk-insta-parlamento-europeu-a-parar-com-arrogancia-politica\/","name":"Gabinete do Comiss\u00e1rio do Minist\u00e9rio das Rela\u00e7\u00f5es Exteriores chin\u00eas na RAEHK insta Parlamento Europeu a parar com arrog\u00e2ncia pol\u00edtica - Xinhua - Diario de Pernambuco","isPartOf":{"@id":"https:\/\/diariodepe.com.br\/xinhua\/#website"},"datePublished":"2021-07-09T16:52:22+00:00","dateModified":"2021-07-09T16:52:24+00:00","breadcrumb":{"@id":"https:\/\/diariodepe.com.br\/xinhua\/2021\/07\/09\/gabinete-do-comissario-do-ministerio-das-relacoes-exteriores-chines-na-raehk-insta-parlamento-europeu-a-parar-com-arrogancia-politica\/#breadcrumb"},"inLanguage":"pt-BR","potentialAction":[{"@type":"ReadAction","target":["https:\/\/diariodepe.com.br\/xinhua\/2021\/07\/09\/gabinete-do-comissario-do-ministerio-das-relacoes-exteriores-chines-na-raehk-insta-parlamento-europeu-a-parar-com-arrogancia-politica\/"]}]},{"@type":"BreadcrumbList","@id":"https:\/\/diariodepe.com.br\/xinhua\/2021\/07\/09\/gabinete-do-comissario-do-ministerio-das-relacoes-exteriores-chines-na-raehk-insta-parlamento-europeu-a-parar-com-arrogancia-politica\/#breadcrumb","itemListElement":[{"@type":"ListItem","position":1,"name":"In\u00edcio","item":"https:\/\/diariodepe.com.br\/xinhua\/"},{"@type":"ListItem","position":2,"name":"Gabinete do Comiss\u00e1rio do Minist\u00e9rio das Rela\u00e7\u00f5es Exteriores chin\u00eas na RAEHK insta Parlamento Europeu a parar com arrog\u00e2ncia pol\u00edtica"}]},{"@type":"WebSite","@id":"https:\/\/diariodepe.com.br\/xinhua\/#website","url":"https:\/\/diariodepe.com.br\/xinhua\/","name":"Xinhua - Diario de Pernambuco","description":"A maior ag\u00eancia de not\u00edcias da China e um dos principais canais para conhecer o pa\u00eds","publisher":{"@id":"https:\/\/diariodepe.com.br\/xinhua\/#organization"},"potentialAction":[{"@type":"SearchAction","target":{"@type":"EntryPoint","urlTemplate":"https:\/\/diariodepe.com.br\/xinhua\/?s={search_term_string}"},"query-input":{"@type":"PropertyValueSpecification","valueRequired":true,"valueName":"search_term_string"}}],"inLanguage":"pt-BR"},{"@type":"Organization","@id":"https:\/\/diariodepe.com.br\/xinhua\/#organization","name":"Xinhua - Diario de Pernambuco","url":"https:\/\/diariodepe.com.br\/xinhua\/","logo":{"@type":"ImageObject","inLanguage":"pt-BR","@id":"https:\/\/diariodepe.com.br\/xinhua\/#\/schema\/logo\/image\/","url":"https:\/\/diariodepe.com.br\/xinhua\/wp-content\/uploads\/sites\/3\/2020\/10\/cropped-logo-transparente-2.png","contentUrl":"https:\/\/diariodepe.com.br\/xinhua\/wp-content\/uploads\/sites\/3\/2020\/10\/cropped-logo-transparente-2.png","width":512,"height":164,"caption":"Xinhua - Diario de Pernambuco"},"image":{"@id":"https:\/\/diariodepe.com.br\/xinhua\/#\/schema\/logo\/image\/"}},{"@type":"Person","@id":"https:\/\/diariodepe.com.br\/xinhua\/#\/schema\/person\/0943d6fd02bdc7b49c8f495e8787a2cb","name":"Marcelo Oliveira de A. Maranhao","image":{"@type":"ImageObject","inLanguage":"pt-BR","@id":"https:\/\/secure.gravatar.com\/avatar\/f562caee940d39879c20e90eea3e4b21860c7d4c96684c23141c554824f0059c?s=96&d=mm&r=g","url":"https:\/\/secure.gravatar.com\/avatar\/f562caee940d39879c20e90eea3e4b21860c7d4c96684c23141c554824f0059c?s=96&d=mm&r=g","contentUrl":"https:\/\/secure.gravatar.com\/avatar\/f562caee940d39879c20e90eea3e4b21860c7d4c96684c23141c554824f0059c?s=96&d=mm&r=g","caption":"Marcelo Oliveira de A. Maranhao"},"url":"https:\/\/diariodepe.com.br\/xinhua\/author\/marcelo-maranhao\/"}]}},"cc_featured_image_caption":{"caption_text":"","source_text":"","source_url":""},"amp_enabled":true,"_links":{"self":[{"href":"https:\/\/diariodepe.com.br\/xinhua\/wp-json\/wp\/v2\/posts\/2299","targetHints":{"allow":["GET"]}}],"collection":[{"href":"https:\/\/diariodepe.com.br\/xinhua\/wp-json\/wp\/v2\/posts"}],"about":[{"href":"https:\/\/diariodepe.com.br\/xinhua\/wp-json\/wp\/v2\/types\/post"}],"author":[{"embeddable":true,"href":"https:\/\/diariodepe.com.br\/xinhua\/wp-json\/wp\/v2\/users\/3"}],"replies":[{"embeddable":true,"href":"https:\/\/diariodepe.com.br\/xinhua\/wp-json\/wp\/v2\/comments?post=2299"}],"version-history":[{"count":1,"href":"https:\/\/diariodepe.com.br\/xinhua\/wp-json\/wp\/v2\/posts\/2299\/revisions"}],"predecessor-version":[{"id":2300,"href":"https:\/\/diariodepe.com.br\/xinhua\/wp-json\/wp\/v2\/posts\/2299\/revisions\/2300"}],"wp:attachment":[{"href":"https:\/\/diariodepe.com.br\/xinhua\/wp-json\/wp\/v2\/media?parent=2299"}],"wp:term":[{"taxonomy":"category","embeddable":true,"href":"https:\/\/diariodepe.com.br\/xinhua\/wp-json\/wp\/v2\/categories?post=2299"},{"taxonomy":"post_tag","embeddable":true,"href":"https:\/\/diariodepe.com.br\/xinhua\/wp-json\/wp\/v2\/tags?post=2299"}],"curies":[{"name":"wp","href":"https:\/\/api.w.org\/{rel}","templated":true}]}}