{"id":2082,"date":"2021-06-24T08:45:28","date_gmt":"2021-06-24T11:45:28","guid":{"rendered":"http:\/\/www.diariodepe.com.br\/xinhua\/?p=2082"},"modified":"2021-06-24T08:45:30","modified_gmt":"2021-06-24T11:45:30","slug":"china-emite-livro-branco-sobre-pratica-do-pcc-na-protecao-dos-direitos-humanos","status":"publish","type":"post","link":"https:\/\/diariodepe.com.br\/xinhua\/2021\/06\/24\/china-emite-livro-branco-sobre-pratica-do-pcc-na-protecao-dos-direitos-humanos\/","title":{"rendered":"China emite livro branco sobre pr\u00e1tica do PCC na prote\u00e7\u00e3o dos direitos humanos"},"content":{"rendered":"\n<p>Beijing, 24 jun (Xinhua) &#8212; O Departamento de Comunica\u00e7\u00e3o do Conselho de Estado da China emitiu nesta quinta-feira um livro branco sobre a pr\u00e1tica do Partido Comunista da China em respeito e prote\u00e7\u00e3o dos direitos humanos.<\/p>\n\n\n\n<p>Durante cem anos, o PCC sempre colocou as pessoas em primeiro lugar, aplicando o princ\u00edpio da universalidade dos direitos humanos no contexto das condi\u00e7\u00f5es nacionais. Ele considera os direitos \u00e0 subsist\u00eancia e ao desenvolvimento como os direitos humanos prim\u00e1rios e b\u00e1sicos, e acredita que viver uma vida de contentamento \u00e9 o maior direito humano, disse o livro branco.<\/p>\n\n\n\n<p>O PCC promove o desenvolvimento integral do indiv\u00edduo e se esfor\u00e7a para dar a cada pessoa uma sensa\u00e7\u00e3o mais forte de ganho, felicidade e seguran\u00e7a. Seu sucesso no pioneirismo dos direitos humanos em um pa\u00eds socialista \u00e9 \u00fanico e facilmente vis\u00edvel, apontou o livro.<\/p>\n\n\n\n<p>Por cem anos, o PCC tem se comprometido com o desenvolvimento pac\u00edfico e o progresso comum. A China \u00e9 firme em sua posi\u00e7\u00e3o internacional &#8211; salvaguardar a paz mundial e buscar o progresso atrav\u00e9s da coopera\u00e7\u00e3o, garantindo os direitos humanos com os benef\u00edcios diversificados de desenvolvimento, de acordo com o texto.<\/p>\n\n\n\n<p>A China tem sido um participante ativo em quest\u00f5es de direitos humanos internacionais, fornecendo uma contribui\u00e7\u00e3o chinesa para a governan\u00e7a e o progresso global dos direitos humanos e trabalhando com outros pa\u00edses para forjar uma comunidade global de futuro compartilhado.<\/p>\n\n\n\n<p>O PCC est\u00e1 levando o povo em dire\u00e7\u00e3o ao Sonho Chin\u00eas de revitaliza\u00e7\u00e3o nacional e ao segundo objetivo centen\u00e1rio &#8211; construir a China em um grande pa\u00eds socialista moderno, pr\u00f3spero, forte, democr\u00e1tico, culturalmente avan\u00e7ado, harmonioso e belo pelo centen\u00e1rio da Rep\u00fablica Popular da China.<\/p>\n\n\n\n<p>Neste momento, todos os direitos do povo chin\u00eas ser\u00e3o salvaguardados a um n\u00edvel superior e eles ter\u00e3o um melhor senso de dignidade, liberdade e felicidade. A China dar\u00e1 uma maior contribui\u00e7\u00e3o \u00e0 prote\u00e7\u00e3o dos direitos humanos, permitindo que o mundo se desenvolva melhor e se torne mais pr\u00f3spero, disse o livro branco.<\/p>\n","protected":false},"excerpt":{"rendered":"<p>Beijing, 24 jun (Xinhua) &#8212; O Departamento de Comunica\u00e7\u00e3o do Conselho de Estado da China emitiu nesta quinta-feira um livro branco sobre a pr\u00e1tica do Partido Comunista da China em respeito e prote\u00e7\u00e3o dos direitos humanos. Durante cem anos, o&#8230;<\/p>\n","protected":false},"author":3,"featured_media":0,"comment_status":"open","ping_status":"open","sticky":false,"template":"","format":"standard","meta":{"footnotes":""},"categories":[3],"tags":[],"class_list":["post-2082","post","type-post","status-publish","format-standard","hentry","category-china"],"yoast_head":"<!-- This site is optimized with the Yoast SEO plugin v27.4 - https:\/\/yoast.com\/product\/yoast-seo-wordpress\/ -->\n<title>China emite livro branco sobre pr\u00e1tica do PCC na prote\u00e7\u00e3o dos direitos humanos - Xinhua - Diario de Pernambuco<\/title>\n<meta name=\"robots\" content=\"index, follow, max-snippet:-1, max-image-preview:large, max-video-preview:-1\" \/>\n<link rel=\"canonical\" href=\"https:\/\/diariodepe.com.br\/xinhua\/2021\/06\/24\/china-emite-livro-branco-sobre-pratica-do-pcc-na-protecao-dos-direitos-humanos\/\" \/>\n<meta property=\"og:locale\" content=\"pt_BR\" \/>\n<meta property=\"og:type\" content=\"article\" \/>\n<meta property=\"og:title\" content=\"China emite livro branco sobre pr\u00e1tica do PCC na prote\u00e7\u00e3o dos direitos humanos - Xinhua - Diario de Pernambuco\" \/>\n<meta property=\"og:description\" content=\"Beijing, 24 jun (Xinhua) &#8212; O Departamento de Comunica\u00e7\u00e3o do Conselho de Estado da China emitiu nesta quinta-feira um livro branco sobre a pr\u00e1tica do Partido Comunista da China em respeito e prote\u00e7\u00e3o dos direitos humanos. Durante cem anos, o...\" \/>\n<meta property=\"og:url\" content=\"https:\/\/diariodepe.com.br\/xinhua\/2021\/06\/24\/china-emite-livro-branco-sobre-pratica-do-pcc-na-protecao-dos-direitos-humanos\/\" \/>\n<meta property=\"og:site_name\" content=\"Xinhua - Diario de Pernambuco\" \/>\n<meta property=\"article:published_time\" content=\"2021-06-24T11:45:28+00:00\" \/>\n<meta property=\"article:modified_time\" content=\"2021-06-24T11:45:30+00:00\" \/>\n<meta name=\"author\" content=\"Marcelo Oliveira de A. Maranhao\" \/>\n<meta name=\"twitter:card\" content=\"summary_large_image\" \/>\n<meta name=\"twitter:label1\" content=\"Escrito por\" \/>\n\t<meta name=\"twitter:data1\" content=\"Marcelo Oliveira de A. Maranhao\" \/>\n\t<meta name=\"twitter:label2\" content=\"Est. tempo de leitura\" \/>\n\t<meta name=\"twitter:data2\" content=\"2 minutos\" \/>\n<script type=\"application\/ld+json\" class=\"yoast-schema-graph\">{\"@context\":\"https:\\\/\\\/schema.org\",\"@graph\":[{\"@type\":\"Article\",\"@id\":\"https:\\\/\\\/diariodepe.com.br\\\/xinhua\\\/2021\\\/06\\\/24\\\/china-emite-livro-branco-sobre-pratica-do-pcc-na-protecao-dos-direitos-humanos\\\/#article\",\"isPartOf\":{\"@id\":\"https:\\\/\\\/diariodepe.com.br\\\/xinhua\\\/2021\\\/06\\\/24\\\/china-emite-livro-branco-sobre-pratica-do-pcc-na-protecao-dos-direitos-humanos\\\/\"},\"author\":{\"name\":\"Marcelo Oliveira de A. Maranhao\",\"@id\":\"https:\\\/\\\/diariodepe.com.br\\\/xinhua\\\/#\\\/schema\\\/person\\\/0943d6fd02bdc7b49c8f495e8787a2cb\"},\"headline\":\"China emite livro branco sobre pr\u00e1tica do PCC na prote\u00e7\u00e3o dos direitos humanos\",\"datePublished\":\"2021-06-24T11:45:28+00:00\",\"dateModified\":\"2021-06-24T11:45:30+00:00\",\"mainEntityOfPage\":{\"@id\":\"https:\\\/\\\/diariodepe.com.br\\\/xinhua\\\/2021\\\/06\\\/24\\\/china-emite-livro-branco-sobre-pratica-do-pcc-na-protecao-dos-direitos-humanos\\\/\"},\"wordCount\":374,\"commentCount\":0,\"publisher\":{\"@id\":\"https:\\\/\\\/diariodepe.com.br\\\/xinhua\\\/#organization\"},\"articleSection\":[\"China\"],\"inLanguage\":\"pt-BR\",\"potentialAction\":[{\"@type\":\"CommentAction\",\"name\":\"Comment\",\"target\":[\"https:\\\/\\\/diariodepe.com.br\\\/xinhua\\\/2021\\\/06\\\/24\\\/china-emite-livro-branco-sobre-pratica-do-pcc-na-protecao-dos-direitos-humanos\\\/#respond\"]}]},{\"@type\":\"WebPage\",\"@id\":\"https:\\\/\\\/diariodepe.com.br\\\/xinhua\\\/2021\\\/06\\\/24\\\/china-emite-livro-branco-sobre-pratica-do-pcc-na-protecao-dos-direitos-humanos\\\/\",\"url\":\"https:\\\/\\\/diariodepe.com.br\\\/xinhua\\\/2021\\\/06\\\/24\\\/china-emite-livro-branco-sobre-pratica-do-pcc-na-protecao-dos-direitos-humanos\\\/\",\"name\":\"China emite livro branco sobre pr\u00e1tica do PCC na prote\u00e7\u00e3o dos direitos humanos - Xinhua - Diario de Pernambuco\",\"isPartOf\":{\"@id\":\"https:\\\/\\\/diariodepe.com.br\\\/xinhua\\\/#website\"},\"datePublished\":\"2021-06-24T11:45:28+00:00\",\"dateModified\":\"2021-06-24T11:45:30+00:00\",\"breadcrumb\":{\"@id\":\"https:\\\/\\\/diariodepe.com.br\\\/xinhua\\\/2021\\\/06\\\/24\\\/china-emite-livro-branco-sobre-pratica-do-pcc-na-protecao-dos-direitos-humanos\\\/#breadcrumb\"},\"inLanguage\":\"pt-BR\",\"potentialAction\":[{\"@type\":\"ReadAction\",\"target\":[\"https:\\\/\\\/diariodepe.com.br\\\/xinhua\\\/2021\\\/06\\\/24\\\/china-emite-livro-branco-sobre-pratica-do-pcc-na-protecao-dos-direitos-humanos\\\/\"]}]},{\"@type\":\"BreadcrumbList\",\"@id\":\"https:\\\/\\\/diariodepe.com.br\\\/xinhua\\\/2021\\\/06\\\/24\\\/china-emite-livro-branco-sobre-pratica-do-pcc-na-protecao-dos-direitos-humanos\\\/#breadcrumb\",\"itemListElement\":[{\"@type\":\"ListItem\",\"position\":1,\"name\":\"In\u00edcio\",\"item\":\"https:\\\/\\\/diariodepe.com.br\\\/xinhua\\\/\"},{\"@type\":\"ListItem\",\"position\":2,\"name\":\"China emite livro branco sobre pr\u00e1tica do PCC na prote\u00e7\u00e3o dos direitos humanos\"}]},{\"@type\":\"WebSite\",\"@id\":\"https:\\\/\\\/diariodepe.com.br\\\/xinhua\\\/#website\",\"url\":\"https:\\\/\\\/diariodepe.com.br\\\/xinhua\\\/\",\"name\":\"Xinhua - Diario de Pernambuco\",\"description\":\"A maior ag\u00eancia de not\u00edcias da China e um dos principais canais para conhecer o pa\u00eds\",\"publisher\":{\"@id\":\"https:\\\/\\\/diariodepe.com.br\\\/xinhua\\\/#organization\"},\"potentialAction\":[{\"@type\":\"SearchAction\",\"target\":{\"@type\":\"EntryPoint\",\"urlTemplate\":\"https:\\\/\\\/diariodepe.com.br\\\/xinhua\\\/?s={search_term_string}\"},\"query-input\":{\"@type\":\"PropertyValueSpecification\",\"valueRequired\":true,\"valueName\":\"search_term_string\"}}],\"inLanguage\":\"pt-BR\"},{\"@type\":\"Organization\",\"@id\":\"https:\\\/\\\/diariodepe.com.br\\\/xinhua\\\/#organization\",\"name\":\"Xinhua - Diario de Pernambuco\",\"url\":\"https:\\\/\\\/diariodepe.com.br\\\/xinhua\\\/\",\"logo\":{\"@type\":\"ImageObject\",\"inLanguage\":\"pt-BR\",\"@id\":\"https:\\\/\\\/diariodepe.com.br\\\/xinhua\\\/#\\\/schema\\\/logo\\\/image\\\/\",\"url\":\"https:\\\/\\\/diariodepe.com.br\\\/xinhua\\\/wp-content\\\/uploads\\\/sites\\\/3\\\/2020\\\/10\\\/cropped-logo-transparente-2.png\",\"contentUrl\":\"https:\\\/\\\/diariodepe.com.br\\\/xinhua\\\/wp-content\\\/uploads\\\/sites\\\/3\\\/2020\\\/10\\\/cropped-logo-transparente-2.png\",\"width\":512,\"height\":164,\"caption\":\"Xinhua - Diario de Pernambuco\"},\"image\":{\"@id\":\"https:\\\/\\\/diariodepe.com.br\\\/xinhua\\\/#\\\/schema\\\/logo\\\/image\\\/\"}},{\"@type\":\"Person\",\"@id\":\"https:\\\/\\\/diariodepe.com.br\\\/xinhua\\\/#\\\/schema\\\/person\\\/0943d6fd02bdc7b49c8f495e8787a2cb\",\"name\":\"Marcelo Oliveira de A. Maranhao\",\"image\":{\"@type\":\"ImageObject\",\"inLanguage\":\"pt-BR\",\"@id\":\"https:\\\/\\\/secure.gravatar.com\\\/avatar\\\/f562caee940d39879c20e90eea3e4b21860c7d4c96684c23141c554824f0059c?s=96&d=mm&r=g\",\"url\":\"https:\\\/\\\/secure.gravatar.com\\\/avatar\\\/f562caee940d39879c20e90eea3e4b21860c7d4c96684c23141c554824f0059c?s=96&d=mm&r=g\",\"contentUrl\":\"https:\\\/\\\/secure.gravatar.com\\\/avatar\\\/f562caee940d39879c20e90eea3e4b21860c7d4c96684c23141c554824f0059c?s=96&d=mm&r=g\",\"caption\":\"Marcelo Oliveira de A. Maranhao\"},\"url\":\"https:\\\/\\\/diariodepe.com.br\\\/xinhua\\\/author\\\/marcelo-maranhao\\\/\"}]}<\/script>\n<!-- \/ Yoast SEO plugin. -->","yoast_head_json":{"title":"China emite livro branco sobre pr\u00e1tica do PCC na prote\u00e7\u00e3o dos direitos humanos - Xinhua - Diario de Pernambuco","robots":{"index":"index","follow":"follow","max-snippet":"max-snippet:-1","max-image-preview":"max-image-preview:large","max-video-preview":"max-video-preview:-1"},"canonical":"https:\/\/diariodepe.com.br\/xinhua\/2021\/06\/24\/china-emite-livro-branco-sobre-pratica-do-pcc-na-protecao-dos-direitos-humanos\/","og_locale":"pt_BR","og_type":"article","og_title":"China emite livro branco sobre pr\u00e1tica do PCC na prote\u00e7\u00e3o dos direitos humanos - Xinhua - Diario de Pernambuco","og_description":"Beijing, 24 jun (Xinhua) &#8212; O Departamento de Comunica\u00e7\u00e3o do Conselho de Estado da China emitiu nesta quinta-feira um livro branco sobre a pr\u00e1tica do Partido Comunista da China em respeito e prote\u00e7\u00e3o dos direitos humanos. Durante cem anos, o...","og_url":"https:\/\/diariodepe.com.br\/xinhua\/2021\/06\/24\/china-emite-livro-branco-sobre-pratica-do-pcc-na-protecao-dos-direitos-humanos\/","og_site_name":"Xinhua - Diario de Pernambuco","article_published_time":"2021-06-24T11:45:28+00:00","article_modified_time":"2021-06-24T11:45:30+00:00","author":"Marcelo Oliveira de A. Maranhao","twitter_card":"summary_large_image","twitter_misc":{"Escrito por":"Marcelo Oliveira de A. Maranhao","Est. tempo de leitura":"2 minutos"},"schema":{"@context":"https:\/\/schema.org","@graph":[{"@type":"Article","@id":"https:\/\/diariodepe.com.br\/xinhua\/2021\/06\/24\/china-emite-livro-branco-sobre-pratica-do-pcc-na-protecao-dos-direitos-humanos\/#article","isPartOf":{"@id":"https:\/\/diariodepe.com.br\/xinhua\/2021\/06\/24\/china-emite-livro-branco-sobre-pratica-do-pcc-na-protecao-dos-direitos-humanos\/"},"author":{"name":"Marcelo Oliveira de A. Maranhao","@id":"https:\/\/diariodepe.com.br\/xinhua\/#\/schema\/person\/0943d6fd02bdc7b49c8f495e8787a2cb"},"headline":"China emite livro branco sobre pr\u00e1tica do PCC na prote\u00e7\u00e3o dos direitos humanos","datePublished":"2021-06-24T11:45:28+00:00","dateModified":"2021-06-24T11:45:30+00:00","mainEntityOfPage":{"@id":"https:\/\/diariodepe.com.br\/xinhua\/2021\/06\/24\/china-emite-livro-branco-sobre-pratica-do-pcc-na-protecao-dos-direitos-humanos\/"},"wordCount":374,"commentCount":0,"publisher":{"@id":"https:\/\/diariodepe.com.br\/xinhua\/#organization"},"articleSection":["China"],"inLanguage":"pt-BR","potentialAction":[{"@type":"CommentAction","name":"Comment","target":["https:\/\/diariodepe.com.br\/xinhua\/2021\/06\/24\/china-emite-livro-branco-sobre-pratica-do-pcc-na-protecao-dos-direitos-humanos\/#respond"]}]},{"@type":"WebPage","@id":"https:\/\/diariodepe.com.br\/xinhua\/2021\/06\/24\/china-emite-livro-branco-sobre-pratica-do-pcc-na-protecao-dos-direitos-humanos\/","url":"https:\/\/diariodepe.com.br\/xinhua\/2021\/06\/24\/china-emite-livro-branco-sobre-pratica-do-pcc-na-protecao-dos-direitos-humanos\/","name":"China emite livro branco sobre pr\u00e1tica do PCC na prote\u00e7\u00e3o dos direitos humanos - Xinhua - Diario de Pernambuco","isPartOf":{"@id":"https:\/\/diariodepe.com.br\/xinhua\/#website"},"datePublished":"2021-06-24T11:45:28+00:00","dateModified":"2021-06-24T11:45:30+00:00","breadcrumb":{"@id":"https:\/\/diariodepe.com.br\/xinhua\/2021\/06\/24\/china-emite-livro-branco-sobre-pratica-do-pcc-na-protecao-dos-direitos-humanos\/#breadcrumb"},"inLanguage":"pt-BR","potentialAction":[{"@type":"ReadAction","target":["https:\/\/diariodepe.com.br\/xinhua\/2021\/06\/24\/china-emite-livro-branco-sobre-pratica-do-pcc-na-protecao-dos-direitos-humanos\/"]}]},{"@type":"BreadcrumbList","@id":"https:\/\/diariodepe.com.br\/xinhua\/2021\/06\/24\/china-emite-livro-branco-sobre-pratica-do-pcc-na-protecao-dos-direitos-humanos\/#breadcrumb","itemListElement":[{"@type":"ListItem","position":1,"name":"In\u00edcio","item":"https:\/\/diariodepe.com.br\/xinhua\/"},{"@type":"ListItem","position":2,"name":"China emite livro branco sobre pr\u00e1tica do PCC na prote\u00e7\u00e3o dos direitos humanos"}]},{"@type":"WebSite","@id":"https:\/\/diariodepe.com.br\/xinhua\/#website","url":"https:\/\/diariodepe.com.br\/xinhua\/","name":"Xinhua - Diario de Pernambuco","description":"A maior ag\u00eancia de not\u00edcias da China e um dos principais canais para conhecer o pa\u00eds","publisher":{"@id":"https:\/\/diariodepe.com.br\/xinhua\/#organization"},"potentialAction":[{"@type":"SearchAction","target":{"@type":"EntryPoint","urlTemplate":"https:\/\/diariodepe.com.br\/xinhua\/?s={search_term_string}"},"query-input":{"@type":"PropertyValueSpecification","valueRequired":true,"valueName":"search_term_string"}}],"inLanguage":"pt-BR"},{"@type":"Organization","@id":"https:\/\/diariodepe.com.br\/xinhua\/#organization","name":"Xinhua - Diario de Pernambuco","url":"https:\/\/diariodepe.com.br\/xinhua\/","logo":{"@type":"ImageObject","inLanguage":"pt-BR","@id":"https:\/\/diariodepe.com.br\/xinhua\/#\/schema\/logo\/image\/","url":"https:\/\/diariodepe.com.br\/xinhua\/wp-content\/uploads\/sites\/3\/2020\/10\/cropped-logo-transparente-2.png","contentUrl":"https:\/\/diariodepe.com.br\/xinhua\/wp-content\/uploads\/sites\/3\/2020\/10\/cropped-logo-transparente-2.png","width":512,"height":164,"caption":"Xinhua - Diario de Pernambuco"},"image":{"@id":"https:\/\/diariodepe.com.br\/xinhua\/#\/schema\/logo\/image\/"}},{"@type":"Person","@id":"https:\/\/diariodepe.com.br\/xinhua\/#\/schema\/person\/0943d6fd02bdc7b49c8f495e8787a2cb","name":"Marcelo Oliveira de A. Maranhao","image":{"@type":"ImageObject","inLanguage":"pt-BR","@id":"https:\/\/secure.gravatar.com\/avatar\/f562caee940d39879c20e90eea3e4b21860c7d4c96684c23141c554824f0059c?s=96&d=mm&r=g","url":"https:\/\/secure.gravatar.com\/avatar\/f562caee940d39879c20e90eea3e4b21860c7d4c96684c23141c554824f0059c?s=96&d=mm&r=g","contentUrl":"https:\/\/secure.gravatar.com\/avatar\/f562caee940d39879c20e90eea3e4b21860c7d4c96684c23141c554824f0059c?s=96&d=mm&r=g","caption":"Marcelo Oliveira de A. Maranhao"},"url":"https:\/\/diariodepe.com.br\/xinhua\/author\/marcelo-maranhao\/"}]}},"cc_featured_image_caption":{"caption_text":"","source_text":"","source_url":""},"amp_enabled":true,"_links":{"self":[{"href":"https:\/\/diariodepe.com.br\/xinhua\/wp-json\/wp\/v2\/posts\/2082","targetHints":{"allow":["GET"]}}],"collection":[{"href":"https:\/\/diariodepe.com.br\/xinhua\/wp-json\/wp\/v2\/posts"}],"about":[{"href":"https:\/\/diariodepe.com.br\/xinhua\/wp-json\/wp\/v2\/types\/post"}],"author":[{"embeddable":true,"href":"https:\/\/diariodepe.com.br\/xinhua\/wp-json\/wp\/v2\/users\/3"}],"replies":[{"embeddable":true,"href":"https:\/\/diariodepe.com.br\/xinhua\/wp-json\/wp\/v2\/comments?post=2082"}],"version-history":[{"count":1,"href":"https:\/\/diariodepe.com.br\/xinhua\/wp-json\/wp\/v2\/posts\/2082\/revisions"}],"predecessor-version":[{"id":2083,"href":"https:\/\/diariodepe.com.br\/xinhua\/wp-json\/wp\/v2\/posts\/2082\/revisions\/2083"}],"wp:attachment":[{"href":"https:\/\/diariodepe.com.br\/xinhua\/wp-json\/wp\/v2\/media?parent=2082"}],"wp:term":[{"taxonomy":"category","embeddable":true,"href":"https:\/\/diariodepe.com.br\/xinhua\/wp-json\/wp\/v2\/categories?post=2082"},{"taxonomy":"post_tag","embeddable":true,"href":"https:\/\/diariodepe.com.br\/xinhua\/wp-json\/wp\/v2\/tags?post=2082"}],"curies":[{"name":"wp","href":"https:\/\/api.w.org\/{rel}","templated":true}]}}