{"id":2059,"date":"2021-06-23T09:27:48","date_gmt":"2021-06-23T12:27:48","guid":{"rendered":"http:\/\/www.diariodepe.com.br\/xinhua\/?p=2059"},"modified":"2021-06-23T09:27:50","modified_gmt":"2021-06-23T12:27:50","slug":"ampliacao-xi-conversa-com-astronautas-no-modulo-central-da-estacao-espacial","status":"publish","type":"post","link":"https:\/\/diariodepe.com.br\/xinhua\/2021\/06\/23\/ampliacao-xi-conversa-com-astronautas-no-modulo-central-da-estacao-espacial\/","title":{"rendered":"Amplia\u00e7\u00e3o: Xi conversa com astronautas no m\u00f3dulo central da esta\u00e7\u00e3o espacial"},"content":{"rendered":"\n<p>Beijing, 23 jun (Xinhua) &#8212; O presidente chin\u00eas, Xi Jinping, conversou com os tr\u00eas astronautas no m\u00f3dulo central da esta\u00e7\u00e3o espacial do pa\u00eds, Tianhe, na manh\u00e3 desta quarta-feira.<\/p>\n\n\n\n<p>Xi, tamb\u00e9m secret\u00e1rio-geral do Comit\u00ea Central do Partido Comunista da China e presidente da Comiss\u00e3o Militar Central, realizou a conversa no Centro de Controle Aeroespacial de Beijing com Nie Haisheng, Liu Boming e Tang Hongbo, que foram enviados ao espa\u00e7o pela espa\u00e7onave Shenzhou-12 em 17 de junho.<\/p>\n\n\n\n<p>Xi cumprimentou calorosamente os astronautas em nome do Comit\u00ea Central do PCC, do Conselho de Estado, da CMC e das popula\u00e7\u00f5es de todos os grupos \u00e9tnicos do pa\u00eds.<\/p>\n\n\n\n<p>&#8220;Voc\u00eas s\u00e3o os primeiros astronautas estacionados no m\u00f3dulo central Tianhe e ficar\u00e3o no espa\u00e7o por tr\u00eas meses&#8221;, disse Xi durante a videochamada. &#8220;Todos n\u00f3s nos importamos muito com voc\u00eas.&#8221;<\/p>\n\n\n\n<p>Em resposta \u00e0s perguntas de Xi sobre sua sa\u00fade, condi\u00e7\u00f5es de vida e trabalho, Nie, comandante da tripula\u00e7\u00e3o, disse que eles estavam com boa sa\u00fade e que seus trabalhos estavam andando bem.<\/p>\n\n\n\n<p>&#8220;Esta \u00e9 minha terceira miss\u00e3o espacial. Trabalho e moro em Tianhe, e as condi\u00e7\u00f5es est\u00e3o cada vez melhores. Agora temos uma casa permanente operando em \u00f3rbita e estamos orgulhosos do nosso grande Partido e p\u00e1tria m\u00e3e&#8221;, disse Nie.<\/p>\n\n\n\n<p>Liu disse ao presidente que esta era sua segunda miss\u00e3o espacial e que a considerava uma grande honra e responsabilidade.<\/p>\n\n\n\n<p>&#8220;Mais tarde faremos uma s\u00e9rie de experimentos de verifica\u00e7\u00e3o tecnol\u00f3gica, incluindo duas atividades extraveiculares (EVAs) e opera\u00e7\u00f5es de bra\u00e7o rob\u00f3tico. Faremos as opera\u00e7\u00f5es com cautela para garantir o sucesso de todos os testes&#8221;, disse Liu.<\/p>\n\n\n\n<p>Tang, que est\u00e1 em sua primeira miss\u00e3o espacial, disse que j\u00e1 se adaptou ao ambiente sem gravidade.<\/p>\n\n\n\n<p>&#8220;Eu como, moro e trabalho bem, e posso fazer videochamadas com a minha fam\u00edlia. Nossa casa no espa\u00e7o \u00e9 muito aconchegante e confort\u00e1vel e temos total confian\u00e7a para concluir as pr\u00f3ximas tarefas&#8221;, disse Tang.<\/p>\n\n\n\n<p>Xi disse que ficou muito feliz ao conhecer que os astronautas estavam em boas condi\u00e7\u00f5es e que seu trabalho avan\u00e7avam como planejado.<\/p>\n\n\n\n<p>&#8220;A constru\u00e7\u00e3o da esta\u00e7\u00e3o espacial \u00e9 um marco na ind\u00fastria espacial da China, que far\u00e1 contribui\u00e7\u00f5es pioneiras para o uso pac\u00edfico do espa\u00e7o pela humanidade&#8221;, disse Xi.<\/p>\n\n\n\n<p>&#8220;Voc\u00eas s\u00e3o os representantes daqueles que est\u00e3o se esfor\u00e7ando e avan\u00e7ando na ind\u00fastria espacial da China na nova era. Espero que trabalhem juntos e concluam as pr\u00f3ximas tarefas&#8221;, disse Xi.<\/p>\n\n\n\n<p>Ele expressou sua esperan\u00e7a de que os tr\u00eas astronautas trabalhem e passem bem no espa\u00e7o. &#8220;Estamos esperando seu retorno triunfante em Beijing.&#8221;<\/p>\n\n\n\n<p>Antes da conversa, Xi testemunhou as opera\u00e7\u00f5es do complexo em \u00f3rbita, incluindo o m\u00f3dulo central e a Shenzhou-12, e o trabalho dos astronautas em \u00f3rbita, por meio de uma grande tela na sala de comando do centro.<\/p>\n\n\n\n<p>A tela mostrava Nie, Liu e Tang realizando treinamento em \u00f3rbita com um bra\u00e7o rob\u00f3tico, inspecionando e definindo o status do traje espacial extraveicular em prepara\u00e7\u00e3o para os EVAs.<\/p>\n\n\n\n<p>A China lan\u00e7ou seu m\u00f3dulo central da esta\u00e7\u00e3o espacial Tianhe em 29 de abril.<\/p>\n\n\n\n<p>O vice-premi\u00ea Han Zheng, tamb\u00e9m membro do Comit\u00ea Permanente do Bir\u00f4 Pol\u00edtico do Comit\u00ea Central do PCC, participou do evento da quarta-feira.<\/p>\n","protected":false},"excerpt":{"rendered":"<p>Beijing, 23 jun (Xinhua) &#8212; O presidente chin\u00eas, Xi Jinping, conversou com os tr\u00eas astronautas no m\u00f3dulo central da esta\u00e7\u00e3o espacial do pa\u00eds, Tianhe, na manh\u00e3 desta quarta-feira. Xi, tamb\u00e9m secret\u00e1rio-geral do Comit\u00ea Central do Partido Comunista da China e&#8230;<\/p>\n","protected":false},"author":3,"featured_media":0,"comment_status":"open","ping_status":"open","sticky":false,"template":"","format":"standard","meta":{"footnotes":""},"categories":[6],"tags":[],"class_list":["post-2059","post","type-post","status-publish","format-standard","hentry","category-cultura-tecnologia"],"yoast_head":"<!-- This site is optimized with the Yoast SEO plugin v27.4 - https:\/\/yoast.com\/product\/yoast-seo-wordpress\/ -->\n<title>Amplia\u00e7\u00e3o: Xi conversa com astronautas no m\u00f3dulo central da esta\u00e7\u00e3o espacial - Xinhua - Diario de Pernambuco<\/title>\n<meta name=\"robots\" content=\"index, follow, max-snippet:-1, max-image-preview:large, max-video-preview:-1\" \/>\n<link rel=\"canonical\" href=\"https:\/\/diariodepe.com.br\/xinhua\/2021\/06\/23\/ampliacao-xi-conversa-com-astronautas-no-modulo-central-da-estacao-espacial\/\" \/>\n<meta property=\"og:locale\" content=\"pt_BR\" \/>\n<meta property=\"og:type\" content=\"article\" \/>\n<meta property=\"og:title\" content=\"Amplia\u00e7\u00e3o: Xi conversa com astronautas no m\u00f3dulo central da esta\u00e7\u00e3o espacial - Xinhua - Diario de Pernambuco\" \/>\n<meta property=\"og:description\" content=\"Beijing, 23 jun (Xinhua) &#8212; O presidente chin\u00eas, Xi Jinping, conversou com os tr\u00eas astronautas no m\u00f3dulo central da esta\u00e7\u00e3o espacial do pa\u00eds, Tianhe, na manh\u00e3 desta quarta-feira. Xi, tamb\u00e9m secret\u00e1rio-geral do Comit\u00ea Central do Partido Comunista da China e...\" \/>\n<meta property=\"og:url\" content=\"https:\/\/diariodepe.com.br\/xinhua\/2021\/06\/23\/ampliacao-xi-conversa-com-astronautas-no-modulo-central-da-estacao-espacial\/\" \/>\n<meta property=\"og:site_name\" content=\"Xinhua - Diario de Pernambuco\" \/>\n<meta property=\"article:published_time\" content=\"2021-06-23T12:27:48+00:00\" \/>\n<meta property=\"article:modified_time\" content=\"2021-06-23T12:27:50+00:00\" \/>\n<meta name=\"author\" content=\"Marcelo Oliveira de A. Maranhao\" \/>\n<meta name=\"twitter:card\" content=\"summary_large_image\" \/>\n<meta name=\"twitter:label1\" content=\"Escrito por\" \/>\n\t<meta name=\"twitter:data1\" content=\"Marcelo Oliveira de A. Maranhao\" \/>\n\t<meta name=\"twitter:label2\" content=\"Est. tempo de leitura\" \/>\n\t<meta name=\"twitter:data2\" content=\"3 minutos\" \/>\n<script type=\"application\/ld+json\" class=\"yoast-schema-graph\">{\"@context\":\"https:\\\/\\\/schema.org\",\"@graph\":[{\"@type\":\"Article\",\"@id\":\"https:\\\/\\\/diariodepe.com.br\\\/xinhua\\\/2021\\\/06\\\/23\\\/ampliacao-xi-conversa-com-astronautas-no-modulo-central-da-estacao-espacial\\\/#article\",\"isPartOf\":{\"@id\":\"https:\\\/\\\/diariodepe.com.br\\\/xinhua\\\/2021\\\/06\\\/23\\\/ampliacao-xi-conversa-com-astronautas-no-modulo-central-da-estacao-espacial\\\/\"},\"author\":{\"name\":\"Marcelo Oliveira de A. Maranhao\",\"@id\":\"https:\\\/\\\/diariodepe.com.br\\\/xinhua\\\/#\\\/schema\\\/person\\\/0943d6fd02bdc7b49c8f495e8787a2cb\"},\"headline\":\"Amplia\u00e7\u00e3o: Xi conversa com astronautas no m\u00f3dulo central da esta\u00e7\u00e3o espacial\",\"datePublished\":\"2021-06-23T12:27:48+00:00\",\"dateModified\":\"2021-06-23T12:27:50+00:00\",\"mainEntityOfPage\":{\"@id\":\"https:\\\/\\\/diariodepe.com.br\\\/xinhua\\\/2021\\\/06\\\/23\\\/ampliacao-xi-conversa-com-astronautas-no-modulo-central-da-estacao-espacial\\\/\"},\"wordCount\":590,\"commentCount\":0,\"publisher\":{\"@id\":\"https:\\\/\\\/diariodepe.com.br\\\/xinhua\\\/#organization\"},\"articleSection\":[\"Cultura \\\/ Tecnologia\"],\"inLanguage\":\"pt-BR\",\"potentialAction\":[{\"@type\":\"CommentAction\",\"name\":\"Comment\",\"target\":[\"https:\\\/\\\/diariodepe.com.br\\\/xinhua\\\/2021\\\/06\\\/23\\\/ampliacao-xi-conversa-com-astronautas-no-modulo-central-da-estacao-espacial\\\/#respond\"]}]},{\"@type\":\"WebPage\",\"@id\":\"https:\\\/\\\/diariodepe.com.br\\\/xinhua\\\/2021\\\/06\\\/23\\\/ampliacao-xi-conversa-com-astronautas-no-modulo-central-da-estacao-espacial\\\/\",\"url\":\"https:\\\/\\\/diariodepe.com.br\\\/xinhua\\\/2021\\\/06\\\/23\\\/ampliacao-xi-conversa-com-astronautas-no-modulo-central-da-estacao-espacial\\\/\",\"name\":\"Amplia\u00e7\u00e3o: Xi conversa com astronautas no m\u00f3dulo central da esta\u00e7\u00e3o espacial - Xinhua - Diario de Pernambuco\",\"isPartOf\":{\"@id\":\"https:\\\/\\\/diariodepe.com.br\\\/xinhua\\\/#website\"},\"datePublished\":\"2021-06-23T12:27:48+00:00\",\"dateModified\":\"2021-06-23T12:27:50+00:00\",\"breadcrumb\":{\"@id\":\"https:\\\/\\\/diariodepe.com.br\\\/xinhua\\\/2021\\\/06\\\/23\\\/ampliacao-xi-conversa-com-astronautas-no-modulo-central-da-estacao-espacial\\\/#breadcrumb\"},\"inLanguage\":\"pt-BR\",\"potentialAction\":[{\"@type\":\"ReadAction\",\"target\":[\"https:\\\/\\\/diariodepe.com.br\\\/xinhua\\\/2021\\\/06\\\/23\\\/ampliacao-xi-conversa-com-astronautas-no-modulo-central-da-estacao-espacial\\\/\"]}]},{\"@type\":\"BreadcrumbList\",\"@id\":\"https:\\\/\\\/diariodepe.com.br\\\/xinhua\\\/2021\\\/06\\\/23\\\/ampliacao-xi-conversa-com-astronautas-no-modulo-central-da-estacao-espacial\\\/#breadcrumb\",\"itemListElement\":[{\"@type\":\"ListItem\",\"position\":1,\"name\":\"In\u00edcio\",\"item\":\"https:\\\/\\\/diariodepe.com.br\\\/xinhua\\\/\"},{\"@type\":\"ListItem\",\"position\":2,\"name\":\"Amplia\u00e7\u00e3o: Xi conversa com astronautas no m\u00f3dulo central da esta\u00e7\u00e3o espacial\"}]},{\"@type\":\"WebSite\",\"@id\":\"https:\\\/\\\/diariodepe.com.br\\\/xinhua\\\/#website\",\"url\":\"https:\\\/\\\/diariodepe.com.br\\\/xinhua\\\/\",\"name\":\"Xinhua - Diario de Pernambuco\",\"description\":\"A maior ag\u00eancia de not\u00edcias da China e um dos principais canais para conhecer o pa\u00eds\",\"publisher\":{\"@id\":\"https:\\\/\\\/diariodepe.com.br\\\/xinhua\\\/#organization\"},\"potentialAction\":[{\"@type\":\"SearchAction\",\"target\":{\"@type\":\"EntryPoint\",\"urlTemplate\":\"https:\\\/\\\/diariodepe.com.br\\\/xinhua\\\/?s={search_term_string}\"},\"query-input\":{\"@type\":\"PropertyValueSpecification\",\"valueRequired\":true,\"valueName\":\"search_term_string\"}}],\"inLanguage\":\"pt-BR\"},{\"@type\":\"Organization\",\"@id\":\"https:\\\/\\\/diariodepe.com.br\\\/xinhua\\\/#organization\",\"name\":\"Xinhua - Diario de Pernambuco\",\"url\":\"https:\\\/\\\/diariodepe.com.br\\\/xinhua\\\/\",\"logo\":{\"@type\":\"ImageObject\",\"inLanguage\":\"pt-BR\",\"@id\":\"https:\\\/\\\/diariodepe.com.br\\\/xinhua\\\/#\\\/schema\\\/logo\\\/image\\\/\",\"url\":\"https:\\\/\\\/diariodepe.com.br\\\/xinhua\\\/wp-content\\\/uploads\\\/sites\\\/3\\\/2020\\\/10\\\/cropped-logo-transparente-2.png\",\"contentUrl\":\"https:\\\/\\\/diariodepe.com.br\\\/xinhua\\\/wp-content\\\/uploads\\\/sites\\\/3\\\/2020\\\/10\\\/cropped-logo-transparente-2.png\",\"width\":512,\"height\":164,\"caption\":\"Xinhua - Diario de Pernambuco\"},\"image\":{\"@id\":\"https:\\\/\\\/diariodepe.com.br\\\/xinhua\\\/#\\\/schema\\\/logo\\\/image\\\/\"}},{\"@type\":\"Person\",\"@id\":\"https:\\\/\\\/diariodepe.com.br\\\/xinhua\\\/#\\\/schema\\\/person\\\/0943d6fd02bdc7b49c8f495e8787a2cb\",\"name\":\"Marcelo Oliveira de A. Maranhao\",\"image\":{\"@type\":\"ImageObject\",\"inLanguage\":\"pt-BR\",\"@id\":\"https:\\\/\\\/secure.gravatar.com\\\/avatar\\\/f562caee940d39879c20e90eea3e4b21860c7d4c96684c23141c554824f0059c?s=96&d=mm&r=g\",\"url\":\"https:\\\/\\\/secure.gravatar.com\\\/avatar\\\/f562caee940d39879c20e90eea3e4b21860c7d4c96684c23141c554824f0059c?s=96&d=mm&r=g\",\"contentUrl\":\"https:\\\/\\\/secure.gravatar.com\\\/avatar\\\/f562caee940d39879c20e90eea3e4b21860c7d4c96684c23141c554824f0059c?s=96&d=mm&r=g\",\"caption\":\"Marcelo Oliveira de A. Maranhao\"},\"url\":\"https:\\\/\\\/diariodepe.com.br\\\/xinhua\\\/author\\\/marcelo-maranhao\\\/\"}]}<\/script>\n<!-- \/ Yoast SEO plugin. -->","yoast_head_json":{"title":"Amplia\u00e7\u00e3o: Xi conversa com astronautas no m\u00f3dulo central da esta\u00e7\u00e3o espacial - Xinhua - Diario de Pernambuco","robots":{"index":"index","follow":"follow","max-snippet":"max-snippet:-1","max-image-preview":"max-image-preview:large","max-video-preview":"max-video-preview:-1"},"canonical":"https:\/\/diariodepe.com.br\/xinhua\/2021\/06\/23\/ampliacao-xi-conversa-com-astronautas-no-modulo-central-da-estacao-espacial\/","og_locale":"pt_BR","og_type":"article","og_title":"Amplia\u00e7\u00e3o: Xi conversa com astronautas no m\u00f3dulo central da esta\u00e7\u00e3o espacial - Xinhua - Diario de Pernambuco","og_description":"Beijing, 23 jun (Xinhua) &#8212; O presidente chin\u00eas, Xi Jinping, conversou com os tr\u00eas astronautas no m\u00f3dulo central da esta\u00e7\u00e3o espacial do pa\u00eds, Tianhe, na manh\u00e3 desta quarta-feira. Xi, tamb\u00e9m secret\u00e1rio-geral do Comit\u00ea Central do Partido Comunista da China e...","og_url":"https:\/\/diariodepe.com.br\/xinhua\/2021\/06\/23\/ampliacao-xi-conversa-com-astronautas-no-modulo-central-da-estacao-espacial\/","og_site_name":"Xinhua - Diario de Pernambuco","article_published_time":"2021-06-23T12:27:48+00:00","article_modified_time":"2021-06-23T12:27:50+00:00","author":"Marcelo Oliveira de A. Maranhao","twitter_card":"summary_large_image","twitter_misc":{"Escrito por":"Marcelo Oliveira de A. Maranhao","Est. tempo de leitura":"3 minutos"},"schema":{"@context":"https:\/\/schema.org","@graph":[{"@type":"Article","@id":"https:\/\/diariodepe.com.br\/xinhua\/2021\/06\/23\/ampliacao-xi-conversa-com-astronautas-no-modulo-central-da-estacao-espacial\/#article","isPartOf":{"@id":"https:\/\/diariodepe.com.br\/xinhua\/2021\/06\/23\/ampliacao-xi-conversa-com-astronautas-no-modulo-central-da-estacao-espacial\/"},"author":{"name":"Marcelo Oliveira de A. Maranhao","@id":"https:\/\/diariodepe.com.br\/xinhua\/#\/schema\/person\/0943d6fd02bdc7b49c8f495e8787a2cb"},"headline":"Amplia\u00e7\u00e3o: Xi conversa com astronautas no m\u00f3dulo central da esta\u00e7\u00e3o espacial","datePublished":"2021-06-23T12:27:48+00:00","dateModified":"2021-06-23T12:27:50+00:00","mainEntityOfPage":{"@id":"https:\/\/diariodepe.com.br\/xinhua\/2021\/06\/23\/ampliacao-xi-conversa-com-astronautas-no-modulo-central-da-estacao-espacial\/"},"wordCount":590,"commentCount":0,"publisher":{"@id":"https:\/\/diariodepe.com.br\/xinhua\/#organization"},"articleSection":["Cultura \/ Tecnologia"],"inLanguage":"pt-BR","potentialAction":[{"@type":"CommentAction","name":"Comment","target":["https:\/\/diariodepe.com.br\/xinhua\/2021\/06\/23\/ampliacao-xi-conversa-com-astronautas-no-modulo-central-da-estacao-espacial\/#respond"]}]},{"@type":"WebPage","@id":"https:\/\/diariodepe.com.br\/xinhua\/2021\/06\/23\/ampliacao-xi-conversa-com-astronautas-no-modulo-central-da-estacao-espacial\/","url":"https:\/\/diariodepe.com.br\/xinhua\/2021\/06\/23\/ampliacao-xi-conversa-com-astronautas-no-modulo-central-da-estacao-espacial\/","name":"Amplia\u00e7\u00e3o: Xi conversa com astronautas no m\u00f3dulo central da esta\u00e7\u00e3o espacial - Xinhua - Diario de Pernambuco","isPartOf":{"@id":"https:\/\/diariodepe.com.br\/xinhua\/#website"},"datePublished":"2021-06-23T12:27:48+00:00","dateModified":"2021-06-23T12:27:50+00:00","breadcrumb":{"@id":"https:\/\/diariodepe.com.br\/xinhua\/2021\/06\/23\/ampliacao-xi-conversa-com-astronautas-no-modulo-central-da-estacao-espacial\/#breadcrumb"},"inLanguage":"pt-BR","potentialAction":[{"@type":"ReadAction","target":["https:\/\/diariodepe.com.br\/xinhua\/2021\/06\/23\/ampliacao-xi-conversa-com-astronautas-no-modulo-central-da-estacao-espacial\/"]}]},{"@type":"BreadcrumbList","@id":"https:\/\/diariodepe.com.br\/xinhua\/2021\/06\/23\/ampliacao-xi-conversa-com-astronautas-no-modulo-central-da-estacao-espacial\/#breadcrumb","itemListElement":[{"@type":"ListItem","position":1,"name":"In\u00edcio","item":"https:\/\/diariodepe.com.br\/xinhua\/"},{"@type":"ListItem","position":2,"name":"Amplia\u00e7\u00e3o: Xi conversa com astronautas no m\u00f3dulo central da esta\u00e7\u00e3o espacial"}]},{"@type":"WebSite","@id":"https:\/\/diariodepe.com.br\/xinhua\/#website","url":"https:\/\/diariodepe.com.br\/xinhua\/","name":"Xinhua - Diario de Pernambuco","description":"A maior ag\u00eancia de not\u00edcias da China e um dos principais canais para conhecer o pa\u00eds","publisher":{"@id":"https:\/\/diariodepe.com.br\/xinhua\/#organization"},"potentialAction":[{"@type":"SearchAction","target":{"@type":"EntryPoint","urlTemplate":"https:\/\/diariodepe.com.br\/xinhua\/?s={search_term_string}"},"query-input":{"@type":"PropertyValueSpecification","valueRequired":true,"valueName":"search_term_string"}}],"inLanguage":"pt-BR"},{"@type":"Organization","@id":"https:\/\/diariodepe.com.br\/xinhua\/#organization","name":"Xinhua - Diario de Pernambuco","url":"https:\/\/diariodepe.com.br\/xinhua\/","logo":{"@type":"ImageObject","inLanguage":"pt-BR","@id":"https:\/\/diariodepe.com.br\/xinhua\/#\/schema\/logo\/image\/","url":"https:\/\/diariodepe.com.br\/xinhua\/wp-content\/uploads\/sites\/3\/2020\/10\/cropped-logo-transparente-2.png","contentUrl":"https:\/\/diariodepe.com.br\/xinhua\/wp-content\/uploads\/sites\/3\/2020\/10\/cropped-logo-transparente-2.png","width":512,"height":164,"caption":"Xinhua - Diario de Pernambuco"},"image":{"@id":"https:\/\/diariodepe.com.br\/xinhua\/#\/schema\/logo\/image\/"}},{"@type":"Person","@id":"https:\/\/diariodepe.com.br\/xinhua\/#\/schema\/person\/0943d6fd02bdc7b49c8f495e8787a2cb","name":"Marcelo Oliveira de A. Maranhao","image":{"@type":"ImageObject","inLanguage":"pt-BR","@id":"https:\/\/secure.gravatar.com\/avatar\/f562caee940d39879c20e90eea3e4b21860c7d4c96684c23141c554824f0059c?s=96&d=mm&r=g","url":"https:\/\/secure.gravatar.com\/avatar\/f562caee940d39879c20e90eea3e4b21860c7d4c96684c23141c554824f0059c?s=96&d=mm&r=g","contentUrl":"https:\/\/secure.gravatar.com\/avatar\/f562caee940d39879c20e90eea3e4b21860c7d4c96684c23141c554824f0059c?s=96&d=mm&r=g","caption":"Marcelo Oliveira de A. Maranhao"},"url":"https:\/\/diariodepe.com.br\/xinhua\/author\/marcelo-maranhao\/"}]}},"cc_featured_image_caption":{"caption_text":"","source_text":"","source_url":""},"amp_enabled":true,"_links":{"self":[{"href":"https:\/\/diariodepe.com.br\/xinhua\/wp-json\/wp\/v2\/posts\/2059","targetHints":{"allow":["GET"]}}],"collection":[{"href":"https:\/\/diariodepe.com.br\/xinhua\/wp-json\/wp\/v2\/posts"}],"about":[{"href":"https:\/\/diariodepe.com.br\/xinhua\/wp-json\/wp\/v2\/types\/post"}],"author":[{"embeddable":true,"href":"https:\/\/diariodepe.com.br\/xinhua\/wp-json\/wp\/v2\/users\/3"}],"replies":[{"embeddable":true,"href":"https:\/\/diariodepe.com.br\/xinhua\/wp-json\/wp\/v2\/comments?post=2059"}],"version-history":[{"count":1,"href":"https:\/\/diariodepe.com.br\/xinhua\/wp-json\/wp\/v2\/posts\/2059\/revisions"}],"predecessor-version":[{"id":2060,"href":"https:\/\/diariodepe.com.br\/xinhua\/wp-json\/wp\/v2\/posts\/2059\/revisions\/2060"}],"wp:attachment":[{"href":"https:\/\/diariodepe.com.br\/xinhua\/wp-json\/wp\/v2\/media?parent=2059"}],"wp:term":[{"taxonomy":"category","embeddable":true,"href":"https:\/\/diariodepe.com.br\/xinhua\/wp-json\/wp\/v2\/categories?post=2059"},{"taxonomy":"post_tag","embeddable":true,"href":"https:\/\/diariodepe.com.br\/xinhua\/wp-json\/wp\/v2\/tags?post=2059"}],"curies":[{"name":"wp","href":"https:\/\/api.w.org\/{rel}","templated":true}]}}