{"id":20497,"date":"2024-06-10T09:00:00","date_gmt":"2024-06-10T12:00:00","guid":{"rendered":"https:\/\/www.diariodepe.com.br\/xinhua\/?p=20497"},"modified":"2024-06-09T14:50:53","modified_gmt":"2024-06-09T17:50:53","slug":"servia-inaugura-trem-de-alta-velocidade-construido-pela-china-em-belgrado","status":"publish","type":"post","link":"https:\/\/diariodepe.com.br\/xinhua\/2024\/06\/10\/servia-inaugura-trem-de-alta-velocidade-construido-pela-china-em-belgrado\/","title":{"rendered":"S\u00e9rvia inaugura trem de alta velocidade constru\u00eddo pela China em Belgrado"},"content":{"rendered":"\n<p>Belgrado &#8211; Um novo trem de alta velocidade constru\u00eddo pela China foi inaugurado em Belgrado na sexta-feira, durante cerim\u00f4nia com a presen\u00e7a do presidente s\u00e9rvio, Aleksandar Vucic.<\/p>\n\n\n\n<p>Vucic anunciou na cerim\u00f4nia na esta\u00e7\u00e3o ferrovi\u00e1ria de Zemun que a S\u00e9rvia encomendou cinco trens da China Railway Rolling Stock Corporation (CRRC), para transporte de passageiros ao longo do trecho s\u00e9rvio da ferrovia Belgrado-Budapeste, que ser\u00e1 conclu\u00eddo em breve.<\/p>\n\n\n\n<p>O presidente destacou que a viagem de 180 km de Belgrado a Subotica, perto da fronteira S\u00e9rvia-Hungria, levar\u00e1 apenas uma hora e 10 minutos.<\/p>\n\n\n\n<p>\u201cAgrade\u00e7o principalmente a China Communications Construction Company (CCCC), que provavelmente \u00e9 a melhor empresa que j\u00e1 trabalhou pela S\u00e9rvia. Essa empresa \u00e9 um milagre e \u00e9 incr\u00edvel como as pessoas trabalham\u201d, disse Vucic.<\/p>\n\n\n\n<figure class=\"wp-block-image\"><img decoding=\"async\" src=\"https:\/\/portuguese.news.cn\/20240609\/ac596bd8267d4a1291b54ac2e04513c2\/20240609ac596bd8267d4a1291b54ac2e04513c2_20240609dc2cde90ccfb466fa5f96ea2ed35dae1.jpeg\" alt=\"\"\/><figcaption>Interior de novo trem de alta velocidade constru\u00eddo pela China e inaugurado em Belgrado, S\u00e9rvia, no dia 7 de junho de 2024. (Foto por Ren Weiyun\/Xinhua)<\/figcaption><\/figure>\n\n\n\n<p>A ferrovia Belgrado-Budapeste, com 350 km de extens\u00e3o, est\u00e1 em constru\u00e7\u00e3o por um cons\u00f3rcio de empresas chinesas, incluindo a CCCC.<\/p>\n\n\n\n<p>Sobre as importa\u00e7\u00f5es de trens da China, ele explicou: \u201cConforme contrato, o \u00faltimo chegar\u00e1 em 31 de dezembro de 2025. Faremos testes para a linha Belgrado-Subotica j\u00e1 em setembro, no mais tardar em 1\u00ba de dezembro. Se terminarmos a linha at\u00e9 l\u00e1, o que pretendemos, voc\u00eas viajar\u00e3o neste trem Belgrado-Subotica\u201d.<\/p>\n\n\n\n<p>Os empreiteiros chineses conclu\u00edram at\u00e9 o momento a ferrovia entre as capitais de Belgrado e a segunda maior cidade da S\u00e9rvia, Novi Sad, e ir\u00e3o estender a ferrovia at\u00e9 Subotica at\u00e9 dezembro de 2024.<\/p>\n\n\n\n<p>Vucic tamb\u00e9m mencionou que a ferrovia reconstru\u00edda Belgrado-Novi Sad, inaugurada em mar\u00e7o de 2022, revitalizou o transporte ferrovi\u00e1rio da S\u00e9rvia.<\/p>\n\n\n\n<figure class=\"wp-block-image\"><img decoding=\"async\" src=\"https:\/\/portuguese.news.cn\/20240609\/ac596bd8267d4a1291b54ac2e04513c2\/20240609ac596bd8267d4a1291b54ac2e04513c2_20240609a785dbf4adf54dea9b0e63b0cb21d61c.jpeg\" alt=\"\"\/><figcaption>Interior de novo trem de alta velocidade constru\u00eddo pela China e inaugurado em Belgrado, S\u00e9rvia, no dia 7 de junho de 2024. (Foto por Ren Weiyun\/Xinhua)<\/figcaption><\/figure>\n\n\n\n<p>\u201cImportamos os melhores e mais bonitos trens. Espero que eles sejam constru\u00eddos por n\u00f3s em breve, isso seria muito importante para o crescimento da S\u00e9rvia\u201d, disse Vucic. Ele espera que a S\u00e9rvia comece em breve, com a ajuda chinesa, a construir trens r\u00e1pidos no pa\u00eds.<\/p>\n\n\n\n<p>A ferrovia Belgrado-Budapeste \u00e9 um dos projetos emblem\u00e1ticos da Iniciativa do Cintur\u00e3o e Rota da China na Europa, gra\u00e7as \u00e0 coopera\u00e7\u00e3o entre a China, a Hungria e a S\u00e9rvia.<\/p>\n\n\n\n<p>O novo trem possui 250 assentos e pode atingir velocidade de at\u00e9 200 km por hora. Ele tem sistema de diagn\u00f3stico inteligente, manuten\u00e7\u00e3o, sistemas de venda de passagens, espa\u00e7o para cadeiras de rodas, banheiros para pessoas com mobilidade reduzida e armazenamento para bicicletas e bagagens grandes.<\/p>\n\n\n\n<figure class=\"wp-block-image\"><img decoding=\"async\" src=\"https:\/\/portuguese.news.cn\/20240609\/ac596bd8267d4a1291b54ac2e04513c2\/20240609ac596bd8267d4a1291b54ac2e04513c2_202406096ffbe7bb92b249edb46dca0a8b1b410b.jpeg\" alt=\"\"\/><figcaption>Interior de novo trem de alta velocidade constru\u00eddo pela China e inaugurado em Belgrado, S\u00e9rvia, no dia 7 de junho de 2024. (Foto por Ren Weiyun\/Xinhua)<\/figcaption><\/figure>\n\n\n\n<p><\/p>\n","protected":false},"excerpt":{"rendered":"<p>Belgrado &#8211; Um novo trem de alta velocidade constru\u00eddo pela China foi inaugurado em Belgrado na sexta-feira, durante cerim\u00f4nia com a presen\u00e7a do presidente s\u00e9rvio, Aleksandar Vucic. Vucic anunciou na cerim\u00f4nia na esta\u00e7\u00e3o ferrovi\u00e1ria de Zemun que a S\u00e9rvia encomendou&#8230;<\/p>\n","protected":false},"author":3,"featured_media":20498,"comment_status":"open","ping_status":"open","sticky":false,"template":"","format":"standard","meta":{"footnotes":""},"categories":[4],"tags":[],"class_list":["post-20497","post","type-post","status-publish","format-standard","has-post-thumbnail","hentry","category-internacional"],"yoast_head":"<!-- This site is optimized with the Yoast SEO plugin v27.4 - https:\/\/yoast.com\/product\/yoast-seo-wordpress\/ -->\n<title>S\u00e9rvia inaugura trem de alta velocidade constru\u00eddo pela China em Belgrado - Xinhua - Diario de Pernambuco<\/title>\n<meta name=\"robots\" content=\"index, follow, max-snippet:-1, max-image-preview:large, max-video-preview:-1\" \/>\n<link rel=\"canonical\" href=\"https:\/\/diariodepe.com.br\/xinhua\/2024\/06\/10\/servia-inaugura-trem-de-alta-velocidade-construido-pela-china-em-belgrado\/\" \/>\n<meta property=\"og:locale\" content=\"pt_BR\" \/>\n<meta property=\"og:type\" content=\"article\" \/>\n<meta property=\"og:title\" content=\"S\u00e9rvia inaugura trem de alta velocidade constru\u00eddo pela China em Belgrado - Xinhua - Diario de Pernambuco\" \/>\n<meta property=\"og:description\" content=\"Belgrado &#8211; Um novo trem de alta velocidade constru\u00eddo pela China foi inaugurado em Belgrado na sexta-feira, durante cerim\u00f4nia com a presen\u00e7a do presidente s\u00e9rvio, Aleksandar Vucic. Vucic anunciou na cerim\u00f4nia na esta\u00e7\u00e3o ferrovi\u00e1ria de Zemun que a S\u00e9rvia encomendou...\" \/>\n<meta property=\"og:url\" content=\"https:\/\/diariodepe.com.br\/xinhua\/2024\/06\/10\/servia-inaugura-trem-de-alta-velocidade-construido-pela-china-em-belgrado\/\" \/>\n<meta property=\"og:site_name\" content=\"Xinhua - Diario de Pernambuco\" \/>\n<meta property=\"article:published_time\" content=\"2024-06-10T12:00:00+00:00\" \/>\n<meta property=\"og:image\" content=\"https:\/\/diariodepe.com.br\/xinhua\/wp-content\/uploads\/sites\/3\/2024\/06\/20240609ac596bd8267d4a1291b54ac2e04513c2_2024060986f65549dbfe47118a393bb7821b09d2.jpeg\" \/>\n\t<meta property=\"og:image:width\" content=\"900\" \/>\n\t<meta property=\"og:image:height\" content=\"600\" \/>\n\t<meta property=\"og:image:type\" content=\"image\/jpeg\" \/>\n<meta name=\"author\" content=\"Marcelo Oliveira de A. Maranhao\" \/>\n<meta name=\"twitter:card\" content=\"summary_large_image\" \/>\n<meta name=\"twitter:label1\" content=\"Escrito por\" \/>\n\t<meta name=\"twitter:data1\" content=\"Marcelo Oliveira de A. Maranhao\" \/>\n\t<meta name=\"twitter:label2\" content=\"Est. tempo de leitura\" \/>\n\t<meta name=\"twitter:data2\" content=\"4 minutos\" \/>\n<script type=\"application\/ld+json\" class=\"yoast-schema-graph\">{\"@context\":\"https:\\\/\\\/schema.org\",\"@graph\":[{\"@type\":\"Article\",\"@id\":\"https:\\\/\\\/diariodepe.com.br\\\/xinhua\\\/2024\\\/06\\\/10\\\/servia-inaugura-trem-de-alta-velocidade-construido-pela-china-em-belgrado\\\/#article\",\"isPartOf\":{\"@id\":\"https:\\\/\\\/diariodepe.com.br\\\/xinhua\\\/2024\\\/06\\\/10\\\/servia-inaugura-trem-de-alta-velocidade-construido-pela-china-em-belgrado\\\/\"},\"author\":{\"name\":\"Marcelo Oliveira de A. Maranhao\",\"@id\":\"https:\\\/\\\/diariodepe.com.br\\\/xinhua\\\/#\\\/schema\\\/person\\\/0943d6fd02bdc7b49c8f495e8787a2cb\"},\"headline\":\"S\u00e9rvia inaugura trem de alta velocidade constru\u00eddo pela China em Belgrado\",\"datePublished\":\"2024-06-10T12:00:00+00:00\",\"mainEntityOfPage\":{\"@id\":\"https:\\\/\\\/diariodepe.com.br\\\/xinhua\\\/2024\\\/06\\\/10\\\/servia-inaugura-trem-de-alta-velocidade-construido-pela-china-em-belgrado\\\/\"},\"wordCount\":488,\"commentCount\":0,\"publisher\":{\"@id\":\"https:\\\/\\\/diariodepe.com.br\\\/xinhua\\\/#organization\"},\"image\":{\"@id\":\"https:\\\/\\\/diariodepe.com.br\\\/xinhua\\\/2024\\\/06\\\/10\\\/servia-inaugura-trem-de-alta-velocidade-construido-pela-china-em-belgrado\\\/#primaryimage\"},\"thumbnailUrl\":\"https:\\\/\\\/diariodepe.com.br\\\/xinhua\\\/wp-content\\\/uploads\\\/sites\\\/3\\\/2024\\\/06\\\/20240609ac596bd8267d4a1291b54ac2e04513c2_2024060986f65549dbfe47118a393bb7821b09d2.jpeg\",\"articleSection\":[\"Internacional\"],\"inLanguage\":\"pt-BR\",\"potentialAction\":[{\"@type\":\"CommentAction\",\"name\":\"Comment\",\"target\":[\"https:\\\/\\\/diariodepe.com.br\\\/xinhua\\\/2024\\\/06\\\/10\\\/servia-inaugura-trem-de-alta-velocidade-construido-pela-china-em-belgrado\\\/#respond\"]}]},{\"@type\":\"WebPage\",\"@id\":\"https:\\\/\\\/diariodepe.com.br\\\/xinhua\\\/2024\\\/06\\\/10\\\/servia-inaugura-trem-de-alta-velocidade-construido-pela-china-em-belgrado\\\/\",\"url\":\"https:\\\/\\\/diariodepe.com.br\\\/xinhua\\\/2024\\\/06\\\/10\\\/servia-inaugura-trem-de-alta-velocidade-construido-pela-china-em-belgrado\\\/\",\"name\":\"S\u00e9rvia inaugura trem de alta velocidade constru\u00eddo pela China em Belgrado - Xinhua - Diario de Pernambuco\",\"isPartOf\":{\"@id\":\"https:\\\/\\\/diariodepe.com.br\\\/xinhua\\\/#website\"},\"primaryImageOfPage\":{\"@id\":\"https:\\\/\\\/diariodepe.com.br\\\/xinhua\\\/2024\\\/06\\\/10\\\/servia-inaugura-trem-de-alta-velocidade-construido-pela-china-em-belgrado\\\/#primaryimage\"},\"image\":{\"@id\":\"https:\\\/\\\/diariodepe.com.br\\\/xinhua\\\/2024\\\/06\\\/10\\\/servia-inaugura-trem-de-alta-velocidade-construido-pela-china-em-belgrado\\\/#primaryimage\"},\"thumbnailUrl\":\"https:\\\/\\\/diariodepe.com.br\\\/xinhua\\\/wp-content\\\/uploads\\\/sites\\\/3\\\/2024\\\/06\\\/20240609ac596bd8267d4a1291b54ac2e04513c2_2024060986f65549dbfe47118a393bb7821b09d2.jpeg\",\"datePublished\":\"2024-06-10T12:00:00+00:00\",\"breadcrumb\":{\"@id\":\"https:\\\/\\\/diariodepe.com.br\\\/xinhua\\\/2024\\\/06\\\/10\\\/servia-inaugura-trem-de-alta-velocidade-construido-pela-china-em-belgrado\\\/#breadcrumb\"},\"inLanguage\":\"pt-BR\",\"potentialAction\":[{\"@type\":\"ReadAction\",\"target\":[\"https:\\\/\\\/diariodepe.com.br\\\/xinhua\\\/2024\\\/06\\\/10\\\/servia-inaugura-trem-de-alta-velocidade-construido-pela-china-em-belgrado\\\/\"]}]},{\"@type\":\"ImageObject\",\"inLanguage\":\"pt-BR\",\"@id\":\"https:\\\/\\\/diariodepe.com.br\\\/xinhua\\\/2024\\\/06\\\/10\\\/servia-inaugura-trem-de-alta-velocidade-construido-pela-china-em-belgrado\\\/#primaryimage\",\"url\":\"https:\\\/\\\/diariodepe.com.br\\\/xinhua\\\/wp-content\\\/uploads\\\/sites\\\/3\\\/2024\\\/06\\\/20240609ac596bd8267d4a1291b54ac2e04513c2_2024060986f65549dbfe47118a393bb7821b09d2.jpeg\",\"contentUrl\":\"https:\\\/\\\/diariodepe.com.br\\\/xinhua\\\/wp-content\\\/uploads\\\/sites\\\/3\\\/2024\\\/06\\\/20240609ac596bd8267d4a1291b54ac2e04513c2_2024060986f65549dbfe47118a393bb7821b09d2.jpeg\",\"width\":900,\"height\":600,\"caption\":\"\u00d0\u00c2\u00bb\u00aa\u00c9\u00e7\u00d5\u00d5\u00c6\u00ac\u00a3\u00ac\u00b1\u00b4\u00b6\u00fb\u00b8\u00f1\u00c0\u00b3\u00b5\u00c2\u00a3\u00ac2024\u00c4\u00ea6\u00d4\u00c27\u00c8\u00d5 \u00d5\u00e2\u00ca\u00c76\u00d4\u00c27\u00c8\u00d5\u00d4\u00da\u00c8\u00fb\u00b6\u00fb\u00ce\u00ac\u00d1\u00c7\u00b1\u00b4\u00b6\u00fb\u00b8\u00f1\u00c0\u00b3\u00b5\u00c2\u00d4\u00f3\u00c3\u00c9\u00b3\u00b5\u00c1\u00be\u00b6\u00ce\u00c1\u00c1\u00cf\u00e0\u00b5\u00c4\u00d0\u00d9\u00c8\u00fb\u00cc\u00fa\u00c2\u00b7\u00b8\u00df\u00cb\u00d9\u00b6\u00af\u00b3\u00b5\u00d7\u00e9\u00a1\u00a3 6\u00d4\u00c27\u00c8\u00d5\u00a3\u00ac\u00d6\u00d0\u00b9\u00fa\u00d1\u00d0\u00d6\u00c6\u00b5\u00c4\u00d0\u00d9\u00c8\u00fb\u00cc\u00fa\u00c2\u00b7\u00b8\u00df\u00cb\u00d9\u00b6\u00af\u00b3\u00b5\u00d7\u00e9\u00d4\u00da\u00c8\u00fb\u00b6\u00fb\u00ce\u00ac\u00d1\u00c7\u00b1\u00b4\u00b6\u00fb\u00b8\u00f1\u00c0\u00b3\u00b5\u00c2\u00d4\u00f3\u00c3\u00c9\u00b3\u00b5\u00c1\u00be\u00b6\u00ce\u00c1\u00c1\u00cf\u00e0\u00a1\u00a3\u00d5\u00e2\u00ca\u00c7\u00d6\u00d0\u00b9\u00fa\u00cc\u00fa\u00c2\u00b7\u00bc\u00bc\u00ca\u00f5\u00d7\u00b0\u00b1\u00b8\u00d3\u00eb\u00c5\u00b7\u00c3\u00cb\u00cc\u00fa\u00c2\u00b7\u00bb\u00a5\u00c1\u00aa\u00bb\u00a5\u00cd\u00a8\u00bc\u00bc\u00ca\u00f5\u00b9\u00e6\u00b7\u00b6\u00a3\u00a8TSI\u00a3\u00a9\u00b6\u00d4\u00bd\u00d3\u00c8\u00a1\u00b5\u00c3\u00b5\u00c4\u00d3\u00d6\u00d2\u00bb\u00d6\u00d8\u00d2\u00aa\u00b3\u00c9\u00b9\u00fb\u00a3\u00ac\u00b1\u00ea\u00d6\u00be\u00d7\u00c5\u00d6\u00d0\u00b9\u00fa\u00b8\u00df\u00cb\u00d9\u00b6\u00af\u00b3\u00b5\u00d7\u00e9\u00ca\u00d7\u00b4\u00ce\u00bd\u00f8\u00c8\u00eb\u00c5\u00b7\u00d6\u00de\u00a3\u00ac\u00d6\u00d0\u00b9\u00fa\u00b8\u00df\u00b6\u00cb\u00b9\u00ec\u00b5\u00c0\u00bd\u00bb\u00cd\u00a8\u00d7\u00b0\u00b1\u00b8\u00d7\u00df\u00b3\u00f6\u00c8\u00a5\u00c8\u00a1\u00b5\u00c3\u00d6\u00d8\u00b4\u00f3\u00cd\u00bb\u00c6\u00c6\u00a1\u00a3 \u00d0\u00c2\u00bb\u00aa\u00c9\u00e7\u00b7\u00a2\u00a3\u00a8\u00c8\u00ce\u00ce\u00c0\u00d4\u00c6 \u00c9\u00e3\u00a3\u00a9\"},{\"@type\":\"BreadcrumbList\",\"@id\":\"https:\\\/\\\/diariodepe.com.br\\\/xinhua\\\/2024\\\/06\\\/10\\\/servia-inaugura-trem-de-alta-velocidade-construido-pela-china-em-belgrado\\\/#breadcrumb\",\"itemListElement\":[{\"@type\":\"ListItem\",\"position\":1,\"name\":\"In\u00edcio\",\"item\":\"https:\\\/\\\/diariodepe.com.br\\\/xinhua\\\/\"},{\"@type\":\"ListItem\",\"position\":2,\"name\":\"S\u00e9rvia inaugura trem de alta velocidade constru\u00eddo pela China em Belgrado\"}]},{\"@type\":\"WebSite\",\"@id\":\"https:\\\/\\\/diariodepe.com.br\\\/xinhua\\\/#website\",\"url\":\"https:\\\/\\\/diariodepe.com.br\\\/xinhua\\\/\",\"name\":\"Xinhua - Diario de Pernambuco\",\"description\":\"A maior ag\u00eancia de not\u00edcias da China e um dos principais canais para conhecer o pa\u00eds\",\"publisher\":{\"@id\":\"https:\\\/\\\/diariodepe.com.br\\\/xinhua\\\/#organization\"},\"potentialAction\":[{\"@type\":\"SearchAction\",\"target\":{\"@type\":\"EntryPoint\",\"urlTemplate\":\"https:\\\/\\\/diariodepe.com.br\\\/xinhua\\\/?s={search_term_string}\"},\"query-input\":{\"@type\":\"PropertyValueSpecification\",\"valueRequired\":true,\"valueName\":\"search_term_string\"}}],\"inLanguage\":\"pt-BR\"},{\"@type\":\"Organization\",\"@id\":\"https:\\\/\\\/diariodepe.com.br\\\/xinhua\\\/#organization\",\"name\":\"Xinhua - Diario de Pernambuco\",\"url\":\"https:\\\/\\\/diariodepe.com.br\\\/xinhua\\\/\",\"logo\":{\"@type\":\"ImageObject\",\"inLanguage\":\"pt-BR\",\"@id\":\"https:\\\/\\\/diariodepe.com.br\\\/xinhua\\\/#\\\/schema\\\/logo\\\/image\\\/\",\"url\":\"https:\\\/\\\/diariodepe.com.br\\\/xinhua\\\/wp-content\\\/uploads\\\/sites\\\/3\\\/2020\\\/10\\\/cropped-logo-transparente-2.png\",\"contentUrl\":\"https:\\\/\\\/diariodepe.com.br\\\/xinhua\\\/wp-content\\\/uploads\\\/sites\\\/3\\\/2020\\\/10\\\/cropped-logo-transparente-2.png\",\"width\":512,\"height\":164,\"caption\":\"Xinhua - Diario de Pernambuco\"},\"image\":{\"@id\":\"https:\\\/\\\/diariodepe.com.br\\\/xinhua\\\/#\\\/schema\\\/logo\\\/image\\\/\"}},{\"@type\":\"Person\",\"@id\":\"https:\\\/\\\/diariodepe.com.br\\\/xinhua\\\/#\\\/schema\\\/person\\\/0943d6fd02bdc7b49c8f495e8787a2cb\",\"name\":\"Marcelo Oliveira de A. Maranhao\",\"image\":{\"@type\":\"ImageObject\",\"inLanguage\":\"pt-BR\",\"@id\":\"https:\\\/\\\/secure.gravatar.com\\\/avatar\\\/f562caee940d39879c20e90eea3e4b21860c7d4c96684c23141c554824f0059c?s=96&d=mm&r=g\",\"url\":\"https:\\\/\\\/secure.gravatar.com\\\/avatar\\\/f562caee940d39879c20e90eea3e4b21860c7d4c96684c23141c554824f0059c?s=96&d=mm&r=g\",\"contentUrl\":\"https:\\\/\\\/secure.gravatar.com\\\/avatar\\\/f562caee940d39879c20e90eea3e4b21860c7d4c96684c23141c554824f0059c?s=96&d=mm&r=g\",\"caption\":\"Marcelo Oliveira de A. Maranhao\"},\"url\":\"https:\\\/\\\/diariodepe.com.br\\\/xinhua\\\/author\\\/marcelo-maranhao\\\/\"}]}<\/script>\n<!-- \/ Yoast SEO plugin. -->","yoast_head_json":{"title":"S\u00e9rvia inaugura trem de alta velocidade constru\u00eddo pela China em Belgrado - Xinhua - Diario de Pernambuco","robots":{"index":"index","follow":"follow","max-snippet":"max-snippet:-1","max-image-preview":"max-image-preview:large","max-video-preview":"max-video-preview:-1"},"canonical":"https:\/\/diariodepe.com.br\/xinhua\/2024\/06\/10\/servia-inaugura-trem-de-alta-velocidade-construido-pela-china-em-belgrado\/","og_locale":"pt_BR","og_type":"article","og_title":"S\u00e9rvia inaugura trem de alta velocidade constru\u00eddo pela China em Belgrado - Xinhua - Diario de Pernambuco","og_description":"Belgrado &#8211; Um novo trem de alta velocidade constru\u00eddo pela China foi inaugurado em Belgrado na sexta-feira, durante cerim\u00f4nia com a presen\u00e7a do presidente s\u00e9rvio, Aleksandar Vucic. Vucic anunciou na cerim\u00f4nia na esta\u00e7\u00e3o ferrovi\u00e1ria de Zemun que a S\u00e9rvia encomendou...","og_url":"https:\/\/diariodepe.com.br\/xinhua\/2024\/06\/10\/servia-inaugura-trem-de-alta-velocidade-construido-pela-china-em-belgrado\/","og_site_name":"Xinhua - Diario de Pernambuco","article_published_time":"2024-06-10T12:00:00+00:00","og_image":[{"width":900,"height":600,"url":"https:\/\/diariodepe.com.br\/xinhua\/wp-content\/uploads\/sites\/3\/2024\/06\/20240609ac596bd8267d4a1291b54ac2e04513c2_2024060986f65549dbfe47118a393bb7821b09d2.jpeg","type":"image\/jpeg"}],"author":"Marcelo Oliveira de A. Maranhao","twitter_card":"summary_large_image","twitter_misc":{"Escrito por":"Marcelo Oliveira de A. Maranhao","Est. tempo de leitura":"4 minutos"},"schema":{"@context":"https:\/\/schema.org","@graph":[{"@type":"Article","@id":"https:\/\/diariodepe.com.br\/xinhua\/2024\/06\/10\/servia-inaugura-trem-de-alta-velocidade-construido-pela-china-em-belgrado\/#article","isPartOf":{"@id":"https:\/\/diariodepe.com.br\/xinhua\/2024\/06\/10\/servia-inaugura-trem-de-alta-velocidade-construido-pela-china-em-belgrado\/"},"author":{"name":"Marcelo Oliveira de A. Maranhao","@id":"https:\/\/diariodepe.com.br\/xinhua\/#\/schema\/person\/0943d6fd02bdc7b49c8f495e8787a2cb"},"headline":"S\u00e9rvia inaugura trem de alta velocidade constru\u00eddo pela China em Belgrado","datePublished":"2024-06-10T12:00:00+00:00","mainEntityOfPage":{"@id":"https:\/\/diariodepe.com.br\/xinhua\/2024\/06\/10\/servia-inaugura-trem-de-alta-velocidade-construido-pela-china-em-belgrado\/"},"wordCount":488,"commentCount":0,"publisher":{"@id":"https:\/\/diariodepe.com.br\/xinhua\/#organization"},"image":{"@id":"https:\/\/diariodepe.com.br\/xinhua\/2024\/06\/10\/servia-inaugura-trem-de-alta-velocidade-construido-pela-china-em-belgrado\/#primaryimage"},"thumbnailUrl":"https:\/\/diariodepe.com.br\/xinhua\/wp-content\/uploads\/sites\/3\/2024\/06\/20240609ac596bd8267d4a1291b54ac2e04513c2_2024060986f65549dbfe47118a393bb7821b09d2.jpeg","articleSection":["Internacional"],"inLanguage":"pt-BR","potentialAction":[{"@type":"CommentAction","name":"Comment","target":["https:\/\/diariodepe.com.br\/xinhua\/2024\/06\/10\/servia-inaugura-trem-de-alta-velocidade-construido-pela-china-em-belgrado\/#respond"]}]},{"@type":"WebPage","@id":"https:\/\/diariodepe.com.br\/xinhua\/2024\/06\/10\/servia-inaugura-trem-de-alta-velocidade-construido-pela-china-em-belgrado\/","url":"https:\/\/diariodepe.com.br\/xinhua\/2024\/06\/10\/servia-inaugura-trem-de-alta-velocidade-construido-pela-china-em-belgrado\/","name":"S\u00e9rvia inaugura trem de alta velocidade constru\u00eddo pela China em Belgrado - Xinhua - Diario de Pernambuco","isPartOf":{"@id":"https:\/\/diariodepe.com.br\/xinhua\/#website"},"primaryImageOfPage":{"@id":"https:\/\/diariodepe.com.br\/xinhua\/2024\/06\/10\/servia-inaugura-trem-de-alta-velocidade-construido-pela-china-em-belgrado\/#primaryimage"},"image":{"@id":"https:\/\/diariodepe.com.br\/xinhua\/2024\/06\/10\/servia-inaugura-trem-de-alta-velocidade-construido-pela-china-em-belgrado\/#primaryimage"},"thumbnailUrl":"https:\/\/diariodepe.com.br\/xinhua\/wp-content\/uploads\/sites\/3\/2024\/06\/20240609ac596bd8267d4a1291b54ac2e04513c2_2024060986f65549dbfe47118a393bb7821b09d2.jpeg","datePublished":"2024-06-10T12:00:00+00:00","breadcrumb":{"@id":"https:\/\/diariodepe.com.br\/xinhua\/2024\/06\/10\/servia-inaugura-trem-de-alta-velocidade-construido-pela-china-em-belgrado\/#breadcrumb"},"inLanguage":"pt-BR","potentialAction":[{"@type":"ReadAction","target":["https:\/\/diariodepe.com.br\/xinhua\/2024\/06\/10\/servia-inaugura-trem-de-alta-velocidade-construido-pela-china-em-belgrado\/"]}]},{"@type":"ImageObject","inLanguage":"pt-BR","@id":"https:\/\/diariodepe.com.br\/xinhua\/2024\/06\/10\/servia-inaugura-trem-de-alta-velocidade-construido-pela-china-em-belgrado\/#primaryimage","url":"https:\/\/diariodepe.com.br\/xinhua\/wp-content\/uploads\/sites\/3\/2024\/06\/20240609ac596bd8267d4a1291b54ac2e04513c2_2024060986f65549dbfe47118a393bb7821b09d2.jpeg","contentUrl":"https:\/\/diariodepe.com.br\/xinhua\/wp-content\/uploads\/sites\/3\/2024\/06\/20240609ac596bd8267d4a1291b54ac2e04513c2_2024060986f65549dbfe47118a393bb7821b09d2.jpeg","width":900,"height":600,"caption":"\u00d0\u00c2\u00bb\u00aa\u00c9\u00e7\u00d5\u00d5\u00c6\u00ac\u00a3\u00ac\u00b1\u00b4\u00b6\u00fb\u00b8\u00f1\u00c0\u00b3\u00b5\u00c2\u00a3\u00ac2024\u00c4\u00ea6\u00d4\u00c27\u00c8\u00d5 \u00d5\u00e2\u00ca\u00c76\u00d4\u00c27\u00c8\u00d5\u00d4\u00da\u00c8\u00fb\u00b6\u00fb\u00ce\u00ac\u00d1\u00c7\u00b1\u00b4\u00b6\u00fb\u00b8\u00f1\u00c0\u00b3\u00b5\u00c2\u00d4\u00f3\u00c3\u00c9\u00b3\u00b5\u00c1\u00be\u00b6\u00ce\u00c1\u00c1\u00cf\u00e0\u00b5\u00c4\u00d0\u00d9\u00c8\u00fb\u00cc\u00fa\u00c2\u00b7\u00b8\u00df\u00cb\u00d9\u00b6\u00af\u00b3\u00b5\u00d7\u00e9\u00a1\u00a3 6\u00d4\u00c27\u00c8\u00d5\u00a3\u00ac\u00d6\u00d0\u00b9\u00fa\u00d1\u00d0\u00d6\u00c6\u00b5\u00c4\u00d0\u00d9\u00c8\u00fb\u00cc\u00fa\u00c2\u00b7\u00b8\u00df\u00cb\u00d9\u00b6\u00af\u00b3\u00b5\u00d7\u00e9\u00d4\u00da\u00c8\u00fb\u00b6\u00fb\u00ce\u00ac\u00d1\u00c7\u00b1\u00b4\u00b6\u00fb\u00b8\u00f1\u00c0\u00b3\u00b5\u00c2\u00d4\u00f3\u00c3\u00c9\u00b3\u00b5\u00c1\u00be\u00b6\u00ce\u00c1\u00c1\u00cf\u00e0\u00a1\u00a3\u00d5\u00e2\u00ca\u00c7\u00d6\u00d0\u00b9\u00fa\u00cc\u00fa\u00c2\u00b7\u00bc\u00bc\u00ca\u00f5\u00d7\u00b0\u00b1\u00b8\u00d3\u00eb\u00c5\u00b7\u00c3\u00cb\u00cc\u00fa\u00c2\u00b7\u00bb\u00a5\u00c1\u00aa\u00bb\u00a5\u00cd\u00a8\u00bc\u00bc\u00ca\u00f5\u00b9\u00e6\u00b7\u00b6\u00a3\u00a8TSI\u00a3\u00a9\u00b6\u00d4\u00bd\u00d3\u00c8\u00a1\u00b5\u00c3\u00b5\u00c4\u00d3\u00d6\u00d2\u00bb\u00d6\u00d8\u00d2\u00aa\u00b3\u00c9\u00b9\u00fb\u00a3\u00ac\u00b1\u00ea\u00d6\u00be\u00d7\u00c5\u00d6\u00d0\u00b9\u00fa\u00b8\u00df\u00cb\u00d9\u00b6\u00af\u00b3\u00b5\u00d7\u00e9\u00ca\u00d7\u00b4\u00ce\u00bd\u00f8\u00c8\u00eb\u00c5\u00b7\u00d6\u00de\u00a3\u00ac\u00d6\u00d0\u00b9\u00fa\u00b8\u00df\u00b6\u00cb\u00b9\u00ec\u00b5\u00c0\u00bd\u00bb\u00cd\u00a8\u00d7\u00b0\u00b1\u00b8\u00d7\u00df\u00b3\u00f6\u00c8\u00a5\u00c8\u00a1\u00b5\u00c3\u00d6\u00d8\u00b4\u00f3\u00cd\u00bb\u00c6\u00c6\u00a1\u00a3 \u00d0\u00c2\u00bb\u00aa\u00c9\u00e7\u00b7\u00a2\u00a3\u00a8\u00c8\u00ce\u00ce\u00c0\u00d4\u00c6 \u00c9\u00e3\u00a3\u00a9"},{"@type":"BreadcrumbList","@id":"https:\/\/diariodepe.com.br\/xinhua\/2024\/06\/10\/servia-inaugura-trem-de-alta-velocidade-construido-pela-china-em-belgrado\/#breadcrumb","itemListElement":[{"@type":"ListItem","position":1,"name":"In\u00edcio","item":"https:\/\/diariodepe.com.br\/xinhua\/"},{"@type":"ListItem","position":2,"name":"S\u00e9rvia inaugura trem de alta velocidade constru\u00eddo pela China em Belgrado"}]},{"@type":"WebSite","@id":"https:\/\/diariodepe.com.br\/xinhua\/#website","url":"https:\/\/diariodepe.com.br\/xinhua\/","name":"Xinhua - Diario de Pernambuco","description":"A maior ag\u00eancia de not\u00edcias da China e um dos principais canais para conhecer o pa\u00eds","publisher":{"@id":"https:\/\/diariodepe.com.br\/xinhua\/#organization"},"potentialAction":[{"@type":"SearchAction","target":{"@type":"EntryPoint","urlTemplate":"https:\/\/diariodepe.com.br\/xinhua\/?s={search_term_string}"},"query-input":{"@type":"PropertyValueSpecification","valueRequired":true,"valueName":"search_term_string"}}],"inLanguage":"pt-BR"},{"@type":"Organization","@id":"https:\/\/diariodepe.com.br\/xinhua\/#organization","name":"Xinhua - Diario de Pernambuco","url":"https:\/\/diariodepe.com.br\/xinhua\/","logo":{"@type":"ImageObject","inLanguage":"pt-BR","@id":"https:\/\/diariodepe.com.br\/xinhua\/#\/schema\/logo\/image\/","url":"https:\/\/diariodepe.com.br\/xinhua\/wp-content\/uploads\/sites\/3\/2020\/10\/cropped-logo-transparente-2.png","contentUrl":"https:\/\/diariodepe.com.br\/xinhua\/wp-content\/uploads\/sites\/3\/2020\/10\/cropped-logo-transparente-2.png","width":512,"height":164,"caption":"Xinhua - Diario de Pernambuco"},"image":{"@id":"https:\/\/diariodepe.com.br\/xinhua\/#\/schema\/logo\/image\/"}},{"@type":"Person","@id":"https:\/\/diariodepe.com.br\/xinhua\/#\/schema\/person\/0943d6fd02bdc7b49c8f495e8787a2cb","name":"Marcelo Oliveira de A. Maranhao","image":{"@type":"ImageObject","inLanguage":"pt-BR","@id":"https:\/\/secure.gravatar.com\/avatar\/f562caee940d39879c20e90eea3e4b21860c7d4c96684c23141c554824f0059c?s=96&d=mm&r=g","url":"https:\/\/secure.gravatar.com\/avatar\/f562caee940d39879c20e90eea3e4b21860c7d4c96684c23141c554824f0059c?s=96&d=mm&r=g","contentUrl":"https:\/\/secure.gravatar.com\/avatar\/f562caee940d39879c20e90eea3e4b21860c7d4c96684c23141c554824f0059c?s=96&d=mm&r=g","caption":"Marcelo Oliveira de A. Maranhao"},"url":"https:\/\/diariodepe.com.br\/xinhua\/author\/marcelo-maranhao\/"}]}},"cc_featured_image_caption":{"caption_text":"","source_text":"","source_url":""},"amp_enabled":true,"_links":{"self":[{"href":"https:\/\/diariodepe.com.br\/xinhua\/wp-json\/wp\/v2\/posts\/20497","targetHints":{"allow":["GET"]}}],"collection":[{"href":"https:\/\/diariodepe.com.br\/xinhua\/wp-json\/wp\/v2\/posts"}],"about":[{"href":"https:\/\/diariodepe.com.br\/xinhua\/wp-json\/wp\/v2\/types\/post"}],"author":[{"embeddable":true,"href":"https:\/\/diariodepe.com.br\/xinhua\/wp-json\/wp\/v2\/users\/3"}],"replies":[{"embeddable":true,"href":"https:\/\/diariodepe.com.br\/xinhua\/wp-json\/wp\/v2\/comments?post=20497"}],"version-history":[{"count":1,"href":"https:\/\/diariodepe.com.br\/xinhua\/wp-json\/wp\/v2\/posts\/20497\/revisions"}],"predecessor-version":[{"id":20499,"href":"https:\/\/diariodepe.com.br\/xinhua\/wp-json\/wp\/v2\/posts\/20497\/revisions\/20499"}],"wp:featuredmedia":[{"embeddable":true,"href":"https:\/\/diariodepe.com.br\/xinhua\/wp-json\/wp\/v2\/media\/20498"}],"wp:attachment":[{"href":"https:\/\/diariodepe.com.br\/xinhua\/wp-json\/wp\/v2\/media?parent=20497"}],"wp:term":[{"taxonomy":"category","embeddable":true,"href":"https:\/\/diariodepe.com.br\/xinhua\/wp-json\/wp\/v2\/categories?post=20497"},{"taxonomy":"post_tag","embeddable":true,"href":"https:\/\/diariodepe.com.br\/xinhua\/wp-json\/wp\/v2\/tags?post=20497"}],"curies":[{"name":"wp","href":"https:\/\/api.w.org\/{rel}","templated":true}]}}