{"id":20494,"date":"2024-06-10T08:00:00","date_gmt":"2024-06-10T11:00:00","guid":{"rendered":"https:\/\/www.diariodepe.com.br\/xinhua\/?p=20494"},"modified":"2024-06-09T14:47:51","modified_gmt":"2024-06-09T17:47:51","slug":"vice-presidente-do-brasil-destaca-que-comercio-com-a-china-ajudara-na-geracao-de-empregos-e-renda-para-os-brasileiros","status":"publish","type":"post","link":"https:\/\/diariodepe.com.br\/xinhua\/2024\/06\/10\/vice-presidente-do-brasil-destaca-que-comercio-com-a-china-ajudara-na-geracao-de-empregos-e-renda-para-os-brasileiros\/","title":{"rendered":"Vice-presidente do Brasil destaca que com\u00e9rcio com a China ajudar\u00e1 na gera\u00e7\u00e3o de empregos e renda para os brasileiros"},"content":{"rendered":"\n<p>Rio de Janeiro &#8211; Em um balan\u00e7o de sua visita \u00e0 China, o vice-presidente do Brasil, Geraldo Alckmin, destacou a for\u00e7a das rela\u00e7\u00f5es comerciais entre os dois pa\u00edses, com crescimento de 17 vezes da rela\u00e7\u00e3o comercial ao longo dos \u00faltimos 20 anos, passando de US$ 9 bilh\u00f5es para os atuais US$ 157 bilh\u00f5es.<\/p>\n\n\n\n<p>Em declara\u00e7\u00f5es \u00e0 imprensa brasileira na madrugada desta sexta-feira em Beijing, reproduzidas pela ag\u00eancia oficial do Brasil, Alckmin disse que, na pr\u00e1tica, as cifras significam a gera\u00e7\u00e3o de novos empregos e a melhoria da renda dos brasileiros.<\/p>\n\n\n\n<p>Alckmin liderou esta semana a delega\u00e7\u00e3o brasileira \u00e0 7\u00aa Sess\u00e3o Plen\u00e1ria da Comiss\u00e3o Sino-Brasileira de Alto N\u00edvel de Concerta\u00e7\u00e3o e Coopera\u00e7\u00e3o (COSBAN), o principal mecanismo de coordena\u00e7\u00e3o entre os dois pa\u00edses, que mant\u00eam v\u00ednculos amplos e diversificados.<\/p>\n\n\n\n<p>Alckmin, que tamb\u00e9m \u00e9 ministro de Desenvolvimento, Ind\u00fastria, Com\u00e9rcio e Servi\u00e7os, destacou em sua entrevista com a imprensa, al\u00e9m do com\u00e9rcio, os investimentos rec\u00edprocos entre os dois pa\u00edses.<\/p>\n\n\n\n<p>A China compra diversos produtos brasileiros, como soja, min\u00e9rio de ferro, \u00f3leo, carne e a\u00e7\u00facar. Ao mesmo tempo, empresas como Embraer, Vale, Suzano, Marcopolo, entre outras, s\u00e3o multinacionais brasileiras no pa\u00eds asi\u00e1tico, enquanto empresas automobil\u00edsticas como BYD e GWM est\u00e3o chegando ao Brasil.<\/p>\n\n\n\n<p>Alckmin citou algumas novidades como resultado da 7\u00aa Sess\u00e3o Plen\u00e1ria da COSBAN, como a abertura do mercado asi\u00e1tico para noz-pec\u00e3 brasileira -o Rio Grande do Sul \u00e9 um grande produtor, embora a cat\u00e1strofe clim\u00e1tica tenha provocado preju\u00edzos-, assim como a aprova\u00e7\u00e3o do protocolo sanit\u00e1rio para uva e gergelim.<\/p>\n\n\n\n<p>Quanto ao caf\u00e9, a novidade foi o acordo para exporta\u00e7\u00e3o equivalente a US$ 500 milh\u00f5es nos pr\u00f3ximos anos para a rede Luckin Coffee que tem 19 mil unidades. &#8220;Eles (os chineses) ainda tomam pouco caf\u00e9. Aumentando o consumo, vamos ter um mercado extraordin\u00e1rio&#8221;, afirmou.<\/p>\n\n\n\n<p>Na \u00e1rea pecu\u00e1ria, foram habilitados 42 frigor\u00edficos brasileiros e onze que estavam suspensos poder\u00e3o voltar a exportar. Ser\u00e3o, ao todo, 53 frigor\u00edficos que enviam, em sua maioria, carne bovina, su\u00edna e aves para a China.<\/p>\n\n\n\n<p>Na sa\u00fade, o an\u00fancio da parceria da Sinovac com a Fiocruz, para terapia celulares e vacinas, permitir\u00e1 o avan\u00e7o do complexo industrial de sa\u00fade brasileiro. A Sinovac j\u00e1 tem parceria com o Instituto Butantan para a produ\u00e7\u00e3o da vacina Coronavac.<\/p>\n\n\n\n<p>&#8220;Em nossas exposi\u00e7\u00f5es, tamb\u00e9m mostramos as oportunidades do Programa de Acelera\u00e7\u00e3o do Crescimento (PAC). S\u00e3o investimentos da ordem de 1,7 trilh\u00e3o de reais em investimento p\u00fablico, de empresas estatais e investimento privado. Todos os projetos foram aprovados, entre eles o da rota bioce\u00e2nica que sai do Brasil e vai at\u00e9 o Peru, onde a China est\u00e1 construindo um porto&#8221;, disse Alckmin.<\/p>\n\n\n\n<p>O vice-presidente disse ainda que v\u00ea como oportunidade o transporte de passageiros na regi\u00e3o metropolitana das cidades brasileiras e deu como exemplo o projeto do trem intercidades, que sair\u00e1 de S\u00e3o Paulo e ir\u00e1 at\u00e9 Campinas (distante 100 km da capital).<\/p>\n\n\n\n<p>&#8220;Toda malha ferrovi\u00e1ria \u00e9 do governo federal e uma empresa chinesa venceu a licita\u00e7\u00e3o e ainda deve construir os trens. A China tem uma experi\u00eancia enorme no transporte de passageiros nas regi\u00f5es metropolitanas, assim como em longa dist\u00e2ncia no transporte de cargas, integrando v\u00e1rios modais, rodovi\u00e1rio, ferrovi\u00e1rio, a\u00e9reo e hidrovi\u00e1rio&#8221;, ressaltou o vice-presidente brasileiro.&nbsp;<\/p>\n","protected":false},"excerpt":{"rendered":"<p>Rio de Janeiro &#8211; Em um balan\u00e7o de sua visita \u00e0 China, o vice-presidente do Brasil, Geraldo Alckmin, destacou a for\u00e7a das rela\u00e7\u00f5es comerciais entre os dois pa\u00edses, com crescimento de 17 vezes da rela\u00e7\u00e3o comercial ao longo dos \u00faltimos&#8230;<\/p>\n","protected":false},"author":3,"featured_media":20495,"comment_status":"open","ping_status":"open","sticky":false,"template":"","format":"standard","meta":{"footnotes":""},"categories":[1],"tags":[],"class_list":["post-20494","post","type-post","status-publish","format-standard","has-post-thumbnail","hentry","category-geral"],"yoast_head":"<!-- This site is optimized with the Yoast SEO plugin v27.4 - https:\/\/yoast.com\/product\/yoast-seo-wordpress\/ -->\n<title>Vice-presidente do Brasil destaca que com\u00e9rcio com a China ajudar\u00e1 na gera\u00e7\u00e3o de empregos e renda para os brasileiros - Xinhua - Diario de Pernambuco<\/title>\n<meta name=\"robots\" content=\"index, follow, max-snippet:-1, max-image-preview:large, max-video-preview:-1\" \/>\n<link rel=\"canonical\" href=\"https:\/\/diariodepe.com.br\/xinhua\/2024\/06\/10\/vice-presidente-do-brasil-destaca-que-comercio-com-a-china-ajudara-na-geracao-de-empregos-e-renda-para-os-brasileiros\/\" \/>\n<meta property=\"og:locale\" content=\"pt_BR\" \/>\n<meta property=\"og:type\" content=\"article\" \/>\n<meta property=\"og:title\" content=\"Vice-presidente do Brasil destaca que com\u00e9rcio com a China ajudar\u00e1 na gera\u00e7\u00e3o de empregos e renda para os brasileiros - Xinhua - Diario de Pernambuco\" \/>\n<meta property=\"og:description\" content=\"Rio de Janeiro &#8211; Em um balan\u00e7o de sua visita \u00e0 China, o vice-presidente do Brasil, Geraldo Alckmin, destacou a for\u00e7a das rela\u00e7\u00f5es comerciais entre os dois pa\u00edses, com crescimento de 17 vezes da rela\u00e7\u00e3o comercial ao longo dos \u00faltimos...\" \/>\n<meta property=\"og:url\" content=\"https:\/\/diariodepe.com.br\/xinhua\/2024\/06\/10\/vice-presidente-do-brasil-destaca-que-comercio-com-a-china-ajudara-na-geracao-de-empregos-e-renda-para-os-brasileiros\/\" \/>\n<meta property=\"og:site_name\" content=\"Xinhua - Diario de Pernambuco\" \/>\n<meta property=\"article:published_time\" content=\"2024-06-10T11:00:00+00:00\" \/>\n<meta property=\"og:image\" content=\"https:\/\/diariodepe.com.br\/xinhua\/wp-content\/uploads\/sites\/3\/2024\/06\/d2467d945fef400aab6f66eab693738d.jpg\" \/>\n\t<meta property=\"og:image:width\" content=\"1000\" \/>\n\t<meta property=\"og:image:height\" content=\"500\" \/>\n\t<meta property=\"og:image:type\" content=\"image\/jpeg\" \/>\n<meta name=\"author\" content=\"Marcelo Oliveira de A. Maranhao\" \/>\n<meta name=\"twitter:card\" content=\"summary_large_image\" \/>\n<meta name=\"twitter:label1\" content=\"Escrito por\" \/>\n\t<meta name=\"twitter:data1\" content=\"Marcelo Oliveira de A. Maranhao\" \/>\n\t<meta name=\"twitter:label2\" content=\"Est. tempo de leitura\" \/>\n\t<meta name=\"twitter:data2\" content=\"3 minutos\" \/>\n<script type=\"application\/ld+json\" class=\"yoast-schema-graph\">{\"@context\":\"https:\\\/\\\/schema.org\",\"@graph\":[{\"@type\":\"Article\",\"@id\":\"https:\\\/\\\/diariodepe.com.br\\\/xinhua\\\/2024\\\/06\\\/10\\\/vice-presidente-do-brasil-destaca-que-comercio-com-a-china-ajudara-na-geracao-de-empregos-e-renda-para-os-brasileiros\\\/#article\",\"isPartOf\":{\"@id\":\"https:\\\/\\\/diariodepe.com.br\\\/xinhua\\\/2024\\\/06\\\/10\\\/vice-presidente-do-brasil-destaca-que-comercio-com-a-china-ajudara-na-geracao-de-empregos-e-renda-para-os-brasileiros\\\/\"},\"author\":{\"name\":\"Marcelo Oliveira de A. Maranhao\",\"@id\":\"https:\\\/\\\/diariodepe.com.br\\\/xinhua\\\/#\\\/schema\\\/person\\\/0943d6fd02bdc7b49c8f495e8787a2cb\"},\"headline\":\"Vice-presidente do Brasil destaca que com\u00e9rcio com a China ajudar\u00e1 na gera\u00e7\u00e3o de empregos e renda para os brasileiros\",\"datePublished\":\"2024-06-10T11:00:00+00:00\",\"mainEntityOfPage\":{\"@id\":\"https:\\\/\\\/diariodepe.com.br\\\/xinhua\\\/2024\\\/06\\\/10\\\/vice-presidente-do-brasil-destaca-que-comercio-com-a-china-ajudara-na-geracao-de-empregos-e-renda-para-os-brasileiros\\\/\"},\"wordCount\":604,\"commentCount\":0,\"publisher\":{\"@id\":\"https:\\\/\\\/diariodepe.com.br\\\/xinhua\\\/#organization\"},\"image\":{\"@id\":\"https:\\\/\\\/diariodepe.com.br\\\/xinhua\\\/2024\\\/06\\\/10\\\/vice-presidente-do-brasil-destaca-que-comercio-com-a-china-ajudara-na-geracao-de-empregos-e-renda-para-os-brasileiros\\\/#primaryimage\"},\"thumbnailUrl\":\"https:\\\/\\\/diariodepe.com.br\\\/xinhua\\\/wp-content\\\/uploads\\\/sites\\\/3\\\/2024\\\/06\\\/d2467d945fef400aab6f66eab693738d.jpg\",\"articleSection\":[\"Geral\"],\"inLanguage\":\"pt-BR\",\"potentialAction\":[{\"@type\":\"CommentAction\",\"name\":\"Comment\",\"target\":[\"https:\\\/\\\/diariodepe.com.br\\\/xinhua\\\/2024\\\/06\\\/10\\\/vice-presidente-do-brasil-destaca-que-comercio-com-a-china-ajudara-na-geracao-de-empregos-e-renda-para-os-brasileiros\\\/#respond\"]}]},{\"@type\":\"WebPage\",\"@id\":\"https:\\\/\\\/diariodepe.com.br\\\/xinhua\\\/2024\\\/06\\\/10\\\/vice-presidente-do-brasil-destaca-que-comercio-com-a-china-ajudara-na-geracao-de-empregos-e-renda-para-os-brasileiros\\\/\",\"url\":\"https:\\\/\\\/diariodepe.com.br\\\/xinhua\\\/2024\\\/06\\\/10\\\/vice-presidente-do-brasil-destaca-que-comercio-com-a-china-ajudara-na-geracao-de-empregos-e-renda-para-os-brasileiros\\\/\",\"name\":\"Vice-presidente do Brasil destaca que com\u00e9rcio com a China ajudar\u00e1 na gera\u00e7\u00e3o de empregos e renda para os brasileiros - Xinhua - Diario de Pernambuco\",\"isPartOf\":{\"@id\":\"https:\\\/\\\/diariodepe.com.br\\\/xinhua\\\/#website\"},\"primaryImageOfPage\":{\"@id\":\"https:\\\/\\\/diariodepe.com.br\\\/xinhua\\\/2024\\\/06\\\/10\\\/vice-presidente-do-brasil-destaca-que-comercio-com-a-china-ajudara-na-geracao-de-empregos-e-renda-para-os-brasileiros\\\/#primaryimage\"},\"image\":{\"@id\":\"https:\\\/\\\/diariodepe.com.br\\\/xinhua\\\/2024\\\/06\\\/10\\\/vice-presidente-do-brasil-destaca-que-comercio-com-a-china-ajudara-na-geracao-de-empregos-e-renda-para-os-brasileiros\\\/#primaryimage\"},\"thumbnailUrl\":\"https:\\\/\\\/diariodepe.com.br\\\/xinhua\\\/wp-content\\\/uploads\\\/sites\\\/3\\\/2024\\\/06\\\/d2467d945fef400aab6f66eab693738d.jpg\",\"datePublished\":\"2024-06-10T11:00:00+00:00\",\"breadcrumb\":{\"@id\":\"https:\\\/\\\/diariodepe.com.br\\\/xinhua\\\/2024\\\/06\\\/10\\\/vice-presidente-do-brasil-destaca-que-comercio-com-a-china-ajudara-na-geracao-de-empregos-e-renda-para-os-brasileiros\\\/#breadcrumb\"},\"inLanguage\":\"pt-BR\",\"potentialAction\":[{\"@type\":\"ReadAction\",\"target\":[\"https:\\\/\\\/diariodepe.com.br\\\/xinhua\\\/2024\\\/06\\\/10\\\/vice-presidente-do-brasil-destaca-que-comercio-com-a-china-ajudara-na-geracao-de-empregos-e-renda-para-os-brasileiros\\\/\"]}]},{\"@type\":\"ImageObject\",\"inLanguage\":\"pt-BR\",\"@id\":\"https:\\\/\\\/diariodepe.com.br\\\/xinhua\\\/2024\\\/06\\\/10\\\/vice-presidente-do-brasil-destaca-que-comercio-com-a-china-ajudara-na-geracao-de-empregos-e-renda-para-os-brasileiros\\\/#primaryimage\",\"url\":\"https:\\\/\\\/diariodepe.com.br\\\/xinhua\\\/wp-content\\\/uploads\\\/sites\\\/3\\\/2024\\\/06\\\/d2467d945fef400aab6f66eab693738d.jpg\",\"contentUrl\":\"https:\\\/\\\/diariodepe.com.br\\\/xinhua\\\/wp-content\\\/uploads\\\/sites\\\/3\\\/2024\\\/06\\\/d2467d945fef400aab6f66eab693738d.jpg\",\"width\":1000,\"height\":500},{\"@type\":\"BreadcrumbList\",\"@id\":\"https:\\\/\\\/diariodepe.com.br\\\/xinhua\\\/2024\\\/06\\\/10\\\/vice-presidente-do-brasil-destaca-que-comercio-com-a-china-ajudara-na-geracao-de-empregos-e-renda-para-os-brasileiros\\\/#breadcrumb\",\"itemListElement\":[{\"@type\":\"ListItem\",\"position\":1,\"name\":\"In\u00edcio\",\"item\":\"https:\\\/\\\/diariodepe.com.br\\\/xinhua\\\/\"},{\"@type\":\"ListItem\",\"position\":2,\"name\":\"Vice-presidente do Brasil destaca que com\u00e9rcio com a China ajudar\u00e1 na gera\u00e7\u00e3o de empregos e renda para os brasileiros\"}]},{\"@type\":\"WebSite\",\"@id\":\"https:\\\/\\\/diariodepe.com.br\\\/xinhua\\\/#website\",\"url\":\"https:\\\/\\\/diariodepe.com.br\\\/xinhua\\\/\",\"name\":\"Xinhua - Diario de Pernambuco\",\"description\":\"A maior ag\u00eancia de not\u00edcias da China e um dos principais canais para conhecer o pa\u00eds\",\"publisher\":{\"@id\":\"https:\\\/\\\/diariodepe.com.br\\\/xinhua\\\/#organization\"},\"potentialAction\":[{\"@type\":\"SearchAction\",\"target\":{\"@type\":\"EntryPoint\",\"urlTemplate\":\"https:\\\/\\\/diariodepe.com.br\\\/xinhua\\\/?s={search_term_string}\"},\"query-input\":{\"@type\":\"PropertyValueSpecification\",\"valueRequired\":true,\"valueName\":\"search_term_string\"}}],\"inLanguage\":\"pt-BR\"},{\"@type\":\"Organization\",\"@id\":\"https:\\\/\\\/diariodepe.com.br\\\/xinhua\\\/#organization\",\"name\":\"Xinhua - Diario de Pernambuco\",\"url\":\"https:\\\/\\\/diariodepe.com.br\\\/xinhua\\\/\",\"logo\":{\"@type\":\"ImageObject\",\"inLanguage\":\"pt-BR\",\"@id\":\"https:\\\/\\\/diariodepe.com.br\\\/xinhua\\\/#\\\/schema\\\/logo\\\/image\\\/\",\"url\":\"https:\\\/\\\/diariodepe.com.br\\\/xinhua\\\/wp-content\\\/uploads\\\/sites\\\/3\\\/2020\\\/10\\\/cropped-logo-transparente-2.png\",\"contentUrl\":\"https:\\\/\\\/diariodepe.com.br\\\/xinhua\\\/wp-content\\\/uploads\\\/sites\\\/3\\\/2020\\\/10\\\/cropped-logo-transparente-2.png\",\"width\":512,\"height\":164,\"caption\":\"Xinhua - Diario de Pernambuco\"},\"image\":{\"@id\":\"https:\\\/\\\/diariodepe.com.br\\\/xinhua\\\/#\\\/schema\\\/logo\\\/image\\\/\"}},{\"@type\":\"Person\",\"@id\":\"https:\\\/\\\/diariodepe.com.br\\\/xinhua\\\/#\\\/schema\\\/person\\\/0943d6fd02bdc7b49c8f495e8787a2cb\",\"name\":\"Marcelo Oliveira de A. Maranhao\",\"image\":{\"@type\":\"ImageObject\",\"inLanguage\":\"pt-BR\",\"@id\":\"https:\\\/\\\/secure.gravatar.com\\\/avatar\\\/f562caee940d39879c20e90eea3e4b21860c7d4c96684c23141c554824f0059c?s=96&d=mm&r=g\",\"url\":\"https:\\\/\\\/secure.gravatar.com\\\/avatar\\\/f562caee940d39879c20e90eea3e4b21860c7d4c96684c23141c554824f0059c?s=96&d=mm&r=g\",\"contentUrl\":\"https:\\\/\\\/secure.gravatar.com\\\/avatar\\\/f562caee940d39879c20e90eea3e4b21860c7d4c96684c23141c554824f0059c?s=96&d=mm&r=g\",\"caption\":\"Marcelo Oliveira de A. Maranhao\"},\"url\":\"https:\\\/\\\/diariodepe.com.br\\\/xinhua\\\/author\\\/marcelo-maranhao\\\/\"}]}<\/script>\n<!-- \/ Yoast SEO plugin. -->","yoast_head_json":{"title":"Vice-presidente do Brasil destaca que com\u00e9rcio com a China ajudar\u00e1 na gera\u00e7\u00e3o de empregos e renda para os brasileiros - Xinhua - Diario de Pernambuco","robots":{"index":"index","follow":"follow","max-snippet":"max-snippet:-1","max-image-preview":"max-image-preview:large","max-video-preview":"max-video-preview:-1"},"canonical":"https:\/\/diariodepe.com.br\/xinhua\/2024\/06\/10\/vice-presidente-do-brasil-destaca-que-comercio-com-a-china-ajudara-na-geracao-de-empregos-e-renda-para-os-brasileiros\/","og_locale":"pt_BR","og_type":"article","og_title":"Vice-presidente do Brasil destaca que com\u00e9rcio com a China ajudar\u00e1 na gera\u00e7\u00e3o de empregos e renda para os brasileiros - Xinhua - Diario de Pernambuco","og_description":"Rio de Janeiro &#8211; Em um balan\u00e7o de sua visita \u00e0 China, o vice-presidente do Brasil, Geraldo Alckmin, destacou a for\u00e7a das rela\u00e7\u00f5es comerciais entre os dois pa\u00edses, com crescimento de 17 vezes da rela\u00e7\u00e3o comercial ao longo dos \u00faltimos...","og_url":"https:\/\/diariodepe.com.br\/xinhua\/2024\/06\/10\/vice-presidente-do-brasil-destaca-que-comercio-com-a-china-ajudara-na-geracao-de-empregos-e-renda-para-os-brasileiros\/","og_site_name":"Xinhua - Diario de Pernambuco","article_published_time":"2024-06-10T11:00:00+00:00","og_image":[{"width":1000,"height":500,"url":"https:\/\/diariodepe.com.br\/xinhua\/wp-content\/uploads\/sites\/3\/2024\/06\/d2467d945fef400aab6f66eab693738d.jpg","type":"image\/jpeg"}],"author":"Marcelo Oliveira de A. Maranhao","twitter_card":"summary_large_image","twitter_misc":{"Escrito por":"Marcelo Oliveira de A. Maranhao","Est. tempo de leitura":"3 minutos"},"schema":{"@context":"https:\/\/schema.org","@graph":[{"@type":"Article","@id":"https:\/\/diariodepe.com.br\/xinhua\/2024\/06\/10\/vice-presidente-do-brasil-destaca-que-comercio-com-a-china-ajudara-na-geracao-de-empregos-e-renda-para-os-brasileiros\/#article","isPartOf":{"@id":"https:\/\/diariodepe.com.br\/xinhua\/2024\/06\/10\/vice-presidente-do-brasil-destaca-que-comercio-com-a-china-ajudara-na-geracao-de-empregos-e-renda-para-os-brasileiros\/"},"author":{"name":"Marcelo Oliveira de A. Maranhao","@id":"https:\/\/diariodepe.com.br\/xinhua\/#\/schema\/person\/0943d6fd02bdc7b49c8f495e8787a2cb"},"headline":"Vice-presidente do Brasil destaca que com\u00e9rcio com a China ajudar\u00e1 na gera\u00e7\u00e3o de empregos e renda para os brasileiros","datePublished":"2024-06-10T11:00:00+00:00","mainEntityOfPage":{"@id":"https:\/\/diariodepe.com.br\/xinhua\/2024\/06\/10\/vice-presidente-do-brasil-destaca-que-comercio-com-a-china-ajudara-na-geracao-de-empregos-e-renda-para-os-brasileiros\/"},"wordCount":604,"commentCount":0,"publisher":{"@id":"https:\/\/diariodepe.com.br\/xinhua\/#organization"},"image":{"@id":"https:\/\/diariodepe.com.br\/xinhua\/2024\/06\/10\/vice-presidente-do-brasil-destaca-que-comercio-com-a-china-ajudara-na-geracao-de-empregos-e-renda-para-os-brasileiros\/#primaryimage"},"thumbnailUrl":"https:\/\/diariodepe.com.br\/xinhua\/wp-content\/uploads\/sites\/3\/2024\/06\/d2467d945fef400aab6f66eab693738d.jpg","articleSection":["Geral"],"inLanguage":"pt-BR","potentialAction":[{"@type":"CommentAction","name":"Comment","target":["https:\/\/diariodepe.com.br\/xinhua\/2024\/06\/10\/vice-presidente-do-brasil-destaca-que-comercio-com-a-china-ajudara-na-geracao-de-empregos-e-renda-para-os-brasileiros\/#respond"]}]},{"@type":"WebPage","@id":"https:\/\/diariodepe.com.br\/xinhua\/2024\/06\/10\/vice-presidente-do-brasil-destaca-que-comercio-com-a-china-ajudara-na-geracao-de-empregos-e-renda-para-os-brasileiros\/","url":"https:\/\/diariodepe.com.br\/xinhua\/2024\/06\/10\/vice-presidente-do-brasil-destaca-que-comercio-com-a-china-ajudara-na-geracao-de-empregos-e-renda-para-os-brasileiros\/","name":"Vice-presidente do Brasil destaca que com\u00e9rcio com a China ajudar\u00e1 na gera\u00e7\u00e3o de empregos e renda para os brasileiros - Xinhua - Diario de Pernambuco","isPartOf":{"@id":"https:\/\/diariodepe.com.br\/xinhua\/#website"},"primaryImageOfPage":{"@id":"https:\/\/diariodepe.com.br\/xinhua\/2024\/06\/10\/vice-presidente-do-brasil-destaca-que-comercio-com-a-china-ajudara-na-geracao-de-empregos-e-renda-para-os-brasileiros\/#primaryimage"},"image":{"@id":"https:\/\/diariodepe.com.br\/xinhua\/2024\/06\/10\/vice-presidente-do-brasil-destaca-que-comercio-com-a-china-ajudara-na-geracao-de-empregos-e-renda-para-os-brasileiros\/#primaryimage"},"thumbnailUrl":"https:\/\/diariodepe.com.br\/xinhua\/wp-content\/uploads\/sites\/3\/2024\/06\/d2467d945fef400aab6f66eab693738d.jpg","datePublished":"2024-06-10T11:00:00+00:00","breadcrumb":{"@id":"https:\/\/diariodepe.com.br\/xinhua\/2024\/06\/10\/vice-presidente-do-brasil-destaca-que-comercio-com-a-china-ajudara-na-geracao-de-empregos-e-renda-para-os-brasileiros\/#breadcrumb"},"inLanguage":"pt-BR","potentialAction":[{"@type":"ReadAction","target":["https:\/\/diariodepe.com.br\/xinhua\/2024\/06\/10\/vice-presidente-do-brasil-destaca-que-comercio-com-a-china-ajudara-na-geracao-de-empregos-e-renda-para-os-brasileiros\/"]}]},{"@type":"ImageObject","inLanguage":"pt-BR","@id":"https:\/\/diariodepe.com.br\/xinhua\/2024\/06\/10\/vice-presidente-do-brasil-destaca-que-comercio-com-a-china-ajudara-na-geracao-de-empregos-e-renda-para-os-brasileiros\/#primaryimage","url":"https:\/\/diariodepe.com.br\/xinhua\/wp-content\/uploads\/sites\/3\/2024\/06\/d2467d945fef400aab6f66eab693738d.jpg","contentUrl":"https:\/\/diariodepe.com.br\/xinhua\/wp-content\/uploads\/sites\/3\/2024\/06\/d2467d945fef400aab6f66eab693738d.jpg","width":1000,"height":500},{"@type":"BreadcrumbList","@id":"https:\/\/diariodepe.com.br\/xinhua\/2024\/06\/10\/vice-presidente-do-brasil-destaca-que-comercio-com-a-china-ajudara-na-geracao-de-empregos-e-renda-para-os-brasileiros\/#breadcrumb","itemListElement":[{"@type":"ListItem","position":1,"name":"In\u00edcio","item":"https:\/\/diariodepe.com.br\/xinhua\/"},{"@type":"ListItem","position":2,"name":"Vice-presidente do Brasil destaca que com\u00e9rcio com a China ajudar\u00e1 na gera\u00e7\u00e3o de empregos e renda para os brasileiros"}]},{"@type":"WebSite","@id":"https:\/\/diariodepe.com.br\/xinhua\/#website","url":"https:\/\/diariodepe.com.br\/xinhua\/","name":"Xinhua - Diario de Pernambuco","description":"A maior ag\u00eancia de not\u00edcias da China e um dos principais canais para conhecer o pa\u00eds","publisher":{"@id":"https:\/\/diariodepe.com.br\/xinhua\/#organization"},"potentialAction":[{"@type":"SearchAction","target":{"@type":"EntryPoint","urlTemplate":"https:\/\/diariodepe.com.br\/xinhua\/?s={search_term_string}"},"query-input":{"@type":"PropertyValueSpecification","valueRequired":true,"valueName":"search_term_string"}}],"inLanguage":"pt-BR"},{"@type":"Organization","@id":"https:\/\/diariodepe.com.br\/xinhua\/#organization","name":"Xinhua - Diario de Pernambuco","url":"https:\/\/diariodepe.com.br\/xinhua\/","logo":{"@type":"ImageObject","inLanguage":"pt-BR","@id":"https:\/\/diariodepe.com.br\/xinhua\/#\/schema\/logo\/image\/","url":"https:\/\/diariodepe.com.br\/xinhua\/wp-content\/uploads\/sites\/3\/2020\/10\/cropped-logo-transparente-2.png","contentUrl":"https:\/\/diariodepe.com.br\/xinhua\/wp-content\/uploads\/sites\/3\/2020\/10\/cropped-logo-transparente-2.png","width":512,"height":164,"caption":"Xinhua - Diario de Pernambuco"},"image":{"@id":"https:\/\/diariodepe.com.br\/xinhua\/#\/schema\/logo\/image\/"}},{"@type":"Person","@id":"https:\/\/diariodepe.com.br\/xinhua\/#\/schema\/person\/0943d6fd02bdc7b49c8f495e8787a2cb","name":"Marcelo Oliveira de A. Maranhao","image":{"@type":"ImageObject","inLanguage":"pt-BR","@id":"https:\/\/secure.gravatar.com\/avatar\/f562caee940d39879c20e90eea3e4b21860c7d4c96684c23141c554824f0059c?s=96&d=mm&r=g","url":"https:\/\/secure.gravatar.com\/avatar\/f562caee940d39879c20e90eea3e4b21860c7d4c96684c23141c554824f0059c?s=96&d=mm&r=g","contentUrl":"https:\/\/secure.gravatar.com\/avatar\/f562caee940d39879c20e90eea3e4b21860c7d4c96684c23141c554824f0059c?s=96&d=mm&r=g","caption":"Marcelo Oliveira de A. Maranhao"},"url":"https:\/\/diariodepe.com.br\/xinhua\/author\/marcelo-maranhao\/"}]}},"cc_featured_image_caption":{"caption_text":"","source_text":"","source_url":""},"amp_enabled":true,"_links":{"self":[{"href":"https:\/\/diariodepe.com.br\/xinhua\/wp-json\/wp\/v2\/posts\/20494","targetHints":{"allow":["GET"]}}],"collection":[{"href":"https:\/\/diariodepe.com.br\/xinhua\/wp-json\/wp\/v2\/posts"}],"about":[{"href":"https:\/\/diariodepe.com.br\/xinhua\/wp-json\/wp\/v2\/types\/post"}],"author":[{"embeddable":true,"href":"https:\/\/diariodepe.com.br\/xinhua\/wp-json\/wp\/v2\/users\/3"}],"replies":[{"embeddable":true,"href":"https:\/\/diariodepe.com.br\/xinhua\/wp-json\/wp\/v2\/comments?post=20494"}],"version-history":[{"count":1,"href":"https:\/\/diariodepe.com.br\/xinhua\/wp-json\/wp\/v2\/posts\/20494\/revisions"}],"predecessor-version":[{"id":20496,"href":"https:\/\/diariodepe.com.br\/xinhua\/wp-json\/wp\/v2\/posts\/20494\/revisions\/20496"}],"wp:featuredmedia":[{"embeddable":true,"href":"https:\/\/diariodepe.com.br\/xinhua\/wp-json\/wp\/v2\/media\/20495"}],"wp:attachment":[{"href":"https:\/\/diariodepe.com.br\/xinhua\/wp-json\/wp\/v2\/media?parent=20494"}],"wp:term":[{"taxonomy":"category","embeddable":true,"href":"https:\/\/diariodepe.com.br\/xinhua\/wp-json\/wp\/v2\/categories?post=20494"},{"taxonomy":"post_tag","embeddable":true,"href":"https:\/\/diariodepe.com.br\/xinhua\/wp-json\/wp\/v2\/tags?post=20494"}],"curies":[{"name":"wp","href":"https:\/\/api.w.org\/{rel}","templated":true}]}}