{"id":20483,"date":"2024-06-07T14:14:00","date_gmt":"2024-06-07T17:14:00","guid":{"rendered":"https:\/\/www.diariodepe.com.br\/xinhua\/?p=20483"},"modified":"2024-06-07T07:52:24","modified_gmt":"2024-06-07T10:52:24","slug":"chanceler-chines-conversa-com-enviado-especial-do-presidente-cubano","status":"publish","type":"post","link":"https:\/\/diariodepe.com.br\/xinhua\/2024\/06\/07\/chanceler-chines-conversa-com-enviado-especial-do-presidente-cubano\/","title":{"rendered":"Chanceler chin\u00eas conversa com enviado especial do presidente cubano"},"content":{"rendered":"\n<p>Beijing &#8211; O ministro das Rela\u00e7\u00f5es Exteriores da China, Wang Yi, conversou com o enviado especial do presidente cubano e ministro das Rela\u00e7\u00f5es Exteriores, Bruno Rodr\u00edguez Parrilla, na quarta-feira, em Beijing.<\/p>\n\n\n\n<p>Wang, tamb\u00e9m membro do Bir\u00f4 Pol\u00edtico do Comit\u00ea Central do Partido Comunista da China, disse que a China e Cuba s\u00e3o bons amigos que confiam um no outro, bons camaradas que compartilham a mesma vis\u00e3o e bons irm\u00e3os que compartilham o bem e o mal, acrescentando que os dois lados alcan\u00e7aram um consenso importante sobre a constru\u00e7\u00e3o conjunta de uma comunidade China-Cuba com um futuro compartilhado.<\/p>\n\n\n\n<p>A China elogia a ades\u00e3o de Cuba \u00e0 verdade e ao desafio ao poder, e aprecia o fato de Cuba sempre defender a posi\u00e7\u00e3o leg\u00edtima da China em ocasi\u00f5es multilaterais internacionais. A China apoia firmemente Cuba na defesa da sua soberania nacional e na oposi\u00e7\u00e3o \u00e0 interfer\u00eancia estrangeira, e continuar\u00e1 a opor-se resolutamente ao bloqueio irracional dos EUA contra Cuba, observou Wang.<\/p>\n\n\n\n<p>Wang disse que a China est\u00e1 disposta a trabalhar com Cuba para implementar o consenso alcan\u00e7ado pelos dois chefes de Estado, desenvolver as rela\u00e7\u00f5es amistosas especiais entre os dois partidos e os dois pa\u00edses e contribuir para promover a causa do socialismo mundial e salvaguardar a paz do mundo.<\/p>\n\n\n\n<p>Rodr\u00edguez disse que as rela\u00e7\u00f5es amistosas especiais entre Cuba e China gozam de um profundo apoio p\u00fablico \u00e0 boa amizade entre os dois povos. Cuba agradece sinceramente \u00e0 China seu forte apoio na resist\u00eancia ao bloqueio e \u00e0 interfer\u00eancia irracionais dos Estados Unidos e na supera\u00e7\u00e3o de dificuldades tempor\u00e1rias na opera\u00e7\u00e3o econ\u00f4mica, e continuar\u00e1 a respeitar firmemente o princ\u00edpio de Uma S\u00f3 China.<\/p>\n\n\n\n<p>Cuba est\u00e1 disposta a trabalhar com a China para construir uma comunidade Cuba-China com um futuro compartilhado, dar prioridade m\u00e1xima \u00e0 constru\u00e7\u00e3o conjunta do Cintur\u00e3o e Rota e salvaguardar a soberania e a independ\u00eancia dos pa\u00edses em desenvolvimento, bem como a causa do socialismo, disse ele.<\/p>\n\n\n\n<p>Os dois lados tamb\u00e9m trocaram opini\u00f5es sobre o fortalecimento da coopera\u00e7\u00e3o China-Am\u00e9rica Latina e outras quest\u00f5es de interesse comum.&nbsp;<\/p>\n","protected":false},"excerpt":{"rendered":"<p>Beijing &#8211; O ministro das Rela\u00e7\u00f5es Exteriores da China, Wang Yi, conversou com o enviado especial do presidente cubano e ministro das Rela\u00e7\u00f5es Exteriores, Bruno Rodr\u00edguez Parrilla, na quarta-feira, em Beijing. Wang, tamb\u00e9m membro do Bir\u00f4 Pol\u00edtico do Comit\u00ea Central&#8230;<\/p>\n","protected":false},"author":3,"featured_media":20484,"comment_status":"open","ping_status":"open","sticky":false,"template":"","format":"standard","meta":{"footnotes":""},"categories":[4],"tags":[],"class_list":["post-20483","post","type-post","status-publish","format-standard","has-post-thumbnail","hentry","category-internacional"],"yoast_head":"<!-- This site is optimized with the Yoast SEO plugin v27.4 - https:\/\/yoast.com\/product\/yoast-seo-wordpress\/ -->\n<title>Chanceler chin\u00eas conversa com enviado especial do presidente cubano - Xinhua - Diario de Pernambuco<\/title>\n<meta name=\"robots\" content=\"index, follow, max-snippet:-1, max-image-preview:large, max-video-preview:-1\" \/>\n<link rel=\"canonical\" href=\"https:\/\/diariodepe.com.br\/xinhua\/2024\/06\/07\/chanceler-chines-conversa-com-enviado-especial-do-presidente-cubano\/\" \/>\n<meta property=\"og:locale\" content=\"pt_BR\" \/>\n<meta property=\"og:type\" content=\"article\" \/>\n<meta property=\"og:title\" content=\"Chanceler chin\u00eas conversa com enviado especial do presidente cubano - Xinhua - Diario de Pernambuco\" \/>\n<meta property=\"og:description\" content=\"Beijing &#8211; O ministro das Rela\u00e7\u00f5es Exteriores da China, Wang Yi, conversou com o enviado especial do presidente cubano e ministro das Rela\u00e7\u00f5es Exteriores, Bruno Rodr\u00edguez Parrilla, na quarta-feira, em Beijing. Wang, tamb\u00e9m membro do Bir\u00f4 Pol\u00edtico do Comit\u00ea Central...\" \/>\n<meta property=\"og:url\" content=\"https:\/\/diariodepe.com.br\/xinhua\/2024\/06\/07\/chanceler-chines-conversa-com-enviado-especial-do-presidente-cubano\/\" \/>\n<meta property=\"og:site_name\" content=\"Xinhua - Diario de Pernambuco\" \/>\n<meta property=\"article:published_time\" content=\"2024-06-07T17:14:00+00:00\" \/>\n<meta property=\"og:image\" content=\"https:\/\/diariodepe.com.br\/xinhua\/wp-content\/uploads\/sites\/3\/2024\/06\/DiGBEMw87OfOSsIH.jpeg\" \/>\n\t<meta property=\"og:image:width\" content=\"1024\" \/>\n\t<meta property=\"og:image:height\" content=\"597\" \/>\n\t<meta property=\"og:image:type\" content=\"image\/jpeg\" \/>\n<meta name=\"author\" content=\"Marcelo Oliveira de A. Maranhao\" \/>\n<meta name=\"twitter:card\" content=\"summary_large_image\" \/>\n<meta name=\"twitter:label1\" content=\"Escrito por\" \/>\n\t<meta name=\"twitter:data1\" content=\"Marcelo Oliveira de A. Maranhao\" \/>\n\t<meta name=\"twitter:label2\" content=\"Est. tempo de leitura\" \/>\n\t<meta name=\"twitter:data2\" content=\"2 minutos\" \/>\n<script type=\"application\/ld+json\" class=\"yoast-schema-graph\">{\"@context\":\"https:\\\/\\\/schema.org\",\"@graph\":[{\"@type\":\"Article\",\"@id\":\"https:\\\/\\\/diariodepe.com.br\\\/xinhua\\\/2024\\\/06\\\/07\\\/chanceler-chines-conversa-com-enviado-especial-do-presidente-cubano\\\/#article\",\"isPartOf\":{\"@id\":\"https:\\\/\\\/diariodepe.com.br\\\/xinhua\\\/2024\\\/06\\\/07\\\/chanceler-chines-conversa-com-enviado-especial-do-presidente-cubano\\\/\"},\"author\":{\"name\":\"Marcelo Oliveira de A. Maranhao\",\"@id\":\"https:\\\/\\\/diariodepe.com.br\\\/xinhua\\\/#\\\/schema\\\/person\\\/0943d6fd02bdc7b49c8f495e8787a2cb\"},\"headline\":\"Chanceler chin\u00eas conversa com enviado especial do presidente cubano\",\"datePublished\":\"2024-06-07T17:14:00+00:00\",\"mainEntityOfPage\":{\"@id\":\"https:\\\/\\\/diariodepe.com.br\\\/xinhua\\\/2024\\\/06\\\/07\\\/chanceler-chines-conversa-com-enviado-especial-do-presidente-cubano\\\/\"},\"wordCount\":380,\"commentCount\":0,\"publisher\":{\"@id\":\"https:\\\/\\\/diariodepe.com.br\\\/xinhua\\\/#organization\"},\"image\":{\"@id\":\"https:\\\/\\\/diariodepe.com.br\\\/xinhua\\\/2024\\\/06\\\/07\\\/chanceler-chines-conversa-com-enviado-especial-do-presidente-cubano\\\/#primaryimage\"},\"thumbnailUrl\":\"https:\\\/\\\/diariodepe.com.br\\\/xinhua\\\/wp-content\\\/uploads\\\/sites\\\/3\\\/2024\\\/06\\\/DiGBEMw87OfOSsIH.jpeg\",\"articleSection\":[\"Internacional\"],\"inLanguage\":\"pt-BR\",\"potentialAction\":[{\"@type\":\"CommentAction\",\"name\":\"Comment\",\"target\":[\"https:\\\/\\\/diariodepe.com.br\\\/xinhua\\\/2024\\\/06\\\/07\\\/chanceler-chines-conversa-com-enviado-especial-do-presidente-cubano\\\/#respond\"]}]},{\"@type\":\"WebPage\",\"@id\":\"https:\\\/\\\/diariodepe.com.br\\\/xinhua\\\/2024\\\/06\\\/07\\\/chanceler-chines-conversa-com-enviado-especial-do-presidente-cubano\\\/\",\"url\":\"https:\\\/\\\/diariodepe.com.br\\\/xinhua\\\/2024\\\/06\\\/07\\\/chanceler-chines-conversa-com-enviado-especial-do-presidente-cubano\\\/\",\"name\":\"Chanceler chin\u00eas conversa com enviado especial do presidente cubano - Xinhua - Diario de Pernambuco\",\"isPartOf\":{\"@id\":\"https:\\\/\\\/diariodepe.com.br\\\/xinhua\\\/#website\"},\"primaryImageOfPage\":{\"@id\":\"https:\\\/\\\/diariodepe.com.br\\\/xinhua\\\/2024\\\/06\\\/07\\\/chanceler-chines-conversa-com-enviado-especial-do-presidente-cubano\\\/#primaryimage\"},\"image\":{\"@id\":\"https:\\\/\\\/diariodepe.com.br\\\/xinhua\\\/2024\\\/06\\\/07\\\/chanceler-chines-conversa-com-enviado-especial-do-presidente-cubano\\\/#primaryimage\"},\"thumbnailUrl\":\"https:\\\/\\\/diariodepe.com.br\\\/xinhua\\\/wp-content\\\/uploads\\\/sites\\\/3\\\/2024\\\/06\\\/DiGBEMw87OfOSsIH.jpeg\",\"datePublished\":\"2024-06-07T17:14:00+00:00\",\"breadcrumb\":{\"@id\":\"https:\\\/\\\/diariodepe.com.br\\\/xinhua\\\/2024\\\/06\\\/07\\\/chanceler-chines-conversa-com-enviado-especial-do-presidente-cubano\\\/#breadcrumb\"},\"inLanguage\":\"pt-BR\",\"potentialAction\":[{\"@type\":\"ReadAction\",\"target\":[\"https:\\\/\\\/diariodepe.com.br\\\/xinhua\\\/2024\\\/06\\\/07\\\/chanceler-chines-conversa-com-enviado-especial-do-presidente-cubano\\\/\"]}]},{\"@type\":\"ImageObject\",\"inLanguage\":\"pt-BR\",\"@id\":\"https:\\\/\\\/diariodepe.com.br\\\/xinhua\\\/2024\\\/06\\\/07\\\/chanceler-chines-conversa-com-enviado-especial-do-presidente-cubano\\\/#primaryimage\",\"url\":\"https:\\\/\\\/diariodepe.com.br\\\/xinhua\\\/wp-content\\\/uploads\\\/sites\\\/3\\\/2024\\\/06\\\/DiGBEMw87OfOSsIH.jpeg\",\"contentUrl\":\"https:\\\/\\\/diariodepe.com.br\\\/xinhua\\\/wp-content\\\/uploads\\\/sites\\\/3\\\/2024\\\/06\\\/DiGBEMw87OfOSsIH.jpeg\",\"width\":1024,\"height\":597},{\"@type\":\"BreadcrumbList\",\"@id\":\"https:\\\/\\\/diariodepe.com.br\\\/xinhua\\\/2024\\\/06\\\/07\\\/chanceler-chines-conversa-com-enviado-especial-do-presidente-cubano\\\/#breadcrumb\",\"itemListElement\":[{\"@type\":\"ListItem\",\"position\":1,\"name\":\"In\u00edcio\",\"item\":\"https:\\\/\\\/diariodepe.com.br\\\/xinhua\\\/\"},{\"@type\":\"ListItem\",\"position\":2,\"name\":\"Chanceler chin\u00eas conversa com enviado especial do presidente cubano\"}]},{\"@type\":\"WebSite\",\"@id\":\"https:\\\/\\\/diariodepe.com.br\\\/xinhua\\\/#website\",\"url\":\"https:\\\/\\\/diariodepe.com.br\\\/xinhua\\\/\",\"name\":\"Xinhua - Diario de Pernambuco\",\"description\":\"A maior ag\u00eancia de not\u00edcias da China e um dos principais canais para conhecer o pa\u00eds\",\"publisher\":{\"@id\":\"https:\\\/\\\/diariodepe.com.br\\\/xinhua\\\/#organization\"},\"potentialAction\":[{\"@type\":\"SearchAction\",\"target\":{\"@type\":\"EntryPoint\",\"urlTemplate\":\"https:\\\/\\\/diariodepe.com.br\\\/xinhua\\\/?s={search_term_string}\"},\"query-input\":{\"@type\":\"PropertyValueSpecification\",\"valueRequired\":true,\"valueName\":\"search_term_string\"}}],\"inLanguage\":\"pt-BR\"},{\"@type\":\"Organization\",\"@id\":\"https:\\\/\\\/diariodepe.com.br\\\/xinhua\\\/#organization\",\"name\":\"Xinhua - Diario de Pernambuco\",\"url\":\"https:\\\/\\\/diariodepe.com.br\\\/xinhua\\\/\",\"logo\":{\"@type\":\"ImageObject\",\"inLanguage\":\"pt-BR\",\"@id\":\"https:\\\/\\\/diariodepe.com.br\\\/xinhua\\\/#\\\/schema\\\/logo\\\/image\\\/\",\"url\":\"https:\\\/\\\/diariodepe.com.br\\\/xinhua\\\/wp-content\\\/uploads\\\/sites\\\/3\\\/2020\\\/10\\\/cropped-logo-transparente-2.png\",\"contentUrl\":\"https:\\\/\\\/diariodepe.com.br\\\/xinhua\\\/wp-content\\\/uploads\\\/sites\\\/3\\\/2020\\\/10\\\/cropped-logo-transparente-2.png\",\"width\":512,\"height\":164,\"caption\":\"Xinhua - Diario de Pernambuco\"},\"image\":{\"@id\":\"https:\\\/\\\/diariodepe.com.br\\\/xinhua\\\/#\\\/schema\\\/logo\\\/image\\\/\"}},{\"@type\":\"Person\",\"@id\":\"https:\\\/\\\/diariodepe.com.br\\\/xinhua\\\/#\\\/schema\\\/person\\\/0943d6fd02bdc7b49c8f495e8787a2cb\",\"name\":\"Marcelo Oliveira de A. Maranhao\",\"image\":{\"@type\":\"ImageObject\",\"inLanguage\":\"pt-BR\",\"@id\":\"https:\\\/\\\/secure.gravatar.com\\\/avatar\\\/f562caee940d39879c20e90eea3e4b21860c7d4c96684c23141c554824f0059c?s=96&d=mm&r=g\",\"url\":\"https:\\\/\\\/secure.gravatar.com\\\/avatar\\\/f562caee940d39879c20e90eea3e4b21860c7d4c96684c23141c554824f0059c?s=96&d=mm&r=g\",\"contentUrl\":\"https:\\\/\\\/secure.gravatar.com\\\/avatar\\\/f562caee940d39879c20e90eea3e4b21860c7d4c96684c23141c554824f0059c?s=96&d=mm&r=g\",\"caption\":\"Marcelo Oliveira de A. Maranhao\"},\"url\":\"https:\\\/\\\/diariodepe.com.br\\\/xinhua\\\/author\\\/marcelo-maranhao\\\/\"}]}<\/script>\n<!-- \/ Yoast SEO plugin. -->","yoast_head_json":{"title":"Chanceler chin\u00eas conversa com enviado especial do presidente cubano - Xinhua - Diario de Pernambuco","robots":{"index":"index","follow":"follow","max-snippet":"max-snippet:-1","max-image-preview":"max-image-preview:large","max-video-preview":"max-video-preview:-1"},"canonical":"https:\/\/diariodepe.com.br\/xinhua\/2024\/06\/07\/chanceler-chines-conversa-com-enviado-especial-do-presidente-cubano\/","og_locale":"pt_BR","og_type":"article","og_title":"Chanceler chin\u00eas conversa com enviado especial do presidente cubano - Xinhua - Diario de Pernambuco","og_description":"Beijing &#8211; O ministro das Rela\u00e7\u00f5es Exteriores da China, Wang Yi, conversou com o enviado especial do presidente cubano e ministro das Rela\u00e7\u00f5es Exteriores, Bruno Rodr\u00edguez Parrilla, na quarta-feira, em Beijing. Wang, tamb\u00e9m membro do Bir\u00f4 Pol\u00edtico do Comit\u00ea Central...","og_url":"https:\/\/diariodepe.com.br\/xinhua\/2024\/06\/07\/chanceler-chines-conversa-com-enviado-especial-do-presidente-cubano\/","og_site_name":"Xinhua - Diario de Pernambuco","article_published_time":"2024-06-07T17:14:00+00:00","og_image":[{"width":1024,"height":597,"url":"https:\/\/diariodepe.com.br\/xinhua\/wp-content\/uploads\/sites\/3\/2024\/06\/DiGBEMw87OfOSsIH.jpeg","type":"image\/jpeg"}],"author":"Marcelo Oliveira de A. Maranhao","twitter_card":"summary_large_image","twitter_misc":{"Escrito por":"Marcelo Oliveira de A. Maranhao","Est. tempo de leitura":"2 minutos"},"schema":{"@context":"https:\/\/schema.org","@graph":[{"@type":"Article","@id":"https:\/\/diariodepe.com.br\/xinhua\/2024\/06\/07\/chanceler-chines-conversa-com-enviado-especial-do-presidente-cubano\/#article","isPartOf":{"@id":"https:\/\/diariodepe.com.br\/xinhua\/2024\/06\/07\/chanceler-chines-conversa-com-enviado-especial-do-presidente-cubano\/"},"author":{"name":"Marcelo Oliveira de A. Maranhao","@id":"https:\/\/diariodepe.com.br\/xinhua\/#\/schema\/person\/0943d6fd02bdc7b49c8f495e8787a2cb"},"headline":"Chanceler chin\u00eas conversa com enviado especial do presidente cubano","datePublished":"2024-06-07T17:14:00+00:00","mainEntityOfPage":{"@id":"https:\/\/diariodepe.com.br\/xinhua\/2024\/06\/07\/chanceler-chines-conversa-com-enviado-especial-do-presidente-cubano\/"},"wordCount":380,"commentCount":0,"publisher":{"@id":"https:\/\/diariodepe.com.br\/xinhua\/#organization"},"image":{"@id":"https:\/\/diariodepe.com.br\/xinhua\/2024\/06\/07\/chanceler-chines-conversa-com-enviado-especial-do-presidente-cubano\/#primaryimage"},"thumbnailUrl":"https:\/\/diariodepe.com.br\/xinhua\/wp-content\/uploads\/sites\/3\/2024\/06\/DiGBEMw87OfOSsIH.jpeg","articleSection":["Internacional"],"inLanguage":"pt-BR","potentialAction":[{"@type":"CommentAction","name":"Comment","target":["https:\/\/diariodepe.com.br\/xinhua\/2024\/06\/07\/chanceler-chines-conversa-com-enviado-especial-do-presidente-cubano\/#respond"]}]},{"@type":"WebPage","@id":"https:\/\/diariodepe.com.br\/xinhua\/2024\/06\/07\/chanceler-chines-conversa-com-enviado-especial-do-presidente-cubano\/","url":"https:\/\/diariodepe.com.br\/xinhua\/2024\/06\/07\/chanceler-chines-conversa-com-enviado-especial-do-presidente-cubano\/","name":"Chanceler chin\u00eas conversa com enviado especial do presidente cubano - Xinhua - Diario de Pernambuco","isPartOf":{"@id":"https:\/\/diariodepe.com.br\/xinhua\/#website"},"primaryImageOfPage":{"@id":"https:\/\/diariodepe.com.br\/xinhua\/2024\/06\/07\/chanceler-chines-conversa-com-enviado-especial-do-presidente-cubano\/#primaryimage"},"image":{"@id":"https:\/\/diariodepe.com.br\/xinhua\/2024\/06\/07\/chanceler-chines-conversa-com-enviado-especial-do-presidente-cubano\/#primaryimage"},"thumbnailUrl":"https:\/\/diariodepe.com.br\/xinhua\/wp-content\/uploads\/sites\/3\/2024\/06\/DiGBEMw87OfOSsIH.jpeg","datePublished":"2024-06-07T17:14:00+00:00","breadcrumb":{"@id":"https:\/\/diariodepe.com.br\/xinhua\/2024\/06\/07\/chanceler-chines-conversa-com-enviado-especial-do-presidente-cubano\/#breadcrumb"},"inLanguage":"pt-BR","potentialAction":[{"@type":"ReadAction","target":["https:\/\/diariodepe.com.br\/xinhua\/2024\/06\/07\/chanceler-chines-conversa-com-enviado-especial-do-presidente-cubano\/"]}]},{"@type":"ImageObject","inLanguage":"pt-BR","@id":"https:\/\/diariodepe.com.br\/xinhua\/2024\/06\/07\/chanceler-chines-conversa-com-enviado-especial-do-presidente-cubano\/#primaryimage","url":"https:\/\/diariodepe.com.br\/xinhua\/wp-content\/uploads\/sites\/3\/2024\/06\/DiGBEMw87OfOSsIH.jpeg","contentUrl":"https:\/\/diariodepe.com.br\/xinhua\/wp-content\/uploads\/sites\/3\/2024\/06\/DiGBEMw87OfOSsIH.jpeg","width":1024,"height":597},{"@type":"BreadcrumbList","@id":"https:\/\/diariodepe.com.br\/xinhua\/2024\/06\/07\/chanceler-chines-conversa-com-enviado-especial-do-presidente-cubano\/#breadcrumb","itemListElement":[{"@type":"ListItem","position":1,"name":"In\u00edcio","item":"https:\/\/diariodepe.com.br\/xinhua\/"},{"@type":"ListItem","position":2,"name":"Chanceler chin\u00eas conversa com enviado especial do presidente cubano"}]},{"@type":"WebSite","@id":"https:\/\/diariodepe.com.br\/xinhua\/#website","url":"https:\/\/diariodepe.com.br\/xinhua\/","name":"Xinhua - Diario de Pernambuco","description":"A maior ag\u00eancia de not\u00edcias da China e um dos principais canais para conhecer o pa\u00eds","publisher":{"@id":"https:\/\/diariodepe.com.br\/xinhua\/#organization"},"potentialAction":[{"@type":"SearchAction","target":{"@type":"EntryPoint","urlTemplate":"https:\/\/diariodepe.com.br\/xinhua\/?s={search_term_string}"},"query-input":{"@type":"PropertyValueSpecification","valueRequired":true,"valueName":"search_term_string"}}],"inLanguage":"pt-BR"},{"@type":"Organization","@id":"https:\/\/diariodepe.com.br\/xinhua\/#organization","name":"Xinhua - Diario de Pernambuco","url":"https:\/\/diariodepe.com.br\/xinhua\/","logo":{"@type":"ImageObject","inLanguage":"pt-BR","@id":"https:\/\/diariodepe.com.br\/xinhua\/#\/schema\/logo\/image\/","url":"https:\/\/diariodepe.com.br\/xinhua\/wp-content\/uploads\/sites\/3\/2020\/10\/cropped-logo-transparente-2.png","contentUrl":"https:\/\/diariodepe.com.br\/xinhua\/wp-content\/uploads\/sites\/3\/2020\/10\/cropped-logo-transparente-2.png","width":512,"height":164,"caption":"Xinhua - Diario de Pernambuco"},"image":{"@id":"https:\/\/diariodepe.com.br\/xinhua\/#\/schema\/logo\/image\/"}},{"@type":"Person","@id":"https:\/\/diariodepe.com.br\/xinhua\/#\/schema\/person\/0943d6fd02bdc7b49c8f495e8787a2cb","name":"Marcelo Oliveira de A. Maranhao","image":{"@type":"ImageObject","inLanguage":"pt-BR","@id":"https:\/\/secure.gravatar.com\/avatar\/f562caee940d39879c20e90eea3e4b21860c7d4c96684c23141c554824f0059c?s=96&d=mm&r=g","url":"https:\/\/secure.gravatar.com\/avatar\/f562caee940d39879c20e90eea3e4b21860c7d4c96684c23141c554824f0059c?s=96&d=mm&r=g","contentUrl":"https:\/\/secure.gravatar.com\/avatar\/f562caee940d39879c20e90eea3e4b21860c7d4c96684c23141c554824f0059c?s=96&d=mm&r=g","caption":"Marcelo Oliveira de A. Maranhao"},"url":"https:\/\/diariodepe.com.br\/xinhua\/author\/marcelo-maranhao\/"}]}},"cc_featured_image_caption":{"caption_text":"","source_text":"","source_url":""},"amp_enabled":true,"_links":{"self":[{"href":"https:\/\/diariodepe.com.br\/xinhua\/wp-json\/wp\/v2\/posts\/20483","targetHints":{"allow":["GET"]}}],"collection":[{"href":"https:\/\/diariodepe.com.br\/xinhua\/wp-json\/wp\/v2\/posts"}],"about":[{"href":"https:\/\/diariodepe.com.br\/xinhua\/wp-json\/wp\/v2\/types\/post"}],"author":[{"embeddable":true,"href":"https:\/\/diariodepe.com.br\/xinhua\/wp-json\/wp\/v2\/users\/3"}],"replies":[{"embeddable":true,"href":"https:\/\/diariodepe.com.br\/xinhua\/wp-json\/wp\/v2\/comments?post=20483"}],"version-history":[{"count":1,"href":"https:\/\/diariodepe.com.br\/xinhua\/wp-json\/wp\/v2\/posts\/20483\/revisions"}],"predecessor-version":[{"id":20485,"href":"https:\/\/diariodepe.com.br\/xinhua\/wp-json\/wp\/v2\/posts\/20483\/revisions\/20485"}],"wp:featuredmedia":[{"embeddable":true,"href":"https:\/\/diariodepe.com.br\/xinhua\/wp-json\/wp\/v2\/media\/20484"}],"wp:attachment":[{"href":"https:\/\/diariodepe.com.br\/xinhua\/wp-json\/wp\/v2\/media?parent=20483"}],"wp:term":[{"taxonomy":"category","embeddable":true,"href":"https:\/\/diariodepe.com.br\/xinhua\/wp-json\/wp\/v2\/categories?post=20483"},{"taxonomy":"post_tag","embeddable":true,"href":"https:\/\/diariodepe.com.br\/xinhua\/wp-json\/wp\/v2\/tags?post=20483"}],"curies":[{"name":"wp","href":"https:\/\/api.w.org\/{rel}","templated":true}]}}