{"id":20324,"date":"2024-05-31T16:35:00","date_gmt":"2024-05-31T19:35:00","guid":{"rendered":"https:\/\/www.diariodepe.com.br\/xinhua\/?p=20324"},"modified":"2024-05-31T08:48:06","modified_gmt":"2024-05-31T11:48:06","slug":"especialistas-europeus-alertam-que-protecionismo-significa-desastre-e-tragedia-para-montadoras-e-consumidores","status":"publish","type":"post","link":"https:\/\/diariodepe.com.br\/xinhua\/2024\/05\/31\/especialistas-europeus-alertam-que-protecionismo-significa-desastre-e-tragedia-para-montadoras-e-consumidores\/","title":{"rendered":"Especialistas europeus alertam que protecionismo significa &#8220;desastre&#8221; e &#8220;trag\u00e9dia&#8221; para montadoras e consumidores"},"content":{"rendered":"\n<p>Cada vez mais, os formuladores de pol\u00edticas e analistas europeus reconhecem que as alega\u00e7\u00f5es de Washington sobre o &#8220;excesso de capacidade&#8221; na ind\u00fastria de nova energia da China desconsideram a realidade e os princ\u00edpios econ\u00f4micos.<\/p>\n\n\n\n<p>Frankfurt\/Rome &#8211; &#8220;As guerras comerciais t\u00eam tudo a ver com perdas, n\u00e3o \u00e9 poss\u00edvel venc\u00ea-las&#8221;, disse o ministro das Finan\u00e7as da Alemanha, Christian Lindner, a rep\u00f3rteres na reuni\u00e3o rec\u00e9m-conclu\u00edda dos ministros das Finan\u00e7as e dos presidentes dos bancos centrais do Grupo dos Sete (G7).<\/p>\n\n\n\n<p>Seu coment\u00e1rio representa uma oposi\u00e7\u00e3o cada vez mais forte dos l\u00edderes europeus ao protecionismo dos EUA.<\/p>\n\n\n\n<p>Cada vez mais, os formuladores de pol\u00edticas e analistas europeus reconhecem que as alega\u00e7\u00f5es de Washington sobre o &#8220;excesso de capacidade&#8221; na ind\u00fastria de nova energia da China desconsideram a realidade e os princ\u00edpios econ\u00f4micos. Seguir Washington e impor tarifas sobre os ve\u00edculos el\u00e9tricos (VEs) chineses e outros produtos s\u00f3 prejudicaria as empresas e os consumidores europeus e o ambiente de concorr\u00eancia justa no com\u00e9rcio global.<\/p>\n\n\n\n<p><strong>&#8220;ABSURDO&#8221; &#8220;DESASTRE&#8221; &#8220;TRAG\u00c9DIA&#8221;<\/strong><\/p>\n\n\n\n<p>Desde que o presidente dos Estados Unidos, Joe Biden, anunciou tarifas de 100% sobre ve\u00edculos el\u00e9tricos e outros produtos importados da China no in\u00edcio deste m\u00eas, v\u00e1rios profissionais, especialistas e acad\u00eamicos do setor automotivo europeu alertaram que, se a Uni\u00e3o Europeia (UE) seguir o exemplo, isso s\u00f3 prejudicar\u00e1 os interesses de suas montadoras e criar\u00e1 uma &#8220;trag\u00e9dia&#8221; para seu setor automotivo.<\/p>\n\n\n\n<p>&#8220;Tarifas punitivas s\u00e3o um desastre para a ind\u00fastria automobil\u00edstica alem\u00e3&#8221;, disse Ferdinand Dudenhoeffer, renomado especialista alem\u00e3o em economia automotiva e diretor do Centro de Pesquisa Automotiva (CAR, em ingl\u00eas) em Bochum, Alemanha, alertando contra a ades\u00e3o ao movimento de Washington.<\/p>\n\n\n\n<p>Dudenhoeffer observou que as investiga\u00e7\u00f5es antissubs\u00eddios e as tarifas punitivas da UE prejudicar\u00e3o os interesses das montadoras estrangeiras, causar\u00e3o perdas para os fabricantes internacionais de autom\u00f3veis &#8211; inclusive os europeus &#8211; e at\u00e9 mesmo retardar\u00e3o a eletrifica\u00e7\u00e3o do setor automotivo europeu.<\/p>\n\n\n\n<figure class=\"wp-block-image\"><img decoding=\"async\" src=\"https:\/\/portuguese.news.cn\/20240531\/f7bf094748c74fa091e3b2c62a43bc88\/20240531f7bf094748c74fa091e3b2c62a43bc88_20240531491d4dc618944d3caa89506a7feec16b.jpeg\" alt=\"\"\/><figcaption>Foto tirada em 9 de maio de 2024 mostra o 500.000\u00ba ve\u00edculo da NIO na Segunda Base de Manufatura Avan\u00e7ada da NIO em Hefei, Prov\u00edncia de Anhui, no leste da China. (Xinhua\/Zhang Duan)<\/figcaption><\/figure>\n\n\n\n<p>&#8220;As montadoras alem\u00e3s seriam prejudicadas pelas tarifas da UE. Se voc\u00ea olhar para as montadoras e perguntar aos CEOs ou for at\u00e9 os fornecedores, todos eles dir\u00e3o: &#8220;Por favor, n\u00e3o fa\u00e7a isso. Isso prejudicar\u00e1 nossa coopera\u00e7\u00e3o com a China. Isso prejudicar\u00e1 a n\u00f3s mesmos. Portanto, \u00e9 uma trag\u00e9dia para a ind\u00fastria automobil\u00edstica alem\u00e3&#8221;, acrescentou Dudenhoeffer.<\/p>\n\n\n\n<p>&#8220;Os pol\u00edticos agora est\u00e3o pedindo restri\u00e7\u00f5es comerciais aos fabricantes de autom\u00f3veis chineses. Isso \u00e9 um absurdo&#8221;, disse o CEO da BMW, Oliver Zipse, em entrevista ao jornal alem\u00e3o Frankfurter Allgemeine Zeitung.<\/p>\n\n\n\n<p>A proposta de restri\u00e7\u00f5es aos VEs \u00e9 m\u00edope, pois corre o risco de incorrer em contramedidas dos parceiros comerciais, o que dificultaria a disponibilidade de mat\u00e9rias-primas essenciais para os VEs europeus, disse Zipse.<\/p>\n\n\n\n<p>O CEO da Stellantis, Carlos Tavares, disse que aumentar as tarifas sobre os ve\u00edculos el\u00e9tricos chineses \u00e9 &#8220;uma grande armadilha para os pa\u00edses que seguirem esse caminho&#8221; e n\u00e3o permitir\u00e1 que as montadoras ocidentais evitem a reestrutura\u00e7\u00e3o para enfrentar o desafio dos fabricantes chineses de custo mais baixo.<\/p>\n\n\n\n<p>Tavares acrescentou que as tarifas apenas alimentariam a infla\u00e7\u00e3o nas regi\u00f5es em que fossem impostas, o que poderia afetar as vendas e a produ\u00e7\u00e3o.<\/p>\n\n\n\n<figure class=\"wp-block-image\"><img decoding=\"async\" src=\"https:\/\/portuguese.news.cn\/20240531\/f7bf094748c74fa091e3b2c62a43bc88\/20240531f7bf094748c74fa091e3b2c62a43bc88_20240531da2e65cf2a3248b798676e259323cce7.jpeg\" alt=\"\"\/><figcaption>Foto a\u00e9rea tirada em 20 de agosto de 2023 mostra a Volkswagen (Anhui) Automotive Company Limited em Hefei, Prov\u00edncia de Anhui, no leste da China. (Xinhua\/Guo Chen)<\/figcaption><\/figure>\n\n\n\n<p><strong>PESADELO DOS CONSUMIDORES<\/strong><\/p>\n\n\n\n<p>&#8220;O que a UE deve evitar s\u00e3o as tarifas punitivas! Elas seriam o horror do setor automotivo alem\u00e3o! As tarifas punitivas da UE levariam a contramedidas por parte do governo chin\u00eas e representariam um enorme \u00f4nus para os fabricantes alem\u00e3es. A China tem sido, de longe, o mercado de vendas mais importante para todos os fabricantes de autom\u00f3veis alem\u00e3es h\u00e1 anos&#8221;, disse Frank Schwope, analista automotivo do Norddeutsche Landesbank, em rede social.<\/p>\n\n\n\n<p>&#8220;Para muitos clientes, \u00e9 importante que eles possam comprar um carro por 15.000 a 20.000 euros (US$ 16.200 a 21.600)&#8221;, disse Schwope em uma entrevista \u00e0 revista de informa\u00e7\u00f5es de neg\u00f3cios alem\u00e3 Wirtschaftswoche. &#8220;O carro el\u00e9trico acess\u00edvel da China \u00e9 algo como a grande esperan\u00e7a dos cidad\u00e3os alem\u00e3es.&#8221;<\/p>\n\n\n\n<p>Dudenhoeffer disse que as tarifas sobre os ve\u00edculos el\u00e9tricos fabricados na China far\u00e3o com que os consumidores europeus paguem. Isso ocorre porque a concorr\u00eancia chinesa, em particular, est\u00e1 atualmente levando os fabricantes de autom\u00f3veis locais no mercado da UE a procurar maneiras de produzir modelos el\u00e9tricos econ\u00f4micos. Se essa press\u00e3o deixar de existir, \u00e9 prov\u00e1vel que leve muito mais tempo at\u00e9 que uma ampla gama de ve\u00edculos esteja dispon\u00edvel e possa ser financiada por muitos consumidores.<\/p>\n\n\n\n<figure class=\"wp-block-image\"><img decoding=\"async\" src=\"https:\/\/portuguese.news.cn\/20240531\/f7bf094748c74fa091e3b2c62a43bc88\/20240531f7bf094748c74fa091e3b2c62a43bc88_2024053142e5e9536e3148dc908817adbdecee81.jpeg\" alt=\"\"\/><figcaption>Pessoas visitam o estande da BYD no Sal\u00e3o Internacional do Autom\u00f3vel de 2023, oficialmente conhecido como IAA MOBILITY 2023, em Munique, Alemanha, em 8 de setembro de 2023. (Xinhua\/Zhang Fan)<\/figcaption><\/figure>\n\n\n\n<p><strong>ARMADILHA DO PROTECIONISMO<\/strong><\/p>\n\n\n\n<p>Est\u00e1 cada vez mais claro para um n\u00famero maior de formuladores de pol\u00edticas e analistas europeus que a Uni\u00e3o Europeia deve fortalecer sua coopera\u00e7\u00e3o com a China em vez de seguir cegamente as pol\u00edticas comerciais protecionistas de Washington. Como alertou o chanceler do Tesouro do Reino Unido, Jeremy Hunt, na reuni\u00e3o dos ministros das Finan\u00e7as e dos presidentes dos bancos centrais do G7, &#8220;\u00e9 realmente importante que o mundo n\u00e3o volte involuntariamente ao protecionismo&#8221;.<\/p>\n\n\n\n<p>Alberto Bradanini, ex-embaixador italiano na China, pediu que os pol\u00edticos europeus permane\u00e7am l\u00facidos, aumentem a autonomia e n\u00e3o sejam facilmente influenciados pelos Estados Unidos.<\/p>\n\n\n\n<p>&#8220;\u2018Excesso de capacidade\u2019 \u00e9 um r\u00f3tulo vazio. \u00c9 bem sabido que a China n\u00e3o est\u00e1 produzindo bens al\u00e9m da capacidade de absor\u00e7\u00e3o do mercado&#8221;, disse Bradanini, agora presidente do Centro de Estudos da China Contempor\u00e2nea na It\u00e1lia. &#8220;Os Estados Unidos usam isso como pretexto para iniciar uma guerra comercial contra a China, o que, por si s\u00f3, \u00e9 um ato de protecionismo comercial.&#8221;<\/p>\n\n\n\n<p>Ele enfatizou que a China e a Europa devem fortalecer a coopera\u00e7\u00e3o apesar da press\u00e3o dos EUA.<\/p>\n\n\n\n<p>&#8220;Acreditamos que criar novas tarifas e cair no protecionismo \u00e9 o caminho errado a seguir; em vez disso, deve haver mais di\u00e1logo&#8221;, disse Hildegard Mueller, presidente da Associa\u00e7\u00e3o Alem\u00e3 da Ind\u00fastria Automotiva.<\/p>\n\n\n\n<p>Mueller considera a coopera\u00e7\u00e3o automotiva entre a China e a Alemanha na transforma\u00e7\u00e3o verde e na conectividade inteligente como de vital import\u00e2ncia e incentiva as duas partes a continuarem a ser parceiros cruciais para atingir as metas clim\u00e1ticas globais.<\/p>\n\n\n\n<p>&#8220;Acredito que os dois mercados devem estar intimamente ligados&#8221;, disse ela, acrescentando que as empresas chinesas s\u00e3o bem-vindas na Alemanha. Quanto ao lado alem\u00e3o, suas montadoras demonstraram interesse n\u00e3o apenas em exportar, mas tamb\u00e9m em produzir na China, observou ela.<\/p>\n\n\n\n<p>Os Estados Unidos &#8220;seguem impiedosamente uma pol\u00edtica Am\u00e9rica Primeiro&#8221; e suas tarifas contra os ve\u00edculos el\u00e9tricos fabricados na China s\u00e3o &#8220;totalmente desproporcionais, protecionismo total&#8221;, disse Michael Borchmann, ex-chefe do Departamento de Assuntos Europeus e Internacionais do estado federal alem\u00e3o de Hesse, em uma recente entrevista por escrito \u00e0 Xinhua.<\/p>\n\n\n\n<p>&#8220;Foi recomendado \u00e0 UE que n\u00e3o seguisse esse caminho ruim&#8230; Isso n\u00e3o s\u00f3 prejudicaria o multilateralismo, mas tamb\u00e9m a economia do meu pa\u00eds&#8221;, disse Borchmann.<\/p>\n","protected":false},"excerpt":{"rendered":"<p>Cada vez mais, os formuladores de pol\u00edticas e analistas europeus reconhecem que as alega\u00e7\u00f5es de Washington sobre o &#8220;excesso de capacidade&#8221; na ind\u00fastria de nova energia da China desconsideram a realidade e os princ\u00edpios econ\u00f4micos. Frankfurt\/Rome &#8211; &#8220;As guerras comerciais&#8230;<\/p>\n","protected":false},"author":3,"featured_media":20325,"comment_status":"open","ping_status":"open","sticky":false,"template":"","format":"standard","meta":{"footnotes":""},"categories":[4],"tags":[],"class_list":["post-20324","post","type-post","status-publish","format-standard","has-post-thumbnail","hentry","category-internacional"],"yoast_head":"<!-- This site is optimized with the Yoast SEO plugin v27.4 - https:\/\/yoast.com\/product\/yoast-seo-wordpress\/ -->\n<title>Especialistas europeus alertam que protecionismo significa &quot;desastre&quot; e &quot;trag\u00e9dia&quot; para montadoras e consumidores - Xinhua - Diario de Pernambuco<\/title>\n<meta name=\"robots\" content=\"index, follow, max-snippet:-1, max-image-preview:large, max-video-preview:-1\" \/>\n<link rel=\"canonical\" href=\"https:\/\/diariodepe.com.br\/xinhua\/2024\/05\/31\/especialistas-europeus-alertam-que-protecionismo-significa-desastre-e-tragedia-para-montadoras-e-consumidores\/\" \/>\n<meta property=\"og:locale\" content=\"pt_BR\" \/>\n<meta property=\"og:type\" content=\"article\" \/>\n<meta property=\"og:title\" content=\"Especialistas europeus alertam que protecionismo significa &quot;desastre&quot; e &quot;trag\u00e9dia&quot; para montadoras e consumidores - Xinhua - Diario de Pernambuco\" \/>\n<meta property=\"og:description\" content=\"Cada vez mais, os formuladores de pol\u00edticas e analistas europeus reconhecem que as alega\u00e7\u00f5es de Washington sobre o &#8220;excesso de capacidade&#8221; na ind\u00fastria de nova energia da China desconsideram a realidade e os princ\u00edpios econ\u00f4micos. Frankfurt\/Rome &#8211; &#8220;As guerras comerciais...\" \/>\n<meta property=\"og:url\" content=\"https:\/\/diariodepe.com.br\/xinhua\/2024\/05\/31\/especialistas-europeus-alertam-que-protecionismo-significa-desastre-e-tragedia-para-montadoras-e-consumidores\/\" \/>\n<meta property=\"og:site_name\" content=\"Xinhua - Diario de Pernambuco\" \/>\n<meta property=\"article:published_time\" content=\"2024-05-31T19:35:00+00:00\" \/>\n<meta property=\"og:image\" content=\"https:\/\/diariodepe.com.br\/xinhua\/wp-content\/uploads\/sites\/3\/2024\/05\/20240531f7bf094748c74fa091e3b2c62a43bc88_202405313c01bfbbe4bf4ced84ece175128358cd.jpeg\" \/>\n\t<meta property=\"og:image:width\" content=\"900\" \/>\n\t<meta property=\"og:image:height\" content=\"639\" \/>\n\t<meta property=\"og:image:type\" content=\"image\/jpeg\" \/>\n<meta name=\"author\" content=\"Marcelo Oliveira de A. Maranhao\" \/>\n<meta name=\"twitter:card\" content=\"summary_large_image\" \/>\n<meta name=\"twitter:label1\" content=\"Escrito por\" \/>\n\t<meta name=\"twitter:data1\" content=\"Marcelo Oliveira de A. Maranhao\" \/>\n\t<meta name=\"twitter:label2\" content=\"Est. tempo de leitura\" \/>\n\t<meta name=\"twitter:data2\" content=\"7 minutos\" \/>\n<script type=\"application\/ld+json\" class=\"yoast-schema-graph\">{\"@context\":\"https:\\\/\\\/schema.org\",\"@graph\":[{\"@type\":\"Article\",\"@id\":\"https:\\\/\\\/diariodepe.com.br\\\/xinhua\\\/2024\\\/05\\\/31\\\/especialistas-europeus-alertam-que-protecionismo-significa-desastre-e-tragedia-para-montadoras-e-consumidores\\\/#article\",\"isPartOf\":{\"@id\":\"https:\\\/\\\/diariodepe.com.br\\\/xinhua\\\/2024\\\/05\\\/31\\\/especialistas-europeus-alertam-que-protecionismo-significa-desastre-e-tragedia-para-montadoras-e-consumidores\\\/\"},\"author\":{\"name\":\"Marcelo Oliveira de A. Maranhao\",\"@id\":\"https:\\\/\\\/diariodepe.com.br\\\/xinhua\\\/#\\\/schema\\\/person\\\/0943d6fd02bdc7b49c8f495e8787a2cb\"},\"headline\":\"Especialistas europeus alertam que protecionismo significa &#8220;desastre&#8221; e &#8220;trag\u00e9dia&#8221; para montadoras e consumidores\",\"datePublished\":\"2024-05-31T19:35:00+00:00\",\"mainEntityOfPage\":{\"@id\":\"https:\\\/\\\/diariodepe.com.br\\\/xinhua\\\/2024\\\/05\\\/31\\\/especialistas-europeus-alertam-que-protecionismo-significa-desastre-e-tragedia-para-montadoras-e-consumidores\\\/\"},\"wordCount\":1286,\"commentCount\":0,\"publisher\":{\"@id\":\"https:\\\/\\\/diariodepe.com.br\\\/xinhua\\\/#organization\"},\"image\":{\"@id\":\"https:\\\/\\\/diariodepe.com.br\\\/xinhua\\\/2024\\\/05\\\/31\\\/especialistas-europeus-alertam-que-protecionismo-significa-desastre-e-tragedia-para-montadoras-e-consumidores\\\/#primaryimage\"},\"thumbnailUrl\":\"https:\\\/\\\/diariodepe.com.br\\\/xinhua\\\/wp-content\\\/uploads\\\/sites\\\/3\\\/2024\\\/05\\\/20240531f7bf094748c74fa091e3b2c62a43bc88_202405313c01bfbbe4bf4ced84ece175128358cd.jpeg\",\"articleSection\":[\"Internacional\"],\"inLanguage\":\"pt-BR\",\"potentialAction\":[{\"@type\":\"CommentAction\",\"name\":\"Comment\",\"target\":[\"https:\\\/\\\/diariodepe.com.br\\\/xinhua\\\/2024\\\/05\\\/31\\\/especialistas-europeus-alertam-que-protecionismo-significa-desastre-e-tragedia-para-montadoras-e-consumidores\\\/#respond\"]}]},{\"@type\":\"WebPage\",\"@id\":\"https:\\\/\\\/diariodepe.com.br\\\/xinhua\\\/2024\\\/05\\\/31\\\/especialistas-europeus-alertam-que-protecionismo-significa-desastre-e-tragedia-para-montadoras-e-consumidores\\\/\",\"url\":\"https:\\\/\\\/diariodepe.com.br\\\/xinhua\\\/2024\\\/05\\\/31\\\/especialistas-europeus-alertam-que-protecionismo-significa-desastre-e-tragedia-para-montadoras-e-consumidores\\\/\",\"name\":\"Especialistas europeus alertam que protecionismo significa \\\"desastre\\\" e \\\"trag\u00e9dia\\\" para montadoras e consumidores - Xinhua - Diario de Pernambuco\",\"isPartOf\":{\"@id\":\"https:\\\/\\\/diariodepe.com.br\\\/xinhua\\\/#website\"},\"primaryImageOfPage\":{\"@id\":\"https:\\\/\\\/diariodepe.com.br\\\/xinhua\\\/2024\\\/05\\\/31\\\/especialistas-europeus-alertam-que-protecionismo-significa-desastre-e-tragedia-para-montadoras-e-consumidores\\\/#primaryimage\"},\"image\":{\"@id\":\"https:\\\/\\\/diariodepe.com.br\\\/xinhua\\\/2024\\\/05\\\/31\\\/especialistas-europeus-alertam-que-protecionismo-significa-desastre-e-tragedia-para-montadoras-e-consumidores\\\/#primaryimage\"},\"thumbnailUrl\":\"https:\\\/\\\/diariodepe.com.br\\\/xinhua\\\/wp-content\\\/uploads\\\/sites\\\/3\\\/2024\\\/05\\\/20240531f7bf094748c74fa091e3b2c62a43bc88_202405313c01bfbbe4bf4ced84ece175128358cd.jpeg\",\"datePublished\":\"2024-05-31T19:35:00+00:00\",\"breadcrumb\":{\"@id\":\"https:\\\/\\\/diariodepe.com.br\\\/xinhua\\\/2024\\\/05\\\/31\\\/especialistas-europeus-alertam-que-protecionismo-significa-desastre-e-tragedia-para-montadoras-e-consumidores\\\/#breadcrumb\"},\"inLanguage\":\"pt-BR\",\"potentialAction\":[{\"@type\":\"ReadAction\",\"target\":[\"https:\\\/\\\/diariodepe.com.br\\\/xinhua\\\/2024\\\/05\\\/31\\\/especialistas-europeus-alertam-que-protecionismo-significa-desastre-e-tragedia-para-montadoras-e-consumidores\\\/\"]}]},{\"@type\":\"ImageObject\",\"inLanguage\":\"pt-BR\",\"@id\":\"https:\\\/\\\/diariodepe.com.br\\\/xinhua\\\/2024\\\/05\\\/31\\\/especialistas-europeus-alertam-que-protecionismo-significa-desastre-e-tragedia-para-montadoras-e-consumidores\\\/#primaryimage\",\"url\":\"https:\\\/\\\/diariodepe.com.br\\\/xinhua\\\/wp-content\\\/uploads\\\/sites\\\/3\\\/2024\\\/05\\\/20240531f7bf094748c74fa091e3b2c62a43bc88_202405313c01bfbbe4bf4ced84ece175128358cd.jpeg\",\"contentUrl\":\"https:\\\/\\\/diariodepe.com.br\\\/xinhua\\\/wp-content\\\/uploads\\\/sites\\\/3\\\/2024\\\/05\\\/20240531f7bf094748c74fa091e3b2c62a43bc88_202405313c01bfbbe4bf4ced84ece175128358cd.jpeg\",\"width\":900,\"height\":639,\"caption\":\"(240402) -- YANTAI, April 2, 2024 (Xinhua) -- An aerial drone photo taken on April 1, 2024 shows commodity vehicles to be loaded for export at Zhifu Bay Area of Yantai Port in east China's Shangdong Province. In recent years, Yantai Port has stepped up efforts in building a logistic hub for commodity vehicles with its unique geological advantages. It has now opened up 14 global commodity vehicle logistics lines that reach more than 30 countries and regions. The multi-mode handling volume of commodity vehicles of Yantai Port reached 174,000 in the first quarter of 2024, an increase of 25.1 percent over the same period in 2023. (Xinhua\\\/Li Ziheng)\"},{\"@type\":\"BreadcrumbList\",\"@id\":\"https:\\\/\\\/diariodepe.com.br\\\/xinhua\\\/2024\\\/05\\\/31\\\/especialistas-europeus-alertam-que-protecionismo-significa-desastre-e-tragedia-para-montadoras-e-consumidores\\\/#breadcrumb\",\"itemListElement\":[{\"@type\":\"ListItem\",\"position\":1,\"name\":\"In\u00edcio\",\"item\":\"https:\\\/\\\/diariodepe.com.br\\\/xinhua\\\/\"},{\"@type\":\"ListItem\",\"position\":2,\"name\":\"Especialistas europeus alertam que protecionismo significa &#8220;desastre&#8221; e &#8220;trag\u00e9dia&#8221; para montadoras e consumidores\"}]},{\"@type\":\"WebSite\",\"@id\":\"https:\\\/\\\/diariodepe.com.br\\\/xinhua\\\/#website\",\"url\":\"https:\\\/\\\/diariodepe.com.br\\\/xinhua\\\/\",\"name\":\"Xinhua - Diario de Pernambuco\",\"description\":\"A maior ag\u00eancia de not\u00edcias da China e um dos principais canais para conhecer o pa\u00eds\",\"publisher\":{\"@id\":\"https:\\\/\\\/diariodepe.com.br\\\/xinhua\\\/#organization\"},\"potentialAction\":[{\"@type\":\"SearchAction\",\"target\":{\"@type\":\"EntryPoint\",\"urlTemplate\":\"https:\\\/\\\/diariodepe.com.br\\\/xinhua\\\/?s={search_term_string}\"},\"query-input\":{\"@type\":\"PropertyValueSpecification\",\"valueRequired\":true,\"valueName\":\"search_term_string\"}}],\"inLanguage\":\"pt-BR\"},{\"@type\":\"Organization\",\"@id\":\"https:\\\/\\\/diariodepe.com.br\\\/xinhua\\\/#organization\",\"name\":\"Xinhua - Diario de Pernambuco\",\"url\":\"https:\\\/\\\/diariodepe.com.br\\\/xinhua\\\/\",\"logo\":{\"@type\":\"ImageObject\",\"inLanguage\":\"pt-BR\",\"@id\":\"https:\\\/\\\/diariodepe.com.br\\\/xinhua\\\/#\\\/schema\\\/logo\\\/image\\\/\",\"url\":\"https:\\\/\\\/diariodepe.com.br\\\/xinhua\\\/wp-content\\\/uploads\\\/sites\\\/3\\\/2020\\\/10\\\/cropped-logo-transparente-2.png\",\"contentUrl\":\"https:\\\/\\\/diariodepe.com.br\\\/xinhua\\\/wp-content\\\/uploads\\\/sites\\\/3\\\/2020\\\/10\\\/cropped-logo-transparente-2.png\",\"width\":512,\"height\":164,\"caption\":\"Xinhua - Diario de Pernambuco\"},\"image\":{\"@id\":\"https:\\\/\\\/diariodepe.com.br\\\/xinhua\\\/#\\\/schema\\\/logo\\\/image\\\/\"}},{\"@type\":\"Person\",\"@id\":\"https:\\\/\\\/diariodepe.com.br\\\/xinhua\\\/#\\\/schema\\\/person\\\/0943d6fd02bdc7b49c8f495e8787a2cb\",\"name\":\"Marcelo Oliveira de A. Maranhao\",\"image\":{\"@type\":\"ImageObject\",\"inLanguage\":\"pt-BR\",\"@id\":\"https:\\\/\\\/secure.gravatar.com\\\/avatar\\\/f562caee940d39879c20e90eea3e4b21860c7d4c96684c23141c554824f0059c?s=96&d=mm&r=g\",\"url\":\"https:\\\/\\\/secure.gravatar.com\\\/avatar\\\/f562caee940d39879c20e90eea3e4b21860c7d4c96684c23141c554824f0059c?s=96&d=mm&r=g\",\"contentUrl\":\"https:\\\/\\\/secure.gravatar.com\\\/avatar\\\/f562caee940d39879c20e90eea3e4b21860c7d4c96684c23141c554824f0059c?s=96&d=mm&r=g\",\"caption\":\"Marcelo Oliveira de A. Maranhao\"},\"url\":\"https:\\\/\\\/diariodepe.com.br\\\/xinhua\\\/author\\\/marcelo-maranhao\\\/\"}]}<\/script>\n<!-- \/ Yoast SEO plugin. -->","yoast_head_json":{"title":"Especialistas europeus alertam que protecionismo significa \"desastre\" e \"trag\u00e9dia\" para montadoras e consumidores - Xinhua - Diario de Pernambuco","robots":{"index":"index","follow":"follow","max-snippet":"max-snippet:-1","max-image-preview":"max-image-preview:large","max-video-preview":"max-video-preview:-1"},"canonical":"https:\/\/diariodepe.com.br\/xinhua\/2024\/05\/31\/especialistas-europeus-alertam-que-protecionismo-significa-desastre-e-tragedia-para-montadoras-e-consumidores\/","og_locale":"pt_BR","og_type":"article","og_title":"Especialistas europeus alertam que protecionismo significa \"desastre\" e \"trag\u00e9dia\" para montadoras e consumidores - Xinhua - Diario de Pernambuco","og_description":"Cada vez mais, os formuladores de pol\u00edticas e analistas europeus reconhecem que as alega\u00e7\u00f5es de Washington sobre o &#8220;excesso de capacidade&#8221; na ind\u00fastria de nova energia da China desconsideram a realidade e os princ\u00edpios econ\u00f4micos. Frankfurt\/Rome &#8211; &#8220;As guerras comerciais...","og_url":"https:\/\/diariodepe.com.br\/xinhua\/2024\/05\/31\/especialistas-europeus-alertam-que-protecionismo-significa-desastre-e-tragedia-para-montadoras-e-consumidores\/","og_site_name":"Xinhua - Diario de Pernambuco","article_published_time":"2024-05-31T19:35:00+00:00","og_image":[{"width":900,"height":639,"url":"https:\/\/diariodepe.com.br\/xinhua\/wp-content\/uploads\/sites\/3\/2024\/05\/20240531f7bf094748c74fa091e3b2c62a43bc88_202405313c01bfbbe4bf4ced84ece175128358cd.jpeg","type":"image\/jpeg"}],"author":"Marcelo Oliveira de A. Maranhao","twitter_card":"summary_large_image","twitter_misc":{"Escrito por":"Marcelo Oliveira de A. Maranhao","Est. tempo de leitura":"7 minutos"},"schema":{"@context":"https:\/\/schema.org","@graph":[{"@type":"Article","@id":"https:\/\/diariodepe.com.br\/xinhua\/2024\/05\/31\/especialistas-europeus-alertam-que-protecionismo-significa-desastre-e-tragedia-para-montadoras-e-consumidores\/#article","isPartOf":{"@id":"https:\/\/diariodepe.com.br\/xinhua\/2024\/05\/31\/especialistas-europeus-alertam-que-protecionismo-significa-desastre-e-tragedia-para-montadoras-e-consumidores\/"},"author":{"name":"Marcelo Oliveira de A. Maranhao","@id":"https:\/\/diariodepe.com.br\/xinhua\/#\/schema\/person\/0943d6fd02bdc7b49c8f495e8787a2cb"},"headline":"Especialistas europeus alertam que protecionismo significa &#8220;desastre&#8221; e &#8220;trag\u00e9dia&#8221; para montadoras e consumidores","datePublished":"2024-05-31T19:35:00+00:00","mainEntityOfPage":{"@id":"https:\/\/diariodepe.com.br\/xinhua\/2024\/05\/31\/especialistas-europeus-alertam-que-protecionismo-significa-desastre-e-tragedia-para-montadoras-e-consumidores\/"},"wordCount":1286,"commentCount":0,"publisher":{"@id":"https:\/\/diariodepe.com.br\/xinhua\/#organization"},"image":{"@id":"https:\/\/diariodepe.com.br\/xinhua\/2024\/05\/31\/especialistas-europeus-alertam-que-protecionismo-significa-desastre-e-tragedia-para-montadoras-e-consumidores\/#primaryimage"},"thumbnailUrl":"https:\/\/diariodepe.com.br\/xinhua\/wp-content\/uploads\/sites\/3\/2024\/05\/20240531f7bf094748c74fa091e3b2c62a43bc88_202405313c01bfbbe4bf4ced84ece175128358cd.jpeg","articleSection":["Internacional"],"inLanguage":"pt-BR","potentialAction":[{"@type":"CommentAction","name":"Comment","target":["https:\/\/diariodepe.com.br\/xinhua\/2024\/05\/31\/especialistas-europeus-alertam-que-protecionismo-significa-desastre-e-tragedia-para-montadoras-e-consumidores\/#respond"]}]},{"@type":"WebPage","@id":"https:\/\/diariodepe.com.br\/xinhua\/2024\/05\/31\/especialistas-europeus-alertam-que-protecionismo-significa-desastre-e-tragedia-para-montadoras-e-consumidores\/","url":"https:\/\/diariodepe.com.br\/xinhua\/2024\/05\/31\/especialistas-europeus-alertam-que-protecionismo-significa-desastre-e-tragedia-para-montadoras-e-consumidores\/","name":"Especialistas europeus alertam que protecionismo significa \"desastre\" e \"trag\u00e9dia\" para montadoras e consumidores - Xinhua - Diario de Pernambuco","isPartOf":{"@id":"https:\/\/diariodepe.com.br\/xinhua\/#website"},"primaryImageOfPage":{"@id":"https:\/\/diariodepe.com.br\/xinhua\/2024\/05\/31\/especialistas-europeus-alertam-que-protecionismo-significa-desastre-e-tragedia-para-montadoras-e-consumidores\/#primaryimage"},"image":{"@id":"https:\/\/diariodepe.com.br\/xinhua\/2024\/05\/31\/especialistas-europeus-alertam-que-protecionismo-significa-desastre-e-tragedia-para-montadoras-e-consumidores\/#primaryimage"},"thumbnailUrl":"https:\/\/diariodepe.com.br\/xinhua\/wp-content\/uploads\/sites\/3\/2024\/05\/20240531f7bf094748c74fa091e3b2c62a43bc88_202405313c01bfbbe4bf4ced84ece175128358cd.jpeg","datePublished":"2024-05-31T19:35:00+00:00","breadcrumb":{"@id":"https:\/\/diariodepe.com.br\/xinhua\/2024\/05\/31\/especialistas-europeus-alertam-que-protecionismo-significa-desastre-e-tragedia-para-montadoras-e-consumidores\/#breadcrumb"},"inLanguage":"pt-BR","potentialAction":[{"@type":"ReadAction","target":["https:\/\/diariodepe.com.br\/xinhua\/2024\/05\/31\/especialistas-europeus-alertam-que-protecionismo-significa-desastre-e-tragedia-para-montadoras-e-consumidores\/"]}]},{"@type":"ImageObject","inLanguage":"pt-BR","@id":"https:\/\/diariodepe.com.br\/xinhua\/2024\/05\/31\/especialistas-europeus-alertam-que-protecionismo-significa-desastre-e-tragedia-para-montadoras-e-consumidores\/#primaryimage","url":"https:\/\/diariodepe.com.br\/xinhua\/wp-content\/uploads\/sites\/3\/2024\/05\/20240531f7bf094748c74fa091e3b2c62a43bc88_202405313c01bfbbe4bf4ced84ece175128358cd.jpeg","contentUrl":"https:\/\/diariodepe.com.br\/xinhua\/wp-content\/uploads\/sites\/3\/2024\/05\/20240531f7bf094748c74fa091e3b2c62a43bc88_202405313c01bfbbe4bf4ced84ece175128358cd.jpeg","width":900,"height":639,"caption":"(240402) -- YANTAI, April 2, 2024 (Xinhua) -- An aerial drone photo taken on April 1, 2024 shows commodity vehicles to be loaded for export at Zhifu Bay Area of Yantai Port in east China's Shangdong Province. In recent years, Yantai Port has stepped up efforts in building a logistic hub for commodity vehicles with its unique geological advantages. It has now opened up 14 global commodity vehicle logistics lines that reach more than 30 countries and regions. The multi-mode handling volume of commodity vehicles of Yantai Port reached 174,000 in the first quarter of 2024, an increase of 25.1 percent over the same period in 2023. (Xinhua\/Li Ziheng)"},{"@type":"BreadcrumbList","@id":"https:\/\/diariodepe.com.br\/xinhua\/2024\/05\/31\/especialistas-europeus-alertam-que-protecionismo-significa-desastre-e-tragedia-para-montadoras-e-consumidores\/#breadcrumb","itemListElement":[{"@type":"ListItem","position":1,"name":"In\u00edcio","item":"https:\/\/diariodepe.com.br\/xinhua\/"},{"@type":"ListItem","position":2,"name":"Especialistas europeus alertam que protecionismo significa &#8220;desastre&#8221; e &#8220;trag\u00e9dia&#8221; para montadoras e consumidores"}]},{"@type":"WebSite","@id":"https:\/\/diariodepe.com.br\/xinhua\/#website","url":"https:\/\/diariodepe.com.br\/xinhua\/","name":"Xinhua - Diario de Pernambuco","description":"A maior ag\u00eancia de not\u00edcias da China e um dos principais canais para conhecer o pa\u00eds","publisher":{"@id":"https:\/\/diariodepe.com.br\/xinhua\/#organization"},"potentialAction":[{"@type":"SearchAction","target":{"@type":"EntryPoint","urlTemplate":"https:\/\/diariodepe.com.br\/xinhua\/?s={search_term_string}"},"query-input":{"@type":"PropertyValueSpecification","valueRequired":true,"valueName":"search_term_string"}}],"inLanguage":"pt-BR"},{"@type":"Organization","@id":"https:\/\/diariodepe.com.br\/xinhua\/#organization","name":"Xinhua - Diario de Pernambuco","url":"https:\/\/diariodepe.com.br\/xinhua\/","logo":{"@type":"ImageObject","inLanguage":"pt-BR","@id":"https:\/\/diariodepe.com.br\/xinhua\/#\/schema\/logo\/image\/","url":"https:\/\/diariodepe.com.br\/xinhua\/wp-content\/uploads\/sites\/3\/2020\/10\/cropped-logo-transparente-2.png","contentUrl":"https:\/\/diariodepe.com.br\/xinhua\/wp-content\/uploads\/sites\/3\/2020\/10\/cropped-logo-transparente-2.png","width":512,"height":164,"caption":"Xinhua - Diario de Pernambuco"},"image":{"@id":"https:\/\/diariodepe.com.br\/xinhua\/#\/schema\/logo\/image\/"}},{"@type":"Person","@id":"https:\/\/diariodepe.com.br\/xinhua\/#\/schema\/person\/0943d6fd02bdc7b49c8f495e8787a2cb","name":"Marcelo Oliveira de A. Maranhao","image":{"@type":"ImageObject","inLanguage":"pt-BR","@id":"https:\/\/secure.gravatar.com\/avatar\/f562caee940d39879c20e90eea3e4b21860c7d4c96684c23141c554824f0059c?s=96&d=mm&r=g","url":"https:\/\/secure.gravatar.com\/avatar\/f562caee940d39879c20e90eea3e4b21860c7d4c96684c23141c554824f0059c?s=96&d=mm&r=g","contentUrl":"https:\/\/secure.gravatar.com\/avatar\/f562caee940d39879c20e90eea3e4b21860c7d4c96684c23141c554824f0059c?s=96&d=mm&r=g","caption":"Marcelo Oliveira de A. Maranhao"},"url":"https:\/\/diariodepe.com.br\/xinhua\/author\/marcelo-maranhao\/"}]}},"cc_featured_image_caption":{"caption_text":"","source_text":"","source_url":""},"amp_enabled":true,"_links":{"self":[{"href":"https:\/\/diariodepe.com.br\/xinhua\/wp-json\/wp\/v2\/posts\/20324","targetHints":{"allow":["GET"]}}],"collection":[{"href":"https:\/\/diariodepe.com.br\/xinhua\/wp-json\/wp\/v2\/posts"}],"about":[{"href":"https:\/\/diariodepe.com.br\/xinhua\/wp-json\/wp\/v2\/types\/post"}],"author":[{"embeddable":true,"href":"https:\/\/diariodepe.com.br\/xinhua\/wp-json\/wp\/v2\/users\/3"}],"replies":[{"embeddable":true,"href":"https:\/\/diariodepe.com.br\/xinhua\/wp-json\/wp\/v2\/comments?post=20324"}],"version-history":[{"count":1,"href":"https:\/\/diariodepe.com.br\/xinhua\/wp-json\/wp\/v2\/posts\/20324\/revisions"}],"predecessor-version":[{"id":20326,"href":"https:\/\/diariodepe.com.br\/xinhua\/wp-json\/wp\/v2\/posts\/20324\/revisions\/20326"}],"wp:featuredmedia":[{"embeddable":true,"href":"https:\/\/diariodepe.com.br\/xinhua\/wp-json\/wp\/v2\/media\/20325"}],"wp:attachment":[{"href":"https:\/\/diariodepe.com.br\/xinhua\/wp-json\/wp\/v2\/media?parent=20324"}],"wp:term":[{"taxonomy":"category","embeddable":true,"href":"https:\/\/diariodepe.com.br\/xinhua\/wp-json\/wp\/v2\/categories?post=20324"},{"taxonomy":"post_tag","embeddable":true,"href":"https:\/\/diariodepe.com.br\/xinhua\/wp-json\/wp\/v2\/tags?post=20324"}],"curies":[{"name":"wp","href":"https:\/\/api.w.org\/{rel}","templated":true}]}}