{"id":20314,"date":"2024-05-31T13:34:00","date_gmt":"2024-05-31T16:34:00","guid":{"rendered":"https:\/\/www.diariodepe.com.br\/xinhua\/?p=20314"},"modified":"2024-05-31T08:36:51","modified_gmt":"2024-05-31T11:36:51","slug":"china-quer-acelerar-negociacoes-sobre-acordo-de-livre-comercio-com-japao-e-republica-da-coreia-diz-porta-voz","status":"publish","type":"post","link":"https:\/\/diariodepe.com.br\/xinhua\/2024\/05\/31\/china-quer-acelerar-negociacoes-sobre-acordo-de-livre-comercio-com-japao-e-republica-da-coreia-diz-porta-voz\/","title":{"rendered":"China quer acelerar negocia\u00e7\u00f5es sobre acordo de livre com\u00e9rcio com Jap\u00e3o e Rep\u00fablica da Coreia, diz porta-voz"},"content":{"rendered":"\n<p>Beijing &#8211; A China est\u00e1 pronta para unir esfor\u00e7os com o Jap\u00e3o e a Rep\u00fablica da Coreia (ROK, em ingl\u00eas) para acelerar as negocia\u00e7\u00f5es sobre o acordo tripartido de livre com\u00e9rcio (FTA, em ingl\u00eas), disse o Minist\u00e9rio do Com\u00e9rcio (MOC, em ingl\u00eas) nesta quinta-feira.<\/p>\n\n\n\n<p>&nbsp; &nbsp;O lado chin\u00eas atribui grande import\u00e2ncia \u00e0s negocia\u00e7\u00f5es sobre o FTA, que deve impulsionar a recupera\u00e7\u00e3o constante das economias regionais e at\u00e9 globais, disse o porta-voz do MOC, He Yadong, em uma confer\u00eancia de imprensa.<\/p>\n\n\n\n<p>&nbsp; &nbsp;Em uma declara\u00e7\u00e3o conjunta da Nona Reuni\u00e3o da C\u00fapula Trilateral entre China, Jap\u00e3o e ROK divulgada no in\u00edcio desta semana, os tr\u00eas pa\u00edses se comprometeram a manter as discuss\u00f5es para acelerar as negocia\u00e7\u00f5es do FTA, visando a realiza\u00e7\u00e3o de um pacto livre, justo, abrangente, de alta qualidade e mutuamente ben\u00e9fico com seu pr\u00f3prio valor.<\/p>\n\n\n\n<p>&nbsp; &nbsp;A China, o Jap\u00e3o e a ROK iniciaram conversa\u00e7\u00f5es sobre o FTA em novembro de 2012 e realizaram 16 rodadas de negocia\u00e7\u00f5es at\u00e9 agora. O porta-voz do MOC disse que o importante consenso alcan\u00e7ado durante a reuni\u00e3o em Seul, da ROK, abriu caminho para o avan\u00e7o r\u00e1pido das negocia\u00e7\u00f5es.<\/p>\n\n\n\n<p>&nbsp; &nbsp;Observando que as cadeias industriais dos tr\u00eas pa\u00edses s\u00e3o altamente interconectadas e suas economias s\u00e3o altamente complementares, ele disse que o FTA deve expandir o acesso ao mercado, reduzir barreiras comerciais, impulsionar o com\u00e9rcio e o investimento e melhorar o ambiente de neg\u00f3cios.<\/p>\n","protected":false},"excerpt":{"rendered":"<p>Beijing &#8211; A China est\u00e1 pronta para unir esfor\u00e7os com o Jap\u00e3o e a Rep\u00fablica da Coreia (ROK, em ingl\u00eas) para acelerar as negocia\u00e7\u00f5es sobre o acordo tripartido de livre com\u00e9rcio (FTA, em ingl\u00eas), disse o Minist\u00e9rio do Com\u00e9rcio (MOC,&#8230;<\/p>\n","protected":false},"author":3,"featured_media":20315,"comment_status":"open","ping_status":"open","sticky":false,"template":"","format":"standard","meta":{"footnotes":""},"categories":[4],"tags":[],"class_list":["post-20314","post","type-post","status-publish","format-standard","has-post-thumbnail","hentry","category-internacional"],"yoast_head":"<!-- This site is optimized with the Yoast SEO plugin v27.4 - https:\/\/yoast.com\/product\/yoast-seo-wordpress\/ -->\n<title>China quer acelerar negocia\u00e7\u00f5es sobre acordo de livre com\u00e9rcio com Jap\u00e3o e Rep\u00fablica da Coreia, diz porta-voz - Xinhua - Diario de Pernambuco<\/title>\n<meta name=\"robots\" content=\"index, follow, max-snippet:-1, max-image-preview:large, max-video-preview:-1\" \/>\n<link rel=\"canonical\" href=\"https:\/\/diariodepe.com.br\/xinhua\/2024\/05\/31\/china-quer-acelerar-negociacoes-sobre-acordo-de-livre-comercio-com-japao-e-republica-da-coreia-diz-porta-voz\/\" \/>\n<meta property=\"og:locale\" content=\"pt_BR\" \/>\n<meta property=\"og:type\" content=\"article\" \/>\n<meta property=\"og:title\" content=\"China quer acelerar negocia\u00e7\u00f5es sobre acordo de livre com\u00e9rcio com Jap\u00e3o e Rep\u00fablica da Coreia, diz porta-voz - Xinhua - Diario de Pernambuco\" \/>\n<meta property=\"og:description\" content=\"Beijing &#8211; A China est\u00e1 pronta para unir esfor\u00e7os com o Jap\u00e3o e a Rep\u00fablica da Coreia (ROK, em ingl\u00eas) para acelerar as negocia\u00e7\u00f5es sobre o acordo tripartido de livre com\u00e9rcio (FTA, em ingl\u00eas), disse o Minist\u00e9rio do Com\u00e9rcio (MOC,...\" \/>\n<meta property=\"og:url\" content=\"https:\/\/diariodepe.com.br\/xinhua\/2024\/05\/31\/china-quer-acelerar-negociacoes-sobre-acordo-de-livre-comercio-com-japao-e-republica-da-coreia-diz-porta-voz\/\" \/>\n<meta property=\"og:site_name\" content=\"Xinhua - Diario de Pernambuco\" \/>\n<meta property=\"article:published_time\" content=\"2024-05-31T16:34:00+00:00\" \/>\n<meta property=\"og:image\" content=\"https:\/\/diariodepe.com.br\/xinhua\/wp-content\/uploads\/sites\/3\/2024\/05\/20240531adab12bc5dca4af1af8c4c0259f905ba_XxjwspP007021_20240531_CBMFN0A001.jpg\" \/>\n\t<meta property=\"og:image:width\" content=\"900\" \/>\n\t<meta property=\"og:image:height\" content=\"491\" \/>\n\t<meta property=\"og:image:type\" content=\"image\/jpeg\" \/>\n<meta name=\"author\" content=\"Marcelo Oliveira de A. Maranhao\" \/>\n<meta name=\"twitter:card\" content=\"summary_large_image\" \/>\n<meta name=\"twitter:label1\" content=\"Escrito por\" \/>\n\t<meta name=\"twitter:data1\" content=\"Marcelo Oliveira de A. Maranhao\" \/>\n\t<meta name=\"twitter:label2\" content=\"Est. tempo de leitura\" \/>\n\t<meta name=\"twitter:data2\" content=\"2 minutos\" \/>\n<script type=\"application\/ld+json\" class=\"yoast-schema-graph\">{\"@context\":\"https:\\\/\\\/schema.org\",\"@graph\":[{\"@type\":\"Article\",\"@id\":\"https:\\\/\\\/diariodepe.com.br\\\/xinhua\\\/2024\\\/05\\\/31\\\/china-quer-acelerar-negociacoes-sobre-acordo-de-livre-comercio-com-japao-e-republica-da-coreia-diz-porta-voz\\\/#article\",\"isPartOf\":{\"@id\":\"https:\\\/\\\/diariodepe.com.br\\\/xinhua\\\/2024\\\/05\\\/31\\\/china-quer-acelerar-negociacoes-sobre-acordo-de-livre-comercio-com-japao-e-republica-da-coreia-diz-porta-voz\\\/\"},\"author\":{\"name\":\"Marcelo Oliveira de A. Maranhao\",\"@id\":\"https:\\\/\\\/diariodepe.com.br\\\/xinhua\\\/#\\\/schema\\\/person\\\/0943d6fd02bdc7b49c8f495e8787a2cb\"},\"headline\":\"China quer acelerar negocia\u00e7\u00f5es sobre acordo de livre com\u00e9rcio com Jap\u00e3o e Rep\u00fablica da Coreia, diz porta-voz\",\"datePublished\":\"2024-05-31T16:34:00+00:00\",\"mainEntityOfPage\":{\"@id\":\"https:\\\/\\\/diariodepe.com.br\\\/xinhua\\\/2024\\\/05\\\/31\\\/china-quer-acelerar-negociacoes-sobre-acordo-de-livre-comercio-com-japao-e-republica-da-coreia-diz-porta-voz\\\/\"},\"wordCount\":293,\"commentCount\":0,\"publisher\":{\"@id\":\"https:\\\/\\\/diariodepe.com.br\\\/xinhua\\\/#organization\"},\"image\":{\"@id\":\"https:\\\/\\\/diariodepe.com.br\\\/xinhua\\\/2024\\\/05\\\/31\\\/china-quer-acelerar-negociacoes-sobre-acordo-de-livre-comercio-com-japao-e-republica-da-coreia-diz-porta-voz\\\/#primaryimage\"},\"thumbnailUrl\":\"https:\\\/\\\/diariodepe.com.br\\\/xinhua\\\/wp-content\\\/uploads\\\/sites\\\/3\\\/2024\\\/05\\\/20240531adab12bc5dca4af1af8c4c0259f905ba_XxjwspP007021_20240531_CBMFN0A001.jpg\",\"articleSection\":[\"Internacional\"],\"inLanguage\":\"pt-BR\",\"potentialAction\":[{\"@type\":\"CommentAction\",\"name\":\"Comment\",\"target\":[\"https:\\\/\\\/diariodepe.com.br\\\/xinhua\\\/2024\\\/05\\\/31\\\/china-quer-acelerar-negociacoes-sobre-acordo-de-livre-comercio-com-japao-e-republica-da-coreia-diz-porta-voz\\\/#respond\"]}]},{\"@type\":\"WebPage\",\"@id\":\"https:\\\/\\\/diariodepe.com.br\\\/xinhua\\\/2024\\\/05\\\/31\\\/china-quer-acelerar-negociacoes-sobre-acordo-de-livre-comercio-com-japao-e-republica-da-coreia-diz-porta-voz\\\/\",\"url\":\"https:\\\/\\\/diariodepe.com.br\\\/xinhua\\\/2024\\\/05\\\/31\\\/china-quer-acelerar-negociacoes-sobre-acordo-de-livre-comercio-com-japao-e-republica-da-coreia-diz-porta-voz\\\/\",\"name\":\"China quer acelerar negocia\u00e7\u00f5es sobre acordo de livre com\u00e9rcio com Jap\u00e3o e Rep\u00fablica da Coreia, diz porta-voz - Xinhua - Diario de Pernambuco\",\"isPartOf\":{\"@id\":\"https:\\\/\\\/diariodepe.com.br\\\/xinhua\\\/#website\"},\"primaryImageOfPage\":{\"@id\":\"https:\\\/\\\/diariodepe.com.br\\\/xinhua\\\/2024\\\/05\\\/31\\\/china-quer-acelerar-negociacoes-sobre-acordo-de-livre-comercio-com-japao-e-republica-da-coreia-diz-porta-voz\\\/#primaryimage\"},\"image\":{\"@id\":\"https:\\\/\\\/diariodepe.com.br\\\/xinhua\\\/2024\\\/05\\\/31\\\/china-quer-acelerar-negociacoes-sobre-acordo-de-livre-comercio-com-japao-e-republica-da-coreia-diz-porta-voz\\\/#primaryimage\"},\"thumbnailUrl\":\"https:\\\/\\\/diariodepe.com.br\\\/xinhua\\\/wp-content\\\/uploads\\\/sites\\\/3\\\/2024\\\/05\\\/20240531adab12bc5dca4af1af8c4c0259f905ba_XxjwspP007021_20240531_CBMFN0A001.jpg\",\"datePublished\":\"2024-05-31T16:34:00+00:00\",\"breadcrumb\":{\"@id\":\"https:\\\/\\\/diariodepe.com.br\\\/xinhua\\\/2024\\\/05\\\/31\\\/china-quer-acelerar-negociacoes-sobre-acordo-de-livre-comercio-com-japao-e-republica-da-coreia-diz-porta-voz\\\/#breadcrumb\"},\"inLanguage\":\"pt-BR\",\"potentialAction\":[{\"@type\":\"ReadAction\",\"target\":[\"https:\\\/\\\/diariodepe.com.br\\\/xinhua\\\/2024\\\/05\\\/31\\\/china-quer-acelerar-negociacoes-sobre-acordo-de-livre-comercio-com-japao-e-republica-da-coreia-diz-porta-voz\\\/\"]}]},{\"@type\":\"ImageObject\",\"inLanguage\":\"pt-BR\",\"@id\":\"https:\\\/\\\/diariodepe.com.br\\\/xinhua\\\/2024\\\/05\\\/31\\\/china-quer-acelerar-negociacoes-sobre-acordo-de-livre-comercio-com-japao-e-republica-da-coreia-diz-porta-voz\\\/#primaryimage\",\"url\":\"https:\\\/\\\/diariodepe.com.br\\\/xinhua\\\/wp-content\\\/uploads\\\/sites\\\/3\\\/2024\\\/05\\\/20240531adab12bc5dca4af1af8c4c0259f905ba_XxjwspP007021_20240531_CBMFN0A001.jpg\",\"contentUrl\":\"https:\\\/\\\/diariodepe.com.br\\\/xinhua\\\/wp-content\\\/uploads\\\/sites\\\/3\\\/2024\\\/05\\\/20240531adab12bc5dca4af1af8c4c0259f905ba_XxjwspP007021_20240531_CBMFN0A001.jpg\",\"width\":900,\"height\":491,\"caption\":\"(240510) -- BEIJING, May 10, 2024 (Xinhua) -- An aerial drone photo taken on May 9, 2024 shows a freight ship docking the container terminal at Lianyungang Port, east China's Jiangsu Province. China's total goods imports and exports expanded 5.7 percent year on year in yuan terms in the first four months of this year, stronger than the 5 percent recorded in the first quarter, official data showed Thursday. From January to April, the country's foreign trade in goods stood at 13.81 trillion yuan (1.95 trillion U.S. dollars). In April alone, the foreign trade soared 8 percent to 3.64 trillion yuan, after contracting in the previous month, signalling improvements in demand at home and overseas. (Photo by Geng Yuhe\\\/Xinhua)\"},{\"@type\":\"BreadcrumbList\",\"@id\":\"https:\\\/\\\/diariodepe.com.br\\\/xinhua\\\/2024\\\/05\\\/31\\\/china-quer-acelerar-negociacoes-sobre-acordo-de-livre-comercio-com-japao-e-republica-da-coreia-diz-porta-voz\\\/#breadcrumb\",\"itemListElement\":[{\"@type\":\"ListItem\",\"position\":1,\"name\":\"In\u00edcio\",\"item\":\"https:\\\/\\\/diariodepe.com.br\\\/xinhua\\\/\"},{\"@type\":\"ListItem\",\"position\":2,\"name\":\"China quer acelerar negocia\u00e7\u00f5es sobre acordo de livre com\u00e9rcio com Jap\u00e3o e Rep\u00fablica da Coreia, diz porta-voz\"}]},{\"@type\":\"WebSite\",\"@id\":\"https:\\\/\\\/diariodepe.com.br\\\/xinhua\\\/#website\",\"url\":\"https:\\\/\\\/diariodepe.com.br\\\/xinhua\\\/\",\"name\":\"Xinhua - Diario de Pernambuco\",\"description\":\"A maior ag\u00eancia de not\u00edcias da China e um dos principais canais para conhecer o pa\u00eds\",\"publisher\":{\"@id\":\"https:\\\/\\\/diariodepe.com.br\\\/xinhua\\\/#organization\"},\"potentialAction\":[{\"@type\":\"SearchAction\",\"target\":{\"@type\":\"EntryPoint\",\"urlTemplate\":\"https:\\\/\\\/diariodepe.com.br\\\/xinhua\\\/?s={search_term_string}\"},\"query-input\":{\"@type\":\"PropertyValueSpecification\",\"valueRequired\":true,\"valueName\":\"search_term_string\"}}],\"inLanguage\":\"pt-BR\"},{\"@type\":\"Organization\",\"@id\":\"https:\\\/\\\/diariodepe.com.br\\\/xinhua\\\/#organization\",\"name\":\"Xinhua - Diario de Pernambuco\",\"url\":\"https:\\\/\\\/diariodepe.com.br\\\/xinhua\\\/\",\"logo\":{\"@type\":\"ImageObject\",\"inLanguage\":\"pt-BR\",\"@id\":\"https:\\\/\\\/diariodepe.com.br\\\/xinhua\\\/#\\\/schema\\\/logo\\\/image\\\/\",\"url\":\"https:\\\/\\\/diariodepe.com.br\\\/xinhua\\\/wp-content\\\/uploads\\\/sites\\\/3\\\/2020\\\/10\\\/cropped-logo-transparente-2.png\",\"contentUrl\":\"https:\\\/\\\/diariodepe.com.br\\\/xinhua\\\/wp-content\\\/uploads\\\/sites\\\/3\\\/2020\\\/10\\\/cropped-logo-transparente-2.png\",\"width\":512,\"height\":164,\"caption\":\"Xinhua - Diario de Pernambuco\"},\"image\":{\"@id\":\"https:\\\/\\\/diariodepe.com.br\\\/xinhua\\\/#\\\/schema\\\/logo\\\/image\\\/\"}},{\"@type\":\"Person\",\"@id\":\"https:\\\/\\\/diariodepe.com.br\\\/xinhua\\\/#\\\/schema\\\/person\\\/0943d6fd02bdc7b49c8f495e8787a2cb\",\"name\":\"Marcelo Oliveira de A. Maranhao\",\"image\":{\"@type\":\"ImageObject\",\"inLanguage\":\"pt-BR\",\"@id\":\"https:\\\/\\\/secure.gravatar.com\\\/avatar\\\/f562caee940d39879c20e90eea3e4b21860c7d4c96684c23141c554824f0059c?s=96&d=mm&r=g\",\"url\":\"https:\\\/\\\/secure.gravatar.com\\\/avatar\\\/f562caee940d39879c20e90eea3e4b21860c7d4c96684c23141c554824f0059c?s=96&d=mm&r=g\",\"contentUrl\":\"https:\\\/\\\/secure.gravatar.com\\\/avatar\\\/f562caee940d39879c20e90eea3e4b21860c7d4c96684c23141c554824f0059c?s=96&d=mm&r=g\",\"caption\":\"Marcelo Oliveira de A. Maranhao\"},\"url\":\"https:\\\/\\\/diariodepe.com.br\\\/xinhua\\\/author\\\/marcelo-maranhao\\\/\"}]}<\/script>\n<!-- \/ Yoast SEO plugin. -->","yoast_head_json":{"title":"China quer acelerar negocia\u00e7\u00f5es sobre acordo de livre com\u00e9rcio com Jap\u00e3o e Rep\u00fablica da Coreia, diz porta-voz - Xinhua - Diario de Pernambuco","robots":{"index":"index","follow":"follow","max-snippet":"max-snippet:-1","max-image-preview":"max-image-preview:large","max-video-preview":"max-video-preview:-1"},"canonical":"https:\/\/diariodepe.com.br\/xinhua\/2024\/05\/31\/china-quer-acelerar-negociacoes-sobre-acordo-de-livre-comercio-com-japao-e-republica-da-coreia-diz-porta-voz\/","og_locale":"pt_BR","og_type":"article","og_title":"China quer acelerar negocia\u00e7\u00f5es sobre acordo de livre com\u00e9rcio com Jap\u00e3o e Rep\u00fablica da Coreia, diz porta-voz - Xinhua - Diario de Pernambuco","og_description":"Beijing &#8211; A China est\u00e1 pronta para unir esfor\u00e7os com o Jap\u00e3o e a Rep\u00fablica da Coreia (ROK, em ingl\u00eas) para acelerar as negocia\u00e7\u00f5es sobre o acordo tripartido de livre com\u00e9rcio (FTA, em ingl\u00eas), disse o Minist\u00e9rio do Com\u00e9rcio (MOC,...","og_url":"https:\/\/diariodepe.com.br\/xinhua\/2024\/05\/31\/china-quer-acelerar-negociacoes-sobre-acordo-de-livre-comercio-com-japao-e-republica-da-coreia-diz-porta-voz\/","og_site_name":"Xinhua - Diario de Pernambuco","article_published_time":"2024-05-31T16:34:00+00:00","og_image":[{"width":900,"height":491,"url":"https:\/\/diariodepe.com.br\/xinhua\/wp-content\/uploads\/sites\/3\/2024\/05\/20240531adab12bc5dca4af1af8c4c0259f905ba_XxjwspP007021_20240531_CBMFN0A001.jpg","type":"image\/jpeg"}],"author":"Marcelo Oliveira de A. Maranhao","twitter_card":"summary_large_image","twitter_misc":{"Escrito por":"Marcelo Oliveira de A. Maranhao","Est. tempo de leitura":"2 minutos"},"schema":{"@context":"https:\/\/schema.org","@graph":[{"@type":"Article","@id":"https:\/\/diariodepe.com.br\/xinhua\/2024\/05\/31\/china-quer-acelerar-negociacoes-sobre-acordo-de-livre-comercio-com-japao-e-republica-da-coreia-diz-porta-voz\/#article","isPartOf":{"@id":"https:\/\/diariodepe.com.br\/xinhua\/2024\/05\/31\/china-quer-acelerar-negociacoes-sobre-acordo-de-livre-comercio-com-japao-e-republica-da-coreia-diz-porta-voz\/"},"author":{"name":"Marcelo Oliveira de A. Maranhao","@id":"https:\/\/diariodepe.com.br\/xinhua\/#\/schema\/person\/0943d6fd02bdc7b49c8f495e8787a2cb"},"headline":"China quer acelerar negocia\u00e7\u00f5es sobre acordo de livre com\u00e9rcio com Jap\u00e3o e Rep\u00fablica da Coreia, diz porta-voz","datePublished":"2024-05-31T16:34:00+00:00","mainEntityOfPage":{"@id":"https:\/\/diariodepe.com.br\/xinhua\/2024\/05\/31\/china-quer-acelerar-negociacoes-sobre-acordo-de-livre-comercio-com-japao-e-republica-da-coreia-diz-porta-voz\/"},"wordCount":293,"commentCount":0,"publisher":{"@id":"https:\/\/diariodepe.com.br\/xinhua\/#organization"},"image":{"@id":"https:\/\/diariodepe.com.br\/xinhua\/2024\/05\/31\/china-quer-acelerar-negociacoes-sobre-acordo-de-livre-comercio-com-japao-e-republica-da-coreia-diz-porta-voz\/#primaryimage"},"thumbnailUrl":"https:\/\/diariodepe.com.br\/xinhua\/wp-content\/uploads\/sites\/3\/2024\/05\/20240531adab12bc5dca4af1af8c4c0259f905ba_XxjwspP007021_20240531_CBMFN0A001.jpg","articleSection":["Internacional"],"inLanguage":"pt-BR","potentialAction":[{"@type":"CommentAction","name":"Comment","target":["https:\/\/diariodepe.com.br\/xinhua\/2024\/05\/31\/china-quer-acelerar-negociacoes-sobre-acordo-de-livre-comercio-com-japao-e-republica-da-coreia-diz-porta-voz\/#respond"]}]},{"@type":"WebPage","@id":"https:\/\/diariodepe.com.br\/xinhua\/2024\/05\/31\/china-quer-acelerar-negociacoes-sobre-acordo-de-livre-comercio-com-japao-e-republica-da-coreia-diz-porta-voz\/","url":"https:\/\/diariodepe.com.br\/xinhua\/2024\/05\/31\/china-quer-acelerar-negociacoes-sobre-acordo-de-livre-comercio-com-japao-e-republica-da-coreia-diz-porta-voz\/","name":"China quer acelerar negocia\u00e7\u00f5es sobre acordo de livre com\u00e9rcio com Jap\u00e3o e Rep\u00fablica da Coreia, diz porta-voz - Xinhua - Diario de Pernambuco","isPartOf":{"@id":"https:\/\/diariodepe.com.br\/xinhua\/#website"},"primaryImageOfPage":{"@id":"https:\/\/diariodepe.com.br\/xinhua\/2024\/05\/31\/china-quer-acelerar-negociacoes-sobre-acordo-de-livre-comercio-com-japao-e-republica-da-coreia-diz-porta-voz\/#primaryimage"},"image":{"@id":"https:\/\/diariodepe.com.br\/xinhua\/2024\/05\/31\/china-quer-acelerar-negociacoes-sobre-acordo-de-livre-comercio-com-japao-e-republica-da-coreia-diz-porta-voz\/#primaryimage"},"thumbnailUrl":"https:\/\/diariodepe.com.br\/xinhua\/wp-content\/uploads\/sites\/3\/2024\/05\/20240531adab12bc5dca4af1af8c4c0259f905ba_XxjwspP007021_20240531_CBMFN0A001.jpg","datePublished":"2024-05-31T16:34:00+00:00","breadcrumb":{"@id":"https:\/\/diariodepe.com.br\/xinhua\/2024\/05\/31\/china-quer-acelerar-negociacoes-sobre-acordo-de-livre-comercio-com-japao-e-republica-da-coreia-diz-porta-voz\/#breadcrumb"},"inLanguage":"pt-BR","potentialAction":[{"@type":"ReadAction","target":["https:\/\/diariodepe.com.br\/xinhua\/2024\/05\/31\/china-quer-acelerar-negociacoes-sobre-acordo-de-livre-comercio-com-japao-e-republica-da-coreia-diz-porta-voz\/"]}]},{"@type":"ImageObject","inLanguage":"pt-BR","@id":"https:\/\/diariodepe.com.br\/xinhua\/2024\/05\/31\/china-quer-acelerar-negociacoes-sobre-acordo-de-livre-comercio-com-japao-e-republica-da-coreia-diz-porta-voz\/#primaryimage","url":"https:\/\/diariodepe.com.br\/xinhua\/wp-content\/uploads\/sites\/3\/2024\/05\/20240531adab12bc5dca4af1af8c4c0259f905ba_XxjwspP007021_20240531_CBMFN0A001.jpg","contentUrl":"https:\/\/diariodepe.com.br\/xinhua\/wp-content\/uploads\/sites\/3\/2024\/05\/20240531adab12bc5dca4af1af8c4c0259f905ba_XxjwspP007021_20240531_CBMFN0A001.jpg","width":900,"height":491,"caption":"(240510) -- BEIJING, May 10, 2024 (Xinhua) -- An aerial drone photo taken on May 9, 2024 shows a freight ship docking the container terminal at Lianyungang Port, east China's Jiangsu Province. China's total goods imports and exports expanded 5.7 percent year on year in yuan terms in the first four months of this year, stronger than the 5 percent recorded in the first quarter, official data showed Thursday. From January to April, the country's foreign trade in goods stood at 13.81 trillion yuan (1.95 trillion U.S. dollars). In April alone, the foreign trade soared 8 percent to 3.64 trillion yuan, after contracting in the previous month, signalling improvements in demand at home and overseas. (Photo by Geng Yuhe\/Xinhua)"},{"@type":"BreadcrumbList","@id":"https:\/\/diariodepe.com.br\/xinhua\/2024\/05\/31\/china-quer-acelerar-negociacoes-sobre-acordo-de-livre-comercio-com-japao-e-republica-da-coreia-diz-porta-voz\/#breadcrumb","itemListElement":[{"@type":"ListItem","position":1,"name":"In\u00edcio","item":"https:\/\/diariodepe.com.br\/xinhua\/"},{"@type":"ListItem","position":2,"name":"China quer acelerar negocia\u00e7\u00f5es sobre acordo de livre com\u00e9rcio com Jap\u00e3o e Rep\u00fablica da Coreia, diz porta-voz"}]},{"@type":"WebSite","@id":"https:\/\/diariodepe.com.br\/xinhua\/#website","url":"https:\/\/diariodepe.com.br\/xinhua\/","name":"Xinhua - Diario de Pernambuco","description":"A maior ag\u00eancia de not\u00edcias da China e um dos principais canais para conhecer o pa\u00eds","publisher":{"@id":"https:\/\/diariodepe.com.br\/xinhua\/#organization"},"potentialAction":[{"@type":"SearchAction","target":{"@type":"EntryPoint","urlTemplate":"https:\/\/diariodepe.com.br\/xinhua\/?s={search_term_string}"},"query-input":{"@type":"PropertyValueSpecification","valueRequired":true,"valueName":"search_term_string"}}],"inLanguage":"pt-BR"},{"@type":"Organization","@id":"https:\/\/diariodepe.com.br\/xinhua\/#organization","name":"Xinhua - Diario de Pernambuco","url":"https:\/\/diariodepe.com.br\/xinhua\/","logo":{"@type":"ImageObject","inLanguage":"pt-BR","@id":"https:\/\/diariodepe.com.br\/xinhua\/#\/schema\/logo\/image\/","url":"https:\/\/diariodepe.com.br\/xinhua\/wp-content\/uploads\/sites\/3\/2020\/10\/cropped-logo-transparente-2.png","contentUrl":"https:\/\/diariodepe.com.br\/xinhua\/wp-content\/uploads\/sites\/3\/2020\/10\/cropped-logo-transparente-2.png","width":512,"height":164,"caption":"Xinhua - Diario de Pernambuco"},"image":{"@id":"https:\/\/diariodepe.com.br\/xinhua\/#\/schema\/logo\/image\/"}},{"@type":"Person","@id":"https:\/\/diariodepe.com.br\/xinhua\/#\/schema\/person\/0943d6fd02bdc7b49c8f495e8787a2cb","name":"Marcelo Oliveira de A. Maranhao","image":{"@type":"ImageObject","inLanguage":"pt-BR","@id":"https:\/\/secure.gravatar.com\/avatar\/f562caee940d39879c20e90eea3e4b21860c7d4c96684c23141c554824f0059c?s=96&d=mm&r=g","url":"https:\/\/secure.gravatar.com\/avatar\/f562caee940d39879c20e90eea3e4b21860c7d4c96684c23141c554824f0059c?s=96&d=mm&r=g","contentUrl":"https:\/\/secure.gravatar.com\/avatar\/f562caee940d39879c20e90eea3e4b21860c7d4c96684c23141c554824f0059c?s=96&d=mm&r=g","caption":"Marcelo Oliveira de A. Maranhao"},"url":"https:\/\/diariodepe.com.br\/xinhua\/author\/marcelo-maranhao\/"}]}},"cc_featured_image_caption":{"caption_text":"","source_text":"","source_url":""},"amp_enabled":true,"_links":{"self":[{"href":"https:\/\/diariodepe.com.br\/xinhua\/wp-json\/wp\/v2\/posts\/20314","targetHints":{"allow":["GET"]}}],"collection":[{"href":"https:\/\/diariodepe.com.br\/xinhua\/wp-json\/wp\/v2\/posts"}],"about":[{"href":"https:\/\/diariodepe.com.br\/xinhua\/wp-json\/wp\/v2\/types\/post"}],"author":[{"embeddable":true,"href":"https:\/\/diariodepe.com.br\/xinhua\/wp-json\/wp\/v2\/users\/3"}],"replies":[{"embeddable":true,"href":"https:\/\/diariodepe.com.br\/xinhua\/wp-json\/wp\/v2\/comments?post=20314"}],"version-history":[{"count":1,"href":"https:\/\/diariodepe.com.br\/xinhua\/wp-json\/wp\/v2\/posts\/20314\/revisions"}],"predecessor-version":[{"id":20316,"href":"https:\/\/diariodepe.com.br\/xinhua\/wp-json\/wp\/v2\/posts\/20314\/revisions\/20316"}],"wp:featuredmedia":[{"embeddable":true,"href":"https:\/\/diariodepe.com.br\/xinhua\/wp-json\/wp\/v2\/media\/20315"}],"wp:attachment":[{"href":"https:\/\/diariodepe.com.br\/xinhua\/wp-json\/wp\/v2\/media?parent=20314"}],"wp:term":[{"taxonomy":"category","embeddable":true,"href":"https:\/\/diariodepe.com.br\/xinhua\/wp-json\/wp\/v2\/categories?post=20314"},{"taxonomy":"post_tag","embeddable":true,"href":"https:\/\/diariodepe.com.br\/xinhua\/wp-json\/wp\/v2\/tags?post=20314"}],"curies":[{"name":"wp","href":"https:\/\/api.w.org\/{rel}","templated":true}]}}