{"id":20279,"date":"2024-05-30T14:30:00","date_gmt":"2024-05-30T17:30:00","guid":{"rendered":"https:\/\/www.diariodepe.com.br\/xinhua\/?p=20279"},"modified":"2024-05-30T10:38:04","modified_gmt":"2024-05-30T13:38:04","slug":"primeiro-ministro-chines-reune-se-com-vice-primeiro-ministro-da-malasia","status":"publish","type":"post","link":"https:\/\/diariodepe.com.br\/xinhua\/2024\/05\/30\/primeiro-ministro-chines-reune-se-com-vice-primeiro-ministro-da-malasia\/","title":{"rendered":"Primeiro-ministro chin\u00eas re\u00fane-se com vice-primeiro-ministro da Mal\u00e1sia"},"content":{"rendered":"\n<p>Beijing &#8211; O primeiro-ministro chin\u00eas, Li Qiang, reuniu-se com o primeiro vice-premi\u00ea da Mal\u00e1sia e ministro do Desenvolvimento Rural e Regional, Dato&#8217; Seri Dr. Ahmad Zahid bin Hamidi, em Beijing, na quarta-feira.<\/p>\n\n\n\n<p>Desde o estabelecimento das rela\u00e7\u00f5es diplom\u00e1ticas entre a China e a Mal\u00e1sia, os dois pa\u00edses se respeitaram e se trataram como iguais, comprometidos em desenvolver rela\u00e7\u00f5es amistosas com base em seus interesses fundamentais e de longo prazo, disse Li.<\/p>\n\n\n\n<p>Li afirmou que, como este ano marca o 50\u00ba anivers\u00e1rio do estabelecimento dos la\u00e7os bilaterais entre os dois pa\u00edses, a China est\u00e1 disposta a promover interc\u00e2mbios de alto n\u00edvel de acordo com a orienta\u00e7\u00e3o estrat\u00e9gica dos l\u00edderes dos dois pa\u00edses, apoiar-se firmemente na salvaguarda de interesses fundamentais, como soberania e seguran\u00e7a, fazer melhor uso de suas vantagens econ\u00f4micas complementares para buscar sinergia para o desenvolvimento e contribuir para a prosperidade e estabilidade regionais.<\/p>\n\n\n\n<p>A China fortalecer\u00e1 o alinhamento estrat\u00e9gico com a Mal\u00e1sia, realizar\u00e1 projetos-chave no \u00e2mbito da coopera\u00e7\u00e3o do Cintur\u00e3o e Rota, aproveitar\u00e1 o potencial de coopera\u00e7\u00e3o em campos emergentes, incluindo economia digital e ve\u00edculos de nova energia e expandir\u00e1 o volume de com\u00e9rcio para estreitar a coopera\u00e7\u00e3o para obter resultados vantajosos para todos, disse Li, pedindo a ambos os lados que se envolvam em mais interc\u00e2mbios e coopera\u00e7\u00e3o em educa\u00e7\u00e3o, cultura, juventude e outras \u00e1reas interpessoais.<\/p>\n\n\n\n<p>Li expressou a disposi\u00e7\u00e3o da China de aumentar a coordena\u00e7\u00e3o multilateral com a Mal\u00e1sia para salvaguardar o ambiente de desenvolvimento favor\u00e1vel duramente conquistado no Leste Asi\u00e1tico.<\/p>\n\n\n\n<p>Ahmad Zahid disse que a Mal\u00e1sia est\u00e1 pronta para melhorar a coopera\u00e7\u00e3o em economia, com\u00e9rcio, investimento, educa\u00e7\u00e3o profissional, desenvolvimento sustent\u00e1vel e outros campos, al\u00e9m de garantir interc\u00e2mbios entre pessoas para promover a parceria estrat\u00e9gica abrangente entre a Mal\u00e1sia e a China.<\/p>\n\n\n\n<p>A Mal\u00e1sia adere firmemente \u00e0 pol\u00edtica de Uma S\u00f3 China e condena todas as formas de &#8220;sinofobia&#8221;, disse ele, observando que as rela\u00e7\u00f5es Mal\u00e1sia-China n\u00e3o sofrem interf\u00eancia, nem s\u00e3o influenciadas por quaisquer for\u00e7as externas.<\/p>\n\n\n\n<p>Ahmad Zahid disse que a Mal\u00e1sia est\u00e1 empenhada em avan\u00e7ar nas negocia\u00e7\u00f5es sobre o C\u00f3digo de Conduta no Mar do Sul da China, e quaisquer tentativas de for\u00e7as externas para provocar problemas no Mar do Sul da China n\u00e3o ter\u00e3o sucesso. A Mal\u00e1sia est\u00e1 disposta a trabalhar em conjunto com a China para aprofundar ainda mais a coordena\u00e7\u00e3o e a coopera\u00e7\u00e3o em assuntos regionais e internacionais, disse ele.&nbsp;<\/p>\n","protected":false},"excerpt":{"rendered":"<p>Beijing &#8211; O primeiro-ministro chin\u00eas, Li Qiang, reuniu-se com o primeiro vice-premi\u00ea da Mal\u00e1sia e ministro do Desenvolvimento Rural e Regional, Dato&#8217; Seri Dr. Ahmad Zahid bin Hamidi, em Beijing, na quarta-feira. Desde o estabelecimento das rela\u00e7\u00f5es diplom\u00e1ticas entre a&#8230;<\/p>\n","protected":false},"author":3,"featured_media":20280,"comment_status":"open","ping_status":"open","sticky":false,"template":"","format":"standard","meta":{"footnotes":""},"categories":[4],"tags":[],"class_list":["post-20279","post","type-post","status-publish","format-standard","has-post-thumbnail","hentry","category-internacional"],"yoast_head":"<!-- This site is optimized with the Yoast SEO plugin v27.4 - https:\/\/yoast.com\/product\/yoast-seo-wordpress\/ -->\n<title>Primeiro-ministro chin\u00eas re\u00fane-se com vice-primeiro-ministro da Mal\u00e1sia - Xinhua - Diario de Pernambuco<\/title>\n<meta name=\"robots\" content=\"index, follow, max-snippet:-1, max-image-preview:large, max-video-preview:-1\" \/>\n<link rel=\"canonical\" href=\"https:\/\/diariodepe.com.br\/xinhua\/2024\/05\/30\/primeiro-ministro-chines-reune-se-com-vice-primeiro-ministro-da-malasia\/\" \/>\n<meta property=\"og:locale\" content=\"pt_BR\" \/>\n<meta property=\"og:type\" content=\"article\" \/>\n<meta property=\"og:title\" content=\"Primeiro-ministro chin\u00eas re\u00fane-se com vice-primeiro-ministro da Mal\u00e1sia - Xinhua - Diario de Pernambuco\" \/>\n<meta property=\"og:description\" content=\"Beijing &#8211; O primeiro-ministro chin\u00eas, Li Qiang, reuniu-se com o primeiro vice-premi\u00ea da Mal\u00e1sia e ministro do Desenvolvimento Rural e Regional, Dato&#8217; Seri Dr. Ahmad Zahid bin Hamidi, em Beijing, na quarta-feira. Desde o estabelecimento das rela\u00e7\u00f5es diplom\u00e1ticas entre a...\" \/>\n<meta property=\"og:url\" content=\"https:\/\/diariodepe.com.br\/xinhua\/2024\/05\/30\/primeiro-ministro-chines-reune-se-com-vice-primeiro-ministro-da-malasia\/\" \/>\n<meta property=\"og:site_name\" content=\"Xinhua - Diario de Pernambuco\" \/>\n<meta property=\"article:published_time\" content=\"2024-05-30T17:30:00+00:00\" \/>\n<meta property=\"og:image\" content=\"https:\/\/diariodepe.com.br\/xinhua\/wp-content\/uploads\/sites\/3\/2024\/05\/zKzMMiXvq9ooi0pm.png\" \/>\n\t<meta property=\"og:image:width\" content=\"1024\" \/>\n\t<meta property=\"og:image:height\" content=\"832\" \/>\n\t<meta property=\"og:image:type\" content=\"image\/png\" \/>\n<meta name=\"author\" content=\"Marcelo Oliveira de A. Maranhao\" \/>\n<meta name=\"twitter:card\" content=\"summary_large_image\" \/>\n<meta name=\"twitter:label1\" content=\"Escrito por\" \/>\n\t<meta name=\"twitter:data1\" content=\"Marcelo Oliveira de A. Maranhao\" \/>\n\t<meta name=\"twitter:label2\" content=\"Est. tempo de leitura\" \/>\n\t<meta name=\"twitter:data2\" content=\"3 minutos\" \/>\n<script type=\"application\/ld+json\" class=\"yoast-schema-graph\">{\"@context\":\"https:\\\/\\\/schema.org\",\"@graph\":[{\"@type\":\"Article\",\"@id\":\"https:\\\/\\\/diariodepe.com.br\\\/xinhua\\\/2024\\\/05\\\/30\\\/primeiro-ministro-chines-reune-se-com-vice-primeiro-ministro-da-malasia\\\/#article\",\"isPartOf\":{\"@id\":\"https:\\\/\\\/diariodepe.com.br\\\/xinhua\\\/2024\\\/05\\\/30\\\/primeiro-ministro-chines-reune-se-com-vice-primeiro-ministro-da-malasia\\\/\"},\"author\":{\"name\":\"Marcelo Oliveira de A. Maranhao\",\"@id\":\"https:\\\/\\\/diariodepe.com.br\\\/xinhua\\\/#\\\/schema\\\/person\\\/0943d6fd02bdc7b49c8f495e8787a2cb\"},\"headline\":\"Primeiro-ministro chin\u00eas re\u00fane-se com vice-primeiro-ministro da Mal\u00e1sia\",\"datePublished\":\"2024-05-30T17:30:00+00:00\",\"mainEntityOfPage\":{\"@id\":\"https:\\\/\\\/diariodepe.com.br\\\/xinhua\\\/2024\\\/05\\\/30\\\/primeiro-ministro-chines-reune-se-com-vice-primeiro-ministro-da-malasia\\\/\"},\"wordCount\":457,\"commentCount\":0,\"publisher\":{\"@id\":\"https:\\\/\\\/diariodepe.com.br\\\/xinhua\\\/#organization\"},\"image\":{\"@id\":\"https:\\\/\\\/diariodepe.com.br\\\/xinhua\\\/2024\\\/05\\\/30\\\/primeiro-ministro-chines-reune-se-com-vice-primeiro-ministro-da-malasia\\\/#primaryimage\"},\"thumbnailUrl\":\"https:\\\/\\\/diariodepe.com.br\\\/xinhua\\\/wp-content\\\/uploads\\\/sites\\\/3\\\/2024\\\/05\\\/zKzMMiXvq9ooi0pm.png\",\"articleSection\":[\"Internacional\"],\"inLanguage\":\"pt-BR\",\"potentialAction\":[{\"@type\":\"CommentAction\",\"name\":\"Comment\",\"target\":[\"https:\\\/\\\/diariodepe.com.br\\\/xinhua\\\/2024\\\/05\\\/30\\\/primeiro-ministro-chines-reune-se-com-vice-primeiro-ministro-da-malasia\\\/#respond\"]}]},{\"@type\":\"WebPage\",\"@id\":\"https:\\\/\\\/diariodepe.com.br\\\/xinhua\\\/2024\\\/05\\\/30\\\/primeiro-ministro-chines-reune-se-com-vice-primeiro-ministro-da-malasia\\\/\",\"url\":\"https:\\\/\\\/diariodepe.com.br\\\/xinhua\\\/2024\\\/05\\\/30\\\/primeiro-ministro-chines-reune-se-com-vice-primeiro-ministro-da-malasia\\\/\",\"name\":\"Primeiro-ministro chin\u00eas re\u00fane-se com vice-primeiro-ministro da Mal\u00e1sia - Xinhua - Diario de Pernambuco\",\"isPartOf\":{\"@id\":\"https:\\\/\\\/diariodepe.com.br\\\/xinhua\\\/#website\"},\"primaryImageOfPage\":{\"@id\":\"https:\\\/\\\/diariodepe.com.br\\\/xinhua\\\/2024\\\/05\\\/30\\\/primeiro-ministro-chines-reune-se-com-vice-primeiro-ministro-da-malasia\\\/#primaryimage\"},\"image\":{\"@id\":\"https:\\\/\\\/diariodepe.com.br\\\/xinhua\\\/2024\\\/05\\\/30\\\/primeiro-ministro-chines-reune-se-com-vice-primeiro-ministro-da-malasia\\\/#primaryimage\"},\"thumbnailUrl\":\"https:\\\/\\\/diariodepe.com.br\\\/xinhua\\\/wp-content\\\/uploads\\\/sites\\\/3\\\/2024\\\/05\\\/zKzMMiXvq9ooi0pm.png\",\"datePublished\":\"2024-05-30T17:30:00+00:00\",\"breadcrumb\":{\"@id\":\"https:\\\/\\\/diariodepe.com.br\\\/xinhua\\\/2024\\\/05\\\/30\\\/primeiro-ministro-chines-reune-se-com-vice-primeiro-ministro-da-malasia\\\/#breadcrumb\"},\"inLanguage\":\"pt-BR\",\"potentialAction\":[{\"@type\":\"ReadAction\",\"target\":[\"https:\\\/\\\/diariodepe.com.br\\\/xinhua\\\/2024\\\/05\\\/30\\\/primeiro-ministro-chines-reune-se-com-vice-primeiro-ministro-da-malasia\\\/\"]}]},{\"@type\":\"ImageObject\",\"inLanguage\":\"pt-BR\",\"@id\":\"https:\\\/\\\/diariodepe.com.br\\\/xinhua\\\/2024\\\/05\\\/30\\\/primeiro-ministro-chines-reune-se-com-vice-primeiro-ministro-da-malasia\\\/#primaryimage\",\"url\":\"https:\\\/\\\/diariodepe.com.br\\\/xinhua\\\/wp-content\\\/uploads\\\/sites\\\/3\\\/2024\\\/05\\\/zKzMMiXvq9ooi0pm.png\",\"contentUrl\":\"https:\\\/\\\/diariodepe.com.br\\\/xinhua\\\/wp-content\\\/uploads\\\/sites\\\/3\\\/2024\\\/05\\\/zKzMMiXvq9ooi0pm.png\",\"width\":1024,\"height\":832},{\"@type\":\"BreadcrumbList\",\"@id\":\"https:\\\/\\\/diariodepe.com.br\\\/xinhua\\\/2024\\\/05\\\/30\\\/primeiro-ministro-chines-reune-se-com-vice-primeiro-ministro-da-malasia\\\/#breadcrumb\",\"itemListElement\":[{\"@type\":\"ListItem\",\"position\":1,\"name\":\"In\u00edcio\",\"item\":\"https:\\\/\\\/diariodepe.com.br\\\/xinhua\\\/\"},{\"@type\":\"ListItem\",\"position\":2,\"name\":\"Primeiro-ministro chin\u00eas re\u00fane-se com vice-primeiro-ministro da Mal\u00e1sia\"}]},{\"@type\":\"WebSite\",\"@id\":\"https:\\\/\\\/diariodepe.com.br\\\/xinhua\\\/#website\",\"url\":\"https:\\\/\\\/diariodepe.com.br\\\/xinhua\\\/\",\"name\":\"Xinhua - Diario de Pernambuco\",\"description\":\"A maior ag\u00eancia de not\u00edcias da China e um dos principais canais para conhecer o pa\u00eds\",\"publisher\":{\"@id\":\"https:\\\/\\\/diariodepe.com.br\\\/xinhua\\\/#organization\"},\"potentialAction\":[{\"@type\":\"SearchAction\",\"target\":{\"@type\":\"EntryPoint\",\"urlTemplate\":\"https:\\\/\\\/diariodepe.com.br\\\/xinhua\\\/?s={search_term_string}\"},\"query-input\":{\"@type\":\"PropertyValueSpecification\",\"valueRequired\":true,\"valueName\":\"search_term_string\"}}],\"inLanguage\":\"pt-BR\"},{\"@type\":\"Organization\",\"@id\":\"https:\\\/\\\/diariodepe.com.br\\\/xinhua\\\/#organization\",\"name\":\"Xinhua - Diario de Pernambuco\",\"url\":\"https:\\\/\\\/diariodepe.com.br\\\/xinhua\\\/\",\"logo\":{\"@type\":\"ImageObject\",\"inLanguage\":\"pt-BR\",\"@id\":\"https:\\\/\\\/diariodepe.com.br\\\/xinhua\\\/#\\\/schema\\\/logo\\\/image\\\/\",\"url\":\"https:\\\/\\\/diariodepe.com.br\\\/xinhua\\\/wp-content\\\/uploads\\\/sites\\\/3\\\/2020\\\/10\\\/cropped-logo-transparente-2.png\",\"contentUrl\":\"https:\\\/\\\/diariodepe.com.br\\\/xinhua\\\/wp-content\\\/uploads\\\/sites\\\/3\\\/2020\\\/10\\\/cropped-logo-transparente-2.png\",\"width\":512,\"height\":164,\"caption\":\"Xinhua - Diario de Pernambuco\"},\"image\":{\"@id\":\"https:\\\/\\\/diariodepe.com.br\\\/xinhua\\\/#\\\/schema\\\/logo\\\/image\\\/\"}},{\"@type\":\"Person\",\"@id\":\"https:\\\/\\\/diariodepe.com.br\\\/xinhua\\\/#\\\/schema\\\/person\\\/0943d6fd02bdc7b49c8f495e8787a2cb\",\"name\":\"Marcelo Oliveira de A. Maranhao\",\"image\":{\"@type\":\"ImageObject\",\"inLanguage\":\"pt-BR\",\"@id\":\"https:\\\/\\\/secure.gravatar.com\\\/avatar\\\/f562caee940d39879c20e90eea3e4b21860c7d4c96684c23141c554824f0059c?s=96&d=mm&r=g\",\"url\":\"https:\\\/\\\/secure.gravatar.com\\\/avatar\\\/f562caee940d39879c20e90eea3e4b21860c7d4c96684c23141c554824f0059c?s=96&d=mm&r=g\",\"contentUrl\":\"https:\\\/\\\/secure.gravatar.com\\\/avatar\\\/f562caee940d39879c20e90eea3e4b21860c7d4c96684c23141c554824f0059c?s=96&d=mm&r=g\",\"caption\":\"Marcelo Oliveira de A. Maranhao\"},\"url\":\"https:\\\/\\\/diariodepe.com.br\\\/xinhua\\\/author\\\/marcelo-maranhao\\\/\"}]}<\/script>\n<!-- \/ Yoast SEO plugin. -->","yoast_head_json":{"title":"Primeiro-ministro chin\u00eas re\u00fane-se com vice-primeiro-ministro da Mal\u00e1sia - Xinhua - Diario de Pernambuco","robots":{"index":"index","follow":"follow","max-snippet":"max-snippet:-1","max-image-preview":"max-image-preview:large","max-video-preview":"max-video-preview:-1"},"canonical":"https:\/\/diariodepe.com.br\/xinhua\/2024\/05\/30\/primeiro-ministro-chines-reune-se-com-vice-primeiro-ministro-da-malasia\/","og_locale":"pt_BR","og_type":"article","og_title":"Primeiro-ministro chin\u00eas re\u00fane-se com vice-primeiro-ministro da Mal\u00e1sia - Xinhua - Diario de Pernambuco","og_description":"Beijing &#8211; O primeiro-ministro chin\u00eas, Li Qiang, reuniu-se com o primeiro vice-premi\u00ea da Mal\u00e1sia e ministro do Desenvolvimento Rural e Regional, Dato&#8217; Seri Dr. Ahmad Zahid bin Hamidi, em Beijing, na quarta-feira. Desde o estabelecimento das rela\u00e7\u00f5es diplom\u00e1ticas entre a...","og_url":"https:\/\/diariodepe.com.br\/xinhua\/2024\/05\/30\/primeiro-ministro-chines-reune-se-com-vice-primeiro-ministro-da-malasia\/","og_site_name":"Xinhua - Diario de Pernambuco","article_published_time":"2024-05-30T17:30:00+00:00","og_image":[{"width":1024,"height":832,"url":"https:\/\/diariodepe.com.br\/xinhua\/wp-content\/uploads\/sites\/3\/2024\/05\/zKzMMiXvq9ooi0pm.png","type":"image\/png"}],"author":"Marcelo Oliveira de A. Maranhao","twitter_card":"summary_large_image","twitter_misc":{"Escrito por":"Marcelo Oliveira de A. Maranhao","Est. tempo de leitura":"3 minutos"},"schema":{"@context":"https:\/\/schema.org","@graph":[{"@type":"Article","@id":"https:\/\/diariodepe.com.br\/xinhua\/2024\/05\/30\/primeiro-ministro-chines-reune-se-com-vice-primeiro-ministro-da-malasia\/#article","isPartOf":{"@id":"https:\/\/diariodepe.com.br\/xinhua\/2024\/05\/30\/primeiro-ministro-chines-reune-se-com-vice-primeiro-ministro-da-malasia\/"},"author":{"name":"Marcelo Oliveira de A. Maranhao","@id":"https:\/\/diariodepe.com.br\/xinhua\/#\/schema\/person\/0943d6fd02bdc7b49c8f495e8787a2cb"},"headline":"Primeiro-ministro chin\u00eas re\u00fane-se com vice-primeiro-ministro da Mal\u00e1sia","datePublished":"2024-05-30T17:30:00+00:00","mainEntityOfPage":{"@id":"https:\/\/diariodepe.com.br\/xinhua\/2024\/05\/30\/primeiro-ministro-chines-reune-se-com-vice-primeiro-ministro-da-malasia\/"},"wordCount":457,"commentCount":0,"publisher":{"@id":"https:\/\/diariodepe.com.br\/xinhua\/#organization"},"image":{"@id":"https:\/\/diariodepe.com.br\/xinhua\/2024\/05\/30\/primeiro-ministro-chines-reune-se-com-vice-primeiro-ministro-da-malasia\/#primaryimage"},"thumbnailUrl":"https:\/\/diariodepe.com.br\/xinhua\/wp-content\/uploads\/sites\/3\/2024\/05\/zKzMMiXvq9ooi0pm.png","articleSection":["Internacional"],"inLanguage":"pt-BR","potentialAction":[{"@type":"CommentAction","name":"Comment","target":["https:\/\/diariodepe.com.br\/xinhua\/2024\/05\/30\/primeiro-ministro-chines-reune-se-com-vice-primeiro-ministro-da-malasia\/#respond"]}]},{"@type":"WebPage","@id":"https:\/\/diariodepe.com.br\/xinhua\/2024\/05\/30\/primeiro-ministro-chines-reune-se-com-vice-primeiro-ministro-da-malasia\/","url":"https:\/\/diariodepe.com.br\/xinhua\/2024\/05\/30\/primeiro-ministro-chines-reune-se-com-vice-primeiro-ministro-da-malasia\/","name":"Primeiro-ministro chin\u00eas re\u00fane-se com vice-primeiro-ministro da Mal\u00e1sia - Xinhua - Diario de Pernambuco","isPartOf":{"@id":"https:\/\/diariodepe.com.br\/xinhua\/#website"},"primaryImageOfPage":{"@id":"https:\/\/diariodepe.com.br\/xinhua\/2024\/05\/30\/primeiro-ministro-chines-reune-se-com-vice-primeiro-ministro-da-malasia\/#primaryimage"},"image":{"@id":"https:\/\/diariodepe.com.br\/xinhua\/2024\/05\/30\/primeiro-ministro-chines-reune-se-com-vice-primeiro-ministro-da-malasia\/#primaryimage"},"thumbnailUrl":"https:\/\/diariodepe.com.br\/xinhua\/wp-content\/uploads\/sites\/3\/2024\/05\/zKzMMiXvq9ooi0pm.png","datePublished":"2024-05-30T17:30:00+00:00","breadcrumb":{"@id":"https:\/\/diariodepe.com.br\/xinhua\/2024\/05\/30\/primeiro-ministro-chines-reune-se-com-vice-primeiro-ministro-da-malasia\/#breadcrumb"},"inLanguage":"pt-BR","potentialAction":[{"@type":"ReadAction","target":["https:\/\/diariodepe.com.br\/xinhua\/2024\/05\/30\/primeiro-ministro-chines-reune-se-com-vice-primeiro-ministro-da-malasia\/"]}]},{"@type":"ImageObject","inLanguage":"pt-BR","@id":"https:\/\/diariodepe.com.br\/xinhua\/2024\/05\/30\/primeiro-ministro-chines-reune-se-com-vice-primeiro-ministro-da-malasia\/#primaryimage","url":"https:\/\/diariodepe.com.br\/xinhua\/wp-content\/uploads\/sites\/3\/2024\/05\/zKzMMiXvq9ooi0pm.png","contentUrl":"https:\/\/diariodepe.com.br\/xinhua\/wp-content\/uploads\/sites\/3\/2024\/05\/zKzMMiXvq9ooi0pm.png","width":1024,"height":832},{"@type":"BreadcrumbList","@id":"https:\/\/diariodepe.com.br\/xinhua\/2024\/05\/30\/primeiro-ministro-chines-reune-se-com-vice-primeiro-ministro-da-malasia\/#breadcrumb","itemListElement":[{"@type":"ListItem","position":1,"name":"In\u00edcio","item":"https:\/\/diariodepe.com.br\/xinhua\/"},{"@type":"ListItem","position":2,"name":"Primeiro-ministro chin\u00eas re\u00fane-se com vice-primeiro-ministro da Mal\u00e1sia"}]},{"@type":"WebSite","@id":"https:\/\/diariodepe.com.br\/xinhua\/#website","url":"https:\/\/diariodepe.com.br\/xinhua\/","name":"Xinhua - Diario de Pernambuco","description":"A maior ag\u00eancia de not\u00edcias da China e um dos principais canais para conhecer o pa\u00eds","publisher":{"@id":"https:\/\/diariodepe.com.br\/xinhua\/#organization"},"potentialAction":[{"@type":"SearchAction","target":{"@type":"EntryPoint","urlTemplate":"https:\/\/diariodepe.com.br\/xinhua\/?s={search_term_string}"},"query-input":{"@type":"PropertyValueSpecification","valueRequired":true,"valueName":"search_term_string"}}],"inLanguage":"pt-BR"},{"@type":"Organization","@id":"https:\/\/diariodepe.com.br\/xinhua\/#organization","name":"Xinhua - Diario de Pernambuco","url":"https:\/\/diariodepe.com.br\/xinhua\/","logo":{"@type":"ImageObject","inLanguage":"pt-BR","@id":"https:\/\/diariodepe.com.br\/xinhua\/#\/schema\/logo\/image\/","url":"https:\/\/diariodepe.com.br\/xinhua\/wp-content\/uploads\/sites\/3\/2020\/10\/cropped-logo-transparente-2.png","contentUrl":"https:\/\/diariodepe.com.br\/xinhua\/wp-content\/uploads\/sites\/3\/2020\/10\/cropped-logo-transparente-2.png","width":512,"height":164,"caption":"Xinhua - Diario de Pernambuco"},"image":{"@id":"https:\/\/diariodepe.com.br\/xinhua\/#\/schema\/logo\/image\/"}},{"@type":"Person","@id":"https:\/\/diariodepe.com.br\/xinhua\/#\/schema\/person\/0943d6fd02bdc7b49c8f495e8787a2cb","name":"Marcelo Oliveira de A. Maranhao","image":{"@type":"ImageObject","inLanguage":"pt-BR","@id":"https:\/\/secure.gravatar.com\/avatar\/f562caee940d39879c20e90eea3e4b21860c7d4c96684c23141c554824f0059c?s=96&d=mm&r=g","url":"https:\/\/secure.gravatar.com\/avatar\/f562caee940d39879c20e90eea3e4b21860c7d4c96684c23141c554824f0059c?s=96&d=mm&r=g","contentUrl":"https:\/\/secure.gravatar.com\/avatar\/f562caee940d39879c20e90eea3e4b21860c7d4c96684c23141c554824f0059c?s=96&d=mm&r=g","caption":"Marcelo Oliveira de A. Maranhao"},"url":"https:\/\/diariodepe.com.br\/xinhua\/author\/marcelo-maranhao\/"}]}},"cc_featured_image_caption":{"caption_text":"","source_text":"","source_url":""},"amp_enabled":true,"_links":{"self":[{"href":"https:\/\/diariodepe.com.br\/xinhua\/wp-json\/wp\/v2\/posts\/20279","targetHints":{"allow":["GET"]}}],"collection":[{"href":"https:\/\/diariodepe.com.br\/xinhua\/wp-json\/wp\/v2\/posts"}],"about":[{"href":"https:\/\/diariodepe.com.br\/xinhua\/wp-json\/wp\/v2\/types\/post"}],"author":[{"embeddable":true,"href":"https:\/\/diariodepe.com.br\/xinhua\/wp-json\/wp\/v2\/users\/3"}],"replies":[{"embeddable":true,"href":"https:\/\/diariodepe.com.br\/xinhua\/wp-json\/wp\/v2\/comments?post=20279"}],"version-history":[{"count":1,"href":"https:\/\/diariodepe.com.br\/xinhua\/wp-json\/wp\/v2\/posts\/20279\/revisions"}],"predecessor-version":[{"id":20281,"href":"https:\/\/diariodepe.com.br\/xinhua\/wp-json\/wp\/v2\/posts\/20279\/revisions\/20281"}],"wp:featuredmedia":[{"embeddable":true,"href":"https:\/\/diariodepe.com.br\/xinhua\/wp-json\/wp\/v2\/media\/20280"}],"wp:attachment":[{"href":"https:\/\/diariodepe.com.br\/xinhua\/wp-json\/wp\/v2\/media?parent=20279"}],"wp:term":[{"taxonomy":"category","embeddable":true,"href":"https:\/\/diariodepe.com.br\/xinhua\/wp-json\/wp\/v2\/categories?post=20279"},{"taxonomy":"post_tag","embeddable":true,"href":"https:\/\/diariodepe.com.br\/xinhua\/wp-json\/wp\/v2\/tags?post=20279"}],"curies":[{"name":"wp","href":"https:\/\/api.w.org\/{rel}","templated":true}]}}