{"id":20276,"date":"2024-05-30T13:28:00","date_gmt":"2024-05-30T16:28:00","guid":{"rendered":"https:\/\/www.diariodepe.com.br\/xinhua\/?p=20276"},"modified":"2024-05-30T10:30:18","modified_gmt":"2024-05-30T13:30:18","slug":"primeiro-ministro-chines-se-reune-com-homologo-da-libia","status":"publish","type":"post","link":"https:\/\/diariodepe.com.br\/xinhua\/2024\/05\/30\/primeiro-ministro-chines-se-reune-com-homologo-da-libia\/","title":{"rendered":"Primeiro-ministro chin\u00eas se re\u00fane com hom\u00f3logo da L\u00edbia"},"content":{"rendered":"\n<p>Beijing &#8211; O primeiro-ministro chin\u00eas Li Qiang se reuniu com Abdul-Hamid Dbeibah, primeiro-ministro e ministro das Rela\u00e7\u00f5es Exteriores do Governo de Unidade Nacional da L\u00edbia, em Beijing, nesta quarta-feira.<\/p>\n\n\n\n<p>Li observou que a China e a L\u00edbia t\u00eam se apoiado e se tratado com sinceridade desde o estabelecimento de la\u00e7os diplom\u00e1ticos, h\u00e1 46 anos.<\/p>\n\n\n\n<p>A China atribui grande import\u00e2ncia ao desenvolvimento das rela\u00e7\u00f5es bilaterais e est\u00e1 disposta a trabalhar com a L\u00edbia para levar adiante a amizade tradicional, aumentar a confian\u00e7a pol\u00edtica m\u00fatua, expandir os interc\u00e2mbios e a coopera\u00e7\u00e3o em v\u00e1rios campos, levar as rela\u00e7\u00f5es bilaterais a um novo patamar e trazer mais benef\u00edcios para os dois povos, disse ele.<\/p>\n\n\n\n<p>Li disse que a China apoia firmemente a L\u00edbia na salvaguarda da soberania nacional, independ\u00eancia e integridade territorial e na busca de um caminho de desenvolvimento adequado \u00e0s suas pr\u00f3prias condi\u00e7\u00f5es nacionais.<\/p>\n\n\n\n<p>Os dois pa\u00edses podem explorar ainda mais o potencial de coopera\u00e7\u00e3o sob a estrutura da Iniciativa Cintur\u00e3o e Rota (ICR) e fortalecer a coopera\u00e7\u00e3o na constru\u00e7\u00e3o de infraestrutura, disse ele, acrescentando que a China est\u00e1 disposta a fornecer mais apoio ao desenvolvimento da L\u00edbia.<\/p>\n\n\n\n<p>&#8220;Espera-se que a L\u00edbia ofere\u00e7a um ambiente de neg\u00f3cios justo e n\u00e3o discriminat\u00f3rio para as empresas chinesas&#8221;, disse Li.<\/p>\n\n\n\n<p>A China aumentar\u00e1 a solidariedade e a coordena\u00e7\u00e3o com a L\u00edbia e com outros pa\u00edses em desenvolvimento, fortalecer\u00e1 ainda mais a coopera\u00e7\u00e3o Sul-Sul e aumentar\u00e1 a representa\u00e7\u00e3o e a voz dos pa\u00edses em desenvolvimento nos assuntos internacionais, disse ele.<\/p>\n\n\n\n<p>Dbeibah, que est\u00e1 em Beijing para participar da cerim\u00f4nia de abertura da 10\u00aa reuni\u00e3o ministerial do F\u00f3rum de Coopera\u00e7\u00e3o China-Estados \u00c1rabes, elogiou o importante papel da China no apoio ao processo pol\u00edtico e \u00e0 reconstru\u00e7\u00e3o nacional da L\u00edbia.<\/p>\n\n\n\n<p>A L\u00edbia segue o princ\u00edpio de Uma S\u00f3 China e est\u00e1 disposta a fortalecer a coopera\u00e7\u00e3o com a China em infraestrutura, energia e energia renov\u00e1vel sob a estrutura da ICR, disse Dbeibah.<\/p>\n\n\n\n<p>A L\u00edbia d\u00e1 as boas-vindas \u00e0s empresas chinesas para que participem da reconstru\u00e7\u00e3o do pa\u00eds e proteger\u00e1 firmemente os direitos e interesses leg\u00edtimos das empresas chinesas, disse ele.<\/p>\n\n\n\n<p>Dbeibah acrescentou que a L\u00edbia aprecia o apoio da China \u00e0 causa justa do povo palestino e est\u00e1 disposta a trabalhar com a China para promover ainda mais a coopera\u00e7\u00e3o entre o mundo \u00e1rabe e a China, assim como entre a \u00c1frica e a China.&nbsp;<\/p>\n","protected":false},"excerpt":{"rendered":"<p>Beijing &#8211; O primeiro-ministro chin\u00eas Li Qiang se reuniu com Abdul-Hamid Dbeibah, primeiro-ministro e ministro das Rela\u00e7\u00f5es Exteriores do Governo de Unidade Nacional da L\u00edbia, em Beijing, nesta quarta-feira. Li observou que a China e a L\u00edbia t\u00eam se apoiado&#8230;<\/p>\n","protected":false},"author":3,"featured_media":20277,"comment_status":"open","ping_status":"open","sticky":false,"template":"","format":"standard","meta":{"footnotes":""},"categories":[4],"tags":[],"class_list":["post-20276","post","type-post","status-publish","format-standard","has-post-thumbnail","hentry","category-internacional"],"yoast_head":"<!-- This site is optimized with the Yoast SEO plugin v27.4 - https:\/\/yoast.com\/product\/yoast-seo-wordpress\/ -->\n<title>Primeiro-ministro chin\u00eas se re\u00fane com hom\u00f3logo da L\u00edbia - Xinhua - Diario de Pernambuco<\/title>\n<meta name=\"robots\" content=\"index, follow, max-snippet:-1, max-image-preview:large, max-video-preview:-1\" \/>\n<link rel=\"canonical\" href=\"https:\/\/diariodepe.com.br\/xinhua\/2024\/05\/30\/primeiro-ministro-chines-se-reune-com-homologo-da-libia\/\" \/>\n<meta property=\"og:locale\" content=\"pt_BR\" \/>\n<meta property=\"og:type\" content=\"article\" \/>\n<meta property=\"og:title\" content=\"Primeiro-ministro chin\u00eas se re\u00fane com hom\u00f3logo da L\u00edbia - Xinhua - Diario de Pernambuco\" \/>\n<meta property=\"og:description\" content=\"Beijing &#8211; O primeiro-ministro chin\u00eas Li Qiang se reuniu com Abdul-Hamid Dbeibah, primeiro-ministro e ministro das Rela\u00e7\u00f5es Exteriores do Governo de Unidade Nacional da L\u00edbia, em Beijing, nesta quarta-feira. Li observou que a China e a L\u00edbia t\u00eam se apoiado...\" \/>\n<meta property=\"og:url\" content=\"https:\/\/diariodepe.com.br\/xinhua\/2024\/05\/30\/primeiro-ministro-chines-se-reune-com-homologo-da-libia\/\" \/>\n<meta property=\"og:site_name\" content=\"Xinhua - Diario de Pernambuco\" \/>\n<meta property=\"article:published_time\" content=\"2024-05-30T16:28:00+00:00\" \/>\n<meta property=\"og:image\" content=\"https:\/\/diariodepe.com.br\/xinhua\/wp-content\/uploads\/sites\/3\/2024\/05\/rbBQ678cS2F6BzXs.jpeg\" \/>\n\t<meta property=\"og:image:width\" content=\"1016\" \/>\n\t<meta property=\"og:image:height\" content=\"847\" \/>\n\t<meta property=\"og:image:type\" content=\"image\/jpeg\" \/>\n<meta name=\"author\" content=\"Marcelo Oliveira de A. Maranhao\" \/>\n<meta name=\"twitter:card\" content=\"summary_large_image\" \/>\n<meta name=\"twitter:label1\" content=\"Escrito por\" \/>\n\t<meta name=\"twitter:data1\" content=\"Marcelo Oliveira de A. Maranhao\" \/>\n\t<meta name=\"twitter:label2\" content=\"Est. tempo de leitura\" \/>\n\t<meta name=\"twitter:data2\" content=\"3 minutos\" \/>\n<script type=\"application\/ld+json\" class=\"yoast-schema-graph\">{\"@context\":\"https:\\\/\\\/schema.org\",\"@graph\":[{\"@type\":\"Article\",\"@id\":\"https:\\\/\\\/diariodepe.com.br\\\/xinhua\\\/2024\\\/05\\\/30\\\/primeiro-ministro-chines-se-reune-com-homologo-da-libia\\\/#article\",\"isPartOf\":{\"@id\":\"https:\\\/\\\/diariodepe.com.br\\\/xinhua\\\/2024\\\/05\\\/30\\\/primeiro-ministro-chines-se-reune-com-homologo-da-libia\\\/\"},\"author\":{\"name\":\"Marcelo Oliveira de A. Maranhao\",\"@id\":\"https:\\\/\\\/diariodepe.com.br\\\/xinhua\\\/#\\\/schema\\\/person\\\/0943d6fd02bdc7b49c8f495e8787a2cb\"},\"headline\":\"Primeiro-ministro chin\u00eas se re\u00fane com hom\u00f3logo da L\u00edbia\",\"datePublished\":\"2024-05-30T16:28:00+00:00\",\"mainEntityOfPage\":{\"@id\":\"https:\\\/\\\/diariodepe.com.br\\\/xinhua\\\/2024\\\/05\\\/30\\\/primeiro-ministro-chines-se-reune-com-homologo-da-libia\\\/\"},\"wordCount\":452,\"commentCount\":0,\"publisher\":{\"@id\":\"https:\\\/\\\/diariodepe.com.br\\\/xinhua\\\/#organization\"},\"image\":{\"@id\":\"https:\\\/\\\/diariodepe.com.br\\\/xinhua\\\/2024\\\/05\\\/30\\\/primeiro-ministro-chines-se-reune-com-homologo-da-libia\\\/#primaryimage\"},\"thumbnailUrl\":\"https:\\\/\\\/diariodepe.com.br\\\/xinhua\\\/wp-content\\\/uploads\\\/sites\\\/3\\\/2024\\\/05\\\/rbBQ678cS2F6BzXs.jpeg\",\"articleSection\":[\"Internacional\"],\"inLanguage\":\"pt-BR\",\"potentialAction\":[{\"@type\":\"CommentAction\",\"name\":\"Comment\",\"target\":[\"https:\\\/\\\/diariodepe.com.br\\\/xinhua\\\/2024\\\/05\\\/30\\\/primeiro-ministro-chines-se-reune-com-homologo-da-libia\\\/#respond\"]}]},{\"@type\":\"WebPage\",\"@id\":\"https:\\\/\\\/diariodepe.com.br\\\/xinhua\\\/2024\\\/05\\\/30\\\/primeiro-ministro-chines-se-reune-com-homologo-da-libia\\\/\",\"url\":\"https:\\\/\\\/diariodepe.com.br\\\/xinhua\\\/2024\\\/05\\\/30\\\/primeiro-ministro-chines-se-reune-com-homologo-da-libia\\\/\",\"name\":\"Primeiro-ministro chin\u00eas se re\u00fane com hom\u00f3logo da L\u00edbia - Xinhua - Diario de Pernambuco\",\"isPartOf\":{\"@id\":\"https:\\\/\\\/diariodepe.com.br\\\/xinhua\\\/#website\"},\"primaryImageOfPage\":{\"@id\":\"https:\\\/\\\/diariodepe.com.br\\\/xinhua\\\/2024\\\/05\\\/30\\\/primeiro-ministro-chines-se-reune-com-homologo-da-libia\\\/#primaryimage\"},\"image\":{\"@id\":\"https:\\\/\\\/diariodepe.com.br\\\/xinhua\\\/2024\\\/05\\\/30\\\/primeiro-ministro-chines-se-reune-com-homologo-da-libia\\\/#primaryimage\"},\"thumbnailUrl\":\"https:\\\/\\\/diariodepe.com.br\\\/xinhua\\\/wp-content\\\/uploads\\\/sites\\\/3\\\/2024\\\/05\\\/rbBQ678cS2F6BzXs.jpeg\",\"datePublished\":\"2024-05-30T16:28:00+00:00\",\"breadcrumb\":{\"@id\":\"https:\\\/\\\/diariodepe.com.br\\\/xinhua\\\/2024\\\/05\\\/30\\\/primeiro-ministro-chines-se-reune-com-homologo-da-libia\\\/#breadcrumb\"},\"inLanguage\":\"pt-BR\",\"potentialAction\":[{\"@type\":\"ReadAction\",\"target\":[\"https:\\\/\\\/diariodepe.com.br\\\/xinhua\\\/2024\\\/05\\\/30\\\/primeiro-ministro-chines-se-reune-com-homologo-da-libia\\\/\"]}]},{\"@type\":\"ImageObject\",\"inLanguage\":\"pt-BR\",\"@id\":\"https:\\\/\\\/diariodepe.com.br\\\/xinhua\\\/2024\\\/05\\\/30\\\/primeiro-ministro-chines-se-reune-com-homologo-da-libia\\\/#primaryimage\",\"url\":\"https:\\\/\\\/diariodepe.com.br\\\/xinhua\\\/wp-content\\\/uploads\\\/sites\\\/3\\\/2024\\\/05\\\/rbBQ678cS2F6BzXs.jpeg\",\"contentUrl\":\"https:\\\/\\\/diariodepe.com.br\\\/xinhua\\\/wp-content\\\/uploads\\\/sites\\\/3\\\/2024\\\/05\\\/rbBQ678cS2F6BzXs.jpeg\",\"width\":1016,\"height\":847},{\"@type\":\"BreadcrumbList\",\"@id\":\"https:\\\/\\\/diariodepe.com.br\\\/xinhua\\\/2024\\\/05\\\/30\\\/primeiro-ministro-chines-se-reune-com-homologo-da-libia\\\/#breadcrumb\",\"itemListElement\":[{\"@type\":\"ListItem\",\"position\":1,\"name\":\"In\u00edcio\",\"item\":\"https:\\\/\\\/diariodepe.com.br\\\/xinhua\\\/\"},{\"@type\":\"ListItem\",\"position\":2,\"name\":\"Primeiro-ministro chin\u00eas se re\u00fane com hom\u00f3logo da L\u00edbia\"}]},{\"@type\":\"WebSite\",\"@id\":\"https:\\\/\\\/diariodepe.com.br\\\/xinhua\\\/#website\",\"url\":\"https:\\\/\\\/diariodepe.com.br\\\/xinhua\\\/\",\"name\":\"Xinhua - Diario de Pernambuco\",\"description\":\"A maior ag\u00eancia de not\u00edcias da China e um dos principais canais para conhecer o pa\u00eds\",\"publisher\":{\"@id\":\"https:\\\/\\\/diariodepe.com.br\\\/xinhua\\\/#organization\"},\"potentialAction\":[{\"@type\":\"SearchAction\",\"target\":{\"@type\":\"EntryPoint\",\"urlTemplate\":\"https:\\\/\\\/diariodepe.com.br\\\/xinhua\\\/?s={search_term_string}\"},\"query-input\":{\"@type\":\"PropertyValueSpecification\",\"valueRequired\":true,\"valueName\":\"search_term_string\"}}],\"inLanguage\":\"pt-BR\"},{\"@type\":\"Organization\",\"@id\":\"https:\\\/\\\/diariodepe.com.br\\\/xinhua\\\/#organization\",\"name\":\"Xinhua - Diario de Pernambuco\",\"url\":\"https:\\\/\\\/diariodepe.com.br\\\/xinhua\\\/\",\"logo\":{\"@type\":\"ImageObject\",\"inLanguage\":\"pt-BR\",\"@id\":\"https:\\\/\\\/diariodepe.com.br\\\/xinhua\\\/#\\\/schema\\\/logo\\\/image\\\/\",\"url\":\"https:\\\/\\\/diariodepe.com.br\\\/xinhua\\\/wp-content\\\/uploads\\\/sites\\\/3\\\/2020\\\/10\\\/cropped-logo-transparente-2.png\",\"contentUrl\":\"https:\\\/\\\/diariodepe.com.br\\\/xinhua\\\/wp-content\\\/uploads\\\/sites\\\/3\\\/2020\\\/10\\\/cropped-logo-transparente-2.png\",\"width\":512,\"height\":164,\"caption\":\"Xinhua - Diario de Pernambuco\"},\"image\":{\"@id\":\"https:\\\/\\\/diariodepe.com.br\\\/xinhua\\\/#\\\/schema\\\/logo\\\/image\\\/\"}},{\"@type\":\"Person\",\"@id\":\"https:\\\/\\\/diariodepe.com.br\\\/xinhua\\\/#\\\/schema\\\/person\\\/0943d6fd02bdc7b49c8f495e8787a2cb\",\"name\":\"Marcelo Oliveira de A. Maranhao\",\"image\":{\"@type\":\"ImageObject\",\"inLanguage\":\"pt-BR\",\"@id\":\"https:\\\/\\\/secure.gravatar.com\\\/avatar\\\/f562caee940d39879c20e90eea3e4b21860c7d4c96684c23141c554824f0059c?s=96&d=mm&r=g\",\"url\":\"https:\\\/\\\/secure.gravatar.com\\\/avatar\\\/f562caee940d39879c20e90eea3e4b21860c7d4c96684c23141c554824f0059c?s=96&d=mm&r=g\",\"contentUrl\":\"https:\\\/\\\/secure.gravatar.com\\\/avatar\\\/f562caee940d39879c20e90eea3e4b21860c7d4c96684c23141c554824f0059c?s=96&d=mm&r=g\",\"caption\":\"Marcelo Oliveira de A. Maranhao\"},\"url\":\"https:\\\/\\\/diariodepe.com.br\\\/xinhua\\\/author\\\/marcelo-maranhao\\\/\"}]}<\/script>\n<!-- \/ Yoast SEO plugin. -->","yoast_head_json":{"title":"Primeiro-ministro chin\u00eas se re\u00fane com hom\u00f3logo da L\u00edbia - Xinhua - Diario de Pernambuco","robots":{"index":"index","follow":"follow","max-snippet":"max-snippet:-1","max-image-preview":"max-image-preview:large","max-video-preview":"max-video-preview:-1"},"canonical":"https:\/\/diariodepe.com.br\/xinhua\/2024\/05\/30\/primeiro-ministro-chines-se-reune-com-homologo-da-libia\/","og_locale":"pt_BR","og_type":"article","og_title":"Primeiro-ministro chin\u00eas se re\u00fane com hom\u00f3logo da L\u00edbia - Xinhua - Diario de Pernambuco","og_description":"Beijing &#8211; O primeiro-ministro chin\u00eas Li Qiang se reuniu com Abdul-Hamid Dbeibah, primeiro-ministro e ministro das Rela\u00e7\u00f5es Exteriores do Governo de Unidade Nacional da L\u00edbia, em Beijing, nesta quarta-feira. Li observou que a China e a L\u00edbia t\u00eam se apoiado...","og_url":"https:\/\/diariodepe.com.br\/xinhua\/2024\/05\/30\/primeiro-ministro-chines-se-reune-com-homologo-da-libia\/","og_site_name":"Xinhua - Diario de Pernambuco","article_published_time":"2024-05-30T16:28:00+00:00","og_image":[{"width":1016,"height":847,"url":"https:\/\/diariodepe.com.br\/xinhua\/wp-content\/uploads\/sites\/3\/2024\/05\/rbBQ678cS2F6BzXs.jpeg","type":"image\/jpeg"}],"author":"Marcelo Oliveira de A. Maranhao","twitter_card":"summary_large_image","twitter_misc":{"Escrito por":"Marcelo Oliveira de A. Maranhao","Est. tempo de leitura":"3 minutos"},"schema":{"@context":"https:\/\/schema.org","@graph":[{"@type":"Article","@id":"https:\/\/diariodepe.com.br\/xinhua\/2024\/05\/30\/primeiro-ministro-chines-se-reune-com-homologo-da-libia\/#article","isPartOf":{"@id":"https:\/\/diariodepe.com.br\/xinhua\/2024\/05\/30\/primeiro-ministro-chines-se-reune-com-homologo-da-libia\/"},"author":{"name":"Marcelo Oliveira de A. Maranhao","@id":"https:\/\/diariodepe.com.br\/xinhua\/#\/schema\/person\/0943d6fd02bdc7b49c8f495e8787a2cb"},"headline":"Primeiro-ministro chin\u00eas se re\u00fane com hom\u00f3logo da L\u00edbia","datePublished":"2024-05-30T16:28:00+00:00","mainEntityOfPage":{"@id":"https:\/\/diariodepe.com.br\/xinhua\/2024\/05\/30\/primeiro-ministro-chines-se-reune-com-homologo-da-libia\/"},"wordCount":452,"commentCount":0,"publisher":{"@id":"https:\/\/diariodepe.com.br\/xinhua\/#organization"},"image":{"@id":"https:\/\/diariodepe.com.br\/xinhua\/2024\/05\/30\/primeiro-ministro-chines-se-reune-com-homologo-da-libia\/#primaryimage"},"thumbnailUrl":"https:\/\/diariodepe.com.br\/xinhua\/wp-content\/uploads\/sites\/3\/2024\/05\/rbBQ678cS2F6BzXs.jpeg","articleSection":["Internacional"],"inLanguage":"pt-BR","potentialAction":[{"@type":"CommentAction","name":"Comment","target":["https:\/\/diariodepe.com.br\/xinhua\/2024\/05\/30\/primeiro-ministro-chines-se-reune-com-homologo-da-libia\/#respond"]}]},{"@type":"WebPage","@id":"https:\/\/diariodepe.com.br\/xinhua\/2024\/05\/30\/primeiro-ministro-chines-se-reune-com-homologo-da-libia\/","url":"https:\/\/diariodepe.com.br\/xinhua\/2024\/05\/30\/primeiro-ministro-chines-se-reune-com-homologo-da-libia\/","name":"Primeiro-ministro chin\u00eas se re\u00fane com hom\u00f3logo da L\u00edbia - Xinhua - Diario de Pernambuco","isPartOf":{"@id":"https:\/\/diariodepe.com.br\/xinhua\/#website"},"primaryImageOfPage":{"@id":"https:\/\/diariodepe.com.br\/xinhua\/2024\/05\/30\/primeiro-ministro-chines-se-reune-com-homologo-da-libia\/#primaryimage"},"image":{"@id":"https:\/\/diariodepe.com.br\/xinhua\/2024\/05\/30\/primeiro-ministro-chines-se-reune-com-homologo-da-libia\/#primaryimage"},"thumbnailUrl":"https:\/\/diariodepe.com.br\/xinhua\/wp-content\/uploads\/sites\/3\/2024\/05\/rbBQ678cS2F6BzXs.jpeg","datePublished":"2024-05-30T16:28:00+00:00","breadcrumb":{"@id":"https:\/\/diariodepe.com.br\/xinhua\/2024\/05\/30\/primeiro-ministro-chines-se-reune-com-homologo-da-libia\/#breadcrumb"},"inLanguage":"pt-BR","potentialAction":[{"@type":"ReadAction","target":["https:\/\/diariodepe.com.br\/xinhua\/2024\/05\/30\/primeiro-ministro-chines-se-reune-com-homologo-da-libia\/"]}]},{"@type":"ImageObject","inLanguage":"pt-BR","@id":"https:\/\/diariodepe.com.br\/xinhua\/2024\/05\/30\/primeiro-ministro-chines-se-reune-com-homologo-da-libia\/#primaryimage","url":"https:\/\/diariodepe.com.br\/xinhua\/wp-content\/uploads\/sites\/3\/2024\/05\/rbBQ678cS2F6BzXs.jpeg","contentUrl":"https:\/\/diariodepe.com.br\/xinhua\/wp-content\/uploads\/sites\/3\/2024\/05\/rbBQ678cS2F6BzXs.jpeg","width":1016,"height":847},{"@type":"BreadcrumbList","@id":"https:\/\/diariodepe.com.br\/xinhua\/2024\/05\/30\/primeiro-ministro-chines-se-reune-com-homologo-da-libia\/#breadcrumb","itemListElement":[{"@type":"ListItem","position":1,"name":"In\u00edcio","item":"https:\/\/diariodepe.com.br\/xinhua\/"},{"@type":"ListItem","position":2,"name":"Primeiro-ministro chin\u00eas se re\u00fane com hom\u00f3logo da L\u00edbia"}]},{"@type":"WebSite","@id":"https:\/\/diariodepe.com.br\/xinhua\/#website","url":"https:\/\/diariodepe.com.br\/xinhua\/","name":"Xinhua - Diario de Pernambuco","description":"A maior ag\u00eancia de not\u00edcias da China e um dos principais canais para conhecer o pa\u00eds","publisher":{"@id":"https:\/\/diariodepe.com.br\/xinhua\/#organization"},"potentialAction":[{"@type":"SearchAction","target":{"@type":"EntryPoint","urlTemplate":"https:\/\/diariodepe.com.br\/xinhua\/?s={search_term_string}"},"query-input":{"@type":"PropertyValueSpecification","valueRequired":true,"valueName":"search_term_string"}}],"inLanguage":"pt-BR"},{"@type":"Organization","@id":"https:\/\/diariodepe.com.br\/xinhua\/#organization","name":"Xinhua - Diario de Pernambuco","url":"https:\/\/diariodepe.com.br\/xinhua\/","logo":{"@type":"ImageObject","inLanguage":"pt-BR","@id":"https:\/\/diariodepe.com.br\/xinhua\/#\/schema\/logo\/image\/","url":"https:\/\/diariodepe.com.br\/xinhua\/wp-content\/uploads\/sites\/3\/2020\/10\/cropped-logo-transparente-2.png","contentUrl":"https:\/\/diariodepe.com.br\/xinhua\/wp-content\/uploads\/sites\/3\/2020\/10\/cropped-logo-transparente-2.png","width":512,"height":164,"caption":"Xinhua - Diario de Pernambuco"},"image":{"@id":"https:\/\/diariodepe.com.br\/xinhua\/#\/schema\/logo\/image\/"}},{"@type":"Person","@id":"https:\/\/diariodepe.com.br\/xinhua\/#\/schema\/person\/0943d6fd02bdc7b49c8f495e8787a2cb","name":"Marcelo Oliveira de A. Maranhao","image":{"@type":"ImageObject","inLanguage":"pt-BR","@id":"https:\/\/secure.gravatar.com\/avatar\/f562caee940d39879c20e90eea3e4b21860c7d4c96684c23141c554824f0059c?s=96&d=mm&r=g","url":"https:\/\/secure.gravatar.com\/avatar\/f562caee940d39879c20e90eea3e4b21860c7d4c96684c23141c554824f0059c?s=96&d=mm&r=g","contentUrl":"https:\/\/secure.gravatar.com\/avatar\/f562caee940d39879c20e90eea3e4b21860c7d4c96684c23141c554824f0059c?s=96&d=mm&r=g","caption":"Marcelo Oliveira de A. Maranhao"},"url":"https:\/\/diariodepe.com.br\/xinhua\/author\/marcelo-maranhao\/"}]}},"cc_featured_image_caption":{"caption_text":"","source_text":"","source_url":""},"amp_enabled":true,"_links":{"self":[{"href":"https:\/\/diariodepe.com.br\/xinhua\/wp-json\/wp\/v2\/posts\/20276","targetHints":{"allow":["GET"]}}],"collection":[{"href":"https:\/\/diariodepe.com.br\/xinhua\/wp-json\/wp\/v2\/posts"}],"about":[{"href":"https:\/\/diariodepe.com.br\/xinhua\/wp-json\/wp\/v2\/types\/post"}],"author":[{"embeddable":true,"href":"https:\/\/diariodepe.com.br\/xinhua\/wp-json\/wp\/v2\/users\/3"}],"replies":[{"embeddable":true,"href":"https:\/\/diariodepe.com.br\/xinhua\/wp-json\/wp\/v2\/comments?post=20276"}],"version-history":[{"count":1,"href":"https:\/\/diariodepe.com.br\/xinhua\/wp-json\/wp\/v2\/posts\/20276\/revisions"}],"predecessor-version":[{"id":20278,"href":"https:\/\/diariodepe.com.br\/xinhua\/wp-json\/wp\/v2\/posts\/20276\/revisions\/20278"}],"wp:featuredmedia":[{"embeddable":true,"href":"https:\/\/diariodepe.com.br\/xinhua\/wp-json\/wp\/v2\/media\/20277"}],"wp:attachment":[{"href":"https:\/\/diariodepe.com.br\/xinhua\/wp-json\/wp\/v2\/media?parent=20276"}],"wp:term":[{"taxonomy":"category","embeddable":true,"href":"https:\/\/diariodepe.com.br\/xinhua\/wp-json\/wp\/v2\/categories?post=20276"},{"taxonomy":"post_tag","embeddable":true,"href":"https:\/\/diariodepe.com.br\/xinhua\/wp-json\/wp\/v2\/tags?post=20276"}],"curies":[{"name":"wp","href":"https:\/\/api.w.org\/{rel}","templated":true}]}}