{"id":20114,"date":"2024-05-23T10:05:00","date_gmt":"2024-05-23T13:05:00","guid":{"rendered":"https:\/\/www.diariodepe.com.br\/xinhua\/?p=20114"},"modified":"2024-05-22T13:08:52","modified_gmt":"2024-05-22T16:08:52","slug":"ira-em-luto-pela-morte-do-presidente-raisi-em-tragico-acidente-de-helicoptero","status":"publish","type":"post","link":"https:\/\/diariodepe.com.br\/xinhua\/2024\/05\/23\/ira-em-luto-pela-morte-do-presidente-raisi-em-tragico-acidente-de-helicoptero\/","title":{"rendered":"Ir\u00e3 em luto pela morte do presidente Raisi em tr\u00e1gico acidente de helic\u00f3ptero"},"content":{"rendered":"\n<p>Teer\u00e3 &#8211; O presidente do Ir\u00e3, Ebrahim Raisi, foi confirmado morto na segunda-feira depois que seu helic\u00f3ptero caiu no domingo na regi\u00e3o montanhosa do noroeste do pa\u00eds.<\/p>\n\n\n\n<p>A ag\u00eancia de not\u00edcias oficial do Ir\u00e3, IRNA, confirmou as mortes de Raisi, do ministro das Rela\u00e7\u00f5es Exteriores, Hossein Amir-Abdollahian, do governador da Prov\u00edncia do Azerbaij\u00e3o Oriental, Malek Rahmati, do representante do l\u00edder supremo do Ir\u00e3, Ali Khamenei, no Azerbaij\u00e3o Oriental, Mohammad Ali Ale-Hashem, e do guarda-costas de Raisi, todos a bordo do mesmo helic\u00f3ptero.<\/p>\n\n\n\n<p>Khamenei anunciou na segunda-feira cinco dias de luto p\u00fablico.<\/p>\n\n\n\n<figure class=\"wp-block-image\"><img decoding=\"async\" src=\"https:\/\/portuguese.news.cn\/20240522\/a7e841a822514321824bd6013034fe56\/20240522a7e841a822514321824bd6013034fe56_2024052216a918cb96f94f9bb0e1300c3c784569.jpeg\" alt=\"\"\/><\/figure>\n\n\n\n<p>Foto tirada em 19 de maio de 2024 mostra um helic\u00f3ptero transportando o presidente iraniano Ebrahim Raisi nas imagens da TV estatal iraniana IRIB. (Xinhua\/Shadati)<\/p>\n\n\n\n<p><strong>ACIDENTE<\/strong><\/p>\n\n\n\n<p>Pir-Hossein Kolivand, chefe da Sociedade do Crescente Vermelho Iraniano, disse \u00e0 ag\u00eancia de not\u00edcias semi-oficial Tasnim, na madrugada de segunda-feira, que o local do acidente foi localizado ap\u00f3s horas de extensas buscas na regi\u00e3o montanhosa do Azerbaij\u00e3o Oriental.<\/p>\n\n\n\n<p>Uma imagem divulgada pela IRNA mostrou os destro\u00e7os do helic\u00f3ptero espalhados em uma encosta enevoada. As equipes de resgate enfrentaram condi\u00e7\u00f5es clim\u00e1ticas adversas e baixas temperaturas durante as buscas, que come\u00e7aram imediatamente ap\u00f3s o acidente ter sido registrado no domingo.<\/p>\n\n\n\n<p>O acidente ocorreu quando Raisi viajava da fronteira com o Azerbaij\u00e3o ap\u00f3s participar de uma cerim\u00f4nia de inaugura\u00e7\u00e3o de uma barragem de armazenamento de \u00e1gua com seu hom\u00f3logo azerbaijano Ilham Aliyev.<\/p>\n\n\n\n<p>Em uma entrevista \u00e0 TV estatal IRIB no domingo, o ministro do Interior do Ir\u00e3, Ahmad Vahidi, atribuiu a queda do helic\u00f3ptero \u00e0s m\u00e1s condi\u00e7\u00f5es clim\u00e1ticas, que, segundo ele, tamb\u00e9m prejudicaram os esfor\u00e7os de busca e resgate.<\/p>\n\n\n\n<p>Raisi, 63 anos, nasceu na Cidade de Mashhad, no nordeste do Ir\u00e3. Antes de ser eleito presidente do Ir\u00e3 em 2021, ele ocupou cargos de destaque, incluindo chefe do judici\u00e1rio e promotor de Teer\u00e3.<\/p>\n\n\n\n<p>Em uma declara\u00e7\u00e3o citada pela IRNA na segunda-feira, o gabinete iraniano disse que Raisi era um &#8220;presidente incans\u00e1vel e trabalhador&#8221; que &#8220;fez o sacrif\u00edcio final no caminho de servir sua na\u00e7\u00e3o&#8221;.<\/p>\n\n\n\n<p>Para lamentar a morte de Raisi, o governo iraniano cobriu sua cadeira com um manto preto. Em v\u00e1rias prov\u00edncias, est\u00e3o em andamento os preparativos para as cerim\u00f4nias de luto, enquanto os eventos programados para a Semana do Patrim\u00f4nio Cultural Nacional foram cancelados, conforme relatado pela IRNA.<\/p>\n\n\n\n<p>A morte de Raisi ocorre em meio ao aumento das tens\u00f5es entre o Ir\u00e3 e Israel, marcada por uma troca de ataques em abril, alimentada pela eclos\u00e3o do conflito palestino-israelense em outubro do ano passado, enquanto os esfor\u00e7os para reavivar as negocia\u00e7\u00f5es e salvar o acordo nuclear com o Ir\u00e3 chegaram a um impasse.<\/p>\n\n\n\n<p>Grupos armados da regi\u00e3o, como o grupo armado liban\u00eas Hezbollah e os Houthis no I\u00eamen, lan\u00e7aram ataques contra alvos israelenses em uma demonstra\u00e7\u00e3o de solidariedade aos palestinos.<\/p>\n\n\n\n<figure class=\"wp-block-image\"><img decoding=\"async\" src=\"https:\/\/portuguese.news.cn\/20240522\/a7e841a822514321824bd6013034fe56\/20240522a7e841a822514321824bd6013034fe56_20240522b2590b0444ef43c18d10bedd6b952dce.jpeg\" alt=\"\"\/><\/figure>\n\n\n\n<p>Foto tirada em 20 de maio de 2024 mostra equipes de resgate chegando a um local de acidente de helic\u00f3ptero na Prov\u00edncia do Azerbaij\u00e3o Oriental, no Ir\u00e3, nas imagens da TV estatal iraniana IRIB. (Xinhua\/Shadati)<\/p>\n\n\n\n<p><strong>CONDOL\u00caNCIAS<\/strong><\/p>\n\n\n\n<p>Ap\u00f3s a morte de Raisi, muitos l\u00edderes mundiais e governos estrangeiros expressaram pesar.<\/p>\n\n\n\n<p>O presidente chin\u00eas, Xi Jinping, enviou na segunda-feira uma mensagem de condol\u00eancias ao primeiro vice-presidente do Ir\u00e3, Mohammad Mokhber, na qual o l\u00edder chin\u00eas expressou profundas condol\u00eancias e estendeu suas sinceras simpatias a Mokhber, \u00e0 fam\u00edlia do presidente Raisi, ao governo e ao povo iraniano.<\/p>\n\n\n\n<p>L\u00edderes da R\u00fassia, Turquia, Egito, Emirados \u00c1rabes Unidos, Jord\u00e2nia, S\u00edria, Catar, Paquist\u00e3o, Venezuela e \u00cdndia, juntamente com o secret\u00e1rio-geral da Liga \u00c1rabe, Ahmed Aboul Gheit, e o presidente do Conselho Europeu, Charles Michel, enviaram mensagens de condol\u00eancias ap\u00f3s a morte de Raisi.<\/p>\n\n\n\n<p>&#8220;Estendemos nossas mais profundas condol\u00eancias e simpatia ao l\u00edder supremo da Rep\u00fablica Isl\u00e2mica, Ali Khamenei, e ao governo e ao povo iraniano&#8221;, disse o primeiro-ministro iraquiano Mohammed Shia&#8217; al-Sudani em um comunicado.<\/p>\n\n\n\n<p>O Hamas, que est\u00e1 em um conflito crescente com Israel desde outubro passado, expressou solidariedade ao povo iraniano por &#8220;essa imensa perda&#8221;, elogiando o apoio de Raisi \u00e0 causa palestina e \u00e0 resist\u00eancia contra Israel.<\/p>\n\n\n\n<figure class=\"wp-block-image\"><img decoding=\"async\" src=\"https:\/\/portuguese.news.cn\/20240522\/a7e841a822514321824bd6013034fe56\/20240522a7e841a822514321824bd6013034fe56_202405223ec054f288d24e08871c9fdf8c277e5e.jpeg\" alt=\"\"\/><\/figure>\n\n\n\n<p>Foto tirada em 19 de maio de 2024 mostra um p\u00f4ster do presidente iraniano Ebrahim Raisi nas imagens da Televis\u00e3o Nacional Iraniana. (Xinhua\/Shadati)<\/p>\n\n\n\n<p><strong>IMPACTO<\/strong><\/p>\n\n\n\n<p>A Constitui\u00e7\u00e3o do Ir\u00e3 estipula que, em caso de morte ou incapacidade do presidente, o primeiro vice-presidente assumir\u00e1 o cargo at\u00e9 que uma elei\u00e7\u00e3o seja realizada em um prazo m\u00e1ximo de 50 dias.<\/p>\n\n\n\n<p>O l\u00edder supremo do Ir\u00e3, Ali Khamenei, nomeou na segunda-feira o primeiro vice-presidente do pa\u00eds, Mohammad Mokhber, 68 anos, como presidente interino.<\/p>\n\n\n\n<p>O porta-voz do Conselho Constitucional do Ir\u00e3, Hadi Tahan Nazif, disse que, com a aprova\u00e7\u00e3o de Khamenei, um conselho formado pelo chefe do judici\u00e1rio iraniano, pelo presidente do parlamento e pelo primeiro vice-presidente tomar\u00e1 medidas para organizar as elei\u00e7\u00f5es dentro de 50 dias.<\/p>\n\n\n\n<p>O l\u00edder supremo do Ir\u00e3, Ali Khamenei, nomeou na segunda-feira o primeiro vice-presidente do pa\u00eds, Mohammad Mokhber, 68 anos, como presidente interino.<\/p>\n\n\n\n<p>O porta-voz do Conselho Constitucional do Ir\u00e3, Hadi Tahan Nazif, disse que, com a aprova\u00e7\u00e3o de Khamenei, um conselho formado pelo chefe do judici\u00e1rio iraniano, pelo presidente do parlamento e pelo primeiro vice-presidente tomar\u00e1 medidas para organizar elei\u00e7\u00f5es dentro de 50 dias.<\/p>\n\n\n\n<p>Embora a morte de autoridades de alto escal\u00e3o seja um golpe para a governan\u00e7a pol\u00edtica do Ir\u00e3, os analistas disseram que o &#8220;choque&#8221; pode ser absorvido.<\/p>\n\n\n\n<p>Khamenei disse ao povo iraniano para n\u00e3o se preocupar, prometendo &#8220;nenhuma interrup\u00e7\u00e3o&#8221; nos assuntos do pa\u00eds.<\/p>\n\n\n\n<p>&#8220;O Ir\u00e3, desde a sua revolu\u00e7\u00e3o isl\u00e2mica em 1979 (&#8230;) provou ser mais do que capaz de suportar todos os tipos de golpes (contra ele), especialmente quando se trata de l\u00edderes pol\u00edticos&#8221;, opinou Marwan Bishara, analista pol\u00edtico s\u00eanior da Al Jazeera.<\/p>\n\n\n\n<p>Na frente diplom\u00e1tica, embora a morte do ministro das Rela\u00e7\u00f5es Exteriores seja uma perda significativa para o Ir\u00e3, os analistas disseram que a pol\u00edtica externa do pa\u00eds n\u00e3o sofrer\u00e1 mudan\u00e7as substanciais.<\/p>\n\n\n\n<p>Amir-Abdollahian &#8220;foi um ministro das Rela\u00e7\u00f5es Exteriores extremamente eficaz, supervisionando uma reconcilia\u00e7\u00e3o bem-sucedida com a Ar\u00e1bia Saudita e lidando com uma s\u00e9rie de crises dif\u00edceis&#8221;, de acordo com uma an\u00e1lise do jornal online The Times of Israel. Mas &#8220;a ampla pol\u00edtica externa do Ir\u00e3 n\u00e3o mudar\u00e1&#8221;, observou.<\/p>\n\n\n\n<p>No entanto, alguns analistas acreditam que o incidente far\u00e1 com que o Ir\u00e3 mude seu foco pol\u00edtico para quest\u00f5es internas.<\/p>\n\n\n\n<p>O pa\u00eds agora pode ser &#8220;um pouco mais auto engajado, envolvido com a pol\u00edtica interna, enquanto organiza a elei\u00e7\u00e3o para o pr\u00f3ximo presidente&#8221;, disse Michael Makovsky, presidente e diretor executivo do Instituto Judaico para Seguran\u00e7a Nacional da Am\u00e9rica. (Rep\u00f3rteres de v\u00eddeo: Sha Dati, Shi Xiaomeng, Dong Yue; editores de v\u00eddeo: Li Ziwei, Li Qin, Yin Le)<\/p>\n","protected":false},"excerpt":{"rendered":"<p>Teer\u00e3 &#8211; O presidente do Ir\u00e3, Ebrahim Raisi, foi confirmado morto na segunda-feira depois que seu helic\u00f3ptero caiu no domingo na regi\u00e3o montanhosa do noroeste do pa\u00eds. A ag\u00eancia de not\u00edcias oficial do Ir\u00e3, IRNA, confirmou as mortes de Raisi,&#8230;<\/p>\n","protected":false},"author":3,"featured_media":20115,"comment_status":"open","ping_status":"open","sticky":false,"template":"","format":"standard","meta":{"footnotes":""},"categories":[4],"tags":[],"class_list":["post-20114","post","type-post","status-publish","format-standard","has-post-thumbnail","hentry","category-internacional"],"yoast_head":"<!-- This site is optimized with the Yoast SEO plugin v27.4 - https:\/\/yoast.com\/product\/yoast-seo-wordpress\/ -->\n<title>Ir\u00e3 em luto pela morte do presidente Raisi em tr\u00e1gico acidente de helic\u00f3ptero - Xinhua - Diario de Pernambuco<\/title>\n<meta name=\"robots\" content=\"index, follow, max-snippet:-1, max-image-preview:large, max-video-preview:-1\" \/>\n<link rel=\"canonical\" href=\"https:\/\/diariodepe.com.br\/xinhua\/2024\/05\/23\/ira-em-luto-pela-morte-do-presidente-raisi-em-tragico-acidente-de-helicoptero\/\" \/>\n<meta property=\"og:locale\" content=\"pt_BR\" \/>\n<meta property=\"og:type\" content=\"article\" \/>\n<meta property=\"og:title\" content=\"Ir\u00e3 em luto pela morte do presidente Raisi em tr\u00e1gico acidente de helic\u00f3ptero - Xinhua - Diario de Pernambuco\" \/>\n<meta property=\"og:description\" content=\"Teer\u00e3 &#8211; O presidente do Ir\u00e3, Ebrahim Raisi, foi confirmado morto na segunda-feira depois que seu helic\u00f3ptero caiu no domingo na regi\u00e3o montanhosa do noroeste do pa\u00eds. A ag\u00eancia de not\u00edcias oficial do Ir\u00e3, IRNA, confirmou as mortes de Raisi,...\" \/>\n<meta property=\"og:url\" content=\"https:\/\/diariodepe.com.br\/xinhua\/2024\/05\/23\/ira-em-luto-pela-morte-do-presidente-raisi-em-tragico-acidente-de-helicoptero\/\" \/>\n<meta property=\"og:site_name\" content=\"Xinhua - Diario de Pernambuco\" \/>\n<meta property=\"article:published_time\" content=\"2024-05-23T13:05:00+00:00\" \/>\n<meta property=\"og:image\" content=\"https:\/\/diariodepe.com.br\/xinhua\/wp-content\/uploads\/sites\/3\/2024\/05\/20240522a7e841a822514321824bd6013034fe56_20240522cf09f36a06f9468d9a9009336d993b61.png\" \/>\n\t<meta property=\"og:image:width\" content=\"1000\" \/>\n\t<meta property=\"og:image:height\" content=\"500\" \/>\n\t<meta property=\"og:image:type\" content=\"image\/png\" \/>\n<meta name=\"author\" content=\"Marcelo Oliveira de A. Maranhao\" \/>\n<meta name=\"twitter:card\" content=\"summary_large_image\" \/>\n<meta name=\"twitter:label1\" content=\"Escrito por\" \/>\n\t<meta name=\"twitter:data1\" content=\"Marcelo Oliveira de A. Maranhao\" \/>\n\t<meta name=\"twitter:label2\" content=\"Est. tempo de leitura\" \/>\n\t<meta name=\"twitter:data2\" content=\"7 minutos\" \/>\n<script type=\"application\/ld+json\" class=\"yoast-schema-graph\">{\"@context\":\"https:\\\/\\\/schema.org\",\"@graph\":[{\"@type\":\"Article\",\"@id\":\"https:\\\/\\\/diariodepe.com.br\\\/xinhua\\\/2024\\\/05\\\/23\\\/ira-em-luto-pela-morte-do-presidente-raisi-em-tragico-acidente-de-helicoptero\\\/#article\",\"isPartOf\":{\"@id\":\"https:\\\/\\\/diariodepe.com.br\\\/xinhua\\\/2024\\\/05\\\/23\\\/ira-em-luto-pela-morte-do-presidente-raisi-em-tragico-acidente-de-helicoptero\\\/\"},\"author\":{\"name\":\"Marcelo Oliveira de A. Maranhao\",\"@id\":\"https:\\\/\\\/diariodepe.com.br\\\/xinhua\\\/#\\\/schema\\\/person\\\/0943d6fd02bdc7b49c8f495e8787a2cb\"},\"headline\":\"Ir\u00e3 em luto pela morte do presidente Raisi em tr\u00e1gico acidente de helic\u00f3ptero\",\"datePublished\":\"2024-05-23T13:05:00+00:00\",\"mainEntityOfPage\":{\"@id\":\"https:\\\/\\\/diariodepe.com.br\\\/xinhua\\\/2024\\\/05\\\/23\\\/ira-em-luto-pela-morte-do-presidente-raisi-em-tragico-acidente-de-helicoptero\\\/\"},\"wordCount\":1210,\"commentCount\":0,\"publisher\":{\"@id\":\"https:\\\/\\\/diariodepe.com.br\\\/xinhua\\\/#organization\"},\"image\":{\"@id\":\"https:\\\/\\\/diariodepe.com.br\\\/xinhua\\\/2024\\\/05\\\/23\\\/ira-em-luto-pela-morte-do-presidente-raisi-em-tragico-acidente-de-helicoptero\\\/#primaryimage\"},\"thumbnailUrl\":\"https:\\\/\\\/diariodepe.com.br\\\/xinhua\\\/wp-content\\\/uploads\\\/sites\\\/3\\\/2024\\\/05\\\/20240522a7e841a822514321824bd6013034fe56_20240522cf09f36a06f9468d9a9009336d993b61.png\",\"articleSection\":[\"Internacional\"],\"inLanguage\":\"pt-BR\",\"potentialAction\":[{\"@type\":\"CommentAction\",\"name\":\"Comment\",\"target\":[\"https:\\\/\\\/diariodepe.com.br\\\/xinhua\\\/2024\\\/05\\\/23\\\/ira-em-luto-pela-morte-do-presidente-raisi-em-tragico-acidente-de-helicoptero\\\/#respond\"]}]},{\"@type\":\"WebPage\",\"@id\":\"https:\\\/\\\/diariodepe.com.br\\\/xinhua\\\/2024\\\/05\\\/23\\\/ira-em-luto-pela-morte-do-presidente-raisi-em-tragico-acidente-de-helicoptero\\\/\",\"url\":\"https:\\\/\\\/diariodepe.com.br\\\/xinhua\\\/2024\\\/05\\\/23\\\/ira-em-luto-pela-morte-do-presidente-raisi-em-tragico-acidente-de-helicoptero\\\/\",\"name\":\"Ir\u00e3 em luto pela morte do presidente Raisi em tr\u00e1gico acidente de helic\u00f3ptero - Xinhua - Diario de Pernambuco\",\"isPartOf\":{\"@id\":\"https:\\\/\\\/diariodepe.com.br\\\/xinhua\\\/#website\"},\"primaryImageOfPage\":{\"@id\":\"https:\\\/\\\/diariodepe.com.br\\\/xinhua\\\/2024\\\/05\\\/23\\\/ira-em-luto-pela-morte-do-presidente-raisi-em-tragico-acidente-de-helicoptero\\\/#primaryimage\"},\"image\":{\"@id\":\"https:\\\/\\\/diariodepe.com.br\\\/xinhua\\\/2024\\\/05\\\/23\\\/ira-em-luto-pela-morte-do-presidente-raisi-em-tragico-acidente-de-helicoptero\\\/#primaryimage\"},\"thumbnailUrl\":\"https:\\\/\\\/diariodepe.com.br\\\/xinhua\\\/wp-content\\\/uploads\\\/sites\\\/3\\\/2024\\\/05\\\/20240522a7e841a822514321824bd6013034fe56_20240522cf09f36a06f9468d9a9009336d993b61.png\",\"datePublished\":\"2024-05-23T13:05:00+00:00\",\"breadcrumb\":{\"@id\":\"https:\\\/\\\/diariodepe.com.br\\\/xinhua\\\/2024\\\/05\\\/23\\\/ira-em-luto-pela-morte-do-presidente-raisi-em-tragico-acidente-de-helicoptero\\\/#breadcrumb\"},\"inLanguage\":\"pt-BR\",\"potentialAction\":[{\"@type\":\"ReadAction\",\"target\":[\"https:\\\/\\\/diariodepe.com.br\\\/xinhua\\\/2024\\\/05\\\/23\\\/ira-em-luto-pela-morte-do-presidente-raisi-em-tragico-acidente-de-helicoptero\\\/\"]}]},{\"@type\":\"ImageObject\",\"inLanguage\":\"pt-BR\",\"@id\":\"https:\\\/\\\/diariodepe.com.br\\\/xinhua\\\/2024\\\/05\\\/23\\\/ira-em-luto-pela-morte-do-presidente-raisi-em-tragico-acidente-de-helicoptero\\\/#primaryimage\",\"url\":\"https:\\\/\\\/diariodepe.com.br\\\/xinhua\\\/wp-content\\\/uploads\\\/sites\\\/3\\\/2024\\\/05\\\/20240522a7e841a822514321824bd6013034fe56_20240522cf09f36a06f9468d9a9009336d993b61.png\",\"contentUrl\":\"https:\\\/\\\/diariodepe.com.br\\\/xinhua\\\/wp-content\\\/uploads\\\/sites\\\/3\\\/2024\\\/05\\\/20240522a7e841a822514321824bd6013034fe56_20240522cf09f36a06f9468d9a9009336d993b61.png\",\"width\":1000,\"height\":500},{\"@type\":\"BreadcrumbList\",\"@id\":\"https:\\\/\\\/diariodepe.com.br\\\/xinhua\\\/2024\\\/05\\\/23\\\/ira-em-luto-pela-morte-do-presidente-raisi-em-tragico-acidente-de-helicoptero\\\/#breadcrumb\",\"itemListElement\":[{\"@type\":\"ListItem\",\"position\":1,\"name\":\"In\u00edcio\",\"item\":\"https:\\\/\\\/diariodepe.com.br\\\/xinhua\\\/\"},{\"@type\":\"ListItem\",\"position\":2,\"name\":\"Ir\u00e3 em luto pela morte do presidente Raisi em tr\u00e1gico acidente de helic\u00f3ptero\"}]},{\"@type\":\"WebSite\",\"@id\":\"https:\\\/\\\/diariodepe.com.br\\\/xinhua\\\/#website\",\"url\":\"https:\\\/\\\/diariodepe.com.br\\\/xinhua\\\/\",\"name\":\"Xinhua - Diario de Pernambuco\",\"description\":\"A maior ag\u00eancia de not\u00edcias da China e um dos principais canais para conhecer o pa\u00eds\",\"publisher\":{\"@id\":\"https:\\\/\\\/diariodepe.com.br\\\/xinhua\\\/#organization\"},\"potentialAction\":[{\"@type\":\"SearchAction\",\"target\":{\"@type\":\"EntryPoint\",\"urlTemplate\":\"https:\\\/\\\/diariodepe.com.br\\\/xinhua\\\/?s={search_term_string}\"},\"query-input\":{\"@type\":\"PropertyValueSpecification\",\"valueRequired\":true,\"valueName\":\"search_term_string\"}}],\"inLanguage\":\"pt-BR\"},{\"@type\":\"Organization\",\"@id\":\"https:\\\/\\\/diariodepe.com.br\\\/xinhua\\\/#organization\",\"name\":\"Xinhua - Diario de Pernambuco\",\"url\":\"https:\\\/\\\/diariodepe.com.br\\\/xinhua\\\/\",\"logo\":{\"@type\":\"ImageObject\",\"inLanguage\":\"pt-BR\",\"@id\":\"https:\\\/\\\/diariodepe.com.br\\\/xinhua\\\/#\\\/schema\\\/logo\\\/image\\\/\",\"url\":\"https:\\\/\\\/diariodepe.com.br\\\/xinhua\\\/wp-content\\\/uploads\\\/sites\\\/3\\\/2020\\\/10\\\/cropped-logo-transparente-2.png\",\"contentUrl\":\"https:\\\/\\\/diariodepe.com.br\\\/xinhua\\\/wp-content\\\/uploads\\\/sites\\\/3\\\/2020\\\/10\\\/cropped-logo-transparente-2.png\",\"width\":512,\"height\":164,\"caption\":\"Xinhua - Diario de Pernambuco\"},\"image\":{\"@id\":\"https:\\\/\\\/diariodepe.com.br\\\/xinhua\\\/#\\\/schema\\\/logo\\\/image\\\/\"}},{\"@type\":\"Person\",\"@id\":\"https:\\\/\\\/diariodepe.com.br\\\/xinhua\\\/#\\\/schema\\\/person\\\/0943d6fd02bdc7b49c8f495e8787a2cb\",\"name\":\"Marcelo Oliveira de A. Maranhao\",\"image\":{\"@type\":\"ImageObject\",\"inLanguage\":\"pt-BR\",\"@id\":\"https:\\\/\\\/secure.gravatar.com\\\/avatar\\\/f562caee940d39879c20e90eea3e4b21860c7d4c96684c23141c554824f0059c?s=96&d=mm&r=g\",\"url\":\"https:\\\/\\\/secure.gravatar.com\\\/avatar\\\/f562caee940d39879c20e90eea3e4b21860c7d4c96684c23141c554824f0059c?s=96&d=mm&r=g\",\"contentUrl\":\"https:\\\/\\\/secure.gravatar.com\\\/avatar\\\/f562caee940d39879c20e90eea3e4b21860c7d4c96684c23141c554824f0059c?s=96&d=mm&r=g\",\"caption\":\"Marcelo Oliveira de A. Maranhao\"},\"url\":\"https:\\\/\\\/diariodepe.com.br\\\/xinhua\\\/author\\\/marcelo-maranhao\\\/\"}]}<\/script>\n<!-- \/ Yoast SEO plugin. -->","yoast_head_json":{"title":"Ir\u00e3 em luto pela morte do presidente Raisi em tr\u00e1gico acidente de helic\u00f3ptero - Xinhua - Diario de Pernambuco","robots":{"index":"index","follow":"follow","max-snippet":"max-snippet:-1","max-image-preview":"max-image-preview:large","max-video-preview":"max-video-preview:-1"},"canonical":"https:\/\/diariodepe.com.br\/xinhua\/2024\/05\/23\/ira-em-luto-pela-morte-do-presidente-raisi-em-tragico-acidente-de-helicoptero\/","og_locale":"pt_BR","og_type":"article","og_title":"Ir\u00e3 em luto pela morte do presidente Raisi em tr\u00e1gico acidente de helic\u00f3ptero - Xinhua - Diario de Pernambuco","og_description":"Teer\u00e3 &#8211; O presidente do Ir\u00e3, Ebrahim Raisi, foi confirmado morto na segunda-feira depois que seu helic\u00f3ptero caiu no domingo na regi\u00e3o montanhosa do noroeste do pa\u00eds. A ag\u00eancia de not\u00edcias oficial do Ir\u00e3, IRNA, confirmou as mortes de Raisi,...","og_url":"https:\/\/diariodepe.com.br\/xinhua\/2024\/05\/23\/ira-em-luto-pela-morte-do-presidente-raisi-em-tragico-acidente-de-helicoptero\/","og_site_name":"Xinhua - Diario de Pernambuco","article_published_time":"2024-05-23T13:05:00+00:00","og_image":[{"width":1000,"height":500,"url":"https:\/\/diariodepe.com.br\/xinhua\/wp-content\/uploads\/sites\/3\/2024\/05\/20240522a7e841a822514321824bd6013034fe56_20240522cf09f36a06f9468d9a9009336d993b61.png","type":"image\/png"}],"author":"Marcelo Oliveira de A. Maranhao","twitter_card":"summary_large_image","twitter_misc":{"Escrito por":"Marcelo Oliveira de A. Maranhao","Est. tempo de leitura":"7 minutos"},"schema":{"@context":"https:\/\/schema.org","@graph":[{"@type":"Article","@id":"https:\/\/diariodepe.com.br\/xinhua\/2024\/05\/23\/ira-em-luto-pela-morte-do-presidente-raisi-em-tragico-acidente-de-helicoptero\/#article","isPartOf":{"@id":"https:\/\/diariodepe.com.br\/xinhua\/2024\/05\/23\/ira-em-luto-pela-morte-do-presidente-raisi-em-tragico-acidente-de-helicoptero\/"},"author":{"name":"Marcelo Oliveira de A. Maranhao","@id":"https:\/\/diariodepe.com.br\/xinhua\/#\/schema\/person\/0943d6fd02bdc7b49c8f495e8787a2cb"},"headline":"Ir\u00e3 em luto pela morte do presidente Raisi em tr\u00e1gico acidente de helic\u00f3ptero","datePublished":"2024-05-23T13:05:00+00:00","mainEntityOfPage":{"@id":"https:\/\/diariodepe.com.br\/xinhua\/2024\/05\/23\/ira-em-luto-pela-morte-do-presidente-raisi-em-tragico-acidente-de-helicoptero\/"},"wordCount":1210,"commentCount":0,"publisher":{"@id":"https:\/\/diariodepe.com.br\/xinhua\/#organization"},"image":{"@id":"https:\/\/diariodepe.com.br\/xinhua\/2024\/05\/23\/ira-em-luto-pela-morte-do-presidente-raisi-em-tragico-acidente-de-helicoptero\/#primaryimage"},"thumbnailUrl":"https:\/\/diariodepe.com.br\/xinhua\/wp-content\/uploads\/sites\/3\/2024\/05\/20240522a7e841a822514321824bd6013034fe56_20240522cf09f36a06f9468d9a9009336d993b61.png","articleSection":["Internacional"],"inLanguage":"pt-BR","potentialAction":[{"@type":"CommentAction","name":"Comment","target":["https:\/\/diariodepe.com.br\/xinhua\/2024\/05\/23\/ira-em-luto-pela-morte-do-presidente-raisi-em-tragico-acidente-de-helicoptero\/#respond"]}]},{"@type":"WebPage","@id":"https:\/\/diariodepe.com.br\/xinhua\/2024\/05\/23\/ira-em-luto-pela-morte-do-presidente-raisi-em-tragico-acidente-de-helicoptero\/","url":"https:\/\/diariodepe.com.br\/xinhua\/2024\/05\/23\/ira-em-luto-pela-morte-do-presidente-raisi-em-tragico-acidente-de-helicoptero\/","name":"Ir\u00e3 em luto pela morte do presidente Raisi em tr\u00e1gico acidente de helic\u00f3ptero - Xinhua - Diario de Pernambuco","isPartOf":{"@id":"https:\/\/diariodepe.com.br\/xinhua\/#website"},"primaryImageOfPage":{"@id":"https:\/\/diariodepe.com.br\/xinhua\/2024\/05\/23\/ira-em-luto-pela-morte-do-presidente-raisi-em-tragico-acidente-de-helicoptero\/#primaryimage"},"image":{"@id":"https:\/\/diariodepe.com.br\/xinhua\/2024\/05\/23\/ira-em-luto-pela-morte-do-presidente-raisi-em-tragico-acidente-de-helicoptero\/#primaryimage"},"thumbnailUrl":"https:\/\/diariodepe.com.br\/xinhua\/wp-content\/uploads\/sites\/3\/2024\/05\/20240522a7e841a822514321824bd6013034fe56_20240522cf09f36a06f9468d9a9009336d993b61.png","datePublished":"2024-05-23T13:05:00+00:00","breadcrumb":{"@id":"https:\/\/diariodepe.com.br\/xinhua\/2024\/05\/23\/ira-em-luto-pela-morte-do-presidente-raisi-em-tragico-acidente-de-helicoptero\/#breadcrumb"},"inLanguage":"pt-BR","potentialAction":[{"@type":"ReadAction","target":["https:\/\/diariodepe.com.br\/xinhua\/2024\/05\/23\/ira-em-luto-pela-morte-do-presidente-raisi-em-tragico-acidente-de-helicoptero\/"]}]},{"@type":"ImageObject","inLanguage":"pt-BR","@id":"https:\/\/diariodepe.com.br\/xinhua\/2024\/05\/23\/ira-em-luto-pela-morte-do-presidente-raisi-em-tragico-acidente-de-helicoptero\/#primaryimage","url":"https:\/\/diariodepe.com.br\/xinhua\/wp-content\/uploads\/sites\/3\/2024\/05\/20240522a7e841a822514321824bd6013034fe56_20240522cf09f36a06f9468d9a9009336d993b61.png","contentUrl":"https:\/\/diariodepe.com.br\/xinhua\/wp-content\/uploads\/sites\/3\/2024\/05\/20240522a7e841a822514321824bd6013034fe56_20240522cf09f36a06f9468d9a9009336d993b61.png","width":1000,"height":500},{"@type":"BreadcrumbList","@id":"https:\/\/diariodepe.com.br\/xinhua\/2024\/05\/23\/ira-em-luto-pela-morte-do-presidente-raisi-em-tragico-acidente-de-helicoptero\/#breadcrumb","itemListElement":[{"@type":"ListItem","position":1,"name":"In\u00edcio","item":"https:\/\/diariodepe.com.br\/xinhua\/"},{"@type":"ListItem","position":2,"name":"Ir\u00e3 em luto pela morte do presidente Raisi em tr\u00e1gico acidente de helic\u00f3ptero"}]},{"@type":"WebSite","@id":"https:\/\/diariodepe.com.br\/xinhua\/#website","url":"https:\/\/diariodepe.com.br\/xinhua\/","name":"Xinhua - Diario de Pernambuco","description":"A maior ag\u00eancia de not\u00edcias da China e um dos principais canais para conhecer o pa\u00eds","publisher":{"@id":"https:\/\/diariodepe.com.br\/xinhua\/#organization"},"potentialAction":[{"@type":"SearchAction","target":{"@type":"EntryPoint","urlTemplate":"https:\/\/diariodepe.com.br\/xinhua\/?s={search_term_string}"},"query-input":{"@type":"PropertyValueSpecification","valueRequired":true,"valueName":"search_term_string"}}],"inLanguage":"pt-BR"},{"@type":"Organization","@id":"https:\/\/diariodepe.com.br\/xinhua\/#organization","name":"Xinhua - Diario de Pernambuco","url":"https:\/\/diariodepe.com.br\/xinhua\/","logo":{"@type":"ImageObject","inLanguage":"pt-BR","@id":"https:\/\/diariodepe.com.br\/xinhua\/#\/schema\/logo\/image\/","url":"https:\/\/diariodepe.com.br\/xinhua\/wp-content\/uploads\/sites\/3\/2020\/10\/cropped-logo-transparente-2.png","contentUrl":"https:\/\/diariodepe.com.br\/xinhua\/wp-content\/uploads\/sites\/3\/2020\/10\/cropped-logo-transparente-2.png","width":512,"height":164,"caption":"Xinhua - Diario de Pernambuco"},"image":{"@id":"https:\/\/diariodepe.com.br\/xinhua\/#\/schema\/logo\/image\/"}},{"@type":"Person","@id":"https:\/\/diariodepe.com.br\/xinhua\/#\/schema\/person\/0943d6fd02bdc7b49c8f495e8787a2cb","name":"Marcelo Oliveira de A. Maranhao","image":{"@type":"ImageObject","inLanguage":"pt-BR","@id":"https:\/\/secure.gravatar.com\/avatar\/f562caee940d39879c20e90eea3e4b21860c7d4c96684c23141c554824f0059c?s=96&d=mm&r=g","url":"https:\/\/secure.gravatar.com\/avatar\/f562caee940d39879c20e90eea3e4b21860c7d4c96684c23141c554824f0059c?s=96&d=mm&r=g","contentUrl":"https:\/\/secure.gravatar.com\/avatar\/f562caee940d39879c20e90eea3e4b21860c7d4c96684c23141c554824f0059c?s=96&d=mm&r=g","caption":"Marcelo Oliveira de A. Maranhao"},"url":"https:\/\/diariodepe.com.br\/xinhua\/author\/marcelo-maranhao\/"}]}},"cc_featured_image_caption":{"caption_text":"","source_text":"","source_url":""},"amp_enabled":true,"_links":{"self":[{"href":"https:\/\/diariodepe.com.br\/xinhua\/wp-json\/wp\/v2\/posts\/20114","targetHints":{"allow":["GET"]}}],"collection":[{"href":"https:\/\/diariodepe.com.br\/xinhua\/wp-json\/wp\/v2\/posts"}],"about":[{"href":"https:\/\/diariodepe.com.br\/xinhua\/wp-json\/wp\/v2\/types\/post"}],"author":[{"embeddable":true,"href":"https:\/\/diariodepe.com.br\/xinhua\/wp-json\/wp\/v2\/users\/3"}],"replies":[{"embeddable":true,"href":"https:\/\/diariodepe.com.br\/xinhua\/wp-json\/wp\/v2\/comments?post=20114"}],"version-history":[{"count":1,"href":"https:\/\/diariodepe.com.br\/xinhua\/wp-json\/wp\/v2\/posts\/20114\/revisions"}],"predecessor-version":[{"id":20116,"href":"https:\/\/diariodepe.com.br\/xinhua\/wp-json\/wp\/v2\/posts\/20114\/revisions\/20116"}],"wp:featuredmedia":[{"embeddable":true,"href":"https:\/\/diariodepe.com.br\/xinhua\/wp-json\/wp\/v2\/media\/20115"}],"wp:attachment":[{"href":"https:\/\/diariodepe.com.br\/xinhua\/wp-json\/wp\/v2\/media?parent=20114"}],"wp:term":[{"taxonomy":"category","embeddable":true,"href":"https:\/\/diariodepe.com.br\/xinhua\/wp-json\/wp\/v2\/categories?post=20114"},{"taxonomy":"post_tag","embeddable":true,"href":"https:\/\/diariodepe.com.br\/xinhua\/wp-json\/wp\/v2\/tags?post=20114"}],"curies":[{"name":"wp","href":"https:\/\/api.w.org\/{rel}","templated":true}]}}