{"id":19796,"date":"2024-05-07T17:32:00","date_gmt":"2024-05-07T20:32:00","guid":{"rendered":"https:\/\/www.diariodepe.com.br\/xinhua\/?p=19796"},"modified":"2024-05-07T09:08:04","modified_gmt":"2024-05-07T12:08:04","slug":"china-e-franca-reforcarao-cooperacao-de-governanca-global-em-inteligencia-artificial","status":"publish","type":"post","link":"https:\/\/diariodepe.com.br\/xinhua\/2024\/05\/07\/china-e-franca-reforcarao-cooperacao-de-governanca-global-em-inteligencia-artificial\/","title":{"rendered":"China e Fran\u00e7a refor\u00e7ar\u00e3o coopera\u00e7\u00e3o de governan\u00e7a global em intelig\u00eancia artificial"},"content":{"rendered":"\n<p>Paris &#8211; A China e a Fran\u00e7a comprometeram-se nesta ter\u00e7a-feira a tomar medidas eficazes para abordar os riscos potenciais e reais associados \u00e0 tecnologia de intelig\u00eancia artificial (IA) e a fortalecer a governan\u00e7a global de IA para promover o desenvolvimento e o uso para o bem comum.<\/p>\n\n\n\n<p>Durante a visita de Estado do presidente chin\u00eas, Xi Jinping, \u00e0 Fran\u00e7a, a convite do presidente franc\u00eas, Emmanuel Macron, os dois chefes de Estado chegaram a uma s\u00e9rie de consensos sobre coopera\u00e7\u00e3o bilateral e multilateral para utilizar e regular adequadamente a tecnologia.<\/p>\n\n\n\n<p>Reconhecendo o papel fundamental da IA no desenvolvimento e na inova\u00e7\u00e3o, tendo em conta a gama de desafios que podem surgir do desenvolvimento e uso da IA, a China e a Fran\u00e7a concordam com a import\u00e2ncia de promover o desenvolvimento e a seguran\u00e7a de IA e promover a governan\u00e7a internacional adequada para alcan\u00e7ar este objetivo, informou uma declara\u00e7\u00e3o conjunta sobre IA e governan\u00e7a global emitida pelos dois pa\u00edses.<\/p>\n\n\n\n<p>Fran\u00e7a e China concordam que a governan\u00e7a global da IA deve permitir flexibilidade para facilitar o desenvolvimento de uma tecnologia em constante e r\u00e1pida evolu\u00e7\u00e3o, com a necess\u00e1ria prote\u00e7\u00e3o de dados pessoais e os direitos dos usu\u00e1rios que mobilizam IA ou cujas produ\u00e7\u00f5es s\u00e3o mobilizadas por IA.<\/p>\n\n\n\n<p>Os dois pa\u00edses est\u00e3o totalmente comprometidos em promover sistemas de IA seguros e confi\u00e1veis com base no princ\u00edpio da IA para o bem comum, por meio de um di\u00e1logo abrangente e inclusivo e por meio da promo\u00e7\u00e3o da coopera\u00e7\u00e3o internacional e da interoperabilidade entre estruturas e iniciativas de governan\u00e7a de IA, com base no trabalho feito ao n\u00edvel da ONU.<\/p>\n\n\n\n<p>Ambos os pa\u00edses reconhecem que as oportunidades, riscos e desafios associados \u00e0 IA s\u00e3o de natureza global, diz a declara\u00e7\u00e3o conjunta, sublinhando a import\u00e2ncia de refor\u00e7ar a coopera\u00e7\u00e3o internacional no contexto do r\u00e1pido desenvolvimento tecnol\u00f3gico para garantir a seguran\u00e7a internacional, a estabilidade e o respeito pela soberania e pelos direitos fundamentais.<\/p>\n\n\n\n<p>A Fran\u00e7a e a China tamb\u00e9m concordam em contribuir para o fortalecimento das capacidades cibern\u00e9ticas dos Estados, particularmente dos pa\u00edses em desenvolvimento, para lidar com todos os tipos de amea\u00e7as cibern\u00e9ticas, incluindo aquelas relacionadas \u00e0 IA.<\/p>\n","protected":false},"excerpt":{"rendered":"<p>Paris &#8211; A China e a Fran\u00e7a comprometeram-se nesta ter\u00e7a-feira a tomar medidas eficazes para abordar os riscos potenciais e reais associados \u00e0 tecnologia de intelig\u00eancia artificial (IA) e a fortalecer a governan\u00e7a global de IA para promover o desenvolvimento&#8230;<\/p>\n","protected":false},"author":3,"featured_media":19797,"comment_status":"open","ping_status":"open","sticky":false,"template":"","format":"standard","meta":{"footnotes":""},"categories":[4],"tags":[],"class_list":["post-19796","post","type-post","status-publish","format-standard","has-post-thumbnail","hentry","category-internacional"],"yoast_head":"<!-- This site is optimized with the Yoast SEO plugin v27.4 - https:\/\/yoast.com\/product\/yoast-seo-wordpress\/ -->\n<title>China e Fran\u00e7a refor\u00e7ar\u00e3o coopera\u00e7\u00e3o de governan\u00e7a global em intelig\u00eancia artificial - Xinhua - Diario de Pernambuco<\/title>\n<meta name=\"robots\" content=\"index, follow, max-snippet:-1, max-image-preview:large, max-video-preview:-1\" \/>\n<link rel=\"canonical\" href=\"https:\/\/diariodepe.com.br\/xinhua\/2024\/05\/07\/china-e-franca-reforcarao-cooperacao-de-governanca-global-em-inteligencia-artificial\/\" \/>\n<meta property=\"og:locale\" content=\"pt_BR\" \/>\n<meta property=\"og:type\" content=\"article\" \/>\n<meta property=\"og:title\" content=\"China e Fran\u00e7a refor\u00e7ar\u00e3o coopera\u00e7\u00e3o de governan\u00e7a global em intelig\u00eancia artificial - Xinhua - Diario de Pernambuco\" \/>\n<meta property=\"og:description\" content=\"Paris &#8211; A China e a Fran\u00e7a comprometeram-se nesta ter\u00e7a-feira a tomar medidas eficazes para abordar os riscos potenciais e reais associados \u00e0 tecnologia de intelig\u00eancia artificial (IA) e a fortalecer a governan\u00e7a global de IA para promover o desenvolvimento...\" \/>\n<meta property=\"og:url\" content=\"https:\/\/diariodepe.com.br\/xinhua\/2024\/05\/07\/china-e-franca-reforcarao-cooperacao-de-governanca-global-em-inteligencia-artificial\/\" \/>\n<meta property=\"og:site_name\" content=\"Xinhua - Diario de Pernambuco\" \/>\n<meta property=\"article:published_time\" content=\"2024-05-07T20:32:00+00:00\" \/>\n<meta property=\"og:image\" content=\"https:\/\/diariodepe.com.br\/xinhua\/wp-content\/uploads\/sites\/3\/2024\/05\/DzEmYJDbMyf6z5SN.jpeg\" \/>\n\t<meta property=\"og:image:width\" content=\"1024\" \/>\n\t<meta property=\"og:image:height\" content=\"697\" \/>\n\t<meta property=\"og:image:type\" content=\"image\/jpeg\" \/>\n<meta name=\"author\" content=\"Marcelo Oliveira de A. Maranhao\" \/>\n<meta name=\"twitter:card\" content=\"summary_large_image\" \/>\n<meta name=\"twitter:label1\" content=\"Escrito por\" \/>\n\t<meta name=\"twitter:data1\" content=\"Marcelo Oliveira de A. Maranhao\" \/>\n\t<meta name=\"twitter:label2\" content=\"Est. tempo de leitura\" \/>\n\t<meta name=\"twitter:data2\" content=\"2 minutos\" \/>\n<script type=\"application\/ld+json\" class=\"yoast-schema-graph\">{\"@context\":\"https:\\\/\\\/schema.org\",\"@graph\":[{\"@type\":\"Article\",\"@id\":\"https:\\\/\\\/diariodepe.com.br\\\/xinhua\\\/2024\\\/05\\\/07\\\/china-e-franca-reforcarao-cooperacao-de-governanca-global-em-inteligencia-artificial\\\/#article\",\"isPartOf\":{\"@id\":\"https:\\\/\\\/diariodepe.com.br\\\/xinhua\\\/2024\\\/05\\\/07\\\/china-e-franca-reforcarao-cooperacao-de-governanca-global-em-inteligencia-artificial\\\/\"},\"author\":{\"name\":\"Marcelo Oliveira de A. Maranhao\",\"@id\":\"https:\\\/\\\/diariodepe.com.br\\\/xinhua\\\/#\\\/schema\\\/person\\\/0943d6fd02bdc7b49c8f495e8787a2cb\"},\"headline\":\"China e Fran\u00e7a refor\u00e7ar\u00e3o coopera\u00e7\u00e3o de governan\u00e7a global em intelig\u00eancia artificial\",\"datePublished\":\"2024-05-07T20:32:00+00:00\",\"mainEntityOfPage\":{\"@id\":\"https:\\\/\\\/diariodepe.com.br\\\/xinhua\\\/2024\\\/05\\\/07\\\/china-e-franca-reforcarao-cooperacao-de-governanca-global-em-inteligencia-artificial\\\/\"},\"wordCount\":415,\"commentCount\":0,\"publisher\":{\"@id\":\"https:\\\/\\\/diariodepe.com.br\\\/xinhua\\\/#organization\"},\"image\":{\"@id\":\"https:\\\/\\\/diariodepe.com.br\\\/xinhua\\\/2024\\\/05\\\/07\\\/china-e-franca-reforcarao-cooperacao-de-governanca-global-em-inteligencia-artificial\\\/#primaryimage\"},\"thumbnailUrl\":\"https:\\\/\\\/diariodepe.com.br\\\/xinhua\\\/wp-content\\\/uploads\\\/sites\\\/3\\\/2024\\\/05\\\/DzEmYJDbMyf6z5SN.jpeg\",\"articleSection\":[\"Internacional\"],\"inLanguage\":\"pt-BR\",\"potentialAction\":[{\"@type\":\"CommentAction\",\"name\":\"Comment\",\"target\":[\"https:\\\/\\\/diariodepe.com.br\\\/xinhua\\\/2024\\\/05\\\/07\\\/china-e-franca-reforcarao-cooperacao-de-governanca-global-em-inteligencia-artificial\\\/#respond\"]}]},{\"@type\":\"WebPage\",\"@id\":\"https:\\\/\\\/diariodepe.com.br\\\/xinhua\\\/2024\\\/05\\\/07\\\/china-e-franca-reforcarao-cooperacao-de-governanca-global-em-inteligencia-artificial\\\/\",\"url\":\"https:\\\/\\\/diariodepe.com.br\\\/xinhua\\\/2024\\\/05\\\/07\\\/china-e-franca-reforcarao-cooperacao-de-governanca-global-em-inteligencia-artificial\\\/\",\"name\":\"China e Fran\u00e7a refor\u00e7ar\u00e3o coopera\u00e7\u00e3o de governan\u00e7a global em intelig\u00eancia artificial - Xinhua - Diario de Pernambuco\",\"isPartOf\":{\"@id\":\"https:\\\/\\\/diariodepe.com.br\\\/xinhua\\\/#website\"},\"primaryImageOfPage\":{\"@id\":\"https:\\\/\\\/diariodepe.com.br\\\/xinhua\\\/2024\\\/05\\\/07\\\/china-e-franca-reforcarao-cooperacao-de-governanca-global-em-inteligencia-artificial\\\/#primaryimage\"},\"image\":{\"@id\":\"https:\\\/\\\/diariodepe.com.br\\\/xinhua\\\/2024\\\/05\\\/07\\\/china-e-franca-reforcarao-cooperacao-de-governanca-global-em-inteligencia-artificial\\\/#primaryimage\"},\"thumbnailUrl\":\"https:\\\/\\\/diariodepe.com.br\\\/xinhua\\\/wp-content\\\/uploads\\\/sites\\\/3\\\/2024\\\/05\\\/DzEmYJDbMyf6z5SN.jpeg\",\"datePublished\":\"2024-05-07T20:32:00+00:00\",\"breadcrumb\":{\"@id\":\"https:\\\/\\\/diariodepe.com.br\\\/xinhua\\\/2024\\\/05\\\/07\\\/china-e-franca-reforcarao-cooperacao-de-governanca-global-em-inteligencia-artificial\\\/#breadcrumb\"},\"inLanguage\":\"pt-BR\",\"potentialAction\":[{\"@type\":\"ReadAction\",\"target\":[\"https:\\\/\\\/diariodepe.com.br\\\/xinhua\\\/2024\\\/05\\\/07\\\/china-e-franca-reforcarao-cooperacao-de-governanca-global-em-inteligencia-artificial\\\/\"]}]},{\"@type\":\"ImageObject\",\"inLanguage\":\"pt-BR\",\"@id\":\"https:\\\/\\\/diariodepe.com.br\\\/xinhua\\\/2024\\\/05\\\/07\\\/china-e-franca-reforcarao-cooperacao-de-governanca-global-em-inteligencia-artificial\\\/#primaryimage\",\"url\":\"https:\\\/\\\/diariodepe.com.br\\\/xinhua\\\/wp-content\\\/uploads\\\/sites\\\/3\\\/2024\\\/05\\\/DzEmYJDbMyf6z5SN.jpeg\",\"contentUrl\":\"https:\\\/\\\/diariodepe.com.br\\\/xinhua\\\/wp-content\\\/uploads\\\/sites\\\/3\\\/2024\\\/05\\\/DzEmYJDbMyf6z5SN.jpeg\",\"width\":1024,\"height\":697},{\"@type\":\"BreadcrumbList\",\"@id\":\"https:\\\/\\\/diariodepe.com.br\\\/xinhua\\\/2024\\\/05\\\/07\\\/china-e-franca-reforcarao-cooperacao-de-governanca-global-em-inteligencia-artificial\\\/#breadcrumb\",\"itemListElement\":[{\"@type\":\"ListItem\",\"position\":1,\"name\":\"In\u00edcio\",\"item\":\"https:\\\/\\\/diariodepe.com.br\\\/xinhua\\\/\"},{\"@type\":\"ListItem\",\"position\":2,\"name\":\"China e Fran\u00e7a refor\u00e7ar\u00e3o coopera\u00e7\u00e3o de governan\u00e7a global em intelig\u00eancia artificial\"}]},{\"@type\":\"WebSite\",\"@id\":\"https:\\\/\\\/diariodepe.com.br\\\/xinhua\\\/#website\",\"url\":\"https:\\\/\\\/diariodepe.com.br\\\/xinhua\\\/\",\"name\":\"Xinhua - Diario de Pernambuco\",\"description\":\"A maior ag\u00eancia de not\u00edcias da China e um dos principais canais para conhecer o pa\u00eds\",\"publisher\":{\"@id\":\"https:\\\/\\\/diariodepe.com.br\\\/xinhua\\\/#organization\"},\"potentialAction\":[{\"@type\":\"SearchAction\",\"target\":{\"@type\":\"EntryPoint\",\"urlTemplate\":\"https:\\\/\\\/diariodepe.com.br\\\/xinhua\\\/?s={search_term_string}\"},\"query-input\":{\"@type\":\"PropertyValueSpecification\",\"valueRequired\":true,\"valueName\":\"search_term_string\"}}],\"inLanguage\":\"pt-BR\"},{\"@type\":\"Organization\",\"@id\":\"https:\\\/\\\/diariodepe.com.br\\\/xinhua\\\/#organization\",\"name\":\"Xinhua - Diario de Pernambuco\",\"url\":\"https:\\\/\\\/diariodepe.com.br\\\/xinhua\\\/\",\"logo\":{\"@type\":\"ImageObject\",\"inLanguage\":\"pt-BR\",\"@id\":\"https:\\\/\\\/diariodepe.com.br\\\/xinhua\\\/#\\\/schema\\\/logo\\\/image\\\/\",\"url\":\"https:\\\/\\\/diariodepe.com.br\\\/xinhua\\\/wp-content\\\/uploads\\\/sites\\\/3\\\/2020\\\/10\\\/cropped-logo-transparente-2.png\",\"contentUrl\":\"https:\\\/\\\/diariodepe.com.br\\\/xinhua\\\/wp-content\\\/uploads\\\/sites\\\/3\\\/2020\\\/10\\\/cropped-logo-transparente-2.png\",\"width\":512,\"height\":164,\"caption\":\"Xinhua - Diario de Pernambuco\"},\"image\":{\"@id\":\"https:\\\/\\\/diariodepe.com.br\\\/xinhua\\\/#\\\/schema\\\/logo\\\/image\\\/\"}},{\"@type\":\"Person\",\"@id\":\"https:\\\/\\\/diariodepe.com.br\\\/xinhua\\\/#\\\/schema\\\/person\\\/0943d6fd02bdc7b49c8f495e8787a2cb\",\"name\":\"Marcelo Oliveira de A. Maranhao\",\"image\":{\"@type\":\"ImageObject\",\"inLanguage\":\"pt-BR\",\"@id\":\"https:\\\/\\\/secure.gravatar.com\\\/avatar\\\/f562caee940d39879c20e90eea3e4b21860c7d4c96684c23141c554824f0059c?s=96&d=mm&r=g\",\"url\":\"https:\\\/\\\/secure.gravatar.com\\\/avatar\\\/f562caee940d39879c20e90eea3e4b21860c7d4c96684c23141c554824f0059c?s=96&d=mm&r=g\",\"contentUrl\":\"https:\\\/\\\/secure.gravatar.com\\\/avatar\\\/f562caee940d39879c20e90eea3e4b21860c7d4c96684c23141c554824f0059c?s=96&d=mm&r=g\",\"caption\":\"Marcelo Oliveira de A. Maranhao\"},\"url\":\"https:\\\/\\\/diariodepe.com.br\\\/xinhua\\\/author\\\/marcelo-maranhao\\\/\"}]}<\/script>\n<!-- \/ Yoast SEO plugin. -->","yoast_head_json":{"title":"China e Fran\u00e7a refor\u00e7ar\u00e3o coopera\u00e7\u00e3o de governan\u00e7a global em intelig\u00eancia artificial - Xinhua - Diario de Pernambuco","robots":{"index":"index","follow":"follow","max-snippet":"max-snippet:-1","max-image-preview":"max-image-preview:large","max-video-preview":"max-video-preview:-1"},"canonical":"https:\/\/diariodepe.com.br\/xinhua\/2024\/05\/07\/china-e-franca-reforcarao-cooperacao-de-governanca-global-em-inteligencia-artificial\/","og_locale":"pt_BR","og_type":"article","og_title":"China e Fran\u00e7a refor\u00e7ar\u00e3o coopera\u00e7\u00e3o de governan\u00e7a global em intelig\u00eancia artificial - Xinhua - Diario de Pernambuco","og_description":"Paris &#8211; A China e a Fran\u00e7a comprometeram-se nesta ter\u00e7a-feira a tomar medidas eficazes para abordar os riscos potenciais e reais associados \u00e0 tecnologia de intelig\u00eancia artificial (IA) e a fortalecer a governan\u00e7a global de IA para promover o desenvolvimento...","og_url":"https:\/\/diariodepe.com.br\/xinhua\/2024\/05\/07\/china-e-franca-reforcarao-cooperacao-de-governanca-global-em-inteligencia-artificial\/","og_site_name":"Xinhua - Diario de Pernambuco","article_published_time":"2024-05-07T20:32:00+00:00","og_image":[{"width":1024,"height":697,"url":"https:\/\/diariodepe.com.br\/xinhua\/wp-content\/uploads\/sites\/3\/2024\/05\/DzEmYJDbMyf6z5SN.jpeg","type":"image\/jpeg"}],"author":"Marcelo Oliveira de A. Maranhao","twitter_card":"summary_large_image","twitter_misc":{"Escrito por":"Marcelo Oliveira de A. Maranhao","Est. tempo de leitura":"2 minutos"},"schema":{"@context":"https:\/\/schema.org","@graph":[{"@type":"Article","@id":"https:\/\/diariodepe.com.br\/xinhua\/2024\/05\/07\/china-e-franca-reforcarao-cooperacao-de-governanca-global-em-inteligencia-artificial\/#article","isPartOf":{"@id":"https:\/\/diariodepe.com.br\/xinhua\/2024\/05\/07\/china-e-franca-reforcarao-cooperacao-de-governanca-global-em-inteligencia-artificial\/"},"author":{"name":"Marcelo Oliveira de A. Maranhao","@id":"https:\/\/diariodepe.com.br\/xinhua\/#\/schema\/person\/0943d6fd02bdc7b49c8f495e8787a2cb"},"headline":"China e Fran\u00e7a refor\u00e7ar\u00e3o coopera\u00e7\u00e3o de governan\u00e7a global em intelig\u00eancia artificial","datePublished":"2024-05-07T20:32:00+00:00","mainEntityOfPage":{"@id":"https:\/\/diariodepe.com.br\/xinhua\/2024\/05\/07\/china-e-franca-reforcarao-cooperacao-de-governanca-global-em-inteligencia-artificial\/"},"wordCount":415,"commentCount":0,"publisher":{"@id":"https:\/\/diariodepe.com.br\/xinhua\/#organization"},"image":{"@id":"https:\/\/diariodepe.com.br\/xinhua\/2024\/05\/07\/china-e-franca-reforcarao-cooperacao-de-governanca-global-em-inteligencia-artificial\/#primaryimage"},"thumbnailUrl":"https:\/\/diariodepe.com.br\/xinhua\/wp-content\/uploads\/sites\/3\/2024\/05\/DzEmYJDbMyf6z5SN.jpeg","articleSection":["Internacional"],"inLanguage":"pt-BR","potentialAction":[{"@type":"CommentAction","name":"Comment","target":["https:\/\/diariodepe.com.br\/xinhua\/2024\/05\/07\/china-e-franca-reforcarao-cooperacao-de-governanca-global-em-inteligencia-artificial\/#respond"]}]},{"@type":"WebPage","@id":"https:\/\/diariodepe.com.br\/xinhua\/2024\/05\/07\/china-e-franca-reforcarao-cooperacao-de-governanca-global-em-inteligencia-artificial\/","url":"https:\/\/diariodepe.com.br\/xinhua\/2024\/05\/07\/china-e-franca-reforcarao-cooperacao-de-governanca-global-em-inteligencia-artificial\/","name":"China e Fran\u00e7a refor\u00e7ar\u00e3o coopera\u00e7\u00e3o de governan\u00e7a global em intelig\u00eancia artificial - Xinhua - Diario de Pernambuco","isPartOf":{"@id":"https:\/\/diariodepe.com.br\/xinhua\/#website"},"primaryImageOfPage":{"@id":"https:\/\/diariodepe.com.br\/xinhua\/2024\/05\/07\/china-e-franca-reforcarao-cooperacao-de-governanca-global-em-inteligencia-artificial\/#primaryimage"},"image":{"@id":"https:\/\/diariodepe.com.br\/xinhua\/2024\/05\/07\/china-e-franca-reforcarao-cooperacao-de-governanca-global-em-inteligencia-artificial\/#primaryimage"},"thumbnailUrl":"https:\/\/diariodepe.com.br\/xinhua\/wp-content\/uploads\/sites\/3\/2024\/05\/DzEmYJDbMyf6z5SN.jpeg","datePublished":"2024-05-07T20:32:00+00:00","breadcrumb":{"@id":"https:\/\/diariodepe.com.br\/xinhua\/2024\/05\/07\/china-e-franca-reforcarao-cooperacao-de-governanca-global-em-inteligencia-artificial\/#breadcrumb"},"inLanguage":"pt-BR","potentialAction":[{"@type":"ReadAction","target":["https:\/\/diariodepe.com.br\/xinhua\/2024\/05\/07\/china-e-franca-reforcarao-cooperacao-de-governanca-global-em-inteligencia-artificial\/"]}]},{"@type":"ImageObject","inLanguage":"pt-BR","@id":"https:\/\/diariodepe.com.br\/xinhua\/2024\/05\/07\/china-e-franca-reforcarao-cooperacao-de-governanca-global-em-inteligencia-artificial\/#primaryimage","url":"https:\/\/diariodepe.com.br\/xinhua\/wp-content\/uploads\/sites\/3\/2024\/05\/DzEmYJDbMyf6z5SN.jpeg","contentUrl":"https:\/\/diariodepe.com.br\/xinhua\/wp-content\/uploads\/sites\/3\/2024\/05\/DzEmYJDbMyf6z5SN.jpeg","width":1024,"height":697},{"@type":"BreadcrumbList","@id":"https:\/\/diariodepe.com.br\/xinhua\/2024\/05\/07\/china-e-franca-reforcarao-cooperacao-de-governanca-global-em-inteligencia-artificial\/#breadcrumb","itemListElement":[{"@type":"ListItem","position":1,"name":"In\u00edcio","item":"https:\/\/diariodepe.com.br\/xinhua\/"},{"@type":"ListItem","position":2,"name":"China e Fran\u00e7a refor\u00e7ar\u00e3o coopera\u00e7\u00e3o de governan\u00e7a global em intelig\u00eancia artificial"}]},{"@type":"WebSite","@id":"https:\/\/diariodepe.com.br\/xinhua\/#website","url":"https:\/\/diariodepe.com.br\/xinhua\/","name":"Xinhua - Diario de Pernambuco","description":"A maior ag\u00eancia de not\u00edcias da China e um dos principais canais para conhecer o pa\u00eds","publisher":{"@id":"https:\/\/diariodepe.com.br\/xinhua\/#organization"},"potentialAction":[{"@type":"SearchAction","target":{"@type":"EntryPoint","urlTemplate":"https:\/\/diariodepe.com.br\/xinhua\/?s={search_term_string}"},"query-input":{"@type":"PropertyValueSpecification","valueRequired":true,"valueName":"search_term_string"}}],"inLanguage":"pt-BR"},{"@type":"Organization","@id":"https:\/\/diariodepe.com.br\/xinhua\/#organization","name":"Xinhua - Diario de Pernambuco","url":"https:\/\/diariodepe.com.br\/xinhua\/","logo":{"@type":"ImageObject","inLanguage":"pt-BR","@id":"https:\/\/diariodepe.com.br\/xinhua\/#\/schema\/logo\/image\/","url":"https:\/\/diariodepe.com.br\/xinhua\/wp-content\/uploads\/sites\/3\/2020\/10\/cropped-logo-transparente-2.png","contentUrl":"https:\/\/diariodepe.com.br\/xinhua\/wp-content\/uploads\/sites\/3\/2020\/10\/cropped-logo-transparente-2.png","width":512,"height":164,"caption":"Xinhua - Diario de Pernambuco"},"image":{"@id":"https:\/\/diariodepe.com.br\/xinhua\/#\/schema\/logo\/image\/"}},{"@type":"Person","@id":"https:\/\/diariodepe.com.br\/xinhua\/#\/schema\/person\/0943d6fd02bdc7b49c8f495e8787a2cb","name":"Marcelo Oliveira de A. Maranhao","image":{"@type":"ImageObject","inLanguage":"pt-BR","@id":"https:\/\/secure.gravatar.com\/avatar\/f562caee940d39879c20e90eea3e4b21860c7d4c96684c23141c554824f0059c?s=96&d=mm&r=g","url":"https:\/\/secure.gravatar.com\/avatar\/f562caee940d39879c20e90eea3e4b21860c7d4c96684c23141c554824f0059c?s=96&d=mm&r=g","contentUrl":"https:\/\/secure.gravatar.com\/avatar\/f562caee940d39879c20e90eea3e4b21860c7d4c96684c23141c554824f0059c?s=96&d=mm&r=g","caption":"Marcelo Oliveira de A. Maranhao"},"url":"https:\/\/diariodepe.com.br\/xinhua\/author\/marcelo-maranhao\/"}]}},"cc_featured_image_caption":{"caption_text":"","source_text":"","source_url":""},"amp_enabled":true,"_links":{"self":[{"href":"https:\/\/diariodepe.com.br\/xinhua\/wp-json\/wp\/v2\/posts\/19796","targetHints":{"allow":["GET"]}}],"collection":[{"href":"https:\/\/diariodepe.com.br\/xinhua\/wp-json\/wp\/v2\/posts"}],"about":[{"href":"https:\/\/diariodepe.com.br\/xinhua\/wp-json\/wp\/v2\/types\/post"}],"author":[{"embeddable":true,"href":"https:\/\/diariodepe.com.br\/xinhua\/wp-json\/wp\/v2\/users\/3"}],"replies":[{"embeddable":true,"href":"https:\/\/diariodepe.com.br\/xinhua\/wp-json\/wp\/v2\/comments?post=19796"}],"version-history":[{"count":1,"href":"https:\/\/diariodepe.com.br\/xinhua\/wp-json\/wp\/v2\/posts\/19796\/revisions"}],"predecessor-version":[{"id":19798,"href":"https:\/\/diariodepe.com.br\/xinhua\/wp-json\/wp\/v2\/posts\/19796\/revisions\/19798"}],"wp:featuredmedia":[{"embeddable":true,"href":"https:\/\/diariodepe.com.br\/xinhua\/wp-json\/wp\/v2\/media\/19797"}],"wp:attachment":[{"href":"https:\/\/diariodepe.com.br\/xinhua\/wp-json\/wp\/v2\/media?parent=19796"}],"wp:term":[{"taxonomy":"category","embeddable":true,"href":"https:\/\/diariodepe.com.br\/xinhua\/wp-json\/wp\/v2\/categories?post=19796"},{"taxonomy":"post_tag","embeddable":true,"href":"https:\/\/diariodepe.com.br\/xinhua\/wp-json\/wp\/v2\/tags?post=19796"}],"curies":[{"name":"wp","href":"https:\/\/api.w.org\/{rel}","templated":true}]}}