{"id":19758,"date":"2024-05-06T14:47:00","date_gmt":"2024-05-06T17:47:00","guid":{"rendered":"https:\/\/www.diariodepe.com.br\/xinhua\/?p=19758"},"modified":"2024-05-06T09:48:39","modified_gmt":"2024-05-06T12:48:39","slug":"feira-de-cantao-fechou-com-numero-recorde-de-compradores-internacionais","status":"publish","type":"post","link":"https:\/\/diariodepe.com.br\/xinhua\/2024\/05\/06\/feira-de-cantao-fechou-com-numero-recorde-de-compradores-internacionais\/","title":{"rendered":"Feira de Cant\u00e3o fechou com n\u00famero recorde de compradores internacionais"},"content":{"rendered":"\n<p>Guangzhou &#8211; A 135\u00aa Feira de Importa\u00e7\u00e3o e Exporta\u00e7\u00e3o da China, tamb\u00e9m conhecida como Feira de Cant\u00e3o, foi conclu\u00edda neste domingo, em Guangzhou, no sul da China, com um n\u00famero recorde de compradores internacionais presentes, de acordo com o organizador do evento.<\/p>\n\n\n\n<p>&nbsp; &nbsp;Ao todo, 246.000 compradores estrangeiros de 215 pa\u00edses e regi\u00f5es participaram da feira presencial, um aumento de 24,5% em rela\u00e7\u00e3o \u00e0 sess\u00e3o anterior.<\/p>\n\n\n\n<p>&nbsp; &nbsp;Desde sua abertura, em 15 de abril, o evento atraiu cerca de 160 mil compradores de pa\u00edses e regi\u00f5es participantes da Iniciativa do Cintur\u00e3o e Rota, um aumento de 25,1% em rela\u00e7\u00e3o \u00e0 sess\u00e3o anterior. Cerca de 50 mil compradores da Europa e dos Estados Unidos participaram da feira, registrando um aumento de 10,7%.<\/p>\n\n\n\n<p>&nbsp; &nbsp;As transa\u00e7\u00f5es de exporta\u00e7\u00e3o fechadas no local totalizaram US$ 24,7 bilh\u00f5es, enquanto as transa\u00e7\u00f5es de exporta\u00e7\u00e3o em plataformas online atingiram US$ 3,03 bilh\u00f5es, altas de 10,7% e 33,1%, respectivamente, em rela\u00e7\u00e3o \u00e0 sess\u00e3o anterior.<\/p>\n\n\n\n<p>&nbsp; &nbsp;Fundada em 1957 e realizada presencialmente duas vezes por ano em Guangzhou, capital da Prov\u00edncia de Guangdong, a Feira de Cant\u00e3o \u00e9 considerada um dos principais indicadores do com\u00e9rcio exterior da China.<\/p>\n","protected":false},"excerpt":{"rendered":"<p>Guangzhou &#8211; A 135\u00aa Feira de Importa\u00e7\u00e3o e Exporta\u00e7\u00e3o da China, tamb\u00e9m conhecida como Feira de Cant\u00e3o, foi conclu\u00edda neste domingo, em Guangzhou, no sul da China, com um n\u00famero recorde de compradores internacionais presentes, de acordo com o organizador&#8230;<\/p>\n","protected":false},"author":3,"featured_media":19759,"comment_status":"open","ping_status":"open","sticky":false,"template":"","format":"standard","meta":{"footnotes":""},"categories":[5],"tags":[],"class_list":["post-19758","post","type-post","status-publish","format-standard","has-post-thumbnail","hentry","category-economia"],"yoast_head":"<!-- This site is optimized with the Yoast SEO plugin v27.4 - https:\/\/yoast.com\/product\/yoast-seo-wordpress\/ -->\n<title>Feira de Cant\u00e3o fechou com n\u00famero recorde de compradores internacionais - Xinhua - Diario de Pernambuco<\/title>\n<meta name=\"robots\" content=\"index, follow, max-snippet:-1, max-image-preview:large, max-video-preview:-1\" \/>\n<link rel=\"canonical\" href=\"https:\/\/diariodepe.com.br\/xinhua\/2024\/05\/06\/feira-de-cantao-fechou-com-numero-recorde-de-compradores-internacionais\/\" \/>\n<meta property=\"og:locale\" content=\"pt_BR\" \/>\n<meta property=\"og:type\" content=\"article\" \/>\n<meta property=\"og:title\" content=\"Feira de Cant\u00e3o fechou com n\u00famero recorde de compradores internacionais - Xinhua - Diario de Pernambuco\" \/>\n<meta property=\"og:description\" content=\"Guangzhou &#8211; A 135\u00aa Feira de Importa\u00e7\u00e3o e Exporta\u00e7\u00e3o da China, tamb\u00e9m conhecida como Feira de Cant\u00e3o, foi conclu\u00edda neste domingo, em Guangzhou, no sul da China, com um n\u00famero recorde de compradores internacionais presentes, de acordo com o organizador...\" \/>\n<meta property=\"og:url\" content=\"https:\/\/diariodepe.com.br\/xinhua\/2024\/05\/06\/feira-de-cantao-fechou-com-numero-recorde-de-compradores-internacionais\/\" \/>\n<meta property=\"og:site_name\" content=\"Xinhua - Diario de Pernambuco\" \/>\n<meta property=\"article:published_time\" content=\"2024-05-06T17:47:00+00:00\" \/>\n<meta property=\"og:image\" content=\"https:\/\/diariodepe.com.br\/xinhua\/wp-content\/uploads\/sites\/3\/2024\/05\/2024050633f73b5c655449558940b8349a68ac49_XxjwspP007033_20240506_CBMFN0A001.jpg\" \/>\n\t<meta property=\"og:image:width\" content=\"900\" \/>\n\t<meta property=\"og:image:height\" content=\"600\" \/>\n\t<meta property=\"og:image:type\" content=\"image\/jpeg\" \/>\n<meta name=\"author\" content=\"Marcelo Oliveira de A. Maranhao\" \/>\n<meta name=\"twitter:card\" content=\"summary_large_image\" \/>\n<meta name=\"twitter:label1\" content=\"Escrito por\" \/>\n\t<meta name=\"twitter:data1\" content=\"Marcelo Oliveira de A. Maranhao\" \/>\n\t<meta name=\"twitter:label2\" content=\"Est. tempo de leitura\" \/>\n\t<meta name=\"twitter:data2\" content=\"2 minutos\" \/>\n<script type=\"application\/ld+json\" class=\"yoast-schema-graph\">{\"@context\":\"https:\\\/\\\/schema.org\",\"@graph\":[{\"@type\":\"Article\",\"@id\":\"https:\\\/\\\/diariodepe.com.br\\\/xinhua\\\/2024\\\/05\\\/06\\\/feira-de-cantao-fechou-com-numero-recorde-de-compradores-internacionais\\\/#article\",\"isPartOf\":{\"@id\":\"https:\\\/\\\/diariodepe.com.br\\\/xinhua\\\/2024\\\/05\\\/06\\\/feira-de-cantao-fechou-com-numero-recorde-de-compradores-internacionais\\\/\"},\"author\":{\"name\":\"Marcelo Oliveira de A. Maranhao\",\"@id\":\"https:\\\/\\\/diariodepe.com.br\\\/xinhua\\\/#\\\/schema\\\/person\\\/0943d6fd02bdc7b49c8f495e8787a2cb\"},\"headline\":\"Feira de Cant\u00e3o fechou com n\u00famero recorde de compradores internacionais\",\"datePublished\":\"2024-05-06T17:47:00+00:00\",\"mainEntityOfPage\":{\"@id\":\"https:\\\/\\\/diariodepe.com.br\\\/xinhua\\\/2024\\\/05\\\/06\\\/feira-de-cantao-fechou-com-numero-recorde-de-compradores-internacionais\\\/\"},\"wordCount\":213,\"commentCount\":0,\"publisher\":{\"@id\":\"https:\\\/\\\/diariodepe.com.br\\\/xinhua\\\/#organization\"},\"image\":{\"@id\":\"https:\\\/\\\/diariodepe.com.br\\\/xinhua\\\/2024\\\/05\\\/06\\\/feira-de-cantao-fechou-com-numero-recorde-de-compradores-internacionais\\\/#primaryimage\"},\"thumbnailUrl\":\"https:\\\/\\\/diariodepe.com.br\\\/xinhua\\\/wp-content\\\/uploads\\\/sites\\\/3\\\/2024\\\/05\\\/2024050633f73b5c655449558940b8349a68ac49_XxjwspP007033_20240506_CBMFN0A001.jpg\",\"articleSection\":[\"Economia\"],\"inLanguage\":\"pt-BR\",\"potentialAction\":[{\"@type\":\"CommentAction\",\"name\":\"Comment\",\"target\":[\"https:\\\/\\\/diariodepe.com.br\\\/xinhua\\\/2024\\\/05\\\/06\\\/feira-de-cantao-fechou-com-numero-recorde-de-compradores-internacionais\\\/#respond\"]}]},{\"@type\":\"WebPage\",\"@id\":\"https:\\\/\\\/diariodepe.com.br\\\/xinhua\\\/2024\\\/05\\\/06\\\/feira-de-cantao-fechou-com-numero-recorde-de-compradores-internacionais\\\/\",\"url\":\"https:\\\/\\\/diariodepe.com.br\\\/xinhua\\\/2024\\\/05\\\/06\\\/feira-de-cantao-fechou-com-numero-recorde-de-compradores-internacionais\\\/\",\"name\":\"Feira de Cant\u00e3o fechou com n\u00famero recorde de compradores internacionais - Xinhua - Diario de Pernambuco\",\"isPartOf\":{\"@id\":\"https:\\\/\\\/diariodepe.com.br\\\/xinhua\\\/#website\"},\"primaryImageOfPage\":{\"@id\":\"https:\\\/\\\/diariodepe.com.br\\\/xinhua\\\/2024\\\/05\\\/06\\\/feira-de-cantao-fechou-com-numero-recorde-de-compradores-internacionais\\\/#primaryimage\"},\"image\":{\"@id\":\"https:\\\/\\\/diariodepe.com.br\\\/xinhua\\\/2024\\\/05\\\/06\\\/feira-de-cantao-fechou-com-numero-recorde-de-compradores-internacionais\\\/#primaryimage\"},\"thumbnailUrl\":\"https:\\\/\\\/diariodepe.com.br\\\/xinhua\\\/wp-content\\\/uploads\\\/sites\\\/3\\\/2024\\\/05\\\/2024050633f73b5c655449558940b8349a68ac49_XxjwspP007033_20240506_CBMFN0A001.jpg\",\"datePublished\":\"2024-05-06T17:47:00+00:00\",\"breadcrumb\":{\"@id\":\"https:\\\/\\\/diariodepe.com.br\\\/xinhua\\\/2024\\\/05\\\/06\\\/feira-de-cantao-fechou-com-numero-recorde-de-compradores-internacionais\\\/#breadcrumb\"},\"inLanguage\":\"pt-BR\",\"potentialAction\":[{\"@type\":\"ReadAction\",\"target\":[\"https:\\\/\\\/diariodepe.com.br\\\/xinhua\\\/2024\\\/05\\\/06\\\/feira-de-cantao-fechou-com-numero-recorde-de-compradores-internacionais\\\/\"]}]},{\"@type\":\"ImageObject\",\"inLanguage\":\"pt-BR\",\"@id\":\"https:\\\/\\\/diariodepe.com.br\\\/xinhua\\\/2024\\\/05\\\/06\\\/feira-de-cantao-fechou-com-numero-recorde-de-compradores-internacionais\\\/#primaryimage\",\"url\":\"https:\\\/\\\/diariodepe.com.br\\\/xinhua\\\/wp-content\\\/uploads\\\/sites\\\/3\\\/2024\\\/05\\\/2024050633f73b5c655449558940b8349a68ac49_XxjwspP007033_20240506_CBMFN0A001.jpg\",\"contentUrl\":\"https:\\\/\\\/diariodepe.com.br\\\/xinhua\\\/wp-content\\\/uploads\\\/sites\\\/3\\\/2024\\\/05\\\/2024050633f73b5c655449558940b8349a68ac49_XxjwspP007033_20240506_CBMFN0A001.jpg\",\"width\":900,\"height\":600,\"caption\":\"(240426) -- BEIJING, April 26, 2024 (Xinhua) -- Purchasers are pictured during the 135th session of the China Import and Export Fair in Guangzhou, south China's Guangdong Province, April 24, 2024. As of 5:00 p.m. on Tuesday, a total of 172,901 purchasers from 214 countries and regions have physically attended the 135th session of the China Import and Export Fair, commonly known as the Canton Fair, an increase of 21.6 percent over the same period last year. (Xinhua\\\/Liu Dawei)\"},{\"@type\":\"BreadcrumbList\",\"@id\":\"https:\\\/\\\/diariodepe.com.br\\\/xinhua\\\/2024\\\/05\\\/06\\\/feira-de-cantao-fechou-com-numero-recorde-de-compradores-internacionais\\\/#breadcrumb\",\"itemListElement\":[{\"@type\":\"ListItem\",\"position\":1,\"name\":\"In\u00edcio\",\"item\":\"https:\\\/\\\/diariodepe.com.br\\\/xinhua\\\/\"},{\"@type\":\"ListItem\",\"position\":2,\"name\":\"Feira de Cant\u00e3o fechou com n\u00famero recorde de compradores internacionais\"}]},{\"@type\":\"WebSite\",\"@id\":\"https:\\\/\\\/diariodepe.com.br\\\/xinhua\\\/#website\",\"url\":\"https:\\\/\\\/diariodepe.com.br\\\/xinhua\\\/\",\"name\":\"Xinhua - Diario de Pernambuco\",\"description\":\"A maior ag\u00eancia de not\u00edcias da China e um dos principais canais para conhecer o pa\u00eds\",\"publisher\":{\"@id\":\"https:\\\/\\\/diariodepe.com.br\\\/xinhua\\\/#organization\"},\"potentialAction\":[{\"@type\":\"SearchAction\",\"target\":{\"@type\":\"EntryPoint\",\"urlTemplate\":\"https:\\\/\\\/diariodepe.com.br\\\/xinhua\\\/?s={search_term_string}\"},\"query-input\":{\"@type\":\"PropertyValueSpecification\",\"valueRequired\":true,\"valueName\":\"search_term_string\"}}],\"inLanguage\":\"pt-BR\"},{\"@type\":\"Organization\",\"@id\":\"https:\\\/\\\/diariodepe.com.br\\\/xinhua\\\/#organization\",\"name\":\"Xinhua - Diario de Pernambuco\",\"url\":\"https:\\\/\\\/diariodepe.com.br\\\/xinhua\\\/\",\"logo\":{\"@type\":\"ImageObject\",\"inLanguage\":\"pt-BR\",\"@id\":\"https:\\\/\\\/diariodepe.com.br\\\/xinhua\\\/#\\\/schema\\\/logo\\\/image\\\/\",\"url\":\"https:\\\/\\\/diariodepe.com.br\\\/xinhua\\\/wp-content\\\/uploads\\\/sites\\\/3\\\/2020\\\/10\\\/cropped-logo-transparente-2.png\",\"contentUrl\":\"https:\\\/\\\/diariodepe.com.br\\\/xinhua\\\/wp-content\\\/uploads\\\/sites\\\/3\\\/2020\\\/10\\\/cropped-logo-transparente-2.png\",\"width\":512,\"height\":164,\"caption\":\"Xinhua - Diario de Pernambuco\"},\"image\":{\"@id\":\"https:\\\/\\\/diariodepe.com.br\\\/xinhua\\\/#\\\/schema\\\/logo\\\/image\\\/\"}},{\"@type\":\"Person\",\"@id\":\"https:\\\/\\\/diariodepe.com.br\\\/xinhua\\\/#\\\/schema\\\/person\\\/0943d6fd02bdc7b49c8f495e8787a2cb\",\"name\":\"Marcelo Oliveira de A. Maranhao\",\"image\":{\"@type\":\"ImageObject\",\"inLanguage\":\"pt-BR\",\"@id\":\"https:\\\/\\\/secure.gravatar.com\\\/avatar\\\/f562caee940d39879c20e90eea3e4b21860c7d4c96684c23141c554824f0059c?s=96&d=mm&r=g\",\"url\":\"https:\\\/\\\/secure.gravatar.com\\\/avatar\\\/f562caee940d39879c20e90eea3e4b21860c7d4c96684c23141c554824f0059c?s=96&d=mm&r=g\",\"contentUrl\":\"https:\\\/\\\/secure.gravatar.com\\\/avatar\\\/f562caee940d39879c20e90eea3e4b21860c7d4c96684c23141c554824f0059c?s=96&d=mm&r=g\",\"caption\":\"Marcelo Oliveira de A. Maranhao\"},\"url\":\"https:\\\/\\\/diariodepe.com.br\\\/xinhua\\\/author\\\/marcelo-maranhao\\\/\"}]}<\/script>\n<!-- \/ Yoast SEO plugin. -->","yoast_head_json":{"title":"Feira de Cant\u00e3o fechou com n\u00famero recorde de compradores internacionais - Xinhua - Diario de Pernambuco","robots":{"index":"index","follow":"follow","max-snippet":"max-snippet:-1","max-image-preview":"max-image-preview:large","max-video-preview":"max-video-preview:-1"},"canonical":"https:\/\/diariodepe.com.br\/xinhua\/2024\/05\/06\/feira-de-cantao-fechou-com-numero-recorde-de-compradores-internacionais\/","og_locale":"pt_BR","og_type":"article","og_title":"Feira de Cant\u00e3o fechou com n\u00famero recorde de compradores internacionais - Xinhua - Diario de Pernambuco","og_description":"Guangzhou &#8211; A 135\u00aa Feira de Importa\u00e7\u00e3o e Exporta\u00e7\u00e3o da China, tamb\u00e9m conhecida como Feira de Cant\u00e3o, foi conclu\u00edda neste domingo, em Guangzhou, no sul da China, com um n\u00famero recorde de compradores internacionais presentes, de acordo com o organizador...","og_url":"https:\/\/diariodepe.com.br\/xinhua\/2024\/05\/06\/feira-de-cantao-fechou-com-numero-recorde-de-compradores-internacionais\/","og_site_name":"Xinhua - Diario de Pernambuco","article_published_time":"2024-05-06T17:47:00+00:00","og_image":[{"width":900,"height":600,"url":"https:\/\/diariodepe.com.br\/xinhua\/wp-content\/uploads\/sites\/3\/2024\/05\/2024050633f73b5c655449558940b8349a68ac49_XxjwspP007033_20240506_CBMFN0A001.jpg","type":"image\/jpeg"}],"author":"Marcelo Oliveira de A. Maranhao","twitter_card":"summary_large_image","twitter_misc":{"Escrito por":"Marcelo Oliveira de A. Maranhao","Est. tempo de leitura":"2 minutos"},"schema":{"@context":"https:\/\/schema.org","@graph":[{"@type":"Article","@id":"https:\/\/diariodepe.com.br\/xinhua\/2024\/05\/06\/feira-de-cantao-fechou-com-numero-recorde-de-compradores-internacionais\/#article","isPartOf":{"@id":"https:\/\/diariodepe.com.br\/xinhua\/2024\/05\/06\/feira-de-cantao-fechou-com-numero-recorde-de-compradores-internacionais\/"},"author":{"name":"Marcelo Oliveira de A. Maranhao","@id":"https:\/\/diariodepe.com.br\/xinhua\/#\/schema\/person\/0943d6fd02bdc7b49c8f495e8787a2cb"},"headline":"Feira de Cant\u00e3o fechou com n\u00famero recorde de compradores internacionais","datePublished":"2024-05-06T17:47:00+00:00","mainEntityOfPage":{"@id":"https:\/\/diariodepe.com.br\/xinhua\/2024\/05\/06\/feira-de-cantao-fechou-com-numero-recorde-de-compradores-internacionais\/"},"wordCount":213,"commentCount":0,"publisher":{"@id":"https:\/\/diariodepe.com.br\/xinhua\/#organization"},"image":{"@id":"https:\/\/diariodepe.com.br\/xinhua\/2024\/05\/06\/feira-de-cantao-fechou-com-numero-recorde-de-compradores-internacionais\/#primaryimage"},"thumbnailUrl":"https:\/\/diariodepe.com.br\/xinhua\/wp-content\/uploads\/sites\/3\/2024\/05\/2024050633f73b5c655449558940b8349a68ac49_XxjwspP007033_20240506_CBMFN0A001.jpg","articleSection":["Economia"],"inLanguage":"pt-BR","potentialAction":[{"@type":"CommentAction","name":"Comment","target":["https:\/\/diariodepe.com.br\/xinhua\/2024\/05\/06\/feira-de-cantao-fechou-com-numero-recorde-de-compradores-internacionais\/#respond"]}]},{"@type":"WebPage","@id":"https:\/\/diariodepe.com.br\/xinhua\/2024\/05\/06\/feira-de-cantao-fechou-com-numero-recorde-de-compradores-internacionais\/","url":"https:\/\/diariodepe.com.br\/xinhua\/2024\/05\/06\/feira-de-cantao-fechou-com-numero-recorde-de-compradores-internacionais\/","name":"Feira de Cant\u00e3o fechou com n\u00famero recorde de compradores internacionais - Xinhua - Diario de Pernambuco","isPartOf":{"@id":"https:\/\/diariodepe.com.br\/xinhua\/#website"},"primaryImageOfPage":{"@id":"https:\/\/diariodepe.com.br\/xinhua\/2024\/05\/06\/feira-de-cantao-fechou-com-numero-recorde-de-compradores-internacionais\/#primaryimage"},"image":{"@id":"https:\/\/diariodepe.com.br\/xinhua\/2024\/05\/06\/feira-de-cantao-fechou-com-numero-recorde-de-compradores-internacionais\/#primaryimage"},"thumbnailUrl":"https:\/\/diariodepe.com.br\/xinhua\/wp-content\/uploads\/sites\/3\/2024\/05\/2024050633f73b5c655449558940b8349a68ac49_XxjwspP007033_20240506_CBMFN0A001.jpg","datePublished":"2024-05-06T17:47:00+00:00","breadcrumb":{"@id":"https:\/\/diariodepe.com.br\/xinhua\/2024\/05\/06\/feira-de-cantao-fechou-com-numero-recorde-de-compradores-internacionais\/#breadcrumb"},"inLanguage":"pt-BR","potentialAction":[{"@type":"ReadAction","target":["https:\/\/diariodepe.com.br\/xinhua\/2024\/05\/06\/feira-de-cantao-fechou-com-numero-recorde-de-compradores-internacionais\/"]}]},{"@type":"ImageObject","inLanguage":"pt-BR","@id":"https:\/\/diariodepe.com.br\/xinhua\/2024\/05\/06\/feira-de-cantao-fechou-com-numero-recorde-de-compradores-internacionais\/#primaryimage","url":"https:\/\/diariodepe.com.br\/xinhua\/wp-content\/uploads\/sites\/3\/2024\/05\/2024050633f73b5c655449558940b8349a68ac49_XxjwspP007033_20240506_CBMFN0A001.jpg","contentUrl":"https:\/\/diariodepe.com.br\/xinhua\/wp-content\/uploads\/sites\/3\/2024\/05\/2024050633f73b5c655449558940b8349a68ac49_XxjwspP007033_20240506_CBMFN0A001.jpg","width":900,"height":600,"caption":"(240426) -- BEIJING, April 26, 2024 (Xinhua) -- Purchasers are pictured during the 135th session of the China Import and Export Fair in Guangzhou, south China's Guangdong Province, April 24, 2024. As of 5:00 p.m. on Tuesday, a total of 172,901 purchasers from 214 countries and regions have physically attended the 135th session of the China Import and Export Fair, commonly known as the Canton Fair, an increase of 21.6 percent over the same period last year. (Xinhua\/Liu Dawei)"},{"@type":"BreadcrumbList","@id":"https:\/\/diariodepe.com.br\/xinhua\/2024\/05\/06\/feira-de-cantao-fechou-com-numero-recorde-de-compradores-internacionais\/#breadcrumb","itemListElement":[{"@type":"ListItem","position":1,"name":"In\u00edcio","item":"https:\/\/diariodepe.com.br\/xinhua\/"},{"@type":"ListItem","position":2,"name":"Feira de Cant\u00e3o fechou com n\u00famero recorde de compradores internacionais"}]},{"@type":"WebSite","@id":"https:\/\/diariodepe.com.br\/xinhua\/#website","url":"https:\/\/diariodepe.com.br\/xinhua\/","name":"Xinhua - Diario de Pernambuco","description":"A maior ag\u00eancia de not\u00edcias da China e um dos principais canais para conhecer o pa\u00eds","publisher":{"@id":"https:\/\/diariodepe.com.br\/xinhua\/#organization"},"potentialAction":[{"@type":"SearchAction","target":{"@type":"EntryPoint","urlTemplate":"https:\/\/diariodepe.com.br\/xinhua\/?s={search_term_string}"},"query-input":{"@type":"PropertyValueSpecification","valueRequired":true,"valueName":"search_term_string"}}],"inLanguage":"pt-BR"},{"@type":"Organization","@id":"https:\/\/diariodepe.com.br\/xinhua\/#organization","name":"Xinhua - Diario de Pernambuco","url":"https:\/\/diariodepe.com.br\/xinhua\/","logo":{"@type":"ImageObject","inLanguage":"pt-BR","@id":"https:\/\/diariodepe.com.br\/xinhua\/#\/schema\/logo\/image\/","url":"https:\/\/diariodepe.com.br\/xinhua\/wp-content\/uploads\/sites\/3\/2020\/10\/cropped-logo-transparente-2.png","contentUrl":"https:\/\/diariodepe.com.br\/xinhua\/wp-content\/uploads\/sites\/3\/2020\/10\/cropped-logo-transparente-2.png","width":512,"height":164,"caption":"Xinhua - Diario de Pernambuco"},"image":{"@id":"https:\/\/diariodepe.com.br\/xinhua\/#\/schema\/logo\/image\/"}},{"@type":"Person","@id":"https:\/\/diariodepe.com.br\/xinhua\/#\/schema\/person\/0943d6fd02bdc7b49c8f495e8787a2cb","name":"Marcelo Oliveira de A. Maranhao","image":{"@type":"ImageObject","inLanguage":"pt-BR","@id":"https:\/\/secure.gravatar.com\/avatar\/f562caee940d39879c20e90eea3e4b21860c7d4c96684c23141c554824f0059c?s=96&d=mm&r=g","url":"https:\/\/secure.gravatar.com\/avatar\/f562caee940d39879c20e90eea3e4b21860c7d4c96684c23141c554824f0059c?s=96&d=mm&r=g","contentUrl":"https:\/\/secure.gravatar.com\/avatar\/f562caee940d39879c20e90eea3e4b21860c7d4c96684c23141c554824f0059c?s=96&d=mm&r=g","caption":"Marcelo Oliveira de A. Maranhao"},"url":"https:\/\/diariodepe.com.br\/xinhua\/author\/marcelo-maranhao\/"}]}},"cc_featured_image_caption":{"caption_text":"","source_text":"","source_url":""},"amp_enabled":true,"_links":{"self":[{"href":"https:\/\/diariodepe.com.br\/xinhua\/wp-json\/wp\/v2\/posts\/19758","targetHints":{"allow":["GET"]}}],"collection":[{"href":"https:\/\/diariodepe.com.br\/xinhua\/wp-json\/wp\/v2\/posts"}],"about":[{"href":"https:\/\/diariodepe.com.br\/xinhua\/wp-json\/wp\/v2\/types\/post"}],"author":[{"embeddable":true,"href":"https:\/\/diariodepe.com.br\/xinhua\/wp-json\/wp\/v2\/users\/3"}],"replies":[{"embeddable":true,"href":"https:\/\/diariodepe.com.br\/xinhua\/wp-json\/wp\/v2\/comments?post=19758"}],"version-history":[{"count":1,"href":"https:\/\/diariodepe.com.br\/xinhua\/wp-json\/wp\/v2\/posts\/19758\/revisions"}],"predecessor-version":[{"id":19760,"href":"https:\/\/diariodepe.com.br\/xinhua\/wp-json\/wp\/v2\/posts\/19758\/revisions\/19760"}],"wp:featuredmedia":[{"embeddable":true,"href":"https:\/\/diariodepe.com.br\/xinhua\/wp-json\/wp\/v2\/media\/19759"}],"wp:attachment":[{"href":"https:\/\/diariodepe.com.br\/xinhua\/wp-json\/wp\/v2\/media?parent=19758"}],"wp:term":[{"taxonomy":"category","embeddable":true,"href":"https:\/\/diariodepe.com.br\/xinhua\/wp-json\/wp\/v2\/categories?post=19758"},{"taxonomy":"post_tag","embeddable":true,"href":"https:\/\/diariodepe.com.br\/xinhua\/wp-json\/wp\/v2\/tags?post=19758"}],"curies":[{"name":"wp","href":"https:\/\/api.w.org\/{rel}","templated":true}]}}