{"id":19627,"date":"2024-04-29T15:02:00","date_gmt":"2024-04-29T18:02:00","guid":{"rendered":"https:\/\/www.diariodepe.com.br\/xinhua\/?p=19627"},"modified":"2024-04-29T11:05:38","modified_gmt":"2024-04-29T14:05:38","slug":"primeiro-ministro-chines-enfatiza-desenvolvimento-de-veiculos-conectados-inteligentes-de-nova-energia","status":"publish","type":"post","link":"https:\/\/diariodepe.com.br\/xinhua\/2024\/04\/29\/primeiro-ministro-chines-enfatiza-desenvolvimento-de-veiculos-conectados-inteligentes-de-nova-energia\/","title":{"rendered":"Primeiro-ministro chin\u00eas enfatiza desenvolvimento de ve\u00edculos conectados inteligentes de nova energia"},"content":{"rendered":"\n<p>Beijing &#8211; O primeiro-ministro chin\u00eas, Li Qiang, enfatizou neste domingo a import\u00e2ncia de desenvolver ve\u00edculos de nova energia (NEVs, em ingl\u00eas) conectados inteligentes e tornar o setor automotivo mais sofisticado, mais inteligente e mais ecol\u00f3gico.<\/p>\n\n\n\n<p>Li, tamb\u00e9m membro do Comit\u00ea Permanente do Bir\u00f4 Pol\u00edtico do Comit\u00ea Central do Partido Comunista da China, fez as observa\u00e7\u00f5es ao inspecionar a Exposi\u00e7\u00e3o Internacional de Autom\u00f3veis de Beijing 2024.<\/p>\n\n\n\n<p>Ele pediu que se busque a inova\u00e7\u00e3o industrial liderada pela inova\u00e7\u00e3o cient\u00edfica e tecnol\u00f3gica, promovendo a abertura e a coopera\u00e7\u00e3o, satisfazendo e criando melhor as demandas do mercado.<\/p>\n\n\n\n<p>A China est\u00e1 realizando a Exposi\u00e7\u00e3o Internacional de Autom\u00f3veis de Beijing 2024 (Auto China 2024) no Centro Internacional de Exposi\u00e7\u00f5es da China, em Beijing, com o tema &#8220;Dirigindo para a Mobilidade Inteligente&#8221; neste ano.<\/p>\n\n\n\n<p>Depois de visitar a Auto China 2024, Li disse que se sentiu encorajado pela exposi\u00e7\u00e3o, j\u00e1 que os NEVs conectados inteligentes da China t\u00eam um forte impulso de desenvolvimento.<\/p>\n\n\n\n<p>Li expressou sua esperan\u00e7a de que, para fazer contribui\u00e7\u00f5es positivas para a transforma\u00e7\u00e3o global verde e de baixo carbono, as montadoras devam acelerar os esfor\u00e7os para lidar com as principais tecnologias, fortalecer a coordena\u00e7\u00e3o da cadeia industrial e promover n\u00edveis de fabrica\u00e7\u00e3o inteligentes, ao mesmo tempo que promover o desenvolvimento e o layout de tecnologias voltadas para o futuro, al\u00e9m de impulsionar o setor automotivo ao melhorar a qualidade e atualizar o setor continuamente.<\/p>\n\n\n\n<p>O primeiro-ministro enfatizou que a China e os mercados globais de NEV est\u00e3o crescendo de forma constante e que h\u00e1 muito espa\u00e7o para a demanda do mercado. A China impulsionar\u00e1 interc\u00e2mbios e coopera\u00e7\u00e3o mais amplos entre as montadoras nacionais e estrangeiras em termos de capital, tecnologia, gerenciamento e talento, ajudando-as a compartilhar as oportunidades de mercado da China.<\/p>\n\n\n\n<p>Li pediu que se d\u00ea import\u00e2ncia ao papel de lideran\u00e7a do setor automotivo na expans\u00e3o do investimento e no aumento do consumo.&nbsp;<\/p>\n","protected":false},"excerpt":{"rendered":"<p>Beijing &#8211; O primeiro-ministro chin\u00eas, Li Qiang, enfatizou neste domingo a import\u00e2ncia de desenvolver ve\u00edculos de nova energia (NEVs, em ingl\u00eas) conectados inteligentes e tornar o setor automotivo mais sofisticado, mais inteligente e mais ecol\u00f3gico. Li, tamb\u00e9m membro do Comit\u00ea&#8230;<\/p>\n","protected":false},"author":3,"featured_media":19628,"comment_status":"open","ping_status":"open","sticky":false,"template":"","format":"standard","meta":{"footnotes":""},"categories":[6],"tags":[],"class_list":["post-19627","post","type-post","status-publish","format-standard","has-post-thumbnail","hentry","category-cultura-tecnologia"],"yoast_head":"<!-- This site is optimized with the Yoast SEO plugin v27.4 - https:\/\/yoast.com\/product\/yoast-seo-wordpress\/ -->\n<title>Primeiro-ministro chin\u00eas enfatiza desenvolvimento de ve\u00edculos conectados inteligentes de nova energia - Xinhua - Diario de Pernambuco<\/title>\n<meta name=\"robots\" content=\"index, follow, max-snippet:-1, max-image-preview:large, max-video-preview:-1\" \/>\n<link rel=\"canonical\" href=\"https:\/\/diariodepe.com.br\/xinhua\/2024\/04\/29\/primeiro-ministro-chines-enfatiza-desenvolvimento-de-veiculos-conectados-inteligentes-de-nova-energia\/\" \/>\n<meta property=\"og:locale\" content=\"pt_BR\" \/>\n<meta property=\"og:type\" content=\"article\" \/>\n<meta property=\"og:title\" content=\"Primeiro-ministro chin\u00eas enfatiza desenvolvimento de ve\u00edculos conectados inteligentes de nova energia - Xinhua - Diario de Pernambuco\" \/>\n<meta property=\"og:description\" content=\"Beijing &#8211; O primeiro-ministro chin\u00eas, Li Qiang, enfatizou neste domingo a import\u00e2ncia de desenvolver ve\u00edculos de nova energia (NEVs, em ingl\u00eas) conectados inteligentes e tornar o setor automotivo mais sofisticado, mais inteligente e mais ecol\u00f3gico. Li, tamb\u00e9m membro do Comit\u00ea...\" \/>\n<meta property=\"og:url\" content=\"https:\/\/diariodepe.com.br\/xinhua\/2024\/04\/29\/primeiro-ministro-chines-enfatiza-desenvolvimento-de-veiculos-conectados-inteligentes-de-nova-energia\/\" \/>\n<meta property=\"og:site_name\" content=\"Xinhua - Diario de Pernambuco\" \/>\n<meta property=\"article:published_time\" content=\"2024-04-29T18:02:00+00:00\" \/>\n<meta property=\"og:image\" content=\"https:\/\/diariodepe.com.br\/xinhua\/wp-content\/uploads\/sites\/3\/2024\/04\/hHQhk49gPf6RRzuF.jpeg\" \/>\n\t<meta property=\"og:image:width\" content=\"1022\" \/>\n\t<meta property=\"og:image:height\" content=\"681\" \/>\n\t<meta property=\"og:image:type\" content=\"image\/jpeg\" \/>\n<meta name=\"author\" content=\"Marcelo Oliveira de A. Maranhao\" \/>\n<meta name=\"twitter:card\" content=\"summary_large_image\" \/>\n<meta name=\"twitter:label1\" content=\"Escrito por\" \/>\n\t<meta name=\"twitter:data1\" content=\"Marcelo Oliveira de A. Maranhao\" \/>\n\t<meta name=\"twitter:label2\" content=\"Est. tempo de leitura\" \/>\n\t<meta name=\"twitter:data2\" content=\"2 minutos\" \/>\n<script type=\"application\/ld+json\" class=\"yoast-schema-graph\">{\"@context\":\"https:\\\/\\\/schema.org\",\"@graph\":[{\"@type\":\"Article\",\"@id\":\"https:\\\/\\\/diariodepe.com.br\\\/xinhua\\\/2024\\\/04\\\/29\\\/primeiro-ministro-chines-enfatiza-desenvolvimento-de-veiculos-conectados-inteligentes-de-nova-energia\\\/#article\",\"isPartOf\":{\"@id\":\"https:\\\/\\\/diariodepe.com.br\\\/xinhua\\\/2024\\\/04\\\/29\\\/primeiro-ministro-chines-enfatiza-desenvolvimento-de-veiculos-conectados-inteligentes-de-nova-energia\\\/\"},\"author\":{\"name\":\"Marcelo Oliveira de A. Maranhao\",\"@id\":\"https:\\\/\\\/diariodepe.com.br\\\/xinhua\\\/#\\\/schema\\\/person\\\/0943d6fd02bdc7b49c8f495e8787a2cb\"},\"headline\":\"Primeiro-ministro chin\u00eas enfatiza desenvolvimento de ve\u00edculos conectados inteligentes de nova energia\",\"datePublished\":\"2024-04-29T18:02:00+00:00\",\"mainEntityOfPage\":{\"@id\":\"https:\\\/\\\/diariodepe.com.br\\\/xinhua\\\/2024\\\/04\\\/29\\\/primeiro-ministro-chines-enfatiza-desenvolvimento-de-veiculos-conectados-inteligentes-de-nova-energia\\\/\"},\"wordCount\":355,\"commentCount\":0,\"publisher\":{\"@id\":\"https:\\\/\\\/diariodepe.com.br\\\/xinhua\\\/#organization\"},\"image\":{\"@id\":\"https:\\\/\\\/diariodepe.com.br\\\/xinhua\\\/2024\\\/04\\\/29\\\/primeiro-ministro-chines-enfatiza-desenvolvimento-de-veiculos-conectados-inteligentes-de-nova-energia\\\/#primaryimage\"},\"thumbnailUrl\":\"https:\\\/\\\/diariodepe.com.br\\\/xinhua\\\/wp-content\\\/uploads\\\/sites\\\/3\\\/2024\\\/04\\\/hHQhk49gPf6RRzuF.jpeg\",\"articleSection\":[\"Cultura \\\/ Tecnologia\"],\"inLanguage\":\"pt-BR\",\"potentialAction\":[{\"@type\":\"CommentAction\",\"name\":\"Comment\",\"target\":[\"https:\\\/\\\/diariodepe.com.br\\\/xinhua\\\/2024\\\/04\\\/29\\\/primeiro-ministro-chines-enfatiza-desenvolvimento-de-veiculos-conectados-inteligentes-de-nova-energia\\\/#respond\"]}]},{\"@type\":\"WebPage\",\"@id\":\"https:\\\/\\\/diariodepe.com.br\\\/xinhua\\\/2024\\\/04\\\/29\\\/primeiro-ministro-chines-enfatiza-desenvolvimento-de-veiculos-conectados-inteligentes-de-nova-energia\\\/\",\"url\":\"https:\\\/\\\/diariodepe.com.br\\\/xinhua\\\/2024\\\/04\\\/29\\\/primeiro-ministro-chines-enfatiza-desenvolvimento-de-veiculos-conectados-inteligentes-de-nova-energia\\\/\",\"name\":\"Primeiro-ministro chin\u00eas enfatiza desenvolvimento de ve\u00edculos conectados inteligentes de nova energia - Xinhua - Diario de Pernambuco\",\"isPartOf\":{\"@id\":\"https:\\\/\\\/diariodepe.com.br\\\/xinhua\\\/#website\"},\"primaryImageOfPage\":{\"@id\":\"https:\\\/\\\/diariodepe.com.br\\\/xinhua\\\/2024\\\/04\\\/29\\\/primeiro-ministro-chines-enfatiza-desenvolvimento-de-veiculos-conectados-inteligentes-de-nova-energia\\\/#primaryimage\"},\"image\":{\"@id\":\"https:\\\/\\\/diariodepe.com.br\\\/xinhua\\\/2024\\\/04\\\/29\\\/primeiro-ministro-chines-enfatiza-desenvolvimento-de-veiculos-conectados-inteligentes-de-nova-energia\\\/#primaryimage\"},\"thumbnailUrl\":\"https:\\\/\\\/diariodepe.com.br\\\/xinhua\\\/wp-content\\\/uploads\\\/sites\\\/3\\\/2024\\\/04\\\/hHQhk49gPf6RRzuF.jpeg\",\"datePublished\":\"2024-04-29T18:02:00+00:00\",\"breadcrumb\":{\"@id\":\"https:\\\/\\\/diariodepe.com.br\\\/xinhua\\\/2024\\\/04\\\/29\\\/primeiro-ministro-chines-enfatiza-desenvolvimento-de-veiculos-conectados-inteligentes-de-nova-energia\\\/#breadcrumb\"},\"inLanguage\":\"pt-BR\",\"potentialAction\":[{\"@type\":\"ReadAction\",\"target\":[\"https:\\\/\\\/diariodepe.com.br\\\/xinhua\\\/2024\\\/04\\\/29\\\/primeiro-ministro-chines-enfatiza-desenvolvimento-de-veiculos-conectados-inteligentes-de-nova-energia\\\/\"]}]},{\"@type\":\"ImageObject\",\"inLanguage\":\"pt-BR\",\"@id\":\"https:\\\/\\\/diariodepe.com.br\\\/xinhua\\\/2024\\\/04\\\/29\\\/primeiro-ministro-chines-enfatiza-desenvolvimento-de-veiculos-conectados-inteligentes-de-nova-energia\\\/#primaryimage\",\"url\":\"https:\\\/\\\/diariodepe.com.br\\\/xinhua\\\/wp-content\\\/uploads\\\/sites\\\/3\\\/2024\\\/04\\\/hHQhk49gPf6RRzuF.jpeg\",\"contentUrl\":\"https:\\\/\\\/diariodepe.com.br\\\/xinhua\\\/wp-content\\\/uploads\\\/sites\\\/3\\\/2024\\\/04\\\/hHQhk49gPf6RRzuF.jpeg\",\"width\":1022,\"height\":681},{\"@type\":\"BreadcrumbList\",\"@id\":\"https:\\\/\\\/diariodepe.com.br\\\/xinhua\\\/2024\\\/04\\\/29\\\/primeiro-ministro-chines-enfatiza-desenvolvimento-de-veiculos-conectados-inteligentes-de-nova-energia\\\/#breadcrumb\",\"itemListElement\":[{\"@type\":\"ListItem\",\"position\":1,\"name\":\"In\u00edcio\",\"item\":\"https:\\\/\\\/diariodepe.com.br\\\/xinhua\\\/\"},{\"@type\":\"ListItem\",\"position\":2,\"name\":\"Primeiro-ministro chin\u00eas enfatiza desenvolvimento de ve\u00edculos conectados inteligentes de nova energia\"}]},{\"@type\":\"WebSite\",\"@id\":\"https:\\\/\\\/diariodepe.com.br\\\/xinhua\\\/#website\",\"url\":\"https:\\\/\\\/diariodepe.com.br\\\/xinhua\\\/\",\"name\":\"Xinhua - Diario de Pernambuco\",\"description\":\"A maior ag\u00eancia de not\u00edcias da China e um dos principais canais para conhecer o pa\u00eds\",\"publisher\":{\"@id\":\"https:\\\/\\\/diariodepe.com.br\\\/xinhua\\\/#organization\"},\"potentialAction\":[{\"@type\":\"SearchAction\",\"target\":{\"@type\":\"EntryPoint\",\"urlTemplate\":\"https:\\\/\\\/diariodepe.com.br\\\/xinhua\\\/?s={search_term_string}\"},\"query-input\":{\"@type\":\"PropertyValueSpecification\",\"valueRequired\":true,\"valueName\":\"search_term_string\"}}],\"inLanguage\":\"pt-BR\"},{\"@type\":\"Organization\",\"@id\":\"https:\\\/\\\/diariodepe.com.br\\\/xinhua\\\/#organization\",\"name\":\"Xinhua - Diario de Pernambuco\",\"url\":\"https:\\\/\\\/diariodepe.com.br\\\/xinhua\\\/\",\"logo\":{\"@type\":\"ImageObject\",\"inLanguage\":\"pt-BR\",\"@id\":\"https:\\\/\\\/diariodepe.com.br\\\/xinhua\\\/#\\\/schema\\\/logo\\\/image\\\/\",\"url\":\"https:\\\/\\\/diariodepe.com.br\\\/xinhua\\\/wp-content\\\/uploads\\\/sites\\\/3\\\/2020\\\/10\\\/cropped-logo-transparente-2.png\",\"contentUrl\":\"https:\\\/\\\/diariodepe.com.br\\\/xinhua\\\/wp-content\\\/uploads\\\/sites\\\/3\\\/2020\\\/10\\\/cropped-logo-transparente-2.png\",\"width\":512,\"height\":164,\"caption\":\"Xinhua - Diario de Pernambuco\"},\"image\":{\"@id\":\"https:\\\/\\\/diariodepe.com.br\\\/xinhua\\\/#\\\/schema\\\/logo\\\/image\\\/\"}},{\"@type\":\"Person\",\"@id\":\"https:\\\/\\\/diariodepe.com.br\\\/xinhua\\\/#\\\/schema\\\/person\\\/0943d6fd02bdc7b49c8f495e8787a2cb\",\"name\":\"Marcelo Oliveira de A. Maranhao\",\"image\":{\"@type\":\"ImageObject\",\"inLanguage\":\"pt-BR\",\"@id\":\"https:\\\/\\\/secure.gravatar.com\\\/avatar\\\/f562caee940d39879c20e90eea3e4b21860c7d4c96684c23141c554824f0059c?s=96&d=mm&r=g\",\"url\":\"https:\\\/\\\/secure.gravatar.com\\\/avatar\\\/f562caee940d39879c20e90eea3e4b21860c7d4c96684c23141c554824f0059c?s=96&d=mm&r=g\",\"contentUrl\":\"https:\\\/\\\/secure.gravatar.com\\\/avatar\\\/f562caee940d39879c20e90eea3e4b21860c7d4c96684c23141c554824f0059c?s=96&d=mm&r=g\",\"caption\":\"Marcelo Oliveira de A. Maranhao\"},\"url\":\"https:\\\/\\\/diariodepe.com.br\\\/xinhua\\\/author\\\/marcelo-maranhao\\\/\"}]}<\/script>\n<!-- \/ Yoast SEO plugin. -->","yoast_head_json":{"title":"Primeiro-ministro chin\u00eas enfatiza desenvolvimento de ve\u00edculos conectados inteligentes de nova energia - Xinhua - Diario de Pernambuco","robots":{"index":"index","follow":"follow","max-snippet":"max-snippet:-1","max-image-preview":"max-image-preview:large","max-video-preview":"max-video-preview:-1"},"canonical":"https:\/\/diariodepe.com.br\/xinhua\/2024\/04\/29\/primeiro-ministro-chines-enfatiza-desenvolvimento-de-veiculos-conectados-inteligentes-de-nova-energia\/","og_locale":"pt_BR","og_type":"article","og_title":"Primeiro-ministro chin\u00eas enfatiza desenvolvimento de ve\u00edculos conectados inteligentes de nova energia - Xinhua - Diario de Pernambuco","og_description":"Beijing &#8211; O primeiro-ministro chin\u00eas, Li Qiang, enfatizou neste domingo a import\u00e2ncia de desenvolver ve\u00edculos de nova energia (NEVs, em ingl\u00eas) conectados inteligentes e tornar o setor automotivo mais sofisticado, mais inteligente e mais ecol\u00f3gico. Li, tamb\u00e9m membro do Comit\u00ea...","og_url":"https:\/\/diariodepe.com.br\/xinhua\/2024\/04\/29\/primeiro-ministro-chines-enfatiza-desenvolvimento-de-veiculos-conectados-inteligentes-de-nova-energia\/","og_site_name":"Xinhua - Diario de Pernambuco","article_published_time":"2024-04-29T18:02:00+00:00","og_image":[{"width":1022,"height":681,"url":"https:\/\/diariodepe.com.br\/xinhua\/wp-content\/uploads\/sites\/3\/2024\/04\/hHQhk49gPf6RRzuF.jpeg","type":"image\/jpeg"}],"author":"Marcelo Oliveira de A. Maranhao","twitter_card":"summary_large_image","twitter_misc":{"Escrito por":"Marcelo Oliveira de A. Maranhao","Est. tempo de leitura":"2 minutos"},"schema":{"@context":"https:\/\/schema.org","@graph":[{"@type":"Article","@id":"https:\/\/diariodepe.com.br\/xinhua\/2024\/04\/29\/primeiro-ministro-chines-enfatiza-desenvolvimento-de-veiculos-conectados-inteligentes-de-nova-energia\/#article","isPartOf":{"@id":"https:\/\/diariodepe.com.br\/xinhua\/2024\/04\/29\/primeiro-ministro-chines-enfatiza-desenvolvimento-de-veiculos-conectados-inteligentes-de-nova-energia\/"},"author":{"name":"Marcelo Oliveira de A. Maranhao","@id":"https:\/\/diariodepe.com.br\/xinhua\/#\/schema\/person\/0943d6fd02bdc7b49c8f495e8787a2cb"},"headline":"Primeiro-ministro chin\u00eas enfatiza desenvolvimento de ve\u00edculos conectados inteligentes de nova energia","datePublished":"2024-04-29T18:02:00+00:00","mainEntityOfPage":{"@id":"https:\/\/diariodepe.com.br\/xinhua\/2024\/04\/29\/primeiro-ministro-chines-enfatiza-desenvolvimento-de-veiculos-conectados-inteligentes-de-nova-energia\/"},"wordCount":355,"commentCount":0,"publisher":{"@id":"https:\/\/diariodepe.com.br\/xinhua\/#organization"},"image":{"@id":"https:\/\/diariodepe.com.br\/xinhua\/2024\/04\/29\/primeiro-ministro-chines-enfatiza-desenvolvimento-de-veiculos-conectados-inteligentes-de-nova-energia\/#primaryimage"},"thumbnailUrl":"https:\/\/diariodepe.com.br\/xinhua\/wp-content\/uploads\/sites\/3\/2024\/04\/hHQhk49gPf6RRzuF.jpeg","articleSection":["Cultura \/ Tecnologia"],"inLanguage":"pt-BR","potentialAction":[{"@type":"CommentAction","name":"Comment","target":["https:\/\/diariodepe.com.br\/xinhua\/2024\/04\/29\/primeiro-ministro-chines-enfatiza-desenvolvimento-de-veiculos-conectados-inteligentes-de-nova-energia\/#respond"]}]},{"@type":"WebPage","@id":"https:\/\/diariodepe.com.br\/xinhua\/2024\/04\/29\/primeiro-ministro-chines-enfatiza-desenvolvimento-de-veiculos-conectados-inteligentes-de-nova-energia\/","url":"https:\/\/diariodepe.com.br\/xinhua\/2024\/04\/29\/primeiro-ministro-chines-enfatiza-desenvolvimento-de-veiculos-conectados-inteligentes-de-nova-energia\/","name":"Primeiro-ministro chin\u00eas enfatiza desenvolvimento de ve\u00edculos conectados inteligentes de nova energia - Xinhua - Diario de Pernambuco","isPartOf":{"@id":"https:\/\/diariodepe.com.br\/xinhua\/#website"},"primaryImageOfPage":{"@id":"https:\/\/diariodepe.com.br\/xinhua\/2024\/04\/29\/primeiro-ministro-chines-enfatiza-desenvolvimento-de-veiculos-conectados-inteligentes-de-nova-energia\/#primaryimage"},"image":{"@id":"https:\/\/diariodepe.com.br\/xinhua\/2024\/04\/29\/primeiro-ministro-chines-enfatiza-desenvolvimento-de-veiculos-conectados-inteligentes-de-nova-energia\/#primaryimage"},"thumbnailUrl":"https:\/\/diariodepe.com.br\/xinhua\/wp-content\/uploads\/sites\/3\/2024\/04\/hHQhk49gPf6RRzuF.jpeg","datePublished":"2024-04-29T18:02:00+00:00","breadcrumb":{"@id":"https:\/\/diariodepe.com.br\/xinhua\/2024\/04\/29\/primeiro-ministro-chines-enfatiza-desenvolvimento-de-veiculos-conectados-inteligentes-de-nova-energia\/#breadcrumb"},"inLanguage":"pt-BR","potentialAction":[{"@type":"ReadAction","target":["https:\/\/diariodepe.com.br\/xinhua\/2024\/04\/29\/primeiro-ministro-chines-enfatiza-desenvolvimento-de-veiculos-conectados-inteligentes-de-nova-energia\/"]}]},{"@type":"ImageObject","inLanguage":"pt-BR","@id":"https:\/\/diariodepe.com.br\/xinhua\/2024\/04\/29\/primeiro-ministro-chines-enfatiza-desenvolvimento-de-veiculos-conectados-inteligentes-de-nova-energia\/#primaryimage","url":"https:\/\/diariodepe.com.br\/xinhua\/wp-content\/uploads\/sites\/3\/2024\/04\/hHQhk49gPf6RRzuF.jpeg","contentUrl":"https:\/\/diariodepe.com.br\/xinhua\/wp-content\/uploads\/sites\/3\/2024\/04\/hHQhk49gPf6RRzuF.jpeg","width":1022,"height":681},{"@type":"BreadcrumbList","@id":"https:\/\/diariodepe.com.br\/xinhua\/2024\/04\/29\/primeiro-ministro-chines-enfatiza-desenvolvimento-de-veiculos-conectados-inteligentes-de-nova-energia\/#breadcrumb","itemListElement":[{"@type":"ListItem","position":1,"name":"In\u00edcio","item":"https:\/\/diariodepe.com.br\/xinhua\/"},{"@type":"ListItem","position":2,"name":"Primeiro-ministro chin\u00eas enfatiza desenvolvimento de ve\u00edculos conectados inteligentes de nova energia"}]},{"@type":"WebSite","@id":"https:\/\/diariodepe.com.br\/xinhua\/#website","url":"https:\/\/diariodepe.com.br\/xinhua\/","name":"Xinhua - Diario de Pernambuco","description":"A maior ag\u00eancia de not\u00edcias da China e um dos principais canais para conhecer o pa\u00eds","publisher":{"@id":"https:\/\/diariodepe.com.br\/xinhua\/#organization"},"potentialAction":[{"@type":"SearchAction","target":{"@type":"EntryPoint","urlTemplate":"https:\/\/diariodepe.com.br\/xinhua\/?s={search_term_string}"},"query-input":{"@type":"PropertyValueSpecification","valueRequired":true,"valueName":"search_term_string"}}],"inLanguage":"pt-BR"},{"@type":"Organization","@id":"https:\/\/diariodepe.com.br\/xinhua\/#organization","name":"Xinhua - Diario de Pernambuco","url":"https:\/\/diariodepe.com.br\/xinhua\/","logo":{"@type":"ImageObject","inLanguage":"pt-BR","@id":"https:\/\/diariodepe.com.br\/xinhua\/#\/schema\/logo\/image\/","url":"https:\/\/diariodepe.com.br\/xinhua\/wp-content\/uploads\/sites\/3\/2020\/10\/cropped-logo-transparente-2.png","contentUrl":"https:\/\/diariodepe.com.br\/xinhua\/wp-content\/uploads\/sites\/3\/2020\/10\/cropped-logo-transparente-2.png","width":512,"height":164,"caption":"Xinhua - Diario de Pernambuco"},"image":{"@id":"https:\/\/diariodepe.com.br\/xinhua\/#\/schema\/logo\/image\/"}},{"@type":"Person","@id":"https:\/\/diariodepe.com.br\/xinhua\/#\/schema\/person\/0943d6fd02bdc7b49c8f495e8787a2cb","name":"Marcelo Oliveira de A. Maranhao","image":{"@type":"ImageObject","inLanguage":"pt-BR","@id":"https:\/\/secure.gravatar.com\/avatar\/f562caee940d39879c20e90eea3e4b21860c7d4c96684c23141c554824f0059c?s=96&d=mm&r=g","url":"https:\/\/secure.gravatar.com\/avatar\/f562caee940d39879c20e90eea3e4b21860c7d4c96684c23141c554824f0059c?s=96&d=mm&r=g","contentUrl":"https:\/\/secure.gravatar.com\/avatar\/f562caee940d39879c20e90eea3e4b21860c7d4c96684c23141c554824f0059c?s=96&d=mm&r=g","caption":"Marcelo Oliveira de A. Maranhao"},"url":"https:\/\/diariodepe.com.br\/xinhua\/author\/marcelo-maranhao\/"}]}},"cc_featured_image_caption":{"caption_text":"","source_text":"","source_url":""},"amp_enabled":true,"_links":{"self":[{"href":"https:\/\/diariodepe.com.br\/xinhua\/wp-json\/wp\/v2\/posts\/19627","targetHints":{"allow":["GET"]}}],"collection":[{"href":"https:\/\/diariodepe.com.br\/xinhua\/wp-json\/wp\/v2\/posts"}],"about":[{"href":"https:\/\/diariodepe.com.br\/xinhua\/wp-json\/wp\/v2\/types\/post"}],"author":[{"embeddable":true,"href":"https:\/\/diariodepe.com.br\/xinhua\/wp-json\/wp\/v2\/users\/3"}],"replies":[{"embeddable":true,"href":"https:\/\/diariodepe.com.br\/xinhua\/wp-json\/wp\/v2\/comments?post=19627"}],"version-history":[{"count":1,"href":"https:\/\/diariodepe.com.br\/xinhua\/wp-json\/wp\/v2\/posts\/19627\/revisions"}],"predecessor-version":[{"id":19629,"href":"https:\/\/diariodepe.com.br\/xinhua\/wp-json\/wp\/v2\/posts\/19627\/revisions\/19629"}],"wp:featuredmedia":[{"embeddable":true,"href":"https:\/\/diariodepe.com.br\/xinhua\/wp-json\/wp\/v2\/media\/19628"}],"wp:attachment":[{"href":"https:\/\/diariodepe.com.br\/xinhua\/wp-json\/wp\/v2\/media?parent=19627"}],"wp:term":[{"taxonomy":"category","embeddable":true,"href":"https:\/\/diariodepe.com.br\/xinhua\/wp-json\/wp\/v2\/categories?post=19627"},{"taxonomy":"post_tag","embeddable":true,"href":"https:\/\/diariodepe.com.br\/xinhua\/wp-json\/wp\/v2\/tags?post=19627"}],"curies":[{"name":"wp","href":"https:\/\/api.w.org\/{rel}","templated":true}]}}