{"id":19486,"date":"2024-04-23T10:46:00","date_gmt":"2024-04-23T13:46:00","guid":{"rendered":"https:\/\/www.diariodepe.com.br\/xinhua\/?p=19486"},"modified":"2024-04-23T09:58:46","modified_gmt":"2024-04-23T12:58:46","slug":"destaque-apos-69-anos-espirito-de-bandung-continua-vivo-no-sul-global","status":"publish","type":"post","link":"https:\/\/diariodepe.com.br\/xinhua\/2024\/04\/23\/destaque-apos-69-anos-espirito-de-bandung-continua-vivo-no-sul-global\/","title":{"rendered":"Destaque: Ap\u00f3s 69 anos, Esp\u00edrito de Bandung continua vivo no Sul Global"},"content":{"rendered":"\n<p>Jacarta  \u2013 \u201cPoucas cidades na hist\u00f3ria conquistaram tantos cora\u00e7\u00f5es e mentes como Bandung\u201d, comentou o falecido presidente honor\u00e1rio da Rep\u00fablica Popular da China, Soong Ching Ling, sobre a cidade indon\u00e9sia.<\/p>\n\n\n\n<p>A hist\u00f3rica Confer\u00eancia Sino-Africana, tamb\u00e9m conhecida como Confer\u00eancia de Bandung, foi realizada na cidade em 18 de abril de 1955. Marcou a primeira vez que os pa\u00edses do Sul Global se uniram em oposi\u00e7\u00e3o ao imperialismo e ao colonialismo em defesa dos seus direitos soberanos e um mundo mais igualit\u00e1rio.<\/p>\n\n\n\n<p>L\u00edderes e representantes de 29 pa\u00edses asi\u00e1ticos e africanos, que tinham acabado de conquistar a independ\u00eancia ap\u00f3s d\u00e9cadas de priva\u00e7\u00e3o implac\u00e1vel pelos colonos ocidentais, propuseram o Esp\u00edrito de Bandung com \u201csolidariedade, amizade e coopera\u00e7\u00e3o\u201d como foco, iniciando o Movimento N\u00e3o-Alinhado e a coopera\u00e7\u00e3o Sul-Sul.<\/p>\n\n\n\n<p>Hoje, quase sete d\u00e9cadas ap\u00f3s a confer\u00eancia, o Esp\u00edrito de Bandung continua inspirando os pa\u00edses do Sul Global a trilharem um novo caminho de desenvolvimento comum atrav\u00e9s da coopera\u00e7\u00e3o ben\u00e9fica para todos no \u00e2mbito da Iniciativa do Cintur\u00e3o e Rota e outras plataformas.<\/p>\n\n\n\n<figure class=\"wp-block-image\"><img decoding=\"async\" src=\"https:\/\/portuguese.news.cn\/20240423\/6f5fae531af34debabd0c1b16befffef\/202404236f5fae531af34debabd0c1b16befffef_202404238ee437f2fb9346888bfab15ad55c12c7.jpeg\" alt=\"\"\/><figcaption>Foto tirada no dia 4 de fevereiro de 2023 mostra templo Prambanan com Monte Merapi ao fundo em Java Central, Indon\u00e9sia. (Xinhua\/XuQin)<\/figcaption><\/figure>\n\n\n\n<p><strong>SURGIMENTO DA NOVA \u00c1SIA E DA NOVA \u00c1FRICA<\/strong><\/p>\n\n\n\n<p>Situada a 768 metros acima do n\u00edvel do mar, Bandung tem temperaturas mais amenas durante todo o ano do que a maioria das outras cidades indon\u00e9sias. Durante o per\u00edodo colonial holand\u00eas, era conhecida como a \u201cParis de Java\u201d.<\/p>\n\n\n\n<p>Em 1809, para melhorar o sistema de defesa da Ilha de Java e facilitar o transporte de soldados e suprimentos, Herman Willem Daendels, o governador-geral das \u00cdndias Orientais Holandesas, ordenou a constru\u00e7\u00e3o de uma estrada que se estendia por cerca de 1.000 km atrav\u00e9s da Ilha de Java, de oeste a leste, que depois seria chamada de Rua \u00c1sia-\u00c1frica.<\/p>\n\n\n\n<p>Na cerim\u00f4nia de abertura da Confer\u00eancia Sino-Africana, em um edif\u00edcio branco de tr\u00eas andares \u00e0 beira da rua, Sukarno, o primeiro presidente da Indon\u00e9sia, pediu pelo despertar em nome dos pa\u00edses do Sul.<\/p>\n\n\n\n<p>\u201cEsta \u00e9 a primeira confer\u00eancia intercontinental com pessoas de cor na hist\u00f3ria da humanidade\u201d, mencionou Sukarno no discurso.<\/p>\n\n\n\n<p>\u201cOnde, quando e como quer que apare\u00e7a, o colonialismo \u00e9 algo ruim e deve ser erradicado\u201d, disse ele.<\/p>\n\n\n\n<p>\u201cEspero que isso comprove que n\u00f3s, l\u00edderes asi\u00e1ticos e africanos, entendemos que a \u00c1sia e a \u00c1frica s\u00f3 podem prosperar juntas e que a seguran\u00e7a do mundo em geral n\u00e3o pode ser protegida sem essa uni\u00e3o\u201d, adicionou ele. \u201cEspero que esta confer\u00eancia oriente e mostre \u00e0 humanidade o caminho a ser seguido para alcan\u00e7ar a seguran\u00e7a e a paz. Espero que isso comprove que a \u00c1sia e a \u00c1frica renasceram, ou melhor, que uma Nova \u00c1sia e uma Nova \u00c1frica surgiram\u201d.<\/p>\n\n\n\n<p>O ent\u00e3o primeiro-ministro chin\u00eas, Zhou Enlai, que liderou uma delega\u00e7\u00e3o chinesa para participar na confer\u00eancia, prop\u00f4s os Cinco Princ\u00edpios da Coexist\u00eancia Pac\u00edfica. Esses princ\u00edpios se tornaram uma componente essencial do Esp\u00edrito de Bandung e mais tarde foram aceitos pela maioria dos pa\u00edses em todo o mundo como as normas b\u00e1sicas das rela\u00e7\u00f5es internacionais e os princ\u00edpios b\u00e1sicos do direito internacional.<\/p>\n\n\n\n<p>\u201cA Confer\u00eancia de Bandung em 1955 pode ser vista como um momento simb\u00f3lico. Nesta altura, o mundo n\u00e3o-ocidental disse em voz alta que deveria ser levado a s\u00e9rio na pol\u00edtica mundial\u201d, escreveu o historiador americano Immanuel Wallerstein.<\/p>\n\n\n\n<figure class=\"wp-block-image\"><img decoding=\"async\" src=\"https:\/\/portuguese.news.cn\/20240423\/6f5fae531af34debabd0c1b16befffef\/202404236f5fae531af34debabd0c1b16befffef_202404235d80b7d6a8a94160b2c8981c0cbb6215.jpeg\" alt=\"\"\/><figcaption>Foto tirada no dia 14 de abril de 2024 mostra miniatura de navio da Companhia Holandesa das \u00cdndias Orientais do per\u00edodo colonial no Museu de Hist\u00f3ria de Jacarta. (Xinhua\/Ye Pingfan)<\/figcaption><\/figure>\n\n\n\n<p><strong>\u201cTRAI\u00c7\u00c3O, SUBORNO, MASSACRE E MALDADE\u201d<\/strong><\/p>\n\n\n\n<p>O colonialismo foi o ponto de partida da acumula\u00e7\u00e3o primitiva de capital no Ocidente. Os colonos europeus que acreditavam na supremacia branca e na lei da selva invadiram a \u00c1frica, as Am\u00e9ricas e a \u00c1sia, onde massacraram e saquearam de forma selvagem, causando ondas de atrocidades.<\/p>\n\n\n\n<p>Em 1619, a Holanda tomou Jayakarta, o centro comercial da ilha de Java, e o renomearem de Bat\u00e1via, que hoje \u00e9 Jacarta. Os holandeses tomaram Bat\u00e1via como sede da Companhia Holandesa das \u00cdndias Orientais (VOC) no Oriente e a usaram como fortaleza para colonizar a Indon\u00e9sia. Em meados do s\u00e9culo 17, o volume de com\u00e9rcio da VOC representava quase metade do com\u00e9rcio global total naquela \u00e9poca.<\/p>\n\n\n\n<p>\u201cA hist\u00f3ria da administra\u00e7\u00e3o colonial da Holanda \u00e9 uma das mais extraordin\u00e1rias rela\u00e7\u00f5es de trai\u00e7\u00e3o, suborno, massacre e maldade. Onde quer que eles pisassem, a devasta\u00e7\u00e3o e o despovoamento aconteciam. Banjuwangi, uma prov\u00edncia de Java, em 1750 contava com mais de 80.000 habitantes, em 1811 apenas 18.000\u201d, escreveu Karl Marx no seu livro \u201cCapital\u201d.<\/p>\n\n\n\n<p>Nos seus quase 200 anos de hist\u00f3ria, a VOC esteve envolvida em cerca de 800 conflitos armados, grandes e pequenos.<\/p>\n\n\n\n<p>Jan Pieterszoon Coen, que foi governador-geral da VOC duas vezes durante seus primeiros anos, era conhecido pela sua crueldade. Em 1621, para monopolizar o com\u00e9rcio de noz-moscada, ordenou o massacre da maior parte dos 15.000 residentes das Ilhas Banda. Ficou conhecido como o \u201cA\u00e7ougueiro de Banda\u201d pelos locais.<\/p>\n\n\n\n<p>Em 1830, as autoridades coloniais holandesas introduziram o \u201cSistema de Cultivo\u201d, exigindo que os habitantes locais usassem 20% de suas terras para cultivar culturas comerciais de exporta\u00e7\u00e3o, como \u00edndigo, caf\u00e9 e a\u00e7\u00facar. As autoridades coloniais expropriaram tantas terras que os habitantes locais quase n\u00e3o tinham onde cultivar alimentos, gerando fome em massa.<\/p>\n\n\n\n<p>\u201cOs governantes coloniais holandeses que tomaram conta destas ilhas, assim como a Companhia Holandesa das \u00cdndias Orientais no passado, s\u00f3 estavam interessados em ganhar dinheiro e n\u00e3o se importavam com a vida da popula\u00e7\u00e3o local\u201d, escreveu a escritora brit\u00e2nica Elizabeth Pisani no seu livro \u201cIndonesia, Etc.: Exploring the Improbable Nation\u201d (em tradu\u00e7\u00e3o livre: Indon\u00e9sia, Etc.: Explorando a Na\u00e7\u00e3o Improv\u00e1vel).<\/p>\n\n\n\n<p>\u201cEles derrubaram as selvas de Sumatra para plantar seringueiras e cacaueiros. Eles erradicaram as selvas em Java, Sulawesi e outras ilhas para obter caf\u00e9, ch\u00e1, a\u00e7\u00facar e tabaco. Eles desenvolveram vigorosamente terras para cavar minas de estanho, minas de ouro e petr\u00f3leo. Durante um per\u00edodo, os holandeses retiraram metade do seu rendimento nacional da Indon\u00e9sia\u201d.<\/p>\n\n\n\n<p>Durante seus mais de 300 anos de dom\u00ednio colonial, os holandeses sempre tiveram o papel de predadores e seguiram uma abordagem b\u00e1rbara de matar a galinha dos ovos de ouro. Isso levou ao desenvolvimento anormal da economia indon\u00e9sia e a reduziu completamente a um fornecedor de mat\u00e9rias-primas para os holandeses.<\/p>\n\n\n\n<p><strong>LAN\u00c7AS DE BAMBU<\/strong><\/p>\n\n\n\n<p>O Monumento \u00e0 Luta do Povo de Java Ocidental \u00e9 erguido no norte de Bandung. Os 17 degraus de basalto do monumento, a plataforma de 45 metros de di\u00e2metro e os oito imponentes pilares de pedra em forma de bambu foram especialmente projetados para comemorar o dia da independ\u00eancia da Indon\u00e9sia, 17 de agosto de 1945.<\/p>\n\n\n\n<p>Mohamed Rikrik, narrador do monumento, disse que na cultura sudanesa de Java Ocidental, o bambu representa a liberdade. Os pilares de pedra foram constru\u00eddos em forma de lan\u00e7a de bambu porque as elas eram a principal arma usada pelo povo indon\u00e9sio contra os colonos.<\/p>\n\n\n\n<p>Na primeira metade do s\u00e9culo 20, o povo oprimido da \u00c1sia acordou aos poucos e os apelos dos indon\u00e9sios \u00e0 independ\u00eancia ficaram cada vez mais frequentes.<\/p>\n\n\n\n<p>Em 1908, foi formada uma sociedade pol\u00edtica nacionalista nativa chamada Budi Utomo. Em 1912, foi criado o primeiro partido pol\u00edtico, a Associa\u00e7\u00e3o Isl\u00e2mica.<\/p>\n\n\n\n<p>\u201cUm desenvolvimento significativo \u00e9 a propaga\u00e7\u00e3o do movimento democr\u00e1tico revolucion\u00e1rio \u00e0s \u00cdndias Orientais Holandesas, \u00e0 Java e \u00e0s outras col\u00f4nias holandesas, com uma popula\u00e7\u00e3o de cerca de 40 milh\u00f5es, o antigo despotismo e a tirania do governo holand\u00eas agora tinham resist\u00eancia resoluta e protesto das massas da popula\u00e7\u00e3o nativa\u201d, escreveu Vladimir Lenin no seu artigo \u201cThe Awakening of Asia\u201d, (em tradu\u00e7\u00e3o livre: O Despertar da \u00c1sia) em 1913.<\/p>\n\n\n\n<figure class=\"wp-block-image\"><img decoding=\"async\" src=\"https:\/\/portuguese.news.cn\/20240423\/6f5fae531af34debabd0c1b16befffef\/202404236f5fae531af34debabd0c1b16befffef_2024042376ffd079769c444e8fe7f24fb73274b3.jpeg\" alt=\"\"\/><figcaption>Foto de arquivo mostra primeiro presidente da Indon\u00e9sia, Sukarno, chegando a Bandung para participar da cerim\u00f4nia de abertura da Confer\u00eancia Sino-Africana, tamb\u00e9m conhecida como Confer\u00eancia de Bandung, realizada de 18 a 24 de abril de 1955. (Xinhua)<\/figcaption><\/figure>\n\n\n\n<p><strong>O GALO CANTA PORQUE O SOL NASCE<\/strong><\/p>\n\n\n\n<p>Constru\u00eddo em 1907, o Museu de Acusa\u00e7\u00e3o da Indon\u00e9sia em Bandung foi usado pela primeira vez pelas autoridades coloniais holandesas para julgar o povo anti-holand\u00eas.<\/p>\n\n\n\n<p>\u201cFoi aqui que Sukarno foi julgado. No julgamento de dois dias, ele se defendeu com sucesso\u201d, disse Dede Ahmad, narrador do museu.<\/p>\n\n\n\n<p>Em 1927, Sukarno e outros formaram a Associa\u00e7\u00e3o Nacional da Indon\u00e9sia, mais tarde renomeada como Partido Nacional da Indon\u00e9sia, para lutar pela independ\u00eancia nacional. Dois anos depois, as autoridades coloniais holandesas prenderam Sukarno sob a acusa\u00e7\u00e3o de \u201ciniciar uma rebeli\u00e3o\u201d.<\/p>\n\n\n\n<p>Durante o julgamento, Sukarno fez um longo discurso de defesa intitulado \u201cA Indon\u00e9sia acusa\u201d, citando os crimes dos colonos holandeses e defendendo a luta justa do povo indon\u00e9sio pela independ\u00eancia nacional.<\/p>\n\n\n\n<p>\u201cNa verdade, o sol n\u00e3o nasce porque o galo canta, mas o galo canta porque o sol nasce! A verdade \u00e9 que tamb\u00e9m na Indon\u00e9sia o movimento nacional nasceu do imperialismo, que foi idolatrado pela classe dominante, e sobretudo pelo sistema de drenagem econ\u00f4mica que opera no pa\u00eds h\u00e1 s\u00e9culos. O imperialismo \u00e9 o principal instigador e criminoso que incita a rebeli\u00e3o, portanto, leve o imperialismo \u00e0 justi\u00e7a!\u201d, disse Sukarno em seu discurso de defesa.<\/p>\n\n\n\n<p>A voz da justi\u00e7a de Sukarno suscitou respostas entusi\u00e1sticas por parte dos indon\u00e9sios e p\u00e2nico por parte dos colonos holandeses. Ele foi condenado a quatro anos de pris\u00e3o e enviado para a pris\u00e3o de Bandung.<\/p>\n\n\n\n<p>Sukarno virou o primeiro presidente da Indon\u00e9sia ap\u00f3s a independ\u00eancia em 1945 e liderou com sucesso o povo indon\u00e9sio a derrotar a tentativa dos colonialistas holandeses de recolonizar a Indon\u00e9sia atrav\u00e9s da guerra.<\/p>\n\n\n\n<p>Ele afirmou que os colonialistas n\u00e3o estariam dispostos a aceitar a derrota na \u00c1sia e na \u00c1frica e que os pa\u00edses rec\u00e9m-fundados deveriam se unir em oposi\u00e7\u00e3o ao colonialismo e ao imperialismo.<\/p>\n\n\n\n<p>Em 1955, a Confer\u00eancia Sino-Africana iniciada por Sukarno e outros foi realizada com sucesso na Rua \u00c1sia-\u00c1frica, a apenas 1 km do local do julgamento onde \u201cIndon\u00e9sia Acusa\u201d foi proferido. Essa confer\u00eancia simbolizou o despertar e a unidade dos povos da \u00c1sia e da \u00c1frica.<\/p>\n\n\n\n<p><strong>DESENVOLVIMENTO M\u00daTUO<\/strong><\/p>\n\n\n\n<p>\u201cTodos vimos a injusti\u00e7a da atual ordem econ\u00f4mica mundial. Devemos rejeitar a discrimina\u00e7\u00e3o comercial. O desenvolvimento industrial a jusante n\u00e3o deve ser prejudicado. Devemos continuar defendendo uma coopera\u00e7\u00e3o igual e inclusiva\u201d, disse o presidente indon\u00e9sio, Joko Widodo.<\/p>\n\n\n\n<p>No final de agosto de 2023, na reuni\u00e3o dos l\u00edderes do grupo BRICS em Joanesburgo, \u00c1frica do Sul, Widodo apelou aos pa\u00edses do Sul Global para se unirem, protegerem seus direitos ao desenvolvimento e se oporem a a\u00e7\u00f5es que impe\u00e7am o progresso.<\/p>\n\n\n\n<p>A esta\u00e7\u00e3o ferrovi\u00e1ria Tegalluar de Bandung foi inaugurada em 7 de setembro do ano passado. \u00c9 uma das quatro esta\u00e7\u00f5es da Ferrovia de Alta Velocidade Jacarta-Bandung, um projeto hist\u00f3rico no \u00e2mbito da Iniciativa do Cintur\u00e3o e Rota, constru\u00edda conjuntamente pela Indon\u00e9sia e pela China.<\/p>\n\n\n\n<p>O comboio de alta velocidade reduziu o tempo de viagem entre Jacarta e Bandung de mais de tr\u00eas horas para 40 minutos, refor\u00e7ando as atividades econ\u00f4micas e as oportunidades de emprego.<\/p>\n\n\n\n<p>\u201cEstou muito feliz, e o povo indon\u00e9sio tamb\u00e9m est\u00e1 muito feliz porque nossa ferrovia de alta velocidade \u00e9 a \u00fanica no Sudeste Asi\u00e1tico. Com essa infraestrutura, podemos estabelecer as bases para o progresso. O mais importante \u00e9 que isso tamb\u00e9m ir\u00e1 melhorar a competitividade nacional da Indon\u00e9sia\u201d, disse Widodo antes da opera\u00e7\u00e3o comercial da ferrovia.<\/p>\n\n\n\n<p>Bambang Suryono, presidente do think tank Nanyang ASEAN Foundation, com sede em Jacarta, disse que os pa\u00edses ocidentais alcan\u00e7aram sua moderniza\u00e7\u00e3o atrav\u00e9s da escraviza\u00e7\u00e3o e explora\u00e7\u00e3o de outros pa\u00edses, devastando as pessoas desses pa\u00edses.<\/p>\n\n\n\n<p>\u201cAtrav\u00e9s da solidariedade e coopera\u00e7\u00e3o com a China, a Indon\u00e9sia participa na constru\u00e7\u00e3o conjunta da Iniciativa do Cintur\u00e3o e Rota e alcan\u00e7a o desenvolvimento m\u00fatuo. Isso prova que os pa\u00edses do Sul Global podem embarcar em um novo caminho de desenvolvimento\u201d, acrescentou ele.<\/p>\n\n\n\n<p><strong>DE M\u00c3OS DADAS E OMBRO A OMBRO<\/strong><\/p>\n\n\n\n<p>Em 22 de abril de 2015, o presidente chin\u00eas Xi Jinping fez um discurso intitulado \u201cLevar Adiante o Esp\u00edrito de Bandung para uma Coopera\u00e7\u00e3o M\u00fatua\u201d na C\u00fapula Sino-Africana realizada na Indon\u00e9sia.<\/p>\n\n\n\n<p>\u201cH\u00e1 sessenta anos, l\u00edderes de 29 pa\u00edses asi\u00e1ticos e africanos participaram na Confer\u00eancia de Bandung, dando origem ao esp\u00edrito de solidariedade, amizade e coopera\u00e7\u00e3o de Bandung, refor\u00e7ando o movimento de liberta\u00e7\u00e3o nacional na \u00c1sia, na \u00c1frica e na Am\u00e9rica Latina, e acelerando o processo global da descoloniza\u00e7\u00e3o\u201d, disse Xi em seu discurso.<\/p>\n\n\n\n<p>\u201cO esp\u00edrito de Bandung, nas novas circunst\u00e2ncias, mant\u00e9m uma forte vitalidade. Devemos levar adiante o esp\u00edrito de Bandung, enriquecendo-o com novos elementos consistentes com a mudan\u00e7a dos tempos, impulsionando um novo tipo de rela\u00e7\u00f5es internacionais caracterizadas por uma coopera\u00e7\u00e3o m\u00fatua, promovendo uma sociedade mais justa, ordem e sistema internacionais igualit\u00e1rios\u201d, e construindo uma comunidade com futuro compartilhado para a humanidade, trazendo benef\u00edcios ainda maiores para as pessoas na \u00c1sia, na \u00c1frica e em outras partes do mundo, disse ele.<\/p>\n\n\n\n<p>Hoje em Bandung, os trens da Ferrovia de Alta Velocidade Jacarta-Bandung passam em alta velocidade, incorporando o esp\u00edrito de Bandung de \u201csolidariedade, amizade e coopera\u00e7\u00e3o\u201d na nova era.<\/p>\n\n\n\n<p>O m\u00fasico indon\u00e9sio Andy Qiu escreveu uma can\u00e7\u00e3o, \u2018Move Forward to Realize Your Dreams\u201d, para a ferrovia. Segundo a letra: \u201cDe m\u00e3os dadas, ombro a ombro, enquanto estivermos unidos, nada \u00e9 imposs\u00edvel\u201d.<\/p>\n","protected":false},"excerpt":{"rendered":"<p>Jacarta \u2013 \u201cPoucas cidades na hist\u00f3ria conquistaram tantos cora\u00e7\u00f5es e mentes como Bandung\u201d, comentou o falecido presidente honor\u00e1rio da Rep\u00fablica Popular da China, Soong Ching Ling, sobre a cidade indon\u00e9sia. A hist\u00f3rica Confer\u00eancia Sino-Africana, tamb\u00e9m conhecida como Confer\u00eancia de Bandung,&#8230;<\/p>\n","protected":false},"author":3,"featured_media":19487,"comment_status":"open","ping_status":"open","sticky":false,"template":"","format":"standard","meta":{"footnotes":""},"categories":[1],"tags":[],"class_list":["post-19486","post","type-post","status-publish","format-standard","has-post-thumbnail","hentry","category-geral"],"yoast_head":"<!-- This site is optimized with the Yoast SEO plugin v27.4 - https:\/\/yoast.com\/product\/yoast-seo-wordpress\/ -->\n<title>Destaque: Ap\u00f3s 69 anos, Esp\u00edrito de Bandung continua vivo no Sul Global - Xinhua - Diario de Pernambuco<\/title>\n<meta name=\"robots\" content=\"index, follow, max-snippet:-1, max-image-preview:large, max-video-preview:-1\" \/>\n<link rel=\"canonical\" href=\"https:\/\/diariodepe.com.br\/xinhua\/2024\/04\/23\/destaque-apos-69-anos-espirito-de-bandung-continua-vivo-no-sul-global\/\" \/>\n<meta property=\"og:locale\" content=\"pt_BR\" \/>\n<meta property=\"og:type\" content=\"article\" \/>\n<meta property=\"og:title\" content=\"Destaque: Ap\u00f3s 69 anos, Esp\u00edrito de Bandung continua vivo no Sul Global - Xinhua - Diario de Pernambuco\" \/>\n<meta property=\"og:description\" content=\"Jacarta \u2013 \u201cPoucas cidades na hist\u00f3ria conquistaram tantos cora\u00e7\u00f5es e mentes como Bandung\u201d, comentou o falecido presidente honor\u00e1rio da Rep\u00fablica Popular da China, Soong Ching Ling, sobre a cidade indon\u00e9sia. A hist\u00f3rica Confer\u00eancia Sino-Africana, tamb\u00e9m conhecida como Confer\u00eancia de Bandung,...\" \/>\n<meta property=\"og:url\" content=\"https:\/\/diariodepe.com.br\/xinhua\/2024\/04\/23\/destaque-apos-69-anos-espirito-de-bandung-continua-vivo-no-sul-global\/\" \/>\n<meta property=\"og:site_name\" content=\"Xinhua - Diario de Pernambuco\" \/>\n<meta property=\"article:published_time\" content=\"2024-04-23T13:46:00+00:00\" \/>\n<meta property=\"og:image\" content=\"https:\/\/diariodepe.com.br\/xinhua\/wp-content\/uploads\/sites\/3\/2024\/04\/202404236f5fae531af34debabd0c1b16befffef_20240423a9ff41d4828c4c8cba34f7f347542285.jpeg\" \/>\n\t<meta property=\"og:image:width\" content=\"900\" \/>\n\t<meta property=\"og:image:height\" content=\"366\" \/>\n\t<meta property=\"og:image:type\" content=\"image\/jpeg\" \/>\n<meta name=\"author\" content=\"Marcelo Oliveira de A. Maranhao\" \/>\n<meta name=\"twitter:card\" content=\"summary_large_image\" \/>\n<meta name=\"twitter:label1\" content=\"Escrito por\" \/>\n\t<meta name=\"twitter:data1\" content=\"Marcelo Oliveira de A. Maranhao\" \/>\n\t<meta name=\"twitter:label2\" content=\"Est. tempo de leitura\" \/>\n\t<meta name=\"twitter:data2\" content=\"13 minutos\" \/>\n<script type=\"application\/ld+json\" class=\"yoast-schema-graph\">{\"@context\":\"https:\\\/\\\/schema.org\",\"@graph\":[{\"@type\":\"Article\",\"@id\":\"https:\\\/\\\/diariodepe.com.br\\\/xinhua\\\/2024\\\/04\\\/23\\\/destaque-apos-69-anos-espirito-de-bandung-continua-vivo-no-sul-global\\\/#article\",\"isPartOf\":{\"@id\":\"https:\\\/\\\/diariodepe.com.br\\\/xinhua\\\/2024\\\/04\\\/23\\\/destaque-apos-69-anos-espirito-de-bandung-continua-vivo-no-sul-global\\\/\"},\"author\":{\"name\":\"Marcelo Oliveira de A. Maranhao\",\"@id\":\"https:\\\/\\\/diariodepe.com.br\\\/xinhua\\\/#\\\/schema\\\/person\\\/0943d6fd02bdc7b49c8f495e8787a2cb\"},\"headline\":\"Destaque: Ap\u00f3s 69 anos, Esp\u00edrito de Bandung continua vivo no Sul Global\",\"datePublished\":\"2024-04-23T13:46:00+00:00\",\"mainEntityOfPage\":{\"@id\":\"https:\\\/\\\/diariodepe.com.br\\\/xinhua\\\/2024\\\/04\\\/23\\\/destaque-apos-69-anos-espirito-de-bandung-continua-vivo-no-sul-global\\\/\"},\"wordCount\":2360,\"commentCount\":0,\"publisher\":{\"@id\":\"https:\\\/\\\/diariodepe.com.br\\\/xinhua\\\/#organization\"},\"image\":{\"@id\":\"https:\\\/\\\/diariodepe.com.br\\\/xinhua\\\/2024\\\/04\\\/23\\\/destaque-apos-69-anos-espirito-de-bandung-continua-vivo-no-sul-global\\\/#primaryimage\"},\"thumbnailUrl\":\"https:\\\/\\\/diariodepe.com.br\\\/xinhua\\\/wp-content\\\/uploads\\\/sites\\\/3\\\/2024\\\/04\\\/202404236f5fae531af34debabd0c1b16befffef_20240423a9ff41d4828c4c8cba34f7f347542285.jpeg\",\"articleSection\":[\"Geral\"],\"inLanguage\":\"pt-BR\",\"potentialAction\":[{\"@type\":\"CommentAction\",\"name\":\"Comment\",\"target\":[\"https:\\\/\\\/diariodepe.com.br\\\/xinhua\\\/2024\\\/04\\\/23\\\/destaque-apos-69-anos-espirito-de-bandung-continua-vivo-no-sul-global\\\/#respond\"]}]},{\"@type\":\"WebPage\",\"@id\":\"https:\\\/\\\/diariodepe.com.br\\\/xinhua\\\/2024\\\/04\\\/23\\\/destaque-apos-69-anos-espirito-de-bandung-continua-vivo-no-sul-global\\\/\",\"url\":\"https:\\\/\\\/diariodepe.com.br\\\/xinhua\\\/2024\\\/04\\\/23\\\/destaque-apos-69-anos-espirito-de-bandung-continua-vivo-no-sul-global\\\/\",\"name\":\"Destaque: Ap\u00f3s 69 anos, Esp\u00edrito de Bandung continua vivo no Sul Global - Xinhua - Diario de Pernambuco\",\"isPartOf\":{\"@id\":\"https:\\\/\\\/diariodepe.com.br\\\/xinhua\\\/#website\"},\"primaryImageOfPage\":{\"@id\":\"https:\\\/\\\/diariodepe.com.br\\\/xinhua\\\/2024\\\/04\\\/23\\\/destaque-apos-69-anos-espirito-de-bandung-continua-vivo-no-sul-global\\\/#primaryimage\"},\"image\":{\"@id\":\"https:\\\/\\\/diariodepe.com.br\\\/xinhua\\\/2024\\\/04\\\/23\\\/destaque-apos-69-anos-espirito-de-bandung-continua-vivo-no-sul-global\\\/#primaryimage\"},\"thumbnailUrl\":\"https:\\\/\\\/diariodepe.com.br\\\/xinhua\\\/wp-content\\\/uploads\\\/sites\\\/3\\\/2024\\\/04\\\/202404236f5fae531af34debabd0c1b16befffef_20240423a9ff41d4828c4c8cba34f7f347542285.jpeg\",\"datePublished\":\"2024-04-23T13:46:00+00:00\",\"breadcrumb\":{\"@id\":\"https:\\\/\\\/diariodepe.com.br\\\/xinhua\\\/2024\\\/04\\\/23\\\/destaque-apos-69-anos-espirito-de-bandung-continua-vivo-no-sul-global\\\/#breadcrumb\"},\"inLanguage\":\"pt-BR\",\"potentialAction\":[{\"@type\":\"ReadAction\",\"target\":[\"https:\\\/\\\/diariodepe.com.br\\\/xinhua\\\/2024\\\/04\\\/23\\\/destaque-apos-69-anos-espirito-de-bandung-continua-vivo-no-sul-global\\\/\"]}]},{\"@type\":\"ImageObject\",\"inLanguage\":\"pt-BR\",\"@id\":\"https:\\\/\\\/diariodepe.com.br\\\/xinhua\\\/2024\\\/04\\\/23\\\/destaque-apos-69-anos-espirito-de-bandung-continua-vivo-no-sul-global\\\/#primaryimage\",\"url\":\"https:\\\/\\\/diariodepe.com.br\\\/xinhua\\\/wp-content\\\/uploads\\\/sites\\\/3\\\/2024\\\/04\\\/202404236f5fae531af34debabd0c1b16befffef_20240423a9ff41d4828c4c8cba34f7f347542285.jpeg\",\"contentUrl\":\"https:\\\/\\\/diariodepe.com.br\\\/xinhua\\\/wp-content\\\/uploads\\\/sites\\\/3\\\/2024\\\/04\\\/202404236f5fae531af34debabd0c1b16befffef_20240423a9ff41d4828c4c8cba34f7f347542285.jpeg\",\"width\":900,\"height\":366,\"caption\":\"\u00d0\u00c2\u00bb\u00aa\u00c9\u00e7\u00d5\u00d5\u00c6\u00ac\u00a3\u00ac\u00b1\u00b1\u00be\u00a9\u00a3\u00ac2005\u00c4\u00ea4\u00c8\u00d511\u00c8\u00d5 \u00bb\u00d8\u00ca\u00d7\u00cd\u00f2\u00c2\u00a1\u00bb\u00e1\u00d2\u00e9 \u00a1\u00a1\u00a1\u00a11955\u00c4\u00ea4\u00d4\u00c218\u00c8\u00d5\u00a9\u00a424\u00c8\u00d5\u00a3\u00ac29\u00b8\u00f6\u00d1\u00c7\u00b7\u00c7\u00b9\u00fa\u00bc\u00d2\u00ba\u00cd\u00b5\u00d8\u00c7\u00f8\u00b5\u00c4\u00d5\u00fe\u00b8\u00ae\u00b4\u00fa\u00b1\u00ed\u00cd\u00c5\u00d4\u00da\u00d3\u00a1\u00b6\u00c8\u00c4\u00e1\u00ce\u00f7\u00d1\u00c7\u00cd\u00f2\u00c2\u00a1\u00d5\u00d9\u00bf\u00aa\u00ca\u00d7\u00bd\u00ec\u00d1\u00c7\u00b7\u00c7\u00bb\u00e1\u00d2\u00e9\u00a3\u00ac\u00bc\u00b4\u00cd\u00f2\u00c2\u00a1\u00bb\u00e1\u00d2\u00e9\u00a1\u00a3\u00d5\u00e2\u00ca\u00c7\u00d1\u00c7\u00b7\u00c7\u00b9\u00fa\u00bc\u00d2\u00b5\u00da\u00d2\u00bb\u00b4\u00ce\u00d4\u00da\u00c3\u00bb\u00d3\u00d0\u00ce\u00f7\u00b7\u00bd\u00d6\u00b3\u00c3\u00f1\u00b9\u00fa\u00bc\u00d2\u00b2\u00ce\u00bc\u00d3\u00b5\u00c4\u00c7\u00e9\u00bf\u00f6\u00cf\u00c2\u00d7\u00d4\u00d0\u00d0\u00d5\u00d9\u00bf\u00aa\u00b5\u00c4\u00bb\u00e1\u00d2\u00e9\u00a1\u00a3\u00bb\u00e1\u00d2\u00e9\u00cc\u00d6\u00c2\u00db\u00c1\u00cb\u00b9\u00fa\u00bc\u00ca\u00d0\u00ce\u00ca\u00c6\u00ba\u00cd\u00d3\u00d0\u00b9\u00d8\u00d1\u00c7\u00b7\u00c7\u00b9\u00fa\u00bc\u00d2\u00c8\u00cb\u00c3\u00f1\u00b9\u00b2\u00cd\u00ac\u00c0\u00fb\u00ba\u00a6\u00b9\u00d8\u00cf\u00b5\u00b5\u00c4\u00ce\u00ca\u00cc\u00e2\u00a1\u00a3\u00bb\u00e1\u00d2\u00e9\u00b7\u00a2\u00b1\u00ed\u00b5\u00c4\u00d7\u00ee\u00ba\u00f3\u00b9\u00ab\u00b1\u00a8\u00cc\u00e1\u00b3\u00f6\u00c1\u00cb\u00d3\u00eb\u00ba\u00cd\u00c6\u00bd\u00b9\u00b2\u00b4\u00a6\u00ce\u00e5\u00cf\u00ee\u00d4\u00ad\u00d4\u00f2\u00b5\u00c4\u00be\u00ab\u00c9\u00f1\u00cf\u00e0\u00d2\u00bb\u00d6\u00c2\u00b5\u00c4\u00a1\u00a2\u00b4\u00d9\u00bd\u00f8\u00ca\u00c0\u00bd\u00e7\u00ba\u00cd\u00c6\u00bd\u00ba\u00cd\u00ba\u00cf\u00d7\u00f7\u00b5\u00c4\u00ca\u00ae\u00cf\u00ee\u00b9\u00fa\u00bc\u00ca\u00b9\u00d8\u00cf\u00b5\u00d4\u00ad\u00d4\u00f2\u00a1\u00a3 \u00a1\u00a1\u00a1\u00a1\u00d5\u00e2\u00ca\u00c7\u00cd\u00f2\u00c2\u00a1\u00bb\u00e1\u00d2\u00e9\u00bb\u00e1\u00b3\u00a1\u00a1\u00a3 \u00d0\u00c2\u00bb\u00aa\u00c9\u00e7\u00b7\u00a2\"},{\"@type\":\"BreadcrumbList\",\"@id\":\"https:\\\/\\\/diariodepe.com.br\\\/xinhua\\\/2024\\\/04\\\/23\\\/destaque-apos-69-anos-espirito-de-bandung-continua-vivo-no-sul-global\\\/#breadcrumb\",\"itemListElement\":[{\"@type\":\"ListItem\",\"position\":1,\"name\":\"In\u00edcio\",\"item\":\"https:\\\/\\\/diariodepe.com.br\\\/xinhua\\\/\"},{\"@type\":\"ListItem\",\"position\":2,\"name\":\"Destaque: Ap\u00f3s 69 anos, Esp\u00edrito de Bandung continua vivo no Sul Global\"}]},{\"@type\":\"WebSite\",\"@id\":\"https:\\\/\\\/diariodepe.com.br\\\/xinhua\\\/#website\",\"url\":\"https:\\\/\\\/diariodepe.com.br\\\/xinhua\\\/\",\"name\":\"Xinhua - Diario de Pernambuco\",\"description\":\"A maior ag\u00eancia de not\u00edcias da China e um dos principais canais para conhecer o pa\u00eds\",\"publisher\":{\"@id\":\"https:\\\/\\\/diariodepe.com.br\\\/xinhua\\\/#organization\"},\"potentialAction\":[{\"@type\":\"SearchAction\",\"target\":{\"@type\":\"EntryPoint\",\"urlTemplate\":\"https:\\\/\\\/diariodepe.com.br\\\/xinhua\\\/?s={search_term_string}\"},\"query-input\":{\"@type\":\"PropertyValueSpecification\",\"valueRequired\":true,\"valueName\":\"search_term_string\"}}],\"inLanguage\":\"pt-BR\"},{\"@type\":\"Organization\",\"@id\":\"https:\\\/\\\/diariodepe.com.br\\\/xinhua\\\/#organization\",\"name\":\"Xinhua - Diario de Pernambuco\",\"url\":\"https:\\\/\\\/diariodepe.com.br\\\/xinhua\\\/\",\"logo\":{\"@type\":\"ImageObject\",\"inLanguage\":\"pt-BR\",\"@id\":\"https:\\\/\\\/diariodepe.com.br\\\/xinhua\\\/#\\\/schema\\\/logo\\\/image\\\/\",\"url\":\"https:\\\/\\\/diariodepe.com.br\\\/xinhua\\\/wp-content\\\/uploads\\\/sites\\\/3\\\/2020\\\/10\\\/cropped-logo-transparente-2.png\",\"contentUrl\":\"https:\\\/\\\/diariodepe.com.br\\\/xinhua\\\/wp-content\\\/uploads\\\/sites\\\/3\\\/2020\\\/10\\\/cropped-logo-transparente-2.png\",\"width\":512,\"height\":164,\"caption\":\"Xinhua - Diario de Pernambuco\"},\"image\":{\"@id\":\"https:\\\/\\\/diariodepe.com.br\\\/xinhua\\\/#\\\/schema\\\/logo\\\/image\\\/\"}},{\"@type\":\"Person\",\"@id\":\"https:\\\/\\\/diariodepe.com.br\\\/xinhua\\\/#\\\/schema\\\/person\\\/0943d6fd02bdc7b49c8f495e8787a2cb\",\"name\":\"Marcelo Oliveira de A. Maranhao\",\"image\":{\"@type\":\"ImageObject\",\"inLanguage\":\"pt-BR\",\"@id\":\"https:\\\/\\\/secure.gravatar.com\\\/avatar\\\/f562caee940d39879c20e90eea3e4b21860c7d4c96684c23141c554824f0059c?s=96&d=mm&r=g\",\"url\":\"https:\\\/\\\/secure.gravatar.com\\\/avatar\\\/f562caee940d39879c20e90eea3e4b21860c7d4c96684c23141c554824f0059c?s=96&d=mm&r=g\",\"contentUrl\":\"https:\\\/\\\/secure.gravatar.com\\\/avatar\\\/f562caee940d39879c20e90eea3e4b21860c7d4c96684c23141c554824f0059c?s=96&d=mm&r=g\",\"caption\":\"Marcelo Oliveira de A. Maranhao\"},\"url\":\"https:\\\/\\\/diariodepe.com.br\\\/xinhua\\\/author\\\/marcelo-maranhao\\\/\"}]}<\/script>\n<!-- \/ Yoast SEO plugin. -->","yoast_head_json":{"title":"Destaque: Ap\u00f3s 69 anos, Esp\u00edrito de Bandung continua vivo no Sul Global - Xinhua - Diario de Pernambuco","robots":{"index":"index","follow":"follow","max-snippet":"max-snippet:-1","max-image-preview":"max-image-preview:large","max-video-preview":"max-video-preview:-1"},"canonical":"https:\/\/diariodepe.com.br\/xinhua\/2024\/04\/23\/destaque-apos-69-anos-espirito-de-bandung-continua-vivo-no-sul-global\/","og_locale":"pt_BR","og_type":"article","og_title":"Destaque: Ap\u00f3s 69 anos, Esp\u00edrito de Bandung continua vivo no Sul Global - Xinhua - Diario de Pernambuco","og_description":"Jacarta \u2013 \u201cPoucas cidades na hist\u00f3ria conquistaram tantos cora\u00e7\u00f5es e mentes como Bandung\u201d, comentou o falecido presidente honor\u00e1rio da Rep\u00fablica Popular da China, Soong Ching Ling, sobre a cidade indon\u00e9sia. A hist\u00f3rica Confer\u00eancia Sino-Africana, tamb\u00e9m conhecida como Confer\u00eancia de Bandung,...","og_url":"https:\/\/diariodepe.com.br\/xinhua\/2024\/04\/23\/destaque-apos-69-anos-espirito-de-bandung-continua-vivo-no-sul-global\/","og_site_name":"Xinhua - Diario de Pernambuco","article_published_time":"2024-04-23T13:46:00+00:00","og_image":[{"width":900,"height":366,"url":"https:\/\/diariodepe.com.br\/xinhua\/wp-content\/uploads\/sites\/3\/2024\/04\/202404236f5fae531af34debabd0c1b16befffef_20240423a9ff41d4828c4c8cba34f7f347542285.jpeg","type":"image\/jpeg"}],"author":"Marcelo Oliveira de A. Maranhao","twitter_card":"summary_large_image","twitter_misc":{"Escrito por":"Marcelo Oliveira de A. Maranhao","Est. tempo de leitura":"13 minutos"},"schema":{"@context":"https:\/\/schema.org","@graph":[{"@type":"Article","@id":"https:\/\/diariodepe.com.br\/xinhua\/2024\/04\/23\/destaque-apos-69-anos-espirito-de-bandung-continua-vivo-no-sul-global\/#article","isPartOf":{"@id":"https:\/\/diariodepe.com.br\/xinhua\/2024\/04\/23\/destaque-apos-69-anos-espirito-de-bandung-continua-vivo-no-sul-global\/"},"author":{"name":"Marcelo Oliveira de A. Maranhao","@id":"https:\/\/diariodepe.com.br\/xinhua\/#\/schema\/person\/0943d6fd02bdc7b49c8f495e8787a2cb"},"headline":"Destaque: Ap\u00f3s 69 anos, Esp\u00edrito de Bandung continua vivo no Sul Global","datePublished":"2024-04-23T13:46:00+00:00","mainEntityOfPage":{"@id":"https:\/\/diariodepe.com.br\/xinhua\/2024\/04\/23\/destaque-apos-69-anos-espirito-de-bandung-continua-vivo-no-sul-global\/"},"wordCount":2360,"commentCount":0,"publisher":{"@id":"https:\/\/diariodepe.com.br\/xinhua\/#organization"},"image":{"@id":"https:\/\/diariodepe.com.br\/xinhua\/2024\/04\/23\/destaque-apos-69-anos-espirito-de-bandung-continua-vivo-no-sul-global\/#primaryimage"},"thumbnailUrl":"https:\/\/diariodepe.com.br\/xinhua\/wp-content\/uploads\/sites\/3\/2024\/04\/202404236f5fae531af34debabd0c1b16befffef_20240423a9ff41d4828c4c8cba34f7f347542285.jpeg","articleSection":["Geral"],"inLanguage":"pt-BR","potentialAction":[{"@type":"CommentAction","name":"Comment","target":["https:\/\/diariodepe.com.br\/xinhua\/2024\/04\/23\/destaque-apos-69-anos-espirito-de-bandung-continua-vivo-no-sul-global\/#respond"]}]},{"@type":"WebPage","@id":"https:\/\/diariodepe.com.br\/xinhua\/2024\/04\/23\/destaque-apos-69-anos-espirito-de-bandung-continua-vivo-no-sul-global\/","url":"https:\/\/diariodepe.com.br\/xinhua\/2024\/04\/23\/destaque-apos-69-anos-espirito-de-bandung-continua-vivo-no-sul-global\/","name":"Destaque: Ap\u00f3s 69 anos, Esp\u00edrito de Bandung continua vivo no Sul Global - Xinhua - Diario de Pernambuco","isPartOf":{"@id":"https:\/\/diariodepe.com.br\/xinhua\/#website"},"primaryImageOfPage":{"@id":"https:\/\/diariodepe.com.br\/xinhua\/2024\/04\/23\/destaque-apos-69-anos-espirito-de-bandung-continua-vivo-no-sul-global\/#primaryimage"},"image":{"@id":"https:\/\/diariodepe.com.br\/xinhua\/2024\/04\/23\/destaque-apos-69-anos-espirito-de-bandung-continua-vivo-no-sul-global\/#primaryimage"},"thumbnailUrl":"https:\/\/diariodepe.com.br\/xinhua\/wp-content\/uploads\/sites\/3\/2024\/04\/202404236f5fae531af34debabd0c1b16befffef_20240423a9ff41d4828c4c8cba34f7f347542285.jpeg","datePublished":"2024-04-23T13:46:00+00:00","breadcrumb":{"@id":"https:\/\/diariodepe.com.br\/xinhua\/2024\/04\/23\/destaque-apos-69-anos-espirito-de-bandung-continua-vivo-no-sul-global\/#breadcrumb"},"inLanguage":"pt-BR","potentialAction":[{"@type":"ReadAction","target":["https:\/\/diariodepe.com.br\/xinhua\/2024\/04\/23\/destaque-apos-69-anos-espirito-de-bandung-continua-vivo-no-sul-global\/"]}]},{"@type":"ImageObject","inLanguage":"pt-BR","@id":"https:\/\/diariodepe.com.br\/xinhua\/2024\/04\/23\/destaque-apos-69-anos-espirito-de-bandung-continua-vivo-no-sul-global\/#primaryimage","url":"https:\/\/diariodepe.com.br\/xinhua\/wp-content\/uploads\/sites\/3\/2024\/04\/202404236f5fae531af34debabd0c1b16befffef_20240423a9ff41d4828c4c8cba34f7f347542285.jpeg","contentUrl":"https:\/\/diariodepe.com.br\/xinhua\/wp-content\/uploads\/sites\/3\/2024\/04\/202404236f5fae531af34debabd0c1b16befffef_20240423a9ff41d4828c4c8cba34f7f347542285.jpeg","width":900,"height":366,"caption":"\u00d0\u00c2\u00bb\u00aa\u00c9\u00e7\u00d5\u00d5\u00c6\u00ac\u00a3\u00ac\u00b1\u00b1\u00be\u00a9\u00a3\u00ac2005\u00c4\u00ea4\u00c8\u00d511\u00c8\u00d5 \u00bb\u00d8\u00ca\u00d7\u00cd\u00f2\u00c2\u00a1\u00bb\u00e1\u00d2\u00e9 \u00a1\u00a1\u00a1\u00a11955\u00c4\u00ea4\u00d4\u00c218\u00c8\u00d5\u00a9\u00a424\u00c8\u00d5\u00a3\u00ac29\u00b8\u00f6\u00d1\u00c7\u00b7\u00c7\u00b9\u00fa\u00bc\u00d2\u00ba\u00cd\u00b5\u00d8\u00c7\u00f8\u00b5\u00c4\u00d5\u00fe\u00b8\u00ae\u00b4\u00fa\u00b1\u00ed\u00cd\u00c5\u00d4\u00da\u00d3\u00a1\u00b6\u00c8\u00c4\u00e1\u00ce\u00f7\u00d1\u00c7\u00cd\u00f2\u00c2\u00a1\u00d5\u00d9\u00bf\u00aa\u00ca\u00d7\u00bd\u00ec\u00d1\u00c7\u00b7\u00c7\u00bb\u00e1\u00d2\u00e9\u00a3\u00ac\u00bc\u00b4\u00cd\u00f2\u00c2\u00a1\u00bb\u00e1\u00d2\u00e9\u00a1\u00a3\u00d5\u00e2\u00ca\u00c7\u00d1\u00c7\u00b7\u00c7\u00b9\u00fa\u00bc\u00d2\u00b5\u00da\u00d2\u00bb\u00b4\u00ce\u00d4\u00da\u00c3\u00bb\u00d3\u00d0\u00ce\u00f7\u00b7\u00bd\u00d6\u00b3\u00c3\u00f1\u00b9\u00fa\u00bc\u00d2\u00b2\u00ce\u00bc\u00d3\u00b5\u00c4\u00c7\u00e9\u00bf\u00f6\u00cf\u00c2\u00d7\u00d4\u00d0\u00d0\u00d5\u00d9\u00bf\u00aa\u00b5\u00c4\u00bb\u00e1\u00d2\u00e9\u00a1\u00a3\u00bb\u00e1\u00d2\u00e9\u00cc\u00d6\u00c2\u00db\u00c1\u00cb\u00b9\u00fa\u00bc\u00ca\u00d0\u00ce\u00ca\u00c6\u00ba\u00cd\u00d3\u00d0\u00b9\u00d8\u00d1\u00c7\u00b7\u00c7\u00b9\u00fa\u00bc\u00d2\u00c8\u00cb\u00c3\u00f1\u00b9\u00b2\u00cd\u00ac\u00c0\u00fb\u00ba\u00a6\u00b9\u00d8\u00cf\u00b5\u00b5\u00c4\u00ce\u00ca\u00cc\u00e2\u00a1\u00a3\u00bb\u00e1\u00d2\u00e9\u00b7\u00a2\u00b1\u00ed\u00b5\u00c4\u00d7\u00ee\u00ba\u00f3\u00b9\u00ab\u00b1\u00a8\u00cc\u00e1\u00b3\u00f6\u00c1\u00cb\u00d3\u00eb\u00ba\u00cd\u00c6\u00bd\u00b9\u00b2\u00b4\u00a6\u00ce\u00e5\u00cf\u00ee\u00d4\u00ad\u00d4\u00f2\u00b5\u00c4\u00be\u00ab\u00c9\u00f1\u00cf\u00e0\u00d2\u00bb\u00d6\u00c2\u00b5\u00c4\u00a1\u00a2\u00b4\u00d9\u00bd\u00f8\u00ca\u00c0\u00bd\u00e7\u00ba\u00cd\u00c6\u00bd\u00ba\u00cd\u00ba\u00cf\u00d7\u00f7\u00b5\u00c4\u00ca\u00ae\u00cf\u00ee\u00b9\u00fa\u00bc\u00ca\u00b9\u00d8\u00cf\u00b5\u00d4\u00ad\u00d4\u00f2\u00a1\u00a3 \u00a1\u00a1\u00a1\u00a1\u00d5\u00e2\u00ca\u00c7\u00cd\u00f2\u00c2\u00a1\u00bb\u00e1\u00d2\u00e9\u00bb\u00e1\u00b3\u00a1\u00a1\u00a3 \u00d0\u00c2\u00bb\u00aa\u00c9\u00e7\u00b7\u00a2"},{"@type":"BreadcrumbList","@id":"https:\/\/diariodepe.com.br\/xinhua\/2024\/04\/23\/destaque-apos-69-anos-espirito-de-bandung-continua-vivo-no-sul-global\/#breadcrumb","itemListElement":[{"@type":"ListItem","position":1,"name":"In\u00edcio","item":"https:\/\/diariodepe.com.br\/xinhua\/"},{"@type":"ListItem","position":2,"name":"Destaque: Ap\u00f3s 69 anos, Esp\u00edrito de Bandung continua vivo no Sul Global"}]},{"@type":"WebSite","@id":"https:\/\/diariodepe.com.br\/xinhua\/#website","url":"https:\/\/diariodepe.com.br\/xinhua\/","name":"Xinhua - Diario de Pernambuco","description":"A maior ag\u00eancia de not\u00edcias da China e um dos principais canais para conhecer o pa\u00eds","publisher":{"@id":"https:\/\/diariodepe.com.br\/xinhua\/#organization"},"potentialAction":[{"@type":"SearchAction","target":{"@type":"EntryPoint","urlTemplate":"https:\/\/diariodepe.com.br\/xinhua\/?s={search_term_string}"},"query-input":{"@type":"PropertyValueSpecification","valueRequired":true,"valueName":"search_term_string"}}],"inLanguage":"pt-BR"},{"@type":"Organization","@id":"https:\/\/diariodepe.com.br\/xinhua\/#organization","name":"Xinhua - Diario de Pernambuco","url":"https:\/\/diariodepe.com.br\/xinhua\/","logo":{"@type":"ImageObject","inLanguage":"pt-BR","@id":"https:\/\/diariodepe.com.br\/xinhua\/#\/schema\/logo\/image\/","url":"https:\/\/diariodepe.com.br\/xinhua\/wp-content\/uploads\/sites\/3\/2020\/10\/cropped-logo-transparente-2.png","contentUrl":"https:\/\/diariodepe.com.br\/xinhua\/wp-content\/uploads\/sites\/3\/2020\/10\/cropped-logo-transparente-2.png","width":512,"height":164,"caption":"Xinhua - Diario de Pernambuco"},"image":{"@id":"https:\/\/diariodepe.com.br\/xinhua\/#\/schema\/logo\/image\/"}},{"@type":"Person","@id":"https:\/\/diariodepe.com.br\/xinhua\/#\/schema\/person\/0943d6fd02bdc7b49c8f495e8787a2cb","name":"Marcelo Oliveira de A. Maranhao","image":{"@type":"ImageObject","inLanguage":"pt-BR","@id":"https:\/\/secure.gravatar.com\/avatar\/f562caee940d39879c20e90eea3e4b21860c7d4c96684c23141c554824f0059c?s=96&d=mm&r=g","url":"https:\/\/secure.gravatar.com\/avatar\/f562caee940d39879c20e90eea3e4b21860c7d4c96684c23141c554824f0059c?s=96&d=mm&r=g","contentUrl":"https:\/\/secure.gravatar.com\/avatar\/f562caee940d39879c20e90eea3e4b21860c7d4c96684c23141c554824f0059c?s=96&d=mm&r=g","caption":"Marcelo Oliveira de A. Maranhao"},"url":"https:\/\/diariodepe.com.br\/xinhua\/author\/marcelo-maranhao\/"}]}},"cc_featured_image_caption":{"caption_text":"","source_text":"","source_url":""},"amp_enabled":true,"_links":{"self":[{"href":"https:\/\/diariodepe.com.br\/xinhua\/wp-json\/wp\/v2\/posts\/19486","targetHints":{"allow":["GET"]}}],"collection":[{"href":"https:\/\/diariodepe.com.br\/xinhua\/wp-json\/wp\/v2\/posts"}],"about":[{"href":"https:\/\/diariodepe.com.br\/xinhua\/wp-json\/wp\/v2\/types\/post"}],"author":[{"embeddable":true,"href":"https:\/\/diariodepe.com.br\/xinhua\/wp-json\/wp\/v2\/users\/3"}],"replies":[{"embeddable":true,"href":"https:\/\/diariodepe.com.br\/xinhua\/wp-json\/wp\/v2\/comments?post=19486"}],"version-history":[{"count":1,"href":"https:\/\/diariodepe.com.br\/xinhua\/wp-json\/wp\/v2\/posts\/19486\/revisions"}],"predecessor-version":[{"id":19488,"href":"https:\/\/diariodepe.com.br\/xinhua\/wp-json\/wp\/v2\/posts\/19486\/revisions\/19488"}],"wp:featuredmedia":[{"embeddable":true,"href":"https:\/\/diariodepe.com.br\/xinhua\/wp-json\/wp\/v2\/media\/19487"}],"wp:attachment":[{"href":"https:\/\/diariodepe.com.br\/xinhua\/wp-json\/wp\/v2\/media?parent=19486"}],"wp:term":[{"taxonomy":"category","embeddable":true,"href":"https:\/\/diariodepe.com.br\/xinhua\/wp-json\/wp\/v2\/categories?post=19486"},{"taxonomy":"post_tag","embeddable":true,"href":"https:\/\/diariodepe.com.br\/xinhua\/wp-json\/wp\/v2\/tags?post=19486"}],"curies":[{"name":"wp","href":"https:\/\/api.w.org\/{rel}","templated":true}]}}