{"id":19482,"date":"2024-04-23T09:50:46","date_gmt":"2024-04-23T12:50:46","guid":{"rendered":"https:\/\/www.diariodepe.com.br\/xinhua\/?p=19482"},"modified":"2024-04-23T09:53:15","modified_gmt":"2024-04-23T12:53:15","slug":"extrema-pobreza-cai-no-brasil-em-2023-ao-menor-nivel-de-sua-historia","status":"publish","type":"post","link":"https:\/\/diariodepe.com.br\/xinhua\/2024\/04\/23\/extrema-pobreza-cai-no-brasil-em-2023-ao-menor-nivel-de-sua-historia\/","title":{"rendered":"Extrema pobreza cai no Brasil em 2023 ao menor n\u00edvel de sua hist\u00f3ria"},"content":{"rendered":"\n<p>Rio de Janeiro &#8211; A pobreza extrema no Brasil caiu em 2023 ao menor n\u00edvel registrado na hist\u00f3ria, ficando em 8,3% da popula\u00e7\u00e3o, equivalente a 16,9 milh\u00f5es de pessoas e 2,6 milh\u00f5es a menos que em 2022, informou no dia 19 o Centro de Pol\u00edtica Social da Funda\u00e7\u00e3o Get\u00falio Vargas (FGV).<\/p>\n\n\n\n<p>O relat\u00f3rio foi divulgado depois que o Instituto Brasileiro de Geografia e Estat\u00edstica (IBGE) divulgou na quinta-feira que a desigualdade social no Brasil se manteve no ano passado em seu menor n\u00edvel hist\u00f3rico &#8211; 0,518 do \u00edndice Gini &#8211; e que os ingressos da popula\u00e7\u00e3o aumentaram 11,5% em compara\u00e7\u00e3o com 2022, alcan\u00e7ando uma renda familiar m\u00e9dia per capita recorde de 1.848 reais mensais (US$ 355).<\/p>\n\n\n\n<p>Segundo o estudo da FGV, com o aumento da renda m\u00e9dia dos brasileiros em 2023, o Brasil alcan\u00e7ou o menor n\u00edvel de pobreza extrema registrado no pa\u00eds. Para isso, os pesquisadores da FGV estabeleceram uma linha de extrema pobreza definida pela pr\u00f3pria equipe: se considera extremamente pobre quem ganha menos de 303 reais (US$ 58) por m\u00eas por pessoa da fam\u00edlia, incluindo todas as fontes de renda.<\/p>\n\n\n\n<p>Segundo o relat\u00f3rio, o resultado \u00e9 surpreendente em um contexto no qual os ingressos m\u00e9dios cresceram dois d\u00edgitos em praticamente todos os setores de renda. Isto significa que a expans\u00e3o do programa de transfer\u00eancia de renda Bolsa Fam\u00edlia, considerado o principal motor de crescimento entre os mais pobres, n\u00e3o parece ter dificultado o mercado de trabalho, j\u00e1 que houve um aumento dos sal\u00e1rios e do n\u00famero de empregados em 2023.<\/p>\n\n\n\n<p>Entre dezembro de 2019 (antes da pandemia) e dezembro de 2023, o n\u00famero total de fam\u00edlias integradas ao Bolsa Fam\u00edlia passou de 13,2 milh\u00f5es para 21,1 milh\u00f5es (aumento de 60%). Os pagamentos mensais passaram de 2,1 bilh\u00f5es de reais (US$ 403 milh\u00f5es) a 14,2 bilh\u00f5es de reais (US$ 2,731 bilh\u00f5es).<\/p>\n","protected":false},"excerpt":{"rendered":"<p>Rio de Janeiro &#8211; A pobreza extrema no Brasil caiu em 2023 ao menor n\u00edvel registrado na hist\u00f3ria, ficando em 8,3% da popula\u00e7\u00e3o, equivalente a 16,9 milh\u00f5es de pessoas e 2,6 milh\u00f5es a menos que em 2022, informou no dia&#8230;<\/p>\n","protected":false},"author":3,"featured_media":19483,"comment_status":"open","ping_status":"open","sticky":false,"template":"","format":"standard","meta":{"footnotes":""},"categories":[1],"tags":[],"class_list":["post-19482","post","type-post","status-publish","format-standard","has-post-thumbnail","hentry","category-geral"],"yoast_head":"<!-- This site is optimized with the Yoast SEO plugin v27.4 - https:\/\/yoast.com\/product\/yoast-seo-wordpress\/ -->\n<title>Extrema pobreza cai no Brasil em 2023 ao menor n\u00edvel de sua hist\u00f3ria - Xinhua - Diario de Pernambuco<\/title>\n<meta name=\"robots\" content=\"index, follow, max-snippet:-1, max-image-preview:large, max-video-preview:-1\" \/>\n<link rel=\"canonical\" href=\"https:\/\/diariodepe.com.br\/xinhua\/2024\/04\/23\/extrema-pobreza-cai-no-brasil-em-2023-ao-menor-nivel-de-sua-historia\/\" \/>\n<meta property=\"og:locale\" content=\"pt_BR\" \/>\n<meta property=\"og:type\" content=\"article\" \/>\n<meta property=\"og:title\" content=\"Extrema pobreza cai no Brasil em 2023 ao menor n\u00edvel de sua hist\u00f3ria - Xinhua - Diario de Pernambuco\" \/>\n<meta property=\"og:description\" content=\"Rio de Janeiro &#8211; A pobreza extrema no Brasil caiu em 2023 ao menor n\u00edvel registrado na hist\u00f3ria, ficando em 8,3% da popula\u00e7\u00e3o, equivalente a 16,9 milh\u00f5es de pessoas e 2,6 milh\u00f5es a menos que em 2022, informou no dia...\" \/>\n<meta property=\"og:url\" content=\"https:\/\/diariodepe.com.br\/xinhua\/2024\/04\/23\/extrema-pobreza-cai-no-brasil-em-2023-ao-menor-nivel-de-sua-historia\/\" \/>\n<meta property=\"og:site_name\" content=\"Xinhua - Diario de Pernambuco\" \/>\n<meta property=\"article:published_time\" content=\"2024-04-23T12:50:46+00:00\" \/>\n<meta property=\"article:modified_time\" content=\"2024-04-23T12:53:15+00:00\" \/>\n<meta property=\"og:image\" content=\"https:\/\/diariodepe.com.br\/xinhua\/wp-content\/uploads\/sites\/3\/2024\/04\/9626ad8c267e4b2a97acc6a2820fe88c.jpg\" \/>\n\t<meta property=\"og:image:width\" content=\"1000\" \/>\n\t<meta property=\"og:image:height\" content=\"500\" \/>\n\t<meta property=\"og:image:type\" content=\"image\/jpeg\" \/>\n<meta name=\"author\" content=\"Marcelo Oliveira de A. Maranhao\" \/>\n<meta name=\"twitter:card\" content=\"summary_large_image\" \/>\n<meta name=\"twitter:label1\" content=\"Escrito por\" \/>\n\t<meta name=\"twitter:data1\" content=\"Marcelo Oliveira de A. Maranhao\" \/>\n\t<meta name=\"twitter:label2\" content=\"Est. tempo de leitura\" \/>\n\t<meta name=\"twitter:data2\" content=\"2 minutos\" \/>\n<script type=\"application\/ld+json\" class=\"yoast-schema-graph\">{\"@context\":\"https:\\\/\\\/schema.org\",\"@graph\":[{\"@type\":\"Article\",\"@id\":\"https:\\\/\\\/diariodepe.com.br\\\/xinhua\\\/2024\\\/04\\\/23\\\/extrema-pobreza-cai-no-brasil-em-2023-ao-menor-nivel-de-sua-historia\\\/#article\",\"isPartOf\":{\"@id\":\"https:\\\/\\\/diariodepe.com.br\\\/xinhua\\\/2024\\\/04\\\/23\\\/extrema-pobreza-cai-no-brasil-em-2023-ao-menor-nivel-de-sua-historia\\\/\"},\"author\":{\"name\":\"Marcelo Oliveira de A. Maranhao\",\"@id\":\"https:\\\/\\\/diariodepe.com.br\\\/xinhua\\\/#\\\/schema\\\/person\\\/0943d6fd02bdc7b49c8f495e8787a2cb\"},\"headline\":\"Extrema pobreza cai no Brasil em 2023 ao menor n\u00edvel de sua hist\u00f3ria\",\"datePublished\":\"2024-04-23T12:50:46+00:00\",\"dateModified\":\"2024-04-23T12:53:15+00:00\",\"mainEntityOfPage\":{\"@id\":\"https:\\\/\\\/diariodepe.com.br\\\/xinhua\\\/2024\\\/04\\\/23\\\/extrema-pobreza-cai-no-brasil-em-2023-ao-menor-nivel-de-sua-historia\\\/\"},\"wordCount\":333,\"commentCount\":0,\"publisher\":{\"@id\":\"https:\\\/\\\/diariodepe.com.br\\\/xinhua\\\/#organization\"},\"image\":{\"@id\":\"https:\\\/\\\/diariodepe.com.br\\\/xinhua\\\/2024\\\/04\\\/23\\\/extrema-pobreza-cai-no-brasil-em-2023-ao-menor-nivel-de-sua-historia\\\/#primaryimage\"},\"thumbnailUrl\":\"https:\\\/\\\/diariodepe.com.br\\\/xinhua\\\/wp-content\\\/uploads\\\/sites\\\/3\\\/2024\\\/04\\\/9626ad8c267e4b2a97acc6a2820fe88c.jpg\",\"articleSection\":[\"Geral\"],\"inLanguage\":\"pt-BR\",\"potentialAction\":[{\"@type\":\"CommentAction\",\"name\":\"Comment\",\"target\":[\"https:\\\/\\\/diariodepe.com.br\\\/xinhua\\\/2024\\\/04\\\/23\\\/extrema-pobreza-cai-no-brasil-em-2023-ao-menor-nivel-de-sua-historia\\\/#respond\"]}]},{\"@type\":\"WebPage\",\"@id\":\"https:\\\/\\\/diariodepe.com.br\\\/xinhua\\\/2024\\\/04\\\/23\\\/extrema-pobreza-cai-no-brasil-em-2023-ao-menor-nivel-de-sua-historia\\\/\",\"url\":\"https:\\\/\\\/diariodepe.com.br\\\/xinhua\\\/2024\\\/04\\\/23\\\/extrema-pobreza-cai-no-brasil-em-2023-ao-menor-nivel-de-sua-historia\\\/\",\"name\":\"Extrema pobreza cai no Brasil em 2023 ao menor n\u00edvel de sua hist\u00f3ria - Xinhua - Diario de Pernambuco\",\"isPartOf\":{\"@id\":\"https:\\\/\\\/diariodepe.com.br\\\/xinhua\\\/#website\"},\"primaryImageOfPage\":{\"@id\":\"https:\\\/\\\/diariodepe.com.br\\\/xinhua\\\/2024\\\/04\\\/23\\\/extrema-pobreza-cai-no-brasil-em-2023-ao-menor-nivel-de-sua-historia\\\/#primaryimage\"},\"image\":{\"@id\":\"https:\\\/\\\/diariodepe.com.br\\\/xinhua\\\/2024\\\/04\\\/23\\\/extrema-pobreza-cai-no-brasil-em-2023-ao-menor-nivel-de-sua-historia\\\/#primaryimage\"},\"thumbnailUrl\":\"https:\\\/\\\/diariodepe.com.br\\\/xinhua\\\/wp-content\\\/uploads\\\/sites\\\/3\\\/2024\\\/04\\\/9626ad8c267e4b2a97acc6a2820fe88c.jpg\",\"datePublished\":\"2024-04-23T12:50:46+00:00\",\"dateModified\":\"2024-04-23T12:53:15+00:00\",\"breadcrumb\":{\"@id\":\"https:\\\/\\\/diariodepe.com.br\\\/xinhua\\\/2024\\\/04\\\/23\\\/extrema-pobreza-cai-no-brasil-em-2023-ao-menor-nivel-de-sua-historia\\\/#breadcrumb\"},\"inLanguage\":\"pt-BR\",\"potentialAction\":[{\"@type\":\"ReadAction\",\"target\":[\"https:\\\/\\\/diariodepe.com.br\\\/xinhua\\\/2024\\\/04\\\/23\\\/extrema-pobreza-cai-no-brasil-em-2023-ao-menor-nivel-de-sua-historia\\\/\"]}]},{\"@type\":\"ImageObject\",\"inLanguage\":\"pt-BR\",\"@id\":\"https:\\\/\\\/diariodepe.com.br\\\/xinhua\\\/2024\\\/04\\\/23\\\/extrema-pobreza-cai-no-brasil-em-2023-ao-menor-nivel-de-sua-historia\\\/#primaryimage\",\"url\":\"https:\\\/\\\/diariodepe.com.br\\\/xinhua\\\/wp-content\\\/uploads\\\/sites\\\/3\\\/2024\\\/04\\\/9626ad8c267e4b2a97acc6a2820fe88c.jpg\",\"contentUrl\":\"https:\\\/\\\/diariodepe.com.br\\\/xinhua\\\/wp-content\\\/uploads\\\/sites\\\/3\\\/2024\\\/04\\\/9626ad8c267e4b2a97acc6a2820fe88c.jpg\",\"width\":1000,\"height\":500},{\"@type\":\"BreadcrumbList\",\"@id\":\"https:\\\/\\\/diariodepe.com.br\\\/xinhua\\\/2024\\\/04\\\/23\\\/extrema-pobreza-cai-no-brasil-em-2023-ao-menor-nivel-de-sua-historia\\\/#breadcrumb\",\"itemListElement\":[{\"@type\":\"ListItem\",\"position\":1,\"name\":\"In\u00edcio\",\"item\":\"https:\\\/\\\/diariodepe.com.br\\\/xinhua\\\/\"},{\"@type\":\"ListItem\",\"position\":2,\"name\":\"Extrema pobreza cai no Brasil em 2023 ao menor n\u00edvel de sua hist\u00f3ria\"}]},{\"@type\":\"WebSite\",\"@id\":\"https:\\\/\\\/diariodepe.com.br\\\/xinhua\\\/#website\",\"url\":\"https:\\\/\\\/diariodepe.com.br\\\/xinhua\\\/\",\"name\":\"Xinhua - Diario de Pernambuco\",\"description\":\"A maior ag\u00eancia de not\u00edcias da China e um dos principais canais para conhecer o pa\u00eds\",\"publisher\":{\"@id\":\"https:\\\/\\\/diariodepe.com.br\\\/xinhua\\\/#organization\"},\"potentialAction\":[{\"@type\":\"SearchAction\",\"target\":{\"@type\":\"EntryPoint\",\"urlTemplate\":\"https:\\\/\\\/diariodepe.com.br\\\/xinhua\\\/?s={search_term_string}\"},\"query-input\":{\"@type\":\"PropertyValueSpecification\",\"valueRequired\":true,\"valueName\":\"search_term_string\"}}],\"inLanguage\":\"pt-BR\"},{\"@type\":\"Organization\",\"@id\":\"https:\\\/\\\/diariodepe.com.br\\\/xinhua\\\/#organization\",\"name\":\"Xinhua - Diario de Pernambuco\",\"url\":\"https:\\\/\\\/diariodepe.com.br\\\/xinhua\\\/\",\"logo\":{\"@type\":\"ImageObject\",\"inLanguage\":\"pt-BR\",\"@id\":\"https:\\\/\\\/diariodepe.com.br\\\/xinhua\\\/#\\\/schema\\\/logo\\\/image\\\/\",\"url\":\"https:\\\/\\\/diariodepe.com.br\\\/xinhua\\\/wp-content\\\/uploads\\\/sites\\\/3\\\/2020\\\/10\\\/cropped-logo-transparente-2.png\",\"contentUrl\":\"https:\\\/\\\/diariodepe.com.br\\\/xinhua\\\/wp-content\\\/uploads\\\/sites\\\/3\\\/2020\\\/10\\\/cropped-logo-transparente-2.png\",\"width\":512,\"height\":164,\"caption\":\"Xinhua - Diario de Pernambuco\"},\"image\":{\"@id\":\"https:\\\/\\\/diariodepe.com.br\\\/xinhua\\\/#\\\/schema\\\/logo\\\/image\\\/\"}},{\"@type\":\"Person\",\"@id\":\"https:\\\/\\\/diariodepe.com.br\\\/xinhua\\\/#\\\/schema\\\/person\\\/0943d6fd02bdc7b49c8f495e8787a2cb\",\"name\":\"Marcelo Oliveira de A. Maranhao\",\"image\":{\"@type\":\"ImageObject\",\"inLanguage\":\"pt-BR\",\"@id\":\"https:\\\/\\\/secure.gravatar.com\\\/avatar\\\/f562caee940d39879c20e90eea3e4b21860c7d4c96684c23141c554824f0059c?s=96&d=mm&r=g\",\"url\":\"https:\\\/\\\/secure.gravatar.com\\\/avatar\\\/f562caee940d39879c20e90eea3e4b21860c7d4c96684c23141c554824f0059c?s=96&d=mm&r=g\",\"contentUrl\":\"https:\\\/\\\/secure.gravatar.com\\\/avatar\\\/f562caee940d39879c20e90eea3e4b21860c7d4c96684c23141c554824f0059c?s=96&d=mm&r=g\",\"caption\":\"Marcelo Oliveira de A. Maranhao\"},\"url\":\"https:\\\/\\\/diariodepe.com.br\\\/xinhua\\\/author\\\/marcelo-maranhao\\\/\"}]}<\/script>\n<!-- \/ Yoast SEO plugin. -->","yoast_head_json":{"title":"Extrema pobreza cai no Brasil em 2023 ao menor n\u00edvel de sua hist\u00f3ria - Xinhua - Diario de Pernambuco","robots":{"index":"index","follow":"follow","max-snippet":"max-snippet:-1","max-image-preview":"max-image-preview:large","max-video-preview":"max-video-preview:-1"},"canonical":"https:\/\/diariodepe.com.br\/xinhua\/2024\/04\/23\/extrema-pobreza-cai-no-brasil-em-2023-ao-menor-nivel-de-sua-historia\/","og_locale":"pt_BR","og_type":"article","og_title":"Extrema pobreza cai no Brasil em 2023 ao menor n\u00edvel de sua hist\u00f3ria - Xinhua - Diario de Pernambuco","og_description":"Rio de Janeiro &#8211; A pobreza extrema no Brasil caiu em 2023 ao menor n\u00edvel registrado na hist\u00f3ria, ficando em 8,3% da popula\u00e7\u00e3o, equivalente a 16,9 milh\u00f5es de pessoas e 2,6 milh\u00f5es a menos que em 2022, informou no dia...","og_url":"https:\/\/diariodepe.com.br\/xinhua\/2024\/04\/23\/extrema-pobreza-cai-no-brasil-em-2023-ao-menor-nivel-de-sua-historia\/","og_site_name":"Xinhua - Diario de Pernambuco","article_published_time":"2024-04-23T12:50:46+00:00","article_modified_time":"2024-04-23T12:53:15+00:00","og_image":[{"width":1000,"height":500,"url":"https:\/\/diariodepe.com.br\/xinhua\/wp-content\/uploads\/sites\/3\/2024\/04\/9626ad8c267e4b2a97acc6a2820fe88c.jpg","type":"image\/jpeg"}],"author":"Marcelo Oliveira de A. Maranhao","twitter_card":"summary_large_image","twitter_misc":{"Escrito por":"Marcelo Oliveira de A. Maranhao","Est. tempo de leitura":"2 minutos"},"schema":{"@context":"https:\/\/schema.org","@graph":[{"@type":"Article","@id":"https:\/\/diariodepe.com.br\/xinhua\/2024\/04\/23\/extrema-pobreza-cai-no-brasil-em-2023-ao-menor-nivel-de-sua-historia\/#article","isPartOf":{"@id":"https:\/\/diariodepe.com.br\/xinhua\/2024\/04\/23\/extrema-pobreza-cai-no-brasil-em-2023-ao-menor-nivel-de-sua-historia\/"},"author":{"name":"Marcelo Oliveira de A. Maranhao","@id":"https:\/\/diariodepe.com.br\/xinhua\/#\/schema\/person\/0943d6fd02bdc7b49c8f495e8787a2cb"},"headline":"Extrema pobreza cai no Brasil em 2023 ao menor n\u00edvel de sua hist\u00f3ria","datePublished":"2024-04-23T12:50:46+00:00","dateModified":"2024-04-23T12:53:15+00:00","mainEntityOfPage":{"@id":"https:\/\/diariodepe.com.br\/xinhua\/2024\/04\/23\/extrema-pobreza-cai-no-brasil-em-2023-ao-menor-nivel-de-sua-historia\/"},"wordCount":333,"commentCount":0,"publisher":{"@id":"https:\/\/diariodepe.com.br\/xinhua\/#organization"},"image":{"@id":"https:\/\/diariodepe.com.br\/xinhua\/2024\/04\/23\/extrema-pobreza-cai-no-brasil-em-2023-ao-menor-nivel-de-sua-historia\/#primaryimage"},"thumbnailUrl":"https:\/\/diariodepe.com.br\/xinhua\/wp-content\/uploads\/sites\/3\/2024\/04\/9626ad8c267e4b2a97acc6a2820fe88c.jpg","articleSection":["Geral"],"inLanguage":"pt-BR","potentialAction":[{"@type":"CommentAction","name":"Comment","target":["https:\/\/diariodepe.com.br\/xinhua\/2024\/04\/23\/extrema-pobreza-cai-no-brasil-em-2023-ao-menor-nivel-de-sua-historia\/#respond"]}]},{"@type":"WebPage","@id":"https:\/\/diariodepe.com.br\/xinhua\/2024\/04\/23\/extrema-pobreza-cai-no-brasil-em-2023-ao-menor-nivel-de-sua-historia\/","url":"https:\/\/diariodepe.com.br\/xinhua\/2024\/04\/23\/extrema-pobreza-cai-no-brasil-em-2023-ao-menor-nivel-de-sua-historia\/","name":"Extrema pobreza cai no Brasil em 2023 ao menor n\u00edvel de sua hist\u00f3ria - Xinhua - Diario de Pernambuco","isPartOf":{"@id":"https:\/\/diariodepe.com.br\/xinhua\/#website"},"primaryImageOfPage":{"@id":"https:\/\/diariodepe.com.br\/xinhua\/2024\/04\/23\/extrema-pobreza-cai-no-brasil-em-2023-ao-menor-nivel-de-sua-historia\/#primaryimage"},"image":{"@id":"https:\/\/diariodepe.com.br\/xinhua\/2024\/04\/23\/extrema-pobreza-cai-no-brasil-em-2023-ao-menor-nivel-de-sua-historia\/#primaryimage"},"thumbnailUrl":"https:\/\/diariodepe.com.br\/xinhua\/wp-content\/uploads\/sites\/3\/2024\/04\/9626ad8c267e4b2a97acc6a2820fe88c.jpg","datePublished":"2024-04-23T12:50:46+00:00","dateModified":"2024-04-23T12:53:15+00:00","breadcrumb":{"@id":"https:\/\/diariodepe.com.br\/xinhua\/2024\/04\/23\/extrema-pobreza-cai-no-brasil-em-2023-ao-menor-nivel-de-sua-historia\/#breadcrumb"},"inLanguage":"pt-BR","potentialAction":[{"@type":"ReadAction","target":["https:\/\/diariodepe.com.br\/xinhua\/2024\/04\/23\/extrema-pobreza-cai-no-brasil-em-2023-ao-menor-nivel-de-sua-historia\/"]}]},{"@type":"ImageObject","inLanguage":"pt-BR","@id":"https:\/\/diariodepe.com.br\/xinhua\/2024\/04\/23\/extrema-pobreza-cai-no-brasil-em-2023-ao-menor-nivel-de-sua-historia\/#primaryimage","url":"https:\/\/diariodepe.com.br\/xinhua\/wp-content\/uploads\/sites\/3\/2024\/04\/9626ad8c267e4b2a97acc6a2820fe88c.jpg","contentUrl":"https:\/\/diariodepe.com.br\/xinhua\/wp-content\/uploads\/sites\/3\/2024\/04\/9626ad8c267e4b2a97acc6a2820fe88c.jpg","width":1000,"height":500},{"@type":"BreadcrumbList","@id":"https:\/\/diariodepe.com.br\/xinhua\/2024\/04\/23\/extrema-pobreza-cai-no-brasil-em-2023-ao-menor-nivel-de-sua-historia\/#breadcrumb","itemListElement":[{"@type":"ListItem","position":1,"name":"In\u00edcio","item":"https:\/\/diariodepe.com.br\/xinhua\/"},{"@type":"ListItem","position":2,"name":"Extrema pobreza cai no Brasil em 2023 ao menor n\u00edvel de sua hist\u00f3ria"}]},{"@type":"WebSite","@id":"https:\/\/diariodepe.com.br\/xinhua\/#website","url":"https:\/\/diariodepe.com.br\/xinhua\/","name":"Xinhua - Diario de Pernambuco","description":"A maior ag\u00eancia de not\u00edcias da China e um dos principais canais para conhecer o pa\u00eds","publisher":{"@id":"https:\/\/diariodepe.com.br\/xinhua\/#organization"},"potentialAction":[{"@type":"SearchAction","target":{"@type":"EntryPoint","urlTemplate":"https:\/\/diariodepe.com.br\/xinhua\/?s={search_term_string}"},"query-input":{"@type":"PropertyValueSpecification","valueRequired":true,"valueName":"search_term_string"}}],"inLanguage":"pt-BR"},{"@type":"Organization","@id":"https:\/\/diariodepe.com.br\/xinhua\/#organization","name":"Xinhua - Diario de Pernambuco","url":"https:\/\/diariodepe.com.br\/xinhua\/","logo":{"@type":"ImageObject","inLanguage":"pt-BR","@id":"https:\/\/diariodepe.com.br\/xinhua\/#\/schema\/logo\/image\/","url":"https:\/\/diariodepe.com.br\/xinhua\/wp-content\/uploads\/sites\/3\/2020\/10\/cropped-logo-transparente-2.png","contentUrl":"https:\/\/diariodepe.com.br\/xinhua\/wp-content\/uploads\/sites\/3\/2020\/10\/cropped-logo-transparente-2.png","width":512,"height":164,"caption":"Xinhua - Diario de Pernambuco"},"image":{"@id":"https:\/\/diariodepe.com.br\/xinhua\/#\/schema\/logo\/image\/"}},{"@type":"Person","@id":"https:\/\/diariodepe.com.br\/xinhua\/#\/schema\/person\/0943d6fd02bdc7b49c8f495e8787a2cb","name":"Marcelo Oliveira de A. Maranhao","image":{"@type":"ImageObject","inLanguage":"pt-BR","@id":"https:\/\/secure.gravatar.com\/avatar\/f562caee940d39879c20e90eea3e4b21860c7d4c96684c23141c554824f0059c?s=96&d=mm&r=g","url":"https:\/\/secure.gravatar.com\/avatar\/f562caee940d39879c20e90eea3e4b21860c7d4c96684c23141c554824f0059c?s=96&d=mm&r=g","contentUrl":"https:\/\/secure.gravatar.com\/avatar\/f562caee940d39879c20e90eea3e4b21860c7d4c96684c23141c554824f0059c?s=96&d=mm&r=g","caption":"Marcelo Oliveira de A. Maranhao"},"url":"https:\/\/diariodepe.com.br\/xinhua\/author\/marcelo-maranhao\/"}]}},"cc_featured_image_caption":{"caption_text":"","source_text":"","source_url":""},"amp_enabled":true,"_links":{"self":[{"href":"https:\/\/diariodepe.com.br\/xinhua\/wp-json\/wp\/v2\/posts\/19482","targetHints":{"allow":["GET"]}}],"collection":[{"href":"https:\/\/diariodepe.com.br\/xinhua\/wp-json\/wp\/v2\/posts"}],"about":[{"href":"https:\/\/diariodepe.com.br\/xinhua\/wp-json\/wp\/v2\/types\/post"}],"author":[{"embeddable":true,"href":"https:\/\/diariodepe.com.br\/xinhua\/wp-json\/wp\/v2\/users\/3"}],"replies":[{"embeddable":true,"href":"https:\/\/diariodepe.com.br\/xinhua\/wp-json\/wp\/v2\/comments?post=19482"}],"version-history":[{"count":2,"href":"https:\/\/diariodepe.com.br\/xinhua\/wp-json\/wp\/v2\/posts\/19482\/revisions"}],"predecessor-version":[{"id":19485,"href":"https:\/\/diariodepe.com.br\/xinhua\/wp-json\/wp\/v2\/posts\/19482\/revisions\/19485"}],"wp:featuredmedia":[{"embeddable":true,"href":"https:\/\/diariodepe.com.br\/xinhua\/wp-json\/wp\/v2\/media\/19483"}],"wp:attachment":[{"href":"https:\/\/diariodepe.com.br\/xinhua\/wp-json\/wp\/v2\/media?parent=19482"}],"wp:term":[{"taxonomy":"category","embeddable":true,"href":"https:\/\/diariodepe.com.br\/xinhua\/wp-json\/wp\/v2\/categories?post=19482"},{"taxonomy":"post_tag","embeddable":true,"href":"https:\/\/diariodepe.com.br\/xinhua\/wp-json\/wp\/v2\/tags?post=19482"}],"curies":[{"name":"wp","href":"https:\/\/api.w.org\/{rel}","templated":true}]}}