{"id":19477,"date":"2024-04-22T17:03:00","date_gmt":"2024-04-22T20:03:00","guid":{"rendered":"https:\/\/www.diariodepe.com.br\/xinhua\/?p=19477"},"modified":"2024-04-22T09:05:04","modified_gmt":"2024-04-22T12:05:04","slug":"entrevista-ceo-da-bayer-otimista-com-expansao-do-mercado-chines","status":"publish","type":"post","link":"https:\/\/diariodepe.com.br\/xinhua\/2024\/04\/22\/entrevista-ceo-da-bayer-otimista-com-expansao-do-mercado-chines\/","title":{"rendered":"Entrevista: CEO da Bayer otimista com expans\u00e3o do mercado chin\u00eas"},"content":{"rendered":"\n<p>Shanghai &#8211; Bill Anderson, CEO da Bayer AG, enfatizou o importante papel da China como um pilar estrat\u00e9gico para as opera\u00e7\u00f5es comerciais globais da empresa e compartilhou seu compromisso com investimentos futuros na China em uma entrevista recente \u00e0 Xinhua.<\/p>\n\n\n\n<p>&nbsp; &nbsp;Na semana passada, Anderson, como um dos representantes da comunidade empresarial alem\u00e3, acompanhou o chanceler federal da Alemanha, Olaf Scholz, em uma visita \u00e0 China.<\/p>\n\n\n\n<p>&nbsp; &nbsp;&#8220;Gostaria de aproveitar todas as oportunidades valiosas de visitar a China, interagir com os l\u00edderes chineses, conectar-me mais estreitamente com nossos clientes e obter insights mais profundos sobre o mercado&#8221;, disse Anderson, acrescentando que isso permitir\u00e1 que a empresa acelere a inova\u00e7\u00e3o, amplie o investimento e melhore sua capacidade de atender melhor aos pacientes, consumidores e produtores.<\/p>\n\n\n\n<p>&nbsp; &nbsp;Como uma gigante alem\u00e3 do setor de sa\u00fade e agroneg\u00f3cios, as opera\u00e7\u00f5es comerciais da Bayer na China se estendem por mais de 140 anos. A empresa conta com aproximadamente 8 mil funcion\u00e1rios e v\u00e1rios centros de pesquisa, desenvolvimento e inova\u00e7\u00e3o e centros de fornecimento na China.<\/p>\n\n\n\n<p>&nbsp; &nbsp;Atualmente, a China \u00e9 um dos pilares estrat\u00e9gicos mais importantes dos neg\u00f3cios globais da Bayer e um dos principais mercados para as tr\u00eas divis\u00f5es da empresa: produtos farmac\u00eauticos, sa\u00fade do consumidor e ci\u00eancias agr\u00edcolas.<\/p>\n\n\n\n<p>&nbsp; &nbsp;Sobre o plano de investimentos da Bayer para a China, Anderson disse que uma nova plataforma de inova\u00e7\u00e3o aberta, focada em terapia celular e gen\u00e9tica, dever\u00e1 ser inaugurada em Shanghai este ano. A empresa tamb\u00e9m est\u00e1 se preparando para estabelecer uma nova unidade de ci\u00eancias agr\u00edcolas em Hangzhou, na Prov\u00edncia de Zhejiang, e um novo centro de inova\u00e7\u00e3o em sa\u00fade do consumidor em Shanghai.<\/p>\n\n\n\n<p>&nbsp; &nbsp;&#8220;O compromisso da China com o desenvolvimento de alta qualidade \u00e9 muito encorajador. Tenho certeza de que os investimentos continuar\u00e3o no futuro&#8221;, afirmou Anderson.<\/p>\n\n\n\n<p>&nbsp; &nbsp;Anderson disse \u00e0 Xinhua que est\u00e1 confiante no desenvolvimento de longo prazo da China e que viu um grande potencial no mercado chin\u00eas. &#8220;A economia chinesa mostrou boa resili\u00eancia&#8221;, observou ele, acrescentando que o crescimento do PIB da China revigorou a economia global.<\/p>\n\n\n\n<p>&nbsp; &nbsp;Durante a entrevista, Anderson tamb\u00e9m expressou otimismo sobre as perspectivas de coopera\u00e7\u00e3o econ\u00f4mica e comercial sino-alem\u00e3. &#8220;A China \u00e9 o maior parceiro comercial da Alemanha e um dos maiores mercados para a Bayer. Espero que essas rela\u00e7\u00f5es possam continuar a prosperar para o bem da economia e do desenvolvimento sustent\u00e1vel do mundo&#8221;, indicou Anderson.<\/p>\n","protected":false},"excerpt":{"rendered":"<p>Shanghai &#8211; Bill Anderson, CEO da Bayer AG, enfatizou o importante papel da China como um pilar estrat\u00e9gico para as opera\u00e7\u00f5es comerciais globais da empresa e compartilhou seu compromisso com investimentos futuros na China em uma entrevista recente \u00e0 Xinhua&#8230;.<\/p>\n","protected":false},"author":3,"featured_media":19478,"comment_status":"open","ping_status":"open","sticky":false,"template":"","format":"standard","meta":{"footnotes":""},"categories":[5],"tags":[],"class_list":["post-19477","post","type-post","status-publish","format-standard","has-post-thumbnail","hentry","category-economia"],"yoast_head":"<!-- This site is optimized with the Yoast SEO plugin v27.4 - https:\/\/yoast.com\/product\/yoast-seo-wordpress\/ -->\n<title>Entrevista: CEO da Bayer otimista com expans\u00e3o do mercado chin\u00eas - Xinhua - Diario de Pernambuco<\/title>\n<meta name=\"robots\" content=\"index, follow, max-snippet:-1, max-image-preview:large, max-video-preview:-1\" \/>\n<link rel=\"canonical\" href=\"https:\/\/diariodepe.com.br\/xinhua\/2024\/04\/22\/entrevista-ceo-da-bayer-otimista-com-expansao-do-mercado-chines\/\" \/>\n<meta property=\"og:locale\" content=\"pt_BR\" \/>\n<meta property=\"og:type\" content=\"article\" \/>\n<meta property=\"og:title\" content=\"Entrevista: CEO da Bayer otimista com expans\u00e3o do mercado chin\u00eas - Xinhua - Diario de Pernambuco\" \/>\n<meta property=\"og:description\" content=\"Shanghai &#8211; Bill Anderson, CEO da Bayer AG, enfatizou o importante papel da China como um pilar estrat\u00e9gico para as opera\u00e7\u00f5es comerciais globais da empresa e compartilhou seu compromisso com investimentos futuros na China em uma entrevista recente \u00e0 Xinhua....\" \/>\n<meta property=\"og:url\" content=\"https:\/\/diariodepe.com.br\/xinhua\/2024\/04\/22\/entrevista-ceo-da-bayer-otimista-com-expansao-do-mercado-chines\/\" \/>\n<meta property=\"og:site_name\" content=\"Xinhua - Diario de Pernambuco\" \/>\n<meta property=\"article:published_time\" content=\"2024-04-22T20:03:00+00:00\" \/>\n<meta property=\"og:image\" content=\"https:\/\/diariodepe.com.br\/xinhua\/wp-content\/uploads\/sites\/3\/2024\/04\/202404220621fb42e8f845e0b78f736b9c76f101_XxjwspP007028_20240422_CBMFN0A001.jpg\" \/>\n\t<meta property=\"og:image:width\" content=\"900\" \/>\n\t<meta property=\"og:image:height\" content=\"484\" \/>\n\t<meta property=\"og:image:type\" content=\"image\/jpeg\" \/>\n<meta name=\"author\" content=\"Marcelo Oliveira de A. Maranhao\" \/>\n<meta name=\"twitter:card\" content=\"summary_large_image\" \/>\n<meta name=\"twitter:label1\" content=\"Escrito por\" \/>\n\t<meta name=\"twitter:data1\" content=\"Marcelo Oliveira de A. Maranhao\" \/>\n\t<meta name=\"twitter:label2\" content=\"Est. tempo de leitura\" \/>\n\t<meta name=\"twitter:data2\" content=\"3 minutos\" \/>\n<script type=\"application\/ld+json\" class=\"yoast-schema-graph\">{\"@context\":\"https:\\\/\\\/schema.org\",\"@graph\":[{\"@type\":\"Article\",\"@id\":\"https:\\\/\\\/diariodepe.com.br\\\/xinhua\\\/2024\\\/04\\\/22\\\/entrevista-ceo-da-bayer-otimista-com-expansao-do-mercado-chines\\\/#article\",\"isPartOf\":{\"@id\":\"https:\\\/\\\/diariodepe.com.br\\\/xinhua\\\/2024\\\/04\\\/22\\\/entrevista-ceo-da-bayer-otimista-com-expansao-do-mercado-chines\\\/\"},\"author\":{\"name\":\"Marcelo Oliveira de A. Maranhao\",\"@id\":\"https:\\\/\\\/diariodepe.com.br\\\/xinhua\\\/#\\\/schema\\\/person\\\/0943d6fd02bdc7b49c8f495e8787a2cb\"},\"headline\":\"Entrevista: CEO da Bayer otimista com expans\u00e3o do mercado chin\u00eas\",\"datePublished\":\"2024-04-22T20:03:00+00:00\",\"mainEntityOfPage\":{\"@id\":\"https:\\\/\\\/diariodepe.com.br\\\/xinhua\\\/2024\\\/04\\\/22\\\/entrevista-ceo-da-bayer-otimista-com-expansao-do-mercado-chines\\\/\"},\"wordCount\":441,\"commentCount\":0,\"publisher\":{\"@id\":\"https:\\\/\\\/diariodepe.com.br\\\/xinhua\\\/#organization\"},\"image\":{\"@id\":\"https:\\\/\\\/diariodepe.com.br\\\/xinhua\\\/2024\\\/04\\\/22\\\/entrevista-ceo-da-bayer-otimista-com-expansao-do-mercado-chines\\\/#primaryimage\"},\"thumbnailUrl\":\"https:\\\/\\\/diariodepe.com.br\\\/xinhua\\\/wp-content\\\/uploads\\\/sites\\\/3\\\/2024\\\/04\\\/202404220621fb42e8f845e0b78f736b9c76f101_XxjwspP007028_20240422_CBMFN0A001.jpg\",\"articleSection\":[\"Economia\"],\"inLanguage\":\"pt-BR\",\"potentialAction\":[{\"@type\":\"CommentAction\",\"name\":\"Comment\",\"target\":[\"https:\\\/\\\/diariodepe.com.br\\\/xinhua\\\/2024\\\/04\\\/22\\\/entrevista-ceo-da-bayer-otimista-com-expansao-do-mercado-chines\\\/#respond\"]}]},{\"@type\":\"WebPage\",\"@id\":\"https:\\\/\\\/diariodepe.com.br\\\/xinhua\\\/2024\\\/04\\\/22\\\/entrevista-ceo-da-bayer-otimista-com-expansao-do-mercado-chines\\\/\",\"url\":\"https:\\\/\\\/diariodepe.com.br\\\/xinhua\\\/2024\\\/04\\\/22\\\/entrevista-ceo-da-bayer-otimista-com-expansao-do-mercado-chines\\\/\",\"name\":\"Entrevista: CEO da Bayer otimista com expans\u00e3o do mercado chin\u00eas - Xinhua - Diario de Pernambuco\",\"isPartOf\":{\"@id\":\"https:\\\/\\\/diariodepe.com.br\\\/xinhua\\\/#website\"},\"primaryImageOfPage\":{\"@id\":\"https:\\\/\\\/diariodepe.com.br\\\/xinhua\\\/2024\\\/04\\\/22\\\/entrevista-ceo-da-bayer-otimista-com-expansao-do-mercado-chines\\\/#primaryimage\"},\"image\":{\"@id\":\"https:\\\/\\\/diariodepe.com.br\\\/xinhua\\\/2024\\\/04\\\/22\\\/entrevista-ceo-da-bayer-otimista-com-expansao-do-mercado-chines\\\/#primaryimage\"},\"thumbnailUrl\":\"https:\\\/\\\/diariodepe.com.br\\\/xinhua\\\/wp-content\\\/uploads\\\/sites\\\/3\\\/2024\\\/04\\\/202404220621fb42e8f845e0b78f736b9c76f101_XxjwspP007028_20240422_CBMFN0A001.jpg\",\"datePublished\":\"2024-04-22T20:03:00+00:00\",\"breadcrumb\":{\"@id\":\"https:\\\/\\\/diariodepe.com.br\\\/xinhua\\\/2024\\\/04\\\/22\\\/entrevista-ceo-da-bayer-otimista-com-expansao-do-mercado-chines\\\/#breadcrumb\"},\"inLanguage\":\"pt-BR\",\"potentialAction\":[{\"@type\":\"ReadAction\",\"target\":[\"https:\\\/\\\/diariodepe.com.br\\\/xinhua\\\/2024\\\/04\\\/22\\\/entrevista-ceo-da-bayer-otimista-com-expansao-do-mercado-chines\\\/\"]}]},{\"@type\":\"ImageObject\",\"inLanguage\":\"pt-BR\",\"@id\":\"https:\\\/\\\/diariodepe.com.br\\\/xinhua\\\/2024\\\/04\\\/22\\\/entrevista-ceo-da-bayer-otimista-com-expansao-do-mercado-chines\\\/#primaryimage\",\"url\":\"https:\\\/\\\/diariodepe.com.br\\\/xinhua\\\/wp-content\\\/uploads\\\/sites\\\/3\\\/2024\\\/04\\\/202404220621fb42e8f845e0b78f736b9c76f101_XxjwspP007028_20240422_CBMFN0A001.jpg\",\"contentUrl\":\"https:\\\/\\\/diariodepe.com.br\\\/xinhua\\\/wp-content\\\/uploads\\\/sites\\\/3\\\/2024\\\/04\\\/202404220621fb42e8f845e0b78f736b9c76f101_XxjwspP007028_20240422_CBMFN0A001.jpg\",\"width\":900,\"height\":484,\"caption\":\"(231103) -- SHANGHAI, Nov. 3, 2023 (Xinhua) -- This aerial panoramic photo taken on Jan. 10, 2023 shows a view of Lujiazui area in the China (Shanghai) Pilot Free Trade Zone in east China's Shanghai. The sixth China International Import Expo (CIIE) is scheduled to take place from Nov. 5 to Nov. 10 in Shanghai. With the sixth CIIE just around the corner, preparations are in full swing. (Xinhua\\\/Fang Zhe)\"},{\"@type\":\"BreadcrumbList\",\"@id\":\"https:\\\/\\\/diariodepe.com.br\\\/xinhua\\\/2024\\\/04\\\/22\\\/entrevista-ceo-da-bayer-otimista-com-expansao-do-mercado-chines\\\/#breadcrumb\",\"itemListElement\":[{\"@type\":\"ListItem\",\"position\":1,\"name\":\"In\u00edcio\",\"item\":\"https:\\\/\\\/diariodepe.com.br\\\/xinhua\\\/\"},{\"@type\":\"ListItem\",\"position\":2,\"name\":\"Entrevista: CEO da Bayer otimista com expans\u00e3o do mercado chin\u00eas\"}]},{\"@type\":\"WebSite\",\"@id\":\"https:\\\/\\\/diariodepe.com.br\\\/xinhua\\\/#website\",\"url\":\"https:\\\/\\\/diariodepe.com.br\\\/xinhua\\\/\",\"name\":\"Xinhua - Diario de Pernambuco\",\"description\":\"A maior ag\u00eancia de not\u00edcias da China e um dos principais canais para conhecer o pa\u00eds\",\"publisher\":{\"@id\":\"https:\\\/\\\/diariodepe.com.br\\\/xinhua\\\/#organization\"},\"potentialAction\":[{\"@type\":\"SearchAction\",\"target\":{\"@type\":\"EntryPoint\",\"urlTemplate\":\"https:\\\/\\\/diariodepe.com.br\\\/xinhua\\\/?s={search_term_string}\"},\"query-input\":{\"@type\":\"PropertyValueSpecification\",\"valueRequired\":true,\"valueName\":\"search_term_string\"}}],\"inLanguage\":\"pt-BR\"},{\"@type\":\"Organization\",\"@id\":\"https:\\\/\\\/diariodepe.com.br\\\/xinhua\\\/#organization\",\"name\":\"Xinhua - Diario de Pernambuco\",\"url\":\"https:\\\/\\\/diariodepe.com.br\\\/xinhua\\\/\",\"logo\":{\"@type\":\"ImageObject\",\"inLanguage\":\"pt-BR\",\"@id\":\"https:\\\/\\\/diariodepe.com.br\\\/xinhua\\\/#\\\/schema\\\/logo\\\/image\\\/\",\"url\":\"https:\\\/\\\/diariodepe.com.br\\\/xinhua\\\/wp-content\\\/uploads\\\/sites\\\/3\\\/2020\\\/10\\\/cropped-logo-transparente-2.png\",\"contentUrl\":\"https:\\\/\\\/diariodepe.com.br\\\/xinhua\\\/wp-content\\\/uploads\\\/sites\\\/3\\\/2020\\\/10\\\/cropped-logo-transparente-2.png\",\"width\":512,\"height\":164,\"caption\":\"Xinhua - Diario de Pernambuco\"},\"image\":{\"@id\":\"https:\\\/\\\/diariodepe.com.br\\\/xinhua\\\/#\\\/schema\\\/logo\\\/image\\\/\"}},{\"@type\":\"Person\",\"@id\":\"https:\\\/\\\/diariodepe.com.br\\\/xinhua\\\/#\\\/schema\\\/person\\\/0943d6fd02bdc7b49c8f495e8787a2cb\",\"name\":\"Marcelo Oliveira de A. Maranhao\",\"image\":{\"@type\":\"ImageObject\",\"inLanguage\":\"pt-BR\",\"@id\":\"https:\\\/\\\/secure.gravatar.com\\\/avatar\\\/f562caee940d39879c20e90eea3e4b21860c7d4c96684c23141c554824f0059c?s=96&d=mm&r=g\",\"url\":\"https:\\\/\\\/secure.gravatar.com\\\/avatar\\\/f562caee940d39879c20e90eea3e4b21860c7d4c96684c23141c554824f0059c?s=96&d=mm&r=g\",\"contentUrl\":\"https:\\\/\\\/secure.gravatar.com\\\/avatar\\\/f562caee940d39879c20e90eea3e4b21860c7d4c96684c23141c554824f0059c?s=96&d=mm&r=g\",\"caption\":\"Marcelo Oliveira de A. Maranhao\"},\"url\":\"https:\\\/\\\/diariodepe.com.br\\\/xinhua\\\/author\\\/marcelo-maranhao\\\/\"}]}<\/script>\n<!-- \/ Yoast SEO plugin. -->","yoast_head_json":{"title":"Entrevista: CEO da Bayer otimista com expans\u00e3o do mercado chin\u00eas - Xinhua - Diario de Pernambuco","robots":{"index":"index","follow":"follow","max-snippet":"max-snippet:-1","max-image-preview":"max-image-preview:large","max-video-preview":"max-video-preview:-1"},"canonical":"https:\/\/diariodepe.com.br\/xinhua\/2024\/04\/22\/entrevista-ceo-da-bayer-otimista-com-expansao-do-mercado-chines\/","og_locale":"pt_BR","og_type":"article","og_title":"Entrevista: CEO da Bayer otimista com expans\u00e3o do mercado chin\u00eas - Xinhua - Diario de Pernambuco","og_description":"Shanghai &#8211; Bill Anderson, CEO da Bayer AG, enfatizou o importante papel da China como um pilar estrat\u00e9gico para as opera\u00e7\u00f5es comerciais globais da empresa e compartilhou seu compromisso com investimentos futuros na China em uma entrevista recente \u00e0 Xinhua....","og_url":"https:\/\/diariodepe.com.br\/xinhua\/2024\/04\/22\/entrevista-ceo-da-bayer-otimista-com-expansao-do-mercado-chines\/","og_site_name":"Xinhua - Diario de Pernambuco","article_published_time":"2024-04-22T20:03:00+00:00","og_image":[{"width":900,"height":484,"url":"https:\/\/diariodepe.com.br\/xinhua\/wp-content\/uploads\/sites\/3\/2024\/04\/202404220621fb42e8f845e0b78f736b9c76f101_XxjwspP007028_20240422_CBMFN0A001.jpg","type":"image\/jpeg"}],"author":"Marcelo Oliveira de A. Maranhao","twitter_card":"summary_large_image","twitter_misc":{"Escrito por":"Marcelo Oliveira de A. Maranhao","Est. tempo de leitura":"3 minutos"},"schema":{"@context":"https:\/\/schema.org","@graph":[{"@type":"Article","@id":"https:\/\/diariodepe.com.br\/xinhua\/2024\/04\/22\/entrevista-ceo-da-bayer-otimista-com-expansao-do-mercado-chines\/#article","isPartOf":{"@id":"https:\/\/diariodepe.com.br\/xinhua\/2024\/04\/22\/entrevista-ceo-da-bayer-otimista-com-expansao-do-mercado-chines\/"},"author":{"name":"Marcelo Oliveira de A. Maranhao","@id":"https:\/\/diariodepe.com.br\/xinhua\/#\/schema\/person\/0943d6fd02bdc7b49c8f495e8787a2cb"},"headline":"Entrevista: CEO da Bayer otimista com expans\u00e3o do mercado chin\u00eas","datePublished":"2024-04-22T20:03:00+00:00","mainEntityOfPage":{"@id":"https:\/\/diariodepe.com.br\/xinhua\/2024\/04\/22\/entrevista-ceo-da-bayer-otimista-com-expansao-do-mercado-chines\/"},"wordCount":441,"commentCount":0,"publisher":{"@id":"https:\/\/diariodepe.com.br\/xinhua\/#organization"},"image":{"@id":"https:\/\/diariodepe.com.br\/xinhua\/2024\/04\/22\/entrevista-ceo-da-bayer-otimista-com-expansao-do-mercado-chines\/#primaryimage"},"thumbnailUrl":"https:\/\/diariodepe.com.br\/xinhua\/wp-content\/uploads\/sites\/3\/2024\/04\/202404220621fb42e8f845e0b78f736b9c76f101_XxjwspP007028_20240422_CBMFN0A001.jpg","articleSection":["Economia"],"inLanguage":"pt-BR","potentialAction":[{"@type":"CommentAction","name":"Comment","target":["https:\/\/diariodepe.com.br\/xinhua\/2024\/04\/22\/entrevista-ceo-da-bayer-otimista-com-expansao-do-mercado-chines\/#respond"]}]},{"@type":"WebPage","@id":"https:\/\/diariodepe.com.br\/xinhua\/2024\/04\/22\/entrevista-ceo-da-bayer-otimista-com-expansao-do-mercado-chines\/","url":"https:\/\/diariodepe.com.br\/xinhua\/2024\/04\/22\/entrevista-ceo-da-bayer-otimista-com-expansao-do-mercado-chines\/","name":"Entrevista: CEO da Bayer otimista com expans\u00e3o do mercado chin\u00eas - Xinhua - Diario de Pernambuco","isPartOf":{"@id":"https:\/\/diariodepe.com.br\/xinhua\/#website"},"primaryImageOfPage":{"@id":"https:\/\/diariodepe.com.br\/xinhua\/2024\/04\/22\/entrevista-ceo-da-bayer-otimista-com-expansao-do-mercado-chines\/#primaryimage"},"image":{"@id":"https:\/\/diariodepe.com.br\/xinhua\/2024\/04\/22\/entrevista-ceo-da-bayer-otimista-com-expansao-do-mercado-chines\/#primaryimage"},"thumbnailUrl":"https:\/\/diariodepe.com.br\/xinhua\/wp-content\/uploads\/sites\/3\/2024\/04\/202404220621fb42e8f845e0b78f736b9c76f101_XxjwspP007028_20240422_CBMFN0A001.jpg","datePublished":"2024-04-22T20:03:00+00:00","breadcrumb":{"@id":"https:\/\/diariodepe.com.br\/xinhua\/2024\/04\/22\/entrevista-ceo-da-bayer-otimista-com-expansao-do-mercado-chines\/#breadcrumb"},"inLanguage":"pt-BR","potentialAction":[{"@type":"ReadAction","target":["https:\/\/diariodepe.com.br\/xinhua\/2024\/04\/22\/entrevista-ceo-da-bayer-otimista-com-expansao-do-mercado-chines\/"]}]},{"@type":"ImageObject","inLanguage":"pt-BR","@id":"https:\/\/diariodepe.com.br\/xinhua\/2024\/04\/22\/entrevista-ceo-da-bayer-otimista-com-expansao-do-mercado-chines\/#primaryimage","url":"https:\/\/diariodepe.com.br\/xinhua\/wp-content\/uploads\/sites\/3\/2024\/04\/202404220621fb42e8f845e0b78f736b9c76f101_XxjwspP007028_20240422_CBMFN0A001.jpg","contentUrl":"https:\/\/diariodepe.com.br\/xinhua\/wp-content\/uploads\/sites\/3\/2024\/04\/202404220621fb42e8f845e0b78f736b9c76f101_XxjwspP007028_20240422_CBMFN0A001.jpg","width":900,"height":484,"caption":"(231103) -- SHANGHAI, Nov. 3, 2023 (Xinhua) -- This aerial panoramic photo taken on Jan. 10, 2023 shows a view of Lujiazui area in the China (Shanghai) Pilot Free Trade Zone in east China's Shanghai. The sixth China International Import Expo (CIIE) is scheduled to take place from Nov. 5 to Nov. 10 in Shanghai. With the sixth CIIE just around the corner, preparations are in full swing. (Xinhua\/Fang Zhe)"},{"@type":"BreadcrumbList","@id":"https:\/\/diariodepe.com.br\/xinhua\/2024\/04\/22\/entrevista-ceo-da-bayer-otimista-com-expansao-do-mercado-chines\/#breadcrumb","itemListElement":[{"@type":"ListItem","position":1,"name":"In\u00edcio","item":"https:\/\/diariodepe.com.br\/xinhua\/"},{"@type":"ListItem","position":2,"name":"Entrevista: CEO da Bayer otimista com expans\u00e3o do mercado chin\u00eas"}]},{"@type":"WebSite","@id":"https:\/\/diariodepe.com.br\/xinhua\/#website","url":"https:\/\/diariodepe.com.br\/xinhua\/","name":"Xinhua - Diario de Pernambuco","description":"A maior ag\u00eancia de not\u00edcias da China e um dos principais canais para conhecer o pa\u00eds","publisher":{"@id":"https:\/\/diariodepe.com.br\/xinhua\/#organization"},"potentialAction":[{"@type":"SearchAction","target":{"@type":"EntryPoint","urlTemplate":"https:\/\/diariodepe.com.br\/xinhua\/?s={search_term_string}"},"query-input":{"@type":"PropertyValueSpecification","valueRequired":true,"valueName":"search_term_string"}}],"inLanguage":"pt-BR"},{"@type":"Organization","@id":"https:\/\/diariodepe.com.br\/xinhua\/#organization","name":"Xinhua - Diario de Pernambuco","url":"https:\/\/diariodepe.com.br\/xinhua\/","logo":{"@type":"ImageObject","inLanguage":"pt-BR","@id":"https:\/\/diariodepe.com.br\/xinhua\/#\/schema\/logo\/image\/","url":"https:\/\/diariodepe.com.br\/xinhua\/wp-content\/uploads\/sites\/3\/2020\/10\/cropped-logo-transparente-2.png","contentUrl":"https:\/\/diariodepe.com.br\/xinhua\/wp-content\/uploads\/sites\/3\/2020\/10\/cropped-logo-transparente-2.png","width":512,"height":164,"caption":"Xinhua - Diario de Pernambuco"},"image":{"@id":"https:\/\/diariodepe.com.br\/xinhua\/#\/schema\/logo\/image\/"}},{"@type":"Person","@id":"https:\/\/diariodepe.com.br\/xinhua\/#\/schema\/person\/0943d6fd02bdc7b49c8f495e8787a2cb","name":"Marcelo Oliveira de A. Maranhao","image":{"@type":"ImageObject","inLanguage":"pt-BR","@id":"https:\/\/secure.gravatar.com\/avatar\/f562caee940d39879c20e90eea3e4b21860c7d4c96684c23141c554824f0059c?s=96&d=mm&r=g","url":"https:\/\/secure.gravatar.com\/avatar\/f562caee940d39879c20e90eea3e4b21860c7d4c96684c23141c554824f0059c?s=96&d=mm&r=g","contentUrl":"https:\/\/secure.gravatar.com\/avatar\/f562caee940d39879c20e90eea3e4b21860c7d4c96684c23141c554824f0059c?s=96&d=mm&r=g","caption":"Marcelo Oliveira de A. Maranhao"},"url":"https:\/\/diariodepe.com.br\/xinhua\/author\/marcelo-maranhao\/"}]}},"cc_featured_image_caption":{"caption_text":"","source_text":"","source_url":""},"amp_enabled":true,"_links":{"self":[{"href":"https:\/\/diariodepe.com.br\/xinhua\/wp-json\/wp\/v2\/posts\/19477","targetHints":{"allow":["GET"]}}],"collection":[{"href":"https:\/\/diariodepe.com.br\/xinhua\/wp-json\/wp\/v2\/posts"}],"about":[{"href":"https:\/\/diariodepe.com.br\/xinhua\/wp-json\/wp\/v2\/types\/post"}],"author":[{"embeddable":true,"href":"https:\/\/diariodepe.com.br\/xinhua\/wp-json\/wp\/v2\/users\/3"}],"replies":[{"embeddable":true,"href":"https:\/\/diariodepe.com.br\/xinhua\/wp-json\/wp\/v2\/comments?post=19477"}],"version-history":[{"count":1,"href":"https:\/\/diariodepe.com.br\/xinhua\/wp-json\/wp\/v2\/posts\/19477\/revisions"}],"predecessor-version":[{"id":19479,"href":"https:\/\/diariodepe.com.br\/xinhua\/wp-json\/wp\/v2\/posts\/19477\/revisions\/19479"}],"wp:featuredmedia":[{"embeddable":true,"href":"https:\/\/diariodepe.com.br\/xinhua\/wp-json\/wp\/v2\/media\/19478"}],"wp:attachment":[{"href":"https:\/\/diariodepe.com.br\/xinhua\/wp-json\/wp\/v2\/media?parent=19477"}],"wp:term":[{"taxonomy":"category","embeddable":true,"href":"https:\/\/diariodepe.com.br\/xinhua\/wp-json\/wp\/v2\/categories?post=19477"},{"taxonomy":"post_tag","embeddable":true,"href":"https:\/\/diariodepe.com.br\/xinhua\/wp-json\/wp\/v2\/tags?post=19477"}],"curies":[{"name":"wp","href":"https:\/\/api.w.org\/{rel}","templated":true}]}}