{"id":19450,"date":"2024-04-22T09:37:00","date_gmt":"2024-04-22T12:37:00","guid":{"rendered":"https:\/\/www.diariodepe.com.br\/xinhua\/?p=19450"},"modified":"2024-04-22T08:39:44","modified_gmt":"2024-04-22T11:39:44","slug":"arte-da-idade-do-bronze-da-china-ganha-vida-em-exposicao-em-sao-francisco","status":"publish","type":"post","link":"https:\/\/diariodepe.com.br\/xinhua\/2024\/04\/22\/arte-da-idade-do-bronze-da-china-ganha-vida-em-exposicao-em-sao-francisco\/","title":{"rendered":"Arte da Idade do Bronze da China ganha vida em exposi\u00e7\u00e3o em S\u00e3o Francisco"},"content":{"rendered":"\n<p>Por Tan Jingjing, Wu Xiaoling e Gao Shan<\/p>\n\n\n\n<p>S\u00e3o Francisco &#8211; Uma grande exposi\u00e7\u00e3o de rel\u00edquias culturais chinesas da Idade do Bronze da China foi inaugurada nesta sexta-feira em S\u00e3o Francisco, no estado americano da Calif\u00f3rnia.<\/p>\n\n\n\n<p>A exposi\u00e7\u00e3o, intitulada &#8220;Reinos da F\u00eanix: O \u00daltimo Esplendor da Idade do Bronze da China&#8221;, apresenta mais de 260 obras dos antigos reinos chineses Chu e Zeng da dinastia Zhou, que teve v\u00e1rios estados.<\/p>\n\n\n\n<p>A exposi\u00e7\u00e3o, realizada no Asian Art Museum em S\u00e3o Francisco, d\u00e1 vida \u00e0s distintas culturas da Idade do Bronze que floresceram h\u00e1 3.000 anos ao longo do rio Yangtz\u00e9, um ber\u00e7o da civiliza\u00e7\u00e3o chinesa.<\/p>\n\n\n\n<p>Essa \u00e9 a maior exposi\u00e7\u00e3o de bens culturais que a China j\u00e1 organizou nos Estados Unidos nos \u00faltimos anos. Muitos dos artefatos, incluindo artigos de bronze, laca e jade, nunca foram exibidos fora da China.<\/p>\n\n\n\n<p>No centro da exposi\u00e7\u00e3o est\u00e1 a m\u00edtica f\u00eanix, adorada pelo povo das fronteiras do sul da dinastia Zhou.<\/p>\n\n\n\n<p>Ao discursar no evento, o vice-ministro chin\u00eas de Cultura e Turismo, Li Qun, disse que a exposi\u00e7\u00e3o apresenta o magn\u00edfico e rom\u00e2ntico encanto da cultura chinesa para o p\u00fablico americano na linguagem da cultura e da arte.<\/p>\n\n\n\n<p>&#8220;Com o apoio de pesquisas acad\u00eamicas aprofundadas e das mais recentes descobertas arqueol\u00f3gicas, ela mostra a continuidade, a unidade, a paz, a inclus\u00e3o e a inova\u00e7\u00e3o da civiliza\u00e7\u00e3o chinesa&#8221;, disse Li, que tamb\u00e9m \u00e9 chefe da Administra\u00e7\u00e3o do Patrim\u00f4nio Cultural Nacional da China.<\/p>\n\n\n\n<p>Ele expressou a esperan\u00e7a de que as institui\u00e7\u00f5es de patrim\u00f4nio cultural e os museus da China e dos Estados Unidos trabalhem em estreita colabora\u00e7\u00e3o, aderindo a uma vis\u00e3o de civiliza\u00e7\u00e3o que promova a igualdade, o aprendizado m\u00fatuo, o di\u00e1logo e a inclus\u00e3o, para compor, em conjunto, um novo cap\u00edtulo dos interc\u00e2mbios interpessoais da China e dos EUA.<\/p>\n\n\n\n<p>&#8220;Esta \u00e9 uma exposi\u00e7\u00e3o hist\u00f3rica, que vem sendo preparada h\u00e1 anos e \u00e9 a mais significativa da China nos \u00faltimos anos&#8221;, disse Jay Xu, diretor e CEO do Museu de Arte Asi\u00e1tica em S\u00e3o Francisco.<\/p>\n\n\n\n<p>&#8220;Ela celebra a maravilhosa arte e cultura antigas da prov\u00edncia chinesa de Hubei&#8221;, acrescentou.<\/p>\n\n\n\n<p>&#8220;As obras de arte em exposi\u00e7\u00e3o s\u00e3o impressionantes, e nossa comunidade tem muita sorte de ser a primeira nos Estados Unidos a experimentar a sofistica\u00e7\u00e3o, a beleza e o esplendor da Idade do Bronze da China&#8221;, disse a prefeita de S\u00e3o Francisco, London Breed, em uma carta de congratula\u00e7\u00f5es ao evento.<\/p>\n\n\n\n<p>A exposi\u00e7\u00e3o, que vai de 19 de abril a 22 de julho, \u00e9 organizada pelo Museu de Arte Asi\u00e1tica de S\u00e3o Francisco e pelo Museu Provincial de Hubei.<\/p>\n\n\n\n<p>Localizado no cora\u00e7\u00e3o de S\u00e3o Francisco, o museu abriga uma das melhores cole\u00e7\u00f5es de arte asi\u00e1tica do mundo, com mais de 20.000 obras de arte que variam de jades e cer\u00e2micas antigas a instala\u00e7\u00f5es de v\u00eddeo contempor\u00e2neas.<\/p>\n","protected":false},"excerpt":{"rendered":"<p>Por Tan Jingjing, Wu Xiaoling e Gao Shan S\u00e3o Francisco &#8211; Uma grande exposi\u00e7\u00e3o de rel\u00edquias culturais chinesas da Idade do Bronze da China foi inaugurada nesta sexta-feira em S\u00e3o Francisco, no estado americano da Calif\u00f3rnia. A exposi\u00e7\u00e3o, intitulada &#8220;Reinos&#8230;<\/p>\n","protected":false},"author":3,"featured_media":19451,"comment_status":"open","ping_status":"open","sticky":false,"template":"","format":"standard","meta":{"footnotes":""},"categories":[6],"tags":[],"class_list":["post-19450","post","type-post","status-publish","format-standard","has-post-thumbnail","hentry","category-cultura-tecnologia"],"yoast_head":"<!-- This site is optimized with the Yoast SEO plugin v27.4 - https:\/\/yoast.com\/product\/yoast-seo-wordpress\/ -->\n<title>Arte da Idade do Bronze da China ganha vida em exposi\u00e7\u00e3o em S\u00e3o Francisco - Xinhua - Diario de Pernambuco<\/title>\n<meta name=\"robots\" content=\"index, follow, max-snippet:-1, max-image-preview:large, max-video-preview:-1\" \/>\n<link rel=\"canonical\" href=\"https:\/\/diariodepe.com.br\/xinhua\/2024\/04\/22\/arte-da-idade-do-bronze-da-china-ganha-vida-em-exposicao-em-sao-francisco\/\" \/>\n<meta property=\"og:locale\" content=\"pt_BR\" \/>\n<meta property=\"og:type\" content=\"article\" \/>\n<meta property=\"og:title\" content=\"Arte da Idade do Bronze da China ganha vida em exposi\u00e7\u00e3o em S\u00e3o Francisco - Xinhua - Diario de Pernambuco\" \/>\n<meta property=\"og:description\" content=\"Por Tan Jingjing, Wu Xiaoling e Gao Shan S\u00e3o Francisco &#8211; Uma grande exposi\u00e7\u00e3o de rel\u00edquias culturais chinesas da Idade do Bronze da China foi inaugurada nesta sexta-feira em S\u00e3o Francisco, no estado americano da Calif\u00f3rnia. A exposi\u00e7\u00e3o, intitulada &#8220;Reinos...\" \/>\n<meta property=\"og:url\" content=\"https:\/\/diariodepe.com.br\/xinhua\/2024\/04\/22\/arte-da-idade-do-bronze-da-china-ganha-vida-em-exposicao-em-sao-francisco\/\" \/>\n<meta property=\"og:site_name\" content=\"Xinhua - Diario de Pernambuco\" \/>\n<meta property=\"article:published_time\" content=\"2024-04-22T12:37:00+00:00\" \/>\n<meta property=\"og:image\" content=\"https:\/\/diariodepe.com.br\/xinhua\/wp-content\/uploads\/sites\/3\/2024\/04\/20240422bf146151f2834afab4b187b90192b034_2024042282898826d00f4177b61f43adabbb0a0d.png\" \/>\n\t<meta property=\"og:image:width\" content=\"1013\" \/>\n\t<meta property=\"og:image:height\" content=\"698\" \/>\n\t<meta property=\"og:image:type\" content=\"image\/png\" \/>\n<meta name=\"author\" content=\"Marcelo Oliveira de A. Maranhao\" \/>\n<meta name=\"twitter:card\" content=\"summary_large_image\" \/>\n<meta name=\"twitter:label1\" content=\"Escrito por\" \/>\n\t<meta name=\"twitter:data1\" content=\"Marcelo Oliveira de A. Maranhao\" \/>\n\t<meta name=\"twitter:label2\" content=\"Est. tempo de leitura\" \/>\n\t<meta name=\"twitter:data2\" content=\"3 minutos\" \/>\n<script type=\"application\/ld+json\" class=\"yoast-schema-graph\">{\"@context\":\"https:\\\/\\\/schema.org\",\"@graph\":[{\"@type\":\"Article\",\"@id\":\"https:\\\/\\\/diariodepe.com.br\\\/xinhua\\\/2024\\\/04\\\/22\\\/arte-da-idade-do-bronze-da-china-ganha-vida-em-exposicao-em-sao-francisco\\\/#article\",\"isPartOf\":{\"@id\":\"https:\\\/\\\/diariodepe.com.br\\\/xinhua\\\/2024\\\/04\\\/22\\\/arte-da-idade-do-bronze-da-china-ganha-vida-em-exposicao-em-sao-francisco\\\/\"},\"author\":{\"name\":\"Marcelo Oliveira de A. Maranhao\",\"@id\":\"https:\\\/\\\/diariodepe.com.br\\\/xinhua\\\/#\\\/schema\\\/person\\\/0943d6fd02bdc7b49c8f495e8787a2cb\"},\"headline\":\"Arte da Idade do Bronze da China ganha vida em exposi\u00e7\u00e3o em S\u00e3o Francisco\",\"datePublished\":\"2024-04-22T12:37:00+00:00\",\"mainEntityOfPage\":{\"@id\":\"https:\\\/\\\/diariodepe.com.br\\\/xinhua\\\/2024\\\/04\\\/22\\\/arte-da-idade-do-bronze-da-china-ganha-vida-em-exposicao-em-sao-francisco\\\/\"},\"wordCount\":526,\"commentCount\":0,\"publisher\":{\"@id\":\"https:\\\/\\\/diariodepe.com.br\\\/xinhua\\\/#organization\"},\"image\":{\"@id\":\"https:\\\/\\\/diariodepe.com.br\\\/xinhua\\\/2024\\\/04\\\/22\\\/arte-da-idade-do-bronze-da-china-ganha-vida-em-exposicao-em-sao-francisco\\\/#primaryimage\"},\"thumbnailUrl\":\"https:\\\/\\\/diariodepe.com.br\\\/xinhua\\\/wp-content\\\/uploads\\\/sites\\\/3\\\/2024\\\/04\\\/20240422bf146151f2834afab4b187b90192b034_2024042282898826d00f4177b61f43adabbb0a0d.png\",\"articleSection\":[\"Cultura \\\/ Tecnologia\"],\"inLanguage\":\"pt-BR\",\"potentialAction\":[{\"@type\":\"CommentAction\",\"name\":\"Comment\",\"target\":[\"https:\\\/\\\/diariodepe.com.br\\\/xinhua\\\/2024\\\/04\\\/22\\\/arte-da-idade-do-bronze-da-china-ganha-vida-em-exposicao-em-sao-francisco\\\/#respond\"]}]},{\"@type\":\"WebPage\",\"@id\":\"https:\\\/\\\/diariodepe.com.br\\\/xinhua\\\/2024\\\/04\\\/22\\\/arte-da-idade-do-bronze-da-china-ganha-vida-em-exposicao-em-sao-francisco\\\/\",\"url\":\"https:\\\/\\\/diariodepe.com.br\\\/xinhua\\\/2024\\\/04\\\/22\\\/arte-da-idade-do-bronze-da-china-ganha-vida-em-exposicao-em-sao-francisco\\\/\",\"name\":\"Arte da Idade do Bronze da China ganha vida em exposi\u00e7\u00e3o em S\u00e3o Francisco - Xinhua - Diario de Pernambuco\",\"isPartOf\":{\"@id\":\"https:\\\/\\\/diariodepe.com.br\\\/xinhua\\\/#website\"},\"primaryImageOfPage\":{\"@id\":\"https:\\\/\\\/diariodepe.com.br\\\/xinhua\\\/2024\\\/04\\\/22\\\/arte-da-idade-do-bronze-da-china-ganha-vida-em-exposicao-em-sao-francisco\\\/#primaryimage\"},\"image\":{\"@id\":\"https:\\\/\\\/diariodepe.com.br\\\/xinhua\\\/2024\\\/04\\\/22\\\/arte-da-idade-do-bronze-da-china-ganha-vida-em-exposicao-em-sao-francisco\\\/#primaryimage\"},\"thumbnailUrl\":\"https:\\\/\\\/diariodepe.com.br\\\/xinhua\\\/wp-content\\\/uploads\\\/sites\\\/3\\\/2024\\\/04\\\/20240422bf146151f2834afab4b187b90192b034_2024042282898826d00f4177b61f43adabbb0a0d.png\",\"datePublished\":\"2024-04-22T12:37:00+00:00\",\"breadcrumb\":{\"@id\":\"https:\\\/\\\/diariodepe.com.br\\\/xinhua\\\/2024\\\/04\\\/22\\\/arte-da-idade-do-bronze-da-china-ganha-vida-em-exposicao-em-sao-francisco\\\/#breadcrumb\"},\"inLanguage\":\"pt-BR\",\"potentialAction\":[{\"@type\":\"ReadAction\",\"target\":[\"https:\\\/\\\/diariodepe.com.br\\\/xinhua\\\/2024\\\/04\\\/22\\\/arte-da-idade-do-bronze-da-china-ganha-vida-em-exposicao-em-sao-francisco\\\/\"]}]},{\"@type\":\"ImageObject\",\"inLanguage\":\"pt-BR\",\"@id\":\"https:\\\/\\\/diariodepe.com.br\\\/xinhua\\\/2024\\\/04\\\/22\\\/arte-da-idade-do-bronze-da-china-ganha-vida-em-exposicao-em-sao-francisco\\\/#primaryimage\",\"url\":\"https:\\\/\\\/diariodepe.com.br\\\/xinhua\\\/wp-content\\\/uploads\\\/sites\\\/3\\\/2024\\\/04\\\/20240422bf146151f2834afab4b187b90192b034_2024042282898826d00f4177b61f43adabbb0a0d.png\",\"contentUrl\":\"https:\\\/\\\/diariodepe.com.br\\\/xinhua\\\/wp-content\\\/uploads\\\/sites\\\/3\\\/2024\\\/04\\\/20240422bf146151f2834afab4b187b90192b034_2024042282898826d00f4177b61f43adabbb0a0d.png\",\"width\":1013,\"height\":698},{\"@type\":\"BreadcrumbList\",\"@id\":\"https:\\\/\\\/diariodepe.com.br\\\/xinhua\\\/2024\\\/04\\\/22\\\/arte-da-idade-do-bronze-da-china-ganha-vida-em-exposicao-em-sao-francisco\\\/#breadcrumb\",\"itemListElement\":[{\"@type\":\"ListItem\",\"position\":1,\"name\":\"In\u00edcio\",\"item\":\"https:\\\/\\\/diariodepe.com.br\\\/xinhua\\\/\"},{\"@type\":\"ListItem\",\"position\":2,\"name\":\"Arte da Idade do Bronze da China ganha vida em exposi\u00e7\u00e3o em S\u00e3o Francisco\"}]},{\"@type\":\"WebSite\",\"@id\":\"https:\\\/\\\/diariodepe.com.br\\\/xinhua\\\/#website\",\"url\":\"https:\\\/\\\/diariodepe.com.br\\\/xinhua\\\/\",\"name\":\"Xinhua - Diario de Pernambuco\",\"description\":\"A maior ag\u00eancia de not\u00edcias da China e um dos principais canais para conhecer o pa\u00eds\",\"publisher\":{\"@id\":\"https:\\\/\\\/diariodepe.com.br\\\/xinhua\\\/#organization\"},\"potentialAction\":[{\"@type\":\"SearchAction\",\"target\":{\"@type\":\"EntryPoint\",\"urlTemplate\":\"https:\\\/\\\/diariodepe.com.br\\\/xinhua\\\/?s={search_term_string}\"},\"query-input\":{\"@type\":\"PropertyValueSpecification\",\"valueRequired\":true,\"valueName\":\"search_term_string\"}}],\"inLanguage\":\"pt-BR\"},{\"@type\":\"Organization\",\"@id\":\"https:\\\/\\\/diariodepe.com.br\\\/xinhua\\\/#organization\",\"name\":\"Xinhua - Diario de Pernambuco\",\"url\":\"https:\\\/\\\/diariodepe.com.br\\\/xinhua\\\/\",\"logo\":{\"@type\":\"ImageObject\",\"inLanguage\":\"pt-BR\",\"@id\":\"https:\\\/\\\/diariodepe.com.br\\\/xinhua\\\/#\\\/schema\\\/logo\\\/image\\\/\",\"url\":\"https:\\\/\\\/diariodepe.com.br\\\/xinhua\\\/wp-content\\\/uploads\\\/sites\\\/3\\\/2020\\\/10\\\/cropped-logo-transparente-2.png\",\"contentUrl\":\"https:\\\/\\\/diariodepe.com.br\\\/xinhua\\\/wp-content\\\/uploads\\\/sites\\\/3\\\/2020\\\/10\\\/cropped-logo-transparente-2.png\",\"width\":512,\"height\":164,\"caption\":\"Xinhua - Diario de Pernambuco\"},\"image\":{\"@id\":\"https:\\\/\\\/diariodepe.com.br\\\/xinhua\\\/#\\\/schema\\\/logo\\\/image\\\/\"}},{\"@type\":\"Person\",\"@id\":\"https:\\\/\\\/diariodepe.com.br\\\/xinhua\\\/#\\\/schema\\\/person\\\/0943d6fd02bdc7b49c8f495e8787a2cb\",\"name\":\"Marcelo Oliveira de A. Maranhao\",\"image\":{\"@type\":\"ImageObject\",\"inLanguage\":\"pt-BR\",\"@id\":\"https:\\\/\\\/secure.gravatar.com\\\/avatar\\\/f562caee940d39879c20e90eea3e4b21860c7d4c96684c23141c554824f0059c?s=96&d=mm&r=g\",\"url\":\"https:\\\/\\\/secure.gravatar.com\\\/avatar\\\/f562caee940d39879c20e90eea3e4b21860c7d4c96684c23141c554824f0059c?s=96&d=mm&r=g\",\"contentUrl\":\"https:\\\/\\\/secure.gravatar.com\\\/avatar\\\/f562caee940d39879c20e90eea3e4b21860c7d4c96684c23141c554824f0059c?s=96&d=mm&r=g\",\"caption\":\"Marcelo Oliveira de A. Maranhao\"},\"url\":\"https:\\\/\\\/diariodepe.com.br\\\/xinhua\\\/author\\\/marcelo-maranhao\\\/\"}]}<\/script>\n<!-- \/ Yoast SEO plugin. -->","yoast_head_json":{"title":"Arte da Idade do Bronze da China ganha vida em exposi\u00e7\u00e3o em S\u00e3o Francisco - Xinhua - Diario de Pernambuco","robots":{"index":"index","follow":"follow","max-snippet":"max-snippet:-1","max-image-preview":"max-image-preview:large","max-video-preview":"max-video-preview:-1"},"canonical":"https:\/\/diariodepe.com.br\/xinhua\/2024\/04\/22\/arte-da-idade-do-bronze-da-china-ganha-vida-em-exposicao-em-sao-francisco\/","og_locale":"pt_BR","og_type":"article","og_title":"Arte da Idade do Bronze da China ganha vida em exposi\u00e7\u00e3o em S\u00e3o Francisco - Xinhua - Diario de Pernambuco","og_description":"Por Tan Jingjing, Wu Xiaoling e Gao Shan S\u00e3o Francisco &#8211; Uma grande exposi\u00e7\u00e3o de rel\u00edquias culturais chinesas da Idade do Bronze da China foi inaugurada nesta sexta-feira em S\u00e3o Francisco, no estado americano da Calif\u00f3rnia. A exposi\u00e7\u00e3o, intitulada &#8220;Reinos...","og_url":"https:\/\/diariodepe.com.br\/xinhua\/2024\/04\/22\/arte-da-idade-do-bronze-da-china-ganha-vida-em-exposicao-em-sao-francisco\/","og_site_name":"Xinhua - Diario de Pernambuco","article_published_time":"2024-04-22T12:37:00+00:00","og_image":[{"width":1013,"height":698,"url":"https:\/\/diariodepe.com.br\/xinhua\/wp-content\/uploads\/sites\/3\/2024\/04\/20240422bf146151f2834afab4b187b90192b034_2024042282898826d00f4177b61f43adabbb0a0d.png","type":"image\/png"}],"author":"Marcelo Oliveira de A. Maranhao","twitter_card":"summary_large_image","twitter_misc":{"Escrito por":"Marcelo Oliveira de A. Maranhao","Est. tempo de leitura":"3 minutos"},"schema":{"@context":"https:\/\/schema.org","@graph":[{"@type":"Article","@id":"https:\/\/diariodepe.com.br\/xinhua\/2024\/04\/22\/arte-da-idade-do-bronze-da-china-ganha-vida-em-exposicao-em-sao-francisco\/#article","isPartOf":{"@id":"https:\/\/diariodepe.com.br\/xinhua\/2024\/04\/22\/arte-da-idade-do-bronze-da-china-ganha-vida-em-exposicao-em-sao-francisco\/"},"author":{"name":"Marcelo Oliveira de A. Maranhao","@id":"https:\/\/diariodepe.com.br\/xinhua\/#\/schema\/person\/0943d6fd02bdc7b49c8f495e8787a2cb"},"headline":"Arte da Idade do Bronze da China ganha vida em exposi\u00e7\u00e3o em S\u00e3o Francisco","datePublished":"2024-04-22T12:37:00+00:00","mainEntityOfPage":{"@id":"https:\/\/diariodepe.com.br\/xinhua\/2024\/04\/22\/arte-da-idade-do-bronze-da-china-ganha-vida-em-exposicao-em-sao-francisco\/"},"wordCount":526,"commentCount":0,"publisher":{"@id":"https:\/\/diariodepe.com.br\/xinhua\/#organization"},"image":{"@id":"https:\/\/diariodepe.com.br\/xinhua\/2024\/04\/22\/arte-da-idade-do-bronze-da-china-ganha-vida-em-exposicao-em-sao-francisco\/#primaryimage"},"thumbnailUrl":"https:\/\/diariodepe.com.br\/xinhua\/wp-content\/uploads\/sites\/3\/2024\/04\/20240422bf146151f2834afab4b187b90192b034_2024042282898826d00f4177b61f43adabbb0a0d.png","articleSection":["Cultura \/ Tecnologia"],"inLanguage":"pt-BR","potentialAction":[{"@type":"CommentAction","name":"Comment","target":["https:\/\/diariodepe.com.br\/xinhua\/2024\/04\/22\/arte-da-idade-do-bronze-da-china-ganha-vida-em-exposicao-em-sao-francisco\/#respond"]}]},{"@type":"WebPage","@id":"https:\/\/diariodepe.com.br\/xinhua\/2024\/04\/22\/arte-da-idade-do-bronze-da-china-ganha-vida-em-exposicao-em-sao-francisco\/","url":"https:\/\/diariodepe.com.br\/xinhua\/2024\/04\/22\/arte-da-idade-do-bronze-da-china-ganha-vida-em-exposicao-em-sao-francisco\/","name":"Arte da Idade do Bronze da China ganha vida em exposi\u00e7\u00e3o em S\u00e3o Francisco - Xinhua - Diario de Pernambuco","isPartOf":{"@id":"https:\/\/diariodepe.com.br\/xinhua\/#website"},"primaryImageOfPage":{"@id":"https:\/\/diariodepe.com.br\/xinhua\/2024\/04\/22\/arte-da-idade-do-bronze-da-china-ganha-vida-em-exposicao-em-sao-francisco\/#primaryimage"},"image":{"@id":"https:\/\/diariodepe.com.br\/xinhua\/2024\/04\/22\/arte-da-idade-do-bronze-da-china-ganha-vida-em-exposicao-em-sao-francisco\/#primaryimage"},"thumbnailUrl":"https:\/\/diariodepe.com.br\/xinhua\/wp-content\/uploads\/sites\/3\/2024\/04\/20240422bf146151f2834afab4b187b90192b034_2024042282898826d00f4177b61f43adabbb0a0d.png","datePublished":"2024-04-22T12:37:00+00:00","breadcrumb":{"@id":"https:\/\/diariodepe.com.br\/xinhua\/2024\/04\/22\/arte-da-idade-do-bronze-da-china-ganha-vida-em-exposicao-em-sao-francisco\/#breadcrumb"},"inLanguage":"pt-BR","potentialAction":[{"@type":"ReadAction","target":["https:\/\/diariodepe.com.br\/xinhua\/2024\/04\/22\/arte-da-idade-do-bronze-da-china-ganha-vida-em-exposicao-em-sao-francisco\/"]}]},{"@type":"ImageObject","inLanguage":"pt-BR","@id":"https:\/\/diariodepe.com.br\/xinhua\/2024\/04\/22\/arte-da-idade-do-bronze-da-china-ganha-vida-em-exposicao-em-sao-francisco\/#primaryimage","url":"https:\/\/diariodepe.com.br\/xinhua\/wp-content\/uploads\/sites\/3\/2024\/04\/20240422bf146151f2834afab4b187b90192b034_2024042282898826d00f4177b61f43adabbb0a0d.png","contentUrl":"https:\/\/diariodepe.com.br\/xinhua\/wp-content\/uploads\/sites\/3\/2024\/04\/20240422bf146151f2834afab4b187b90192b034_2024042282898826d00f4177b61f43adabbb0a0d.png","width":1013,"height":698},{"@type":"BreadcrumbList","@id":"https:\/\/diariodepe.com.br\/xinhua\/2024\/04\/22\/arte-da-idade-do-bronze-da-china-ganha-vida-em-exposicao-em-sao-francisco\/#breadcrumb","itemListElement":[{"@type":"ListItem","position":1,"name":"In\u00edcio","item":"https:\/\/diariodepe.com.br\/xinhua\/"},{"@type":"ListItem","position":2,"name":"Arte da Idade do Bronze da China ganha vida em exposi\u00e7\u00e3o em S\u00e3o Francisco"}]},{"@type":"WebSite","@id":"https:\/\/diariodepe.com.br\/xinhua\/#website","url":"https:\/\/diariodepe.com.br\/xinhua\/","name":"Xinhua - Diario de Pernambuco","description":"A maior ag\u00eancia de not\u00edcias da China e um dos principais canais para conhecer o pa\u00eds","publisher":{"@id":"https:\/\/diariodepe.com.br\/xinhua\/#organization"},"potentialAction":[{"@type":"SearchAction","target":{"@type":"EntryPoint","urlTemplate":"https:\/\/diariodepe.com.br\/xinhua\/?s={search_term_string}"},"query-input":{"@type":"PropertyValueSpecification","valueRequired":true,"valueName":"search_term_string"}}],"inLanguage":"pt-BR"},{"@type":"Organization","@id":"https:\/\/diariodepe.com.br\/xinhua\/#organization","name":"Xinhua - Diario de Pernambuco","url":"https:\/\/diariodepe.com.br\/xinhua\/","logo":{"@type":"ImageObject","inLanguage":"pt-BR","@id":"https:\/\/diariodepe.com.br\/xinhua\/#\/schema\/logo\/image\/","url":"https:\/\/diariodepe.com.br\/xinhua\/wp-content\/uploads\/sites\/3\/2020\/10\/cropped-logo-transparente-2.png","contentUrl":"https:\/\/diariodepe.com.br\/xinhua\/wp-content\/uploads\/sites\/3\/2020\/10\/cropped-logo-transparente-2.png","width":512,"height":164,"caption":"Xinhua - Diario de Pernambuco"},"image":{"@id":"https:\/\/diariodepe.com.br\/xinhua\/#\/schema\/logo\/image\/"}},{"@type":"Person","@id":"https:\/\/diariodepe.com.br\/xinhua\/#\/schema\/person\/0943d6fd02bdc7b49c8f495e8787a2cb","name":"Marcelo Oliveira de A. Maranhao","image":{"@type":"ImageObject","inLanguage":"pt-BR","@id":"https:\/\/secure.gravatar.com\/avatar\/f562caee940d39879c20e90eea3e4b21860c7d4c96684c23141c554824f0059c?s=96&d=mm&r=g","url":"https:\/\/secure.gravatar.com\/avatar\/f562caee940d39879c20e90eea3e4b21860c7d4c96684c23141c554824f0059c?s=96&d=mm&r=g","contentUrl":"https:\/\/secure.gravatar.com\/avatar\/f562caee940d39879c20e90eea3e4b21860c7d4c96684c23141c554824f0059c?s=96&d=mm&r=g","caption":"Marcelo Oliveira de A. Maranhao"},"url":"https:\/\/diariodepe.com.br\/xinhua\/author\/marcelo-maranhao\/"}]}},"cc_featured_image_caption":{"caption_text":"","source_text":"","source_url":""},"amp_enabled":true,"_links":{"self":[{"href":"https:\/\/diariodepe.com.br\/xinhua\/wp-json\/wp\/v2\/posts\/19450","targetHints":{"allow":["GET"]}}],"collection":[{"href":"https:\/\/diariodepe.com.br\/xinhua\/wp-json\/wp\/v2\/posts"}],"about":[{"href":"https:\/\/diariodepe.com.br\/xinhua\/wp-json\/wp\/v2\/types\/post"}],"author":[{"embeddable":true,"href":"https:\/\/diariodepe.com.br\/xinhua\/wp-json\/wp\/v2\/users\/3"}],"replies":[{"embeddable":true,"href":"https:\/\/diariodepe.com.br\/xinhua\/wp-json\/wp\/v2\/comments?post=19450"}],"version-history":[{"count":1,"href":"https:\/\/diariodepe.com.br\/xinhua\/wp-json\/wp\/v2\/posts\/19450\/revisions"}],"predecessor-version":[{"id":19452,"href":"https:\/\/diariodepe.com.br\/xinhua\/wp-json\/wp\/v2\/posts\/19450\/revisions\/19452"}],"wp:featuredmedia":[{"embeddable":true,"href":"https:\/\/diariodepe.com.br\/xinhua\/wp-json\/wp\/v2\/media\/19451"}],"wp:attachment":[{"href":"https:\/\/diariodepe.com.br\/xinhua\/wp-json\/wp\/v2\/media?parent=19450"}],"wp:term":[{"taxonomy":"category","embeddable":true,"href":"https:\/\/diariodepe.com.br\/xinhua\/wp-json\/wp\/v2\/categories?post=19450"},{"taxonomy":"post_tag","embeddable":true,"href":"https:\/\/diariodepe.com.br\/xinhua\/wp-json\/wp\/v2\/tags?post=19450"}],"curies":[{"name":"wp","href":"https:\/\/api.w.org\/{rel}","templated":true}]}}