{"id":1923,"date":"2021-06-09T15:17:13","date_gmt":"2021-06-09T18:17:13","guid":{"rendered":"http:\/\/www.diariodepe.com.br\/xinhua\/?p=1923"},"modified":"2021-06-09T15:17:15","modified_gmt":"2021-06-09T18:17:15","slug":"ministros-das-relacoes-exteriores-da-cooperacao-lancang-mekong-discutem-covid-19-e-recuperacao","status":"publish","type":"post","link":"https:\/\/diariodepe.com.br\/xinhua\/2021\/06\/09\/ministros-das-relacoes-exteriores-da-cooperacao-lancang-mekong-discutem-covid-19-e-recuperacao\/","title":{"rendered":"Ministros das Rela\u00e7\u00f5es Exteriores da Coopera\u00e7\u00e3o Lancang-Mekong discutem COVID-19 e recupera\u00e7\u00e3o"},"content":{"rendered":"\n<p>Chongqing, 9 jun (China) &#8212; Ministros das Rela\u00e7\u00f5es Exteriores dos pa\u00edses da Coopera\u00e7\u00e3o Lancang-Mekong (LMC) se reuniram no Munic\u00edpio de Chongqing, no sudoeste da China, nesta ter\u00e7a-feira para discutir os esfor\u00e7os conjuntos sobre a pandemia da COVID-19 e os futuros trabalhos de recupera\u00e7\u00e3o e desenvolvimento.<\/p>\n\n\n\n<p>A sexta Reuni\u00e3o dos Ministros das Rela\u00e7\u00f5es Exteriores da Coopera\u00e7\u00e3o Lancang-Mekong foi presidida pelo Conselheiro de Estado e ministro das Rela\u00e7\u00f5es Exteriores da China, Wang Yi, e pelo ministro das Rela\u00e7\u00f5es Exteriores de Mianmar, U Wunna Maung Lwin.<\/p>\n\n\n\n<p>Tamb\u00e9m estiveram presentes o ministro das Rela\u00e7\u00f5es Exteriores do Laos, Saleumxay Kommasith, o vice-primeiro-ministro cambojano e ministro das Rela\u00e7\u00f5es Exteriores Prak Sokhonn, o vice-primeiro-ministro tailand\u00eas e ministro das Rela\u00e7\u00f5es Exteriores Don Pramudwinai e o ministro das Rela\u00e7\u00f5es Exteriores vietnamita Bui Thanh Son.<\/p>\n\n\n\n<p>Wang afirmou que o LMC tornou-se um dos mecanismos de coopera\u00e7\u00e3o emergente mais din\u00e2micos na sub-regi\u00e3o e desenvolveu-se rapidamente, alcan\u00e7ando resultados not\u00e1veis.<\/p>\n\n\n\n<p>Ele disse que a China trabalhar\u00e1 com os pa\u00edses do Mekong para compartilhar as oportunidades de desenvolvimento, lidar conjuntamente com desafios e trabalhar para construir uma comunidade com um futuro compartilhado.<\/p>\n\n\n\n<p>Wang prop\u00f4s futuras \u00e1reas de coopera\u00e7\u00e3o para a LMC, incluindo fortalecer a coopera\u00e7\u00e3o na luta contra a pandemia, promover a recupera\u00e7\u00e3o p\u00f3s-COVID-19, trabalhar com recursos h\u00eddricos, impulsionar a coopera\u00e7\u00e3o pragm\u00e1tica local, promover a amizade entre as pessoas e melhorar o mecanismo de coopera\u00e7\u00e3o.<\/p>\n\n\n\n<p>Os ministros das Rela\u00e7\u00f5es Exteriores expressaram sua disposi\u00e7\u00e3o de manter conjuntamente o forte impulso da LMC, alinhar ativamente as estrat\u00e9gias de desenvolvimento, fortalecer a constru\u00e7\u00e3o e a conectividade de infraestrutura e promover mais coopera\u00e7\u00e3o em educa\u00e7\u00e3o, juventude e \u00e1reas locais.<\/p>\n","protected":false},"excerpt":{"rendered":"<p>Chongqing, 9 jun (China) &#8212; Ministros das Rela\u00e7\u00f5es Exteriores dos pa\u00edses da Coopera\u00e7\u00e3o Lancang-Mekong (LMC) se reuniram no Munic\u00edpio de Chongqing, no sudoeste da China, nesta ter\u00e7a-feira para discutir os esfor\u00e7os conjuntos sobre a pandemia da COVID-19 e os futuros&#8230;<\/p>\n","protected":false},"author":3,"featured_media":1924,"comment_status":"open","ping_status":"open","sticky":false,"template":"","format":"standard","meta":{"footnotes":""},"categories":[3],"tags":[],"class_list":["post-1923","post","type-post","status-publish","format-standard","has-post-thumbnail","hentry","category-china"],"yoast_head":"<!-- This site is optimized with the Yoast SEO plugin v27.4 - https:\/\/yoast.com\/product\/yoast-seo-wordpress\/ -->\n<title>Ministros das Rela\u00e7\u00f5es Exteriores da Coopera\u00e7\u00e3o Lancang-Mekong discutem COVID-19 e recupera\u00e7\u00e3o - Xinhua - Diario de Pernambuco<\/title>\n<meta name=\"robots\" content=\"index, follow, max-snippet:-1, max-image-preview:large, max-video-preview:-1\" \/>\n<link rel=\"canonical\" href=\"https:\/\/diariodepe.com.br\/xinhua\/2021\/06\/09\/ministros-das-relacoes-exteriores-da-cooperacao-lancang-mekong-discutem-covid-19-e-recuperacao\/\" \/>\n<meta property=\"og:locale\" content=\"pt_BR\" \/>\n<meta property=\"og:type\" content=\"article\" \/>\n<meta property=\"og:title\" content=\"Ministros das Rela\u00e7\u00f5es Exteriores da Coopera\u00e7\u00e3o Lancang-Mekong discutem COVID-19 e recupera\u00e7\u00e3o - Xinhua - Diario de Pernambuco\" \/>\n<meta property=\"og:description\" content=\"Chongqing, 9 jun (China) &#8212; Ministros das Rela\u00e7\u00f5es Exteriores dos pa\u00edses da Coopera\u00e7\u00e3o Lancang-Mekong (LMC) se reuniram no Munic\u00edpio de Chongqing, no sudoeste da China, nesta ter\u00e7a-feira para discutir os esfor\u00e7os conjuntos sobre a pandemia da COVID-19 e os futuros...\" \/>\n<meta property=\"og:url\" content=\"https:\/\/diariodepe.com.br\/xinhua\/2021\/06\/09\/ministros-das-relacoes-exteriores-da-cooperacao-lancang-mekong-discutem-covid-19-e-recuperacao\/\" \/>\n<meta property=\"og:site_name\" content=\"Xinhua - Diario de Pernambuco\" \/>\n<meta property=\"article:published_time\" content=\"2021-06-09T18:17:13+00:00\" \/>\n<meta property=\"article:modified_time\" content=\"2021-06-09T18:17:15+00:00\" \/>\n<meta property=\"og:image\" content=\"https:\/\/diariodepe.com.br\/xinhua\/wp-content\/uploads\/sites\/3\/2021\/06\/139998039_16232079447881n.jpg\" \/>\n\t<meta property=\"og:image:width\" content=\"1022\" \/>\n\t<meta property=\"og:image:height\" content=\"555\" \/>\n\t<meta property=\"og:image:type\" content=\"image\/jpeg\" \/>\n<meta name=\"author\" content=\"Marcelo Oliveira de A. Maranhao\" \/>\n<meta name=\"twitter:card\" content=\"summary_large_image\" \/>\n<meta name=\"twitter:label1\" content=\"Escrito por\" \/>\n\t<meta name=\"twitter:data1\" content=\"Marcelo Oliveira de A. Maranhao\" \/>\n\t<meta name=\"twitter:label2\" content=\"Est. tempo de leitura\" \/>\n\t<meta name=\"twitter:data2\" content=\"2 minutos\" \/>\n<script type=\"application\/ld+json\" class=\"yoast-schema-graph\">{\"@context\":\"https:\\\/\\\/schema.org\",\"@graph\":[{\"@type\":\"Article\",\"@id\":\"https:\\\/\\\/diariodepe.com.br\\\/xinhua\\\/2021\\\/06\\\/09\\\/ministros-das-relacoes-exteriores-da-cooperacao-lancang-mekong-discutem-covid-19-e-recuperacao\\\/#article\",\"isPartOf\":{\"@id\":\"https:\\\/\\\/diariodepe.com.br\\\/xinhua\\\/2021\\\/06\\\/09\\\/ministros-das-relacoes-exteriores-da-cooperacao-lancang-mekong-discutem-covid-19-e-recuperacao\\\/\"},\"author\":{\"name\":\"Marcelo Oliveira de A. Maranhao\",\"@id\":\"https:\\\/\\\/diariodepe.com.br\\\/xinhua\\\/#\\\/schema\\\/person\\\/0943d6fd02bdc7b49c8f495e8787a2cb\"},\"headline\":\"Ministros das Rela\u00e7\u00f5es Exteriores da Coopera\u00e7\u00e3o Lancang-Mekong discutem COVID-19 e recupera\u00e7\u00e3o\",\"datePublished\":\"2021-06-09T18:17:13+00:00\",\"dateModified\":\"2021-06-09T18:17:15+00:00\",\"mainEntityOfPage\":{\"@id\":\"https:\\\/\\\/diariodepe.com.br\\\/xinhua\\\/2021\\\/06\\\/09\\\/ministros-das-relacoes-exteriores-da-cooperacao-lancang-mekong-discutem-covid-19-e-recuperacao\\\/\"},\"wordCount\":313,\"commentCount\":0,\"publisher\":{\"@id\":\"https:\\\/\\\/diariodepe.com.br\\\/xinhua\\\/#organization\"},\"image\":{\"@id\":\"https:\\\/\\\/diariodepe.com.br\\\/xinhua\\\/2021\\\/06\\\/09\\\/ministros-das-relacoes-exteriores-da-cooperacao-lancang-mekong-discutem-covid-19-e-recuperacao\\\/#primaryimage\"},\"thumbnailUrl\":\"https:\\\/\\\/diariodepe.com.br\\\/xinhua\\\/wp-content\\\/uploads\\\/sites\\\/3\\\/2021\\\/06\\\/139998039_16232079447881n.jpg\",\"articleSection\":[\"China\"],\"inLanguage\":\"pt-BR\",\"potentialAction\":[{\"@type\":\"CommentAction\",\"name\":\"Comment\",\"target\":[\"https:\\\/\\\/diariodepe.com.br\\\/xinhua\\\/2021\\\/06\\\/09\\\/ministros-das-relacoes-exteriores-da-cooperacao-lancang-mekong-discutem-covid-19-e-recuperacao\\\/#respond\"]}]},{\"@type\":\"WebPage\",\"@id\":\"https:\\\/\\\/diariodepe.com.br\\\/xinhua\\\/2021\\\/06\\\/09\\\/ministros-das-relacoes-exteriores-da-cooperacao-lancang-mekong-discutem-covid-19-e-recuperacao\\\/\",\"url\":\"https:\\\/\\\/diariodepe.com.br\\\/xinhua\\\/2021\\\/06\\\/09\\\/ministros-das-relacoes-exteriores-da-cooperacao-lancang-mekong-discutem-covid-19-e-recuperacao\\\/\",\"name\":\"Ministros das Rela\u00e7\u00f5es Exteriores da Coopera\u00e7\u00e3o Lancang-Mekong discutem COVID-19 e recupera\u00e7\u00e3o - Xinhua - Diario de Pernambuco\",\"isPartOf\":{\"@id\":\"https:\\\/\\\/diariodepe.com.br\\\/xinhua\\\/#website\"},\"primaryImageOfPage\":{\"@id\":\"https:\\\/\\\/diariodepe.com.br\\\/xinhua\\\/2021\\\/06\\\/09\\\/ministros-das-relacoes-exteriores-da-cooperacao-lancang-mekong-discutem-covid-19-e-recuperacao\\\/#primaryimage\"},\"image\":{\"@id\":\"https:\\\/\\\/diariodepe.com.br\\\/xinhua\\\/2021\\\/06\\\/09\\\/ministros-das-relacoes-exteriores-da-cooperacao-lancang-mekong-discutem-covid-19-e-recuperacao\\\/#primaryimage\"},\"thumbnailUrl\":\"https:\\\/\\\/diariodepe.com.br\\\/xinhua\\\/wp-content\\\/uploads\\\/sites\\\/3\\\/2021\\\/06\\\/139998039_16232079447881n.jpg\",\"datePublished\":\"2021-06-09T18:17:13+00:00\",\"dateModified\":\"2021-06-09T18:17:15+00:00\",\"breadcrumb\":{\"@id\":\"https:\\\/\\\/diariodepe.com.br\\\/xinhua\\\/2021\\\/06\\\/09\\\/ministros-das-relacoes-exteriores-da-cooperacao-lancang-mekong-discutem-covid-19-e-recuperacao\\\/#breadcrumb\"},\"inLanguage\":\"pt-BR\",\"potentialAction\":[{\"@type\":\"ReadAction\",\"target\":[\"https:\\\/\\\/diariodepe.com.br\\\/xinhua\\\/2021\\\/06\\\/09\\\/ministros-das-relacoes-exteriores-da-cooperacao-lancang-mekong-discutem-covid-19-e-recuperacao\\\/\"]}]},{\"@type\":\"ImageObject\",\"inLanguage\":\"pt-BR\",\"@id\":\"https:\\\/\\\/diariodepe.com.br\\\/xinhua\\\/2021\\\/06\\\/09\\\/ministros-das-relacoes-exteriores-da-cooperacao-lancang-mekong-discutem-covid-19-e-recuperacao\\\/#primaryimage\",\"url\":\"https:\\\/\\\/diariodepe.com.br\\\/xinhua\\\/wp-content\\\/uploads\\\/sites\\\/3\\\/2021\\\/06\\\/139998039_16232079447881n.jpg\",\"contentUrl\":\"https:\\\/\\\/diariodepe.com.br\\\/xinhua\\\/wp-content\\\/uploads\\\/sites\\\/3\\\/2021\\\/06\\\/139998039_16232079447881n.jpg\",\"width\":1022,\"height\":555},{\"@type\":\"BreadcrumbList\",\"@id\":\"https:\\\/\\\/diariodepe.com.br\\\/xinhua\\\/2021\\\/06\\\/09\\\/ministros-das-relacoes-exteriores-da-cooperacao-lancang-mekong-discutem-covid-19-e-recuperacao\\\/#breadcrumb\",\"itemListElement\":[{\"@type\":\"ListItem\",\"position\":1,\"name\":\"In\u00edcio\",\"item\":\"https:\\\/\\\/diariodepe.com.br\\\/xinhua\\\/\"},{\"@type\":\"ListItem\",\"position\":2,\"name\":\"Ministros das Rela\u00e7\u00f5es Exteriores da Coopera\u00e7\u00e3o Lancang-Mekong discutem COVID-19 e recupera\u00e7\u00e3o\"}]},{\"@type\":\"WebSite\",\"@id\":\"https:\\\/\\\/diariodepe.com.br\\\/xinhua\\\/#website\",\"url\":\"https:\\\/\\\/diariodepe.com.br\\\/xinhua\\\/\",\"name\":\"Xinhua - Diario de Pernambuco\",\"description\":\"A maior ag\u00eancia de not\u00edcias da China e um dos principais canais para conhecer o pa\u00eds\",\"publisher\":{\"@id\":\"https:\\\/\\\/diariodepe.com.br\\\/xinhua\\\/#organization\"},\"potentialAction\":[{\"@type\":\"SearchAction\",\"target\":{\"@type\":\"EntryPoint\",\"urlTemplate\":\"https:\\\/\\\/diariodepe.com.br\\\/xinhua\\\/?s={search_term_string}\"},\"query-input\":{\"@type\":\"PropertyValueSpecification\",\"valueRequired\":true,\"valueName\":\"search_term_string\"}}],\"inLanguage\":\"pt-BR\"},{\"@type\":\"Organization\",\"@id\":\"https:\\\/\\\/diariodepe.com.br\\\/xinhua\\\/#organization\",\"name\":\"Xinhua - Diario de Pernambuco\",\"url\":\"https:\\\/\\\/diariodepe.com.br\\\/xinhua\\\/\",\"logo\":{\"@type\":\"ImageObject\",\"inLanguage\":\"pt-BR\",\"@id\":\"https:\\\/\\\/diariodepe.com.br\\\/xinhua\\\/#\\\/schema\\\/logo\\\/image\\\/\",\"url\":\"https:\\\/\\\/diariodepe.com.br\\\/xinhua\\\/wp-content\\\/uploads\\\/sites\\\/3\\\/2020\\\/10\\\/cropped-logo-transparente-2.png\",\"contentUrl\":\"https:\\\/\\\/diariodepe.com.br\\\/xinhua\\\/wp-content\\\/uploads\\\/sites\\\/3\\\/2020\\\/10\\\/cropped-logo-transparente-2.png\",\"width\":512,\"height\":164,\"caption\":\"Xinhua - Diario de Pernambuco\"},\"image\":{\"@id\":\"https:\\\/\\\/diariodepe.com.br\\\/xinhua\\\/#\\\/schema\\\/logo\\\/image\\\/\"}},{\"@type\":\"Person\",\"@id\":\"https:\\\/\\\/diariodepe.com.br\\\/xinhua\\\/#\\\/schema\\\/person\\\/0943d6fd02bdc7b49c8f495e8787a2cb\",\"name\":\"Marcelo Oliveira de A. Maranhao\",\"image\":{\"@type\":\"ImageObject\",\"inLanguage\":\"pt-BR\",\"@id\":\"https:\\\/\\\/secure.gravatar.com\\\/avatar\\\/f562caee940d39879c20e90eea3e4b21860c7d4c96684c23141c554824f0059c?s=96&d=mm&r=g\",\"url\":\"https:\\\/\\\/secure.gravatar.com\\\/avatar\\\/f562caee940d39879c20e90eea3e4b21860c7d4c96684c23141c554824f0059c?s=96&d=mm&r=g\",\"contentUrl\":\"https:\\\/\\\/secure.gravatar.com\\\/avatar\\\/f562caee940d39879c20e90eea3e4b21860c7d4c96684c23141c554824f0059c?s=96&d=mm&r=g\",\"caption\":\"Marcelo Oliveira de A. Maranhao\"},\"url\":\"https:\\\/\\\/diariodepe.com.br\\\/xinhua\\\/author\\\/marcelo-maranhao\\\/\"}]}<\/script>\n<!-- \/ Yoast SEO plugin. -->","yoast_head_json":{"title":"Ministros das Rela\u00e7\u00f5es Exteriores da Coopera\u00e7\u00e3o Lancang-Mekong discutem COVID-19 e recupera\u00e7\u00e3o - Xinhua - Diario de Pernambuco","robots":{"index":"index","follow":"follow","max-snippet":"max-snippet:-1","max-image-preview":"max-image-preview:large","max-video-preview":"max-video-preview:-1"},"canonical":"https:\/\/diariodepe.com.br\/xinhua\/2021\/06\/09\/ministros-das-relacoes-exteriores-da-cooperacao-lancang-mekong-discutem-covid-19-e-recuperacao\/","og_locale":"pt_BR","og_type":"article","og_title":"Ministros das Rela\u00e7\u00f5es Exteriores da Coopera\u00e7\u00e3o Lancang-Mekong discutem COVID-19 e recupera\u00e7\u00e3o - Xinhua - Diario de Pernambuco","og_description":"Chongqing, 9 jun (China) &#8212; Ministros das Rela\u00e7\u00f5es Exteriores dos pa\u00edses da Coopera\u00e7\u00e3o Lancang-Mekong (LMC) se reuniram no Munic\u00edpio de Chongqing, no sudoeste da China, nesta ter\u00e7a-feira para discutir os esfor\u00e7os conjuntos sobre a pandemia da COVID-19 e os futuros...","og_url":"https:\/\/diariodepe.com.br\/xinhua\/2021\/06\/09\/ministros-das-relacoes-exteriores-da-cooperacao-lancang-mekong-discutem-covid-19-e-recuperacao\/","og_site_name":"Xinhua - Diario de Pernambuco","article_published_time":"2021-06-09T18:17:13+00:00","article_modified_time":"2021-06-09T18:17:15+00:00","og_image":[{"width":1022,"height":555,"url":"https:\/\/diariodepe.com.br\/xinhua\/wp-content\/uploads\/sites\/3\/2021\/06\/139998039_16232079447881n.jpg","type":"image\/jpeg"}],"author":"Marcelo Oliveira de A. Maranhao","twitter_card":"summary_large_image","twitter_misc":{"Escrito por":"Marcelo Oliveira de A. Maranhao","Est. tempo de leitura":"2 minutos"},"schema":{"@context":"https:\/\/schema.org","@graph":[{"@type":"Article","@id":"https:\/\/diariodepe.com.br\/xinhua\/2021\/06\/09\/ministros-das-relacoes-exteriores-da-cooperacao-lancang-mekong-discutem-covid-19-e-recuperacao\/#article","isPartOf":{"@id":"https:\/\/diariodepe.com.br\/xinhua\/2021\/06\/09\/ministros-das-relacoes-exteriores-da-cooperacao-lancang-mekong-discutem-covid-19-e-recuperacao\/"},"author":{"name":"Marcelo Oliveira de A. Maranhao","@id":"https:\/\/diariodepe.com.br\/xinhua\/#\/schema\/person\/0943d6fd02bdc7b49c8f495e8787a2cb"},"headline":"Ministros das Rela\u00e7\u00f5es Exteriores da Coopera\u00e7\u00e3o Lancang-Mekong discutem COVID-19 e recupera\u00e7\u00e3o","datePublished":"2021-06-09T18:17:13+00:00","dateModified":"2021-06-09T18:17:15+00:00","mainEntityOfPage":{"@id":"https:\/\/diariodepe.com.br\/xinhua\/2021\/06\/09\/ministros-das-relacoes-exteriores-da-cooperacao-lancang-mekong-discutem-covid-19-e-recuperacao\/"},"wordCount":313,"commentCount":0,"publisher":{"@id":"https:\/\/diariodepe.com.br\/xinhua\/#organization"},"image":{"@id":"https:\/\/diariodepe.com.br\/xinhua\/2021\/06\/09\/ministros-das-relacoes-exteriores-da-cooperacao-lancang-mekong-discutem-covid-19-e-recuperacao\/#primaryimage"},"thumbnailUrl":"https:\/\/diariodepe.com.br\/xinhua\/wp-content\/uploads\/sites\/3\/2021\/06\/139998039_16232079447881n.jpg","articleSection":["China"],"inLanguage":"pt-BR","potentialAction":[{"@type":"CommentAction","name":"Comment","target":["https:\/\/diariodepe.com.br\/xinhua\/2021\/06\/09\/ministros-das-relacoes-exteriores-da-cooperacao-lancang-mekong-discutem-covid-19-e-recuperacao\/#respond"]}]},{"@type":"WebPage","@id":"https:\/\/diariodepe.com.br\/xinhua\/2021\/06\/09\/ministros-das-relacoes-exteriores-da-cooperacao-lancang-mekong-discutem-covid-19-e-recuperacao\/","url":"https:\/\/diariodepe.com.br\/xinhua\/2021\/06\/09\/ministros-das-relacoes-exteriores-da-cooperacao-lancang-mekong-discutem-covid-19-e-recuperacao\/","name":"Ministros das Rela\u00e7\u00f5es Exteriores da Coopera\u00e7\u00e3o Lancang-Mekong discutem COVID-19 e recupera\u00e7\u00e3o - Xinhua - Diario de Pernambuco","isPartOf":{"@id":"https:\/\/diariodepe.com.br\/xinhua\/#website"},"primaryImageOfPage":{"@id":"https:\/\/diariodepe.com.br\/xinhua\/2021\/06\/09\/ministros-das-relacoes-exteriores-da-cooperacao-lancang-mekong-discutem-covid-19-e-recuperacao\/#primaryimage"},"image":{"@id":"https:\/\/diariodepe.com.br\/xinhua\/2021\/06\/09\/ministros-das-relacoes-exteriores-da-cooperacao-lancang-mekong-discutem-covid-19-e-recuperacao\/#primaryimage"},"thumbnailUrl":"https:\/\/diariodepe.com.br\/xinhua\/wp-content\/uploads\/sites\/3\/2021\/06\/139998039_16232079447881n.jpg","datePublished":"2021-06-09T18:17:13+00:00","dateModified":"2021-06-09T18:17:15+00:00","breadcrumb":{"@id":"https:\/\/diariodepe.com.br\/xinhua\/2021\/06\/09\/ministros-das-relacoes-exteriores-da-cooperacao-lancang-mekong-discutem-covid-19-e-recuperacao\/#breadcrumb"},"inLanguage":"pt-BR","potentialAction":[{"@type":"ReadAction","target":["https:\/\/diariodepe.com.br\/xinhua\/2021\/06\/09\/ministros-das-relacoes-exteriores-da-cooperacao-lancang-mekong-discutem-covid-19-e-recuperacao\/"]}]},{"@type":"ImageObject","inLanguage":"pt-BR","@id":"https:\/\/diariodepe.com.br\/xinhua\/2021\/06\/09\/ministros-das-relacoes-exteriores-da-cooperacao-lancang-mekong-discutem-covid-19-e-recuperacao\/#primaryimage","url":"https:\/\/diariodepe.com.br\/xinhua\/wp-content\/uploads\/sites\/3\/2021\/06\/139998039_16232079447881n.jpg","contentUrl":"https:\/\/diariodepe.com.br\/xinhua\/wp-content\/uploads\/sites\/3\/2021\/06\/139998039_16232079447881n.jpg","width":1022,"height":555},{"@type":"BreadcrumbList","@id":"https:\/\/diariodepe.com.br\/xinhua\/2021\/06\/09\/ministros-das-relacoes-exteriores-da-cooperacao-lancang-mekong-discutem-covid-19-e-recuperacao\/#breadcrumb","itemListElement":[{"@type":"ListItem","position":1,"name":"In\u00edcio","item":"https:\/\/diariodepe.com.br\/xinhua\/"},{"@type":"ListItem","position":2,"name":"Ministros das Rela\u00e7\u00f5es Exteriores da Coopera\u00e7\u00e3o Lancang-Mekong discutem COVID-19 e recupera\u00e7\u00e3o"}]},{"@type":"WebSite","@id":"https:\/\/diariodepe.com.br\/xinhua\/#website","url":"https:\/\/diariodepe.com.br\/xinhua\/","name":"Xinhua - Diario de Pernambuco","description":"A maior ag\u00eancia de not\u00edcias da China e um dos principais canais para conhecer o pa\u00eds","publisher":{"@id":"https:\/\/diariodepe.com.br\/xinhua\/#organization"},"potentialAction":[{"@type":"SearchAction","target":{"@type":"EntryPoint","urlTemplate":"https:\/\/diariodepe.com.br\/xinhua\/?s={search_term_string}"},"query-input":{"@type":"PropertyValueSpecification","valueRequired":true,"valueName":"search_term_string"}}],"inLanguage":"pt-BR"},{"@type":"Organization","@id":"https:\/\/diariodepe.com.br\/xinhua\/#organization","name":"Xinhua - Diario de Pernambuco","url":"https:\/\/diariodepe.com.br\/xinhua\/","logo":{"@type":"ImageObject","inLanguage":"pt-BR","@id":"https:\/\/diariodepe.com.br\/xinhua\/#\/schema\/logo\/image\/","url":"https:\/\/diariodepe.com.br\/xinhua\/wp-content\/uploads\/sites\/3\/2020\/10\/cropped-logo-transparente-2.png","contentUrl":"https:\/\/diariodepe.com.br\/xinhua\/wp-content\/uploads\/sites\/3\/2020\/10\/cropped-logo-transparente-2.png","width":512,"height":164,"caption":"Xinhua - Diario de Pernambuco"},"image":{"@id":"https:\/\/diariodepe.com.br\/xinhua\/#\/schema\/logo\/image\/"}},{"@type":"Person","@id":"https:\/\/diariodepe.com.br\/xinhua\/#\/schema\/person\/0943d6fd02bdc7b49c8f495e8787a2cb","name":"Marcelo Oliveira de A. Maranhao","image":{"@type":"ImageObject","inLanguage":"pt-BR","@id":"https:\/\/secure.gravatar.com\/avatar\/f562caee940d39879c20e90eea3e4b21860c7d4c96684c23141c554824f0059c?s=96&d=mm&r=g","url":"https:\/\/secure.gravatar.com\/avatar\/f562caee940d39879c20e90eea3e4b21860c7d4c96684c23141c554824f0059c?s=96&d=mm&r=g","contentUrl":"https:\/\/secure.gravatar.com\/avatar\/f562caee940d39879c20e90eea3e4b21860c7d4c96684c23141c554824f0059c?s=96&d=mm&r=g","caption":"Marcelo Oliveira de A. Maranhao"},"url":"https:\/\/diariodepe.com.br\/xinhua\/author\/marcelo-maranhao\/"}]}},"cc_featured_image_caption":{"caption_text":"","source_text":"","source_url":""},"amp_enabled":true,"_links":{"self":[{"href":"https:\/\/diariodepe.com.br\/xinhua\/wp-json\/wp\/v2\/posts\/1923","targetHints":{"allow":["GET"]}}],"collection":[{"href":"https:\/\/diariodepe.com.br\/xinhua\/wp-json\/wp\/v2\/posts"}],"about":[{"href":"https:\/\/diariodepe.com.br\/xinhua\/wp-json\/wp\/v2\/types\/post"}],"author":[{"embeddable":true,"href":"https:\/\/diariodepe.com.br\/xinhua\/wp-json\/wp\/v2\/users\/3"}],"replies":[{"embeddable":true,"href":"https:\/\/diariodepe.com.br\/xinhua\/wp-json\/wp\/v2\/comments?post=1923"}],"version-history":[{"count":1,"href":"https:\/\/diariodepe.com.br\/xinhua\/wp-json\/wp\/v2\/posts\/1923\/revisions"}],"predecessor-version":[{"id":1925,"href":"https:\/\/diariodepe.com.br\/xinhua\/wp-json\/wp\/v2\/posts\/1923\/revisions\/1925"}],"wp:featuredmedia":[{"embeddable":true,"href":"https:\/\/diariodepe.com.br\/xinhua\/wp-json\/wp\/v2\/media\/1924"}],"wp:attachment":[{"href":"https:\/\/diariodepe.com.br\/xinhua\/wp-json\/wp\/v2\/media?parent=1923"}],"wp:term":[{"taxonomy":"category","embeddable":true,"href":"https:\/\/diariodepe.com.br\/xinhua\/wp-json\/wp\/v2\/categories?post=1923"},{"taxonomy":"post_tag","embeddable":true,"href":"https:\/\/diariodepe.com.br\/xinhua\/wp-json\/wp\/v2\/tags?post=1923"}],"curies":[{"name":"wp","href":"https:\/\/api.w.org\/{rel}","templated":true}]}}