{"id":19192,"date":"2024-04-09T14:02:00","date_gmt":"2024-04-09T17:02:00","guid":{"rendered":"https:\/\/www.diariodepe.com.br\/xinhua\/?p=19192"},"modified":"2024-04-08T15:05:16","modified_gmt":"2024-04-08T18:05:16","slug":"xi-reune-se-com-presidente-da-assembleia-nacional-do-vietna","status":"publish","type":"post","link":"https:\/\/diariodepe.com.br\/xinhua\/2024\/04\/09\/xi-reune-se-com-presidente-da-assembleia-nacional-do-vietna\/","title":{"rendered":"Xi re\u00fane-se com presidente da Assembleia Nacional do Vietn\u00e3"},"content":{"rendered":"\n<p>Beijing &#8211; O presidente chin\u00eas, Xi Jinping, reuniu-se nesta segunda-feira com o presidente da Assembleia Nacional do Vietn\u00e3, Vuong Dinh Hue, em Beijing.<\/p>\n\n\n\n<p>Pedindo a Vuong Dinh Hue que transmitisse as sauda\u00e7\u00f5es cordiais a Nguyen Phu Trong, secret\u00e1rio-geral do Comit\u00ea Central do Partido Comunista do Vietn\u00e3 (PCV), Xi tamb\u00e9m disse que durante sua visita ao Vietn\u00e3 ao final do ano passado, ele e Nguyen Phu Trong anunciaram conjuntamente a constru\u00e7\u00e3o de uma comunidade China-Vietn\u00e3 com um futuro compartilhado que carrega significado estrat\u00e9gico &#8212; abrindo um novo cap\u00edtulo nos la\u00e7os bilaterais.<\/p>\n\n\n\n<p>Sob os esfor\u00e7os conjuntos dos dois lados, o consenso alcan\u00e7ado por ele e Nguyen Phu Trong est\u00e1 sendo implementado, acrescentou Xi.<\/p>\n\n\n\n<p>Xi assinalou que a caracter\u00edstica mais distintiva das rela\u00e7\u00f5es China-Vietn\u00e3 \u00e9 que os dois lados formam um par com ideias semelhantes unidos por um destino comum, e que &#8220;camaradas, e mais, irm\u00e3os&#8221; \u00e9 o retrato mais v\u00edvido da amizade tradicional entre partidos chin\u00eas e vietnamita e entre os dois pa\u00edses.<\/p>\n\n\n\n<p>Ele pediu esfor\u00e7os conjuntos dos dois lados para promover mais conquistas na constru\u00e7\u00e3o de uma comunidade China-Vietn\u00e3 com um futuro compartilhado, servir melhor sua respectiva moderniza\u00e7\u00e3o, beneficiar ainda mais os dois povos e fazer maiores contribui\u00e7\u00f5es para a causa socialista global.<\/p>\n\n\n\n<p>A China est\u00e1 disposta a intensificar o interc\u00e2mbio de experi\u00eancias adquiridas na governan\u00e7a tanto do Partido quanto do pa\u00eds, facilitar a sinergia entre a Iniciativa Cintur\u00e3o e Rota e a estrat\u00e9gia dos Dois Corredores e Um C\u00edrculo Econ\u00f4mico, e aumentar o interc\u00e2mbio entre os jovens, cidades irm\u00e3s, e outros.<\/p>\n","protected":false},"excerpt":{"rendered":"<p>Beijing &#8211; O presidente chin\u00eas, Xi Jinping, reuniu-se nesta segunda-feira com o presidente da Assembleia Nacional do Vietn\u00e3, Vuong Dinh Hue, em Beijing. Pedindo a Vuong Dinh Hue que transmitisse as sauda\u00e7\u00f5es cordiais a Nguyen Phu Trong, secret\u00e1rio-geral do Comit\u00ea&#8230;<\/p>\n","protected":false},"author":3,"featured_media":19193,"comment_status":"open","ping_status":"open","sticky":false,"template":"","format":"standard","meta":{"footnotes":""},"categories":[4],"tags":[],"class_list":["post-19192","post","type-post","status-publish","format-standard","has-post-thumbnail","hentry","category-internacional"],"yoast_head":"<!-- This site is optimized with the Yoast SEO plugin v27.4 - https:\/\/yoast.com\/product\/yoast-seo-wordpress\/ -->\n<title>Xi re\u00fane-se com presidente da Assembleia Nacional do Vietn\u00e3 - Xinhua - Diario de Pernambuco<\/title>\n<meta name=\"robots\" content=\"index, follow, max-snippet:-1, max-image-preview:large, max-video-preview:-1\" \/>\n<link rel=\"canonical\" href=\"https:\/\/diariodepe.com.br\/xinhua\/2024\/04\/09\/xi-reune-se-com-presidente-da-assembleia-nacional-do-vietna\/\" \/>\n<meta property=\"og:locale\" content=\"pt_BR\" \/>\n<meta property=\"og:type\" content=\"article\" \/>\n<meta property=\"og:title\" content=\"Xi re\u00fane-se com presidente da Assembleia Nacional do Vietn\u00e3 - Xinhua - Diario de Pernambuco\" \/>\n<meta property=\"og:description\" content=\"Beijing &#8211; O presidente chin\u00eas, Xi Jinping, reuniu-se nesta segunda-feira com o presidente da Assembleia Nacional do Vietn\u00e3, Vuong Dinh Hue, em Beijing. Pedindo a Vuong Dinh Hue que transmitisse as sauda\u00e7\u00f5es cordiais a Nguyen Phu Trong, secret\u00e1rio-geral do Comit\u00ea...\" \/>\n<meta property=\"og:url\" content=\"https:\/\/diariodepe.com.br\/xinhua\/2024\/04\/09\/xi-reune-se-com-presidente-da-assembleia-nacional-do-vietna\/\" \/>\n<meta property=\"og:site_name\" content=\"Xinhua - Diario de Pernambuco\" \/>\n<meta property=\"article:published_time\" content=\"2024-04-09T17:02:00+00:00\" \/>\n<meta property=\"og:image\" content=\"https:\/\/diariodepe.com.br\/xinhua\/wp-content\/uploads\/sites\/3\/2024\/04\/vfUqe28v6SENYjFx.jpeg\" \/>\n\t<meta property=\"og:image:width\" content=\"1024\" \/>\n\t<meta property=\"og:image:height\" content=\"764\" \/>\n\t<meta property=\"og:image:type\" content=\"image\/jpeg\" \/>\n<meta name=\"author\" content=\"Marcelo Oliveira de A. Maranhao\" \/>\n<meta name=\"twitter:card\" content=\"summary_large_image\" \/>\n<meta name=\"twitter:label1\" content=\"Escrito por\" \/>\n\t<meta name=\"twitter:data1\" content=\"Marcelo Oliveira de A. Maranhao\" \/>\n\t<meta name=\"twitter:label2\" content=\"Est. tempo de leitura\" \/>\n\t<meta name=\"twitter:data2\" content=\"2 minutos\" \/>\n<script type=\"application\/ld+json\" class=\"yoast-schema-graph\">{\"@context\":\"https:\\\/\\\/schema.org\",\"@graph\":[{\"@type\":\"Article\",\"@id\":\"https:\\\/\\\/diariodepe.com.br\\\/xinhua\\\/2024\\\/04\\\/09\\\/xi-reune-se-com-presidente-da-assembleia-nacional-do-vietna\\\/#article\",\"isPartOf\":{\"@id\":\"https:\\\/\\\/diariodepe.com.br\\\/xinhua\\\/2024\\\/04\\\/09\\\/xi-reune-se-com-presidente-da-assembleia-nacional-do-vietna\\\/\"},\"author\":{\"name\":\"Marcelo Oliveira de A. Maranhao\",\"@id\":\"https:\\\/\\\/diariodepe.com.br\\\/xinhua\\\/#\\\/schema\\\/person\\\/0943d6fd02bdc7b49c8f495e8787a2cb\"},\"headline\":\"Xi re\u00fane-se com presidente da Assembleia Nacional do Vietn\u00e3\",\"datePublished\":\"2024-04-09T17:02:00+00:00\",\"mainEntityOfPage\":{\"@id\":\"https:\\\/\\\/diariodepe.com.br\\\/xinhua\\\/2024\\\/04\\\/09\\\/xi-reune-se-com-presidente-da-assembleia-nacional-do-vietna\\\/\"},\"wordCount\":289,\"commentCount\":0,\"publisher\":{\"@id\":\"https:\\\/\\\/diariodepe.com.br\\\/xinhua\\\/#organization\"},\"image\":{\"@id\":\"https:\\\/\\\/diariodepe.com.br\\\/xinhua\\\/2024\\\/04\\\/09\\\/xi-reune-se-com-presidente-da-assembleia-nacional-do-vietna\\\/#primaryimage\"},\"thumbnailUrl\":\"https:\\\/\\\/diariodepe.com.br\\\/xinhua\\\/wp-content\\\/uploads\\\/sites\\\/3\\\/2024\\\/04\\\/vfUqe28v6SENYjFx.jpeg\",\"articleSection\":[\"Internacional\"],\"inLanguage\":\"pt-BR\",\"potentialAction\":[{\"@type\":\"CommentAction\",\"name\":\"Comment\",\"target\":[\"https:\\\/\\\/diariodepe.com.br\\\/xinhua\\\/2024\\\/04\\\/09\\\/xi-reune-se-com-presidente-da-assembleia-nacional-do-vietna\\\/#respond\"]}]},{\"@type\":\"WebPage\",\"@id\":\"https:\\\/\\\/diariodepe.com.br\\\/xinhua\\\/2024\\\/04\\\/09\\\/xi-reune-se-com-presidente-da-assembleia-nacional-do-vietna\\\/\",\"url\":\"https:\\\/\\\/diariodepe.com.br\\\/xinhua\\\/2024\\\/04\\\/09\\\/xi-reune-se-com-presidente-da-assembleia-nacional-do-vietna\\\/\",\"name\":\"Xi re\u00fane-se com presidente da Assembleia Nacional do Vietn\u00e3 - Xinhua - Diario de Pernambuco\",\"isPartOf\":{\"@id\":\"https:\\\/\\\/diariodepe.com.br\\\/xinhua\\\/#website\"},\"primaryImageOfPage\":{\"@id\":\"https:\\\/\\\/diariodepe.com.br\\\/xinhua\\\/2024\\\/04\\\/09\\\/xi-reune-se-com-presidente-da-assembleia-nacional-do-vietna\\\/#primaryimage\"},\"image\":{\"@id\":\"https:\\\/\\\/diariodepe.com.br\\\/xinhua\\\/2024\\\/04\\\/09\\\/xi-reune-se-com-presidente-da-assembleia-nacional-do-vietna\\\/#primaryimage\"},\"thumbnailUrl\":\"https:\\\/\\\/diariodepe.com.br\\\/xinhua\\\/wp-content\\\/uploads\\\/sites\\\/3\\\/2024\\\/04\\\/vfUqe28v6SENYjFx.jpeg\",\"datePublished\":\"2024-04-09T17:02:00+00:00\",\"breadcrumb\":{\"@id\":\"https:\\\/\\\/diariodepe.com.br\\\/xinhua\\\/2024\\\/04\\\/09\\\/xi-reune-se-com-presidente-da-assembleia-nacional-do-vietna\\\/#breadcrumb\"},\"inLanguage\":\"pt-BR\",\"potentialAction\":[{\"@type\":\"ReadAction\",\"target\":[\"https:\\\/\\\/diariodepe.com.br\\\/xinhua\\\/2024\\\/04\\\/09\\\/xi-reune-se-com-presidente-da-assembleia-nacional-do-vietna\\\/\"]}]},{\"@type\":\"ImageObject\",\"inLanguage\":\"pt-BR\",\"@id\":\"https:\\\/\\\/diariodepe.com.br\\\/xinhua\\\/2024\\\/04\\\/09\\\/xi-reune-se-com-presidente-da-assembleia-nacional-do-vietna\\\/#primaryimage\",\"url\":\"https:\\\/\\\/diariodepe.com.br\\\/xinhua\\\/wp-content\\\/uploads\\\/sites\\\/3\\\/2024\\\/04\\\/vfUqe28v6SENYjFx.jpeg\",\"contentUrl\":\"https:\\\/\\\/diariodepe.com.br\\\/xinhua\\\/wp-content\\\/uploads\\\/sites\\\/3\\\/2024\\\/04\\\/vfUqe28v6SENYjFx.jpeg\",\"width\":1024,\"height\":764},{\"@type\":\"BreadcrumbList\",\"@id\":\"https:\\\/\\\/diariodepe.com.br\\\/xinhua\\\/2024\\\/04\\\/09\\\/xi-reune-se-com-presidente-da-assembleia-nacional-do-vietna\\\/#breadcrumb\",\"itemListElement\":[{\"@type\":\"ListItem\",\"position\":1,\"name\":\"In\u00edcio\",\"item\":\"https:\\\/\\\/diariodepe.com.br\\\/xinhua\\\/\"},{\"@type\":\"ListItem\",\"position\":2,\"name\":\"Xi re\u00fane-se com presidente da Assembleia Nacional do Vietn\u00e3\"}]},{\"@type\":\"WebSite\",\"@id\":\"https:\\\/\\\/diariodepe.com.br\\\/xinhua\\\/#website\",\"url\":\"https:\\\/\\\/diariodepe.com.br\\\/xinhua\\\/\",\"name\":\"Xinhua - Diario de Pernambuco\",\"description\":\"A maior ag\u00eancia de not\u00edcias da China e um dos principais canais para conhecer o pa\u00eds\",\"publisher\":{\"@id\":\"https:\\\/\\\/diariodepe.com.br\\\/xinhua\\\/#organization\"},\"potentialAction\":[{\"@type\":\"SearchAction\",\"target\":{\"@type\":\"EntryPoint\",\"urlTemplate\":\"https:\\\/\\\/diariodepe.com.br\\\/xinhua\\\/?s={search_term_string}\"},\"query-input\":{\"@type\":\"PropertyValueSpecification\",\"valueRequired\":true,\"valueName\":\"search_term_string\"}}],\"inLanguage\":\"pt-BR\"},{\"@type\":\"Organization\",\"@id\":\"https:\\\/\\\/diariodepe.com.br\\\/xinhua\\\/#organization\",\"name\":\"Xinhua - Diario de Pernambuco\",\"url\":\"https:\\\/\\\/diariodepe.com.br\\\/xinhua\\\/\",\"logo\":{\"@type\":\"ImageObject\",\"inLanguage\":\"pt-BR\",\"@id\":\"https:\\\/\\\/diariodepe.com.br\\\/xinhua\\\/#\\\/schema\\\/logo\\\/image\\\/\",\"url\":\"https:\\\/\\\/diariodepe.com.br\\\/xinhua\\\/wp-content\\\/uploads\\\/sites\\\/3\\\/2020\\\/10\\\/cropped-logo-transparente-2.png\",\"contentUrl\":\"https:\\\/\\\/diariodepe.com.br\\\/xinhua\\\/wp-content\\\/uploads\\\/sites\\\/3\\\/2020\\\/10\\\/cropped-logo-transparente-2.png\",\"width\":512,\"height\":164,\"caption\":\"Xinhua - Diario de Pernambuco\"},\"image\":{\"@id\":\"https:\\\/\\\/diariodepe.com.br\\\/xinhua\\\/#\\\/schema\\\/logo\\\/image\\\/\"}},{\"@type\":\"Person\",\"@id\":\"https:\\\/\\\/diariodepe.com.br\\\/xinhua\\\/#\\\/schema\\\/person\\\/0943d6fd02bdc7b49c8f495e8787a2cb\",\"name\":\"Marcelo Oliveira de A. Maranhao\",\"image\":{\"@type\":\"ImageObject\",\"inLanguage\":\"pt-BR\",\"@id\":\"https:\\\/\\\/secure.gravatar.com\\\/avatar\\\/f562caee940d39879c20e90eea3e4b21860c7d4c96684c23141c554824f0059c?s=96&d=mm&r=g\",\"url\":\"https:\\\/\\\/secure.gravatar.com\\\/avatar\\\/f562caee940d39879c20e90eea3e4b21860c7d4c96684c23141c554824f0059c?s=96&d=mm&r=g\",\"contentUrl\":\"https:\\\/\\\/secure.gravatar.com\\\/avatar\\\/f562caee940d39879c20e90eea3e4b21860c7d4c96684c23141c554824f0059c?s=96&d=mm&r=g\",\"caption\":\"Marcelo Oliveira de A. Maranhao\"},\"url\":\"https:\\\/\\\/diariodepe.com.br\\\/xinhua\\\/author\\\/marcelo-maranhao\\\/\"}]}<\/script>\n<!-- \/ Yoast SEO plugin. -->","yoast_head_json":{"title":"Xi re\u00fane-se com presidente da Assembleia Nacional do Vietn\u00e3 - Xinhua - Diario de Pernambuco","robots":{"index":"index","follow":"follow","max-snippet":"max-snippet:-1","max-image-preview":"max-image-preview:large","max-video-preview":"max-video-preview:-1"},"canonical":"https:\/\/diariodepe.com.br\/xinhua\/2024\/04\/09\/xi-reune-se-com-presidente-da-assembleia-nacional-do-vietna\/","og_locale":"pt_BR","og_type":"article","og_title":"Xi re\u00fane-se com presidente da Assembleia Nacional do Vietn\u00e3 - Xinhua - Diario de Pernambuco","og_description":"Beijing &#8211; O presidente chin\u00eas, Xi Jinping, reuniu-se nesta segunda-feira com o presidente da Assembleia Nacional do Vietn\u00e3, Vuong Dinh Hue, em Beijing. Pedindo a Vuong Dinh Hue que transmitisse as sauda\u00e7\u00f5es cordiais a Nguyen Phu Trong, secret\u00e1rio-geral do Comit\u00ea...","og_url":"https:\/\/diariodepe.com.br\/xinhua\/2024\/04\/09\/xi-reune-se-com-presidente-da-assembleia-nacional-do-vietna\/","og_site_name":"Xinhua - Diario de Pernambuco","article_published_time":"2024-04-09T17:02:00+00:00","og_image":[{"width":1024,"height":764,"url":"https:\/\/diariodepe.com.br\/xinhua\/wp-content\/uploads\/sites\/3\/2024\/04\/vfUqe28v6SENYjFx.jpeg","type":"image\/jpeg"}],"author":"Marcelo Oliveira de A. Maranhao","twitter_card":"summary_large_image","twitter_misc":{"Escrito por":"Marcelo Oliveira de A. Maranhao","Est. tempo de leitura":"2 minutos"},"schema":{"@context":"https:\/\/schema.org","@graph":[{"@type":"Article","@id":"https:\/\/diariodepe.com.br\/xinhua\/2024\/04\/09\/xi-reune-se-com-presidente-da-assembleia-nacional-do-vietna\/#article","isPartOf":{"@id":"https:\/\/diariodepe.com.br\/xinhua\/2024\/04\/09\/xi-reune-se-com-presidente-da-assembleia-nacional-do-vietna\/"},"author":{"name":"Marcelo Oliveira de A. Maranhao","@id":"https:\/\/diariodepe.com.br\/xinhua\/#\/schema\/person\/0943d6fd02bdc7b49c8f495e8787a2cb"},"headline":"Xi re\u00fane-se com presidente da Assembleia Nacional do Vietn\u00e3","datePublished":"2024-04-09T17:02:00+00:00","mainEntityOfPage":{"@id":"https:\/\/diariodepe.com.br\/xinhua\/2024\/04\/09\/xi-reune-se-com-presidente-da-assembleia-nacional-do-vietna\/"},"wordCount":289,"commentCount":0,"publisher":{"@id":"https:\/\/diariodepe.com.br\/xinhua\/#organization"},"image":{"@id":"https:\/\/diariodepe.com.br\/xinhua\/2024\/04\/09\/xi-reune-se-com-presidente-da-assembleia-nacional-do-vietna\/#primaryimage"},"thumbnailUrl":"https:\/\/diariodepe.com.br\/xinhua\/wp-content\/uploads\/sites\/3\/2024\/04\/vfUqe28v6SENYjFx.jpeg","articleSection":["Internacional"],"inLanguage":"pt-BR","potentialAction":[{"@type":"CommentAction","name":"Comment","target":["https:\/\/diariodepe.com.br\/xinhua\/2024\/04\/09\/xi-reune-se-com-presidente-da-assembleia-nacional-do-vietna\/#respond"]}]},{"@type":"WebPage","@id":"https:\/\/diariodepe.com.br\/xinhua\/2024\/04\/09\/xi-reune-se-com-presidente-da-assembleia-nacional-do-vietna\/","url":"https:\/\/diariodepe.com.br\/xinhua\/2024\/04\/09\/xi-reune-se-com-presidente-da-assembleia-nacional-do-vietna\/","name":"Xi re\u00fane-se com presidente da Assembleia Nacional do Vietn\u00e3 - Xinhua - Diario de Pernambuco","isPartOf":{"@id":"https:\/\/diariodepe.com.br\/xinhua\/#website"},"primaryImageOfPage":{"@id":"https:\/\/diariodepe.com.br\/xinhua\/2024\/04\/09\/xi-reune-se-com-presidente-da-assembleia-nacional-do-vietna\/#primaryimage"},"image":{"@id":"https:\/\/diariodepe.com.br\/xinhua\/2024\/04\/09\/xi-reune-se-com-presidente-da-assembleia-nacional-do-vietna\/#primaryimage"},"thumbnailUrl":"https:\/\/diariodepe.com.br\/xinhua\/wp-content\/uploads\/sites\/3\/2024\/04\/vfUqe28v6SENYjFx.jpeg","datePublished":"2024-04-09T17:02:00+00:00","breadcrumb":{"@id":"https:\/\/diariodepe.com.br\/xinhua\/2024\/04\/09\/xi-reune-se-com-presidente-da-assembleia-nacional-do-vietna\/#breadcrumb"},"inLanguage":"pt-BR","potentialAction":[{"@type":"ReadAction","target":["https:\/\/diariodepe.com.br\/xinhua\/2024\/04\/09\/xi-reune-se-com-presidente-da-assembleia-nacional-do-vietna\/"]}]},{"@type":"ImageObject","inLanguage":"pt-BR","@id":"https:\/\/diariodepe.com.br\/xinhua\/2024\/04\/09\/xi-reune-se-com-presidente-da-assembleia-nacional-do-vietna\/#primaryimage","url":"https:\/\/diariodepe.com.br\/xinhua\/wp-content\/uploads\/sites\/3\/2024\/04\/vfUqe28v6SENYjFx.jpeg","contentUrl":"https:\/\/diariodepe.com.br\/xinhua\/wp-content\/uploads\/sites\/3\/2024\/04\/vfUqe28v6SENYjFx.jpeg","width":1024,"height":764},{"@type":"BreadcrumbList","@id":"https:\/\/diariodepe.com.br\/xinhua\/2024\/04\/09\/xi-reune-se-com-presidente-da-assembleia-nacional-do-vietna\/#breadcrumb","itemListElement":[{"@type":"ListItem","position":1,"name":"In\u00edcio","item":"https:\/\/diariodepe.com.br\/xinhua\/"},{"@type":"ListItem","position":2,"name":"Xi re\u00fane-se com presidente da Assembleia Nacional do Vietn\u00e3"}]},{"@type":"WebSite","@id":"https:\/\/diariodepe.com.br\/xinhua\/#website","url":"https:\/\/diariodepe.com.br\/xinhua\/","name":"Xinhua - Diario de Pernambuco","description":"A maior ag\u00eancia de not\u00edcias da China e um dos principais canais para conhecer o pa\u00eds","publisher":{"@id":"https:\/\/diariodepe.com.br\/xinhua\/#organization"},"potentialAction":[{"@type":"SearchAction","target":{"@type":"EntryPoint","urlTemplate":"https:\/\/diariodepe.com.br\/xinhua\/?s={search_term_string}"},"query-input":{"@type":"PropertyValueSpecification","valueRequired":true,"valueName":"search_term_string"}}],"inLanguage":"pt-BR"},{"@type":"Organization","@id":"https:\/\/diariodepe.com.br\/xinhua\/#organization","name":"Xinhua - Diario de Pernambuco","url":"https:\/\/diariodepe.com.br\/xinhua\/","logo":{"@type":"ImageObject","inLanguage":"pt-BR","@id":"https:\/\/diariodepe.com.br\/xinhua\/#\/schema\/logo\/image\/","url":"https:\/\/diariodepe.com.br\/xinhua\/wp-content\/uploads\/sites\/3\/2020\/10\/cropped-logo-transparente-2.png","contentUrl":"https:\/\/diariodepe.com.br\/xinhua\/wp-content\/uploads\/sites\/3\/2020\/10\/cropped-logo-transparente-2.png","width":512,"height":164,"caption":"Xinhua - Diario de Pernambuco"},"image":{"@id":"https:\/\/diariodepe.com.br\/xinhua\/#\/schema\/logo\/image\/"}},{"@type":"Person","@id":"https:\/\/diariodepe.com.br\/xinhua\/#\/schema\/person\/0943d6fd02bdc7b49c8f495e8787a2cb","name":"Marcelo Oliveira de A. Maranhao","image":{"@type":"ImageObject","inLanguage":"pt-BR","@id":"https:\/\/secure.gravatar.com\/avatar\/f562caee940d39879c20e90eea3e4b21860c7d4c96684c23141c554824f0059c?s=96&d=mm&r=g","url":"https:\/\/secure.gravatar.com\/avatar\/f562caee940d39879c20e90eea3e4b21860c7d4c96684c23141c554824f0059c?s=96&d=mm&r=g","contentUrl":"https:\/\/secure.gravatar.com\/avatar\/f562caee940d39879c20e90eea3e4b21860c7d4c96684c23141c554824f0059c?s=96&d=mm&r=g","caption":"Marcelo Oliveira de A. Maranhao"},"url":"https:\/\/diariodepe.com.br\/xinhua\/author\/marcelo-maranhao\/"}]}},"cc_featured_image_caption":{"caption_text":"","source_text":"","source_url":""},"amp_enabled":true,"_links":{"self":[{"href":"https:\/\/diariodepe.com.br\/xinhua\/wp-json\/wp\/v2\/posts\/19192","targetHints":{"allow":["GET"]}}],"collection":[{"href":"https:\/\/diariodepe.com.br\/xinhua\/wp-json\/wp\/v2\/posts"}],"about":[{"href":"https:\/\/diariodepe.com.br\/xinhua\/wp-json\/wp\/v2\/types\/post"}],"author":[{"embeddable":true,"href":"https:\/\/diariodepe.com.br\/xinhua\/wp-json\/wp\/v2\/users\/3"}],"replies":[{"embeddable":true,"href":"https:\/\/diariodepe.com.br\/xinhua\/wp-json\/wp\/v2\/comments?post=19192"}],"version-history":[{"count":1,"href":"https:\/\/diariodepe.com.br\/xinhua\/wp-json\/wp\/v2\/posts\/19192\/revisions"}],"predecessor-version":[{"id":19194,"href":"https:\/\/diariodepe.com.br\/xinhua\/wp-json\/wp\/v2\/posts\/19192\/revisions\/19194"}],"wp:featuredmedia":[{"embeddable":true,"href":"https:\/\/diariodepe.com.br\/xinhua\/wp-json\/wp\/v2\/media\/19193"}],"wp:attachment":[{"href":"https:\/\/diariodepe.com.br\/xinhua\/wp-json\/wp\/v2\/media?parent=19192"}],"wp:term":[{"taxonomy":"category","embeddable":true,"href":"https:\/\/diariodepe.com.br\/xinhua\/wp-json\/wp\/v2\/categories?post=19192"},{"taxonomy":"post_tag","embeddable":true,"href":"https:\/\/diariodepe.com.br\/xinhua\/wp-json\/wp\/v2\/tags?post=19192"}],"curies":[{"name":"wp","href":"https:\/\/api.w.org\/{rel}","templated":true}]}}