{"id":19087,"date":"2024-04-03T12:15:00","date_gmt":"2024-04-03T15:15:00","guid":{"rendered":"https:\/\/www.diariodepe.com.br\/xinhua\/?p=19087"},"modified":"2024-04-02T15:19:29","modified_gmt":"2024-04-02T18:19:29","slug":"premie-chines-se-reune-com-ministro-da-europa-e-das-relacoes-exteriores-da-franca-em-beijing","status":"publish","type":"post","link":"https:\/\/diariodepe.com.br\/xinhua\/2024\/04\/03\/premie-chines-se-reune-com-ministro-da-europa-e-das-relacoes-exteriores-da-franca-em-beijing\/","title":{"rendered":"Premi\u00ea chin\u00eas se re\u00fane com ministro da Europa e das Rela\u00e7\u00f5es Exteriores da Fran\u00e7a em Beijing"},"content":{"rendered":"\n<p>Beijing &#8211; O primeiro-ministro chin\u00eas, Li Qiang, reuniu-se na segunda-feira com o ministro da Europa e das Rela\u00e7\u00f5es Exteriores da Fran\u00e7a, St\u00e9phane S\u00e9journ\u00e9, em Beijing.<\/p>\n\n\n\n<p>Li disse que as rela\u00e7\u00f5es entre a China e a Fran\u00e7a est\u00e3o h\u00e1 muito tempo na vanguarda das rela\u00e7\u00f5es da China com os pa\u00edses grandes ocidentais, o que n\u00e3o apenas beneficia os dois povos, mas tamb\u00e9m tem um impacto profundo no mundo.<\/p>\n\n\n\n<p>Li disse que este ano marca o 60\u00ba anivers\u00e1rio do estabelecimento das rela\u00e7\u00f5es diplom\u00e1ticas entre a China e a Fran\u00e7a. A China est\u00e1 disposta a trabalhar com a Fran\u00e7a para implementar o importante consenso dos dois chefes de Estado, fortalecer os interc\u00e2mbios em todos os n\u00edveis, levar adiante a amizade tradicional, aprofundar a coopera\u00e7\u00e3o mutuamente ben\u00e9fica, refor\u00e7ar a compreens\u00e3o m\u00fatua, avan\u00e7ar inabalavelmente nas rela\u00e7\u00f5es bilaterais, alavancar a estabilidade de suas rela\u00e7\u00f5es para promover um melhor desenvolvimento dos dois pa\u00edses e injetar mais certeza no desenvolvimento do mundo por meio do fortalecimento da coordena\u00e7\u00e3o multilateral.<\/p>\n\n\n\n<p>Observando que as economias da China e da Fran\u00e7a s\u00e3o altamente complementares, o premi\u00ea disse que a China sempre considerou a Fran\u00e7a como um parceiro priorit\u00e1rio e est\u00e1 pronta para explorar o potencial da coopera\u00e7\u00e3o em campos como energia verde, inova\u00e7\u00e3o cient\u00edfica e tecnol\u00f3gica, manufatura avan\u00e7ada, intelig\u00eancia artificial e economia digital, enquanto aprofunda a coopera\u00e7\u00e3o tradicional para alcan\u00e7ar melhor o benef\u00edcio m\u00fatuo e resultados vantajosos para todos.<\/p>\n\n\n\n<p>Espera-se que a Fran\u00e7a proporcione um ambiente de neg\u00f3cios aberto, justo e n\u00e3o discriminat\u00f3rio para as empresas chinesas e promova ativamente o lado da UE a seguir as regras econ\u00f4micas e de mercado e tratar adequadamente das preocupa\u00e7\u00f5es de ambos os lados por meio de consultas, disse Li.<\/p>\n\n\n\n<p>&#8220;A aus\u00eancia de coopera\u00e7\u00e3o e o fracasso no desenvolvimento s\u00e3o os maiores riscos&#8221;, disse o premi\u00ea. A China e a Fran\u00e7a s\u00e3o membros permanentes do Conselho de Seguran\u00e7a da ONU e s\u00e3o pa\u00edses grandes com responsabilidade. A China est\u00e1 disposta a fortalecer a coopera\u00e7\u00e3o multilateral com a Fran\u00e7a para dar contribui\u00e7\u00f5es positivas para resolver problemas de pontos cr\u00edticos internacionais e melhorar a governan\u00e7a global.<\/p>\n\n\n\n<p>S\u00e9journ\u00e9 disse que as rela\u00e7\u00f5es Fran\u00e7a-China t\u00eam um impacto importante em ambos os pa\u00edses e no mundo. A Fran\u00e7a adere \u00e0 independ\u00eancia, op\u00f5e-se ao confronto de blocos e se op\u00f5e \u00e0 dissocia\u00e7\u00e3o e ao rompimento das cadeias de suprimento. O pa\u00eds adere firmemente \u00e0 pol\u00edtica de Uma S\u00f3 China e est\u00e1 disposta a trabalhar com a China para aproveitar a oportunidade de celebrar o 60\u00ba anivers\u00e1rio do estabelecimento das rela\u00e7\u00f5es diplom\u00e1ticas para aprofundar os interc\u00e2mbios e a coopera\u00e7\u00e3o em \u00e1reas como economia e com\u00e9rcio, prote\u00e7\u00e3o ambiental, intelig\u00eancia artificial e interc\u00e2mbios entre pessoas, enfrentar conjuntamente os desafios globais e promover um desenvolvimento mais aprofundado da parceria estrat\u00e9gica abrangente Fran\u00e7a-China.&nbsp;<\/p>\n","protected":false},"excerpt":{"rendered":"<p>Beijing &#8211; O primeiro-ministro chin\u00eas, Li Qiang, reuniu-se na segunda-feira com o ministro da Europa e das Rela\u00e7\u00f5es Exteriores da Fran\u00e7a, St\u00e9phane S\u00e9journ\u00e9, em Beijing. Li disse que as rela\u00e7\u00f5es entre a China e a Fran\u00e7a est\u00e3o h\u00e1 muito tempo&#8230;<\/p>\n","protected":false},"author":3,"featured_media":19088,"comment_status":"open","ping_status":"open","sticky":false,"template":"","format":"standard","meta":{"footnotes":""},"categories":[4],"tags":[],"class_list":["post-19087","post","type-post","status-publish","format-standard","has-post-thumbnail","hentry","category-internacional"],"yoast_head":"<!-- This site is optimized with the Yoast SEO plugin v27.4 - https:\/\/yoast.com\/product\/yoast-seo-wordpress\/ -->\n<title>Premi\u00ea chin\u00eas se re\u00fane com ministro da Europa e das Rela\u00e7\u00f5es Exteriores da Fran\u00e7a em Beijing - Xinhua - Diario de Pernambuco<\/title>\n<meta name=\"robots\" content=\"index, follow, max-snippet:-1, max-image-preview:large, max-video-preview:-1\" \/>\n<link rel=\"canonical\" href=\"https:\/\/diariodepe.com.br\/xinhua\/2024\/04\/03\/premie-chines-se-reune-com-ministro-da-europa-e-das-relacoes-exteriores-da-franca-em-beijing\/\" \/>\n<meta property=\"og:locale\" content=\"pt_BR\" \/>\n<meta property=\"og:type\" content=\"article\" \/>\n<meta property=\"og:title\" content=\"Premi\u00ea chin\u00eas se re\u00fane com ministro da Europa e das Rela\u00e7\u00f5es Exteriores da Fran\u00e7a em Beijing - Xinhua - Diario de Pernambuco\" \/>\n<meta property=\"og:description\" content=\"Beijing &#8211; O primeiro-ministro chin\u00eas, Li Qiang, reuniu-se na segunda-feira com o ministro da Europa e das Rela\u00e7\u00f5es Exteriores da Fran\u00e7a, St\u00e9phane S\u00e9journ\u00e9, em Beijing. Li disse que as rela\u00e7\u00f5es entre a China e a Fran\u00e7a est\u00e3o h\u00e1 muito tempo...\" \/>\n<meta property=\"og:url\" content=\"https:\/\/diariodepe.com.br\/xinhua\/2024\/04\/03\/premie-chines-se-reune-com-ministro-da-europa-e-das-relacoes-exteriores-da-franca-em-beijing\/\" \/>\n<meta property=\"og:site_name\" content=\"Xinhua - Diario de Pernambuco\" \/>\n<meta property=\"article:published_time\" content=\"2024-04-03T15:15:00+00:00\" \/>\n<meta property=\"og:image\" content=\"https:\/\/diariodepe.com.br\/xinhua\/wp-content\/uploads\/sites\/3\/2024\/04\/AlbLjP8mYFvU9DQi.png\" \/>\n\t<meta property=\"og:image:width\" content=\"1020\" \/>\n\t<meta property=\"og:image:height\" content=\"699\" \/>\n\t<meta property=\"og:image:type\" content=\"image\/png\" \/>\n<meta name=\"author\" content=\"Marcelo Oliveira de A. Maranhao\" \/>\n<meta name=\"twitter:card\" content=\"summary_large_image\" \/>\n<meta name=\"twitter:label1\" content=\"Escrito por\" \/>\n\t<meta name=\"twitter:data1\" content=\"Marcelo Oliveira de A. Maranhao\" \/>\n\t<meta name=\"twitter:label2\" content=\"Est. tempo de leitura\" \/>\n\t<meta name=\"twitter:data2\" content=\"3 minutos\" \/>\n<script type=\"application\/ld+json\" class=\"yoast-schema-graph\">{\"@context\":\"https:\\\/\\\/schema.org\",\"@graph\":[{\"@type\":\"Article\",\"@id\":\"https:\\\/\\\/diariodepe.com.br\\\/xinhua\\\/2024\\\/04\\\/03\\\/premie-chines-se-reune-com-ministro-da-europa-e-das-relacoes-exteriores-da-franca-em-beijing\\\/#article\",\"isPartOf\":{\"@id\":\"https:\\\/\\\/diariodepe.com.br\\\/xinhua\\\/2024\\\/04\\\/03\\\/premie-chines-se-reune-com-ministro-da-europa-e-das-relacoes-exteriores-da-franca-em-beijing\\\/\"},\"author\":{\"name\":\"Marcelo Oliveira de A. Maranhao\",\"@id\":\"https:\\\/\\\/diariodepe.com.br\\\/xinhua\\\/#\\\/schema\\\/person\\\/0943d6fd02bdc7b49c8f495e8787a2cb\"},\"headline\":\"Premi\u00ea chin\u00eas se re\u00fane com ministro da Europa e das Rela\u00e7\u00f5es Exteriores da Fran\u00e7a em Beijing\",\"datePublished\":\"2024-04-03T15:15:00+00:00\",\"mainEntityOfPage\":{\"@id\":\"https:\\\/\\\/diariodepe.com.br\\\/xinhua\\\/2024\\\/04\\\/03\\\/premie-chines-se-reune-com-ministro-da-europa-e-das-relacoes-exteriores-da-franca-em-beijing\\\/\"},\"wordCount\":549,\"commentCount\":0,\"publisher\":{\"@id\":\"https:\\\/\\\/diariodepe.com.br\\\/xinhua\\\/#organization\"},\"image\":{\"@id\":\"https:\\\/\\\/diariodepe.com.br\\\/xinhua\\\/2024\\\/04\\\/03\\\/premie-chines-se-reune-com-ministro-da-europa-e-das-relacoes-exteriores-da-franca-em-beijing\\\/#primaryimage\"},\"thumbnailUrl\":\"https:\\\/\\\/diariodepe.com.br\\\/xinhua\\\/wp-content\\\/uploads\\\/sites\\\/3\\\/2024\\\/04\\\/AlbLjP8mYFvU9DQi.png\",\"articleSection\":[\"Internacional\"],\"inLanguage\":\"pt-BR\",\"potentialAction\":[{\"@type\":\"CommentAction\",\"name\":\"Comment\",\"target\":[\"https:\\\/\\\/diariodepe.com.br\\\/xinhua\\\/2024\\\/04\\\/03\\\/premie-chines-se-reune-com-ministro-da-europa-e-das-relacoes-exteriores-da-franca-em-beijing\\\/#respond\"]}]},{\"@type\":\"WebPage\",\"@id\":\"https:\\\/\\\/diariodepe.com.br\\\/xinhua\\\/2024\\\/04\\\/03\\\/premie-chines-se-reune-com-ministro-da-europa-e-das-relacoes-exteriores-da-franca-em-beijing\\\/\",\"url\":\"https:\\\/\\\/diariodepe.com.br\\\/xinhua\\\/2024\\\/04\\\/03\\\/premie-chines-se-reune-com-ministro-da-europa-e-das-relacoes-exteriores-da-franca-em-beijing\\\/\",\"name\":\"Premi\u00ea chin\u00eas se re\u00fane com ministro da Europa e das Rela\u00e7\u00f5es Exteriores da Fran\u00e7a em Beijing - Xinhua - Diario de Pernambuco\",\"isPartOf\":{\"@id\":\"https:\\\/\\\/diariodepe.com.br\\\/xinhua\\\/#website\"},\"primaryImageOfPage\":{\"@id\":\"https:\\\/\\\/diariodepe.com.br\\\/xinhua\\\/2024\\\/04\\\/03\\\/premie-chines-se-reune-com-ministro-da-europa-e-das-relacoes-exteriores-da-franca-em-beijing\\\/#primaryimage\"},\"image\":{\"@id\":\"https:\\\/\\\/diariodepe.com.br\\\/xinhua\\\/2024\\\/04\\\/03\\\/premie-chines-se-reune-com-ministro-da-europa-e-das-relacoes-exteriores-da-franca-em-beijing\\\/#primaryimage\"},\"thumbnailUrl\":\"https:\\\/\\\/diariodepe.com.br\\\/xinhua\\\/wp-content\\\/uploads\\\/sites\\\/3\\\/2024\\\/04\\\/AlbLjP8mYFvU9DQi.png\",\"datePublished\":\"2024-04-03T15:15:00+00:00\",\"breadcrumb\":{\"@id\":\"https:\\\/\\\/diariodepe.com.br\\\/xinhua\\\/2024\\\/04\\\/03\\\/premie-chines-se-reune-com-ministro-da-europa-e-das-relacoes-exteriores-da-franca-em-beijing\\\/#breadcrumb\"},\"inLanguage\":\"pt-BR\",\"potentialAction\":[{\"@type\":\"ReadAction\",\"target\":[\"https:\\\/\\\/diariodepe.com.br\\\/xinhua\\\/2024\\\/04\\\/03\\\/premie-chines-se-reune-com-ministro-da-europa-e-das-relacoes-exteriores-da-franca-em-beijing\\\/\"]}]},{\"@type\":\"ImageObject\",\"inLanguage\":\"pt-BR\",\"@id\":\"https:\\\/\\\/diariodepe.com.br\\\/xinhua\\\/2024\\\/04\\\/03\\\/premie-chines-se-reune-com-ministro-da-europa-e-das-relacoes-exteriores-da-franca-em-beijing\\\/#primaryimage\",\"url\":\"https:\\\/\\\/diariodepe.com.br\\\/xinhua\\\/wp-content\\\/uploads\\\/sites\\\/3\\\/2024\\\/04\\\/AlbLjP8mYFvU9DQi.png\",\"contentUrl\":\"https:\\\/\\\/diariodepe.com.br\\\/xinhua\\\/wp-content\\\/uploads\\\/sites\\\/3\\\/2024\\\/04\\\/AlbLjP8mYFvU9DQi.png\",\"width\":1020,\"height\":699},{\"@type\":\"BreadcrumbList\",\"@id\":\"https:\\\/\\\/diariodepe.com.br\\\/xinhua\\\/2024\\\/04\\\/03\\\/premie-chines-se-reune-com-ministro-da-europa-e-das-relacoes-exteriores-da-franca-em-beijing\\\/#breadcrumb\",\"itemListElement\":[{\"@type\":\"ListItem\",\"position\":1,\"name\":\"In\u00edcio\",\"item\":\"https:\\\/\\\/diariodepe.com.br\\\/xinhua\\\/\"},{\"@type\":\"ListItem\",\"position\":2,\"name\":\"Premi\u00ea chin\u00eas se re\u00fane com ministro da Europa e das Rela\u00e7\u00f5es Exteriores da Fran\u00e7a em Beijing\"}]},{\"@type\":\"WebSite\",\"@id\":\"https:\\\/\\\/diariodepe.com.br\\\/xinhua\\\/#website\",\"url\":\"https:\\\/\\\/diariodepe.com.br\\\/xinhua\\\/\",\"name\":\"Xinhua - Diario de Pernambuco\",\"description\":\"A maior ag\u00eancia de not\u00edcias da China e um dos principais canais para conhecer o pa\u00eds\",\"publisher\":{\"@id\":\"https:\\\/\\\/diariodepe.com.br\\\/xinhua\\\/#organization\"},\"potentialAction\":[{\"@type\":\"SearchAction\",\"target\":{\"@type\":\"EntryPoint\",\"urlTemplate\":\"https:\\\/\\\/diariodepe.com.br\\\/xinhua\\\/?s={search_term_string}\"},\"query-input\":{\"@type\":\"PropertyValueSpecification\",\"valueRequired\":true,\"valueName\":\"search_term_string\"}}],\"inLanguage\":\"pt-BR\"},{\"@type\":\"Organization\",\"@id\":\"https:\\\/\\\/diariodepe.com.br\\\/xinhua\\\/#organization\",\"name\":\"Xinhua - Diario de Pernambuco\",\"url\":\"https:\\\/\\\/diariodepe.com.br\\\/xinhua\\\/\",\"logo\":{\"@type\":\"ImageObject\",\"inLanguage\":\"pt-BR\",\"@id\":\"https:\\\/\\\/diariodepe.com.br\\\/xinhua\\\/#\\\/schema\\\/logo\\\/image\\\/\",\"url\":\"https:\\\/\\\/diariodepe.com.br\\\/xinhua\\\/wp-content\\\/uploads\\\/sites\\\/3\\\/2020\\\/10\\\/cropped-logo-transparente-2.png\",\"contentUrl\":\"https:\\\/\\\/diariodepe.com.br\\\/xinhua\\\/wp-content\\\/uploads\\\/sites\\\/3\\\/2020\\\/10\\\/cropped-logo-transparente-2.png\",\"width\":512,\"height\":164,\"caption\":\"Xinhua - Diario de Pernambuco\"},\"image\":{\"@id\":\"https:\\\/\\\/diariodepe.com.br\\\/xinhua\\\/#\\\/schema\\\/logo\\\/image\\\/\"}},{\"@type\":\"Person\",\"@id\":\"https:\\\/\\\/diariodepe.com.br\\\/xinhua\\\/#\\\/schema\\\/person\\\/0943d6fd02bdc7b49c8f495e8787a2cb\",\"name\":\"Marcelo Oliveira de A. Maranhao\",\"image\":{\"@type\":\"ImageObject\",\"inLanguage\":\"pt-BR\",\"@id\":\"https:\\\/\\\/secure.gravatar.com\\\/avatar\\\/f562caee940d39879c20e90eea3e4b21860c7d4c96684c23141c554824f0059c?s=96&d=mm&r=g\",\"url\":\"https:\\\/\\\/secure.gravatar.com\\\/avatar\\\/f562caee940d39879c20e90eea3e4b21860c7d4c96684c23141c554824f0059c?s=96&d=mm&r=g\",\"contentUrl\":\"https:\\\/\\\/secure.gravatar.com\\\/avatar\\\/f562caee940d39879c20e90eea3e4b21860c7d4c96684c23141c554824f0059c?s=96&d=mm&r=g\",\"caption\":\"Marcelo Oliveira de A. Maranhao\"},\"url\":\"https:\\\/\\\/diariodepe.com.br\\\/xinhua\\\/author\\\/marcelo-maranhao\\\/\"}]}<\/script>\n<!-- \/ Yoast SEO plugin. -->","yoast_head_json":{"title":"Premi\u00ea chin\u00eas se re\u00fane com ministro da Europa e das Rela\u00e7\u00f5es Exteriores da Fran\u00e7a em Beijing - Xinhua - Diario de Pernambuco","robots":{"index":"index","follow":"follow","max-snippet":"max-snippet:-1","max-image-preview":"max-image-preview:large","max-video-preview":"max-video-preview:-1"},"canonical":"https:\/\/diariodepe.com.br\/xinhua\/2024\/04\/03\/premie-chines-se-reune-com-ministro-da-europa-e-das-relacoes-exteriores-da-franca-em-beijing\/","og_locale":"pt_BR","og_type":"article","og_title":"Premi\u00ea chin\u00eas se re\u00fane com ministro da Europa e das Rela\u00e7\u00f5es Exteriores da Fran\u00e7a em Beijing - Xinhua - Diario de Pernambuco","og_description":"Beijing &#8211; O primeiro-ministro chin\u00eas, Li Qiang, reuniu-se na segunda-feira com o ministro da Europa e das Rela\u00e7\u00f5es Exteriores da Fran\u00e7a, St\u00e9phane S\u00e9journ\u00e9, em Beijing. Li disse que as rela\u00e7\u00f5es entre a China e a Fran\u00e7a est\u00e3o h\u00e1 muito tempo...","og_url":"https:\/\/diariodepe.com.br\/xinhua\/2024\/04\/03\/premie-chines-se-reune-com-ministro-da-europa-e-das-relacoes-exteriores-da-franca-em-beijing\/","og_site_name":"Xinhua - Diario de Pernambuco","article_published_time":"2024-04-03T15:15:00+00:00","og_image":[{"width":1020,"height":699,"url":"https:\/\/diariodepe.com.br\/xinhua\/wp-content\/uploads\/sites\/3\/2024\/04\/AlbLjP8mYFvU9DQi.png","type":"image\/png"}],"author":"Marcelo Oliveira de A. Maranhao","twitter_card":"summary_large_image","twitter_misc":{"Escrito por":"Marcelo Oliveira de A. Maranhao","Est. tempo de leitura":"3 minutos"},"schema":{"@context":"https:\/\/schema.org","@graph":[{"@type":"Article","@id":"https:\/\/diariodepe.com.br\/xinhua\/2024\/04\/03\/premie-chines-se-reune-com-ministro-da-europa-e-das-relacoes-exteriores-da-franca-em-beijing\/#article","isPartOf":{"@id":"https:\/\/diariodepe.com.br\/xinhua\/2024\/04\/03\/premie-chines-se-reune-com-ministro-da-europa-e-das-relacoes-exteriores-da-franca-em-beijing\/"},"author":{"name":"Marcelo Oliveira de A. Maranhao","@id":"https:\/\/diariodepe.com.br\/xinhua\/#\/schema\/person\/0943d6fd02bdc7b49c8f495e8787a2cb"},"headline":"Premi\u00ea chin\u00eas se re\u00fane com ministro da Europa e das Rela\u00e7\u00f5es Exteriores da Fran\u00e7a em Beijing","datePublished":"2024-04-03T15:15:00+00:00","mainEntityOfPage":{"@id":"https:\/\/diariodepe.com.br\/xinhua\/2024\/04\/03\/premie-chines-se-reune-com-ministro-da-europa-e-das-relacoes-exteriores-da-franca-em-beijing\/"},"wordCount":549,"commentCount":0,"publisher":{"@id":"https:\/\/diariodepe.com.br\/xinhua\/#organization"},"image":{"@id":"https:\/\/diariodepe.com.br\/xinhua\/2024\/04\/03\/premie-chines-se-reune-com-ministro-da-europa-e-das-relacoes-exteriores-da-franca-em-beijing\/#primaryimage"},"thumbnailUrl":"https:\/\/diariodepe.com.br\/xinhua\/wp-content\/uploads\/sites\/3\/2024\/04\/AlbLjP8mYFvU9DQi.png","articleSection":["Internacional"],"inLanguage":"pt-BR","potentialAction":[{"@type":"CommentAction","name":"Comment","target":["https:\/\/diariodepe.com.br\/xinhua\/2024\/04\/03\/premie-chines-se-reune-com-ministro-da-europa-e-das-relacoes-exteriores-da-franca-em-beijing\/#respond"]}]},{"@type":"WebPage","@id":"https:\/\/diariodepe.com.br\/xinhua\/2024\/04\/03\/premie-chines-se-reune-com-ministro-da-europa-e-das-relacoes-exteriores-da-franca-em-beijing\/","url":"https:\/\/diariodepe.com.br\/xinhua\/2024\/04\/03\/premie-chines-se-reune-com-ministro-da-europa-e-das-relacoes-exteriores-da-franca-em-beijing\/","name":"Premi\u00ea chin\u00eas se re\u00fane com ministro da Europa e das Rela\u00e7\u00f5es Exteriores da Fran\u00e7a em Beijing - Xinhua - Diario de Pernambuco","isPartOf":{"@id":"https:\/\/diariodepe.com.br\/xinhua\/#website"},"primaryImageOfPage":{"@id":"https:\/\/diariodepe.com.br\/xinhua\/2024\/04\/03\/premie-chines-se-reune-com-ministro-da-europa-e-das-relacoes-exteriores-da-franca-em-beijing\/#primaryimage"},"image":{"@id":"https:\/\/diariodepe.com.br\/xinhua\/2024\/04\/03\/premie-chines-se-reune-com-ministro-da-europa-e-das-relacoes-exteriores-da-franca-em-beijing\/#primaryimage"},"thumbnailUrl":"https:\/\/diariodepe.com.br\/xinhua\/wp-content\/uploads\/sites\/3\/2024\/04\/AlbLjP8mYFvU9DQi.png","datePublished":"2024-04-03T15:15:00+00:00","breadcrumb":{"@id":"https:\/\/diariodepe.com.br\/xinhua\/2024\/04\/03\/premie-chines-se-reune-com-ministro-da-europa-e-das-relacoes-exteriores-da-franca-em-beijing\/#breadcrumb"},"inLanguage":"pt-BR","potentialAction":[{"@type":"ReadAction","target":["https:\/\/diariodepe.com.br\/xinhua\/2024\/04\/03\/premie-chines-se-reune-com-ministro-da-europa-e-das-relacoes-exteriores-da-franca-em-beijing\/"]}]},{"@type":"ImageObject","inLanguage":"pt-BR","@id":"https:\/\/diariodepe.com.br\/xinhua\/2024\/04\/03\/premie-chines-se-reune-com-ministro-da-europa-e-das-relacoes-exteriores-da-franca-em-beijing\/#primaryimage","url":"https:\/\/diariodepe.com.br\/xinhua\/wp-content\/uploads\/sites\/3\/2024\/04\/AlbLjP8mYFvU9DQi.png","contentUrl":"https:\/\/diariodepe.com.br\/xinhua\/wp-content\/uploads\/sites\/3\/2024\/04\/AlbLjP8mYFvU9DQi.png","width":1020,"height":699},{"@type":"BreadcrumbList","@id":"https:\/\/diariodepe.com.br\/xinhua\/2024\/04\/03\/premie-chines-se-reune-com-ministro-da-europa-e-das-relacoes-exteriores-da-franca-em-beijing\/#breadcrumb","itemListElement":[{"@type":"ListItem","position":1,"name":"In\u00edcio","item":"https:\/\/diariodepe.com.br\/xinhua\/"},{"@type":"ListItem","position":2,"name":"Premi\u00ea chin\u00eas se re\u00fane com ministro da Europa e das Rela\u00e7\u00f5es Exteriores da Fran\u00e7a em Beijing"}]},{"@type":"WebSite","@id":"https:\/\/diariodepe.com.br\/xinhua\/#website","url":"https:\/\/diariodepe.com.br\/xinhua\/","name":"Xinhua - Diario de Pernambuco","description":"A maior ag\u00eancia de not\u00edcias da China e um dos principais canais para conhecer o pa\u00eds","publisher":{"@id":"https:\/\/diariodepe.com.br\/xinhua\/#organization"},"potentialAction":[{"@type":"SearchAction","target":{"@type":"EntryPoint","urlTemplate":"https:\/\/diariodepe.com.br\/xinhua\/?s={search_term_string}"},"query-input":{"@type":"PropertyValueSpecification","valueRequired":true,"valueName":"search_term_string"}}],"inLanguage":"pt-BR"},{"@type":"Organization","@id":"https:\/\/diariodepe.com.br\/xinhua\/#organization","name":"Xinhua - Diario de Pernambuco","url":"https:\/\/diariodepe.com.br\/xinhua\/","logo":{"@type":"ImageObject","inLanguage":"pt-BR","@id":"https:\/\/diariodepe.com.br\/xinhua\/#\/schema\/logo\/image\/","url":"https:\/\/diariodepe.com.br\/xinhua\/wp-content\/uploads\/sites\/3\/2020\/10\/cropped-logo-transparente-2.png","contentUrl":"https:\/\/diariodepe.com.br\/xinhua\/wp-content\/uploads\/sites\/3\/2020\/10\/cropped-logo-transparente-2.png","width":512,"height":164,"caption":"Xinhua - Diario de Pernambuco"},"image":{"@id":"https:\/\/diariodepe.com.br\/xinhua\/#\/schema\/logo\/image\/"}},{"@type":"Person","@id":"https:\/\/diariodepe.com.br\/xinhua\/#\/schema\/person\/0943d6fd02bdc7b49c8f495e8787a2cb","name":"Marcelo Oliveira de A. Maranhao","image":{"@type":"ImageObject","inLanguage":"pt-BR","@id":"https:\/\/secure.gravatar.com\/avatar\/f562caee940d39879c20e90eea3e4b21860c7d4c96684c23141c554824f0059c?s=96&d=mm&r=g","url":"https:\/\/secure.gravatar.com\/avatar\/f562caee940d39879c20e90eea3e4b21860c7d4c96684c23141c554824f0059c?s=96&d=mm&r=g","contentUrl":"https:\/\/secure.gravatar.com\/avatar\/f562caee940d39879c20e90eea3e4b21860c7d4c96684c23141c554824f0059c?s=96&d=mm&r=g","caption":"Marcelo Oliveira de A. Maranhao"},"url":"https:\/\/diariodepe.com.br\/xinhua\/author\/marcelo-maranhao\/"}]}},"cc_featured_image_caption":{"caption_text":"","source_text":"","source_url":""},"amp_enabled":true,"_links":{"self":[{"href":"https:\/\/diariodepe.com.br\/xinhua\/wp-json\/wp\/v2\/posts\/19087","targetHints":{"allow":["GET"]}}],"collection":[{"href":"https:\/\/diariodepe.com.br\/xinhua\/wp-json\/wp\/v2\/posts"}],"about":[{"href":"https:\/\/diariodepe.com.br\/xinhua\/wp-json\/wp\/v2\/types\/post"}],"author":[{"embeddable":true,"href":"https:\/\/diariodepe.com.br\/xinhua\/wp-json\/wp\/v2\/users\/3"}],"replies":[{"embeddable":true,"href":"https:\/\/diariodepe.com.br\/xinhua\/wp-json\/wp\/v2\/comments?post=19087"}],"version-history":[{"count":1,"href":"https:\/\/diariodepe.com.br\/xinhua\/wp-json\/wp\/v2\/posts\/19087\/revisions"}],"predecessor-version":[{"id":19089,"href":"https:\/\/diariodepe.com.br\/xinhua\/wp-json\/wp\/v2\/posts\/19087\/revisions\/19089"}],"wp:featuredmedia":[{"embeddable":true,"href":"https:\/\/diariodepe.com.br\/xinhua\/wp-json\/wp\/v2\/media\/19088"}],"wp:attachment":[{"href":"https:\/\/diariodepe.com.br\/xinhua\/wp-json\/wp\/v2\/media?parent=19087"}],"wp:term":[{"taxonomy":"category","embeddable":true,"href":"https:\/\/diariodepe.com.br\/xinhua\/wp-json\/wp\/v2\/categories?post=19087"},{"taxonomy":"post_tag","embeddable":true,"href":"https:\/\/diariodepe.com.br\/xinhua\/wp-json\/wp\/v2\/tags?post=19087"}],"curies":[{"name":"wp","href":"https:\/\/api.w.org\/{rel}","templated":true}]}}