{"id":19071,"date":"2024-04-03T08:00:00","date_gmt":"2024-04-03T11:00:00","guid":{"rendered":"https:\/\/www.diariodepe.com.br\/xinhua\/?p=19071"},"modified":"2024-04-02T14:54:08","modified_gmt":"2024-04-02T17:54:08","slug":"ves-da-china-sao-destaque-no-salao-internacional-do-automovel-de-bancoc","status":"publish","type":"post","link":"https:\/\/diariodepe.com.br\/xinhua\/2024\/04\/03\/ves-da-china-sao-destaque-no-salao-internacional-do-automovel-de-bancoc\/","title":{"rendered":"VEs da China s\u00e3o destaque no Sal\u00e3o Internacional do Autom\u00f3vel de Bancoc"},"content":{"rendered":"\n<p>Por Gao Bo e Chen Jiabao<\/p>\n\n\n\n<p>Bancoc &#8211; Com alta qualidade, designs inovadores e pre\u00e7os competitivos, os fabricantes de ve\u00edculos el\u00e9tricos (VEs) da China s\u00e3o destaque na 45\u00aa do Sal\u00e3o Internacional do Autom\u00f3vel de Bancoc (BIMS, na sigla em ingl\u00eas).<\/p>\n\n\n\n<p>O evento de 12 dias foi aberto ao p\u00fablico na quarta-feira e trouxe cerca de 49 grandes marcas de autom\u00f3veis, com pelo menos 20 novos modelos sendo lan\u00e7ados no sal\u00e3o do autom\u00f3vel.<\/p>\n\n\n\n<p>MG Cyberster, um roadster esportivo convers\u00edvel el\u00e9trico de dois lugares lan\u00e7ado pela MG motor pela primeira vez na feira na Associa\u00e7\u00e3o das Na\u00e7\u00f5es do Sudeste Asi\u00e1tico (ASEAN), conquistou os entusiastas de autom\u00f3veis.<\/p>\n\n\n\n<p>A MG motor, de propriedade da SAIC Motor, entrou no mercado da Tail\u00e2ndia em 2019 e viu seu primeiro VE produzido localmente ficar pronto no pa\u00eds do Sudeste Asi\u00e1tico em novembro passado.<\/p>\n\n\n\n<p>\u201cComo uma das primeiras marcas chinesas a entrar na Tail\u00e2ndia, lan\u00e7amos uma gama completa de produtos, desde ve\u00edculos movidos a combust\u00edvel at\u00e9 ve\u00edculos el\u00e9tricos no mercado tailand\u00eas, para atender a procura dos clientes\u201d, disse Xu Yin, presidente da MG Sales (Tail\u00e2ndia).<\/p>\n\n\n\n<p>Rec\u00e9m-chegadas, montadoras chinesas como Geely&#8217;s Zeekr e XPeng estrearam na feira e mostraram seus VEs mais recentes aos clientes tailandeses.<\/p>\n\n\n\n<p>Alex Bao, chefe da regi\u00e3o do Sudeste Asi\u00e1tico da Zeekr, disse que a empresa est\u00e1 se expandindo globalmente e assinou acordos de coopera\u00e7\u00e3o com Laos, Mianmar, Tail\u00e2ndia, Mal\u00e1sia e outros pa\u00edses do Sudeste Asi\u00e1tico.<\/p>\n\n\n\n<p>\u201cA aceita\u00e7\u00e3o dos VEs pelos consumidores tailandeses aumentou significativamente nesses anos, entrar na Tail\u00e2ndia \u00e9 um passo importante para expandir os mercados internacionais e a Tail\u00e2ndia servir\u00e1 como sede regional para nossa empresa\u201d, disse Bao.<\/p>\n\n\n\n<p>O BIMS fornece uma plataforma conveniente para expositores e clientes de autom\u00f3veis. Krienyot, cliente tailand\u00eas de 68 anos, e sua esposa ficaram empolgados ao ver cada vez mais marcas chinesas de ve\u00edculos el\u00e9tricos na Tail\u00e2ndia, assim eles t\u00eam mais op\u00e7\u00f5es.<\/p>\n\n\n\n<p>Krienyot disse que eles j\u00e1 t\u00eam um carro BYD, em que a tecnologia avan\u00e7ada de bateria, os recursos e o valor impressionaram muito.<\/p>\n\n\n\n<figure class=\"wp-block-image\"><img decoding=\"async\" src=\"https:\/\/portuguese.news.cn\/20240402\/37b65f91d694451aaa6ed9b39aca5848\/2024040237b65f91d694451aaa6ed9b39aca5848_20240402fef86d2a496b496a9cbf44b95bd9b213.jpeg\" alt=\"\"\/><figcaption>Visitante olha BYD e-Platform 3.0 na 45\u00aa do Sal\u00e3o Internacional do Autom\u00f3vel de Bancoc, em Bancoc, Tail\u00e2ndia, no dia 27 de mar\u00e7o de 2024. (Xinhua\/Wang Teng)<\/figcaption><\/figure>\n\n\n\n<p>\u201cGostamos do alto desempenho do carro. O VE \u00e9 mais econ\u00f4mico e a bateria pode percorrer at\u00e9 600 quil\u00f4metros com uma carga\u201d, disse Krienyot.<\/p>\n\n\n\n<p>Ele acrescentou que alguns carros do sal\u00e3o do autom\u00f3vel s\u00e3o mais inteligentes do que ele imaginava e que planeja comprar ve\u00edculos el\u00e9tricos de outra marca chinesa no evento.<\/p>\n\n\n\n<p>A Tail\u00e2ndia \u00e9 uma importante base de produ\u00e7\u00e3o automobil\u00edstica no Sudeste Asi\u00e1tico h\u00e1 muito tempo devido \u00e0 sua cadeia industrial e vantagens geogr\u00e1ficas. O pa\u00eds pretende converter cerca de 30% da sua produ\u00e7\u00e3o anual de ve\u00edculos em VEs at\u00e9 2030.<\/p>\n\n\n\n<p>Mais de 80% dos ve\u00edculos el\u00e9tricos a bateria (VEBs) rec\u00e9m-registrados na Tail\u00e2ndia no ano passado eram de marcas chinesas, mostraram dados divulgados pelo Departamento de Transporte Terrestre da Tail\u00e2ndia.<\/p>\n\n\n\n<p>Suroj Sangsnit, vice-presidente de Desenvolvimento Industrial e de Neg\u00f3cios da Associa\u00e7\u00e3o de VEs da Tail\u00e2ndia, disse que h\u00e1 cada vez mais marcas chinesas de VEs na Tail\u00e2ndia, trazendo parceiros da cadeia de fornecimento e aumentando as oportunidades de emprego para o povo tailand\u00eas.<\/p>\n\n\n\n<p>Os fabricantes de ve\u00edculos el\u00e9tricos da China desempenham um papel fundamental no contexto de tornar a Tail\u00e2ndia um importante centro de ve\u00edculos el\u00e9tricos na ASEAN, disse ele.<\/p>\n","protected":false},"excerpt":{"rendered":"<p>Por Gao Bo e Chen Jiabao Bancoc &#8211; Com alta qualidade, designs inovadores e pre\u00e7os competitivos, os fabricantes de ve\u00edculos el\u00e9tricos (VEs) da China s\u00e3o destaque na 45\u00aa do Sal\u00e3o Internacional do Autom\u00f3vel de Bancoc (BIMS, na sigla em ingl\u00eas)&#8230;.<\/p>\n","protected":false},"author":3,"featured_media":19072,"comment_status":"open","ping_status":"open","sticky":false,"template":"","format":"standard","meta":{"footnotes":""},"categories":[5],"tags":[],"class_list":["post-19071","post","type-post","status-publish","format-standard","has-post-thumbnail","hentry","category-economia"],"yoast_head":"<!-- This site is optimized with the Yoast SEO plugin v27.4 - https:\/\/yoast.com\/product\/yoast-seo-wordpress\/ -->\n<title>VEs da China s\u00e3o destaque no Sal\u00e3o Internacional do Autom\u00f3vel de Bancoc - Xinhua - Diario de Pernambuco<\/title>\n<meta name=\"robots\" content=\"index, follow, max-snippet:-1, max-image-preview:large, max-video-preview:-1\" \/>\n<link rel=\"canonical\" href=\"https:\/\/diariodepe.com.br\/xinhua\/2024\/04\/03\/ves-da-china-sao-destaque-no-salao-internacional-do-automovel-de-bancoc\/\" \/>\n<meta property=\"og:locale\" content=\"pt_BR\" \/>\n<meta property=\"og:type\" content=\"article\" \/>\n<meta property=\"og:title\" content=\"VEs da China s\u00e3o destaque no Sal\u00e3o Internacional do Autom\u00f3vel de Bancoc - Xinhua - Diario de Pernambuco\" \/>\n<meta property=\"og:description\" content=\"Por Gao Bo e Chen Jiabao Bancoc &#8211; Com alta qualidade, designs inovadores e pre\u00e7os competitivos, os fabricantes de ve\u00edculos el\u00e9tricos (VEs) da China s\u00e3o destaque na 45\u00aa do Sal\u00e3o Internacional do Autom\u00f3vel de Bancoc (BIMS, na sigla em ingl\u00eas)....\" \/>\n<meta property=\"og:url\" content=\"https:\/\/diariodepe.com.br\/xinhua\/2024\/04\/03\/ves-da-china-sao-destaque-no-salao-internacional-do-automovel-de-bancoc\/\" \/>\n<meta property=\"og:site_name\" content=\"Xinhua - Diario de Pernambuco\" \/>\n<meta property=\"article:published_time\" content=\"2024-04-03T11:00:00+00:00\" \/>\n<meta property=\"og:image\" content=\"https:\/\/diariodepe.com.br\/xinhua\/wp-content\/uploads\/sites\/3\/2024\/04\/2024040237b65f91d694451aaa6ed9b39aca5848_202404024f904bd53cd844f8a01097c88bad7e28.jpeg\" \/>\n\t<meta property=\"og:image:width\" content=\"900\" \/>\n\t<meta property=\"og:image:height\" content=\"600\" \/>\n\t<meta property=\"og:image:type\" content=\"image\/jpeg\" \/>\n<meta name=\"author\" content=\"Marcelo Oliveira de A. Maranhao\" \/>\n<meta name=\"twitter:card\" content=\"summary_large_image\" \/>\n<meta name=\"twitter:label1\" content=\"Escrito por\" \/>\n\t<meta name=\"twitter:data1\" content=\"Marcelo Oliveira de A. Maranhao\" \/>\n\t<meta name=\"twitter:label2\" content=\"Est. tempo de leitura\" \/>\n\t<meta name=\"twitter:data2\" content=\"4 minutos\" \/>\n<script type=\"application\/ld+json\" class=\"yoast-schema-graph\">{\"@context\":\"https:\\\/\\\/schema.org\",\"@graph\":[{\"@type\":\"Article\",\"@id\":\"https:\\\/\\\/diariodepe.com.br\\\/xinhua\\\/2024\\\/04\\\/03\\\/ves-da-china-sao-destaque-no-salao-internacional-do-automovel-de-bancoc\\\/#article\",\"isPartOf\":{\"@id\":\"https:\\\/\\\/diariodepe.com.br\\\/xinhua\\\/2024\\\/04\\\/03\\\/ves-da-china-sao-destaque-no-salao-internacional-do-automovel-de-bancoc\\\/\"},\"author\":{\"name\":\"Marcelo Oliveira de A. Maranhao\",\"@id\":\"https:\\\/\\\/diariodepe.com.br\\\/xinhua\\\/#\\\/schema\\\/person\\\/0943d6fd02bdc7b49c8f495e8787a2cb\"},\"headline\":\"VEs da China s\u00e3o destaque no Sal\u00e3o Internacional do Autom\u00f3vel de Bancoc\",\"datePublished\":\"2024-04-03T11:00:00+00:00\",\"mainEntityOfPage\":{\"@id\":\"https:\\\/\\\/diariodepe.com.br\\\/xinhua\\\/2024\\\/04\\\/03\\\/ves-da-china-sao-destaque-no-salao-internacional-do-automovel-de-bancoc\\\/\"},\"wordCount\":629,\"commentCount\":0,\"publisher\":{\"@id\":\"https:\\\/\\\/diariodepe.com.br\\\/xinhua\\\/#organization\"},\"image\":{\"@id\":\"https:\\\/\\\/diariodepe.com.br\\\/xinhua\\\/2024\\\/04\\\/03\\\/ves-da-china-sao-destaque-no-salao-internacional-do-automovel-de-bancoc\\\/#primaryimage\"},\"thumbnailUrl\":\"https:\\\/\\\/diariodepe.com.br\\\/xinhua\\\/wp-content\\\/uploads\\\/sites\\\/3\\\/2024\\\/04\\\/2024040237b65f91d694451aaa6ed9b39aca5848_202404024f904bd53cd844f8a01097c88bad7e28.jpeg\",\"articleSection\":[\"Economia\"],\"inLanguage\":\"pt-BR\",\"potentialAction\":[{\"@type\":\"CommentAction\",\"name\":\"Comment\",\"target\":[\"https:\\\/\\\/diariodepe.com.br\\\/xinhua\\\/2024\\\/04\\\/03\\\/ves-da-china-sao-destaque-no-salao-internacional-do-automovel-de-bancoc\\\/#respond\"]}]},{\"@type\":\"WebPage\",\"@id\":\"https:\\\/\\\/diariodepe.com.br\\\/xinhua\\\/2024\\\/04\\\/03\\\/ves-da-china-sao-destaque-no-salao-internacional-do-automovel-de-bancoc\\\/\",\"url\":\"https:\\\/\\\/diariodepe.com.br\\\/xinhua\\\/2024\\\/04\\\/03\\\/ves-da-china-sao-destaque-no-salao-internacional-do-automovel-de-bancoc\\\/\",\"name\":\"VEs da China s\u00e3o destaque no Sal\u00e3o Internacional do Autom\u00f3vel de Bancoc - Xinhua - Diario de Pernambuco\",\"isPartOf\":{\"@id\":\"https:\\\/\\\/diariodepe.com.br\\\/xinhua\\\/#website\"},\"primaryImageOfPage\":{\"@id\":\"https:\\\/\\\/diariodepe.com.br\\\/xinhua\\\/2024\\\/04\\\/03\\\/ves-da-china-sao-destaque-no-salao-internacional-do-automovel-de-bancoc\\\/#primaryimage\"},\"image\":{\"@id\":\"https:\\\/\\\/diariodepe.com.br\\\/xinhua\\\/2024\\\/04\\\/03\\\/ves-da-china-sao-destaque-no-salao-internacional-do-automovel-de-bancoc\\\/#primaryimage\"},\"thumbnailUrl\":\"https:\\\/\\\/diariodepe.com.br\\\/xinhua\\\/wp-content\\\/uploads\\\/sites\\\/3\\\/2024\\\/04\\\/2024040237b65f91d694451aaa6ed9b39aca5848_202404024f904bd53cd844f8a01097c88bad7e28.jpeg\",\"datePublished\":\"2024-04-03T11:00:00+00:00\",\"breadcrumb\":{\"@id\":\"https:\\\/\\\/diariodepe.com.br\\\/xinhua\\\/2024\\\/04\\\/03\\\/ves-da-china-sao-destaque-no-salao-internacional-do-automovel-de-bancoc\\\/#breadcrumb\"},\"inLanguage\":\"pt-BR\",\"potentialAction\":[{\"@type\":\"ReadAction\",\"target\":[\"https:\\\/\\\/diariodepe.com.br\\\/xinhua\\\/2024\\\/04\\\/03\\\/ves-da-china-sao-destaque-no-salao-internacional-do-automovel-de-bancoc\\\/\"]}]},{\"@type\":\"ImageObject\",\"inLanguage\":\"pt-BR\",\"@id\":\"https:\\\/\\\/diariodepe.com.br\\\/xinhua\\\/2024\\\/04\\\/03\\\/ves-da-china-sao-destaque-no-salao-internacional-do-automovel-de-bancoc\\\/#primaryimage\",\"url\":\"https:\\\/\\\/diariodepe.com.br\\\/xinhua\\\/wp-content\\\/uploads\\\/sites\\\/3\\\/2024\\\/04\\\/2024040237b65f91d694451aaa6ed9b39aca5848_202404024f904bd53cd844f8a01097c88bad7e28.jpeg\",\"contentUrl\":\"https:\\\/\\\/diariodepe.com.br\\\/xinhua\\\/wp-content\\\/uploads\\\/sites\\\/3\\\/2024\\\/04\\\/2024040237b65f91d694451aaa6ed9b39aca5848_202404024f904bd53cd844f8a01097c88bad7e28.jpeg\",\"width\":900,\"height\":600},{\"@type\":\"BreadcrumbList\",\"@id\":\"https:\\\/\\\/diariodepe.com.br\\\/xinhua\\\/2024\\\/04\\\/03\\\/ves-da-china-sao-destaque-no-salao-internacional-do-automovel-de-bancoc\\\/#breadcrumb\",\"itemListElement\":[{\"@type\":\"ListItem\",\"position\":1,\"name\":\"In\u00edcio\",\"item\":\"https:\\\/\\\/diariodepe.com.br\\\/xinhua\\\/\"},{\"@type\":\"ListItem\",\"position\":2,\"name\":\"VEs da China s\u00e3o destaque no Sal\u00e3o Internacional do Autom\u00f3vel de Bancoc\"}]},{\"@type\":\"WebSite\",\"@id\":\"https:\\\/\\\/diariodepe.com.br\\\/xinhua\\\/#website\",\"url\":\"https:\\\/\\\/diariodepe.com.br\\\/xinhua\\\/\",\"name\":\"Xinhua - Diario de Pernambuco\",\"description\":\"A maior ag\u00eancia de not\u00edcias da China e um dos principais canais para conhecer o pa\u00eds\",\"publisher\":{\"@id\":\"https:\\\/\\\/diariodepe.com.br\\\/xinhua\\\/#organization\"},\"potentialAction\":[{\"@type\":\"SearchAction\",\"target\":{\"@type\":\"EntryPoint\",\"urlTemplate\":\"https:\\\/\\\/diariodepe.com.br\\\/xinhua\\\/?s={search_term_string}\"},\"query-input\":{\"@type\":\"PropertyValueSpecification\",\"valueRequired\":true,\"valueName\":\"search_term_string\"}}],\"inLanguage\":\"pt-BR\"},{\"@type\":\"Organization\",\"@id\":\"https:\\\/\\\/diariodepe.com.br\\\/xinhua\\\/#organization\",\"name\":\"Xinhua - Diario de Pernambuco\",\"url\":\"https:\\\/\\\/diariodepe.com.br\\\/xinhua\\\/\",\"logo\":{\"@type\":\"ImageObject\",\"inLanguage\":\"pt-BR\",\"@id\":\"https:\\\/\\\/diariodepe.com.br\\\/xinhua\\\/#\\\/schema\\\/logo\\\/image\\\/\",\"url\":\"https:\\\/\\\/diariodepe.com.br\\\/xinhua\\\/wp-content\\\/uploads\\\/sites\\\/3\\\/2020\\\/10\\\/cropped-logo-transparente-2.png\",\"contentUrl\":\"https:\\\/\\\/diariodepe.com.br\\\/xinhua\\\/wp-content\\\/uploads\\\/sites\\\/3\\\/2020\\\/10\\\/cropped-logo-transparente-2.png\",\"width\":512,\"height\":164,\"caption\":\"Xinhua - Diario de Pernambuco\"},\"image\":{\"@id\":\"https:\\\/\\\/diariodepe.com.br\\\/xinhua\\\/#\\\/schema\\\/logo\\\/image\\\/\"}},{\"@type\":\"Person\",\"@id\":\"https:\\\/\\\/diariodepe.com.br\\\/xinhua\\\/#\\\/schema\\\/person\\\/0943d6fd02bdc7b49c8f495e8787a2cb\",\"name\":\"Marcelo Oliveira de A. Maranhao\",\"image\":{\"@type\":\"ImageObject\",\"inLanguage\":\"pt-BR\",\"@id\":\"https:\\\/\\\/secure.gravatar.com\\\/avatar\\\/f562caee940d39879c20e90eea3e4b21860c7d4c96684c23141c554824f0059c?s=96&d=mm&r=g\",\"url\":\"https:\\\/\\\/secure.gravatar.com\\\/avatar\\\/f562caee940d39879c20e90eea3e4b21860c7d4c96684c23141c554824f0059c?s=96&d=mm&r=g\",\"contentUrl\":\"https:\\\/\\\/secure.gravatar.com\\\/avatar\\\/f562caee940d39879c20e90eea3e4b21860c7d4c96684c23141c554824f0059c?s=96&d=mm&r=g\",\"caption\":\"Marcelo Oliveira de A. Maranhao\"},\"url\":\"https:\\\/\\\/diariodepe.com.br\\\/xinhua\\\/author\\\/marcelo-maranhao\\\/\"}]}<\/script>\n<!-- \/ Yoast SEO plugin. -->","yoast_head_json":{"title":"VEs da China s\u00e3o destaque no Sal\u00e3o Internacional do Autom\u00f3vel de Bancoc - Xinhua - Diario de Pernambuco","robots":{"index":"index","follow":"follow","max-snippet":"max-snippet:-1","max-image-preview":"max-image-preview:large","max-video-preview":"max-video-preview:-1"},"canonical":"https:\/\/diariodepe.com.br\/xinhua\/2024\/04\/03\/ves-da-china-sao-destaque-no-salao-internacional-do-automovel-de-bancoc\/","og_locale":"pt_BR","og_type":"article","og_title":"VEs da China s\u00e3o destaque no Sal\u00e3o Internacional do Autom\u00f3vel de Bancoc - Xinhua - Diario de Pernambuco","og_description":"Por Gao Bo e Chen Jiabao Bancoc &#8211; Com alta qualidade, designs inovadores e pre\u00e7os competitivos, os fabricantes de ve\u00edculos el\u00e9tricos (VEs) da China s\u00e3o destaque na 45\u00aa do Sal\u00e3o Internacional do Autom\u00f3vel de Bancoc (BIMS, na sigla em ingl\u00eas)....","og_url":"https:\/\/diariodepe.com.br\/xinhua\/2024\/04\/03\/ves-da-china-sao-destaque-no-salao-internacional-do-automovel-de-bancoc\/","og_site_name":"Xinhua - Diario de Pernambuco","article_published_time":"2024-04-03T11:00:00+00:00","og_image":[{"width":900,"height":600,"url":"https:\/\/diariodepe.com.br\/xinhua\/wp-content\/uploads\/sites\/3\/2024\/04\/2024040237b65f91d694451aaa6ed9b39aca5848_202404024f904bd53cd844f8a01097c88bad7e28.jpeg","type":"image\/jpeg"}],"author":"Marcelo Oliveira de A. Maranhao","twitter_card":"summary_large_image","twitter_misc":{"Escrito por":"Marcelo Oliveira de A. Maranhao","Est. tempo de leitura":"4 minutos"},"schema":{"@context":"https:\/\/schema.org","@graph":[{"@type":"Article","@id":"https:\/\/diariodepe.com.br\/xinhua\/2024\/04\/03\/ves-da-china-sao-destaque-no-salao-internacional-do-automovel-de-bancoc\/#article","isPartOf":{"@id":"https:\/\/diariodepe.com.br\/xinhua\/2024\/04\/03\/ves-da-china-sao-destaque-no-salao-internacional-do-automovel-de-bancoc\/"},"author":{"name":"Marcelo Oliveira de A. Maranhao","@id":"https:\/\/diariodepe.com.br\/xinhua\/#\/schema\/person\/0943d6fd02bdc7b49c8f495e8787a2cb"},"headline":"VEs da China s\u00e3o destaque no Sal\u00e3o Internacional do Autom\u00f3vel de Bancoc","datePublished":"2024-04-03T11:00:00+00:00","mainEntityOfPage":{"@id":"https:\/\/diariodepe.com.br\/xinhua\/2024\/04\/03\/ves-da-china-sao-destaque-no-salao-internacional-do-automovel-de-bancoc\/"},"wordCount":629,"commentCount":0,"publisher":{"@id":"https:\/\/diariodepe.com.br\/xinhua\/#organization"},"image":{"@id":"https:\/\/diariodepe.com.br\/xinhua\/2024\/04\/03\/ves-da-china-sao-destaque-no-salao-internacional-do-automovel-de-bancoc\/#primaryimage"},"thumbnailUrl":"https:\/\/diariodepe.com.br\/xinhua\/wp-content\/uploads\/sites\/3\/2024\/04\/2024040237b65f91d694451aaa6ed9b39aca5848_202404024f904bd53cd844f8a01097c88bad7e28.jpeg","articleSection":["Economia"],"inLanguage":"pt-BR","potentialAction":[{"@type":"CommentAction","name":"Comment","target":["https:\/\/diariodepe.com.br\/xinhua\/2024\/04\/03\/ves-da-china-sao-destaque-no-salao-internacional-do-automovel-de-bancoc\/#respond"]}]},{"@type":"WebPage","@id":"https:\/\/diariodepe.com.br\/xinhua\/2024\/04\/03\/ves-da-china-sao-destaque-no-salao-internacional-do-automovel-de-bancoc\/","url":"https:\/\/diariodepe.com.br\/xinhua\/2024\/04\/03\/ves-da-china-sao-destaque-no-salao-internacional-do-automovel-de-bancoc\/","name":"VEs da China s\u00e3o destaque no Sal\u00e3o Internacional do Autom\u00f3vel de Bancoc - Xinhua - Diario de Pernambuco","isPartOf":{"@id":"https:\/\/diariodepe.com.br\/xinhua\/#website"},"primaryImageOfPage":{"@id":"https:\/\/diariodepe.com.br\/xinhua\/2024\/04\/03\/ves-da-china-sao-destaque-no-salao-internacional-do-automovel-de-bancoc\/#primaryimage"},"image":{"@id":"https:\/\/diariodepe.com.br\/xinhua\/2024\/04\/03\/ves-da-china-sao-destaque-no-salao-internacional-do-automovel-de-bancoc\/#primaryimage"},"thumbnailUrl":"https:\/\/diariodepe.com.br\/xinhua\/wp-content\/uploads\/sites\/3\/2024\/04\/2024040237b65f91d694451aaa6ed9b39aca5848_202404024f904bd53cd844f8a01097c88bad7e28.jpeg","datePublished":"2024-04-03T11:00:00+00:00","breadcrumb":{"@id":"https:\/\/diariodepe.com.br\/xinhua\/2024\/04\/03\/ves-da-china-sao-destaque-no-salao-internacional-do-automovel-de-bancoc\/#breadcrumb"},"inLanguage":"pt-BR","potentialAction":[{"@type":"ReadAction","target":["https:\/\/diariodepe.com.br\/xinhua\/2024\/04\/03\/ves-da-china-sao-destaque-no-salao-internacional-do-automovel-de-bancoc\/"]}]},{"@type":"ImageObject","inLanguage":"pt-BR","@id":"https:\/\/diariodepe.com.br\/xinhua\/2024\/04\/03\/ves-da-china-sao-destaque-no-salao-internacional-do-automovel-de-bancoc\/#primaryimage","url":"https:\/\/diariodepe.com.br\/xinhua\/wp-content\/uploads\/sites\/3\/2024\/04\/2024040237b65f91d694451aaa6ed9b39aca5848_202404024f904bd53cd844f8a01097c88bad7e28.jpeg","contentUrl":"https:\/\/diariodepe.com.br\/xinhua\/wp-content\/uploads\/sites\/3\/2024\/04\/2024040237b65f91d694451aaa6ed9b39aca5848_202404024f904bd53cd844f8a01097c88bad7e28.jpeg","width":900,"height":600},{"@type":"BreadcrumbList","@id":"https:\/\/diariodepe.com.br\/xinhua\/2024\/04\/03\/ves-da-china-sao-destaque-no-salao-internacional-do-automovel-de-bancoc\/#breadcrumb","itemListElement":[{"@type":"ListItem","position":1,"name":"In\u00edcio","item":"https:\/\/diariodepe.com.br\/xinhua\/"},{"@type":"ListItem","position":2,"name":"VEs da China s\u00e3o destaque no Sal\u00e3o Internacional do Autom\u00f3vel de Bancoc"}]},{"@type":"WebSite","@id":"https:\/\/diariodepe.com.br\/xinhua\/#website","url":"https:\/\/diariodepe.com.br\/xinhua\/","name":"Xinhua - Diario de Pernambuco","description":"A maior ag\u00eancia de not\u00edcias da China e um dos principais canais para conhecer o pa\u00eds","publisher":{"@id":"https:\/\/diariodepe.com.br\/xinhua\/#organization"},"potentialAction":[{"@type":"SearchAction","target":{"@type":"EntryPoint","urlTemplate":"https:\/\/diariodepe.com.br\/xinhua\/?s={search_term_string}"},"query-input":{"@type":"PropertyValueSpecification","valueRequired":true,"valueName":"search_term_string"}}],"inLanguage":"pt-BR"},{"@type":"Organization","@id":"https:\/\/diariodepe.com.br\/xinhua\/#organization","name":"Xinhua - Diario de Pernambuco","url":"https:\/\/diariodepe.com.br\/xinhua\/","logo":{"@type":"ImageObject","inLanguage":"pt-BR","@id":"https:\/\/diariodepe.com.br\/xinhua\/#\/schema\/logo\/image\/","url":"https:\/\/diariodepe.com.br\/xinhua\/wp-content\/uploads\/sites\/3\/2020\/10\/cropped-logo-transparente-2.png","contentUrl":"https:\/\/diariodepe.com.br\/xinhua\/wp-content\/uploads\/sites\/3\/2020\/10\/cropped-logo-transparente-2.png","width":512,"height":164,"caption":"Xinhua - Diario de Pernambuco"},"image":{"@id":"https:\/\/diariodepe.com.br\/xinhua\/#\/schema\/logo\/image\/"}},{"@type":"Person","@id":"https:\/\/diariodepe.com.br\/xinhua\/#\/schema\/person\/0943d6fd02bdc7b49c8f495e8787a2cb","name":"Marcelo Oliveira de A. Maranhao","image":{"@type":"ImageObject","inLanguage":"pt-BR","@id":"https:\/\/secure.gravatar.com\/avatar\/f562caee940d39879c20e90eea3e4b21860c7d4c96684c23141c554824f0059c?s=96&d=mm&r=g","url":"https:\/\/secure.gravatar.com\/avatar\/f562caee940d39879c20e90eea3e4b21860c7d4c96684c23141c554824f0059c?s=96&d=mm&r=g","contentUrl":"https:\/\/secure.gravatar.com\/avatar\/f562caee940d39879c20e90eea3e4b21860c7d4c96684c23141c554824f0059c?s=96&d=mm&r=g","caption":"Marcelo Oliveira de A. Maranhao"},"url":"https:\/\/diariodepe.com.br\/xinhua\/author\/marcelo-maranhao\/"}]}},"cc_featured_image_caption":{"caption_text":"","source_text":"","source_url":""},"amp_enabled":true,"_links":{"self":[{"href":"https:\/\/diariodepe.com.br\/xinhua\/wp-json\/wp\/v2\/posts\/19071","targetHints":{"allow":["GET"]}}],"collection":[{"href":"https:\/\/diariodepe.com.br\/xinhua\/wp-json\/wp\/v2\/posts"}],"about":[{"href":"https:\/\/diariodepe.com.br\/xinhua\/wp-json\/wp\/v2\/types\/post"}],"author":[{"embeddable":true,"href":"https:\/\/diariodepe.com.br\/xinhua\/wp-json\/wp\/v2\/users\/3"}],"replies":[{"embeddable":true,"href":"https:\/\/diariodepe.com.br\/xinhua\/wp-json\/wp\/v2\/comments?post=19071"}],"version-history":[{"count":1,"href":"https:\/\/diariodepe.com.br\/xinhua\/wp-json\/wp\/v2\/posts\/19071\/revisions"}],"predecessor-version":[{"id":19073,"href":"https:\/\/diariodepe.com.br\/xinhua\/wp-json\/wp\/v2\/posts\/19071\/revisions\/19073"}],"wp:featuredmedia":[{"embeddable":true,"href":"https:\/\/diariodepe.com.br\/xinhua\/wp-json\/wp\/v2\/media\/19072"}],"wp:attachment":[{"href":"https:\/\/diariodepe.com.br\/xinhua\/wp-json\/wp\/v2\/media?parent=19071"}],"wp:term":[{"taxonomy":"category","embeddable":true,"href":"https:\/\/diariodepe.com.br\/xinhua\/wp-json\/wp\/v2\/categories?post=19071"},{"taxonomy":"post_tag","embeddable":true,"href":"https:\/\/diariodepe.com.br\/xinhua\/wp-json\/wp\/v2\/tags?post=19071"}],"curies":[{"name":"wp","href":"https:\/\/api.w.org\/{rel}","templated":true}]}}