{"id":19068,"date":"2024-04-02T18:19:00","date_gmt":"2024-04-02T21:19:00","guid":{"rendered":"https:\/\/www.diariodepe.com.br\/xinhua\/?p=19068"},"modified":"2024-04-01T16:21:18","modified_gmt":"2024-04-01T19:21:18","slug":"china-tera-mais-voos-na-temporada-de-aviacao-verao-outono","status":"publish","type":"post","link":"https:\/\/diariodepe.com.br\/xinhua\/2024\/04\/02\/china-tera-mais-voos-na-temporada-de-aviacao-verao-outono\/","title":{"rendered":"China ter\u00e1 mais voos na temporada de avia\u00e7\u00e3o ver\u00e3o-outono"},"content":{"rendered":"\n<p>Beijing &#8211; O transporte da avia\u00e7\u00e3o civil da China ter\u00e1 um crescimento constante na temporada de avia\u00e7\u00e3o ver\u00e3o-outono deste ano, de acordo com a Administra\u00e7\u00e3o da Avia\u00e7\u00e3o Civil da China (AACC) no domingo.<\/p>\n\n\n\n<p>De 31 de mar\u00e7o a 26 de outubro, 188 empresas a\u00e9reas nacionais e estrangeiras planejam organizar 122 mil voos de passageiros e de carga por semana.<\/p>\n\n\n\n<p>Em termos de voos internacionais, 17.257 voos de passageiros e de carga est\u00e3o programados todas as semanas, conectando a China e 70 outros pa\u00edses, incluindo 51 pa\u00edses parceiros do Cintur\u00e3o e Rota.<\/p>\n\n\n\n<p>Quanto aos voos dom\u00e9sticos, 51 empresas a\u00e9reas dom\u00e9sticas planejam organizar 101.536 voos semanais na parte continental da China, um aumento de 2,5% em compara\u00e7\u00e3o com a mesma temporada de avia\u00e7\u00e3o em 2023.<\/p>\n\n\n\n<p>O n\u00famero de voos semanais planejados de passageiros e carga entre a parte continental da China e Hong Kong \u00e9 de 1.754, e o n\u00famero de voos entre a parte continental da China e Taiwan chegar\u00e1 a 835. Um total de 796 voos ligar\u00e1 a parte continental da China e Macau, informou a CAAC.<\/p>\n","protected":false},"excerpt":{"rendered":"<p>Beijing &#8211; O transporte da avia\u00e7\u00e3o civil da China ter\u00e1 um crescimento constante na temporada de avia\u00e7\u00e3o ver\u00e3o-outono deste ano, de acordo com a Administra\u00e7\u00e3o da Avia\u00e7\u00e3o Civil da China (AACC) no domingo. De 31 de mar\u00e7o a 26 de&#8230;<\/p>\n","protected":false},"author":3,"featured_media":2282,"comment_status":"open","ping_status":"open","sticky":false,"template":"","format":"standard","meta":{"footnotes":""},"categories":[5],"tags":[],"class_list":["post-19068","post","type-post","status-publish","format-standard","has-post-thumbnail","hentry","category-economia"],"yoast_head":"<!-- This site is optimized with the Yoast SEO plugin v27.4 - https:\/\/yoast.com\/product\/yoast-seo-wordpress\/ -->\n<title>China ter\u00e1 mais voos na temporada de avia\u00e7\u00e3o ver\u00e3o-outono - Xinhua - Diario de Pernambuco<\/title>\n<meta name=\"robots\" content=\"index, follow, max-snippet:-1, max-image-preview:large, max-video-preview:-1\" \/>\n<link rel=\"canonical\" href=\"https:\/\/diariodepe.com.br\/xinhua\/2024\/04\/02\/china-tera-mais-voos-na-temporada-de-aviacao-verao-outono\/\" \/>\n<meta property=\"og:locale\" content=\"pt_BR\" \/>\n<meta property=\"og:type\" content=\"article\" \/>\n<meta property=\"og:title\" content=\"China ter\u00e1 mais voos na temporada de avia\u00e7\u00e3o ver\u00e3o-outono - Xinhua - Diario de Pernambuco\" \/>\n<meta property=\"og:description\" content=\"Beijing &#8211; O transporte da avia\u00e7\u00e3o civil da China ter\u00e1 um crescimento constante na temporada de avia\u00e7\u00e3o ver\u00e3o-outono deste ano, de acordo com a Administra\u00e7\u00e3o da Avia\u00e7\u00e3o Civil da China (AACC) no domingo. De 31 de mar\u00e7o a 26 de...\" \/>\n<meta property=\"og:url\" content=\"https:\/\/diariodepe.com.br\/xinhua\/2024\/04\/02\/china-tera-mais-voos-na-temporada-de-aviacao-verao-outono\/\" \/>\n<meta property=\"og:site_name\" content=\"Xinhua - Diario de Pernambuco\" \/>\n<meta property=\"article:published_time\" content=\"2024-04-02T21:19:00+00:00\" \/>\n<meta property=\"og:image\" content=\"https:\/\/diariodepe.com.br\/xinhua\/wp-content\/uploads\/sites\/3\/2021\/07\/1310049018_16257090228281n.jpg\" \/>\n\t<meta property=\"og:image:width\" content=\"900\" \/>\n\t<meta property=\"og:image:height\" content=\"600\" \/>\n\t<meta property=\"og:image:type\" content=\"image\/jpeg\" \/>\n<meta name=\"author\" content=\"Marcelo Oliveira de A. Maranhao\" \/>\n<meta name=\"twitter:card\" content=\"summary_large_image\" \/>\n<meta name=\"twitter:label1\" content=\"Escrito por\" \/>\n\t<meta name=\"twitter:data1\" content=\"Marcelo Oliveira de A. Maranhao\" \/>\n\t<meta name=\"twitter:label2\" content=\"Est. tempo de leitura\" \/>\n\t<meta name=\"twitter:data2\" content=\"1 minuto\" \/>\n<script type=\"application\/ld+json\" class=\"yoast-schema-graph\">{\"@context\":\"https:\\\/\\\/schema.org\",\"@graph\":[{\"@type\":\"Article\",\"@id\":\"https:\\\/\\\/diariodepe.com.br\\\/xinhua\\\/2024\\\/04\\\/02\\\/china-tera-mais-voos-na-temporada-de-aviacao-verao-outono\\\/#article\",\"isPartOf\":{\"@id\":\"https:\\\/\\\/diariodepe.com.br\\\/xinhua\\\/2024\\\/04\\\/02\\\/china-tera-mais-voos-na-temporada-de-aviacao-verao-outono\\\/\"},\"author\":{\"name\":\"Marcelo Oliveira de A. Maranhao\",\"@id\":\"https:\\\/\\\/diariodepe.com.br\\\/xinhua\\\/#\\\/schema\\\/person\\\/0943d6fd02bdc7b49c8f495e8787a2cb\"},\"headline\":\"China ter\u00e1 mais voos na temporada de avia\u00e7\u00e3o ver\u00e3o-outono\",\"datePublished\":\"2024-04-02T21:19:00+00:00\",\"mainEntityOfPage\":{\"@id\":\"https:\\\/\\\/diariodepe.com.br\\\/xinhua\\\/2024\\\/04\\\/02\\\/china-tera-mais-voos-na-temporada-de-aviacao-verao-outono\\\/\"},\"wordCount\":191,\"commentCount\":0,\"publisher\":{\"@id\":\"https:\\\/\\\/diariodepe.com.br\\\/xinhua\\\/#organization\"},\"image\":{\"@id\":\"https:\\\/\\\/diariodepe.com.br\\\/xinhua\\\/2024\\\/04\\\/02\\\/china-tera-mais-voos-na-temporada-de-aviacao-verao-outono\\\/#primaryimage\"},\"thumbnailUrl\":\"https:\\\/\\\/diariodepe.com.br\\\/xinhua\\\/wp-content\\\/uploads\\\/sites\\\/3\\\/2021\\\/07\\\/1310049018_16257090228281n.jpg\",\"articleSection\":[\"Economia\"],\"inLanguage\":\"pt-BR\",\"potentialAction\":[{\"@type\":\"CommentAction\",\"name\":\"Comment\",\"target\":[\"https:\\\/\\\/diariodepe.com.br\\\/xinhua\\\/2024\\\/04\\\/02\\\/china-tera-mais-voos-na-temporada-de-aviacao-verao-outono\\\/#respond\"]}]},{\"@type\":\"WebPage\",\"@id\":\"https:\\\/\\\/diariodepe.com.br\\\/xinhua\\\/2024\\\/04\\\/02\\\/china-tera-mais-voos-na-temporada-de-aviacao-verao-outono\\\/\",\"url\":\"https:\\\/\\\/diariodepe.com.br\\\/xinhua\\\/2024\\\/04\\\/02\\\/china-tera-mais-voos-na-temporada-de-aviacao-verao-outono\\\/\",\"name\":\"China ter\u00e1 mais voos na temporada de avia\u00e7\u00e3o ver\u00e3o-outono - Xinhua - Diario de Pernambuco\",\"isPartOf\":{\"@id\":\"https:\\\/\\\/diariodepe.com.br\\\/xinhua\\\/#website\"},\"primaryImageOfPage\":{\"@id\":\"https:\\\/\\\/diariodepe.com.br\\\/xinhua\\\/2024\\\/04\\\/02\\\/china-tera-mais-voos-na-temporada-de-aviacao-verao-outono\\\/#primaryimage\"},\"image\":{\"@id\":\"https:\\\/\\\/diariodepe.com.br\\\/xinhua\\\/2024\\\/04\\\/02\\\/china-tera-mais-voos-na-temporada-de-aviacao-verao-outono\\\/#primaryimage\"},\"thumbnailUrl\":\"https:\\\/\\\/diariodepe.com.br\\\/xinhua\\\/wp-content\\\/uploads\\\/sites\\\/3\\\/2021\\\/07\\\/1310049018_16257090228281n.jpg\",\"datePublished\":\"2024-04-02T21:19:00+00:00\",\"breadcrumb\":{\"@id\":\"https:\\\/\\\/diariodepe.com.br\\\/xinhua\\\/2024\\\/04\\\/02\\\/china-tera-mais-voos-na-temporada-de-aviacao-verao-outono\\\/#breadcrumb\"},\"inLanguage\":\"pt-BR\",\"potentialAction\":[{\"@type\":\"ReadAction\",\"target\":[\"https:\\\/\\\/diariodepe.com.br\\\/xinhua\\\/2024\\\/04\\\/02\\\/china-tera-mais-voos-na-temporada-de-aviacao-verao-outono\\\/\"]}]},{\"@type\":\"ImageObject\",\"inLanguage\":\"pt-BR\",\"@id\":\"https:\\\/\\\/diariodepe.com.br\\\/xinhua\\\/2024\\\/04\\\/02\\\/china-tera-mais-voos-na-temporada-de-aviacao-verao-outono\\\/#primaryimage\",\"url\":\"https:\\\/\\\/diariodepe.com.br\\\/xinhua\\\/wp-content\\\/uploads\\\/sites\\\/3\\\/2021\\\/07\\\/1310049018_16257090228281n.jpg\",\"contentUrl\":\"https:\\\/\\\/diariodepe.com.br\\\/xinhua\\\/wp-content\\\/uploads\\\/sites\\\/3\\\/2021\\\/07\\\/1310049018_16257090228281n.jpg\",\"width\":900,\"height\":600,\"caption\":\"Foto tirada em 20 de mar\u00e7o de 2020 mostra um avi\u00e3o da companhia a\u00e9rea China Eastern com suprimentos m\u00e9dicos no Aeroporto de Praga, em Praga, na Rep\u00fablica Tcheca. (Xinhua\\\/Yang Xiaohong)\"},{\"@type\":\"BreadcrumbList\",\"@id\":\"https:\\\/\\\/diariodepe.com.br\\\/xinhua\\\/2024\\\/04\\\/02\\\/china-tera-mais-voos-na-temporada-de-aviacao-verao-outono\\\/#breadcrumb\",\"itemListElement\":[{\"@type\":\"ListItem\",\"position\":1,\"name\":\"In\u00edcio\",\"item\":\"https:\\\/\\\/diariodepe.com.br\\\/xinhua\\\/\"},{\"@type\":\"ListItem\",\"position\":2,\"name\":\"China ter\u00e1 mais voos na temporada de avia\u00e7\u00e3o ver\u00e3o-outono\"}]},{\"@type\":\"WebSite\",\"@id\":\"https:\\\/\\\/diariodepe.com.br\\\/xinhua\\\/#website\",\"url\":\"https:\\\/\\\/diariodepe.com.br\\\/xinhua\\\/\",\"name\":\"Xinhua - Diario de Pernambuco\",\"description\":\"A maior ag\u00eancia de not\u00edcias da China e um dos principais canais para conhecer o pa\u00eds\",\"publisher\":{\"@id\":\"https:\\\/\\\/diariodepe.com.br\\\/xinhua\\\/#organization\"},\"potentialAction\":[{\"@type\":\"SearchAction\",\"target\":{\"@type\":\"EntryPoint\",\"urlTemplate\":\"https:\\\/\\\/diariodepe.com.br\\\/xinhua\\\/?s={search_term_string}\"},\"query-input\":{\"@type\":\"PropertyValueSpecification\",\"valueRequired\":true,\"valueName\":\"search_term_string\"}}],\"inLanguage\":\"pt-BR\"},{\"@type\":\"Organization\",\"@id\":\"https:\\\/\\\/diariodepe.com.br\\\/xinhua\\\/#organization\",\"name\":\"Xinhua - Diario de Pernambuco\",\"url\":\"https:\\\/\\\/diariodepe.com.br\\\/xinhua\\\/\",\"logo\":{\"@type\":\"ImageObject\",\"inLanguage\":\"pt-BR\",\"@id\":\"https:\\\/\\\/diariodepe.com.br\\\/xinhua\\\/#\\\/schema\\\/logo\\\/image\\\/\",\"url\":\"https:\\\/\\\/diariodepe.com.br\\\/xinhua\\\/wp-content\\\/uploads\\\/sites\\\/3\\\/2020\\\/10\\\/cropped-logo-transparente-2.png\",\"contentUrl\":\"https:\\\/\\\/diariodepe.com.br\\\/xinhua\\\/wp-content\\\/uploads\\\/sites\\\/3\\\/2020\\\/10\\\/cropped-logo-transparente-2.png\",\"width\":512,\"height\":164,\"caption\":\"Xinhua - Diario de Pernambuco\"},\"image\":{\"@id\":\"https:\\\/\\\/diariodepe.com.br\\\/xinhua\\\/#\\\/schema\\\/logo\\\/image\\\/\"}},{\"@type\":\"Person\",\"@id\":\"https:\\\/\\\/diariodepe.com.br\\\/xinhua\\\/#\\\/schema\\\/person\\\/0943d6fd02bdc7b49c8f495e8787a2cb\",\"name\":\"Marcelo Oliveira de A. Maranhao\",\"image\":{\"@type\":\"ImageObject\",\"inLanguage\":\"pt-BR\",\"@id\":\"https:\\\/\\\/secure.gravatar.com\\\/avatar\\\/f562caee940d39879c20e90eea3e4b21860c7d4c96684c23141c554824f0059c?s=96&d=mm&r=g\",\"url\":\"https:\\\/\\\/secure.gravatar.com\\\/avatar\\\/f562caee940d39879c20e90eea3e4b21860c7d4c96684c23141c554824f0059c?s=96&d=mm&r=g\",\"contentUrl\":\"https:\\\/\\\/secure.gravatar.com\\\/avatar\\\/f562caee940d39879c20e90eea3e4b21860c7d4c96684c23141c554824f0059c?s=96&d=mm&r=g\",\"caption\":\"Marcelo Oliveira de A. Maranhao\"},\"url\":\"https:\\\/\\\/diariodepe.com.br\\\/xinhua\\\/author\\\/marcelo-maranhao\\\/\"}]}<\/script>\n<!-- \/ Yoast SEO plugin. -->","yoast_head_json":{"title":"China ter\u00e1 mais voos na temporada de avia\u00e7\u00e3o ver\u00e3o-outono - Xinhua - Diario de Pernambuco","robots":{"index":"index","follow":"follow","max-snippet":"max-snippet:-1","max-image-preview":"max-image-preview:large","max-video-preview":"max-video-preview:-1"},"canonical":"https:\/\/diariodepe.com.br\/xinhua\/2024\/04\/02\/china-tera-mais-voos-na-temporada-de-aviacao-verao-outono\/","og_locale":"pt_BR","og_type":"article","og_title":"China ter\u00e1 mais voos na temporada de avia\u00e7\u00e3o ver\u00e3o-outono - Xinhua - Diario de Pernambuco","og_description":"Beijing &#8211; O transporte da avia\u00e7\u00e3o civil da China ter\u00e1 um crescimento constante na temporada de avia\u00e7\u00e3o ver\u00e3o-outono deste ano, de acordo com a Administra\u00e7\u00e3o da Avia\u00e7\u00e3o Civil da China (AACC) no domingo. De 31 de mar\u00e7o a 26 de...","og_url":"https:\/\/diariodepe.com.br\/xinhua\/2024\/04\/02\/china-tera-mais-voos-na-temporada-de-aviacao-verao-outono\/","og_site_name":"Xinhua - Diario de Pernambuco","article_published_time":"2024-04-02T21:19:00+00:00","og_image":[{"width":900,"height":600,"url":"https:\/\/diariodepe.com.br\/xinhua\/wp-content\/uploads\/sites\/3\/2021\/07\/1310049018_16257090228281n.jpg","type":"image\/jpeg"}],"author":"Marcelo Oliveira de A. Maranhao","twitter_card":"summary_large_image","twitter_misc":{"Escrito por":"Marcelo Oliveira de A. Maranhao","Est. tempo de leitura":"1 minuto"},"schema":{"@context":"https:\/\/schema.org","@graph":[{"@type":"Article","@id":"https:\/\/diariodepe.com.br\/xinhua\/2024\/04\/02\/china-tera-mais-voos-na-temporada-de-aviacao-verao-outono\/#article","isPartOf":{"@id":"https:\/\/diariodepe.com.br\/xinhua\/2024\/04\/02\/china-tera-mais-voos-na-temporada-de-aviacao-verao-outono\/"},"author":{"name":"Marcelo Oliveira de A. Maranhao","@id":"https:\/\/diariodepe.com.br\/xinhua\/#\/schema\/person\/0943d6fd02bdc7b49c8f495e8787a2cb"},"headline":"China ter\u00e1 mais voos na temporada de avia\u00e7\u00e3o ver\u00e3o-outono","datePublished":"2024-04-02T21:19:00+00:00","mainEntityOfPage":{"@id":"https:\/\/diariodepe.com.br\/xinhua\/2024\/04\/02\/china-tera-mais-voos-na-temporada-de-aviacao-verao-outono\/"},"wordCount":191,"commentCount":0,"publisher":{"@id":"https:\/\/diariodepe.com.br\/xinhua\/#organization"},"image":{"@id":"https:\/\/diariodepe.com.br\/xinhua\/2024\/04\/02\/china-tera-mais-voos-na-temporada-de-aviacao-verao-outono\/#primaryimage"},"thumbnailUrl":"https:\/\/diariodepe.com.br\/xinhua\/wp-content\/uploads\/sites\/3\/2021\/07\/1310049018_16257090228281n.jpg","articleSection":["Economia"],"inLanguage":"pt-BR","potentialAction":[{"@type":"CommentAction","name":"Comment","target":["https:\/\/diariodepe.com.br\/xinhua\/2024\/04\/02\/china-tera-mais-voos-na-temporada-de-aviacao-verao-outono\/#respond"]}]},{"@type":"WebPage","@id":"https:\/\/diariodepe.com.br\/xinhua\/2024\/04\/02\/china-tera-mais-voos-na-temporada-de-aviacao-verao-outono\/","url":"https:\/\/diariodepe.com.br\/xinhua\/2024\/04\/02\/china-tera-mais-voos-na-temporada-de-aviacao-verao-outono\/","name":"China ter\u00e1 mais voos na temporada de avia\u00e7\u00e3o ver\u00e3o-outono - Xinhua - Diario de Pernambuco","isPartOf":{"@id":"https:\/\/diariodepe.com.br\/xinhua\/#website"},"primaryImageOfPage":{"@id":"https:\/\/diariodepe.com.br\/xinhua\/2024\/04\/02\/china-tera-mais-voos-na-temporada-de-aviacao-verao-outono\/#primaryimage"},"image":{"@id":"https:\/\/diariodepe.com.br\/xinhua\/2024\/04\/02\/china-tera-mais-voos-na-temporada-de-aviacao-verao-outono\/#primaryimage"},"thumbnailUrl":"https:\/\/diariodepe.com.br\/xinhua\/wp-content\/uploads\/sites\/3\/2021\/07\/1310049018_16257090228281n.jpg","datePublished":"2024-04-02T21:19:00+00:00","breadcrumb":{"@id":"https:\/\/diariodepe.com.br\/xinhua\/2024\/04\/02\/china-tera-mais-voos-na-temporada-de-aviacao-verao-outono\/#breadcrumb"},"inLanguage":"pt-BR","potentialAction":[{"@type":"ReadAction","target":["https:\/\/diariodepe.com.br\/xinhua\/2024\/04\/02\/china-tera-mais-voos-na-temporada-de-aviacao-verao-outono\/"]}]},{"@type":"ImageObject","inLanguage":"pt-BR","@id":"https:\/\/diariodepe.com.br\/xinhua\/2024\/04\/02\/china-tera-mais-voos-na-temporada-de-aviacao-verao-outono\/#primaryimage","url":"https:\/\/diariodepe.com.br\/xinhua\/wp-content\/uploads\/sites\/3\/2021\/07\/1310049018_16257090228281n.jpg","contentUrl":"https:\/\/diariodepe.com.br\/xinhua\/wp-content\/uploads\/sites\/3\/2021\/07\/1310049018_16257090228281n.jpg","width":900,"height":600,"caption":"Foto tirada em 20 de mar\u00e7o de 2020 mostra um avi\u00e3o da companhia a\u00e9rea China Eastern com suprimentos m\u00e9dicos no Aeroporto de Praga, em Praga, na Rep\u00fablica Tcheca. (Xinhua\/Yang Xiaohong)"},{"@type":"BreadcrumbList","@id":"https:\/\/diariodepe.com.br\/xinhua\/2024\/04\/02\/china-tera-mais-voos-na-temporada-de-aviacao-verao-outono\/#breadcrumb","itemListElement":[{"@type":"ListItem","position":1,"name":"In\u00edcio","item":"https:\/\/diariodepe.com.br\/xinhua\/"},{"@type":"ListItem","position":2,"name":"China ter\u00e1 mais voos na temporada de avia\u00e7\u00e3o ver\u00e3o-outono"}]},{"@type":"WebSite","@id":"https:\/\/diariodepe.com.br\/xinhua\/#website","url":"https:\/\/diariodepe.com.br\/xinhua\/","name":"Xinhua - Diario de Pernambuco","description":"A maior ag\u00eancia de not\u00edcias da China e um dos principais canais para conhecer o pa\u00eds","publisher":{"@id":"https:\/\/diariodepe.com.br\/xinhua\/#organization"},"potentialAction":[{"@type":"SearchAction","target":{"@type":"EntryPoint","urlTemplate":"https:\/\/diariodepe.com.br\/xinhua\/?s={search_term_string}"},"query-input":{"@type":"PropertyValueSpecification","valueRequired":true,"valueName":"search_term_string"}}],"inLanguage":"pt-BR"},{"@type":"Organization","@id":"https:\/\/diariodepe.com.br\/xinhua\/#organization","name":"Xinhua - Diario de Pernambuco","url":"https:\/\/diariodepe.com.br\/xinhua\/","logo":{"@type":"ImageObject","inLanguage":"pt-BR","@id":"https:\/\/diariodepe.com.br\/xinhua\/#\/schema\/logo\/image\/","url":"https:\/\/diariodepe.com.br\/xinhua\/wp-content\/uploads\/sites\/3\/2020\/10\/cropped-logo-transparente-2.png","contentUrl":"https:\/\/diariodepe.com.br\/xinhua\/wp-content\/uploads\/sites\/3\/2020\/10\/cropped-logo-transparente-2.png","width":512,"height":164,"caption":"Xinhua - Diario de Pernambuco"},"image":{"@id":"https:\/\/diariodepe.com.br\/xinhua\/#\/schema\/logo\/image\/"}},{"@type":"Person","@id":"https:\/\/diariodepe.com.br\/xinhua\/#\/schema\/person\/0943d6fd02bdc7b49c8f495e8787a2cb","name":"Marcelo Oliveira de A. Maranhao","image":{"@type":"ImageObject","inLanguage":"pt-BR","@id":"https:\/\/secure.gravatar.com\/avatar\/f562caee940d39879c20e90eea3e4b21860c7d4c96684c23141c554824f0059c?s=96&d=mm&r=g","url":"https:\/\/secure.gravatar.com\/avatar\/f562caee940d39879c20e90eea3e4b21860c7d4c96684c23141c554824f0059c?s=96&d=mm&r=g","contentUrl":"https:\/\/secure.gravatar.com\/avatar\/f562caee940d39879c20e90eea3e4b21860c7d4c96684c23141c554824f0059c?s=96&d=mm&r=g","caption":"Marcelo Oliveira de A. Maranhao"},"url":"https:\/\/diariodepe.com.br\/xinhua\/author\/marcelo-maranhao\/"}]}},"cc_featured_image_caption":{"caption_text":"","source_text":"","source_url":""},"amp_enabled":true,"_links":{"self":[{"href":"https:\/\/diariodepe.com.br\/xinhua\/wp-json\/wp\/v2\/posts\/19068","targetHints":{"allow":["GET"]}}],"collection":[{"href":"https:\/\/diariodepe.com.br\/xinhua\/wp-json\/wp\/v2\/posts"}],"about":[{"href":"https:\/\/diariodepe.com.br\/xinhua\/wp-json\/wp\/v2\/types\/post"}],"author":[{"embeddable":true,"href":"https:\/\/diariodepe.com.br\/xinhua\/wp-json\/wp\/v2\/users\/3"}],"replies":[{"embeddable":true,"href":"https:\/\/diariodepe.com.br\/xinhua\/wp-json\/wp\/v2\/comments?post=19068"}],"version-history":[{"count":1,"href":"https:\/\/diariodepe.com.br\/xinhua\/wp-json\/wp\/v2\/posts\/19068\/revisions"}],"predecessor-version":[{"id":19069,"href":"https:\/\/diariodepe.com.br\/xinhua\/wp-json\/wp\/v2\/posts\/19068\/revisions\/19069"}],"wp:featuredmedia":[{"embeddable":true,"href":"https:\/\/diariodepe.com.br\/xinhua\/wp-json\/wp\/v2\/media\/2282"}],"wp:attachment":[{"href":"https:\/\/diariodepe.com.br\/xinhua\/wp-json\/wp\/v2\/media?parent=19068"}],"wp:term":[{"taxonomy":"category","embeddable":true,"href":"https:\/\/diariodepe.com.br\/xinhua\/wp-json\/wp\/v2\/categories?post=19068"},{"taxonomy":"post_tag","embeddable":true,"href":"https:\/\/diariodepe.com.br\/xinhua\/wp-json\/wp\/v2\/tags?post=19068"}],"curies":[{"name":"wp","href":"https:\/\/api.w.org\/{rel}","templated":true}]}}