{"id":18942,"date":"2024-03-27T08:00:00","date_gmt":"2024-03-27T11:00:00","guid":{"rendered":"https:\/\/www.diariodepe.com.br\/xinhua\/?p=18942"},"modified":"2024-03-26T16:31:51","modified_gmt":"2024-03-26T19:31:51","slug":"policia-brasileira-prende-tres-autores-intelectuais-do-assassinato-da-vereadora-do-rio-de-janeiro-marielle-franco","status":"publish","type":"post","link":"https:\/\/diariodepe.com.br\/xinhua\/2024\/03\/27\/policia-brasileira-prende-tres-autores-intelectuais-do-assassinato-da-vereadora-do-rio-de-janeiro-marielle-franco\/","title":{"rendered":"Pol\u00edcia brasileira prende tr\u00eas autores intelectuais do assassinato da vereadora do Rio de Janeiro, Marielle Franco"},"content":{"rendered":"\n<p>Rio de Janeiro &#8211; A Pol\u00edcia Federal (PF) brasileira prendeu neste domingo os tr\u00eas supostos autores intelectuais do assassinato da vereadora do Rio de Janeiro Marielle Franco e de seu motorista, Anderson Gomes, na noite de 14 de mar\u00e7o de 2018, um crime que comoveu o pa\u00eds e teve repercuss\u00e3o internacional.<\/p>\n\n\n\n<p>A pergunta &#8220;Quem mandou matar Marielle Franco?&#8221;, que viralizou e correu o mundo, come\u00e7ou a ser finalmente respondida quando uma opera\u00e7\u00e3o da Pol\u00edcia Federal, realizada na primeira hora da manh\u00e3 deste domingo cumpriu mandados de pris\u00e3o preventiva contra os irm\u00e3os Domingos Braz\u00e3o, atual conselheiro do Tribunal de Contas do Estado, e Chiquinho Braz\u00e3o, deputado federal do Rio de Janeiro pelo partido Uni\u00e3o Brasil, al\u00e9m de Rivaldo Barbosa, ex-chefe da Pol\u00edcia Civil do Rio.<\/p>\n\n\n\n<p>A opera\u00e7\u00e3o da PF deste domingo, chamada Murder Inc, tamb\u00e9m envolveu 12 mandados de busca e apreens\u00e3o no Rio de Janeiro. Os tr\u00eas detidos j\u00e1 foram levados para Bras\u00edlia e passaram a noite na penitenci\u00e1ria da Papuda.<\/p>\n\n\n\n<p>As deten\u00e7\u00f5es ocorrem cinco dias depois que Ronnie Lessa, considerado como o autor dos disparos que mataram Franco e Gomes e na pris\u00e3o desde 2019, chegou a um acordo com o Supremo Tribunal Federal (STF) para uma dela\u00e7\u00e3o premiada na qual indicou os mandantes e a motiva\u00e7\u00e3o do crime.<\/p>\n\n\n\n<p>Os investigadores decidiram realizar a opera\u00e7\u00e3o na primeira hora de domingo para surpreender os suspeitos, j\u00e1 que informa\u00e7\u00f5es da intelig\u00eancia policial indicavam que eles j\u00e1 estavam em alerta nos \u00faltimos dias e preparavam fugas, depois que o STF anunciou a homologa\u00e7\u00e3o do acordo de colabora\u00e7\u00e3o de Ronnie Lessa, um ex-policial militar.<\/p>\n\n\n\n<p>Os autores intelectuais, segundo Lessa, fazem parte de um poderoso grupo pol\u00edtico do Rio de Janeiro com diversos interesses em diferentes setores do Estado. O ex-policial deu detalhes de reuni\u00f5es com ele e pistas sobre seus motivos.<\/p>\n\n\n\n<p>Segundo informa\u00e7\u00f5es dos meios locais, a morte de Marielle teria sido encomendada por conta da resist\u00eancia da vereadora a um projeto de lei que regulariza condom\u00ednios na zona oeste do Rio de Janeiro, que tem bairros controlados por milicianos que exploram empreendimentos imobili\u00e1rios.<\/p>\n\n\n\n<p>Em entrevista \u00e0 imprensa na tarde deste domingo, o ministro da Justi\u00e7a, Ricardo Lewandowski, reiterou informa\u00e7\u00f5es sobre os presos e afirmou que a conclus\u00e3o das investiga\u00e7\u00f5es e das pris\u00f5es \u00e9 &#8220;um triunfo expressivo do Estado brasileiro contra a criminalidade organizada&#8221;.<\/p>\n\n\n\n<p>Marielle Franco, vereadora do Rio de Janeiro pelo Partido Socialismo e Liberdade (PSOL) e uma destacada ativista social em defesa das minorias, foi assassinada a tiros na noite de 14 de mar\u00e7o de 2018 ao sair de uma reuni\u00e3o, enquanto circulava em um carro no centro do Rio de Janeiro, atingida por tiros de outro ve\u00edculo que emparelhou com o seu.<\/p>\n\n\n\n<p>Marielle, ent\u00e3o com 38 anos, morreu na hora, assim como seu motorista, Anderson Gomes, enquanto uma assessora da conselheira, que tamb\u00e9m estava no carro, ficou ferida levemente e, por seguran\u00e7a, teve de sair do Brasil por alguns meses.<\/p>\n\n\n\n<p>O crime chocou o Brasil e chamou a aten\u00e7\u00e3o da imprensa internacional. As primeiras investiga\u00e7\u00f5es deixaram claro que tinha sido obra de profissionais, j\u00e1 que o atirador tinha uma destreza e uma pontaria fora do comum. As c\u00e2meras da rua, no centro do Rio, n\u00e3o funcionaram naquela noite.<\/p>\n\n\n\n<p>Dois dias antes de se completar um ano do assassinato, a pol\u00edcia prendeu dois ex-policiais, Ronnie Lessa e \u00c9lcio Queiroz, acusados de serem respectivamente o autor dos disparos e o motorista do ve\u00edculo que seguia o carro de Marielle.<\/p>\n\n\n\n<p>Desde ent\u00e3o, faltava saber quem eram os mandantes do crime e o motivo. O caso ficou praticamente paralisado durante o governo de Jair Bolsonaro (2018-2022), mas ao tomar posse em 2023, o presidente Luiz In\u00e1cio Lula da Silva, que nomeou a irm\u00e3 de Marielle, Anielle Franco, como ministra da Igualdade Racial, prometeu esclarecer o crime.<\/p>\n\n\n\n<p>Por sua vez, o ex -ministro de Justi\u00e7a Fl\u00e1vio Dino, hoje ministro do Supremo Tribunal Federal, confirmou essa promessa ao tomar posse em 2 de janeiro de 2023: &#8220;Afirmei \u00e0 ministra Anielle e a sua m\u00e3e que \u00e9 uma quest\u00e3o de honra que o Estado brasileiro fa\u00e7a todos os esfor\u00e7os poss\u00edveis, e a Pol\u00edcia Federal o far\u00e1, para que este crime seja solucionado e saibamos quem matou Marielle e quem mandou matar Marielle&#8221;.<\/p>\n\n\n\n<p>A ministra da Igualdade Racial, Anielle Franco, irm\u00e3 de Marielle, comemorou, por meio de mensagem em rede social a pris\u00e3o dos mandantes: &#8220;S\u00f3 Deus sabe o quanto sonhamos com esse dia! Hoje \u00e9 mais um grande passo para conseguirmos as respostas que tanto nos perguntamos nos \u00faltimos anos: quem mandou matar a Mari e por qu\u00ea? Agrade\u00e7o o empenho da PF, do governo federal, do Minist\u00e9rio P\u00fablico federal e estadual e do ministro Alexandre de Moraes. Estamos mais perto da Justi\u00e7a! Grande dia!&#8221;, afirmou.<\/p>\n\n\n\n<p>A maior surpresa da opera\u00e7\u00e3o deste domingo foi a pris\u00e3o de Rivaldo Barbosa, delegado que tinha assumido o cargo de chefe da Pol\u00edcia Civil do Rio de Janeiro um dia antes do assassinato de Marielle e que, segundo a Pol\u00edcia Federal, foi respons\u00e1vel por &#8220;planejar meticulosamente o crime&#8221;, tendo recebido dinheiro para atrapalhar as investiga\u00e7\u00f5es e garantir a impunidade dos mandantes.<\/p>\n","protected":false},"excerpt":{"rendered":"<p>Rio de Janeiro &#8211; A Pol\u00edcia Federal (PF) brasileira prendeu neste domingo os tr\u00eas supostos autores intelectuais do assassinato da vereadora do Rio de Janeiro Marielle Franco e de seu motorista, Anderson Gomes, na noite de 14 de mar\u00e7o de&#8230;<\/p>\n","protected":false},"author":3,"featured_media":18943,"comment_status":"open","ping_status":"open","sticky":false,"template":"","format":"standard","meta":{"footnotes":""},"categories":[1],"tags":[],"class_list":["post-18942","post","type-post","status-publish","format-standard","has-post-thumbnail","hentry","category-geral"],"yoast_head":"<!-- This site is optimized with the Yoast SEO plugin v27.4 - https:\/\/yoast.com\/product\/yoast-seo-wordpress\/ -->\n<title>Pol\u00edcia brasileira prende tr\u00eas autores intelectuais do assassinato da vereadora do Rio de Janeiro, Marielle Franco - Xinhua - Diario de Pernambuco<\/title>\n<meta name=\"robots\" content=\"index, follow, max-snippet:-1, max-image-preview:large, max-video-preview:-1\" \/>\n<link rel=\"canonical\" href=\"https:\/\/diariodepe.com.br\/xinhua\/2024\/03\/27\/policia-brasileira-prende-tres-autores-intelectuais-do-assassinato-da-vereadora-do-rio-de-janeiro-marielle-franco\/\" \/>\n<meta property=\"og:locale\" content=\"pt_BR\" \/>\n<meta property=\"og:type\" content=\"article\" \/>\n<meta property=\"og:title\" content=\"Pol\u00edcia brasileira prende tr\u00eas autores intelectuais do assassinato da vereadora do Rio de Janeiro, Marielle Franco - Xinhua - Diario de Pernambuco\" \/>\n<meta property=\"og:description\" content=\"Rio de Janeiro &#8211; A Pol\u00edcia Federal (PF) brasileira prendeu neste domingo os tr\u00eas supostos autores intelectuais do assassinato da vereadora do Rio de Janeiro Marielle Franco e de seu motorista, Anderson Gomes, na noite de 14 de mar\u00e7o de...\" \/>\n<meta property=\"og:url\" content=\"https:\/\/diariodepe.com.br\/xinhua\/2024\/03\/27\/policia-brasileira-prende-tres-autores-intelectuais-do-assassinato-da-vereadora-do-rio-de-janeiro-marielle-franco\/\" \/>\n<meta property=\"og:site_name\" content=\"Xinhua - Diario de Pernambuco\" \/>\n<meta property=\"article:published_time\" content=\"2024-03-27T11:00:00+00:00\" \/>\n<meta property=\"og:image\" content=\"https:\/\/diariodepe.com.br\/xinhua\/wp-content\/uploads\/sites\/3\/2024\/03\/8bd0501894fd417fb723335577089dcd.jpg\" \/>\n\t<meta property=\"og:image:width\" content=\"1000\" \/>\n\t<meta property=\"og:image:height\" content=\"500\" \/>\n\t<meta property=\"og:image:type\" content=\"image\/jpeg\" \/>\n<meta name=\"author\" content=\"Marcelo Oliveira de A. Maranhao\" \/>\n<meta name=\"twitter:card\" content=\"summary_large_image\" \/>\n<meta name=\"twitter:label1\" content=\"Escrito por\" \/>\n\t<meta name=\"twitter:data1\" content=\"Marcelo Oliveira de A. Maranhao\" \/>\n\t<meta name=\"twitter:label2\" content=\"Est. tempo de leitura\" \/>\n\t<meta name=\"twitter:data2\" content=\"5 minutos\" \/>\n<script type=\"application\/ld+json\" class=\"yoast-schema-graph\">{\"@context\":\"https:\\\/\\\/schema.org\",\"@graph\":[{\"@type\":\"Article\",\"@id\":\"https:\\\/\\\/diariodepe.com.br\\\/xinhua\\\/2024\\\/03\\\/27\\\/policia-brasileira-prende-tres-autores-intelectuais-do-assassinato-da-vereadora-do-rio-de-janeiro-marielle-franco\\\/#article\",\"isPartOf\":{\"@id\":\"https:\\\/\\\/diariodepe.com.br\\\/xinhua\\\/2024\\\/03\\\/27\\\/policia-brasileira-prende-tres-autores-intelectuais-do-assassinato-da-vereadora-do-rio-de-janeiro-marielle-franco\\\/\"},\"author\":{\"name\":\"Marcelo Oliveira de A. Maranhao\",\"@id\":\"https:\\\/\\\/diariodepe.com.br\\\/xinhua\\\/#\\\/schema\\\/person\\\/0943d6fd02bdc7b49c8f495e8787a2cb\"},\"headline\":\"Pol\u00edcia brasileira prende tr\u00eas autores intelectuais do assassinato da vereadora do Rio de Janeiro, Marielle Franco\",\"datePublished\":\"2024-03-27T11:00:00+00:00\",\"mainEntityOfPage\":{\"@id\":\"https:\\\/\\\/diariodepe.com.br\\\/xinhua\\\/2024\\\/03\\\/27\\\/policia-brasileira-prende-tres-autores-intelectuais-do-assassinato-da-vereadora-do-rio-de-janeiro-marielle-franco\\\/\"},\"wordCount\":917,\"commentCount\":0,\"publisher\":{\"@id\":\"https:\\\/\\\/diariodepe.com.br\\\/xinhua\\\/#organization\"},\"image\":{\"@id\":\"https:\\\/\\\/diariodepe.com.br\\\/xinhua\\\/2024\\\/03\\\/27\\\/policia-brasileira-prende-tres-autores-intelectuais-do-assassinato-da-vereadora-do-rio-de-janeiro-marielle-franco\\\/#primaryimage\"},\"thumbnailUrl\":\"https:\\\/\\\/diariodepe.com.br\\\/xinhua\\\/wp-content\\\/uploads\\\/sites\\\/3\\\/2024\\\/03\\\/8bd0501894fd417fb723335577089dcd.jpg\",\"articleSection\":[\"Geral\"],\"inLanguage\":\"pt-BR\",\"potentialAction\":[{\"@type\":\"CommentAction\",\"name\":\"Comment\",\"target\":[\"https:\\\/\\\/diariodepe.com.br\\\/xinhua\\\/2024\\\/03\\\/27\\\/policia-brasileira-prende-tres-autores-intelectuais-do-assassinato-da-vereadora-do-rio-de-janeiro-marielle-franco\\\/#respond\"]}]},{\"@type\":\"WebPage\",\"@id\":\"https:\\\/\\\/diariodepe.com.br\\\/xinhua\\\/2024\\\/03\\\/27\\\/policia-brasileira-prende-tres-autores-intelectuais-do-assassinato-da-vereadora-do-rio-de-janeiro-marielle-franco\\\/\",\"url\":\"https:\\\/\\\/diariodepe.com.br\\\/xinhua\\\/2024\\\/03\\\/27\\\/policia-brasileira-prende-tres-autores-intelectuais-do-assassinato-da-vereadora-do-rio-de-janeiro-marielle-franco\\\/\",\"name\":\"Pol\u00edcia brasileira prende tr\u00eas autores intelectuais do assassinato da vereadora do Rio de Janeiro, Marielle Franco - Xinhua - Diario de Pernambuco\",\"isPartOf\":{\"@id\":\"https:\\\/\\\/diariodepe.com.br\\\/xinhua\\\/#website\"},\"primaryImageOfPage\":{\"@id\":\"https:\\\/\\\/diariodepe.com.br\\\/xinhua\\\/2024\\\/03\\\/27\\\/policia-brasileira-prende-tres-autores-intelectuais-do-assassinato-da-vereadora-do-rio-de-janeiro-marielle-franco\\\/#primaryimage\"},\"image\":{\"@id\":\"https:\\\/\\\/diariodepe.com.br\\\/xinhua\\\/2024\\\/03\\\/27\\\/policia-brasileira-prende-tres-autores-intelectuais-do-assassinato-da-vereadora-do-rio-de-janeiro-marielle-franco\\\/#primaryimage\"},\"thumbnailUrl\":\"https:\\\/\\\/diariodepe.com.br\\\/xinhua\\\/wp-content\\\/uploads\\\/sites\\\/3\\\/2024\\\/03\\\/8bd0501894fd417fb723335577089dcd.jpg\",\"datePublished\":\"2024-03-27T11:00:00+00:00\",\"breadcrumb\":{\"@id\":\"https:\\\/\\\/diariodepe.com.br\\\/xinhua\\\/2024\\\/03\\\/27\\\/policia-brasileira-prende-tres-autores-intelectuais-do-assassinato-da-vereadora-do-rio-de-janeiro-marielle-franco\\\/#breadcrumb\"},\"inLanguage\":\"pt-BR\",\"potentialAction\":[{\"@type\":\"ReadAction\",\"target\":[\"https:\\\/\\\/diariodepe.com.br\\\/xinhua\\\/2024\\\/03\\\/27\\\/policia-brasileira-prende-tres-autores-intelectuais-do-assassinato-da-vereadora-do-rio-de-janeiro-marielle-franco\\\/\"]}]},{\"@type\":\"ImageObject\",\"inLanguage\":\"pt-BR\",\"@id\":\"https:\\\/\\\/diariodepe.com.br\\\/xinhua\\\/2024\\\/03\\\/27\\\/policia-brasileira-prende-tres-autores-intelectuais-do-assassinato-da-vereadora-do-rio-de-janeiro-marielle-franco\\\/#primaryimage\",\"url\":\"https:\\\/\\\/diariodepe.com.br\\\/xinhua\\\/wp-content\\\/uploads\\\/sites\\\/3\\\/2024\\\/03\\\/8bd0501894fd417fb723335577089dcd.jpg\",\"contentUrl\":\"https:\\\/\\\/diariodepe.com.br\\\/xinhua\\\/wp-content\\\/uploads\\\/sites\\\/3\\\/2024\\\/03\\\/8bd0501894fd417fb723335577089dcd.jpg\",\"width\":1000,\"height\":500},{\"@type\":\"BreadcrumbList\",\"@id\":\"https:\\\/\\\/diariodepe.com.br\\\/xinhua\\\/2024\\\/03\\\/27\\\/policia-brasileira-prende-tres-autores-intelectuais-do-assassinato-da-vereadora-do-rio-de-janeiro-marielle-franco\\\/#breadcrumb\",\"itemListElement\":[{\"@type\":\"ListItem\",\"position\":1,\"name\":\"In\u00edcio\",\"item\":\"https:\\\/\\\/diariodepe.com.br\\\/xinhua\\\/\"},{\"@type\":\"ListItem\",\"position\":2,\"name\":\"Pol\u00edcia brasileira prende tr\u00eas autores intelectuais do assassinato da vereadora do Rio de Janeiro, Marielle Franco\"}]},{\"@type\":\"WebSite\",\"@id\":\"https:\\\/\\\/diariodepe.com.br\\\/xinhua\\\/#website\",\"url\":\"https:\\\/\\\/diariodepe.com.br\\\/xinhua\\\/\",\"name\":\"Xinhua - Diario de Pernambuco\",\"description\":\"A maior ag\u00eancia de not\u00edcias da China e um dos principais canais para conhecer o pa\u00eds\",\"publisher\":{\"@id\":\"https:\\\/\\\/diariodepe.com.br\\\/xinhua\\\/#organization\"},\"potentialAction\":[{\"@type\":\"SearchAction\",\"target\":{\"@type\":\"EntryPoint\",\"urlTemplate\":\"https:\\\/\\\/diariodepe.com.br\\\/xinhua\\\/?s={search_term_string}\"},\"query-input\":{\"@type\":\"PropertyValueSpecification\",\"valueRequired\":true,\"valueName\":\"search_term_string\"}}],\"inLanguage\":\"pt-BR\"},{\"@type\":\"Organization\",\"@id\":\"https:\\\/\\\/diariodepe.com.br\\\/xinhua\\\/#organization\",\"name\":\"Xinhua - Diario de Pernambuco\",\"url\":\"https:\\\/\\\/diariodepe.com.br\\\/xinhua\\\/\",\"logo\":{\"@type\":\"ImageObject\",\"inLanguage\":\"pt-BR\",\"@id\":\"https:\\\/\\\/diariodepe.com.br\\\/xinhua\\\/#\\\/schema\\\/logo\\\/image\\\/\",\"url\":\"https:\\\/\\\/diariodepe.com.br\\\/xinhua\\\/wp-content\\\/uploads\\\/sites\\\/3\\\/2020\\\/10\\\/cropped-logo-transparente-2.png\",\"contentUrl\":\"https:\\\/\\\/diariodepe.com.br\\\/xinhua\\\/wp-content\\\/uploads\\\/sites\\\/3\\\/2020\\\/10\\\/cropped-logo-transparente-2.png\",\"width\":512,\"height\":164,\"caption\":\"Xinhua - Diario de Pernambuco\"},\"image\":{\"@id\":\"https:\\\/\\\/diariodepe.com.br\\\/xinhua\\\/#\\\/schema\\\/logo\\\/image\\\/\"}},{\"@type\":\"Person\",\"@id\":\"https:\\\/\\\/diariodepe.com.br\\\/xinhua\\\/#\\\/schema\\\/person\\\/0943d6fd02bdc7b49c8f495e8787a2cb\",\"name\":\"Marcelo Oliveira de A. Maranhao\",\"image\":{\"@type\":\"ImageObject\",\"inLanguage\":\"pt-BR\",\"@id\":\"https:\\\/\\\/secure.gravatar.com\\\/avatar\\\/f562caee940d39879c20e90eea3e4b21860c7d4c96684c23141c554824f0059c?s=96&d=mm&r=g\",\"url\":\"https:\\\/\\\/secure.gravatar.com\\\/avatar\\\/f562caee940d39879c20e90eea3e4b21860c7d4c96684c23141c554824f0059c?s=96&d=mm&r=g\",\"contentUrl\":\"https:\\\/\\\/secure.gravatar.com\\\/avatar\\\/f562caee940d39879c20e90eea3e4b21860c7d4c96684c23141c554824f0059c?s=96&d=mm&r=g\",\"caption\":\"Marcelo Oliveira de A. Maranhao\"},\"url\":\"https:\\\/\\\/diariodepe.com.br\\\/xinhua\\\/author\\\/marcelo-maranhao\\\/\"}]}<\/script>\n<!-- \/ Yoast SEO plugin. -->","yoast_head_json":{"title":"Pol\u00edcia brasileira prende tr\u00eas autores intelectuais do assassinato da vereadora do Rio de Janeiro, Marielle Franco - Xinhua - Diario de Pernambuco","robots":{"index":"index","follow":"follow","max-snippet":"max-snippet:-1","max-image-preview":"max-image-preview:large","max-video-preview":"max-video-preview:-1"},"canonical":"https:\/\/diariodepe.com.br\/xinhua\/2024\/03\/27\/policia-brasileira-prende-tres-autores-intelectuais-do-assassinato-da-vereadora-do-rio-de-janeiro-marielle-franco\/","og_locale":"pt_BR","og_type":"article","og_title":"Pol\u00edcia brasileira prende tr\u00eas autores intelectuais do assassinato da vereadora do Rio de Janeiro, Marielle Franco - Xinhua - Diario de Pernambuco","og_description":"Rio de Janeiro &#8211; A Pol\u00edcia Federal (PF) brasileira prendeu neste domingo os tr\u00eas supostos autores intelectuais do assassinato da vereadora do Rio de Janeiro Marielle Franco e de seu motorista, Anderson Gomes, na noite de 14 de mar\u00e7o de...","og_url":"https:\/\/diariodepe.com.br\/xinhua\/2024\/03\/27\/policia-brasileira-prende-tres-autores-intelectuais-do-assassinato-da-vereadora-do-rio-de-janeiro-marielle-franco\/","og_site_name":"Xinhua - Diario de Pernambuco","article_published_time":"2024-03-27T11:00:00+00:00","og_image":[{"width":1000,"height":500,"url":"https:\/\/diariodepe.com.br\/xinhua\/wp-content\/uploads\/sites\/3\/2024\/03\/8bd0501894fd417fb723335577089dcd.jpg","type":"image\/jpeg"}],"author":"Marcelo Oliveira de A. Maranhao","twitter_card":"summary_large_image","twitter_misc":{"Escrito por":"Marcelo Oliveira de A. Maranhao","Est. tempo de leitura":"5 minutos"},"schema":{"@context":"https:\/\/schema.org","@graph":[{"@type":"Article","@id":"https:\/\/diariodepe.com.br\/xinhua\/2024\/03\/27\/policia-brasileira-prende-tres-autores-intelectuais-do-assassinato-da-vereadora-do-rio-de-janeiro-marielle-franco\/#article","isPartOf":{"@id":"https:\/\/diariodepe.com.br\/xinhua\/2024\/03\/27\/policia-brasileira-prende-tres-autores-intelectuais-do-assassinato-da-vereadora-do-rio-de-janeiro-marielle-franco\/"},"author":{"name":"Marcelo Oliveira de A. Maranhao","@id":"https:\/\/diariodepe.com.br\/xinhua\/#\/schema\/person\/0943d6fd02bdc7b49c8f495e8787a2cb"},"headline":"Pol\u00edcia brasileira prende tr\u00eas autores intelectuais do assassinato da vereadora do Rio de Janeiro, Marielle Franco","datePublished":"2024-03-27T11:00:00+00:00","mainEntityOfPage":{"@id":"https:\/\/diariodepe.com.br\/xinhua\/2024\/03\/27\/policia-brasileira-prende-tres-autores-intelectuais-do-assassinato-da-vereadora-do-rio-de-janeiro-marielle-franco\/"},"wordCount":917,"commentCount":0,"publisher":{"@id":"https:\/\/diariodepe.com.br\/xinhua\/#organization"},"image":{"@id":"https:\/\/diariodepe.com.br\/xinhua\/2024\/03\/27\/policia-brasileira-prende-tres-autores-intelectuais-do-assassinato-da-vereadora-do-rio-de-janeiro-marielle-franco\/#primaryimage"},"thumbnailUrl":"https:\/\/diariodepe.com.br\/xinhua\/wp-content\/uploads\/sites\/3\/2024\/03\/8bd0501894fd417fb723335577089dcd.jpg","articleSection":["Geral"],"inLanguage":"pt-BR","potentialAction":[{"@type":"CommentAction","name":"Comment","target":["https:\/\/diariodepe.com.br\/xinhua\/2024\/03\/27\/policia-brasileira-prende-tres-autores-intelectuais-do-assassinato-da-vereadora-do-rio-de-janeiro-marielle-franco\/#respond"]}]},{"@type":"WebPage","@id":"https:\/\/diariodepe.com.br\/xinhua\/2024\/03\/27\/policia-brasileira-prende-tres-autores-intelectuais-do-assassinato-da-vereadora-do-rio-de-janeiro-marielle-franco\/","url":"https:\/\/diariodepe.com.br\/xinhua\/2024\/03\/27\/policia-brasileira-prende-tres-autores-intelectuais-do-assassinato-da-vereadora-do-rio-de-janeiro-marielle-franco\/","name":"Pol\u00edcia brasileira prende tr\u00eas autores intelectuais do assassinato da vereadora do Rio de Janeiro, Marielle Franco - Xinhua - Diario de Pernambuco","isPartOf":{"@id":"https:\/\/diariodepe.com.br\/xinhua\/#website"},"primaryImageOfPage":{"@id":"https:\/\/diariodepe.com.br\/xinhua\/2024\/03\/27\/policia-brasileira-prende-tres-autores-intelectuais-do-assassinato-da-vereadora-do-rio-de-janeiro-marielle-franco\/#primaryimage"},"image":{"@id":"https:\/\/diariodepe.com.br\/xinhua\/2024\/03\/27\/policia-brasileira-prende-tres-autores-intelectuais-do-assassinato-da-vereadora-do-rio-de-janeiro-marielle-franco\/#primaryimage"},"thumbnailUrl":"https:\/\/diariodepe.com.br\/xinhua\/wp-content\/uploads\/sites\/3\/2024\/03\/8bd0501894fd417fb723335577089dcd.jpg","datePublished":"2024-03-27T11:00:00+00:00","breadcrumb":{"@id":"https:\/\/diariodepe.com.br\/xinhua\/2024\/03\/27\/policia-brasileira-prende-tres-autores-intelectuais-do-assassinato-da-vereadora-do-rio-de-janeiro-marielle-franco\/#breadcrumb"},"inLanguage":"pt-BR","potentialAction":[{"@type":"ReadAction","target":["https:\/\/diariodepe.com.br\/xinhua\/2024\/03\/27\/policia-brasileira-prende-tres-autores-intelectuais-do-assassinato-da-vereadora-do-rio-de-janeiro-marielle-franco\/"]}]},{"@type":"ImageObject","inLanguage":"pt-BR","@id":"https:\/\/diariodepe.com.br\/xinhua\/2024\/03\/27\/policia-brasileira-prende-tres-autores-intelectuais-do-assassinato-da-vereadora-do-rio-de-janeiro-marielle-franco\/#primaryimage","url":"https:\/\/diariodepe.com.br\/xinhua\/wp-content\/uploads\/sites\/3\/2024\/03\/8bd0501894fd417fb723335577089dcd.jpg","contentUrl":"https:\/\/diariodepe.com.br\/xinhua\/wp-content\/uploads\/sites\/3\/2024\/03\/8bd0501894fd417fb723335577089dcd.jpg","width":1000,"height":500},{"@type":"BreadcrumbList","@id":"https:\/\/diariodepe.com.br\/xinhua\/2024\/03\/27\/policia-brasileira-prende-tres-autores-intelectuais-do-assassinato-da-vereadora-do-rio-de-janeiro-marielle-franco\/#breadcrumb","itemListElement":[{"@type":"ListItem","position":1,"name":"In\u00edcio","item":"https:\/\/diariodepe.com.br\/xinhua\/"},{"@type":"ListItem","position":2,"name":"Pol\u00edcia brasileira prende tr\u00eas autores intelectuais do assassinato da vereadora do Rio de Janeiro, Marielle Franco"}]},{"@type":"WebSite","@id":"https:\/\/diariodepe.com.br\/xinhua\/#website","url":"https:\/\/diariodepe.com.br\/xinhua\/","name":"Xinhua - Diario de Pernambuco","description":"A maior ag\u00eancia de not\u00edcias da China e um dos principais canais para conhecer o pa\u00eds","publisher":{"@id":"https:\/\/diariodepe.com.br\/xinhua\/#organization"},"potentialAction":[{"@type":"SearchAction","target":{"@type":"EntryPoint","urlTemplate":"https:\/\/diariodepe.com.br\/xinhua\/?s={search_term_string}"},"query-input":{"@type":"PropertyValueSpecification","valueRequired":true,"valueName":"search_term_string"}}],"inLanguage":"pt-BR"},{"@type":"Organization","@id":"https:\/\/diariodepe.com.br\/xinhua\/#organization","name":"Xinhua - Diario de Pernambuco","url":"https:\/\/diariodepe.com.br\/xinhua\/","logo":{"@type":"ImageObject","inLanguage":"pt-BR","@id":"https:\/\/diariodepe.com.br\/xinhua\/#\/schema\/logo\/image\/","url":"https:\/\/diariodepe.com.br\/xinhua\/wp-content\/uploads\/sites\/3\/2020\/10\/cropped-logo-transparente-2.png","contentUrl":"https:\/\/diariodepe.com.br\/xinhua\/wp-content\/uploads\/sites\/3\/2020\/10\/cropped-logo-transparente-2.png","width":512,"height":164,"caption":"Xinhua - Diario de Pernambuco"},"image":{"@id":"https:\/\/diariodepe.com.br\/xinhua\/#\/schema\/logo\/image\/"}},{"@type":"Person","@id":"https:\/\/diariodepe.com.br\/xinhua\/#\/schema\/person\/0943d6fd02bdc7b49c8f495e8787a2cb","name":"Marcelo Oliveira de A. Maranhao","image":{"@type":"ImageObject","inLanguage":"pt-BR","@id":"https:\/\/secure.gravatar.com\/avatar\/f562caee940d39879c20e90eea3e4b21860c7d4c96684c23141c554824f0059c?s=96&d=mm&r=g","url":"https:\/\/secure.gravatar.com\/avatar\/f562caee940d39879c20e90eea3e4b21860c7d4c96684c23141c554824f0059c?s=96&d=mm&r=g","contentUrl":"https:\/\/secure.gravatar.com\/avatar\/f562caee940d39879c20e90eea3e4b21860c7d4c96684c23141c554824f0059c?s=96&d=mm&r=g","caption":"Marcelo Oliveira de A. Maranhao"},"url":"https:\/\/diariodepe.com.br\/xinhua\/author\/marcelo-maranhao\/"}]}},"cc_featured_image_caption":{"caption_text":"","source_text":"","source_url":""},"amp_enabled":true,"_links":{"self":[{"href":"https:\/\/diariodepe.com.br\/xinhua\/wp-json\/wp\/v2\/posts\/18942","targetHints":{"allow":["GET"]}}],"collection":[{"href":"https:\/\/diariodepe.com.br\/xinhua\/wp-json\/wp\/v2\/posts"}],"about":[{"href":"https:\/\/diariodepe.com.br\/xinhua\/wp-json\/wp\/v2\/types\/post"}],"author":[{"embeddable":true,"href":"https:\/\/diariodepe.com.br\/xinhua\/wp-json\/wp\/v2\/users\/3"}],"replies":[{"embeddable":true,"href":"https:\/\/diariodepe.com.br\/xinhua\/wp-json\/wp\/v2\/comments?post=18942"}],"version-history":[{"count":1,"href":"https:\/\/diariodepe.com.br\/xinhua\/wp-json\/wp\/v2\/posts\/18942\/revisions"}],"predecessor-version":[{"id":18944,"href":"https:\/\/diariodepe.com.br\/xinhua\/wp-json\/wp\/v2\/posts\/18942\/revisions\/18944"}],"wp:featuredmedia":[{"embeddable":true,"href":"https:\/\/diariodepe.com.br\/xinhua\/wp-json\/wp\/v2\/media\/18943"}],"wp:attachment":[{"href":"https:\/\/diariodepe.com.br\/xinhua\/wp-json\/wp\/v2\/media?parent=18942"}],"wp:term":[{"taxonomy":"category","embeddable":true,"href":"https:\/\/diariodepe.com.br\/xinhua\/wp-json\/wp\/v2\/categories?post=18942"},{"taxonomy":"post_tag","embeddable":true,"href":"https:\/\/diariodepe.com.br\/xinhua\/wp-json\/wp\/v2\/tags?post=18942"}],"curies":[{"name":"wp","href":"https:\/\/api.w.org\/{rel}","templated":true}]}}