{"id":18856,"date":"2024-03-22T13:09:00","date_gmt":"2024-03-22T16:09:00","guid":{"rendered":"https:\/\/www.diariodepe.com.br\/xinhua\/?p=18856"},"modified":"2024-03-22T09:11:00","modified_gmt":"2024-03-22T12:11:00","slug":"aberto-em-brasilia-o-2o-congresso-internacional-de-medicina-tradicional-chinesa","status":"publish","type":"post","link":"https:\/\/diariodepe.com.br\/xinhua\/2024\/03\/22\/aberto-em-brasilia-o-2o-congresso-internacional-de-medicina-tradicional-chinesa\/","title":{"rendered":"Aberto em Bras\u00edlia o 2\u00ba Congresso Internacional de Medicina Tradicional Chinesa"},"content":{"rendered":"\n<p>Bras\u00edlia &#8211; Com a participa\u00e7\u00e3o de destacadas personalidades, foi aberto nesta quinta-feira, no Centro Internacional de Conven\u00e7\u00f5es de Bras\u00edlia, o 2\u00ba Congresso Internacional de Medicina Tradicional Chinesa (MTC), que se realiza de\u00a021 al 23 de mar\u00e7o, tendo como tema principal &#8220;Integrando Preven\u00e7\u00e3o, Promo\u00e7\u00e3o e Sustentabilidade nos Sistemas de Sa\u00fade&#8221;.<\/p>\n\n\n\n<p>&nbsp; &nbsp;No evento, durante o qual tamb\u00e9m acontecem o 5\u00ba Congresso Pan-americano de MTC e a primeira edi\u00e7\u00e3o do Congresso de MTC da Am\u00e9rica Latina, \u00e9 organizado pela Federa\u00e7\u00e3o Mundial de Medicina Tradicional Chinesa (WFCMS), que conta com 286 membros de 74 pa\u00edses e regi\u00f5es e consolida sua posi\u00e7\u00e3o como uma destacada organiza\u00e7\u00e3o&nbsp;acad\u00eamica internacional.<\/p>\n\n\n\n<p>&nbsp; &nbsp;Com a colabora\u00e7\u00e3o da Base de Coopera\u00e7\u00e3o Internacional China-Brasil de Medicina Chinesa e a Cienlabor Industria, e apoio do Cons\u00f3rcio Acad\u00eamico Brasileiro de&nbsp;Sa\u00fade Integrativa (Cabsin), o Congresso busca promover o desenvolvimento da medicina tradicional chinesa nas Am\u00e9ricas.<\/p>\n\n\n\n<p>&nbsp; &nbsp;Os participantes incluem funcion\u00e1rios governamentais, acad\u00eamicos, empres\u00e1rios e profissionais de diversos campos relacionados.<\/p>\n\n\n\n<p>&nbsp; &nbsp;A programa\u00e7\u00e3o do evento abrange&nbsp;uma ampla gama de temas, desde a pesquisa b\u00e1sica e cl\u00ednica at\u00e9 a preserva\u00e7\u00e3o&nbsp;cultural e o papel da medicina tradicional chinesa na luta contra a pandemia da COVID-19.<\/p>\n\n\n\n<p>&nbsp; &nbsp;Fang Fang, diretora da Base de Medicina Tradicional Chinesa de S\u00e3o Paulo e presidente do comit\u00ea organizador da confer\u00eancia, destacou a contribui\u00e7\u00e3o que a medicina tradicional chinesa pode oferecer no Brasil.<\/p>\n\n\n\n<p>&nbsp; &nbsp;&#8220;Celebrar uma confer\u00eancia de MTC deste tipo em Bras\u00edlia \u00e9 de grande import\u00e2ncia tanto para promover a MTC no Brasil como para oferecer outra op\u00e7\u00e3o complementar para a sa\u00fade p\u00fablica. Ainda n\u00e3o existe nenhuma lei que permita o uso e a pr\u00e1tica da MTC no Brasil, mas acredito que a MTC poderia trazer muitos benef\u00edcios para o povo brasileiro&#8221;, afirmou.<\/p>\n\n\n\n<p>&nbsp; &nbsp;Por sua vez, o Doutor Marcos Vinicius Soares Pedrosa, diretor do Departamento de Gest\u00e3o de Aten\u00e7\u00e3o Integral do Minist\u00e9rio da Sa\u00fade do Brasil, ressaltou que a medicina tradicional chinesa tem uma grande aceita\u00e7\u00e3o em seu pa\u00eds,&nbsp;inclusive nas periferias urbanas, &#8220;mais do que se pensa&#8221;.<\/p>\n\n\n\n<p>&nbsp; &nbsp;&#8220;A import\u00e2ncia da medicina tradicional chinesa para nosso Sistema \u00danico de Sa\u00fade (SUS) \u00e9 enorme. J\u00e1 \u00e9 oferecida em mais de 85% de nossos munic\u00edpios, as pessoas est\u00e3o satisfeitas com o servi\u00e7o e est\u00e1 contribuindo muito para abordar os principais problemas de sa\u00fade aqui em nosso pa\u00eds&#8221;, disse.<\/p>\n\n\n\n<p>&nbsp; &nbsp;&#8220;Conta com um grande apoio da popula\u00e7\u00e3o, que, h\u00e1 d\u00e9cadas, vem demandando a incorpora\u00e7\u00e3o deste tipo de aten\u00e7\u00e3o em nosso sistema de sa\u00fade e j\u00e1 temos conseguido uma importante extens\u00e3o destas pr\u00e1ticas tanto nos hospitais como na aten\u00e7\u00e3o prim\u00e1ria&#8221;, acrescentou.<\/p>\n\n\n\n<p>&nbsp; &nbsp;Segundo Soares Pedrosa, a m\u00e9dia de opini\u00e3o das pessoas \u00e9 muito positiva com rela\u00e7\u00e3o a pr\u00e1ticas como a acupuntura e pr\u00e1ticas corporais como o Lian-Kun e o Tai-Chi que j\u00e1 est\u00e3o muito espalhadas.<\/p>\n\n\n\n<p>&nbsp; &nbsp;Apesar de explicar que, embora o uso da medicina tradicional chinesa no Brasil seja habitual, o diretor do Departamento de Gest\u00e3o de Aten\u00e7\u00e3o Integral do Minist\u00e9rio da Sa\u00fade esclareceu que ainda n\u00e3o h\u00e1 uma lei reguladora dessa pr\u00e1tica. Um projeto de lei est\u00e1 sendo discutido no Congresso&nbsp;h\u00e1 mais de duas d\u00e9cadas, com expectativa de que seja aprovado brevemente.<\/p>\n\n\n\n<p>&nbsp; &nbsp;&#8220;Creio que ser\u00e1 um grande salto adiante nesta parceria, nesta coopera\u00e7\u00e3o m\u00fatua entre nossos pa\u00edses, e que se estender\u00e1 tamb\u00e9m, com nosso apoio, ao resto dos pa\u00edses latino-americanos atrav\u00e9s da Organiza\u00e7\u00e3o Pan-americana de Sa\u00fade&#8221;, afirmou.<\/p>\n\n\n\n<p>&nbsp; &nbsp;J\u00e1 o deputado da Assembleia Legislativa do Distrito Federal, Jorge Vianna,&nbsp;enfermeiro profissional, ressaltou o enfoque hol\u00edstico da medicina tradicional chinesa, complementar \u00e0 medicina ocidental.<\/p>\n\n\n\n<p>&nbsp; &nbsp;&#8220;A medicina tradicional chinesa remonta h\u00e1 milhares de anos e sempre esteve profundamente enraizada na compreens\u00e3o hol\u00edstica do corpo humano e na interconex\u00e3o entre mente, corpo e esp\u00edrito. Partindo deste princ\u00edpio, ao longo dos s\u00e9culos, os praticantes da medicina chinesa desenvolveram um vasto conjunto de t\u00e9cnicas terap\u00eauticas, incluindo acupuntura, fitoterapia, massagem terap\u00eautica e exerc\u00edcios terap\u00eauticos&#8221;, comentou.<\/p>\n\n\n\n<p>&nbsp; &nbsp;Vianna destacou que enquanto a medicina ocidental tende a se concentrar no tratamento de sintomas espec\u00edficos com interven\u00e7\u00f5es farmacol\u00f3gicas ou cir\u00fargicas, a MTC oferece uma perspectiva mais ampla e integrativa.<\/p>\n\n\n\n<p>&nbsp; &nbsp;&#8220;Al\u00e9m disso, a medicina tradicional chinesa, muitas vezes se destaca na preven\u00e7\u00e3o de doen\u00e7as, enfatizando a import\u00e2ncia de um estilo de vida saud\u00e1vel, dieta equilibrada e pr\u00e1ticas de autocuidado como exerc\u00edcios terap\u00eauticos e medita\u00e7\u00e3o&#8221;, afirmou.<\/p>\n\n\n\n<p>&nbsp; &nbsp;O deputado exaltou a iniciativa de realizar este congresso em Bras\u00edlia, e ressaltou que, entre os inumer\u00e1veis campos de coopera\u00e7\u00e3o bilateral entre a China e o Brasil, o da sa\u00fade, certamente, \u00e9 um dos que mais pode se beneficiar.<\/p>\n\n\n\n<p>&nbsp; &nbsp;&#8220;N\u00e3o s\u00f3 pela ci\u00eancia de ponta e pela alta tecnologia que a China tem produzido, como tamb\u00e9m pelo aproveitamento dos saberes tradicionais de uma civiliza\u00e7\u00e3o milenar&#8221;, concluiu.<\/p>\n\n\n\n<p>&nbsp; &nbsp;Por sua vez, o Doutor Ram\u00f3n Calduch, presidente da Funda\u00e7\u00e3o Europeia para a Medicina Tradicional Complementar e Integrativa, disse que a escolha das terapias mais adequadas para o cuidado com a sa\u00fade \u00e9 um direito humano e recordou que a Organiza\u00e7\u00e3o Mundial da Sa\u00fade (OMS) tem elaborado uma s\u00e9rie de relat\u00f3rios para garantir a aplica\u00e7\u00e3o de terapias tradicionais.<\/p>\n\n\n\n<p>&nbsp; &nbsp;Entre esses documentos Calduch mencionou a Estrat\u00e9gia 2014-2023, prorrogada por um ano, que fez recomenda\u00e7\u00f5es a todos os pa\u00edses sobre a aplica\u00e7\u00e3o de medicina tradicional e informou que uma nova estrat\u00e9gia, a para 2025-2034, deve ser discutida na 77\u00aa Assembleia da OMS, a realizar-se em maio pr\u00f3ximo.<\/p>\n\n\n\n<p>&nbsp; &nbsp;&#8220;Para n\u00e3o violar os direitos fundamentais das pessoas, seria necess\u00e1rio que os diferentes pa\u00edses se conscientizassem da import\u00e2ncia de regulamentar estas terapias tanto na sua pr\u00e1tica, quanto em seu aprendizado, bem como na pesquisa, conforme recomendado pela OMS&#8221;, afirmou Calduch.<\/p>\n\n\n\n<p>&nbsp; &nbsp;Essas medidas permitir\u00e3o garantir a prote\u00e7\u00e3o de seus cidad\u00e3os em termos de sa\u00fade, com boas pr\u00e1ticas e conselhos de sa\u00fade verdadeiramente informativos, a partir dos quais, as pessoas possam decidir como querem cuidar da sua sa\u00fade.<\/p>\n\n\n\n<p>&nbsp; &nbsp;&#8220;Em conclus\u00e3o, a liberdade de escolha terap\u00eautica e a regulamenta\u00e7\u00e3o da medicina complementar e integrativa pelos Estados s\u00e3o parte dos direitos dos indiv\u00edduos no campo do direito internacional dos direitos&nbsp;humanos e, como tal, devem ser garantidos&#8221;, enfatizou.<\/p>\n","protected":false},"excerpt":{"rendered":"<p>Bras\u00edlia &#8211; Com a participa\u00e7\u00e3o de destacadas personalidades, foi aberto nesta quinta-feira, no Centro Internacional de Conven\u00e7\u00f5es de Bras\u00edlia, o 2\u00ba Congresso Internacional de Medicina Tradicional Chinesa (MTC), que se realiza de\u00a021 al 23 de mar\u00e7o, tendo como tema principal&#8230;<\/p>\n","protected":false},"author":3,"featured_media":18857,"comment_status":"open","ping_status":"open","sticky":false,"template":"","format":"standard","meta":{"footnotes":""},"categories":[6],"tags":[],"class_list":["post-18856","post","type-post","status-publish","format-standard","has-post-thumbnail","hentry","category-cultura-tecnologia"],"yoast_head":"<!-- This site is optimized with the Yoast SEO plugin v27.4 - https:\/\/yoast.com\/product\/yoast-seo-wordpress\/ -->\n<title>Aberto em Bras\u00edlia o 2\u00ba Congresso Internacional de Medicina Tradicional Chinesa - Xinhua - Diario de Pernambuco<\/title>\n<meta name=\"robots\" content=\"index, follow, max-snippet:-1, max-image-preview:large, max-video-preview:-1\" \/>\n<link rel=\"canonical\" href=\"https:\/\/diariodepe.com.br\/xinhua\/2024\/03\/22\/aberto-em-brasilia-o-2o-congresso-internacional-de-medicina-tradicional-chinesa\/\" \/>\n<meta property=\"og:locale\" content=\"pt_BR\" \/>\n<meta property=\"og:type\" content=\"article\" \/>\n<meta property=\"og:title\" content=\"Aberto em Bras\u00edlia o 2\u00ba Congresso Internacional de Medicina Tradicional Chinesa - Xinhua - Diario de Pernambuco\" \/>\n<meta property=\"og:description\" content=\"Bras\u00edlia &#8211; Com a participa\u00e7\u00e3o de destacadas personalidades, foi aberto nesta quinta-feira, no Centro Internacional de Conven\u00e7\u00f5es de Bras\u00edlia, o 2\u00ba Congresso Internacional de Medicina Tradicional Chinesa (MTC), que se realiza de\u00a021 al 23 de mar\u00e7o, tendo como tema principal...\" \/>\n<meta property=\"og:url\" content=\"https:\/\/diariodepe.com.br\/xinhua\/2024\/03\/22\/aberto-em-brasilia-o-2o-congresso-internacional-de-medicina-tradicional-chinesa\/\" \/>\n<meta property=\"og:site_name\" content=\"Xinhua - Diario de Pernambuco\" \/>\n<meta property=\"article:published_time\" content=\"2024-03-22T16:09:00+00:00\" \/>\n<meta property=\"og:image\" content=\"https:\/\/diariodepe.com.br\/xinhua\/wp-content\/uploads\/sites\/3\/2024\/03\/20240322ded7de7131e8467ea4a208eee02a87e4_2b351e283c8f44fb8053816fbdb7d76d.jpg\" \/>\n\t<meta property=\"og:image:width\" content=\"1024\" \/>\n\t<meta property=\"og:image:height\" content=\"682\" \/>\n\t<meta property=\"og:image:type\" content=\"image\/jpeg\" \/>\n<meta name=\"author\" content=\"Marcelo Oliveira de A. Maranhao\" \/>\n<meta name=\"twitter:card\" content=\"summary_large_image\" \/>\n<meta name=\"twitter:label1\" content=\"Escrito por\" \/>\n\t<meta name=\"twitter:data1\" content=\"Marcelo Oliveira de A. Maranhao\" \/>\n\t<meta name=\"twitter:label2\" content=\"Est. tempo de leitura\" \/>\n\t<meta name=\"twitter:data2\" content=\"6 minutos\" \/>\n<script type=\"application\/ld+json\" class=\"yoast-schema-graph\">{\"@context\":\"https:\\\/\\\/schema.org\",\"@graph\":[{\"@type\":\"Article\",\"@id\":\"https:\\\/\\\/diariodepe.com.br\\\/xinhua\\\/2024\\\/03\\\/22\\\/aberto-em-brasilia-o-2o-congresso-internacional-de-medicina-tradicional-chinesa\\\/#article\",\"isPartOf\":{\"@id\":\"https:\\\/\\\/diariodepe.com.br\\\/xinhua\\\/2024\\\/03\\\/22\\\/aberto-em-brasilia-o-2o-congresso-internacional-de-medicina-tradicional-chinesa\\\/\"},\"author\":{\"name\":\"Marcelo Oliveira de A. Maranhao\",\"@id\":\"https:\\\/\\\/diariodepe.com.br\\\/xinhua\\\/#\\\/schema\\\/person\\\/0943d6fd02bdc7b49c8f495e8787a2cb\"},\"headline\":\"Aberto em Bras\u00edlia o 2\u00ba Congresso Internacional de Medicina Tradicional Chinesa\",\"datePublished\":\"2024-03-22T16:09:00+00:00\",\"mainEntityOfPage\":{\"@id\":\"https:\\\/\\\/diariodepe.com.br\\\/xinhua\\\/2024\\\/03\\\/22\\\/aberto-em-brasilia-o-2o-congresso-internacional-de-medicina-tradicional-chinesa\\\/\"},\"wordCount\":1169,\"commentCount\":0,\"publisher\":{\"@id\":\"https:\\\/\\\/diariodepe.com.br\\\/xinhua\\\/#organization\"},\"image\":{\"@id\":\"https:\\\/\\\/diariodepe.com.br\\\/xinhua\\\/2024\\\/03\\\/22\\\/aberto-em-brasilia-o-2o-congresso-internacional-de-medicina-tradicional-chinesa\\\/#primaryimage\"},\"thumbnailUrl\":\"https:\\\/\\\/diariodepe.com.br\\\/xinhua\\\/wp-content\\\/uploads\\\/sites\\\/3\\\/2024\\\/03\\\/20240322ded7de7131e8467ea4a208eee02a87e4_2b351e283c8f44fb8053816fbdb7d76d.jpg\",\"articleSection\":[\"Cultura \\\/ Tecnologia\"],\"inLanguage\":\"pt-BR\",\"potentialAction\":[{\"@type\":\"CommentAction\",\"name\":\"Comment\",\"target\":[\"https:\\\/\\\/diariodepe.com.br\\\/xinhua\\\/2024\\\/03\\\/22\\\/aberto-em-brasilia-o-2o-congresso-internacional-de-medicina-tradicional-chinesa\\\/#respond\"]}]},{\"@type\":\"WebPage\",\"@id\":\"https:\\\/\\\/diariodepe.com.br\\\/xinhua\\\/2024\\\/03\\\/22\\\/aberto-em-brasilia-o-2o-congresso-internacional-de-medicina-tradicional-chinesa\\\/\",\"url\":\"https:\\\/\\\/diariodepe.com.br\\\/xinhua\\\/2024\\\/03\\\/22\\\/aberto-em-brasilia-o-2o-congresso-internacional-de-medicina-tradicional-chinesa\\\/\",\"name\":\"Aberto em Bras\u00edlia o 2\u00ba Congresso Internacional de Medicina Tradicional Chinesa - Xinhua - Diario de Pernambuco\",\"isPartOf\":{\"@id\":\"https:\\\/\\\/diariodepe.com.br\\\/xinhua\\\/#website\"},\"primaryImageOfPage\":{\"@id\":\"https:\\\/\\\/diariodepe.com.br\\\/xinhua\\\/2024\\\/03\\\/22\\\/aberto-em-brasilia-o-2o-congresso-internacional-de-medicina-tradicional-chinesa\\\/#primaryimage\"},\"image\":{\"@id\":\"https:\\\/\\\/diariodepe.com.br\\\/xinhua\\\/2024\\\/03\\\/22\\\/aberto-em-brasilia-o-2o-congresso-internacional-de-medicina-tradicional-chinesa\\\/#primaryimage\"},\"thumbnailUrl\":\"https:\\\/\\\/diariodepe.com.br\\\/xinhua\\\/wp-content\\\/uploads\\\/sites\\\/3\\\/2024\\\/03\\\/20240322ded7de7131e8467ea4a208eee02a87e4_2b351e283c8f44fb8053816fbdb7d76d.jpg\",\"datePublished\":\"2024-03-22T16:09:00+00:00\",\"breadcrumb\":{\"@id\":\"https:\\\/\\\/diariodepe.com.br\\\/xinhua\\\/2024\\\/03\\\/22\\\/aberto-em-brasilia-o-2o-congresso-internacional-de-medicina-tradicional-chinesa\\\/#breadcrumb\"},\"inLanguage\":\"pt-BR\",\"potentialAction\":[{\"@type\":\"ReadAction\",\"target\":[\"https:\\\/\\\/diariodepe.com.br\\\/xinhua\\\/2024\\\/03\\\/22\\\/aberto-em-brasilia-o-2o-congresso-internacional-de-medicina-tradicional-chinesa\\\/\"]}]},{\"@type\":\"ImageObject\",\"inLanguage\":\"pt-BR\",\"@id\":\"https:\\\/\\\/diariodepe.com.br\\\/xinhua\\\/2024\\\/03\\\/22\\\/aberto-em-brasilia-o-2o-congresso-internacional-de-medicina-tradicional-chinesa\\\/#primaryimage\",\"url\":\"https:\\\/\\\/diariodepe.com.br\\\/xinhua\\\/wp-content\\\/uploads\\\/sites\\\/3\\\/2024\\\/03\\\/20240322ded7de7131e8467ea4a208eee02a87e4_2b351e283c8f44fb8053816fbdb7d76d.jpg\",\"contentUrl\":\"https:\\\/\\\/diariodepe.com.br\\\/xinhua\\\/wp-content\\\/uploads\\\/sites\\\/3\\\/2024\\\/03\\\/20240322ded7de7131e8467ea4a208eee02a87e4_2b351e283c8f44fb8053816fbdb7d76d.jpg\",\"width\":1024,\"height\":682},{\"@type\":\"BreadcrumbList\",\"@id\":\"https:\\\/\\\/diariodepe.com.br\\\/xinhua\\\/2024\\\/03\\\/22\\\/aberto-em-brasilia-o-2o-congresso-internacional-de-medicina-tradicional-chinesa\\\/#breadcrumb\",\"itemListElement\":[{\"@type\":\"ListItem\",\"position\":1,\"name\":\"In\u00edcio\",\"item\":\"https:\\\/\\\/diariodepe.com.br\\\/xinhua\\\/\"},{\"@type\":\"ListItem\",\"position\":2,\"name\":\"Aberto em Bras\u00edlia o 2\u00ba Congresso Internacional de Medicina Tradicional Chinesa\"}]},{\"@type\":\"WebSite\",\"@id\":\"https:\\\/\\\/diariodepe.com.br\\\/xinhua\\\/#website\",\"url\":\"https:\\\/\\\/diariodepe.com.br\\\/xinhua\\\/\",\"name\":\"Xinhua - Diario de Pernambuco\",\"description\":\"A maior ag\u00eancia de not\u00edcias da China e um dos principais canais para conhecer o pa\u00eds\",\"publisher\":{\"@id\":\"https:\\\/\\\/diariodepe.com.br\\\/xinhua\\\/#organization\"},\"potentialAction\":[{\"@type\":\"SearchAction\",\"target\":{\"@type\":\"EntryPoint\",\"urlTemplate\":\"https:\\\/\\\/diariodepe.com.br\\\/xinhua\\\/?s={search_term_string}\"},\"query-input\":{\"@type\":\"PropertyValueSpecification\",\"valueRequired\":true,\"valueName\":\"search_term_string\"}}],\"inLanguage\":\"pt-BR\"},{\"@type\":\"Organization\",\"@id\":\"https:\\\/\\\/diariodepe.com.br\\\/xinhua\\\/#organization\",\"name\":\"Xinhua - Diario de Pernambuco\",\"url\":\"https:\\\/\\\/diariodepe.com.br\\\/xinhua\\\/\",\"logo\":{\"@type\":\"ImageObject\",\"inLanguage\":\"pt-BR\",\"@id\":\"https:\\\/\\\/diariodepe.com.br\\\/xinhua\\\/#\\\/schema\\\/logo\\\/image\\\/\",\"url\":\"https:\\\/\\\/diariodepe.com.br\\\/xinhua\\\/wp-content\\\/uploads\\\/sites\\\/3\\\/2020\\\/10\\\/cropped-logo-transparente-2.png\",\"contentUrl\":\"https:\\\/\\\/diariodepe.com.br\\\/xinhua\\\/wp-content\\\/uploads\\\/sites\\\/3\\\/2020\\\/10\\\/cropped-logo-transparente-2.png\",\"width\":512,\"height\":164,\"caption\":\"Xinhua - Diario de Pernambuco\"},\"image\":{\"@id\":\"https:\\\/\\\/diariodepe.com.br\\\/xinhua\\\/#\\\/schema\\\/logo\\\/image\\\/\"}},{\"@type\":\"Person\",\"@id\":\"https:\\\/\\\/diariodepe.com.br\\\/xinhua\\\/#\\\/schema\\\/person\\\/0943d6fd02bdc7b49c8f495e8787a2cb\",\"name\":\"Marcelo Oliveira de A. Maranhao\",\"image\":{\"@type\":\"ImageObject\",\"inLanguage\":\"pt-BR\",\"@id\":\"https:\\\/\\\/secure.gravatar.com\\\/avatar\\\/f562caee940d39879c20e90eea3e4b21860c7d4c96684c23141c554824f0059c?s=96&d=mm&r=g\",\"url\":\"https:\\\/\\\/secure.gravatar.com\\\/avatar\\\/f562caee940d39879c20e90eea3e4b21860c7d4c96684c23141c554824f0059c?s=96&d=mm&r=g\",\"contentUrl\":\"https:\\\/\\\/secure.gravatar.com\\\/avatar\\\/f562caee940d39879c20e90eea3e4b21860c7d4c96684c23141c554824f0059c?s=96&d=mm&r=g\",\"caption\":\"Marcelo Oliveira de A. Maranhao\"},\"url\":\"https:\\\/\\\/diariodepe.com.br\\\/xinhua\\\/author\\\/marcelo-maranhao\\\/\"}]}<\/script>\n<!-- \/ Yoast SEO plugin. -->","yoast_head_json":{"title":"Aberto em Bras\u00edlia o 2\u00ba Congresso Internacional de Medicina Tradicional Chinesa - Xinhua - Diario de Pernambuco","robots":{"index":"index","follow":"follow","max-snippet":"max-snippet:-1","max-image-preview":"max-image-preview:large","max-video-preview":"max-video-preview:-1"},"canonical":"https:\/\/diariodepe.com.br\/xinhua\/2024\/03\/22\/aberto-em-brasilia-o-2o-congresso-internacional-de-medicina-tradicional-chinesa\/","og_locale":"pt_BR","og_type":"article","og_title":"Aberto em Bras\u00edlia o 2\u00ba Congresso Internacional de Medicina Tradicional Chinesa - Xinhua - Diario de Pernambuco","og_description":"Bras\u00edlia &#8211; Com a participa\u00e7\u00e3o de destacadas personalidades, foi aberto nesta quinta-feira, no Centro Internacional de Conven\u00e7\u00f5es de Bras\u00edlia, o 2\u00ba Congresso Internacional de Medicina Tradicional Chinesa (MTC), que se realiza de\u00a021 al 23 de mar\u00e7o, tendo como tema principal...","og_url":"https:\/\/diariodepe.com.br\/xinhua\/2024\/03\/22\/aberto-em-brasilia-o-2o-congresso-internacional-de-medicina-tradicional-chinesa\/","og_site_name":"Xinhua - Diario de Pernambuco","article_published_time":"2024-03-22T16:09:00+00:00","og_image":[{"width":1024,"height":682,"url":"https:\/\/diariodepe.com.br\/xinhua\/wp-content\/uploads\/sites\/3\/2024\/03\/20240322ded7de7131e8467ea4a208eee02a87e4_2b351e283c8f44fb8053816fbdb7d76d.jpg","type":"image\/jpeg"}],"author":"Marcelo Oliveira de A. Maranhao","twitter_card":"summary_large_image","twitter_misc":{"Escrito por":"Marcelo Oliveira de A. Maranhao","Est. tempo de leitura":"6 minutos"},"schema":{"@context":"https:\/\/schema.org","@graph":[{"@type":"Article","@id":"https:\/\/diariodepe.com.br\/xinhua\/2024\/03\/22\/aberto-em-brasilia-o-2o-congresso-internacional-de-medicina-tradicional-chinesa\/#article","isPartOf":{"@id":"https:\/\/diariodepe.com.br\/xinhua\/2024\/03\/22\/aberto-em-brasilia-o-2o-congresso-internacional-de-medicina-tradicional-chinesa\/"},"author":{"name":"Marcelo Oliveira de A. Maranhao","@id":"https:\/\/diariodepe.com.br\/xinhua\/#\/schema\/person\/0943d6fd02bdc7b49c8f495e8787a2cb"},"headline":"Aberto em Bras\u00edlia o 2\u00ba Congresso Internacional de Medicina Tradicional Chinesa","datePublished":"2024-03-22T16:09:00+00:00","mainEntityOfPage":{"@id":"https:\/\/diariodepe.com.br\/xinhua\/2024\/03\/22\/aberto-em-brasilia-o-2o-congresso-internacional-de-medicina-tradicional-chinesa\/"},"wordCount":1169,"commentCount":0,"publisher":{"@id":"https:\/\/diariodepe.com.br\/xinhua\/#organization"},"image":{"@id":"https:\/\/diariodepe.com.br\/xinhua\/2024\/03\/22\/aberto-em-brasilia-o-2o-congresso-internacional-de-medicina-tradicional-chinesa\/#primaryimage"},"thumbnailUrl":"https:\/\/diariodepe.com.br\/xinhua\/wp-content\/uploads\/sites\/3\/2024\/03\/20240322ded7de7131e8467ea4a208eee02a87e4_2b351e283c8f44fb8053816fbdb7d76d.jpg","articleSection":["Cultura \/ Tecnologia"],"inLanguage":"pt-BR","potentialAction":[{"@type":"CommentAction","name":"Comment","target":["https:\/\/diariodepe.com.br\/xinhua\/2024\/03\/22\/aberto-em-brasilia-o-2o-congresso-internacional-de-medicina-tradicional-chinesa\/#respond"]}]},{"@type":"WebPage","@id":"https:\/\/diariodepe.com.br\/xinhua\/2024\/03\/22\/aberto-em-brasilia-o-2o-congresso-internacional-de-medicina-tradicional-chinesa\/","url":"https:\/\/diariodepe.com.br\/xinhua\/2024\/03\/22\/aberto-em-brasilia-o-2o-congresso-internacional-de-medicina-tradicional-chinesa\/","name":"Aberto em Bras\u00edlia o 2\u00ba Congresso Internacional de Medicina Tradicional Chinesa - Xinhua - Diario de Pernambuco","isPartOf":{"@id":"https:\/\/diariodepe.com.br\/xinhua\/#website"},"primaryImageOfPage":{"@id":"https:\/\/diariodepe.com.br\/xinhua\/2024\/03\/22\/aberto-em-brasilia-o-2o-congresso-internacional-de-medicina-tradicional-chinesa\/#primaryimage"},"image":{"@id":"https:\/\/diariodepe.com.br\/xinhua\/2024\/03\/22\/aberto-em-brasilia-o-2o-congresso-internacional-de-medicina-tradicional-chinesa\/#primaryimage"},"thumbnailUrl":"https:\/\/diariodepe.com.br\/xinhua\/wp-content\/uploads\/sites\/3\/2024\/03\/20240322ded7de7131e8467ea4a208eee02a87e4_2b351e283c8f44fb8053816fbdb7d76d.jpg","datePublished":"2024-03-22T16:09:00+00:00","breadcrumb":{"@id":"https:\/\/diariodepe.com.br\/xinhua\/2024\/03\/22\/aberto-em-brasilia-o-2o-congresso-internacional-de-medicina-tradicional-chinesa\/#breadcrumb"},"inLanguage":"pt-BR","potentialAction":[{"@type":"ReadAction","target":["https:\/\/diariodepe.com.br\/xinhua\/2024\/03\/22\/aberto-em-brasilia-o-2o-congresso-internacional-de-medicina-tradicional-chinesa\/"]}]},{"@type":"ImageObject","inLanguage":"pt-BR","@id":"https:\/\/diariodepe.com.br\/xinhua\/2024\/03\/22\/aberto-em-brasilia-o-2o-congresso-internacional-de-medicina-tradicional-chinesa\/#primaryimage","url":"https:\/\/diariodepe.com.br\/xinhua\/wp-content\/uploads\/sites\/3\/2024\/03\/20240322ded7de7131e8467ea4a208eee02a87e4_2b351e283c8f44fb8053816fbdb7d76d.jpg","contentUrl":"https:\/\/diariodepe.com.br\/xinhua\/wp-content\/uploads\/sites\/3\/2024\/03\/20240322ded7de7131e8467ea4a208eee02a87e4_2b351e283c8f44fb8053816fbdb7d76d.jpg","width":1024,"height":682},{"@type":"BreadcrumbList","@id":"https:\/\/diariodepe.com.br\/xinhua\/2024\/03\/22\/aberto-em-brasilia-o-2o-congresso-internacional-de-medicina-tradicional-chinesa\/#breadcrumb","itemListElement":[{"@type":"ListItem","position":1,"name":"In\u00edcio","item":"https:\/\/diariodepe.com.br\/xinhua\/"},{"@type":"ListItem","position":2,"name":"Aberto em Bras\u00edlia o 2\u00ba Congresso Internacional de Medicina Tradicional Chinesa"}]},{"@type":"WebSite","@id":"https:\/\/diariodepe.com.br\/xinhua\/#website","url":"https:\/\/diariodepe.com.br\/xinhua\/","name":"Xinhua - Diario de Pernambuco","description":"A maior ag\u00eancia de not\u00edcias da China e um dos principais canais para conhecer o pa\u00eds","publisher":{"@id":"https:\/\/diariodepe.com.br\/xinhua\/#organization"},"potentialAction":[{"@type":"SearchAction","target":{"@type":"EntryPoint","urlTemplate":"https:\/\/diariodepe.com.br\/xinhua\/?s={search_term_string}"},"query-input":{"@type":"PropertyValueSpecification","valueRequired":true,"valueName":"search_term_string"}}],"inLanguage":"pt-BR"},{"@type":"Organization","@id":"https:\/\/diariodepe.com.br\/xinhua\/#organization","name":"Xinhua - Diario de Pernambuco","url":"https:\/\/diariodepe.com.br\/xinhua\/","logo":{"@type":"ImageObject","inLanguage":"pt-BR","@id":"https:\/\/diariodepe.com.br\/xinhua\/#\/schema\/logo\/image\/","url":"https:\/\/diariodepe.com.br\/xinhua\/wp-content\/uploads\/sites\/3\/2020\/10\/cropped-logo-transparente-2.png","contentUrl":"https:\/\/diariodepe.com.br\/xinhua\/wp-content\/uploads\/sites\/3\/2020\/10\/cropped-logo-transparente-2.png","width":512,"height":164,"caption":"Xinhua - Diario de Pernambuco"},"image":{"@id":"https:\/\/diariodepe.com.br\/xinhua\/#\/schema\/logo\/image\/"}},{"@type":"Person","@id":"https:\/\/diariodepe.com.br\/xinhua\/#\/schema\/person\/0943d6fd02bdc7b49c8f495e8787a2cb","name":"Marcelo Oliveira de A. Maranhao","image":{"@type":"ImageObject","inLanguage":"pt-BR","@id":"https:\/\/secure.gravatar.com\/avatar\/f562caee940d39879c20e90eea3e4b21860c7d4c96684c23141c554824f0059c?s=96&d=mm&r=g","url":"https:\/\/secure.gravatar.com\/avatar\/f562caee940d39879c20e90eea3e4b21860c7d4c96684c23141c554824f0059c?s=96&d=mm&r=g","contentUrl":"https:\/\/secure.gravatar.com\/avatar\/f562caee940d39879c20e90eea3e4b21860c7d4c96684c23141c554824f0059c?s=96&d=mm&r=g","caption":"Marcelo Oliveira de A. Maranhao"},"url":"https:\/\/diariodepe.com.br\/xinhua\/author\/marcelo-maranhao\/"}]}},"cc_featured_image_caption":{"caption_text":"","source_text":"","source_url":""},"amp_enabled":true,"_links":{"self":[{"href":"https:\/\/diariodepe.com.br\/xinhua\/wp-json\/wp\/v2\/posts\/18856","targetHints":{"allow":["GET"]}}],"collection":[{"href":"https:\/\/diariodepe.com.br\/xinhua\/wp-json\/wp\/v2\/posts"}],"about":[{"href":"https:\/\/diariodepe.com.br\/xinhua\/wp-json\/wp\/v2\/types\/post"}],"author":[{"embeddable":true,"href":"https:\/\/diariodepe.com.br\/xinhua\/wp-json\/wp\/v2\/users\/3"}],"replies":[{"embeddable":true,"href":"https:\/\/diariodepe.com.br\/xinhua\/wp-json\/wp\/v2\/comments?post=18856"}],"version-history":[{"count":1,"href":"https:\/\/diariodepe.com.br\/xinhua\/wp-json\/wp\/v2\/posts\/18856\/revisions"}],"predecessor-version":[{"id":18858,"href":"https:\/\/diariodepe.com.br\/xinhua\/wp-json\/wp\/v2\/posts\/18856\/revisions\/18858"}],"wp:featuredmedia":[{"embeddable":true,"href":"https:\/\/diariodepe.com.br\/xinhua\/wp-json\/wp\/v2\/media\/18857"}],"wp:attachment":[{"href":"https:\/\/diariodepe.com.br\/xinhua\/wp-json\/wp\/v2\/media?parent=18856"}],"wp:term":[{"taxonomy":"category","embeddable":true,"href":"https:\/\/diariodepe.com.br\/xinhua\/wp-json\/wp\/v2\/categories?post=18856"},{"taxonomy":"post_tag","embeddable":true,"href":"https:\/\/diariodepe.com.br\/xinhua\/wp-json\/wp\/v2\/tags?post=18856"}],"curies":[{"name":"wp","href":"https:\/\/api.w.org\/{rel}","templated":true}]}}