{"id":18814,"date":"2024-03-21T11:36:00","date_gmt":"2024-03-21T14:36:00","guid":{"rendered":"https:\/\/www.diariodepe.com.br\/xinhua\/?p=18814"},"modified":"2024-03-21T10:43:29","modified_gmt":"2024-03-21T13:43:29","slug":"medidas-de-austeridade-e-disputas-politicas-marcam-os-primeiros-100-dias-do-presidente-argentino-no-cargo","status":"publish","type":"post","link":"https:\/\/diariodepe.com.br\/xinhua\/2024\/03\/21\/medidas-de-austeridade-e-disputas-politicas-marcam-os-primeiros-100-dias-do-presidente-argentino-no-cargo\/","title":{"rendered":"Medidas de austeridade e disputas pol\u00edticas marcam os primeiros 100 dias do presidente argentino no cargo"},"content":{"rendered":"\n<p>Buenos Aires &#8211; O presidente argentino Javier Milei, que assumiu o cargo em 10 de dezembro de 2023, marcou seus primeiros 100 dias no cargo com medidas de austeridade e disputas pol\u00edticas com governadores provinciais.<\/p>\n\n\n\n<p><strong>MEDIDAS DE &#8220;CHOQUE&#8221;<\/strong><\/p>\n\n\n\n<p>A terceira maior economia da Am\u00e9rica Latina, depois do Brasil e do M\u00e9xico, enfrenta desafios econ\u00f4micos significativos, entre eles a alta infla\u00e7\u00e3o.<\/p>\n\n\n\n<p>O soci\u00f3logo argentino Marcelo Rodr\u00edguez, diretor do Centro de Estudos e Forma\u00e7\u00e3o Marxista Hector P. Agosti, disse que o pa\u00eds est\u00e1 testemunhando &#8220;um dos maiores programas de austeridade j\u00e1 implementados na hist\u00f3ria da Argentina, com cortes de gastos em \u00e1reas muito sens\u00edveis e demiss\u00f5es que est\u00e3o aumentando a cada dia&#8221;.<\/p>\n\n\n\n<p>De acordo com Milei, as medidas s\u00e3o necess\u00e1rias para colocar a Argentina no caminho da recupera\u00e7\u00e3o econ\u00f4mica, do crescimento e do desenvolvimento ap\u00f3s o governo de seu antecessor, Alberto Fern\u00e1ndez.<\/p>\n\n\n\n<p>No entanto, Rodr\u00edguez observou que a taxa de desemprego deve chegar a 8% em breve, ante 6,8% no final do mandato de Fern\u00e1ndez.<\/p>\n\n\n\n<p>As obras p\u00fablicas, um importante motor da economia argentina, foram interrompidas pela atual administra\u00e7\u00e3o e mais de 50.000 empregos foram perdidos, disse o analista.<\/p>\n\n\n\n<figure class=\"wp-block-image\"><img decoding=\"async\" src=\"https:\/\/portuguese.news.cn\/20240321\/815314e33a214f56878839b2c0265520\/20240321815314e33a214f56878839b2c0265520_20240321865e5b9ecd734f77a07991a4fd9fd467.jpeg\" alt=\"\"\/><figcaption>O novo presidente da Argentina, Javier Milei (c), acena para a multid\u00e3o em Buenos Aires, Argentina, em 10 de dezembro de 2023. (Foto por German Adrasti\/Xinhua)<\/figcaption><\/figure>\n\n\n\n<p>&#8220;Se acrescentarmos isso a um congelamento da atividade industrial, demiss\u00f5es no setor p\u00fablico e um decl\u00ednio muito grande na vida econ\u00f4mica do pa\u00eds, ent\u00e3o estamos realmente enfrentando uma situa\u00e7\u00e3o muito dif\u00edcil&#8221;, disse Rodr\u00edguez.<\/p>\n\n\n\n<p>&#8220;Ele apresentou uma iniciativa conhecida como &#8216;Lei \u00d4nibus&#8217; com mais de 1.000 reformas de diferentes tipos e um Decreto de Necessidade e Urg\u00eancia (DNU) que tamb\u00e9m prop\u00f5e muitas reformas que s\u00e3o regressivas para a vida econ\u00f4mica e pol\u00edtica do pa\u00eds&#8221;, disse ele.<\/p>\n\n\n\n<p>Ambos os documentos geraram protestos de sindicatos e organiza\u00e7\u00f5es sociais, juntamente com greves em alguns setores, e foram derrubados pelo Congresso Nacional da Argentina em vota\u00e7\u00f5es separadas.<\/p>\n\n\n\n<p>&#8220;Estamos vendo a aplica\u00e7\u00e3o de medidas de &#8216;choque&#8217; e um vasto programa de austeridade como parte de um ultra-neoliberalismo severo em quest\u00f5es econ\u00f4micas&#8221;, disse o analista.<\/p>\n\n\n\n<p>&#8220;Seu principal problema \u00e9 a infla\u00e7\u00e3o e, nesse aspecto, ele ainda n\u00e3o mostrou resultados. A quest\u00e3o \u00e9 quanto tempo as pessoas v\u00e3o esperar pelos resultados, dada a situa\u00e7\u00e3o social cr\u00edtica&#8221;, disse o analista pol\u00edtico Rosendo Fraga, membro da Academia Nacional de Ci\u00eancias Morais e Pol\u00edticas da Argentina.<\/p>\n\n\n\n<p>&#8220;N\u00e3o s\u00f3 o poder de compra dos sal\u00e1rios formais e informais diminuiu, como tamb\u00e9m as pens\u00f5es est\u00e3o em seu n\u00edvel mais baixo da hist\u00f3ria&#8221;, disse ele.<\/p>\n\n\n\n<p><strong>DISPUTAS POL\u00cdTICAS ACIRRADAS<\/strong><\/p>\n\n\n\n<p>Milei, 53 anos, assumiu o cargo ap\u00f3s vencer o segundo turno em 19 de novembro com 55,65% dos votos.<\/p>\n\n\n\n<p>&#8220;Hoje come\u00e7a uma nova era na Argentina. Encerramos uma longa e triste hist\u00f3ria de decad\u00eancia e decl\u00ednio e iniciamos o caminho para a reconstru\u00e7\u00e3o de nosso pa\u00eds&#8221;, disse Milei em seu discurso de posse, pedindo o fim de &#8220;d\u00e9cadas de fracasso, brigas internas e lutas sem sentido&#8221;.<\/p>\n\n\n\n<p>Os oponentes pol\u00edticos de Milei manifestaram preocupa\u00e7\u00e3o com as medidas rigorosas de aperto de cinto e com a maneira en\u00e9rgica com que est\u00e3o sendo impostas.<\/p>\n\n\n\n<p>O porta-voz da presid\u00eancia, Manuel Adorni, disse em 15 de mar\u00e7o, ap\u00f3s o \u00faltimo rev\u00e9s da DNU no Senado argentino, que o governo prefere &#8220;o consenso, mas tamb\u00e9m estamos dispostos a confrontar&#8221; para revelar &#8220;quem est\u00e1 com o povo e quem est\u00e1 cuidando de seus pr\u00f3prios interesses&#8221;.<\/p>\n\n\n\n<p>Recentemente, o discurso pol\u00edtico argentino incluiu termos como &#8220;casta pol\u00edtica&#8221; e slogans como &#8220;eles n\u00e3o enxergam&#8221;, usados pelo partido governista para criticar aqueles que n\u00e3o apoiam suas propostas.<\/p>\n\n\n\n<p>De acordo com Adorni, &#8220;d\u00e9ficit zero, infla\u00e7\u00e3o mais baixa e a consolida\u00e7\u00e3o do banco central s\u00e3o metas inegoci\u00e1veis&#8221; das reformas.<\/p>\n\n\n\n<figure class=\"wp-block-image\"><img decoding=\"async\" src=\"https:\/\/portuguese.news.cn\/20240321\/815314e33a214f56878839b2c0265520\/20240321815314e33a214f56878839b2c0265520_20240321240c5672e6154ff7a09efbc7aa6f6174.jpeg\" alt=\"\"\/><figcaption>O novo presidente da Argentina, Javier Milei, faz um discurso para a multid\u00e3o em uma sacada do Pal\u00e1cio Presidencial Casa Rosada em Buenos Aires, Argentina, em 10 de dezembro de 2023. (Foto por Alberto Raggio\/Xinhua)<\/figcaption><\/figure>\n\n\n\n<p>&#8220;N\u00f3s vamos conseguir isso com ou sem a colabora\u00e7\u00e3o daqueles que est\u00e3o tentando mais uma vez obstruir o caminho da mudan\u00e7a. Pedimos a todos os argentinos que tenham paci\u00eancia e confian\u00e7a&#8221;, disse ele.<\/p>\n\n\n\n<p>Em rela\u00e7\u00e3o \u00e0 pol\u00edtica externa, Rodr\u00edguez se referiu a um &#8220;alinhamento claro e forte&#8221; com as pol\u00edticas dos Estados Unidos e de Israel.<\/p>\n\n\n\n<p>Uma das primeiras medidas que Milei tomou foi cancelar a entrada da Argentina no bloco BRICS, que ocorreu em 1\u00ba de janeiro de 2024, disse Rodr\u00edguez.<\/p>\n\n\n\n<p>&#8220;Tudo parece indicar que Milei continuar\u00e1 propondo medidas de austeridade e cedendo a soberania e os recursos da Argentina, o que gerar\u00e1 muitos conflitos&#8221;, acrescentou Rodr\u00edguez.<\/p>\n\n\n\n<p>De acordo com Fraga, os primeiros 100 dias de Milei evidenciaram seu estilo de lideran\u00e7a conflituoso, que ficou evidente durante sua campanha eleitoral.<\/p>\n\n\n\n<p>Olhando para o futuro pr\u00f3ximo, Fraga e Rodr\u00edguez compartilham a opini\u00e3o de que o resto do ano &#8220;continuar\u00e1 tenso e conflituoso&#8221;.<\/p>\n\n\n\n<p>&#8220;A luta com os governadores das prov\u00edncias por recursos continuar\u00e1 permanentemente. O relacionamento com as duas c\u00e2maras do Congresso continuar\u00e1 a ser dif\u00edcil&#8221;, acrescentou.<\/p>\n","protected":false},"excerpt":{"rendered":"<p>Buenos Aires &#8211; O presidente argentino Javier Milei, que assumiu o cargo em 10 de dezembro de 2023, marcou seus primeiros 100 dias no cargo com medidas de austeridade e disputas pol\u00edticas com governadores provinciais. MEDIDAS DE &#8220;CHOQUE&#8221; A terceira&#8230;<\/p>\n","protected":false},"author":3,"featured_media":18815,"comment_status":"open","ping_status":"open","sticky":false,"template":"","format":"standard","meta":{"footnotes":""},"categories":[4],"tags":[],"class_list":["post-18814","post","type-post","status-publish","format-standard","has-post-thumbnail","hentry","category-internacional"],"yoast_head":"<!-- This site is optimized with the Yoast SEO plugin v27.4 - https:\/\/yoast.com\/product\/yoast-seo-wordpress\/ -->\n<title>Medidas de austeridade e disputas pol\u00edticas marcam os primeiros 100 dias do presidente argentino no cargo - Xinhua - Diario de Pernambuco<\/title>\n<meta name=\"robots\" content=\"index, follow, max-snippet:-1, max-image-preview:large, max-video-preview:-1\" \/>\n<link rel=\"canonical\" href=\"https:\/\/diariodepe.com.br\/xinhua\/2024\/03\/21\/medidas-de-austeridade-e-disputas-politicas-marcam-os-primeiros-100-dias-do-presidente-argentino-no-cargo\/\" \/>\n<meta property=\"og:locale\" content=\"pt_BR\" \/>\n<meta property=\"og:type\" content=\"article\" \/>\n<meta property=\"og:title\" content=\"Medidas de austeridade e disputas pol\u00edticas marcam os primeiros 100 dias do presidente argentino no cargo - Xinhua - Diario de Pernambuco\" \/>\n<meta property=\"og:description\" content=\"Buenos Aires &#8211; O presidente argentino Javier Milei, que assumiu o cargo em 10 de dezembro de 2023, marcou seus primeiros 100 dias no cargo com medidas de austeridade e disputas pol\u00edticas com governadores provinciais. MEDIDAS DE &#8220;CHOQUE&#8221; A terceira...\" \/>\n<meta property=\"og:url\" content=\"https:\/\/diariodepe.com.br\/xinhua\/2024\/03\/21\/medidas-de-austeridade-e-disputas-politicas-marcam-os-primeiros-100-dias-do-presidente-argentino-no-cargo\/\" \/>\n<meta property=\"og:site_name\" content=\"Xinhua - Diario de Pernambuco\" \/>\n<meta property=\"article:published_time\" content=\"2024-03-21T14:36:00+00:00\" \/>\n<meta property=\"og:image\" content=\"https:\/\/diariodepe.com.br\/xinhua\/wp-content\/uploads\/sites\/3\/2024\/03\/20240321815314e33a214f56878839b2c0265520_2024032160dc72b77bf9433ea89454c8448ab58f.jpeg\" \/>\n\t<meta property=\"og:image:width\" content=\"900\" \/>\n\t<meta property=\"og:image:height\" content=\"599\" \/>\n\t<meta property=\"og:image:type\" content=\"image\/jpeg\" \/>\n<meta name=\"author\" content=\"Marcelo Oliveira de A. Maranhao\" \/>\n<meta name=\"twitter:card\" content=\"summary_large_image\" \/>\n<meta name=\"twitter:label1\" content=\"Escrito por\" \/>\n\t<meta name=\"twitter:data1\" content=\"Marcelo Oliveira de A. Maranhao\" \/>\n\t<meta name=\"twitter:label2\" content=\"Est. tempo de leitura\" \/>\n\t<meta name=\"twitter:data2\" content=\"5 minutos\" \/>\n<script type=\"application\/ld+json\" class=\"yoast-schema-graph\">{\"@context\":\"https:\\\/\\\/schema.org\",\"@graph\":[{\"@type\":\"Article\",\"@id\":\"https:\\\/\\\/diariodepe.com.br\\\/xinhua\\\/2024\\\/03\\\/21\\\/medidas-de-austeridade-e-disputas-politicas-marcam-os-primeiros-100-dias-do-presidente-argentino-no-cargo\\\/#article\",\"isPartOf\":{\"@id\":\"https:\\\/\\\/diariodepe.com.br\\\/xinhua\\\/2024\\\/03\\\/21\\\/medidas-de-austeridade-e-disputas-politicas-marcam-os-primeiros-100-dias-do-presidente-argentino-no-cargo\\\/\"},\"author\":{\"name\":\"Marcelo Oliveira de A. Maranhao\",\"@id\":\"https:\\\/\\\/diariodepe.com.br\\\/xinhua\\\/#\\\/schema\\\/person\\\/0943d6fd02bdc7b49c8f495e8787a2cb\"},\"headline\":\"Medidas de austeridade e disputas pol\u00edticas marcam os primeiros 100 dias do presidente argentino no cargo\",\"datePublished\":\"2024-03-21T14:36:00+00:00\",\"mainEntityOfPage\":{\"@id\":\"https:\\\/\\\/diariodepe.com.br\\\/xinhua\\\/2024\\\/03\\\/21\\\/medidas-de-austeridade-e-disputas-politicas-marcam-os-primeiros-100-dias-do-presidente-argentino-no-cargo\\\/\"},\"wordCount\":921,\"commentCount\":0,\"publisher\":{\"@id\":\"https:\\\/\\\/diariodepe.com.br\\\/xinhua\\\/#organization\"},\"image\":{\"@id\":\"https:\\\/\\\/diariodepe.com.br\\\/xinhua\\\/2024\\\/03\\\/21\\\/medidas-de-austeridade-e-disputas-politicas-marcam-os-primeiros-100-dias-do-presidente-argentino-no-cargo\\\/#primaryimage\"},\"thumbnailUrl\":\"https:\\\/\\\/diariodepe.com.br\\\/xinhua\\\/wp-content\\\/uploads\\\/sites\\\/3\\\/2024\\\/03\\\/20240321815314e33a214f56878839b2c0265520_2024032160dc72b77bf9433ea89454c8448ab58f.jpeg\",\"articleSection\":[\"Internacional\"],\"inLanguage\":\"pt-BR\",\"potentialAction\":[{\"@type\":\"CommentAction\",\"name\":\"Comment\",\"target\":[\"https:\\\/\\\/diariodepe.com.br\\\/xinhua\\\/2024\\\/03\\\/21\\\/medidas-de-austeridade-e-disputas-politicas-marcam-os-primeiros-100-dias-do-presidente-argentino-no-cargo\\\/#respond\"]}]},{\"@type\":\"WebPage\",\"@id\":\"https:\\\/\\\/diariodepe.com.br\\\/xinhua\\\/2024\\\/03\\\/21\\\/medidas-de-austeridade-e-disputas-politicas-marcam-os-primeiros-100-dias-do-presidente-argentino-no-cargo\\\/\",\"url\":\"https:\\\/\\\/diariodepe.com.br\\\/xinhua\\\/2024\\\/03\\\/21\\\/medidas-de-austeridade-e-disputas-politicas-marcam-os-primeiros-100-dias-do-presidente-argentino-no-cargo\\\/\",\"name\":\"Medidas de austeridade e disputas pol\u00edticas marcam os primeiros 100 dias do presidente argentino no cargo - Xinhua - Diario de Pernambuco\",\"isPartOf\":{\"@id\":\"https:\\\/\\\/diariodepe.com.br\\\/xinhua\\\/#website\"},\"primaryImageOfPage\":{\"@id\":\"https:\\\/\\\/diariodepe.com.br\\\/xinhua\\\/2024\\\/03\\\/21\\\/medidas-de-austeridade-e-disputas-politicas-marcam-os-primeiros-100-dias-do-presidente-argentino-no-cargo\\\/#primaryimage\"},\"image\":{\"@id\":\"https:\\\/\\\/diariodepe.com.br\\\/xinhua\\\/2024\\\/03\\\/21\\\/medidas-de-austeridade-e-disputas-politicas-marcam-os-primeiros-100-dias-do-presidente-argentino-no-cargo\\\/#primaryimage\"},\"thumbnailUrl\":\"https:\\\/\\\/diariodepe.com.br\\\/xinhua\\\/wp-content\\\/uploads\\\/sites\\\/3\\\/2024\\\/03\\\/20240321815314e33a214f56878839b2c0265520_2024032160dc72b77bf9433ea89454c8448ab58f.jpeg\",\"datePublished\":\"2024-03-21T14:36:00+00:00\",\"breadcrumb\":{\"@id\":\"https:\\\/\\\/diariodepe.com.br\\\/xinhua\\\/2024\\\/03\\\/21\\\/medidas-de-austeridade-e-disputas-politicas-marcam-os-primeiros-100-dias-do-presidente-argentino-no-cargo\\\/#breadcrumb\"},\"inLanguage\":\"pt-BR\",\"potentialAction\":[{\"@type\":\"ReadAction\",\"target\":[\"https:\\\/\\\/diariodepe.com.br\\\/xinhua\\\/2024\\\/03\\\/21\\\/medidas-de-austeridade-e-disputas-politicas-marcam-os-primeiros-100-dias-do-presidente-argentino-no-cargo\\\/\"]}]},{\"@type\":\"ImageObject\",\"inLanguage\":\"pt-BR\",\"@id\":\"https:\\\/\\\/diariodepe.com.br\\\/xinhua\\\/2024\\\/03\\\/21\\\/medidas-de-austeridade-e-disputas-politicas-marcam-os-primeiros-100-dias-do-presidente-argentino-no-cargo\\\/#primaryimage\",\"url\":\"https:\\\/\\\/diariodepe.com.br\\\/xinhua\\\/wp-content\\\/uploads\\\/sites\\\/3\\\/2024\\\/03\\\/20240321815314e33a214f56878839b2c0265520_2024032160dc72b77bf9433ea89454c8448ab58f.jpeg\",\"contentUrl\":\"https:\\\/\\\/diariodepe.com.br\\\/xinhua\\\/wp-content\\\/uploads\\\/sites\\\/3\\\/2024\\\/03\\\/20240321815314e33a214f56878839b2c0265520_2024032160dc72b77bf9433ea89454c8448ab58f.jpeg\",\"width\":900,\"height\":599,\"caption\":\"Foto: German Adrasti\\\/Xinhua\"},{\"@type\":\"BreadcrumbList\",\"@id\":\"https:\\\/\\\/diariodepe.com.br\\\/xinhua\\\/2024\\\/03\\\/21\\\/medidas-de-austeridade-e-disputas-politicas-marcam-os-primeiros-100-dias-do-presidente-argentino-no-cargo\\\/#breadcrumb\",\"itemListElement\":[{\"@type\":\"ListItem\",\"position\":1,\"name\":\"In\u00edcio\",\"item\":\"https:\\\/\\\/diariodepe.com.br\\\/xinhua\\\/\"},{\"@type\":\"ListItem\",\"position\":2,\"name\":\"Medidas de austeridade e disputas pol\u00edticas marcam os primeiros 100 dias do presidente argentino no cargo\"}]},{\"@type\":\"WebSite\",\"@id\":\"https:\\\/\\\/diariodepe.com.br\\\/xinhua\\\/#website\",\"url\":\"https:\\\/\\\/diariodepe.com.br\\\/xinhua\\\/\",\"name\":\"Xinhua - Diario de Pernambuco\",\"description\":\"A maior ag\u00eancia de not\u00edcias da China e um dos principais canais para conhecer o pa\u00eds\",\"publisher\":{\"@id\":\"https:\\\/\\\/diariodepe.com.br\\\/xinhua\\\/#organization\"},\"potentialAction\":[{\"@type\":\"SearchAction\",\"target\":{\"@type\":\"EntryPoint\",\"urlTemplate\":\"https:\\\/\\\/diariodepe.com.br\\\/xinhua\\\/?s={search_term_string}\"},\"query-input\":{\"@type\":\"PropertyValueSpecification\",\"valueRequired\":true,\"valueName\":\"search_term_string\"}}],\"inLanguage\":\"pt-BR\"},{\"@type\":\"Organization\",\"@id\":\"https:\\\/\\\/diariodepe.com.br\\\/xinhua\\\/#organization\",\"name\":\"Xinhua - Diario de Pernambuco\",\"url\":\"https:\\\/\\\/diariodepe.com.br\\\/xinhua\\\/\",\"logo\":{\"@type\":\"ImageObject\",\"inLanguage\":\"pt-BR\",\"@id\":\"https:\\\/\\\/diariodepe.com.br\\\/xinhua\\\/#\\\/schema\\\/logo\\\/image\\\/\",\"url\":\"https:\\\/\\\/diariodepe.com.br\\\/xinhua\\\/wp-content\\\/uploads\\\/sites\\\/3\\\/2020\\\/10\\\/cropped-logo-transparente-2.png\",\"contentUrl\":\"https:\\\/\\\/diariodepe.com.br\\\/xinhua\\\/wp-content\\\/uploads\\\/sites\\\/3\\\/2020\\\/10\\\/cropped-logo-transparente-2.png\",\"width\":512,\"height\":164,\"caption\":\"Xinhua - Diario de Pernambuco\"},\"image\":{\"@id\":\"https:\\\/\\\/diariodepe.com.br\\\/xinhua\\\/#\\\/schema\\\/logo\\\/image\\\/\"}},{\"@type\":\"Person\",\"@id\":\"https:\\\/\\\/diariodepe.com.br\\\/xinhua\\\/#\\\/schema\\\/person\\\/0943d6fd02bdc7b49c8f495e8787a2cb\",\"name\":\"Marcelo Oliveira de A. Maranhao\",\"image\":{\"@type\":\"ImageObject\",\"inLanguage\":\"pt-BR\",\"@id\":\"https:\\\/\\\/secure.gravatar.com\\\/avatar\\\/f562caee940d39879c20e90eea3e4b21860c7d4c96684c23141c554824f0059c?s=96&d=mm&r=g\",\"url\":\"https:\\\/\\\/secure.gravatar.com\\\/avatar\\\/f562caee940d39879c20e90eea3e4b21860c7d4c96684c23141c554824f0059c?s=96&d=mm&r=g\",\"contentUrl\":\"https:\\\/\\\/secure.gravatar.com\\\/avatar\\\/f562caee940d39879c20e90eea3e4b21860c7d4c96684c23141c554824f0059c?s=96&d=mm&r=g\",\"caption\":\"Marcelo Oliveira de A. Maranhao\"},\"url\":\"https:\\\/\\\/diariodepe.com.br\\\/xinhua\\\/author\\\/marcelo-maranhao\\\/\"}]}<\/script>\n<!-- \/ Yoast SEO plugin. -->","yoast_head_json":{"title":"Medidas de austeridade e disputas pol\u00edticas marcam os primeiros 100 dias do presidente argentino no cargo - Xinhua - Diario de Pernambuco","robots":{"index":"index","follow":"follow","max-snippet":"max-snippet:-1","max-image-preview":"max-image-preview:large","max-video-preview":"max-video-preview:-1"},"canonical":"https:\/\/diariodepe.com.br\/xinhua\/2024\/03\/21\/medidas-de-austeridade-e-disputas-politicas-marcam-os-primeiros-100-dias-do-presidente-argentino-no-cargo\/","og_locale":"pt_BR","og_type":"article","og_title":"Medidas de austeridade e disputas pol\u00edticas marcam os primeiros 100 dias do presidente argentino no cargo - Xinhua - Diario de Pernambuco","og_description":"Buenos Aires &#8211; O presidente argentino Javier Milei, que assumiu o cargo em 10 de dezembro de 2023, marcou seus primeiros 100 dias no cargo com medidas de austeridade e disputas pol\u00edticas com governadores provinciais. MEDIDAS DE &#8220;CHOQUE&#8221; A terceira...","og_url":"https:\/\/diariodepe.com.br\/xinhua\/2024\/03\/21\/medidas-de-austeridade-e-disputas-politicas-marcam-os-primeiros-100-dias-do-presidente-argentino-no-cargo\/","og_site_name":"Xinhua - Diario de Pernambuco","article_published_time":"2024-03-21T14:36:00+00:00","og_image":[{"width":900,"height":599,"url":"https:\/\/diariodepe.com.br\/xinhua\/wp-content\/uploads\/sites\/3\/2024\/03\/20240321815314e33a214f56878839b2c0265520_2024032160dc72b77bf9433ea89454c8448ab58f.jpeg","type":"image\/jpeg"}],"author":"Marcelo Oliveira de A. Maranhao","twitter_card":"summary_large_image","twitter_misc":{"Escrito por":"Marcelo Oliveira de A. Maranhao","Est. tempo de leitura":"5 minutos"},"schema":{"@context":"https:\/\/schema.org","@graph":[{"@type":"Article","@id":"https:\/\/diariodepe.com.br\/xinhua\/2024\/03\/21\/medidas-de-austeridade-e-disputas-politicas-marcam-os-primeiros-100-dias-do-presidente-argentino-no-cargo\/#article","isPartOf":{"@id":"https:\/\/diariodepe.com.br\/xinhua\/2024\/03\/21\/medidas-de-austeridade-e-disputas-politicas-marcam-os-primeiros-100-dias-do-presidente-argentino-no-cargo\/"},"author":{"name":"Marcelo Oliveira de A. Maranhao","@id":"https:\/\/diariodepe.com.br\/xinhua\/#\/schema\/person\/0943d6fd02bdc7b49c8f495e8787a2cb"},"headline":"Medidas de austeridade e disputas pol\u00edticas marcam os primeiros 100 dias do presidente argentino no cargo","datePublished":"2024-03-21T14:36:00+00:00","mainEntityOfPage":{"@id":"https:\/\/diariodepe.com.br\/xinhua\/2024\/03\/21\/medidas-de-austeridade-e-disputas-politicas-marcam-os-primeiros-100-dias-do-presidente-argentino-no-cargo\/"},"wordCount":921,"commentCount":0,"publisher":{"@id":"https:\/\/diariodepe.com.br\/xinhua\/#organization"},"image":{"@id":"https:\/\/diariodepe.com.br\/xinhua\/2024\/03\/21\/medidas-de-austeridade-e-disputas-politicas-marcam-os-primeiros-100-dias-do-presidente-argentino-no-cargo\/#primaryimage"},"thumbnailUrl":"https:\/\/diariodepe.com.br\/xinhua\/wp-content\/uploads\/sites\/3\/2024\/03\/20240321815314e33a214f56878839b2c0265520_2024032160dc72b77bf9433ea89454c8448ab58f.jpeg","articleSection":["Internacional"],"inLanguage":"pt-BR","potentialAction":[{"@type":"CommentAction","name":"Comment","target":["https:\/\/diariodepe.com.br\/xinhua\/2024\/03\/21\/medidas-de-austeridade-e-disputas-politicas-marcam-os-primeiros-100-dias-do-presidente-argentino-no-cargo\/#respond"]}]},{"@type":"WebPage","@id":"https:\/\/diariodepe.com.br\/xinhua\/2024\/03\/21\/medidas-de-austeridade-e-disputas-politicas-marcam-os-primeiros-100-dias-do-presidente-argentino-no-cargo\/","url":"https:\/\/diariodepe.com.br\/xinhua\/2024\/03\/21\/medidas-de-austeridade-e-disputas-politicas-marcam-os-primeiros-100-dias-do-presidente-argentino-no-cargo\/","name":"Medidas de austeridade e disputas pol\u00edticas marcam os primeiros 100 dias do presidente argentino no cargo - Xinhua - Diario de Pernambuco","isPartOf":{"@id":"https:\/\/diariodepe.com.br\/xinhua\/#website"},"primaryImageOfPage":{"@id":"https:\/\/diariodepe.com.br\/xinhua\/2024\/03\/21\/medidas-de-austeridade-e-disputas-politicas-marcam-os-primeiros-100-dias-do-presidente-argentino-no-cargo\/#primaryimage"},"image":{"@id":"https:\/\/diariodepe.com.br\/xinhua\/2024\/03\/21\/medidas-de-austeridade-e-disputas-politicas-marcam-os-primeiros-100-dias-do-presidente-argentino-no-cargo\/#primaryimage"},"thumbnailUrl":"https:\/\/diariodepe.com.br\/xinhua\/wp-content\/uploads\/sites\/3\/2024\/03\/20240321815314e33a214f56878839b2c0265520_2024032160dc72b77bf9433ea89454c8448ab58f.jpeg","datePublished":"2024-03-21T14:36:00+00:00","breadcrumb":{"@id":"https:\/\/diariodepe.com.br\/xinhua\/2024\/03\/21\/medidas-de-austeridade-e-disputas-politicas-marcam-os-primeiros-100-dias-do-presidente-argentino-no-cargo\/#breadcrumb"},"inLanguage":"pt-BR","potentialAction":[{"@type":"ReadAction","target":["https:\/\/diariodepe.com.br\/xinhua\/2024\/03\/21\/medidas-de-austeridade-e-disputas-politicas-marcam-os-primeiros-100-dias-do-presidente-argentino-no-cargo\/"]}]},{"@type":"ImageObject","inLanguage":"pt-BR","@id":"https:\/\/diariodepe.com.br\/xinhua\/2024\/03\/21\/medidas-de-austeridade-e-disputas-politicas-marcam-os-primeiros-100-dias-do-presidente-argentino-no-cargo\/#primaryimage","url":"https:\/\/diariodepe.com.br\/xinhua\/wp-content\/uploads\/sites\/3\/2024\/03\/20240321815314e33a214f56878839b2c0265520_2024032160dc72b77bf9433ea89454c8448ab58f.jpeg","contentUrl":"https:\/\/diariodepe.com.br\/xinhua\/wp-content\/uploads\/sites\/3\/2024\/03\/20240321815314e33a214f56878839b2c0265520_2024032160dc72b77bf9433ea89454c8448ab58f.jpeg","width":900,"height":599,"caption":"Foto: German Adrasti\/Xinhua"},{"@type":"BreadcrumbList","@id":"https:\/\/diariodepe.com.br\/xinhua\/2024\/03\/21\/medidas-de-austeridade-e-disputas-politicas-marcam-os-primeiros-100-dias-do-presidente-argentino-no-cargo\/#breadcrumb","itemListElement":[{"@type":"ListItem","position":1,"name":"In\u00edcio","item":"https:\/\/diariodepe.com.br\/xinhua\/"},{"@type":"ListItem","position":2,"name":"Medidas de austeridade e disputas pol\u00edticas marcam os primeiros 100 dias do presidente argentino no cargo"}]},{"@type":"WebSite","@id":"https:\/\/diariodepe.com.br\/xinhua\/#website","url":"https:\/\/diariodepe.com.br\/xinhua\/","name":"Xinhua - Diario de Pernambuco","description":"A maior ag\u00eancia de not\u00edcias da China e um dos principais canais para conhecer o pa\u00eds","publisher":{"@id":"https:\/\/diariodepe.com.br\/xinhua\/#organization"},"potentialAction":[{"@type":"SearchAction","target":{"@type":"EntryPoint","urlTemplate":"https:\/\/diariodepe.com.br\/xinhua\/?s={search_term_string}"},"query-input":{"@type":"PropertyValueSpecification","valueRequired":true,"valueName":"search_term_string"}}],"inLanguage":"pt-BR"},{"@type":"Organization","@id":"https:\/\/diariodepe.com.br\/xinhua\/#organization","name":"Xinhua - Diario de Pernambuco","url":"https:\/\/diariodepe.com.br\/xinhua\/","logo":{"@type":"ImageObject","inLanguage":"pt-BR","@id":"https:\/\/diariodepe.com.br\/xinhua\/#\/schema\/logo\/image\/","url":"https:\/\/diariodepe.com.br\/xinhua\/wp-content\/uploads\/sites\/3\/2020\/10\/cropped-logo-transparente-2.png","contentUrl":"https:\/\/diariodepe.com.br\/xinhua\/wp-content\/uploads\/sites\/3\/2020\/10\/cropped-logo-transparente-2.png","width":512,"height":164,"caption":"Xinhua - Diario de Pernambuco"},"image":{"@id":"https:\/\/diariodepe.com.br\/xinhua\/#\/schema\/logo\/image\/"}},{"@type":"Person","@id":"https:\/\/diariodepe.com.br\/xinhua\/#\/schema\/person\/0943d6fd02bdc7b49c8f495e8787a2cb","name":"Marcelo Oliveira de A. Maranhao","image":{"@type":"ImageObject","inLanguage":"pt-BR","@id":"https:\/\/secure.gravatar.com\/avatar\/f562caee940d39879c20e90eea3e4b21860c7d4c96684c23141c554824f0059c?s=96&d=mm&r=g","url":"https:\/\/secure.gravatar.com\/avatar\/f562caee940d39879c20e90eea3e4b21860c7d4c96684c23141c554824f0059c?s=96&d=mm&r=g","contentUrl":"https:\/\/secure.gravatar.com\/avatar\/f562caee940d39879c20e90eea3e4b21860c7d4c96684c23141c554824f0059c?s=96&d=mm&r=g","caption":"Marcelo Oliveira de A. Maranhao"},"url":"https:\/\/diariodepe.com.br\/xinhua\/author\/marcelo-maranhao\/"}]}},"cc_featured_image_caption":{"caption_text":"","source_text":"","source_url":""},"amp_enabled":true,"_links":{"self":[{"href":"https:\/\/diariodepe.com.br\/xinhua\/wp-json\/wp\/v2\/posts\/18814","targetHints":{"allow":["GET"]}}],"collection":[{"href":"https:\/\/diariodepe.com.br\/xinhua\/wp-json\/wp\/v2\/posts"}],"about":[{"href":"https:\/\/diariodepe.com.br\/xinhua\/wp-json\/wp\/v2\/types\/post"}],"author":[{"embeddable":true,"href":"https:\/\/diariodepe.com.br\/xinhua\/wp-json\/wp\/v2\/users\/3"}],"replies":[{"embeddable":true,"href":"https:\/\/diariodepe.com.br\/xinhua\/wp-json\/wp\/v2\/comments?post=18814"}],"version-history":[{"count":1,"href":"https:\/\/diariodepe.com.br\/xinhua\/wp-json\/wp\/v2\/posts\/18814\/revisions"}],"predecessor-version":[{"id":18816,"href":"https:\/\/diariodepe.com.br\/xinhua\/wp-json\/wp\/v2\/posts\/18814\/revisions\/18816"}],"wp:featuredmedia":[{"embeddable":true,"href":"https:\/\/diariodepe.com.br\/xinhua\/wp-json\/wp\/v2\/media\/18815"}],"wp:attachment":[{"href":"https:\/\/diariodepe.com.br\/xinhua\/wp-json\/wp\/v2\/media?parent=18814"}],"wp:term":[{"taxonomy":"category","embeddable":true,"href":"https:\/\/diariodepe.com.br\/xinhua\/wp-json\/wp\/v2\/categories?post=18814"},{"taxonomy":"post_tag","embeddable":true,"href":"https:\/\/diariodepe.com.br\/xinhua\/wp-json\/wp\/v2\/tags?post=18814"}],"curies":[{"name":"wp","href":"https:\/\/api.w.org\/{rel}","templated":true}]}}