{"id":18811,"date":"2024-03-21T10:35:45","date_gmt":"2024-03-21T13:35:45","guid":{"rendered":"https:\/\/www.diariodepe.com.br\/xinhua\/?p=18811"},"modified":"2024-03-21T10:35:49","modified_gmt":"2024-03-21T13:35:49","slug":"luis-montenegro-e-nomeado-novo-primeiro-ministro-de-portugal","status":"publish","type":"post","link":"https:\/\/diariodepe.com.br\/xinhua\/2024\/03\/21\/luis-montenegro-e-nomeado-novo-primeiro-ministro-de-portugal\/","title":{"rendered":"Lu\u00eds Montenegro \u00e9 nomeado novo primeiro-ministro de Portugal"},"content":{"rendered":"\n<p>Lisboa &#8211; O presidente de Portugal, Marcelo Rebelo de Sousa, anunciou na noite desta quarta-feira a nomea\u00e7\u00e3o de Lu\u00eds Montenegro, l\u00edder do Partido Social Democrata (PSD), como novo primeiro-ministro do pa\u00eds, ap\u00f3s delibera\u00e7\u00f5es pol\u00edticas sobre a forma\u00e7\u00e3o de um novo governo.<\/p>\n\n\n\n<p>&#8220;Tendo o Presidente da Rep\u00fablica procedido \u00e0 audi\u00e7\u00e3o dos partidos e coliga\u00e7\u00f5es de partidos que se apresentaram \u00e0s elei\u00e7\u00f5es de 10 de mar\u00e7o para a Assembleia da Rep\u00fablica e obtiveram mandatos de deputados, tendo a Alian\u00e7a Democr\u00e1tica (AD) vencido as elei\u00e7\u00f5es em mandatos e em votos&#8230; o Presidente da Rep\u00fablica decidiu indigitar o Dr. Lu\u00eds Montenegro como Primeiro-Ministro&#8221;, refere em comunicado divulgado no site da Presid\u00eancia da Rep\u00fablica.<\/p>\n\n\n\n<p>A AD de Montenegro venceu o atual Partido Socialista (PS) nas elei\u00e7\u00f5es de 10 de mar\u00e7o, mas conquistou apenas 80 assentos, muito menos da maioria no parlamento de 230 assentos. O Partido Socialista conquistou 78 assentos.<\/p>\n\n\n\n<p>O novo governo est\u00e1 programado para assumir o cargo em 2 de abril.<\/p>\n\n\n\n<p>A carreira pol\u00edtica de Montenegro come\u00e7ou no in\u00edcio dos anos 2000, quando ele se filiou ao PSD. Ele subiu rapidamente na hierarquia, ocupando v\u00e1rios cargos dentro do partido. Em 2011, foi eleito para o Parlamento da Rep\u00fablica como deputado que representa Aveiro, cidade localizada na costa do Oceano Atl\u00e2ntico.&nbsp;<\/p>\n","protected":false},"excerpt":{"rendered":"<p>Lisboa &#8211; O presidente de Portugal, Marcelo Rebelo de Sousa, anunciou na noite desta quarta-feira a nomea\u00e7\u00e3o de Lu\u00eds Montenegro, l\u00edder do Partido Social Democrata (PSD), como novo primeiro-ministro do pa\u00eds, ap\u00f3s delibera\u00e7\u00f5es pol\u00edticas sobre a forma\u00e7\u00e3o de um novo&#8230;<\/p>\n","protected":false},"author":3,"featured_media":18812,"comment_status":"open","ping_status":"open","sticky":false,"template":"","format":"standard","meta":{"footnotes":""},"categories":[4],"tags":[],"class_list":["post-18811","post","type-post","status-publish","format-standard","has-post-thumbnail","hentry","category-internacional"],"yoast_head":"<!-- This site is optimized with the Yoast SEO plugin v27.4 - https:\/\/yoast.com\/product\/yoast-seo-wordpress\/ -->\n<title>Lu\u00eds Montenegro \u00e9 nomeado novo primeiro-ministro de Portugal - Xinhua - Diario de Pernambuco<\/title>\n<meta name=\"robots\" content=\"index, follow, max-snippet:-1, max-image-preview:large, max-video-preview:-1\" \/>\n<link rel=\"canonical\" href=\"https:\/\/diariodepe.com.br\/xinhua\/2024\/03\/21\/luis-montenegro-e-nomeado-novo-primeiro-ministro-de-portugal\/\" \/>\n<meta property=\"og:locale\" content=\"pt_BR\" \/>\n<meta property=\"og:type\" content=\"article\" \/>\n<meta property=\"og:title\" content=\"Lu\u00eds Montenegro \u00e9 nomeado novo primeiro-ministro de Portugal - Xinhua - Diario de Pernambuco\" \/>\n<meta property=\"og:description\" content=\"Lisboa &#8211; O presidente de Portugal, Marcelo Rebelo de Sousa, anunciou na noite desta quarta-feira a nomea\u00e7\u00e3o de Lu\u00eds Montenegro, l\u00edder do Partido Social Democrata (PSD), como novo primeiro-ministro do pa\u00eds, ap\u00f3s delibera\u00e7\u00f5es pol\u00edticas sobre a forma\u00e7\u00e3o de um novo...\" \/>\n<meta property=\"og:url\" content=\"https:\/\/diariodepe.com.br\/xinhua\/2024\/03\/21\/luis-montenegro-e-nomeado-novo-primeiro-ministro-de-portugal\/\" \/>\n<meta property=\"og:site_name\" content=\"Xinhua - Diario de Pernambuco\" \/>\n<meta property=\"article:published_time\" content=\"2024-03-21T13:35:45+00:00\" \/>\n<meta property=\"article:modified_time\" content=\"2024-03-21T13:35:49+00:00\" \/>\n<meta property=\"og:image\" content=\"https:\/\/diariodepe.com.br\/xinhua\/wp-content\/uploads\/sites\/3\/2024\/03\/e899e27a31fc4d9d9b6580f92c4facac.png\" \/>\n\t<meta property=\"og:image:width\" content=\"1000\" \/>\n\t<meta property=\"og:image:height\" content=\"500\" \/>\n\t<meta property=\"og:image:type\" content=\"image\/png\" \/>\n<meta name=\"author\" content=\"Marcelo Oliveira de A. Maranhao\" \/>\n<meta name=\"twitter:card\" content=\"summary_large_image\" \/>\n<meta name=\"twitter:label1\" content=\"Escrito por\" \/>\n\t<meta name=\"twitter:data1\" content=\"Marcelo Oliveira de A. Maranhao\" \/>\n\t<meta name=\"twitter:label2\" content=\"Est. tempo de leitura\" \/>\n\t<meta name=\"twitter:data2\" content=\"2 minutos\" \/>\n<script type=\"application\/ld+json\" class=\"yoast-schema-graph\">{\"@context\":\"https:\\\/\\\/schema.org\",\"@graph\":[{\"@type\":\"Article\",\"@id\":\"https:\\\/\\\/diariodepe.com.br\\\/xinhua\\\/2024\\\/03\\\/21\\\/luis-montenegro-e-nomeado-novo-primeiro-ministro-de-portugal\\\/#article\",\"isPartOf\":{\"@id\":\"https:\\\/\\\/diariodepe.com.br\\\/xinhua\\\/2024\\\/03\\\/21\\\/luis-montenegro-e-nomeado-novo-primeiro-ministro-de-portugal\\\/\"},\"author\":{\"name\":\"Marcelo Oliveira de A. Maranhao\",\"@id\":\"https:\\\/\\\/diariodepe.com.br\\\/xinhua\\\/#\\\/schema\\\/person\\\/0943d6fd02bdc7b49c8f495e8787a2cb\"},\"headline\":\"Lu\u00eds Montenegro \u00e9 nomeado novo primeiro-ministro de Portugal\",\"datePublished\":\"2024-03-21T13:35:45+00:00\",\"dateModified\":\"2024-03-21T13:35:49+00:00\",\"mainEntityOfPage\":{\"@id\":\"https:\\\/\\\/diariodepe.com.br\\\/xinhua\\\/2024\\\/03\\\/21\\\/luis-montenegro-e-nomeado-novo-primeiro-ministro-de-portugal\\\/\"},\"wordCount\":236,\"commentCount\":0,\"publisher\":{\"@id\":\"https:\\\/\\\/diariodepe.com.br\\\/xinhua\\\/#organization\"},\"image\":{\"@id\":\"https:\\\/\\\/diariodepe.com.br\\\/xinhua\\\/2024\\\/03\\\/21\\\/luis-montenegro-e-nomeado-novo-primeiro-ministro-de-portugal\\\/#primaryimage\"},\"thumbnailUrl\":\"https:\\\/\\\/diariodepe.com.br\\\/xinhua\\\/wp-content\\\/uploads\\\/sites\\\/3\\\/2024\\\/03\\\/e899e27a31fc4d9d9b6580f92c4facac.png\",\"articleSection\":[\"Internacional\"],\"inLanguage\":\"pt-BR\",\"potentialAction\":[{\"@type\":\"CommentAction\",\"name\":\"Comment\",\"target\":[\"https:\\\/\\\/diariodepe.com.br\\\/xinhua\\\/2024\\\/03\\\/21\\\/luis-montenegro-e-nomeado-novo-primeiro-ministro-de-portugal\\\/#respond\"]}]},{\"@type\":\"WebPage\",\"@id\":\"https:\\\/\\\/diariodepe.com.br\\\/xinhua\\\/2024\\\/03\\\/21\\\/luis-montenegro-e-nomeado-novo-primeiro-ministro-de-portugal\\\/\",\"url\":\"https:\\\/\\\/diariodepe.com.br\\\/xinhua\\\/2024\\\/03\\\/21\\\/luis-montenegro-e-nomeado-novo-primeiro-ministro-de-portugal\\\/\",\"name\":\"Lu\u00eds Montenegro \u00e9 nomeado novo primeiro-ministro de Portugal - Xinhua - Diario de Pernambuco\",\"isPartOf\":{\"@id\":\"https:\\\/\\\/diariodepe.com.br\\\/xinhua\\\/#website\"},\"primaryImageOfPage\":{\"@id\":\"https:\\\/\\\/diariodepe.com.br\\\/xinhua\\\/2024\\\/03\\\/21\\\/luis-montenegro-e-nomeado-novo-primeiro-ministro-de-portugal\\\/#primaryimage\"},\"image\":{\"@id\":\"https:\\\/\\\/diariodepe.com.br\\\/xinhua\\\/2024\\\/03\\\/21\\\/luis-montenegro-e-nomeado-novo-primeiro-ministro-de-portugal\\\/#primaryimage\"},\"thumbnailUrl\":\"https:\\\/\\\/diariodepe.com.br\\\/xinhua\\\/wp-content\\\/uploads\\\/sites\\\/3\\\/2024\\\/03\\\/e899e27a31fc4d9d9b6580f92c4facac.png\",\"datePublished\":\"2024-03-21T13:35:45+00:00\",\"dateModified\":\"2024-03-21T13:35:49+00:00\",\"breadcrumb\":{\"@id\":\"https:\\\/\\\/diariodepe.com.br\\\/xinhua\\\/2024\\\/03\\\/21\\\/luis-montenegro-e-nomeado-novo-primeiro-ministro-de-portugal\\\/#breadcrumb\"},\"inLanguage\":\"pt-BR\",\"potentialAction\":[{\"@type\":\"ReadAction\",\"target\":[\"https:\\\/\\\/diariodepe.com.br\\\/xinhua\\\/2024\\\/03\\\/21\\\/luis-montenegro-e-nomeado-novo-primeiro-ministro-de-portugal\\\/\"]}]},{\"@type\":\"ImageObject\",\"inLanguage\":\"pt-BR\",\"@id\":\"https:\\\/\\\/diariodepe.com.br\\\/xinhua\\\/2024\\\/03\\\/21\\\/luis-montenegro-e-nomeado-novo-primeiro-ministro-de-portugal\\\/#primaryimage\",\"url\":\"https:\\\/\\\/diariodepe.com.br\\\/xinhua\\\/wp-content\\\/uploads\\\/sites\\\/3\\\/2024\\\/03\\\/e899e27a31fc4d9d9b6580f92c4facac.png\",\"contentUrl\":\"https:\\\/\\\/diariodepe.com.br\\\/xinhua\\\/wp-content\\\/uploads\\\/sites\\\/3\\\/2024\\\/03\\\/e899e27a31fc4d9d9b6580f92c4facac.png\",\"width\":1000,\"height\":500},{\"@type\":\"BreadcrumbList\",\"@id\":\"https:\\\/\\\/diariodepe.com.br\\\/xinhua\\\/2024\\\/03\\\/21\\\/luis-montenegro-e-nomeado-novo-primeiro-ministro-de-portugal\\\/#breadcrumb\",\"itemListElement\":[{\"@type\":\"ListItem\",\"position\":1,\"name\":\"In\u00edcio\",\"item\":\"https:\\\/\\\/diariodepe.com.br\\\/xinhua\\\/\"},{\"@type\":\"ListItem\",\"position\":2,\"name\":\"Lu\u00eds Montenegro \u00e9 nomeado novo primeiro-ministro de Portugal\"}]},{\"@type\":\"WebSite\",\"@id\":\"https:\\\/\\\/diariodepe.com.br\\\/xinhua\\\/#website\",\"url\":\"https:\\\/\\\/diariodepe.com.br\\\/xinhua\\\/\",\"name\":\"Xinhua - Diario de Pernambuco\",\"description\":\"A maior ag\u00eancia de not\u00edcias da China e um dos principais canais para conhecer o pa\u00eds\",\"publisher\":{\"@id\":\"https:\\\/\\\/diariodepe.com.br\\\/xinhua\\\/#organization\"},\"potentialAction\":[{\"@type\":\"SearchAction\",\"target\":{\"@type\":\"EntryPoint\",\"urlTemplate\":\"https:\\\/\\\/diariodepe.com.br\\\/xinhua\\\/?s={search_term_string}\"},\"query-input\":{\"@type\":\"PropertyValueSpecification\",\"valueRequired\":true,\"valueName\":\"search_term_string\"}}],\"inLanguage\":\"pt-BR\"},{\"@type\":\"Organization\",\"@id\":\"https:\\\/\\\/diariodepe.com.br\\\/xinhua\\\/#organization\",\"name\":\"Xinhua - Diario de Pernambuco\",\"url\":\"https:\\\/\\\/diariodepe.com.br\\\/xinhua\\\/\",\"logo\":{\"@type\":\"ImageObject\",\"inLanguage\":\"pt-BR\",\"@id\":\"https:\\\/\\\/diariodepe.com.br\\\/xinhua\\\/#\\\/schema\\\/logo\\\/image\\\/\",\"url\":\"https:\\\/\\\/diariodepe.com.br\\\/xinhua\\\/wp-content\\\/uploads\\\/sites\\\/3\\\/2020\\\/10\\\/cropped-logo-transparente-2.png\",\"contentUrl\":\"https:\\\/\\\/diariodepe.com.br\\\/xinhua\\\/wp-content\\\/uploads\\\/sites\\\/3\\\/2020\\\/10\\\/cropped-logo-transparente-2.png\",\"width\":512,\"height\":164,\"caption\":\"Xinhua - Diario de Pernambuco\"},\"image\":{\"@id\":\"https:\\\/\\\/diariodepe.com.br\\\/xinhua\\\/#\\\/schema\\\/logo\\\/image\\\/\"}},{\"@type\":\"Person\",\"@id\":\"https:\\\/\\\/diariodepe.com.br\\\/xinhua\\\/#\\\/schema\\\/person\\\/0943d6fd02bdc7b49c8f495e8787a2cb\",\"name\":\"Marcelo Oliveira de A. Maranhao\",\"image\":{\"@type\":\"ImageObject\",\"inLanguage\":\"pt-BR\",\"@id\":\"https:\\\/\\\/secure.gravatar.com\\\/avatar\\\/f562caee940d39879c20e90eea3e4b21860c7d4c96684c23141c554824f0059c?s=96&d=mm&r=g\",\"url\":\"https:\\\/\\\/secure.gravatar.com\\\/avatar\\\/f562caee940d39879c20e90eea3e4b21860c7d4c96684c23141c554824f0059c?s=96&d=mm&r=g\",\"contentUrl\":\"https:\\\/\\\/secure.gravatar.com\\\/avatar\\\/f562caee940d39879c20e90eea3e4b21860c7d4c96684c23141c554824f0059c?s=96&d=mm&r=g\",\"caption\":\"Marcelo Oliveira de A. Maranhao\"},\"url\":\"https:\\\/\\\/diariodepe.com.br\\\/xinhua\\\/author\\\/marcelo-maranhao\\\/\"}]}<\/script>\n<!-- \/ Yoast SEO plugin. -->","yoast_head_json":{"title":"Lu\u00eds Montenegro \u00e9 nomeado novo primeiro-ministro de Portugal - Xinhua - Diario de Pernambuco","robots":{"index":"index","follow":"follow","max-snippet":"max-snippet:-1","max-image-preview":"max-image-preview:large","max-video-preview":"max-video-preview:-1"},"canonical":"https:\/\/diariodepe.com.br\/xinhua\/2024\/03\/21\/luis-montenegro-e-nomeado-novo-primeiro-ministro-de-portugal\/","og_locale":"pt_BR","og_type":"article","og_title":"Lu\u00eds Montenegro \u00e9 nomeado novo primeiro-ministro de Portugal - Xinhua - Diario de Pernambuco","og_description":"Lisboa &#8211; O presidente de Portugal, Marcelo Rebelo de Sousa, anunciou na noite desta quarta-feira a nomea\u00e7\u00e3o de Lu\u00eds Montenegro, l\u00edder do Partido Social Democrata (PSD), como novo primeiro-ministro do pa\u00eds, ap\u00f3s delibera\u00e7\u00f5es pol\u00edticas sobre a forma\u00e7\u00e3o de um novo...","og_url":"https:\/\/diariodepe.com.br\/xinhua\/2024\/03\/21\/luis-montenegro-e-nomeado-novo-primeiro-ministro-de-portugal\/","og_site_name":"Xinhua - Diario de Pernambuco","article_published_time":"2024-03-21T13:35:45+00:00","article_modified_time":"2024-03-21T13:35:49+00:00","og_image":[{"width":1000,"height":500,"url":"https:\/\/diariodepe.com.br\/xinhua\/wp-content\/uploads\/sites\/3\/2024\/03\/e899e27a31fc4d9d9b6580f92c4facac.png","type":"image\/png"}],"author":"Marcelo Oliveira de A. Maranhao","twitter_card":"summary_large_image","twitter_misc":{"Escrito por":"Marcelo Oliveira de A. Maranhao","Est. tempo de leitura":"2 minutos"},"schema":{"@context":"https:\/\/schema.org","@graph":[{"@type":"Article","@id":"https:\/\/diariodepe.com.br\/xinhua\/2024\/03\/21\/luis-montenegro-e-nomeado-novo-primeiro-ministro-de-portugal\/#article","isPartOf":{"@id":"https:\/\/diariodepe.com.br\/xinhua\/2024\/03\/21\/luis-montenegro-e-nomeado-novo-primeiro-ministro-de-portugal\/"},"author":{"name":"Marcelo Oliveira de A. Maranhao","@id":"https:\/\/diariodepe.com.br\/xinhua\/#\/schema\/person\/0943d6fd02bdc7b49c8f495e8787a2cb"},"headline":"Lu\u00eds Montenegro \u00e9 nomeado novo primeiro-ministro de Portugal","datePublished":"2024-03-21T13:35:45+00:00","dateModified":"2024-03-21T13:35:49+00:00","mainEntityOfPage":{"@id":"https:\/\/diariodepe.com.br\/xinhua\/2024\/03\/21\/luis-montenegro-e-nomeado-novo-primeiro-ministro-de-portugal\/"},"wordCount":236,"commentCount":0,"publisher":{"@id":"https:\/\/diariodepe.com.br\/xinhua\/#organization"},"image":{"@id":"https:\/\/diariodepe.com.br\/xinhua\/2024\/03\/21\/luis-montenegro-e-nomeado-novo-primeiro-ministro-de-portugal\/#primaryimage"},"thumbnailUrl":"https:\/\/diariodepe.com.br\/xinhua\/wp-content\/uploads\/sites\/3\/2024\/03\/e899e27a31fc4d9d9b6580f92c4facac.png","articleSection":["Internacional"],"inLanguage":"pt-BR","potentialAction":[{"@type":"CommentAction","name":"Comment","target":["https:\/\/diariodepe.com.br\/xinhua\/2024\/03\/21\/luis-montenegro-e-nomeado-novo-primeiro-ministro-de-portugal\/#respond"]}]},{"@type":"WebPage","@id":"https:\/\/diariodepe.com.br\/xinhua\/2024\/03\/21\/luis-montenegro-e-nomeado-novo-primeiro-ministro-de-portugal\/","url":"https:\/\/diariodepe.com.br\/xinhua\/2024\/03\/21\/luis-montenegro-e-nomeado-novo-primeiro-ministro-de-portugal\/","name":"Lu\u00eds Montenegro \u00e9 nomeado novo primeiro-ministro de Portugal - Xinhua - Diario de Pernambuco","isPartOf":{"@id":"https:\/\/diariodepe.com.br\/xinhua\/#website"},"primaryImageOfPage":{"@id":"https:\/\/diariodepe.com.br\/xinhua\/2024\/03\/21\/luis-montenegro-e-nomeado-novo-primeiro-ministro-de-portugal\/#primaryimage"},"image":{"@id":"https:\/\/diariodepe.com.br\/xinhua\/2024\/03\/21\/luis-montenegro-e-nomeado-novo-primeiro-ministro-de-portugal\/#primaryimage"},"thumbnailUrl":"https:\/\/diariodepe.com.br\/xinhua\/wp-content\/uploads\/sites\/3\/2024\/03\/e899e27a31fc4d9d9b6580f92c4facac.png","datePublished":"2024-03-21T13:35:45+00:00","dateModified":"2024-03-21T13:35:49+00:00","breadcrumb":{"@id":"https:\/\/diariodepe.com.br\/xinhua\/2024\/03\/21\/luis-montenegro-e-nomeado-novo-primeiro-ministro-de-portugal\/#breadcrumb"},"inLanguage":"pt-BR","potentialAction":[{"@type":"ReadAction","target":["https:\/\/diariodepe.com.br\/xinhua\/2024\/03\/21\/luis-montenegro-e-nomeado-novo-primeiro-ministro-de-portugal\/"]}]},{"@type":"ImageObject","inLanguage":"pt-BR","@id":"https:\/\/diariodepe.com.br\/xinhua\/2024\/03\/21\/luis-montenegro-e-nomeado-novo-primeiro-ministro-de-portugal\/#primaryimage","url":"https:\/\/diariodepe.com.br\/xinhua\/wp-content\/uploads\/sites\/3\/2024\/03\/e899e27a31fc4d9d9b6580f92c4facac.png","contentUrl":"https:\/\/diariodepe.com.br\/xinhua\/wp-content\/uploads\/sites\/3\/2024\/03\/e899e27a31fc4d9d9b6580f92c4facac.png","width":1000,"height":500},{"@type":"BreadcrumbList","@id":"https:\/\/diariodepe.com.br\/xinhua\/2024\/03\/21\/luis-montenegro-e-nomeado-novo-primeiro-ministro-de-portugal\/#breadcrumb","itemListElement":[{"@type":"ListItem","position":1,"name":"In\u00edcio","item":"https:\/\/diariodepe.com.br\/xinhua\/"},{"@type":"ListItem","position":2,"name":"Lu\u00eds Montenegro \u00e9 nomeado novo primeiro-ministro de Portugal"}]},{"@type":"WebSite","@id":"https:\/\/diariodepe.com.br\/xinhua\/#website","url":"https:\/\/diariodepe.com.br\/xinhua\/","name":"Xinhua - Diario de Pernambuco","description":"A maior ag\u00eancia de not\u00edcias da China e um dos principais canais para conhecer o pa\u00eds","publisher":{"@id":"https:\/\/diariodepe.com.br\/xinhua\/#organization"},"potentialAction":[{"@type":"SearchAction","target":{"@type":"EntryPoint","urlTemplate":"https:\/\/diariodepe.com.br\/xinhua\/?s={search_term_string}"},"query-input":{"@type":"PropertyValueSpecification","valueRequired":true,"valueName":"search_term_string"}}],"inLanguage":"pt-BR"},{"@type":"Organization","@id":"https:\/\/diariodepe.com.br\/xinhua\/#organization","name":"Xinhua - Diario de Pernambuco","url":"https:\/\/diariodepe.com.br\/xinhua\/","logo":{"@type":"ImageObject","inLanguage":"pt-BR","@id":"https:\/\/diariodepe.com.br\/xinhua\/#\/schema\/logo\/image\/","url":"https:\/\/diariodepe.com.br\/xinhua\/wp-content\/uploads\/sites\/3\/2020\/10\/cropped-logo-transparente-2.png","contentUrl":"https:\/\/diariodepe.com.br\/xinhua\/wp-content\/uploads\/sites\/3\/2020\/10\/cropped-logo-transparente-2.png","width":512,"height":164,"caption":"Xinhua - Diario de Pernambuco"},"image":{"@id":"https:\/\/diariodepe.com.br\/xinhua\/#\/schema\/logo\/image\/"}},{"@type":"Person","@id":"https:\/\/diariodepe.com.br\/xinhua\/#\/schema\/person\/0943d6fd02bdc7b49c8f495e8787a2cb","name":"Marcelo Oliveira de A. Maranhao","image":{"@type":"ImageObject","inLanguage":"pt-BR","@id":"https:\/\/secure.gravatar.com\/avatar\/f562caee940d39879c20e90eea3e4b21860c7d4c96684c23141c554824f0059c?s=96&d=mm&r=g","url":"https:\/\/secure.gravatar.com\/avatar\/f562caee940d39879c20e90eea3e4b21860c7d4c96684c23141c554824f0059c?s=96&d=mm&r=g","contentUrl":"https:\/\/secure.gravatar.com\/avatar\/f562caee940d39879c20e90eea3e4b21860c7d4c96684c23141c554824f0059c?s=96&d=mm&r=g","caption":"Marcelo Oliveira de A. Maranhao"},"url":"https:\/\/diariodepe.com.br\/xinhua\/author\/marcelo-maranhao\/"}]}},"cc_featured_image_caption":{"caption_text":"","source_text":"","source_url":""},"amp_enabled":true,"_links":{"self":[{"href":"https:\/\/diariodepe.com.br\/xinhua\/wp-json\/wp\/v2\/posts\/18811","targetHints":{"allow":["GET"]}}],"collection":[{"href":"https:\/\/diariodepe.com.br\/xinhua\/wp-json\/wp\/v2\/posts"}],"about":[{"href":"https:\/\/diariodepe.com.br\/xinhua\/wp-json\/wp\/v2\/types\/post"}],"author":[{"embeddable":true,"href":"https:\/\/diariodepe.com.br\/xinhua\/wp-json\/wp\/v2\/users\/3"}],"replies":[{"embeddable":true,"href":"https:\/\/diariodepe.com.br\/xinhua\/wp-json\/wp\/v2\/comments?post=18811"}],"version-history":[{"count":1,"href":"https:\/\/diariodepe.com.br\/xinhua\/wp-json\/wp\/v2\/posts\/18811\/revisions"}],"predecessor-version":[{"id":18813,"href":"https:\/\/diariodepe.com.br\/xinhua\/wp-json\/wp\/v2\/posts\/18811\/revisions\/18813"}],"wp:featuredmedia":[{"embeddable":true,"href":"https:\/\/diariodepe.com.br\/xinhua\/wp-json\/wp\/v2\/media\/18812"}],"wp:attachment":[{"href":"https:\/\/diariodepe.com.br\/xinhua\/wp-json\/wp\/v2\/media?parent=18811"}],"wp:term":[{"taxonomy":"category","embeddable":true,"href":"https:\/\/diariodepe.com.br\/xinhua\/wp-json\/wp\/v2\/categories?post=18811"},{"taxonomy":"post_tag","embeddable":true,"href":"https:\/\/diariodepe.com.br\/xinhua\/wp-json\/wp\/v2\/tags?post=18811"}],"curies":[{"name":"wp","href":"https:\/\/api.w.org\/{rel}","templated":true}]}}