{"id":1872,"date":"2021-06-02T11:29:46","date_gmt":"2021-06-02T14:29:46","guid":{"rendered":"http:\/\/www.diariodepe.com.br\/xinhua\/?p=1872"},"modified":"2021-06-02T11:29:48","modified_gmt":"2021-06-02T14:29:48","slug":"marca-iconica-de-seda-da-china-registra-vendas-solidas-entre-janeiro-e-maio","status":"publish","type":"post","link":"https:\/\/diariodepe.com.br\/xinhua\/2021\/06\/02\/marca-iconica-de-seda-da-china-registra-vendas-solidas-entre-janeiro-e-maio\/","title":{"rendered":"Marca ic\u00f4nica de sed\u00e3 da China registra vendas s\u00f3lidas entre janeiro e maio"},"content":{"rendered":"\n<p>Um ve\u00edculo de conceito de nova energia da Hongqi est\u00e1 sendo exibido na 19\u00aa Exibi\u00e7\u00e3o Internacional da Ind\u00fastria Automobil\u00edstica (Auto Shanghai 2021) em Shanghai, leste da China, em 28 de abril de 2021.&nbsp;(Xinhua\/Chen Fei)<\/p>\n\n\n\n<p>Changchun, 2 jun (China) &#8212; A Hongqi, marca da maior montadora chinesa, a FAW Group, registrou um aumento de vendas nos primeiros cinco meses de 2021.<\/p>\n\n\n\n<p>Ao todo, 118.000 ve\u00edculos da marca Hongqi foram vendidos entre janeiro e maio, para uma alta anual de 116%, informou o grupo.<\/p>\n\n\n\n<p>A FAW planeja dobrar suas vendas de ve\u00edculos Hongqi em 2020 para 400.000 unidades este ano. A marca lan\u00e7ou diversos modelos de alta gama, assim como ve\u00edculos de nova energia.<\/p>\n\n\n\n<p>A Hongqi, que significa &#8220;bandeira vermelha&#8221;, \u00e9 uma marca de sed\u00e3 ic\u00f4nica da China. Estabelecida em 1958, seus ve\u00edculos t\u00eam sido utilizados em desfiles para celebra\u00e7\u00f5es nacionais.<\/p>\n\n\n\n<p>A FAW, estabelecida em 1953 em Changchun, capital da prov\u00edncia nordeste de Jilin, \u00e9 considerada o ber\u00e7o da ind\u00fastria automobil\u00edstica da China.<\/p>\n","protected":false},"excerpt":{"rendered":"<p>Um ve\u00edculo de conceito de nova energia da Hongqi est\u00e1 sendo exibido na 19\u00aa Exibi\u00e7\u00e3o Internacional da Ind\u00fastria Automobil\u00edstica (Auto Shanghai 2021) em Shanghai, leste da China, em 28 de abril de 2021.&nbsp;(Xinhua\/Chen Fei) Changchun, 2 jun (China) &#8212; A&#8230;<\/p>\n","protected":false},"author":3,"featured_media":1873,"comment_status":"open","ping_status":"open","sticky":false,"template":"","format":"standard","meta":{"footnotes":""},"categories":[5],"tags":[],"class_list":["post-1872","post","type-post","status-publish","format-standard","has-post-thumbnail","hentry","category-economia"],"yoast_head":"<!-- This site is optimized with the Yoast SEO plugin v27.4 - https:\/\/yoast.com\/product\/yoast-seo-wordpress\/ -->\n<title>Marca ic\u00f4nica de sed\u00e3 da China registra vendas s\u00f3lidas entre janeiro e maio - Xinhua - Diario de Pernambuco<\/title>\n<meta name=\"robots\" content=\"index, follow, max-snippet:-1, max-image-preview:large, max-video-preview:-1\" \/>\n<link rel=\"canonical\" href=\"https:\/\/diariodepe.com.br\/xinhua\/2021\/06\/02\/marca-iconica-de-seda-da-china-registra-vendas-solidas-entre-janeiro-e-maio\/\" \/>\n<meta property=\"og:locale\" content=\"pt_BR\" \/>\n<meta property=\"og:type\" content=\"article\" \/>\n<meta property=\"og:title\" content=\"Marca ic\u00f4nica de sed\u00e3 da China registra vendas s\u00f3lidas entre janeiro e maio - Xinhua - Diario de Pernambuco\" \/>\n<meta property=\"og:description\" content=\"Um ve\u00edculo de conceito de nova energia da Hongqi est\u00e1 sendo exibido na 19\u00aa Exibi\u00e7\u00e3o Internacional da Ind\u00fastria Automobil\u00edstica (Auto Shanghai 2021) em Shanghai, leste da China, em 28 de abril de 2021.&nbsp;(Xinhua\/Chen Fei) Changchun, 2 jun (China) &#8212; A...\" \/>\n<meta property=\"og:url\" content=\"https:\/\/diariodepe.com.br\/xinhua\/2021\/06\/02\/marca-iconica-de-seda-da-china-registra-vendas-solidas-entre-janeiro-e-maio\/\" \/>\n<meta property=\"og:site_name\" content=\"Xinhua - Diario de Pernambuco\" \/>\n<meta property=\"article:published_time\" content=\"2021-06-02T14:29:46+00:00\" \/>\n<meta property=\"article:modified_time\" content=\"2021-06-02T14:29:48+00:00\" \/>\n<meta property=\"og:image\" content=\"https:\/\/diariodepe.com.br\/xinhua\/wp-content\/uploads\/sites\/3\/2021\/06\/139984577_16226087729531n.jpg\" \/>\n\t<meta property=\"og:image:width\" content=\"900\" \/>\n\t<meta property=\"og:image:height\" content=\"591\" \/>\n\t<meta property=\"og:image:type\" content=\"image\/jpeg\" \/>\n<meta name=\"author\" content=\"Marcelo Oliveira de A. Maranhao\" \/>\n<meta name=\"twitter:card\" content=\"summary_large_image\" \/>\n<meta name=\"twitter:label1\" content=\"Escrito por\" \/>\n\t<meta name=\"twitter:data1\" content=\"Marcelo Oliveira de A. Maranhao\" \/>\n\t<meta name=\"twitter:label2\" content=\"Est. tempo de leitura\" \/>\n\t<meta name=\"twitter:data2\" content=\"1 minuto\" \/>\n<script type=\"application\/ld+json\" class=\"yoast-schema-graph\">{\"@context\":\"https:\\\/\\\/schema.org\",\"@graph\":[{\"@type\":\"Article\",\"@id\":\"https:\\\/\\\/diariodepe.com.br\\\/xinhua\\\/2021\\\/06\\\/02\\\/marca-iconica-de-seda-da-china-registra-vendas-solidas-entre-janeiro-e-maio\\\/#article\",\"isPartOf\":{\"@id\":\"https:\\\/\\\/diariodepe.com.br\\\/xinhua\\\/2021\\\/06\\\/02\\\/marca-iconica-de-seda-da-china-registra-vendas-solidas-entre-janeiro-e-maio\\\/\"},\"author\":{\"name\":\"Marcelo Oliveira de A. Maranhao\",\"@id\":\"https:\\\/\\\/diariodepe.com.br\\\/xinhua\\\/#\\\/schema\\\/person\\\/0943d6fd02bdc7b49c8f495e8787a2cb\"},\"headline\":\"Marca ic\u00f4nica de sed\u00e3 da China registra vendas s\u00f3lidas entre janeiro e maio\",\"datePublished\":\"2021-06-02T14:29:46+00:00\",\"dateModified\":\"2021-06-02T14:29:48+00:00\",\"mainEntityOfPage\":{\"@id\":\"https:\\\/\\\/diariodepe.com.br\\\/xinhua\\\/2021\\\/06\\\/02\\\/marca-iconica-de-seda-da-china-registra-vendas-solidas-entre-janeiro-e-maio\\\/\"},\"wordCount\":181,\"commentCount\":0,\"publisher\":{\"@id\":\"https:\\\/\\\/diariodepe.com.br\\\/xinhua\\\/#organization\"},\"image\":{\"@id\":\"https:\\\/\\\/diariodepe.com.br\\\/xinhua\\\/2021\\\/06\\\/02\\\/marca-iconica-de-seda-da-china-registra-vendas-solidas-entre-janeiro-e-maio\\\/#primaryimage\"},\"thumbnailUrl\":\"https:\\\/\\\/diariodepe.com.br\\\/xinhua\\\/wp-content\\\/uploads\\\/sites\\\/3\\\/2021\\\/06\\\/139984577_16226087729531n.jpg\",\"articleSection\":[\"Economia\"],\"inLanguage\":\"pt-BR\",\"potentialAction\":[{\"@type\":\"CommentAction\",\"name\":\"Comment\",\"target\":[\"https:\\\/\\\/diariodepe.com.br\\\/xinhua\\\/2021\\\/06\\\/02\\\/marca-iconica-de-seda-da-china-registra-vendas-solidas-entre-janeiro-e-maio\\\/#respond\"]}]},{\"@type\":\"WebPage\",\"@id\":\"https:\\\/\\\/diariodepe.com.br\\\/xinhua\\\/2021\\\/06\\\/02\\\/marca-iconica-de-seda-da-china-registra-vendas-solidas-entre-janeiro-e-maio\\\/\",\"url\":\"https:\\\/\\\/diariodepe.com.br\\\/xinhua\\\/2021\\\/06\\\/02\\\/marca-iconica-de-seda-da-china-registra-vendas-solidas-entre-janeiro-e-maio\\\/\",\"name\":\"Marca ic\u00f4nica de sed\u00e3 da China registra vendas s\u00f3lidas entre janeiro e maio - Xinhua - Diario de Pernambuco\",\"isPartOf\":{\"@id\":\"https:\\\/\\\/diariodepe.com.br\\\/xinhua\\\/#website\"},\"primaryImageOfPage\":{\"@id\":\"https:\\\/\\\/diariodepe.com.br\\\/xinhua\\\/2021\\\/06\\\/02\\\/marca-iconica-de-seda-da-china-registra-vendas-solidas-entre-janeiro-e-maio\\\/#primaryimage\"},\"image\":{\"@id\":\"https:\\\/\\\/diariodepe.com.br\\\/xinhua\\\/2021\\\/06\\\/02\\\/marca-iconica-de-seda-da-china-registra-vendas-solidas-entre-janeiro-e-maio\\\/#primaryimage\"},\"thumbnailUrl\":\"https:\\\/\\\/diariodepe.com.br\\\/xinhua\\\/wp-content\\\/uploads\\\/sites\\\/3\\\/2021\\\/06\\\/139984577_16226087729531n.jpg\",\"datePublished\":\"2021-06-02T14:29:46+00:00\",\"dateModified\":\"2021-06-02T14:29:48+00:00\",\"breadcrumb\":{\"@id\":\"https:\\\/\\\/diariodepe.com.br\\\/xinhua\\\/2021\\\/06\\\/02\\\/marca-iconica-de-seda-da-china-registra-vendas-solidas-entre-janeiro-e-maio\\\/#breadcrumb\"},\"inLanguage\":\"pt-BR\",\"potentialAction\":[{\"@type\":\"ReadAction\",\"target\":[\"https:\\\/\\\/diariodepe.com.br\\\/xinhua\\\/2021\\\/06\\\/02\\\/marca-iconica-de-seda-da-china-registra-vendas-solidas-entre-janeiro-e-maio\\\/\"]}]},{\"@type\":\"ImageObject\",\"inLanguage\":\"pt-BR\",\"@id\":\"https:\\\/\\\/diariodepe.com.br\\\/xinhua\\\/2021\\\/06\\\/02\\\/marca-iconica-de-seda-da-china-registra-vendas-solidas-entre-janeiro-e-maio\\\/#primaryimage\",\"url\":\"https:\\\/\\\/diariodepe.com.br\\\/xinhua\\\/wp-content\\\/uploads\\\/sites\\\/3\\\/2021\\\/06\\\/139984577_16226087729531n.jpg\",\"contentUrl\":\"https:\\\/\\\/diariodepe.com.br\\\/xinhua\\\/wp-content\\\/uploads\\\/sites\\\/3\\\/2021\\\/06\\\/139984577_16226087729531n.jpg\",\"width\":900,\"height\":591},{\"@type\":\"BreadcrumbList\",\"@id\":\"https:\\\/\\\/diariodepe.com.br\\\/xinhua\\\/2021\\\/06\\\/02\\\/marca-iconica-de-seda-da-china-registra-vendas-solidas-entre-janeiro-e-maio\\\/#breadcrumb\",\"itemListElement\":[{\"@type\":\"ListItem\",\"position\":1,\"name\":\"In\u00edcio\",\"item\":\"https:\\\/\\\/diariodepe.com.br\\\/xinhua\\\/\"},{\"@type\":\"ListItem\",\"position\":2,\"name\":\"Marca ic\u00f4nica de sed\u00e3 da China registra vendas s\u00f3lidas entre janeiro e maio\"}]},{\"@type\":\"WebSite\",\"@id\":\"https:\\\/\\\/diariodepe.com.br\\\/xinhua\\\/#website\",\"url\":\"https:\\\/\\\/diariodepe.com.br\\\/xinhua\\\/\",\"name\":\"Xinhua - Diario de Pernambuco\",\"description\":\"A maior ag\u00eancia de not\u00edcias da China e um dos principais canais para conhecer o pa\u00eds\",\"publisher\":{\"@id\":\"https:\\\/\\\/diariodepe.com.br\\\/xinhua\\\/#organization\"},\"potentialAction\":[{\"@type\":\"SearchAction\",\"target\":{\"@type\":\"EntryPoint\",\"urlTemplate\":\"https:\\\/\\\/diariodepe.com.br\\\/xinhua\\\/?s={search_term_string}\"},\"query-input\":{\"@type\":\"PropertyValueSpecification\",\"valueRequired\":true,\"valueName\":\"search_term_string\"}}],\"inLanguage\":\"pt-BR\"},{\"@type\":\"Organization\",\"@id\":\"https:\\\/\\\/diariodepe.com.br\\\/xinhua\\\/#organization\",\"name\":\"Xinhua - Diario de Pernambuco\",\"url\":\"https:\\\/\\\/diariodepe.com.br\\\/xinhua\\\/\",\"logo\":{\"@type\":\"ImageObject\",\"inLanguage\":\"pt-BR\",\"@id\":\"https:\\\/\\\/diariodepe.com.br\\\/xinhua\\\/#\\\/schema\\\/logo\\\/image\\\/\",\"url\":\"https:\\\/\\\/diariodepe.com.br\\\/xinhua\\\/wp-content\\\/uploads\\\/sites\\\/3\\\/2020\\\/10\\\/cropped-logo-transparente-2.png\",\"contentUrl\":\"https:\\\/\\\/diariodepe.com.br\\\/xinhua\\\/wp-content\\\/uploads\\\/sites\\\/3\\\/2020\\\/10\\\/cropped-logo-transparente-2.png\",\"width\":512,\"height\":164,\"caption\":\"Xinhua - Diario de Pernambuco\"},\"image\":{\"@id\":\"https:\\\/\\\/diariodepe.com.br\\\/xinhua\\\/#\\\/schema\\\/logo\\\/image\\\/\"}},{\"@type\":\"Person\",\"@id\":\"https:\\\/\\\/diariodepe.com.br\\\/xinhua\\\/#\\\/schema\\\/person\\\/0943d6fd02bdc7b49c8f495e8787a2cb\",\"name\":\"Marcelo Oliveira de A. Maranhao\",\"image\":{\"@type\":\"ImageObject\",\"inLanguage\":\"pt-BR\",\"@id\":\"https:\\\/\\\/secure.gravatar.com\\\/avatar\\\/f562caee940d39879c20e90eea3e4b21860c7d4c96684c23141c554824f0059c?s=96&d=mm&r=g\",\"url\":\"https:\\\/\\\/secure.gravatar.com\\\/avatar\\\/f562caee940d39879c20e90eea3e4b21860c7d4c96684c23141c554824f0059c?s=96&d=mm&r=g\",\"contentUrl\":\"https:\\\/\\\/secure.gravatar.com\\\/avatar\\\/f562caee940d39879c20e90eea3e4b21860c7d4c96684c23141c554824f0059c?s=96&d=mm&r=g\",\"caption\":\"Marcelo Oliveira de A. Maranhao\"},\"url\":\"https:\\\/\\\/diariodepe.com.br\\\/xinhua\\\/author\\\/marcelo-maranhao\\\/\"}]}<\/script>\n<!-- \/ Yoast SEO plugin. -->","yoast_head_json":{"title":"Marca ic\u00f4nica de sed\u00e3 da China registra vendas s\u00f3lidas entre janeiro e maio - Xinhua - Diario de Pernambuco","robots":{"index":"index","follow":"follow","max-snippet":"max-snippet:-1","max-image-preview":"max-image-preview:large","max-video-preview":"max-video-preview:-1"},"canonical":"https:\/\/diariodepe.com.br\/xinhua\/2021\/06\/02\/marca-iconica-de-seda-da-china-registra-vendas-solidas-entre-janeiro-e-maio\/","og_locale":"pt_BR","og_type":"article","og_title":"Marca ic\u00f4nica de sed\u00e3 da China registra vendas s\u00f3lidas entre janeiro e maio - Xinhua - Diario de Pernambuco","og_description":"Um ve\u00edculo de conceito de nova energia da Hongqi est\u00e1 sendo exibido na 19\u00aa Exibi\u00e7\u00e3o Internacional da Ind\u00fastria Automobil\u00edstica (Auto Shanghai 2021) em Shanghai, leste da China, em 28 de abril de 2021.&nbsp;(Xinhua\/Chen Fei) Changchun, 2 jun (China) &#8212; A...","og_url":"https:\/\/diariodepe.com.br\/xinhua\/2021\/06\/02\/marca-iconica-de-seda-da-china-registra-vendas-solidas-entre-janeiro-e-maio\/","og_site_name":"Xinhua - Diario de Pernambuco","article_published_time":"2021-06-02T14:29:46+00:00","article_modified_time":"2021-06-02T14:29:48+00:00","og_image":[{"width":900,"height":591,"url":"https:\/\/diariodepe.com.br\/xinhua\/wp-content\/uploads\/sites\/3\/2021\/06\/139984577_16226087729531n.jpg","type":"image\/jpeg"}],"author":"Marcelo Oliveira de A. Maranhao","twitter_card":"summary_large_image","twitter_misc":{"Escrito por":"Marcelo Oliveira de A. Maranhao","Est. tempo de leitura":"1 minuto"},"schema":{"@context":"https:\/\/schema.org","@graph":[{"@type":"Article","@id":"https:\/\/diariodepe.com.br\/xinhua\/2021\/06\/02\/marca-iconica-de-seda-da-china-registra-vendas-solidas-entre-janeiro-e-maio\/#article","isPartOf":{"@id":"https:\/\/diariodepe.com.br\/xinhua\/2021\/06\/02\/marca-iconica-de-seda-da-china-registra-vendas-solidas-entre-janeiro-e-maio\/"},"author":{"name":"Marcelo Oliveira de A. Maranhao","@id":"https:\/\/diariodepe.com.br\/xinhua\/#\/schema\/person\/0943d6fd02bdc7b49c8f495e8787a2cb"},"headline":"Marca ic\u00f4nica de sed\u00e3 da China registra vendas s\u00f3lidas entre janeiro e maio","datePublished":"2021-06-02T14:29:46+00:00","dateModified":"2021-06-02T14:29:48+00:00","mainEntityOfPage":{"@id":"https:\/\/diariodepe.com.br\/xinhua\/2021\/06\/02\/marca-iconica-de-seda-da-china-registra-vendas-solidas-entre-janeiro-e-maio\/"},"wordCount":181,"commentCount":0,"publisher":{"@id":"https:\/\/diariodepe.com.br\/xinhua\/#organization"},"image":{"@id":"https:\/\/diariodepe.com.br\/xinhua\/2021\/06\/02\/marca-iconica-de-seda-da-china-registra-vendas-solidas-entre-janeiro-e-maio\/#primaryimage"},"thumbnailUrl":"https:\/\/diariodepe.com.br\/xinhua\/wp-content\/uploads\/sites\/3\/2021\/06\/139984577_16226087729531n.jpg","articleSection":["Economia"],"inLanguage":"pt-BR","potentialAction":[{"@type":"CommentAction","name":"Comment","target":["https:\/\/diariodepe.com.br\/xinhua\/2021\/06\/02\/marca-iconica-de-seda-da-china-registra-vendas-solidas-entre-janeiro-e-maio\/#respond"]}]},{"@type":"WebPage","@id":"https:\/\/diariodepe.com.br\/xinhua\/2021\/06\/02\/marca-iconica-de-seda-da-china-registra-vendas-solidas-entre-janeiro-e-maio\/","url":"https:\/\/diariodepe.com.br\/xinhua\/2021\/06\/02\/marca-iconica-de-seda-da-china-registra-vendas-solidas-entre-janeiro-e-maio\/","name":"Marca ic\u00f4nica de sed\u00e3 da China registra vendas s\u00f3lidas entre janeiro e maio - Xinhua - Diario de Pernambuco","isPartOf":{"@id":"https:\/\/diariodepe.com.br\/xinhua\/#website"},"primaryImageOfPage":{"@id":"https:\/\/diariodepe.com.br\/xinhua\/2021\/06\/02\/marca-iconica-de-seda-da-china-registra-vendas-solidas-entre-janeiro-e-maio\/#primaryimage"},"image":{"@id":"https:\/\/diariodepe.com.br\/xinhua\/2021\/06\/02\/marca-iconica-de-seda-da-china-registra-vendas-solidas-entre-janeiro-e-maio\/#primaryimage"},"thumbnailUrl":"https:\/\/diariodepe.com.br\/xinhua\/wp-content\/uploads\/sites\/3\/2021\/06\/139984577_16226087729531n.jpg","datePublished":"2021-06-02T14:29:46+00:00","dateModified":"2021-06-02T14:29:48+00:00","breadcrumb":{"@id":"https:\/\/diariodepe.com.br\/xinhua\/2021\/06\/02\/marca-iconica-de-seda-da-china-registra-vendas-solidas-entre-janeiro-e-maio\/#breadcrumb"},"inLanguage":"pt-BR","potentialAction":[{"@type":"ReadAction","target":["https:\/\/diariodepe.com.br\/xinhua\/2021\/06\/02\/marca-iconica-de-seda-da-china-registra-vendas-solidas-entre-janeiro-e-maio\/"]}]},{"@type":"ImageObject","inLanguage":"pt-BR","@id":"https:\/\/diariodepe.com.br\/xinhua\/2021\/06\/02\/marca-iconica-de-seda-da-china-registra-vendas-solidas-entre-janeiro-e-maio\/#primaryimage","url":"https:\/\/diariodepe.com.br\/xinhua\/wp-content\/uploads\/sites\/3\/2021\/06\/139984577_16226087729531n.jpg","contentUrl":"https:\/\/diariodepe.com.br\/xinhua\/wp-content\/uploads\/sites\/3\/2021\/06\/139984577_16226087729531n.jpg","width":900,"height":591},{"@type":"BreadcrumbList","@id":"https:\/\/diariodepe.com.br\/xinhua\/2021\/06\/02\/marca-iconica-de-seda-da-china-registra-vendas-solidas-entre-janeiro-e-maio\/#breadcrumb","itemListElement":[{"@type":"ListItem","position":1,"name":"In\u00edcio","item":"https:\/\/diariodepe.com.br\/xinhua\/"},{"@type":"ListItem","position":2,"name":"Marca ic\u00f4nica de sed\u00e3 da China registra vendas s\u00f3lidas entre janeiro e maio"}]},{"@type":"WebSite","@id":"https:\/\/diariodepe.com.br\/xinhua\/#website","url":"https:\/\/diariodepe.com.br\/xinhua\/","name":"Xinhua - Diario de Pernambuco","description":"A maior ag\u00eancia de not\u00edcias da China e um dos principais canais para conhecer o pa\u00eds","publisher":{"@id":"https:\/\/diariodepe.com.br\/xinhua\/#organization"},"potentialAction":[{"@type":"SearchAction","target":{"@type":"EntryPoint","urlTemplate":"https:\/\/diariodepe.com.br\/xinhua\/?s={search_term_string}"},"query-input":{"@type":"PropertyValueSpecification","valueRequired":true,"valueName":"search_term_string"}}],"inLanguage":"pt-BR"},{"@type":"Organization","@id":"https:\/\/diariodepe.com.br\/xinhua\/#organization","name":"Xinhua - Diario de Pernambuco","url":"https:\/\/diariodepe.com.br\/xinhua\/","logo":{"@type":"ImageObject","inLanguage":"pt-BR","@id":"https:\/\/diariodepe.com.br\/xinhua\/#\/schema\/logo\/image\/","url":"https:\/\/diariodepe.com.br\/xinhua\/wp-content\/uploads\/sites\/3\/2020\/10\/cropped-logo-transparente-2.png","contentUrl":"https:\/\/diariodepe.com.br\/xinhua\/wp-content\/uploads\/sites\/3\/2020\/10\/cropped-logo-transparente-2.png","width":512,"height":164,"caption":"Xinhua - Diario de Pernambuco"},"image":{"@id":"https:\/\/diariodepe.com.br\/xinhua\/#\/schema\/logo\/image\/"}},{"@type":"Person","@id":"https:\/\/diariodepe.com.br\/xinhua\/#\/schema\/person\/0943d6fd02bdc7b49c8f495e8787a2cb","name":"Marcelo Oliveira de A. Maranhao","image":{"@type":"ImageObject","inLanguage":"pt-BR","@id":"https:\/\/secure.gravatar.com\/avatar\/f562caee940d39879c20e90eea3e4b21860c7d4c96684c23141c554824f0059c?s=96&d=mm&r=g","url":"https:\/\/secure.gravatar.com\/avatar\/f562caee940d39879c20e90eea3e4b21860c7d4c96684c23141c554824f0059c?s=96&d=mm&r=g","contentUrl":"https:\/\/secure.gravatar.com\/avatar\/f562caee940d39879c20e90eea3e4b21860c7d4c96684c23141c554824f0059c?s=96&d=mm&r=g","caption":"Marcelo Oliveira de A. Maranhao"},"url":"https:\/\/diariodepe.com.br\/xinhua\/author\/marcelo-maranhao\/"}]}},"cc_featured_image_caption":{"caption_text":"","source_text":"","source_url":""},"amp_enabled":true,"_links":{"self":[{"href":"https:\/\/diariodepe.com.br\/xinhua\/wp-json\/wp\/v2\/posts\/1872","targetHints":{"allow":["GET"]}}],"collection":[{"href":"https:\/\/diariodepe.com.br\/xinhua\/wp-json\/wp\/v2\/posts"}],"about":[{"href":"https:\/\/diariodepe.com.br\/xinhua\/wp-json\/wp\/v2\/types\/post"}],"author":[{"embeddable":true,"href":"https:\/\/diariodepe.com.br\/xinhua\/wp-json\/wp\/v2\/users\/3"}],"replies":[{"embeddable":true,"href":"https:\/\/diariodepe.com.br\/xinhua\/wp-json\/wp\/v2\/comments?post=1872"}],"version-history":[{"count":1,"href":"https:\/\/diariodepe.com.br\/xinhua\/wp-json\/wp\/v2\/posts\/1872\/revisions"}],"predecessor-version":[{"id":1874,"href":"https:\/\/diariodepe.com.br\/xinhua\/wp-json\/wp\/v2\/posts\/1872\/revisions\/1874"}],"wp:featuredmedia":[{"embeddable":true,"href":"https:\/\/diariodepe.com.br\/xinhua\/wp-json\/wp\/v2\/media\/1873"}],"wp:attachment":[{"href":"https:\/\/diariodepe.com.br\/xinhua\/wp-json\/wp\/v2\/media?parent=1872"}],"wp:term":[{"taxonomy":"category","embeddable":true,"href":"https:\/\/diariodepe.com.br\/xinhua\/wp-json\/wp\/v2\/categories?post=1872"},{"taxonomy":"post_tag","embeddable":true,"href":"https:\/\/diariodepe.com.br\/xinhua\/wp-json\/wp\/v2\/tags?post=1872"}],"curies":[{"name":"wp","href":"https:\/\/api.w.org\/{rel}","templated":true}]}}