{"id":1868,"date":"2021-06-01T11:28:48","date_gmt":"2021-06-01T14:28:48","guid":{"rendered":"http:\/\/www.diariodepe.com.br\/xinhua\/?p=1868"},"modified":"2021-06-01T11:28:51","modified_gmt":"2021-06-01T14:28:51","slug":"chefe-da-onu-pede-parceria-global-para-crescimento-verde","status":"publish","type":"post","link":"https:\/\/diariodepe.com.br\/xinhua\/2021\/06\/01\/chefe-da-onu-pede-parceria-global-para-crescimento-verde\/","title":{"rendered":"Chefe da ONU pede parceria global para crescimento verde"},"content":{"rendered":"\n<p>Na\u00e7\u00f5es Unidas, 30 mai (China)\u00a0&#8212; O secret\u00e1rio-geral da ONU, Ant\u00f3nio Guterres, pediu no domingo uma parceria global para enfrentar a mudan\u00e7a clim\u00e1tica e lutar pelo crescimento verde inclusivo.<\/p>\n\n\n\n<p>Ele fez esse apelo em uma mensagem de v\u00eddeo na C\u00fapula de Parceria para o Crescimento Verde e Metas Globais 2030, organizada pela Coreia do Sul.<\/p>\n\n\n\n<p>&#8220;O t\u00edtulo desta iniciativa expressa exatamente o que o mundo precisa agora, parceria global: parceria para vencer o COVID-19 e construir uma recupera\u00e7\u00e3o melhor, parceria para alcan\u00e7ar os Objetivos de Desenvolvimento Sustent\u00e1vel e parceria para enfrentar as mudan\u00e7as clim\u00e1ticas&#8221;, disse ele na c\u00fapula.<\/p>\n\n\n\n<p>Encarar a mudan\u00e7a clim\u00e1tica ajudar\u00e1 a proteger as pessoas mais vulner\u00e1veis \u200b\u200bda pr\u00f3xima crise, ao mesmo tempo em que sustenta uma recupera\u00e7\u00e3o rica em empregos contra o COVID-19, disse ele.<\/p>\n\n\n\n<p>A primeira prioridade \u00e9 a elimina\u00e7\u00e3o de novas usinas a carv\u00e3o e a elimina\u00e7\u00e3o progressiva do uso do carv\u00e3o at\u00e9 2030 nos pa\u00edses da Organiza\u00e7\u00e3o para a Coopera\u00e7\u00e3o e Desenvolvimento Econ\u00f4mico e em 2040 no resto do mundo, disse ele.<\/p>\n\n\n\n<p>&#8220;Al\u00e9m da lacuna de emiss\u00f5es, estou profundamente preocupado com as lacunas de financiamento e adapta\u00e7\u00e3o&#8221;, disse Guterres.<\/p>\n\n\n\n<p>Os pa\u00edses desenvolvidos ainda n\u00e3o cumpriram seu compromisso de 100 bilh\u00f5es de d\u00f3lares americanos por ano para os pa\u00edses em desenvolvimento como assist\u00eancia \u00e0 adapta\u00e7\u00e3o. O financiamento p\u00fablico n\u00e3o est\u00e1 fluindo para onde agora \u00e9 mais necess\u00e1rio, apoiar comunidades vulner\u00e1veis \u200b\u200bque j\u00e1 est\u00e3o sofrendo as consequ\u00eancias da mudan\u00e7a clim\u00e1tica. Uma pessoa em cada tr\u00eas ainda n\u00e3o est\u00e1 adequadamente coberta pelos sistemas de alerta precoce. E mulheres e meninas, que representam 80 por cento dos deslocados pela emerg\u00eancia clim\u00e1tica, s\u00e3o frequentemente exclu\u00eddas das decis\u00f5es para lidar com a crise clim\u00e1tica, observou ele.<\/p>\n\n\n\n<p>&#8220;Precisamos urgentemente de um avan\u00e7o na adapta\u00e7\u00e3o e resili\u00eancia. Estou pedindo a todos os pa\u00edses doadores que aumentem significativamente seus compromissos financeiros. Isso inclui a aloca\u00e7\u00e3o de 50 por cento do financiamento clim\u00e1tico para adapta\u00e7\u00e3o e o fornecimento de um maior n\u00edvel de doa\u00e7\u00f5es&#8221;, disse Guterres.<\/p>\n\n\n\n<p>A C\u00fapula do Grupo dos Sete em junho precisa cumprir todos esses objetivos. N\u00e3o \u00e9 uma parceria global se alguns lutam para sobreviver. Isso serve para o COVID-19, a distribui\u00e7\u00e3o de vacinas e tamb\u00e9m para a emerg\u00eancia clim\u00e1tica, disse ele.<\/p>\n","protected":false},"excerpt":{"rendered":"<p>Na\u00e7\u00f5es Unidas, 30 mai (China)\u00a0&#8212; O secret\u00e1rio-geral da ONU, Ant\u00f3nio Guterres, pediu no domingo uma parceria global para enfrentar a mudan\u00e7a clim\u00e1tica e lutar pelo crescimento verde inclusivo. Ele fez esse apelo em uma mensagem de v\u00eddeo na C\u00fapula de&#8230;<\/p>\n","protected":false},"author":3,"featured_media":0,"comment_status":"open","ping_status":"open","sticky":false,"template":"","format":"standard","meta":{"footnotes":""},"categories":[4],"tags":[],"class_list":["post-1868","post","type-post","status-publish","format-standard","hentry","category-internacional"],"yoast_head":"<!-- This site is optimized with the Yoast SEO plugin v27.4 - https:\/\/yoast.com\/product\/yoast-seo-wordpress\/ -->\n<title>Chefe da ONU pede parceria global para crescimento verde - Xinhua - Diario de Pernambuco<\/title>\n<meta name=\"robots\" content=\"index, follow, max-snippet:-1, max-image-preview:large, max-video-preview:-1\" \/>\n<link rel=\"canonical\" href=\"https:\/\/diariodepe.com.br\/xinhua\/2021\/06\/01\/chefe-da-onu-pede-parceria-global-para-crescimento-verde\/\" \/>\n<meta property=\"og:locale\" content=\"pt_BR\" \/>\n<meta property=\"og:type\" content=\"article\" \/>\n<meta property=\"og:title\" content=\"Chefe da ONU pede parceria global para crescimento verde - Xinhua - Diario de Pernambuco\" \/>\n<meta property=\"og:description\" content=\"Na\u00e7\u00f5es Unidas, 30 mai (China)\u00a0&#8212; O secret\u00e1rio-geral da ONU, Ant\u00f3nio Guterres, pediu no domingo uma parceria global para enfrentar a mudan\u00e7a clim\u00e1tica e lutar pelo crescimento verde inclusivo. Ele fez esse apelo em uma mensagem de v\u00eddeo na C\u00fapula de...\" \/>\n<meta property=\"og:url\" content=\"https:\/\/diariodepe.com.br\/xinhua\/2021\/06\/01\/chefe-da-onu-pede-parceria-global-para-crescimento-verde\/\" \/>\n<meta property=\"og:site_name\" content=\"Xinhua - Diario de Pernambuco\" \/>\n<meta property=\"article:published_time\" content=\"2021-06-01T14:28:48+00:00\" \/>\n<meta property=\"article:modified_time\" content=\"2021-06-01T14:28:51+00:00\" \/>\n<meta name=\"author\" content=\"Marcelo Oliveira de A. Maranhao\" \/>\n<meta name=\"twitter:card\" content=\"summary_large_image\" \/>\n<meta name=\"twitter:label1\" content=\"Escrito por\" \/>\n\t<meta name=\"twitter:data1\" content=\"Marcelo Oliveira de A. Maranhao\" \/>\n\t<meta name=\"twitter:label2\" content=\"Est. tempo de leitura\" \/>\n\t<meta name=\"twitter:data2\" content=\"2 minutos\" \/>\n<script type=\"application\/ld+json\" class=\"yoast-schema-graph\">{\"@context\":\"https:\\\/\\\/schema.org\",\"@graph\":[{\"@type\":\"Article\",\"@id\":\"https:\\\/\\\/diariodepe.com.br\\\/xinhua\\\/2021\\\/06\\\/01\\\/chefe-da-onu-pede-parceria-global-para-crescimento-verde\\\/#article\",\"isPartOf\":{\"@id\":\"https:\\\/\\\/diariodepe.com.br\\\/xinhua\\\/2021\\\/06\\\/01\\\/chefe-da-onu-pede-parceria-global-para-crescimento-verde\\\/\"},\"author\":{\"name\":\"Marcelo Oliveira de A. Maranhao\",\"@id\":\"https:\\\/\\\/diariodepe.com.br\\\/xinhua\\\/#\\\/schema\\\/person\\\/0943d6fd02bdc7b49c8f495e8787a2cb\"},\"headline\":\"Chefe da ONU pede parceria global para crescimento verde\",\"datePublished\":\"2021-06-01T14:28:48+00:00\",\"dateModified\":\"2021-06-01T14:28:51+00:00\",\"mainEntityOfPage\":{\"@id\":\"https:\\\/\\\/diariodepe.com.br\\\/xinhua\\\/2021\\\/06\\\/01\\\/chefe-da-onu-pede-parceria-global-para-crescimento-verde\\\/\"},\"wordCount\":428,\"commentCount\":0,\"publisher\":{\"@id\":\"https:\\\/\\\/diariodepe.com.br\\\/xinhua\\\/#organization\"},\"articleSection\":[\"Internacional\"],\"inLanguage\":\"pt-BR\",\"potentialAction\":[{\"@type\":\"CommentAction\",\"name\":\"Comment\",\"target\":[\"https:\\\/\\\/diariodepe.com.br\\\/xinhua\\\/2021\\\/06\\\/01\\\/chefe-da-onu-pede-parceria-global-para-crescimento-verde\\\/#respond\"]}]},{\"@type\":\"WebPage\",\"@id\":\"https:\\\/\\\/diariodepe.com.br\\\/xinhua\\\/2021\\\/06\\\/01\\\/chefe-da-onu-pede-parceria-global-para-crescimento-verde\\\/\",\"url\":\"https:\\\/\\\/diariodepe.com.br\\\/xinhua\\\/2021\\\/06\\\/01\\\/chefe-da-onu-pede-parceria-global-para-crescimento-verde\\\/\",\"name\":\"Chefe da ONU pede parceria global para crescimento verde - Xinhua - Diario de Pernambuco\",\"isPartOf\":{\"@id\":\"https:\\\/\\\/diariodepe.com.br\\\/xinhua\\\/#website\"},\"datePublished\":\"2021-06-01T14:28:48+00:00\",\"dateModified\":\"2021-06-01T14:28:51+00:00\",\"breadcrumb\":{\"@id\":\"https:\\\/\\\/diariodepe.com.br\\\/xinhua\\\/2021\\\/06\\\/01\\\/chefe-da-onu-pede-parceria-global-para-crescimento-verde\\\/#breadcrumb\"},\"inLanguage\":\"pt-BR\",\"potentialAction\":[{\"@type\":\"ReadAction\",\"target\":[\"https:\\\/\\\/diariodepe.com.br\\\/xinhua\\\/2021\\\/06\\\/01\\\/chefe-da-onu-pede-parceria-global-para-crescimento-verde\\\/\"]}]},{\"@type\":\"BreadcrumbList\",\"@id\":\"https:\\\/\\\/diariodepe.com.br\\\/xinhua\\\/2021\\\/06\\\/01\\\/chefe-da-onu-pede-parceria-global-para-crescimento-verde\\\/#breadcrumb\",\"itemListElement\":[{\"@type\":\"ListItem\",\"position\":1,\"name\":\"In\u00edcio\",\"item\":\"https:\\\/\\\/diariodepe.com.br\\\/xinhua\\\/\"},{\"@type\":\"ListItem\",\"position\":2,\"name\":\"Chefe da ONU pede parceria global para crescimento verde\"}]},{\"@type\":\"WebSite\",\"@id\":\"https:\\\/\\\/diariodepe.com.br\\\/xinhua\\\/#website\",\"url\":\"https:\\\/\\\/diariodepe.com.br\\\/xinhua\\\/\",\"name\":\"Xinhua - Diario de Pernambuco\",\"description\":\"A maior ag\u00eancia de not\u00edcias da China e um dos principais canais para conhecer o pa\u00eds\",\"publisher\":{\"@id\":\"https:\\\/\\\/diariodepe.com.br\\\/xinhua\\\/#organization\"},\"potentialAction\":[{\"@type\":\"SearchAction\",\"target\":{\"@type\":\"EntryPoint\",\"urlTemplate\":\"https:\\\/\\\/diariodepe.com.br\\\/xinhua\\\/?s={search_term_string}\"},\"query-input\":{\"@type\":\"PropertyValueSpecification\",\"valueRequired\":true,\"valueName\":\"search_term_string\"}}],\"inLanguage\":\"pt-BR\"},{\"@type\":\"Organization\",\"@id\":\"https:\\\/\\\/diariodepe.com.br\\\/xinhua\\\/#organization\",\"name\":\"Xinhua - Diario de Pernambuco\",\"url\":\"https:\\\/\\\/diariodepe.com.br\\\/xinhua\\\/\",\"logo\":{\"@type\":\"ImageObject\",\"inLanguage\":\"pt-BR\",\"@id\":\"https:\\\/\\\/diariodepe.com.br\\\/xinhua\\\/#\\\/schema\\\/logo\\\/image\\\/\",\"url\":\"https:\\\/\\\/diariodepe.com.br\\\/xinhua\\\/wp-content\\\/uploads\\\/sites\\\/3\\\/2020\\\/10\\\/cropped-logo-transparente-2.png\",\"contentUrl\":\"https:\\\/\\\/diariodepe.com.br\\\/xinhua\\\/wp-content\\\/uploads\\\/sites\\\/3\\\/2020\\\/10\\\/cropped-logo-transparente-2.png\",\"width\":512,\"height\":164,\"caption\":\"Xinhua - Diario de Pernambuco\"},\"image\":{\"@id\":\"https:\\\/\\\/diariodepe.com.br\\\/xinhua\\\/#\\\/schema\\\/logo\\\/image\\\/\"}},{\"@type\":\"Person\",\"@id\":\"https:\\\/\\\/diariodepe.com.br\\\/xinhua\\\/#\\\/schema\\\/person\\\/0943d6fd02bdc7b49c8f495e8787a2cb\",\"name\":\"Marcelo Oliveira de A. Maranhao\",\"image\":{\"@type\":\"ImageObject\",\"inLanguage\":\"pt-BR\",\"@id\":\"https:\\\/\\\/secure.gravatar.com\\\/avatar\\\/f562caee940d39879c20e90eea3e4b21860c7d4c96684c23141c554824f0059c?s=96&d=mm&r=g\",\"url\":\"https:\\\/\\\/secure.gravatar.com\\\/avatar\\\/f562caee940d39879c20e90eea3e4b21860c7d4c96684c23141c554824f0059c?s=96&d=mm&r=g\",\"contentUrl\":\"https:\\\/\\\/secure.gravatar.com\\\/avatar\\\/f562caee940d39879c20e90eea3e4b21860c7d4c96684c23141c554824f0059c?s=96&d=mm&r=g\",\"caption\":\"Marcelo Oliveira de A. Maranhao\"},\"url\":\"https:\\\/\\\/diariodepe.com.br\\\/xinhua\\\/author\\\/marcelo-maranhao\\\/\"}]}<\/script>\n<!-- \/ Yoast SEO plugin. -->","yoast_head_json":{"title":"Chefe da ONU pede parceria global para crescimento verde - Xinhua - Diario de Pernambuco","robots":{"index":"index","follow":"follow","max-snippet":"max-snippet:-1","max-image-preview":"max-image-preview:large","max-video-preview":"max-video-preview:-1"},"canonical":"https:\/\/diariodepe.com.br\/xinhua\/2021\/06\/01\/chefe-da-onu-pede-parceria-global-para-crescimento-verde\/","og_locale":"pt_BR","og_type":"article","og_title":"Chefe da ONU pede parceria global para crescimento verde - Xinhua - Diario de Pernambuco","og_description":"Na\u00e7\u00f5es Unidas, 30 mai (China)\u00a0&#8212; O secret\u00e1rio-geral da ONU, Ant\u00f3nio Guterres, pediu no domingo uma parceria global para enfrentar a mudan\u00e7a clim\u00e1tica e lutar pelo crescimento verde inclusivo. Ele fez esse apelo em uma mensagem de v\u00eddeo na C\u00fapula de...","og_url":"https:\/\/diariodepe.com.br\/xinhua\/2021\/06\/01\/chefe-da-onu-pede-parceria-global-para-crescimento-verde\/","og_site_name":"Xinhua - Diario de Pernambuco","article_published_time":"2021-06-01T14:28:48+00:00","article_modified_time":"2021-06-01T14:28:51+00:00","author":"Marcelo Oliveira de A. Maranhao","twitter_card":"summary_large_image","twitter_misc":{"Escrito por":"Marcelo Oliveira de A. Maranhao","Est. tempo de leitura":"2 minutos"},"schema":{"@context":"https:\/\/schema.org","@graph":[{"@type":"Article","@id":"https:\/\/diariodepe.com.br\/xinhua\/2021\/06\/01\/chefe-da-onu-pede-parceria-global-para-crescimento-verde\/#article","isPartOf":{"@id":"https:\/\/diariodepe.com.br\/xinhua\/2021\/06\/01\/chefe-da-onu-pede-parceria-global-para-crescimento-verde\/"},"author":{"name":"Marcelo Oliveira de A. Maranhao","@id":"https:\/\/diariodepe.com.br\/xinhua\/#\/schema\/person\/0943d6fd02bdc7b49c8f495e8787a2cb"},"headline":"Chefe da ONU pede parceria global para crescimento verde","datePublished":"2021-06-01T14:28:48+00:00","dateModified":"2021-06-01T14:28:51+00:00","mainEntityOfPage":{"@id":"https:\/\/diariodepe.com.br\/xinhua\/2021\/06\/01\/chefe-da-onu-pede-parceria-global-para-crescimento-verde\/"},"wordCount":428,"commentCount":0,"publisher":{"@id":"https:\/\/diariodepe.com.br\/xinhua\/#organization"},"articleSection":["Internacional"],"inLanguage":"pt-BR","potentialAction":[{"@type":"CommentAction","name":"Comment","target":["https:\/\/diariodepe.com.br\/xinhua\/2021\/06\/01\/chefe-da-onu-pede-parceria-global-para-crescimento-verde\/#respond"]}]},{"@type":"WebPage","@id":"https:\/\/diariodepe.com.br\/xinhua\/2021\/06\/01\/chefe-da-onu-pede-parceria-global-para-crescimento-verde\/","url":"https:\/\/diariodepe.com.br\/xinhua\/2021\/06\/01\/chefe-da-onu-pede-parceria-global-para-crescimento-verde\/","name":"Chefe da ONU pede parceria global para crescimento verde - Xinhua - Diario de Pernambuco","isPartOf":{"@id":"https:\/\/diariodepe.com.br\/xinhua\/#website"},"datePublished":"2021-06-01T14:28:48+00:00","dateModified":"2021-06-01T14:28:51+00:00","breadcrumb":{"@id":"https:\/\/diariodepe.com.br\/xinhua\/2021\/06\/01\/chefe-da-onu-pede-parceria-global-para-crescimento-verde\/#breadcrumb"},"inLanguage":"pt-BR","potentialAction":[{"@type":"ReadAction","target":["https:\/\/diariodepe.com.br\/xinhua\/2021\/06\/01\/chefe-da-onu-pede-parceria-global-para-crescimento-verde\/"]}]},{"@type":"BreadcrumbList","@id":"https:\/\/diariodepe.com.br\/xinhua\/2021\/06\/01\/chefe-da-onu-pede-parceria-global-para-crescimento-verde\/#breadcrumb","itemListElement":[{"@type":"ListItem","position":1,"name":"In\u00edcio","item":"https:\/\/diariodepe.com.br\/xinhua\/"},{"@type":"ListItem","position":2,"name":"Chefe da ONU pede parceria global para crescimento verde"}]},{"@type":"WebSite","@id":"https:\/\/diariodepe.com.br\/xinhua\/#website","url":"https:\/\/diariodepe.com.br\/xinhua\/","name":"Xinhua - Diario de Pernambuco","description":"A maior ag\u00eancia de not\u00edcias da China e um dos principais canais para conhecer o pa\u00eds","publisher":{"@id":"https:\/\/diariodepe.com.br\/xinhua\/#organization"},"potentialAction":[{"@type":"SearchAction","target":{"@type":"EntryPoint","urlTemplate":"https:\/\/diariodepe.com.br\/xinhua\/?s={search_term_string}"},"query-input":{"@type":"PropertyValueSpecification","valueRequired":true,"valueName":"search_term_string"}}],"inLanguage":"pt-BR"},{"@type":"Organization","@id":"https:\/\/diariodepe.com.br\/xinhua\/#organization","name":"Xinhua - Diario de Pernambuco","url":"https:\/\/diariodepe.com.br\/xinhua\/","logo":{"@type":"ImageObject","inLanguage":"pt-BR","@id":"https:\/\/diariodepe.com.br\/xinhua\/#\/schema\/logo\/image\/","url":"https:\/\/diariodepe.com.br\/xinhua\/wp-content\/uploads\/sites\/3\/2020\/10\/cropped-logo-transparente-2.png","contentUrl":"https:\/\/diariodepe.com.br\/xinhua\/wp-content\/uploads\/sites\/3\/2020\/10\/cropped-logo-transparente-2.png","width":512,"height":164,"caption":"Xinhua - Diario de Pernambuco"},"image":{"@id":"https:\/\/diariodepe.com.br\/xinhua\/#\/schema\/logo\/image\/"}},{"@type":"Person","@id":"https:\/\/diariodepe.com.br\/xinhua\/#\/schema\/person\/0943d6fd02bdc7b49c8f495e8787a2cb","name":"Marcelo Oliveira de A. Maranhao","image":{"@type":"ImageObject","inLanguage":"pt-BR","@id":"https:\/\/secure.gravatar.com\/avatar\/f562caee940d39879c20e90eea3e4b21860c7d4c96684c23141c554824f0059c?s=96&d=mm&r=g","url":"https:\/\/secure.gravatar.com\/avatar\/f562caee940d39879c20e90eea3e4b21860c7d4c96684c23141c554824f0059c?s=96&d=mm&r=g","contentUrl":"https:\/\/secure.gravatar.com\/avatar\/f562caee940d39879c20e90eea3e4b21860c7d4c96684c23141c554824f0059c?s=96&d=mm&r=g","caption":"Marcelo Oliveira de A. Maranhao"},"url":"https:\/\/diariodepe.com.br\/xinhua\/author\/marcelo-maranhao\/"}]}},"cc_featured_image_caption":{"caption_text":"","source_text":"","source_url":""},"amp_enabled":true,"_links":{"self":[{"href":"https:\/\/diariodepe.com.br\/xinhua\/wp-json\/wp\/v2\/posts\/1868","targetHints":{"allow":["GET"]}}],"collection":[{"href":"https:\/\/diariodepe.com.br\/xinhua\/wp-json\/wp\/v2\/posts"}],"about":[{"href":"https:\/\/diariodepe.com.br\/xinhua\/wp-json\/wp\/v2\/types\/post"}],"author":[{"embeddable":true,"href":"https:\/\/diariodepe.com.br\/xinhua\/wp-json\/wp\/v2\/users\/3"}],"replies":[{"embeddable":true,"href":"https:\/\/diariodepe.com.br\/xinhua\/wp-json\/wp\/v2\/comments?post=1868"}],"version-history":[{"count":1,"href":"https:\/\/diariodepe.com.br\/xinhua\/wp-json\/wp\/v2\/posts\/1868\/revisions"}],"predecessor-version":[{"id":1869,"href":"https:\/\/diariodepe.com.br\/xinhua\/wp-json\/wp\/v2\/posts\/1868\/revisions\/1869"}],"wp:attachment":[{"href":"https:\/\/diariodepe.com.br\/xinhua\/wp-json\/wp\/v2\/media?parent=1868"}],"wp:term":[{"taxonomy":"category","embeddable":true,"href":"https:\/\/diariodepe.com.br\/xinhua\/wp-json\/wp\/v2\/categories?post=1868"},{"taxonomy":"post_tag","embeddable":true,"href":"https:\/\/diariodepe.com.br\/xinhua\/wp-json\/wp\/v2\/tags?post=1868"}],"curies":[{"name":"wp","href":"https:\/\/api.w.org\/{rel}","templated":true}]}}