{"id":18639,"date":"2024-03-12T09:12:00","date_gmt":"2024-03-12T12:12:00","guid":{"rendered":"https:\/\/www.diariodepe.com.br\/xinhua\/?p=18639"},"modified":"2024-03-12T08:52:14","modified_gmt":"2024-03-12T11:52:14","slug":"cecp-capacita-paquistanesas-por-meio-do-progresso-socioeconomico-e-do-crescimento-profissional","status":"publish","type":"post","link":"https:\/\/diariodepe.com.br\/xinhua\/2024\/03\/12\/cecp-capacita-paquistanesas-por-meio-do-progresso-socioeconomico-e-do-crescimento-profissional\/","title":{"rendered":"CECP capacita paquistanesas por meio do progresso socioecon\u00f4mico e do crescimento profissional"},"content":{"rendered":"\n<p>Islamabad &#8211; Adeela Rehman trabalha como gerente de recursos humanos no Projeto Integrado de Energia e Minera\u00e7\u00e3o de Carv\u00e3o do Bloco 2 de Thar com seus colegas paquistaneses e chineses para desempenhar um papel no desenvolvimento de seu pa\u00eds.<\/p>\n\n\n\n<p>Em conversa com a Xinhua, Rehman disse que teve uma oportunidade igual \u00e0 dos homens de mostrar suas habilidades profissionais e deixar sua marca, acrescentando que o projeto n\u00e3o apenas aprimora suas habilidades gerenciais, mas tamb\u00e9m a posiciona como um farol de capacita\u00e7\u00e3o para as mulheres em sua comunidade.<\/p>\n\n\n\n<p>O projeto, localizado no remoto distrito de Thar, na Prov\u00edncia de Sindh, no sul do Paquist\u00e3o, e constru\u00eddo pela China Machinery Engineering Corporation, tem uma grande usina de energia sob o Corredor Econ\u00f4mico China-Paquist\u00e3o (CECP) para ajudar o pa\u00eds a atender suas demandas de eletricidade usando carv\u00e3o dispon\u00edvel localmente.<\/p>\n\n\n\n<p>&#8220;Durante minha experi\u00eancia de trabalho no projeto, descobri que o empoderamento das mulheres est\u00e1 profundamente ligado ao CECP, pois ele oferece boas oportunidades para que mulheres habilidosas busquem seus sonhos e rompam as barreiras sociais&#8221;, acrescentou Rehman.<\/p>\n\n\n\n<p>Lan\u00e7ado em 2013, o CECP, um projeto emblem\u00e1tico da Iniciativa do Cintur\u00e3o e Rota (ICR), proposta pela China, \u00e9 um corredor que liga o porto de Gwadar, no sudoeste do Paquist\u00e3o, a Kashgar, na Regi\u00e3o Aut\u00f4noma Uigur de Xinjiang, no noroeste da China, destacando a coopera\u00e7\u00e3o em energia, transporte e ind\u00fastria.<\/p>\n\n\n\n<p>No Dia Internacional da Mulher, Rehman, juntamente com centenas de mulheres ligadas direta ou indiretamente ao CECP no Paquist\u00e3o, comemorou seu empoderamento, avan\u00e7o socioecon\u00f4mico e crescimento profissional decorrentes da coopera\u00e7\u00e3o econ\u00f4mica entre os dois pa\u00edses.<\/p>\n\n\n\n<p>Zaitoon Abdullah, uma proeminente ativista social de Gwadar, est\u00e1 muito impressionada com as oportunidades oferecidas \u00e0s mulheres locais por meio do centro de treinamento vocacional do CECP.<\/p>\n\n\n\n<p>As mulheres de Gwadar s\u00e3o h\u00e1beis em costura b\u00e1sica, mas n\u00e3o tiveram muitas chances de usar as habilidades devido \u00e0s oportunidades limitadas na \u00e1rea, disse Abdullah, chefe do centro de treinamento, em entrevista \u00e0 Xinhua.<\/p>\n\n\n\n<p>&#8220;O centro de treinamento estabelecido no \u00e2mbito do CECP tem como objetivo capacitar essas mulheres talentosas, mas desprivilegiadas, oferecendo-lhes uma plataforma para aprimorar suas habilidades e utiliz\u00e1-las para obter benef\u00edcios financeiros&#8221;, disse ela.<\/p>\n\n\n\n<figure class=\"wp-block-image\"><img decoding=\"async\" src=\"https:\/\/portuguese.news.cn\/20240312\/192b3d615d29409fa9141288e156b75e\/20240312192b3d615d29409fa9141288e156b75e_20240312adab7ed0d96a4b278b4f8f509436cca1.jpeg\" alt=\"\"\/><figcaption>Uma mulher trabalha no Instituto T\u00e9cnico e Profissionalizante Paquist\u00e3o-China em Gwadar, no sudoeste do Paquist\u00e3o, em 8 de mar\u00e7o de 2024. (Instituto T\u00e9cnico e Profissionalizante Paquist\u00e3o-China\/Divulga\u00e7\u00e3o via Xinhua)<\/figcaption><\/figure>\n\n\n\n<p>Em sua fase inicial, o centro se concentrou na produ\u00e7\u00e3o de uniformes para funcion\u00e1rios de empresas chinesas. Equipado com maquin\u00e1rio moderno, o centro est\u00e1 pronto para evoluir para uma f\u00e1brica de roupas, na qual vestidos feitos localmente ser\u00e3o distribu\u00eddos e vendidos em toda a prov\u00edncia do Baluchist\u00e3o.<\/p>\n\n\n\n<p>Abdullah disse que as mulheres que antes recebiam uma renda escassa do trabalho dom\u00e9stico agora podem garantir ganhos substanciais e est\u00e3o contribuindo significativamente para o bem-estar financeiro de suas fam\u00edlias.<\/p>\n\n\n\n<p>O Projeto Integrado de Energia e Minera\u00e7\u00e3o de Carv\u00e3o do Bloco 2 de Thar do CECP tamb\u00e9m proporcionou \u00e0s agricultoras locais sem instru\u00e7\u00e3o a oportunidade de quebrar estere\u00f3tipos, incorporando-as a uma for\u00e7a de trabalho qualificada ap\u00f3s um treinamento rigoroso de seis meses como motoristas de caminh\u00f5es basculantes.<\/p>\n\n\n\n<p>Rani Kolhi, m\u00e3e de tr\u00eas filhos, venceu a fome e a ang\u00fastia ao defender a si mesma e a seus filhos para se tornar uma motorista profissional de caminh\u00e3o basculante, um trabalho que muitos homens fortes de sua regi\u00e3o hesitavam em fazer.<\/p>\n\n\n\n<p>&#8220;Eu sabia que seria um desafio enfrentar os estere\u00f3tipos, mas o CECP agiu como um fator impulsionador para me ajudar a reconhecer meu valor e minha for\u00e7a. A jornada foi dif\u00edcil e tive que enfrentar o ceticismo da sociedade e os desafios profissionais e pessoais, mas acreditei no sucesso e, hoje, trabalhando como motorista s\u00eanior, n\u00e3o sou apenas financeiramente independente, mas tamb\u00e9m uma fonte de inspira\u00e7\u00e3o para outras mulheres&#8221;, disse Kolhi \u00e0 Xinhua.<\/p>\n","protected":false},"excerpt":{"rendered":"<p>Islamabad &#8211; Adeela Rehman trabalha como gerente de recursos humanos no Projeto Integrado de Energia e Minera\u00e7\u00e3o de Carv\u00e3o do Bloco 2 de Thar com seus colegas paquistaneses e chineses para desempenhar um papel no desenvolvimento de seu pa\u00eds. Em&#8230;<\/p>\n","protected":false},"author":3,"featured_media":18640,"comment_status":"open","ping_status":"open","sticky":false,"template":"","format":"standard","meta":{"footnotes":""},"categories":[4],"tags":[],"class_list":["post-18639","post","type-post","status-publish","format-standard","has-post-thumbnail","hentry","category-internacional"],"yoast_head":"<!-- This site is optimized with the Yoast SEO plugin v27.4 - https:\/\/yoast.com\/product\/yoast-seo-wordpress\/ -->\n<title>CECP capacita paquistanesas por meio do progresso socioecon\u00f4mico e do crescimento profissional - Xinhua - Diario de Pernambuco<\/title>\n<meta name=\"robots\" content=\"index, follow, max-snippet:-1, max-image-preview:large, max-video-preview:-1\" \/>\n<link rel=\"canonical\" href=\"https:\/\/diariodepe.com.br\/xinhua\/2024\/03\/12\/cecp-capacita-paquistanesas-por-meio-do-progresso-socioeconomico-e-do-crescimento-profissional\/\" \/>\n<meta property=\"og:locale\" content=\"pt_BR\" \/>\n<meta property=\"og:type\" content=\"article\" \/>\n<meta property=\"og:title\" content=\"CECP capacita paquistanesas por meio do progresso socioecon\u00f4mico e do crescimento profissional - Xinhua - Diario de Pernambuco\" \/>\n<meta property=\"og:description\" content=\"Islamabad &#8211; Adeela Rehman trabalha como gerente de recursos humanos no Projeto Integrado de Energia e Minera\u00e7\u00e3o de Carv\u00e3o do Bloco 2 de Thar com seus colegas paquistaneses e chineses para desempenhar um papel no desenvolvimento de seu pa\u00eds. Em...\" \/>\n<meta property=\"og:url\" content=\"https:\/\/diariodepe.com.br\/xinhua\/2024\/03\/12\/cecp-capacita-paquistanesas-por-meio-do-progresso-socioeconomico-e-do-crescimento-profissional\/\" \/>\n<meta property=\"og:site_name\" content=\"Xinhua - Diario de Pernambuco\" \/>\n<meta property=\"article:published_time\" content=\"2024-03-12T12:12:00+00:00\" \/>\n<meta property=\"og:image\" content=\"https:\/\/diariodepe.com.br\/xinhua\/wp-content\/uploads\/sites\/3\/2024\/03\/20240312192b3d615d29409fa9141288e156b75e_20240312f0746116e2fe40dab5737bc78a43187f.jpeg\" \/>\n\t<meta property=\"og:image:width\" content=\"900\" \/>\n\t<meta property=\"og:image:height\" content=\"675\" \/>\n\t<meta property=\"og:image:type\" content=\"image\/jpeg\" \/>\n<meta name=\"author\" content=\"Marcelo Oliveira de A. Maranhao\" \/>\n<meta name=\"twitter:card\" content=\"summary_large_image\" \/>\n<meta name=\"twitter:label1\" content=\"Escrito por\" \/>\n\t<meta name=\"twitter:data1\" content=\"Marcelo Oliveira de A. Maranhao\" \/>\n\t<meta name=\"twitter:label2\" content=\"Est. tempo de leitura\" \/>\n\t<meta name=\"twitter:data2\" content=\"4 minutos\" \/>\n<script type=\"application\/ld+json\" class=\"yoast-schema-graph\">{\"@context\":\"https:\\\/\\\/schema.org\",\"@graph\":[{\"@type\":\"Article\",\"@id\":\"https:\\\/\\\/diariodepe.com.br\\\/xinhua\\\/2024\\\/03\\\/12\\\/cecp-capacita-paquistanesas-por-meio-do-progresso-socioeconomico-e-do-crescimento-profissional\\\/#article\",\"isPartOf\":{\"@id\":\"https:\\\/\\\/diariodepe.com.br\\\/xinhua\\\/2024\\\/03\\\/12\\\/cecp-capacita-paquistanesas-por-meio-do-progresso-socioeconomico-e-do-crescimento-profissional\\\/\"},\"author\":{\"name\":\"Marcelo Oliveira de A. Maranhao\",\"@id\":\"https:\\\/\\\/diariodepe.com.br\\\/xinhua\\\/#\\\/schema\\\/person\\\/0943d6fd02bdc7b49c8f495e8787a2cb\"},\"headline\":\"CECP capacita paquistanesas por meio do progresso socioecon\u00f4mico e do crescimento profissional\",\"datePublished\":\"2024-03-12T12:12:00+00:00\",\"mainEntityOfPage\":{\"@id\":\"https:\\\/\\\/diariodepe.com.br\\\/xinhua\\\/2024\\\/03\\\/12\\\/cecp-capacita-paquistanesas-por-meio-do-progresso-socioeconomico-e-do-crescimento-profissional\\\/\"},\"wordCount\":700,\"commentCount\":0,\"publisher\":{\"@id\":\"https:\\\/\\\/diariodepe.com.br\\\/xinhua\\\/#organization\"},\"image\":{\"@id\":\"https:\\\/\\\/diariodepe.com.br\\\/xinhua\\\/2024\\\/03\\\/12\\\/cecp-capacita-paquistanesas-por-meio-do-progresso-socioeconomico-e-do-crescimento-profissional\\\/#primaryimage\"},\"thumbnailUrl\":\"https:\\\/\\\/diariodepe.com.br\\\/xinhua\\\/wp-content\\\/uploads\\\/sites\\\/3\\\/2024\\\/03\\\/20240312192b3d615d29409fa9141288e156b75e_20240312f0746116e2fe40dab5737bc78a43187f.jpeg\",\"articleSection\":[\"Internacional\"],\"inLanguage\":\"pt-BR\",\"potentialAction\":[{\"@type\":\"CommentAction\",\"name\":\"Comment\",\"target\":[\"https:\\\/\\\/diariodepe.com.br\\\/xinhua\\\/2024\\\/03\\\/12\\\/cecp-capacita-paquistanesas-por-meio-do-progresso-socioeconomico-e-do-crescimento-profissional\\\/#respond\"]}]},{\"@type\":\"WebPage\",\"@id\":\"https:\\\/\\\/diariodepe.com.br\\\/xinhua\\\/2024\\\/03\\\/12\\\/cecp-capacita-paquistanesas-por-meio-do-progresso-socioeconomico-e-do-crescimento-profissional\\\/\",\"url\":\"https:\\\/\\\/diariodepe.com.br\\\/xinhua\\\/2024\\\/03\\\/12\\\/cecp-capacita-paquistanesas-por-meio-do-progresso-socioeconomico-e-do-crescimento-profissional\\\/\",\"name\":\"CECP capacita paquistanesas por meio do progresso socioecon\u00f4mico e do crescimento profissional - Xinhua - Diario de Pernambuco\",\"isPartOf\":{\"@id\":\"https:\\\/\\\/diariodepe.com.br\\\/xinhua\\\/#website\"},\"primaryImageOfPage\":{\"@id\":\"https:\\\/\\\/diariodepe.com.br\\\/xinhua\\\/2024\\\/03\\\/12\\\/cecp-capacita-paquistanesas-por-meio-do-progresso-socioeconomico-e-do-crescimento-profissional\\\/#primaryimage\"},\"image\":{\"@id\":\"https:\\\/\\\/diariodepe.com.br\\\/xinhua\\\/2024\\\/03\\\/12\\\/cecp-capacita-paquistanesas-por-meio-do-progresso-socioeconomico-e-do-crescimento-profissional\\\/#primaryimage\"},\"thumbnailUrl\":\"https:\\\/\\\/diariodepe.com.br\\\/xinhua\\\/wp-content\\\/uploads\\\/sites\\\/3\\\/2024\\\/03\\\/20240312192b3d615d29409fa9141288e156b75e_20240312f0746116e2fe40dab5737bc78a43187f.jpeg\",\"datePublished\":\"2024-03-12T12:12:00+00:00\",\"breadcrumb\":{\"@id\":\"https:\\\/\\\/diariodepe.com.br\\\/xinhua\\\/2024\\\/03\\\/12\\\/cecp-capacita-paquistanesas-por-meio-do-progresso-socioeconomico-e-do-crescimento-profissional\\\/#breadcrumb\"},\"inLanguage\":\"pt-BR\",\"potentialAction\":[{\"@type\":\"ReadAction\",\"target\":[\"https:\\\/\\\/diariodepe.com.br\\\/xinhua\\\/2024\\\/03\\\/12\\\/cecp-capacita-paquistanesas-por-meio-do-progresso-socioeconomico-e-do-crescimento-profissional\\\/\"]}]},{\"@type\":\"ImageObject\",\"inLanguage\":\"pt-BR\",\"@id\":\"https:\\\/\\\/diariodepe.com.br\\\/xinhua\\\/2024\\\/03\\\/12\\\/cecp-capacita-paquistanesas-por-meio-do-progresso-socioeconomico-e-do-crescimento-profissional\\\/#primaryimage\",\"url\":\"https:\\\/\\\/diariodepe.com.br\\\/xinhua\\\/wp-content\\\/uploads\\\/sites\\\/3\\\/2024\\\/03\\\/20240312192b3d615d29409fa9141288e156b75e_20240312f0746116e2fe40dab5737bc78a43187f.jpeg\",\"contentUrl\":\"https:\\\/\\\/diariodepe.com.br\\\/xinhua\\\/wp-content\\\/uploads\\\/sites\\\/3\\\/2024\\\/03\\\/20240312192b3d615d29409fa9141288e156b75e_20240312f0746116e2fe40dab5737bc78a43187f.jpeg\",\"width\":900,\"height\":675},{\"@type\":\"BreadcrumbList\",\"@id\":\"https:\\\/\\\/diariodepe.com.br\\\/xinhua\\\/2024\\\/03\\\/12\\\/cecp-capacita-paquistanesas-por-meio-do-progresso-socioeconomico-e-do-crescimento-profissional\\\/#breadcrumb\",\"itemListElement\":[{\"@type\":\"ListItem\",\"position\":1,\"name\":\"In\u00edcio\",\"item\":\"https:\\\/\\\/diariodepe.com.br\\\/xinhua\\\/\"},{\"@type\":\"ListItem\",\"position\":2,\"name\":\"CECP capacita paquistanesas por meio do progresso socioecon\u00f4mico e do crescimento profissional\"}]},{\"@type\":\"WebSite\",\"@id\":\"https:\\\/\\\/diariodepe.com.br\\\/xinhua\\\/#website\",\"url\":\"https:\\\/\\\/diariodepe.com.br\\\/xinhua\\\/\",\"name\":\"Xinhua - Diario de Pernambuco\",\"description\":\"A maior ag\u00eancia de not\u00edcias da China e um dos principais canais para conhecer o pa\u00eds\",\"publisher\":{\"@id\":\"https:\\\/\\\/diariodepe.com.br\\\/xinhua\\\/#organization\"},\"potentialAction\":[{\"@type\":\"SearchAction\",\"target\":{\"@type\":\"EntryPoint\",\"urlTemplate\":\"https:\\\/\\\/diariodepe.com.br\\\/xinhua\\\/?s={search_term_string}\"},\"query-input\":{\"@type\":\"PropertyValueSpecification\",\"valueRequired\":true,\"valueName\":\"search_term_string\"}}],\"inLanguage\":\"pt-BR\"},{\"@type\":\"Organization\",\"@id\":\"https:\\\/\\\/diariodepe.com.br\\\/xinhua\\\/#organization\",\"name\":\"Xinhua - Diario de Pernambuco\",\"url\":\"https:\\\/\\\/diariodepe.com.br\\\/xinhua\\\/\",\"logo\":{\"@type\":\"ImageObject\",\"inLanguage\":\"pt-BR\",\"@id\":\"https:\\\/\\\/diariodepe.com.br\\\/xinhua\\\/#\\\/schema\\\/logo\\\/image\\\/\",\"url\":\"https:\\\/\\\/diariodepe.com.br\\\/xinhua\\\/wp-content\\\/uploads\\\/sites\\\/3\\\/2020\\\/10\\\/cropped-logo-transparente-2.png\",\"contentUrl\":\"https:\\\/\\\/diariodepe.com.br\\\/xinhua\\\/wp-content\\\/uploads\\\/sites\\\/3\\\/2020\\\/10\\\/cropped-logo-transparente-2.png\",\"width\":512,\"height\":164,\"caption\":\"Xinhua - Diario de Pernambuco\"},\"image\":{\"@id\":\"https:\\\/\\\/diariodepe.com.br\\\/xinhua\\\/#\\\/schema\\\/logo\\\/image\\\/\"}},{\"@type\":\"Person\",\"@id\":\"https:\\\/\\\/diariodepe.com.br\\\/xinhua\\\/#\\\/schema\\\/person\\\/0943d6fd02bdc7b49c8f495e8787a2cb\",\"name\":\"Marcelo Oliveira de A. Maranhao\",\"image\":{\"@type\":\"ImageObject\",\"inLanguage\":\"pt-BR\",\"@id\":\"https:\\\/\\\/secure.gravatar.com\\\/avatar\\\/f562caee940d39879c20e90eea3e4b21860c7d4c96684c23141c554824f0059c?s=96&d=mm&r=g\",\"url\":\"https:\\\/\\\/secure.gravatar.com\\\/avatar\\\/f562caee940d39879c20e90eea3e4b21860c7d4c96684c23141c554824f0059c?s=96&d=mm&r=g\",\"contentUrl\":\"https:\\\/\\\/secure.gravatar.com\\\/avatar\\\/f562caee940d39879c20e90eea3e4b21860c7d4c96684c23141c554824f0059c?s=96&d=mm&r=g\",\"caption\":\"Marcelo Oliveira de A. Maranhao\"},\"url\":\"https:\\\/\\\/diariodepe.com.br\\\/xinhua\\\/author\\\/marcelo-maranhao\\\/\"}]}<\/script>\n<!-- \/ Yoast SEO plugin. -->","yoast_head_json":{"title":"CECP capacita paquistanesas por meio do progresso socioecon\u00f4mico e do crescimento profissional - Xinhua - Diario de Pernambuco","robots":{"index":"index","follow":"follow","max-snippet":"max-snippet:-1","max-image-preview":"max-image-preview:large","max-video-preview":"max-video-preview:-1"},"canonical":"https:\/\/diariodepe.com.br\/xinhua\/2024\/03\/12\/cecp-capacita-paquistanesas-por-meio-do-progresso-socioeconomico-e-do-crescimento-profissional\/","og_locale":"pt_BR","og_type":"article","og_title":"CECP capacita paquistanesas por meio do progresso socioecon\u00f4mico e do crescimento profissional - Xinhua - Diario de Pernambuco","og_description":"Islamabad &#8211; Adeela Rehman trabalha como gerente de recursos humanos no Projeto Integrado de Energia e Minera\u00e7\u00e3o de Carv\u00e3o do Bloco 2 de Thar com seus colegas paquistaneses e chineses para desempenhar um papel no desenvolvimento de seu pa\u00eds. Em...","og_url":"https:\/\/diariodepe.com.br\/xinhua\/2024\/03\/12\/cecp-capacita-paquistanesas-por-meio-do-progresso-socioeconomico-e-do-crescimento-profissional\/","og_site_name":"Xinhua - Diario de Pernambuco","article_published_time":"2024-03-12T12:12:00+00:00","og_image":[{"width":900,"height":675,"url":"https:\/\/diariodepe.com.br\/xinhua\/wp-content\/uploads\/sites\/3\/2024\/03\/20240312192b3d615d29409fa9141288e156b75e_20240312f0746116e2fe40dab5737bc78a43187f.jpeg","type":"image\/jpeg"}],"author":"Marcelo Oliveira de A. Maranhao","twitter_card":"summary_large_image","twitter_misc":{"Escrito por":"Marcelo Oliveira de A. Maranhao","Est. tempo de leitura":"4 minutos"},"schema":{"@context":"https:\/\/schema.org","@graph":[{"@type":"Article","@id":"https:\/\/diariodepe.com.br\/xinhua\/2024\/03\/12\/cecp-capacita-paquistanesas-por-meio-do-progresso-socioeconomico-e-do-crescimento-profissional\/#article","isPartOf":{"@id":"https:\/\/diariodepe.com.br\/xinhua\/2024\/03\/12\/cecp-capacita-paquistanesas-por-meio-do-progresso-socioeconomico-e-do-crescimento-profissional\/"},"author":{"name":"Marcelo Oliveira de A. Maranhao","@id":"https:\/\/diariodepe.com.br\/xinhua\/#\/schema\/person\/0943d6fd02bdc7b49c8f495e8787a2cb"},"headline":"CECP capacita paquistanesas por meio do progresso socioecon\u00f4mico e do crescimento profissional","datePublished":"2024-03-12T12:12:00+00:00","mainEntityOfPage":{"@id":"https:\/\/diariodepe.com.br\/xinhua\/2024\/03\/12\/cecp-capacita-paquistanesas-por-meio-do-progresso-socioeconomico-e-do-crescimento-profissional\/"},"wordCount":700,"commentCount":0,"publisher":{"@id":"https:\/\/diariodepe.com.br\/xinhua\/#organization"},"image":{"@id":"https:\/\/diariodepe.com.br\/xinhua\/2024\/03\/12\/cecp-capacita-paquistanesas-por-meio-do-progresso-socioeconomico-e-do-crescimento-profissional\/#primaryimage"},"thumbnailUrl":"https:\/\/diariodepe.com.br\/xinhua\/wp-content\/uploads\/sites\/3\/2024\/03\/20240312192b3d615d29409fa9141288e156b75e_20240312f0746116e2fe40dab5737bc78a43187f.jpeg","articleSection":["Internacional"],"inLanguage":"pt-BR","potentialAction":[{"@type":"CommentAction","name":"Comment","target":["https:\/\/diariodepe.com.br\/xinhua\/2024\/03\/12\/cecp-capacita-paquistanesas-por-meio-do-progresso-socioeconomico-e-do-crescimento-profissional\/#respond"]}]},{"@type":"WebPage","@id":"https:\/\/diariodepe.com.br\/xinhua\/2024\/03\/12\/cecp-capacita-paquistanesas-por-meio-do-progresso-socioeconomico-e-do-crescimento-profissional\/","url":"https:\/\/diariodepe.com.br\/xinhua\/2024\/03\/12\/cecp-capacita-paquistanesas-por-meio-do-progresso-socioeconomico-e-do-crescimento-profissional\/","name":"CECP capacita paquistanesas por meio do progresso socioecon\u00f4mico e do crescimento profissional - Xinhua - Diario de Pernambuco","isPartOf":{"@id":"https:\/\/diariodepe.com.br\/xinhua\/#website"},"primaryImageOfPage":{"@id":"https:\/\/diariodepe.com.br\/xinhua\/2024\/03\/12\/cecp-capacita-paquistanesas-por-meio-do-progresso-socioeconomico-e-do-crescimento-profissional\/#primaryimage"},"image":{"@id":"https:\/\/diariodepe.com.br\/xinhua\/2024\/03\/12\/cecp-capacita-paquistanesas-por-meio-do-progresso-socioeconomico-e-do-crescimento-profissional\/#primaryimage"},"thumbnailUrl":"https:\/\/diariodepe.com.br\/xinhua\/wp-content\/uploads\/sites\/3\/2024\/03\/20240312192b3d615d29409fa9141288e156b75e_20240312f0746116e2fe40dab5737bc78a43187f.jpeg","datePublished":"2024-03-12T12:12:00+00:00","breadcrumb":{"@id":"https:\/\/diariodepe.com.br\/xinhua\/2024\/03\/12\/cecp-capacita-paquistanesas-por-meio-do-progresso-socioeconomico-e-do-crescimento-profissional\/#breadcrumb"},"inLanguage":"pt-BR","potentialAction":[{"@type":"ReadAction","target":["https:\/\/diariodepe.com.br\/xinhua\/2024\/03\/12\/cecp-capacita-paquistanesas-por-meio-do-progresso-socioeconomico-e-do-crescimento-profissional\/"]}]},{"@type":"ImageObject","inLanguage":"pt-BR","@id":"https:\/\/diariodepe.com.br\/xinhua\/2024\/03\/12\/cecp-capacita-paquistanesas-por-meio-do-progresso-socioeconomico-e-do-crescimento-profissional\/#primaryimage","url":"https:\/\/diariodepe.com.br\/xinhua\/wp-content\/uploads\/sites\/3\/2024\/03\/20240312192b3d615d29409fa9141288e156b75e_20240312f0746116e2fe40dab5737bc78a43187f.jpeg","contentUrl":"https:\/\/diariodepe.com.br\/xinhua\/wp-content\/uploads\/sites\/3\/2024\/03\/20240312192b3d615d29409fa9141288e156b75e_20240312f0746116e2fe40dab5737bc78a43187f.jpeg","width":900,"height":675},{"@type":"BreadcrumbList","@id":"https:\/\/diariodepe.com.br\/xinhua\/2024\/03\/12\/cecp-capacita-paquistanesas-por-meio-do-progresso-socioeconomico-e-do-crescimento-profissional\/#breadcrumb","itemListElement":[{"@type":"ListItem","position":1,"name":"In\u00edcio","item":"https:\/\/diariodepe.com.br\/xinhua\/"},{"@type":"ListItem","position":2,"name":"CECP capacita paquistanesas por meio do progresso socioecon\u00f4mico e do crescimento profissional"}]},{"@type":"WebSite","@id":"https:\/\/diariodepe.com.br\/xinhua\/#website","url":"https:\/\/diariodepe.com.br\/xinhua\/","name":"Xinhua - Diario de Pernambuco","description":"A maior ag\u00eancia de not\u00edcias da China e um dos principais canais para conhecer o pa\u00eds","publisher":{"@id":"https:\/\/diariodepe.com.br\/xinhua\/#organization"},"potentialAction":[{"@type":"SearchAction","target":{"@type":"EntryPoint","urlTemplate":"https:\/\/diariodepe.com.br\/xinhua\/?s={search_term_string}"},"query-input":{"@type":"PropertyValueSpecification","valueRequired":true,"valueName":"search_term_string"}}],"inLanguage":"pt-BR"},{"@type":"Organization","@id":"https:\/\/diariodepe.com.br\/xinhua\/#organization","name":"Xinhua - Diario de Pernambuco","url":"https:\/\/diariodepe.com.br\/xinhua\/","logo":{"@type":"ImageObject","inLanguage":"pt-BR","@id":"https:\/\/diariodepe.com.br\/xinhua\/#\/schema\/logo\/image\/","url":"https:\/\/diariodepe.com.br\/xinhua\/wp-content\/uploads\/sites\/3\/2020\/10\/cropped-logo-transparente-2.png","contentUrl":"https:\/\/diariodepe.com.br\/xinhua\/wp-content\/uploads\/sites\/3\/2020\/10\/cropped-logo-transparente-2.png","width":512,"height":164,"caption":"Xinhua - Diario de Pernambuco"},"image":{"@id":"https:\/\/diariodepe.com.br\/xinhua\/#\/schema\/logo\/image\/"}},{"@type":"Person","@id":"https:\/\/diariodepe.com.br\/xinhua\/#\/schema\/person\/0943d6fd02bdc7b49c8f495e8787a2cb","name":"Marcelo Oliveira de A. Maranhao","image":{"@type":"ImageObject","inLanguage":"pt-BR","@id":"https:\/\/secure.gravatar.com\/avatar\/f562caee940d39879c20e90eea3e4b21860c7d4c96684c23141c554824f0059c?s=96&d=mm&r=g","url":"https:\/\/secure.gravatar.com\/avatar\/f562caee940d39879c20e90eea3e4b21860c7d4c96684c23141c554824f0059c?s=96&d=mm&r=g","contentUrl":"https:\/\/secure.gravatar.com\/avatar\/f562caee940d39879c20e90eea3e4b21860c7d4c96684c23141c554824f0059c?s=96&d=mm&r=g","caption":"Marcelo Oliveira de A. Maranhao"},"url":"https:\/\/diariodepe.com.br\/xinhua\/author\/marcelo-maranhao\/"}]}},"cc_featured_image_caption":{"caption_text":"","source_text":"","source_url":""},"amp_enabled":true,"_links":{"self":[{"href":"https:\/\/diariodepe.com.br\/xinhua\/wp-json\/wp\/v2\/posts\/18639","targetHints":{"allow":["GET"]}}],"collection":[{"href":"https:\/\/diariodepe.com.br\/xinhua\/wp-json\/wp\/v2\/posts"}],"about":[{"href":"https:\/\/diariodepe.com.br\/xinhua\/wp-json\/wp\/v2\/types\/post"}],"author":[{"embeddable":true,"href":"https:\/\/diariodepe.com.br\/xinhua\/wp-json\/wp\/v2\/users\/3"}],"replies":[{"embeddable":true,"href":"https:\/\/diariodepe.com.br\/xinhua\/wp-json\/wp\/v2\/comments?post=18639"}],"version-history":[{"count":1,"href":"https:\/\/diariodepe.com.br\/xinhua\/wp-json\/wp\/v2\/posts\/18639\/revisions"}],"predecessor-version":[{"id":18641,"href":"https:\/\/diariodepe.com.br\/xinhua\/wp-json\/wp\/v2\/posts\/18639\/revisions\/18641"}],"wp:featuredmedia":[{"embeddable":true,"href":"https:\/\/diariodepe.com.br\/xinhua\/wp-json\/wp\/v2\/media\/18640"}],"wp:attachment":[{"href":"https:\/\/diariodepe.com.br\/xinhua\/wp-json\/wp\/v2\/media?parent=18639"}],"wp:term":[{"taxonomy":"category","embeddable":true,"href":"https:\/\/diariodepe.com.br\/xinhua\/wp-json\/wp\/v2\/categories?post=18639"},{"taxonomy":"post_tag","embeddable":true,"href":"https:\/\/diariodepe.com.br\/xinhua\/wp-json\/wp\/v2\/tags?post=18639"}],"curies":[{"name":"wp","href":"https:\/\/api.w.org\/{rel}","templated":true}]}}