{"id":18611,"date":"2024-03-11T12:21:32","date_gmt":"2024-03-11T15:21:32","guid":{"rendered":"https:\/\/www.diariodepe.com.br\/xinhua\/?p=18611"},"modified":"2024-03-11T12:21:35","modified_gmt":"2024-03-11T15:21:35","slug":"paises-desenvolvidos-devem-financiar-medidas-de-mitigacao-das-mudancas-climaticas-afirma-marina-silva","status":"publish","type":"post","link":"https:\/\/diariodepe.com.br\/xinhua\/2024\/03\/11\/paises-desenvolvidos-devem-financiar-medidas-de-mitigacao-das-mudancas-climaticas-afirma-marina-silva\/","title":{"rendered":"Pa\u00edses desenvolvidos devem financiar medidas de mitiga\u00e7\u00e3o das mudan\u00e7as clim\u00e1ticas, afirma Marina Silva"},"content":{"rendered":"\n<p>Rio de Janeiro &#8211; A ministra do Meio Ambiente e Mudan\u00e7a do Clima, Marina Silva, disse nesta quinta-feira que a justi\u00e7a clim\u00e1tica passa pelo fato de os pa\u00edses desenvolvidos que se beneficiaram mais com a emiss\u00e3o de g\u00e1s carb\u00f4nico no passado financiarem as medidas de mitiga\u00e7\u00e3o e adapta\u00e7\u00e3o \u00e0s mudan\u00e7as clim\u00e1ticas.<\/p>\n\n\n\n<p>&#8220;No contexto da mudan\u00e7a do clima, qual a grande injusti\u00e7a que est\u00e1 acontecendo? Aqueles que transformaram mais a natureza para gerar riqueza, tecnologia, produtos para que isso acontecesse, geraram mais emiss\u00f5es de CO2. Causaram mais impacto ambiental e aumentaram o problema. Se \u00e9 para ser justo, eles t\u00eam que pagar mais, compensar mais&#8221;, afirmou Marina durante o evento &#8220;Justi\u00e7a clim\u00e1tica em tempos de transforma\u00e7\u00e3o&#8221;, no Museu do Amanh\u00e3, no Rio de Janeiro.<\/p>\n\n\n\n<p>Segundo a ministra brasileira, aqueles que criaram menos problemas e impactaram menos devem contribuir de uma forma menor do ponto de vista do esfor\u00e7o e devem ser compensados pelos recursos do ponto de vista financeiro e tecnol\u00f3gico.<\/p>\n\n\n\n<p>Marina afirmou que se os pa\u00edses do G20 decidirem fazer a sua parte, o ponteiro das mudan\u00e7as clim\u00e1ticas &#8220;gira em benef\u00edcio da humanidade&#8221;.<\/p>\n\n\n\n<p>A ministra ressaltou que a ci\u00eancia, ao determinar que a temperatura global n\u00e3o exceda 1,5 graus Celsius, e a sociedade civil do mundo inteiro est\u00e3o fazendo bem a sua parte no enfrentamento \u00e0s emerg\u00eancias clim\u00e1ticas. &#8220;Quem est\u00e1 no d\u00e9ficit s\u00e3o os governos e as empresas&#8221;, afirmou.<\/p>\n\n\n\n<p>Segundo Marina, a agenda da transforma\u00e7\u00e3o tem ganhado muita for\u00e7a. &#8220;N\u00e3o basta mitigar e adaptar. \u00c9 preciso transformar o modelo de desenvolvimento para que a gente possa fazer frente aos problemas e n\u00e3o ficar apenas enxugando gelo e apagando fogo&#8221;, concluiu.<\/p>\n","protected":false},"excerpt":{"rendered":"<p>Rio de Janeiro &#8211; A ministra do Meio Ambiente e Mudan\u00e7a do Clima, Marina Silva, disse nesta quinta-feira que a justi\u00e7a clim\u00e1tica passa pelo fato de os pa\u00edses desenvolvidos que se beneficiaram mais com a emiss\u00e3o de g\u00e1s carb\u00f4nico no&#8230;<\/p>\n","protected":false},"author":3,"featured_media":18612,"comment_status":"open","ping_status":"open","sticky":false,"template":"","format":"standard","meta":{"footnotes":""},"categories":[1],"tags":[],"class_list":["post-18611","post","type-post","status-publish","format-standard","has-post-thumbnail","hentry","category-geral"],"yoast_head":"<!-- This site is optimized with the Yoast SEO plugin v27.4 - https:\/\/yoast.com\/product\/yoast-seo-wordpress\/ -->\n<title>Pa\u00edses desenvolvidos devem financiar medidas de mitiga\u00e7\u00e3o das mudan\u00e7as clim\u00e1ticas, afirma Marina Silva - Xinhua - Diario de Pernambuco<\/title>\n<meta name=\"robots\" content=\"index, follow, max-snippet:-1, max-image-preview:large, max-video-preview:-1\" \/>\n<link rel=\"canonical\" href=\"https:\/\/diariodepe.com.br\/xinhua\/2024\/03\/11\/paises-desenvolvidos-devem-financiar-medidas-de-mitigacao-das-mudancas-climaticas-afirma-marina-silva\/\" \/>\n<meta property=\"og:locale\" content=\"pt_BR\" \/>\n<meta property=\"og:type\" content=\"article\" \/>\n<meta property=\"og:title\" content=\"Pa\u00edses desenvolvidos devem financiar medidas de mitiga\u00e7\u00e3o das mudan\u00e7as clim\u00e1ticas, afirma Marina Silva - Xinhua - Diario de Pernambuco\" \/>\n<meta property=\"og:description\" content=\"Rio de Janeiro &#8211; A ministra do Meio Ambiente e Mudan\u00e7a do Clima, Marina Silva, disse nesta quinta-feira que a justi\u00e7a clim\u00e1tica passa pelo fato de os pa\u00edses desenvolvidos que se beneficiaram mais com a emiss\u00e3o de g\u00e1s carb\u00f4nico no...\" \/>\n<meta property=\"og:url\" content=\"https:\/\/diariodepe.com.br\/xinhua\/2024\/03\/11\/paises-desenvolvidos-devem-financiar-medidas-de-mitigacao-das-mudancas-climaticas-afirma-marina-silva\/\" \/>\n<meta property=\"og:site_name\" content=\"Xinhua - Diario de Pernambuco\" \/>\n<meta property=\"article:published_time\" content=\"2024-03-11T15:21:32+00:00\" \/>\n<meta property=\"article:modified_time\" content=\"2024-03-11T15:21:35+00:00\" \/>\n<meta property=\"og:image\" content=\"https:\/\/diariodepe.com.br\/xinhua\/wp-content\/uploads\/sites\/3\/2024\/03\/c6c057432bb14c1c88ceed1dedb24970.jpg\" \/>\n\t<meta property=\"og:image:width\" content=\"1000\" \/>\n\t<meta property=\"og:image:height\" content=\"500\" \/>\n\t<meta property=\"og:image:type\" content=\"image\/jpeg\" \/>\n<meta name=\"author\" content=\"Marcelo Oliveira de A. Maranhao\" \/>\n<meta name=\"twitter:card\" content=\"summary_large_image\" \/>\n<meta name=\"twitter:label1\" content=\"Escrito por\" \/>\n\t<meta name=\"twitter:data1\" content=\"Marcelo Oliveira de A. Maranhao\" \/>\n\t<meta name=\"twitter:label2\" content=\"Est. tempo de leitura\" \/>\n\t<meta name=\"twitter:data2\" content=\"2 minutos\" \/>\n<script type=\"application\/ld+json\" class=\"yoast-schema-graph\">{\"@context\":\"https:\\\/\\\/schema.org\",\"@graph\":[{\"@type\":\"Article\",\"@id\":\"https:\\\/\\\/diariodepe.com.br\\\/xinhua\\\/2024\\\/03\\\/11\\\/paises-desenvolvidos-devem-financiar-medidas-de-mitigacao-das-mudancas-climaticas-afirma-marina-silva\\\/#article\",\"isPartOf\":{\"@id\":\"https:\\\/\\\/diariodepe.com.br\\\/xinhua\\\/2024\\\/03\\\/11\\\/paises-desenvolvidos-devem-financiar-medidas-de-mitigacao-das-mudancas-climaticas-afirma-marina-silva\\\/\"},\"author\":{\"name\":\"Marcelo Oliveira de A. Maranhao\",\"@id\":\"https:\\\/\\\/diariodepe.com.br\\\/xinhua\\\/#\\\/schema\\\/person\\\/0943d6fd02bdc7b49c8f495e8787a2cb\"},\"headline\":\"Pa\u00edses desenvolvidos devem financiar medidas de mitiga\u00e7\u00e3o das mudan\u00e7as clim\u00e1ticas, afirma Marina Silva\",\"datePublished\":\"2024-03-11T15:21:32+00:00\",\"dateModified\":\"2024-03-11T15:21:35+00:00\",\"mainEntityOfPage\":{\"@id\":\"https:\\\/\\\/diariodepe.com.br\\\/xinhua\\\/2024\\\/03\\\/11\\\/paises-desenvolvidos-devem-financiar-medidas-de-mitigacao-das-mudancas-climaticas-afirma-marina-silva\\\/\"},\"wordCount\":319,\"commentCount\":0,\"publisher\":{\"@id\":\"https:\\\/\\\/diariodepe.com.br\\\/xinhua\\\/#organization\"},\"image\":{\"@id\":\"https:\\\/\\\/diariodepe.com.br\\\/xinhua\\\/2024\\\/03\\\/11\\\/paises-desenvolvidos-devem-financiar-medidas-de-mitigacao-das-mudancas-climaticas-afirma-marina-silva\\\/#primaryimage\"},\"thumbnailUrl\":\"https:\\\/\\\/diariodepe.com.br\\\/xinhua\\\/wp-content\\\/uploads\\\/sites\\\/3\\\/2024\\\/03\\\/c6c057432bb14c1c88ceed1dedb24970.jpg\",\"articleSection\":[\"Geral\"],\"inLanguage\":\"pt-BR\",\"potentialAction\":[{\"@type\":\"CommentAction\",\"name\":\"Comment\",\"target\":[\"https:\\\/\\\/diariodepe.com.br\\\/xinhua\\\/2024\\\/03\\\/11\\\/paises-desenvolvidos-devem-financiar-medidas-de-mitigacao-das-mudancas-climaticas-afirma-marina-silva\\\/#respond\"]}]},{\"@type\":\"WebPage\",\"@id\":\"https:\\\/\\\/diariodepe.com.br\\\/xinhua\\\/2024\\\/03\\\/11\\\/paises-desenvolvidos-devem-financiar-medidas-de-mitigacao-das-mudancas-climaticas-afirma-marina-silva\\\/\",\"url\":\"https:\\\/\\\/diariodepe.com.br\\\/xinhua\\\/2024\\\/03\\\/11\\\/paises-desenvolvidos-devem-financiar-medidas-de-mitigacao-das-mudancas-climaticas-afirma-marina-silva\\\/\",\"name\":\"Pa\u00edses desenvolvidos devem financiar medidas de mitiga\u00e7\u00e3o das mudan\u00e7as clim\u00e1ticas, afirma Marina Silva - Xinhua - Diario de Pernambuco\",\"isPartOf\":{\"@id\":\"https:\\\/\\\/diariodepe.com.br\\\/xinhua\\\/#website\"},\"primaryImageOfPage\":{\"@id\":\"https:\\\/\\\/diariodepe.com.br\\\/xinhua\\\/2024\\\/03\\\/11\\\/paises-desenvolvidos-devem-financiar-medidas-de-mitigacao-das-mudancas-climaticas-afirma-marina-silva\\\/#primaryimage\"},\"image\":{\"@id\":\"https:\\\/\\\/diariodepe.com.br\\\/xinhua\\\/2024\\\/03\\\/11\\\/paises-desenvolvidos-devem-financiar-medidas-de-mitigacao-das-mudancas-climaticas-afirma-marina-silva\\\/#primaryimage\"},\"thumbnailUrl\":\"https:\\\/\\\/diariodepe.com.br\\\/xinhua\\\/wp-content\\\/uploads\\\/sites\\\/3\\\/2024\\\/03\\\/c6c057432bb14c1c88ceed1dedb24970.jpg\",\"datePublished\":\"2024-03-11T15:21:32+00:00\",\"dateModified\":\"2024-03-11T15:21:35+00:00\",\"breadcrumb\":{\"@id\":\"https:\\\/\\\/diariodepe.com.br\\\/xinhua\\\/2024\\\/03\\\/11\\\/paises-desenvolvidos-devem-financiar-medidas-de-mitigacao-das-mudancas-climaticas-afirma-marina-silva\\\/#breadcrumb\"},\"inLanguage\":\"pt-BR\",\"potentialAction\":[{\"@type\":\"ReadAction\",\"target\":[\"https:\\\/\\\/diariodepe.com.br\\\/xinhua\\\/2024\\\/03\\\/11\\\/paises-desenvolvidos-devem-financiar-medidas-de-mitigacao-das-mudancas-climaticas-afirma-marina-silva\\\/\"]}]},{\"@type\":\"ImageObject\",\"inLanguage\":\"pt-BR\",\"@id\":\"https:\\\/\\\/diariodepe.com.br\\\/xinhua\\\/2024\\\/03\\\/11\\\/paises-desenvolvidos-devem-financiar-medidas-de-mitigacao-das-mudancas-climaticas-afirma-marina-silva\\\/#primaryimage\",\"url\":\"https:\\\/\\\/diariodepe.com.br\\\/xinhua\\\/wp-content\\\/uploads\\\/sites\\\/3\\\/2024\\\/03\\\/c6c057432bb14c1c88ceed1dedb24970.jpg\",\"contentUrl\":\"https:\\\/\\\/diariodepe.com.br\\\/xinhua\\\/wp-content\\\/uploads\\\/sites\\\/3\\\/2024\\\/03\\\/c6c057432bb14c1c88ceed1dedb24970.jpg\",\"width\":1000,\"height\":500},{\"@type\":\"BreadcrumbList\",\"@id\":\"https:\\\/\\\/diariodepe.com.br\\\/xinhua\\\/2024\\\/03\\\/11\\\/paises-desenvolvidos-devem-financiar-medidas-de-mitigacao-das-mudancas-climaticas-afirma-marina-silva\\\/#breadcrumb\",\"itemListElement\":[{\"@type\":\"ListItem\",\"position\":1,\"name\":\"In\u00edcio\",\"item\":\"https:\\\/\\\/diariodepe.com.br\\\/xinhua\\\/\"},{\"@type\":\"ListItem\",\"position\":2,\"name\":\"Pa\u00edses desenvolvidos devem financiar medidas de mitiga\u00e7\u00e3o das mudan\u00e7as clim\u00e1ticas, afirma Marina Silva\"}]},{\"@type\":\"WebSite\",\"@id\":\"https:\\\/\\\/diariodepe.com.br\\\/xinhua\\\/#website\",\"url\":\"https:\\\/\\\/diariodepe.com.br\\\/xinhua\\\/\",\"name\":\"Xinhua - Diario de Pernambuco\",\"description\":\"A maior ag\u00eancia de not\u00edcias da China e um dos principais canais para conhecer o pa\u00eds\",\"publisher\":{\"@id\":\"https:\\\/\\\/diariodepe.com.br\\\/xinhua\\\/#organization\"},\"potentialAction\":[{\"@type\":\"SearchAction\",\"target\":{\"@type\":\"EntryPoint\",\"urlTemplate\":\"https:\\\/\\\/diariodepe.com.br\\\/xinhua\\\/?s={search_term_string}\"},\"query-input\":{\"@type\":\"PropertyValueSpecification\",\"valueRequired\":true,\"valueName\":\"search_term_string\"}}],\"inLanguage\":\"pt-BR\"},{\"@type\":\"Organization\",\"@id\":\"https:\\\/\\\/diariodepe.com.br\\\/xinhua\\\/#organization\",\"name\":\"Xinhua - Diario de Pernambuco\",\"url\":\"https:\\\/\\\/diariodepe.com.br\\\/xinhua\\\/\",\"logo\":{\"@type\":\"ImageObject\",\"inLanguage\":\"pt-BR\",\"@id\":\"https:\\\/\\\/diariodepe.com.br\\\/xinhua\\\/#\\\/schema\\\/logo\\\/image\\\/\",\"url\":\"https:\\\/\\\/diariodepe.com.br\\\/xinhua\\\/wp-content\\\/uploads\\\/sites\\\/3\\\/2020\\\/10\\\/cropped-logo-transparente-2.png\",\"contentUrl\":\"https:\\\/\\\/diariodepe.com.br\\\/xinhua\\\/wp-content\\\/uploads\\\/sites\\\/3\\\/2020\\\/10\\\/cropped-logo-transparente-2.png\",\"width\":512,\"height\":164,\"caption\":\"Xinhua - Diario de Pernambuco\"},\"image\":{\"@id\":\"https:\\\/\\\/diariodepe.com.br\\\/xinhua\\\/#\\\/schema\\\/logo\\\/image\\\/\"}},{\"@type\":\"Person\",\"@id\":\"https:\\\/\\\/diariodepe.com.br\\\/xinhua\\\/#\\\/schema\\\/person\\\/0943d6fd02bdc7b49c8f495e8787a2cb\",\"name\":\"Marcelo Oliveira de A. Maranhao\",\"image\":{\"@type\":\"ImageObject\",\"inLanguage\":\"pt-BR\",\"@id\":\"https:\\\/\\\/secure.gravatar.com\\\/avatar\\\/f562caee940d39879c20e90eea3e4b21860c7d4c96684c23141c554824f0059c?s=96&d=mm&r=g\",\"url\":\"https:\\\/\\\/secure.gravatar.com\\\/avatar\\\/f562caee940d39879c20e90eea3e4b21860c7d4c96684c23141c554824f0059c?s=96&d=mm&r=g\",\"contentUrl\":\"https:\\\/\\\/secure.gravatar.com\\\/avatar\\\/f562caee940d39879c20e90eea3e4b21860c7d4c96684c23141c554824f0059c?s=96&d=mm&r=g\",\"caption\":\"Marcelo Oliveira de A. Maranhao\"},\"url\":\"https:\\\/\\\/diariodepe.com.br\\\/xinhua\\\/author\\\/marcelo-maranhao\\\/\"}]}<\/script>\n<!-- \/ Yoast SEO plugin. -->","yoast_head_json":{"title":"Pa\u00edses desenvolvidos devem financiar medidas de mitiga\u00e7\u00e3o das mudan\u00e7as clim\u00e1ticas, afirma Marina Silva - Xinhua - Diario de Pernambuco","robots":{"index":"index","follow":"follow","max-snippet":"max-snippet:-1","max-image-preview":"max-image-preview:large","max-video-preview":"max-video-preview:-1"},"canonical":"https:\/\/diariodepe.com.br\/xinhua\/2024\/03\/11\/paises-desenvolvidos-devem-financiar-medidas-de-mitigacao-das-mudancas-climaticas-afirma-marina-silva\/","og_locale":"pt_BR","og_type":"article","og_title":"Pa\u00edses desenvolvidos devem financiar medidas de mitiga\u00e7\u00e3o das mudan\u00e7as clim\u00e1ticas, afirma Marina Silva - Xinhua - Diario de Pernambuco","og_description":"Rio de Janeiro &#8211; A ministra do Meio Ambiente e Mudan\u00e7a do Clima, Marina Silva, disse nesta quinta-feira que a justi\u00e7a clim\u00e1tica passa pelo fato de os pa\u00edses desenvolvidos que se beneficiaram mais com a emiss\u00e3o de g\u00e1s carb\u00f4nico no...","og_url":"https:\/\/diariodepe.com.br\/xinhua\/2024\/03\/11\/paises-desenvolvidos-devem-financiar-medidas-de-mitigacao-das-mudancas-climaticas-afirma-marina-silva\/","og_site_name":"Xinhua - Diario de Pernambuco","article_published_time":"2024-03-11T15:21:32+00:00","article_modified_time":"2024-03-11T15:21:35+00:00","og_image":[{"width":1000,"height":500,"url":"https:\/\/diariodepe.com.br\/xinhua\/wp-content\/uploads\/sites\/3\/2024\/03\/c6c057432bb14c1c88ceed1dedb24970.jpg","type":"image\/jpeg"}],"author":"Marcelo Oliveira de A. Maranhao","twitter_card":"summary_large_image","twitter_misc":{"Escrito por":"Marcelo Oliveira de A. Maranhao","Est. tempo de leitura":"2 minutos"},"schema":{"@context":"https:\/\/schema.org","@graph":[{"@type":"Article","@id":"https:\/\/diariodepe.com.br\/xinhua\/2024\/03\/11\/paises-desenvolvidos-devem-financiar-medidas-de-mitigacao-das-mudancas-climaticas-afirma-marina-silva\/#article","isPartOf":{"@id":"https:\/\/diariodepe.com.br\/xinhua\/2024\/03\/11\/paises-desenvolvidos-devem-financiar-medidas-de-mitigacao-das-mudancas-climaticas-afirma-marina-silva\/"},"author":{"name":"Marcelo Oliveira de A. Maranhao","@id":"https:\/\/diariodepe.com.br\/xinhua\/#\/schema\/person\/0943d6fd02bdc7b49c8f495e8787a2cb"},"headline":"Pa\u00edses desenvolvidos devem financiar medidas de mitiga\u00e7\u00e3o das mudan\u00e7as clim\u00e1ticas, afirma Marina Silva","datePublished":"2024-03-11T15:21:32+00:00","dateModified":"2024-03-11T15:21:35+00:00","mainEntityOfPage":{"@id":"https:\/\/diariodepe.com.br\/xinhua\/2024\/03\/11\/paises-desenvolvidos-devem-financiar-medidas-de-mitigacao-das-mudancas-climaticas-afirma-marina-silva\/"},"wordCount":319,"commentCount":0,"publisher":{"@id":"https:\/\/diariodepe.com.br\/xinhua\/#organization"},"image":{"@id":"https:\/\/diariodepe.com.br\/xinhua\/2024\/03\/11\/paises-desenvolvidos-devem-financiar-medidas-de-mitigacao-das-mudancas-climaticas-afirma-marina-silva\/#primaryimage"},"thumbnailUrl":"https:\/\/diariodepe.com.br\/xinhua\/wp-content\/uploads\/sites\/3\/2024\/03\/c6c057432bb14c1c88ceed1dedb24970.jpg","articleSection":["Geral"],"inLanguage":"pt-BR","potentialAction":[{"@type":"CommentAction","name":"Comment","target":["https:\/\/diariodepe.com.br\/xinhua\/2024\/03\/11\/paises-desenvolvidos-devem-financiar-medidas-de-mitigacao-das-mudancas-climaticas-afirma-marina-silva\/#respond"]}]},{"@type":"WebPage","@id":"https:\/\/diariodepe.com.br\/xinhua\/2024\/03\/11\/paises-desenvolvidos-devem-financiar-medidas-de-mitigacao-das-mudancas-climaticas-afirma-marina-silva\/","url":"https:\/\/diariodepe.com.br\/xinhua\/2024\/03\/11\/paises-desenvolvidos-devem-financiar-medidas-de-mitigacao-das-mudancas-climaticas-afirma-marina-silva\/","name":"Pa\u00edses desenvolvidos devem financiar medidas de mitiga\u00e7\u00e3o das mudan\u00e7as clim\u00e1ticas, afirma Marina Silva - Xinhua - Diario de Pernambuco","isPartOf":{"@id":"https:\/\/diariodepe.com.br\/xinhua\/#website"},"primaryImageOfPage":{"@id":"https:\/\/diariodepe.com.br\/xinhua\/2024\/03\/11\/paises-desenvolvidos-devem-financiar-medidas-de-mitigacao-das-mudancas-climaticas-afirma-marina-silva\/#primaryimage"},"image":{"@id":"https:\/\/diariodepe.com.br\/xinhua\/2024\/03\/11\/paises-desenvolvidos-devem-financiar-medidas-de-mitigacao-das-mudancas-climaticas-afirma-marina-silva\/#primaryimage"},"thumbnailUrl":"https:\/\/diariodepe.com.br\/xinhua\/wp-content\/uploads\/sites\/3\/2024\/03\/c6c057432bb14c1c88ceed1dedb24970.jpg","datePublished":"2024-03-11T15:21:32+00:00","dateModified":"2024-03-11T15:21:35+00:00","breadcrumb":{"@id":"https:\/\/diariodepe.com.br\/xinhua\/2024\/03\/11\/paises-desenvolvidos-devem-financiar-medidas-de-mitigacao-das-mudancas-climaticas-afirma-marina-silva\/#breadcrumb"},"inLanguage":"pt-BR","potentialAction":[{"@type":"ReadAction","target":["https:\/\/diariodepe.com.br\/xinhua\/2024\/03\/11\/paises-desenvolvidos-devem-financiar-medidas-de-mitigacao-das-mudancas-climaticas-afirma-marina-silva\/"]}]},{"@type":"ImageObject","inLanguage":"pt-BR","@id":"https:\/\/diariodepe.com.br\/xinhua\/2024\/03\/11\/paises-desenvolvidos-devem-financiar-medidas-de-mitigacao-das-mudancas-climaticas-afirma-marina-silva\/#primaryimage","url":"https:\/\/diariodepe.com.br\/xinhua\/wp-content\/uploads\/sites\/3\/2024\/03\/c6c057432bb14c1c88ceed1dedb24970.jpg","contentUrl":"https:\/\/diariodepe.com.br\/xinhua\/wp-content\/uploads\/sites\/3\/2024\/03\/c6c057432bb14c1c88ceed1dedb24970.jpg","width":1000,"height":500},{"@type":"BreadcrumbList","@id":"https:\/\/diariodepe.com.br\/xinhua\/2024\/03\/11\/paises-desenvolvidos-devem-financiar-medidas-de-mitigacao-das-mudancas-climaticas-afirma-marina-silva\/#breadcrumb","itemListElement":[{"@type":"ListItem","position":1,"name":"In\u00edcio","item":"https:\/\/diariodepe.com.br\/xinhua\/"},{"@type":"ListItem","position":2,"name":"Pa\u00edses desenvolvidos devem financiar medidas de mitiga\u00e7\u00e3o das mudan\u00e7as clim\u00e1ticas, afirma Marina Silva"}]},{"@type":"WebSite","@id":"https:\/\/diariodepe.com.br\/xinhua\/#website","url":"https:\/\/diariodepe.com.br\/xinhua\/","name":"Xinhua - Diario de Pernambuco","description":"A maior ag\u00eancia de not\u00edcias da China e um dos principais canais para conhecer o pa\u00eds","publisher":{"@id":"https:\/\/diariodepe.com.br\/xinhua\/#organization"},"potentialAction":[{"@type":"SearchAction","target":{"@type":"EntryPoint","urlTemplate":"https:\/\/diariodepe.com.br\/xinhua\/?s={search_term_string}"},"query-input":{"@type":"PropertyValueSpecification","valueRequired":true,"valueName":"search_term_string"}}],"inLanguage":"pt-BR"},{"@type":"Organization","@id":"https:\/\/diariodepe.com.br\/xinhua\/#organization","name":"Xinhua - Diario de Pernambuco","url":"https:\/\/diariodepe.com.br\/xinhua\/","logo":{"@type":"ImageObject","inLanguage":"pt-BR","@id":"https:\/\/diariodepe.com.br\/xinhua\/#\/schema\/logo\/image\/","url":"https:\/\/diariodepe.com.br\/xinhua\/wp-content\/uploads\/sites\/3\/2020\/10\/cropped-logo-transparente-2.png","contentUrl":"https:\/\/diariodepe.com.br\/xinhua\/wp-content\/uploads\/sites\/3\/2020\/10\/cropped-logo-transparente-2.png","width":512,"height":164,"caption":"Xinhua - Diario de Pernambuco"},"image":{"@id":"https:\/\/diariodepe.com.br\/xinhua\/#\/schema\/logo\/image\/"}},{"@type":"Person","@id":"https:\/\/diariodepe.com.br\/xinhua\/#\/schema\/person\/0943d6fd02bdc7b49c8f495e8787a2cb","name":"Marcelo Oliveira de A. Maranhao","image":{"@type":"ImageObject","inLanguage":"pt-BR","@id":"https:\/\/secure.gravatar.com\/avatar\/f562caee940d39879c20e90eea3e4b21860c7d4c96684c23141c554824f0059c?s=96&d=mm&r=g","url":"https:\/\/secure.gravatar.com\/avatar\/f562caee940d39879c20e90eea3e4b21860c7d4c96684c23141c554824f0059c?s=96&d=mm&r=g","contentUrl":"https:\/\/secure.gravatar.com\/avatar\/f562caee940d39879c20e90eea3e4b21860c7d4c96684c23141c554824f0059c?s=96&d=mm&r=g","caption":"Marcelo Oliveira de A. Maranhao"},"url":"https:\/\/diariodepe.com.br\/xinhua\/author\/marcelo-maranhao\/"}]}},"cc_featured_image_caption":{"caption_text":"","source_text":"","source_url":""},"amp_enabled":true,"_links":{"self":[{"href":"https:\/\/diariodepe.com.br\/xinhua\/wp-json\/wp\/v2\/posts\/18611","targetHints":{"allow":["GET"]}}],"collection":[{"href":"https:\/\/diariodepe.com.br\/xinhua\/wp-json\/wp\/v2\/posts"}],"about":[{"href":"https:\/\/diariodepe.com.br\/xinhua\/wp-json\/wp\/v2\/types\/post"}],"author":[{"embeddable":true,"href":"https:\/\/diariodepe.com.br\/xinhua\/wp-json\/wp\/v2\/users\/3"}],"replies":[{"embeddable":true,"href":"https:\/\/diariodepe.com.br\/xinhua\/wp-json\/wp\/v2\/comments?post=18611"}],"version-history":[{"count":1,"href":"https:\/\/diariodepe.com.br\/xinhua\/wp-json\/wp\/v2\/posts\/18611\/revisions"}],"predecessor-version":[{"id":18613,"href":"https:\/\/diariodepe.com.br\/xinhua\/wp-json\/wp\/v2\/posts\/18611\/revisions\/18613"}],"wp:featuredmedia":[{"embeddable":true,"href":"https:\/\/diariodepe.com.br\/xinhua\/wp-json\/wp\/v2\/media\/18612"}],"wp:attachment":[{"href":"https:\/\/diariodepe.com.br\/xinhua\/wp-json\/wp\/v2\/media?parent=18611"}],"wp:term":[{"taxonomy":"category","embeddable":true,"href":"https:\/\/diariodepe.com.br\/xinhua\/wp-json\/wp\/v2\/categories?post=18611"},{"taxonomy":"post_tag","embeddable":true,"href":"https:\/\/diariodepe.com.br\/xinhua\/wp-json\/wp\/v2\/tags?post=18611"}],"curies":[{"name":"wp","href":"https:\/\/api.w.org\/{rel}","templated":true}]}}