{"id":18522,"date":"2024-03-06T08:05:00","date_gmt":"2024-03-06T11:05:00","guid":{"rendered":"https:\/\/www.diariodepe.com.br\/xinhua\/?p=18522"},"modified":"2024-03-05T18:18:03","modified_gmt":"2024-03-05T21:18:03","slug":"comentario-europa-e-china-poderiam-fazer-parceria-para-impulsionar-eletrificacao-na-industria-automobilistica","status":"publish","type":"post","link":"https:\/\/diariodepe.com.br\/xinhua\/2024\/03\/06\/comentario-europa-e-china-poderiam-fazer-parceria-para-impulsionar-eletrificacao-na-industria-automobilistica\/","title":{"rendered":"Coment\u00e1rio: Europa e China poderiam fazer parceria para impulsionar eletrifica\u00e7\u00e3o na ind\u00fastria automobil\u00edstica"},"content":{"rendered":"\n<p>Genebra &#8211; A fabricante chinesa de ve\u00edculos el\u00e9tricos Xiaopeng Motors e a fabricante automotiva alem\u00e3 Volkswagen assinaram um acordo de coopera\u00e7\u00e3o na semana passada no Sal\u00e3o Internacional do Autom\u00f3vel de Genebra para acelerar o desenvolvimento de ve\u00edculos el\u00e9tricos, marcando mais um passo na parceria estabelecida em julho do ano passado.<\/p>\n\n\n\n<p>O sal\u00e3o do autom\u00f3vel apresenta uma impressionante variedade de ve\u00edculos el\u00e9tricos (VEs) de fabricantes chineses emergentes e de fabricantes de autom\u00f3veis europeus estabelecidos, servindo como uma plataforma ideal para mostrar a trajet\u00f3ria futura da ind\u00fastria autom\u00f3vel.<\/p>\n\n\n\n<p>O Scenic E-Tech da Renault garantiu o prestigiado Carro do Ano 2024, e o selo BYD da China chegou aos finalistas com seu design elegante, desempenho not\u00e1vel e tecnologia avan\u00e7ada.<\/p>\n\n\n\n<p>Assim como afirma Stefan Bratzel, respons\u00e1vel pelo Centro de Gest\u00e3o Autom\u00f3vel da Alemanha, toda a ind\u00fastria autom\u00f3vel est\u00e1 passando por uma forte transforma\u00e7\u00e3o, com novos participantes emergindo como pioneiros na eletrifica\u00e7\u00e3o e na digitaliza\u00e7\u00e3o.<\/p>\n\n\n\n<p>A coopera\u00e7\u00e3o aprofundada entre o emergente fabricante de autom\u00f3veis chin\u00eas Xiaopeng e o tradicional gigante autom\u00f3vel alem\u00e3o Volkswagen significa um esfor\u00e7o concertado para aumentar a mobilidade el\u00e9trica, mostrando um consenso crescente entre os fabricantes de autom\u00f3veis chineses e europeus de que a expans\u00e3o do mercado de VEs deve ser um esfor\u00e7o conjunto.<\/p>\n\n\n\n<p>Na verdade, a colabora\u00e7\u00e3o entre a China e a Europa na ind\u00fastria autom\u00f3vel remonta a mais de 40 anos. No in\u00edcio da d\u00e9cada de 1980, sob contrato de licen\u00e7a, o primeiro Santana foi produzido na China. Tornou-se um nome familiar em todo o pa\u00eds.<\/p>\n\n\n\n<figure class=\"wp-block-image\"><img decoding=\"async\" src=\"https:\/\/portuguese.news.cn\/20240305\/528e11dab47f4ae4ab57205c6e88e765\/20240305528e11dab47f4ae4ab57205c6e88e765_20240305936706446e994424ad738cf1e388805c.jpeg\" alt=\"\"\/><\/figure>\n\n\n\n<p>Visitantes na \u00e1rea de exposi\u00e7\u00e3o da Xpeng durante a Consumer Electronics Show (CES) de 2024 em Las Vegas, Estados Unidos, no dia 10 de janeiro de 2024. (Foto por Zeng Hui\/Xinhua)<\/p>\n\n\n\n<p>A rica hist\u00f3ria de coopera\u00e7\u00e3o entre os fabricantes de autom\u00f3veis chineses e europeus estabelece uma base s\u00f3lida para a coopera\u00e7\u00e3o atual. No cen\u00e1rio automotivo de hoje, h\u00e1 muitas oportunidades de benef\u00edcio m\u00fatuo. A experi\u00eancia da China em efici\u00eancia de produ\u00e7\u00e3o e adapta\u00e7\u00e3o ao mercado, juntamente com a tradi\u00e7\u00e3o europeia de excel\u00eancia em engenharia e inova\u00e7\u00e3o, criam um terreno f\u00e9rtil para a coopera\u00e7\u00e3o.<\/p>\n\n\n\n<p>No entanto, alguns chamam apressadamente os VEs chineses de \u201cdesafiadores\u201d que enfrentam seus rivais europeus e entram no mercado. No ano passado, a presidente da Comiss\u00e3o Europeia, Ursula von der Leyen, anunciou uma controversa investiga\u00e7\u00e3o anti-subs\u00eddios aos VEs chineses.<\/p>\n\n\n\n<p>A investiga\u00e7\u00e3o atraiu amplas cr\u00edticas na Europa. A Associa\u00e7\u00e3o Alem\u00e3 da Ind\u00fastria Autom\u00f3vel se op\u00f4s \u00e0 medida protecionista, destacando a necessidade de um com\u00e9rcio livre e baseado em regras para enfrentar os desafios da Europa em termos de competitividade.<\/p>\n\n\n\n<p>Uma interven\u00e7\u00e3o administrativa excessiva n\u00e3o \u00e9 o que um mercado autom\u00f3vel europeu est\u00e1vel precisa. A presen\u00e7a de VEs chineses na Europa n\u00e3o deve ser vista como uma amea\u00e7a, mas como um catalisador para o mercado autom\u00f3vel do continente. Para os clientes europeus, as marcas chinesas podem preencher as lacunas do mercado, oferecendo modelos acess\u00edveis e de alta qualidade.<\/p>\n\n\n\n<p>Em vez de se superarem na concorr\u00eancia, a Europa e a China deveriam antes abra\u00e7ar a tend\u00eancia prevalecente de eletrifica\u00e7\u00e3o atrav\u00e9s de la\u00e7os mais estreitos entre os fabricantes de autom\u00f3veis e promover o interc\u00e2mbio de conhecimentos e a colabora\u00e7\u00e3o em investiga\u00e7\u00e3o e desenvolvimento. Isso tamb\u00e9m \u00e9 do interesse de milh\u00f5es de clientes do setor automotivo.<\/p>\n\n\n\n<p>Libertando-se de uma mentalidade de soma zero, a Europa e a China poderiam tra\u00e7ar um roteiro compartilhado para o sucesso na revolu\u00e7\u00e3o dos VEs, assim como fizeram h\u00e1 quatro d\u00e9cadas na ind\u00fastria automotiva. Conforme a dupla estabelece la\u00e7os mais fortes, o futuro promete possibilidades infinitas.<\/p>\n","protected":false},"excerpt":{"rendered":"<p>Genebra &#8211; A fabricante chinesa de ve\u00edculos el\u00e9tricos Xiaopeng Motors e a fabricante automotiva alem\u00e3 Volkswagen assinaram um acordo de coopera\u00e7\u00e3o na semana passada no Sal\u00e3o Internacional do Autom\u00f3vel de Genebra para acelerar o desenvolvimento de ve\u00edculos el\u00e9tricos, marcando mais&#8230;<\/p>\n","protected":false},"author":3,"featured_media":18523,"comment_status":"open","ping_status":"open","sticky":false,"template":"","format":"standard","meta":{"footnotes":""},"categories":[5],"tags":[],"class_list":["post-18522","post","type-post","status-publish","format-standard","has-post-thumbnail","hentry","category-economia"],"yoast_head":"<!-- This site is optimized with the Yoast SEO plugin v27.4 - https:\/\/yoast.com\/product\/yoast-seo-wordpress\/ -->\n<title>Coment\u00e1rio: Europa e China poderiam fazer parceria para impulsionar eletrifica\u00e7\u00e3o na ind\u00fastria automobil\u00edstica - Xinhua - Diario de Pernambuco<\/title>\n<meta name=\"robots\" content=\"index, follow, max-snippet:-1, max-image-preview:large, max-video-preview:-1\" \/>\n<link rel=\"canonical\" href=\"https:\/\/diariodepe.com.br\/xinhua\/2024\/03\/06\/comentario-europa-e-china-poderiam-fazer-parceria-para-impulsionar-eletrificacao-na-industria-automobilistica\/\" \/>\n<meta property=\"og:locale\" content=\"pt_BR\" \/>\n<meta property=\"og:type\" content=\"article\" \/>\n<meta property=\"og:title\" content=\"Coment\u00e1rio: Europa e China poderiam fazer parceria para impulsionar eletrifica\u00e7\u00e3o na ind\u00fastria automobil\u00edstica - Xinhua - Diario de Pernambuco\" \/>\n<meta property=\"og:description\" content=\"Genebra &#8211; A fabricante chinesa de ve\u00edculos el\u00e9tricos Xiaopeng Motors e a fabricante automotiva alem\u00e3 Volkswagen assinaram um acordo de coopera\u00e7\u00e3o na semana passada no Sal\u00e3o Internacional do Autom\u00f3vel de Genebra para acelerar o desenvolvimento de ve\u00edculos el\u00e9tricos, marcando mais...\" \/>\n<meta property=\"og:url\" content=\"https:\/\/diariodepe.com.br\/xinhua\/2024\/03\/06\/comentario-europa-e-china-poderiam-fazer-parceria-para-impulsionar-eletrificacao-na-industria-automobilistica\/\" \/>\n<meta property=\"og:site_name\" content=\"Xinhua - Diario de Pernambuco\" \/>\n<meta property=\"article:published_time\" content=\"2024-03-06T11:05:00+00:00\" \/>\n<meta property=\"og:image\" content=\"https:\/\/diariodepe.com.br\/xinhua\/wp-content\/uploads\/sites\/3\/2024\/03\/20240305528e11dab47f4ae4ab57205c6e88e765_20240305482bd48437c24529b4dec7be8a9826d6.jpeg\" \/>\n\t<meta property=\"og:image:width\" content=\"900\" \/>\n\t<meta property=\"og:image:height\" content=\"682\" \/>\n\t<meta property=\"og:image:type\" content=\"image\/jpeg\" \/>\n<meta name=\"author\" content=\"Marcelo Oliveira de A. Maranhao\" \/>\n<meta name=\"twitter:card\" content=\"summary_large_image\" \/>\n<meta name=\"twitter:label1\" content=\"Escrito por\" \/>\n\t<meta name=\"twitter:data1\" content=\"Marcelo Oliveira de A. Maranhao\" \/>\n\t<meta name=\"twitter:label2\" content=\"Est. tempo de leitura\" \/>\n\t<meta name=\"twitter:data2\" content=\"4 minutos\" \/>\n<script type=\"application\/ld+json\" class=\"yoast-schema-graph\">{\"@context\":\"https:\\\/\\\/schema.org\",\"@graph\":[{\"@type\":\"Article\",\"@id\":\"https:\\\/\\\/diariodepe.com.br\\\/xinhua\\\/2024\\\/03\\\/06\\\/comentario-europa-e-china-poderiam-fazer-parceria-para-impulsionar-eletrificacao-na-industria-automobilistica\\\/#article\",\"isPartOf\":{\"@id\":\"https:\\\/\\\/diariodepe.com.br\\\/xinhua\\\/2024\\\/03\\\/06\\\/comentario-europa-e-china-poderiam-fazer-parceria-para-impulsionar-eletrificacao-na-industria-automobilistica\\\/\"},\"author\":{\"name\":\"Marcelo Oliveira de A. Maranhao\",\"@id\":\"https:\\\/\\\/diariodepe.com.br\\\/xinhua\\\/#\\\/schema\\\/person\\\/0943d6fd02bdc7b49c8f495e8787a2cb\"},\"headline\":\"Coment\u00e1rio: Europa e China poderiam fazer parceria para impulsionar eletrifica\u00e7\u00e3o na ind\u00fastria automobil\u00edstica\",\"datePublished\":\"2024-03-06T11:05:00+00:00\",\"mainEntityOfPage\":{\"@id\":\"https:\\\/\\\/diariodepe.com.br\\\/xinhua\\\/2024\\\/03\\\/06\\\/comentario-europa-e-china-poderiam-fazer-parceria-para-impulsionar-eletrificacao-na-industria-automobilistica\\\/\"},\"wordCount\":680,\"commentCount\":0,\"publisher\":{\"@id\":\"https:\\\/\\\/diariodepe.com.br\\\/xinhua\\\/#organization\"},\"image\":{\"@id\":\"https:\\\/\\\/diariodepe.com.br\\\/xinhua\\\/2024\\\/03\\\/06\\\/comentario-europa-e-china-poderiam-fazer-parceria-para-impulsionar-eletrificacao-na-industria-automobilistica\\\/#primaryimage\"},\"thumbnailUrl\":\"https:\\\/\\\/diariodepe.com.br\\\/xinhua\\\/wp-content\\\/uploads\\\/sites\\\/3\\\/2024\\\/03\\\/20240305528e11dab47f4ae4ab57205c6e88e765_20240305482bd48437c24529b4dec7be8a9826d6.jpeg\",\"articleSection\":[\"Economia\"],\"inLanguage\":\"pt-BR\",\"potentialAction\":[{\"@type\":\"CommentAction\",\"name\":\"Comment\",\"target\":[\"https:\\\/\\\/diariodepe.com.br\\\/xinhua\\\/2024\\\/03\\\/06\\\/comentario-europa-e-china-poderiam-fazer-parceria-para-impulsionar-eletrificacao-na-industria-automobilistica\\\/#respond\"]}]},{\"@type\":\"WebPage\",\"@id\":\"https:\\\/\\\/diariodepe.com.br\\\/xinhua\\\/2024\\\/03\\\/06\\\/comentario-europa-e-china-poderiam-fazer-parceria-para-impulsionar-eletrificacao-na-industria-automobilistica\\\/\",\"url\":\"https:\\\/\\\/diariodepe.com.br\\\/xinhua\\\/2024\\\/03\\\/06\\\/comentario-europa-e-china-poderiam-fazer-parceria-para-impulsionar-eletrificacao-na-industria-automobilistica\\\/\",\"name\":\"Coment\u00e1rio: Europa e China poderiam fazer parceria para impulsionar eletrifica\u00e7\u00e3o na ind\u00fastria automobil\u00edstica - Xinhua - Diario de Pernambuco\",\"isPartOf\":{\"@id\":\"https:\\\/\\\/diariodepe.com.br\\\/xinhua\\\/#website\"},\"primaryImageOfPage\":{\"@id\":\"https:\\\/\\\/diariodepe.com.br\\\/xinhua\\\/2024\\\/03\\\/06\\\/comentario-europa-e-china-poderiam-fazer-parceria-para-impulsionar-eletrificacao-na-industria-automobilistica\\\/#primaryimage\"},\"image\":{\"@id\":\"https:\\\/\\\/diariodepe.com.br\\\/xinhua\\\/2024\\\/03\\\/06\\\/comentario-europa-e-china-poderiam-fazer-parceria-para-impulsionar-eletrificacao-na-industria-automobilistica\\\/#primaryimage\"},\"thumbnailUrl\":\"https:\\\/\\\/diariodepe.com.br\\\/xinhua\\\/wp-content\\\/uploads\\\/sites\\\/3\\\/2024\\\/03\\\/20240305528e11dab47f4ae4ab57205c6e88e765_20240305482bd48437c24529b4dec7be8a9826d6.jpeg\",\"datePublished\":\"2024-03-06T11:05:00+00:00\",\"breadcrumb\":{\"@id\":\"https:\\\/\\\/diariodepe.com.br\\\/xinhua\\\/2024\\\/03\\\/06\\\/comentario-europa-e-china-poderiam-fazer-parceria-para-impulsionar-eletrificacao-na-industria-automobilistica\\\/#breadcrumb\"},\"inLanguage\":\"pt-BR\",\"potentialAction\":[{\"@type\":\"ReadAction\",\"target\":[\"https:\\\/\\\/diariodepe.com.br\\\/xinhua\\\/2024\\\/03\\\/06\\\/comentario-europa-e-china-poderiam-fazer-parceria-para-impulsionar-eletrificacao-na-industria-automobilistica\\\/\"]}]},{\"@type\":\"ImageObject\",\"inLanguage\":\"pt-BR\",\"@id\":\"https:\\\/\\\/diariodepe.com.br\\\/xinhua\\\/2024\\\/03\\\/06\\\/comentario-europa-e-china-poderiam-fazer-parceria-para-impulsionar-eletrificacao-na-industria-automobilistica\\\/#primaryimage\",\"url\":\"https:\\\/\\\/diariodepe.com.br\\\/xinhua\\\/wp-content\\\/uploads\\\/sites\\\/3\\\/2024\\\/03\\\/20240305528e11dab47f4ae4ab57205c6e88e765_20240305482bd48437c24529b4dec7be8a9826d6.jpeg\",\"contentUrl\":\"https:\\\/\\\/diariodepe.com.br\\\/xinhua\\\/wp-content\\\/uploads\\\/sites\\\/3\\\/2024\\\/03\\\/20240305528e11dab47f4ae4ab57205c6e88e765_20240305482bd48437c24529b4dec7be8a9826d6.jpeg\",\"width\":900,\"height\":682,\"caption\":\"(230906) -- MUNICH, Sept. 6, 2023 (Xinhua) -- People visit the booth of Chinese carmaker Xpeng during the 2023 International Motor Show, officially known as the IAA MOBILITY 2023, in Munich, Germany, Sept. 5, 2023. The IAA MOBILITY 2023, one of the world's largest mobility trade fairs, opened in the southern German city of Munich on Tuesday. At the six-day event are some 70 Chinese firms, the second largest number after the German participants. Under the motto Experience Connected Mobility of this year's IAA, Chinese carmakers are rolling out more chances and choices for local partners and customers in Europe. (Xinhua\\\/Ren Pengfei)\"},{\"@type\":\"BreadcrumbList\",\"@id\":\"https:\\\/\\\/diariodepe.com.br\\\/xinhua\\\/2024\\\/03\\\/06\\\/comentario-europa-e-china-poderiam-fazer-parceria-para-impulsionar-eletrificacao-na-industria-automobilistica\\\/#breadcrumb\",\"itemListElement\":[{\"@type\":\"ListItem\",\"position\":1,\"name\":\"In\u00edcio\",\"item\":\"https:\\\/\\\/diariodepe.com.br\\\/xinhua\\\/\"},{\"@type\":\"ListItem\",\"position\":2,\"name\":\"Coment\u00e1rio: Europa e China poderiam fazer parceria para impulsionar eletrifica\u00e7\u00e3o na ind\u00fastria automobil\u00edstica\"}]},{\"@type\":\"WebSite\",\"@id\":\"https:\\\/\\\/diariodepe.com.br\\\/xinhua\\\/#website\",\"url\":\"https:\\\/\\\/diariodepe.com.br\\\/xinhua\\\/\",\"name\":\"Xinhua - Diario de Pernambuco\",\"description\":\"A maior ag\u00eancia de not\u00edcias da China e um dos principais canais para conhecer o pa\u00eds\",\"publisher\":{\"@id\":\"https:\\\/\\\/diariodepe.com.br\\\/xinhua\\\/#organization\"},\"potentialAction\":[{\"@type\":\"SearchAction\",\"target\":{\"@type\":\"EntryPoint\",\"urlTemplate\":\"https:\\\/\\\/diariodepe.com.br\\\/xinhua\\\/?s={search_term_string}\"},\"query-input\":{\"@type\":\"PropertyValueSpecification\",\"valueRequired\":true,\"valueName\":\"search_term_string\"}}],\"inLanguage\":\"pt-BR\"},{\"@type\":\"Organization\",\"@id\":\"https:\\\/\\\/diariodepe.com.br\\\/xinhua\\\/#organization\",\"name\":\"Xinhua - Diario de Pernambuco\",\"url\":\"https:\\\/\\\/diariodepe.com.br\\\/xinhua\\\/\",\"logo\":{\"@type\":\"ImageObject\",\"inLanguage\":\"pt-BR\",\"@id\":\"https:\\\/\\\/diariodepe.com.br\\\/xinhua\\\/#\\\/schema\\\/logo\\\/image\\\/\",\"url\":\"https:\\\/\\\/diariodepe.com.br\\\/xinhua\\\/wp-content\\\/uploads\\\/sites\\\/3\\\/2020\\\/10\\\/cropped-logo-transparente-2.png\",\"contentUrl\":\"https:\\\/\\\/diariodepe.com.br\\\/xinhua\\\/wp-content\\\/uploads\\\/sites\\\/3\\\/2020\\\/10\\\/cropped-logo-transparente-2.png\",\"width\":512,\"height\":164,\"caption\":\"Xinhua - Diario de Pernambuco\"},\"image\":{\"@id\":\"https:\\\/\\\/diariodepe.com.br\\\/xinhua\\\/#\\\/schema\\\/logo\\\/image\\\/\"}},{\"@type\":\"Person\",\"@id\":\"https:\\\/\\\/diariodepe.com.br\\\/xinhua\\\/#\\\/schema\\\/person\\\/0943d6fd02bdc7b49c8f495e8787a2cb\",\"name\":\"Marcelo Oliveira de A. Maranhao\",\"image\":{\"@type\":\"ImageObject\",\"inLanguage\":\"pt-BR\",\"@id\":\"https:\\\/\\\/secure.gravatar.com\\\/avatar\\\/f562caee940d39879c20e90eea3e4b21860c7d4c96684c23141c554824f0059c?s=96&d=mm&r=g\",\"url\":\"https:\\\/\\\/secure.gravatar.com\\\/avatar\\\/f562caee940d39879c20e90eea3e4b21860c7d4c96684c23141c554824f0059c?s=96&d=mm&r=g\",\"contentUrl\":\"https:\\\/\\\/secure.gravatar.com\\\/avatar\\\/f562caee940d39879c20e90eea3e4b21860c7d4c96684c23141c554824f0059c?s=96&d=mm&r=g\",\"caption\":\"Marcelo Oliveira de A. Maranhao\"},\"url\":\"https:\\\/\\\/diariodepe.com.br\\\/xinhua\\\/author\\\/marcelo-maranhao\\\/\"}]}<\/script>\n<!-- \/ Yoast SEO plugin. -->","yoast_head_json":{"title":"Coment\u00e1rio: Europa e China poderiam fazer parceria para impulsionar eletrifica\u00e7\u00e3o na ind\u00fastria automobil\u00edstica - Xinhua - Diario de Pernambuco","robots":{"index":"index","follow":"follow","max-snippet":"max-snippet:-1","max-image-preview":"max-image-preview:large","max-video-preview":"max-video-preview:-1"},"canonical":"https:\/\/diariodepe.com.br\/xinhua\/2024\/03\/06\/comentario-europa-e-china-poderiam-fazer-parceria-para-impulsionar-eletrificacao-na-industria-automobilistica\/","og_locale":"pt_BR","og_type":"article","og_title":"Coment\u00e1rio: Europa e China poderiam fazer parceria para impulsionar eletrifica\u00e7\u00e3o na ind\u00fastria automobil\u00edstica - Xinhua - Diario de Pernambuco","og_description":"Genebra &#8211; A fabricante chinesa de ve\u00edculos el\u00e9tricos Xiaopeng Motors e a fabricante automotiva alem\u00e3 Volkswagen assinaram um acordo de coopera\u00e7\u00e3o na semana passada no Sal\u00e3o Internacional do Autom\u00f3vel de Genebra para acelerar o desenvolvimento de ve\u00edculos el\u00e9tricos, marcando mais...","og_url":"https:\/\/diariodepe.com.br\/xinhua\/2024\/03\/06\/comentario-europa-e-china-poderiam-fazer-parceria-para-impulsionar-eletrificacao-na-industria-automobilistica\/","og_site_name":"Xinhua - Diario de Pernambuco","article_published_time":"2024-03-06T11:05:00+00:00","og_image":[{"width":900,"height":682,"url":"https:\/\/diariodepe.com.br\/xinhua\/wp-content\/uploads\/sites\/3\/2024\/03\/20240305528e11dab47f4ae4ab57205c6e88e765_20240305482bd48437c24529b4dec7be8a9826d6.jpeg","type":"image\/jpeg"}],"author":"Marcelo Oliveira de A. Maranhao","twitter_card":"summary_large_image","twitter_misc":{"Escrito por":"Marcelo Oliveira de A. Maranhao","Est. tempo de leitura":"4 minutos"},"schema":{"@context":"https:\/\/schema.org","@graph":[{"@type":"Article","@id":"https:\/\/diariodepe.com.br\/xinhua\/2024\/03\/06\/comentario-europa-e-china-poderiam-fazer-parceria-para-impulsionar-eletrificacao-na-industria-automobilistica\/#article","isPartOf":{"@id":"https:\/\/diariodepe.com.br\/xinhua\/2024\/03\/06\/comentario-europa-e-china-poderiam-fazer-parceria-para-impulsionar-eletrificacao-na-industria-automobilistica\/"},"author":{"name":"Marcelo Oliveira de A. Maranhao","@id":"https:\/\/diariodepe.com.br\/xinhua\/#\/schema\/person\/0943d6fd02bdc7b49c8f495e8787a2cb"},"headline":"Coment\u00e1rio: Europa e China poderiam fazer parceria para impulsionar eletrifica\u00e7\u00e3o na ind\u00fastria automobil\u00edstica","datePublished":"2024-03-06T11:05:00+00:00","mainEntityOfPage":{"@id":"https:\/\/diariodepe.com.br\/xinhua\/2024\/03\/06\/comentario-europa-e-china-poderiam-fazer-parceria-para-impulsionar-eletrificacao-na-industria-automobilistica\/"},"wordCount":680,"commentCount":0,"publisher":{"@id":"https:\/\/diariodepe.com.br\/xinhua\/#organization"},"image":{"@id":"https:\/\/diariodepe.com.br\/xinhua\/2024\/03\/06\/comentario-europa-e-china-poderiam-fazer-parceria-para-impulsionar-eletrificacao-na-industria-automobilistica\/#primaryimage"},"thumbnailUrl":"https:\/\/diariodepe.com.br\/xinhua\/wp-content\/uploads\/sites\/3\/2024\/03\/20240305528e11dab47f4ae4ab57205c6e88e765_20240305482bd48437c24529b4dec7be8a9826d6.jpeg","articleSection":["Economia"],"inLanguage":"pt-BR","potentialAction":[{"@type":"CommentAction","name":"Comment","target":["https:\/\/diariodepe.com.br\/xinhua\/2024\/03\/06\/comentario-europa-e-china-poderiam-fazer-parceria-para-impulsionar-eletrificacao-na-industria-automobilistica\/#respond"]}]},{"@type":"WebPage","@id":"https:\/\/diariodepe.com.br\/xinhua\/2024\/03\/06\/comentario-europa-e-china-poderiam-fazer-parceria-para-impulsionar-eletrificacao-na-industria-automobilistica\/","url":"https:\/\/diariodepe.com.br\/xinhua\/2024\/03\/06\/comentario-europa-e-china-poderiam-fazer-parceria-para-impulsionar-eletrificacao-na-industria-automobilistica\/","name":"Coment\u00e1rio: Europa e China poderiam fazer parceria para impulsionar eletrifica\u00e7\u00e3o na ind\u00fastria automobil\u00edstica - Xinhua - Diario de Pernambuco","isPartOf":{"@id":"https:\/\/diariodepe.com.br\/xinhua\/#website"},"primaryImageOfPage":{"@id":"https:\/\/diariodepe.com.br\/xinhua\/2024\/03\/06\/comentario-europa-e-china-poderiam-fazer-parceria-para-impulsionar-eletrificacao-na-industria-automobilistica\/#primaryimage"},"image":{"@id":"https:\/\/diariodepe.com.br\/xinhua\/2024\/03\/06\/comentario-europa-e-china-poderiam-fazer-parceria-para-impulsionar-eletrificacao-na-industria-automobilistica\/#primaryimage"},"thumbnailUrl":"https:\/\/diariodepe.com.br\/xinhua\/wp-content\/uploads\/sites\/3\/2024\/03\/20240305528e11dab47f4ae4ab57205c6e88e765_20240305482bd48437c24529b4dec7be8a9826d6.jpeg","datePublished":"2024-03-06T11:05:00+00:00","breadcrumb":{"@id":"https:\/\/diariodepe.com.br\/xinhua\/2024\/03\/06\/comentario-europa-e-china-poderiam-fazer-parceria-para-impulsionar-eletrificacao-na-industria-automobilistica\/#breadcrumb"},"inLanguage":"pt-BR","potentialAction":[{"@type":"ReadAction","target":["https:\/\/diariodepe.com.br\/xinhua\/2024\/03\/06\/comentario-europa-e-china-poderiam-fazer-parceria-para-impulsionar-eletrificacao-na-industria-automobilistica\/"]}]},{"@type":"ImageObject","inLanguage":"pt-BR","@id":"https:\/\/diariodepe.com.br\/xinhua\/2024\/03\/06\/comentario-europa-e-china-poderiam-fazer-parceria-para-impulsionar-eletrificacao-na-industria-automobilistica\/#primaryimage","url":"https:\/\/diariodepe.com.br\/xinhua\/wp-content\/uploads\/sites\/3\/2024\/03\/20240305528e11dab47f4ae4ab57205c6e88e765_20240305482bd48437c24529b4dec7be8a9826d6.jpeg","contentUrl":"https:\/\/diariodepe.com.br\/xinhua\/wp-content\/uploads\/sites\/3\/2024\/03\/20240305528e11dab47f4ae4ab57205c6e88e765_20240305482bd48437c24529b4dec7be8a9826d6.jpeg","width":900,"height":682,"caption":"(230906) -- MUNICH, Sept. 6, 2023 (Xinhua) -- People visit the booth of Chinese carmaker Xpeng during the 2023 International Motor Show, officially known as the IAA MOBILITY 2023, in Munich, Germany, Sept. 5, 2023. The IAA MOBILITY 2023, one of the world's largest mobility trade fairs, opened in the southern German city of Munich on Tuesday. At the six-day event are some 70 Chinese firms, the second largest number after the German participants. Under the motto Experience Connected Mobility of this year's IAA, Chinese carmakers are rolling out more chances and choices for local partners and customers in Europe. (Xinhua\/Ren Pengfei)"},{"@type":"BreadcrumbList","@id":"https:\/\/diariodepe.com.br\/xinhua\/2024\/03\/06\/comentario-europa-e-china-poderiam-fazer-parceria-para-impulsionar-eletrificacao-na-industria-automobilistica\/#breadcrumb","itemListElement":[{"@type":"ListItem","position":1,"name":"In\u00edcio","item":"https:\/\/diariodepe.com.br\/xinhua\/"},{"@type":"ListItem","position":2,"name":"Coment\u00e1rio: Europa e China poderiam fazer parceria para impulsionar eletrifica\u00e7\u00e3o na ind\u00fastria automobil\u00edstica"}]},{"@type":"WebSite","@id":"https:\/\/diariodepe.com.br\/xinhua\/#website","url":"https:\/\/diariodepe.com.br\/xinhua\/","name":"Xinhua - Diario de Pernambuco","description":"A maior ag\u00eancia de not\u00edcias da China e um dos principais canais para conhecer o pa\u00eds","publisher":{"@id":"https:\/\/diariodepe.com.br\/xinhua\/#organization"},"potentialAction":[{"@type":"SearchAction","target":{"@type":"EntryPoint","urlTemplate":"https:\/\/diariodepe.com.br\/xinhua\/?s={search_term_string}"},"query-input":{"@type":"PropertyValueSpecification","valueRequired":true,"valueName":"search_term_string"}}],"inLanguage":"pt-BR"},{"@type":"Organization","@id":"https:\/\/diariodepe.com.br\/xinhua\/#organization","name":"Xinhua - Diario de Pernambuco","url":"https:\/\/diariodepe.com.br\/xinhua\/","logo":{"@type":"ImageObject","inLanguage":"pt-BR","@id":"https:\/\/diariodepe.com.br\/xinhua\/#\/schema\/logo\/image\/","url":"https:\/\/diariodepe.com.br\/xinhua\/wp-content\/uploads\/sites\/3\/2020\/10\/cropped-logo-transparente-2.png","contentUrl":"https:\/\/diariodepe.com.br\/xinhua\/wp-content\/uploads\/sites\/3\/2020\/10\/cropped-logo-transparente-2.png","width":512,"height":164,"caption":"Xinhua - Diario de Pernambuco"},"image":{"@id":"https:\/\/diariodepe.com.br\/xinhua\/#\/schema\/logo\/image\/"}},{"@type":"Person","@id":"https:\/\/diariodepe.com.br\/xinhua\/#\/schema\/person\/0943d6fd02bdc7b49c8f495e8787a2cb","name":"Marcelo Oliveira de A. Maranhao","image":{"@type":"ImageObject","inLanguage":"pt-BR","@id":"https:\/\/secure.gravatar.com\/avatar\/f562caee940d39879c20e90eea3e4b21860c7d4c96684c23141c554824f0059c?s=96&d=mm&r=g","url":"https:\/\/secure.gravatar.com\/avatar\/f562caee940d39879c20e90eea3e4b21860c7d4c96684c23141c554824f0059c?s=96&d=mm&r=g","contentUrl":"https:\/\/secure.gravatar.com\/avatar\/f562caee940d39879c20e90eea3e4b21860c7d4c96684c23141c554824f0059c?s=96&d=mm&r=g","caption":"Marcelo Oliveira de A. Maranhao"},"url":"https:\/\/diariodepe.com.br\/xinhua\/author\/marcelo-maranhao\/"}]}},"cc_featured_image_caption":{"caption_text":"","source_text":"","source_url":""},"amp_enabled":true,"_links":{"self":[{"href":"https:\/\/diariodepe.com.br\/xinhua\/wp-json\/wp\/v2\/posts\/18522","targetHints":{"allow":["GET"]}}],"collection":[{"href":"https:\/\/diariodepe.com.br\/xinhua\/wp-json\/wp\/v2\/posts"}],"about":[{"href":"https:\/\/diariodepe.com.br\/xinhua\/wp-json\/wp\/v2\/types\/post"}],"author":[{"embeddable":true,"href":"https:\/\/diariodepe.com.br\/xinhua\/wp-json\/wp\/v2\/users\/3"}],"replies":[{"embeddable":true,"href":"https:\/\/diariodepe.com.br\/xinhua\/wp-json\/wp\/v2\/comments?post=18522"}],"version-history":[{"count":1,"href":"https:\/\/diariodepe.com.br\/xinhua\/wp-json\/wp\/v2\/posts\/18522\/revisions"}],"predecessor-version":[{"id":18524,"href":"https:\/\/diariodepe.com.br\/xinhua\/wp-json\/wp\/v2\/posts\/18522\/revisions\/18524"}],"wp:featuredmedia":[{"embeddable":true,"href":"https:\/\/diariodepe.com.br\/xinhua\/wp-json\/wp\/v2\/media\/18523"}],"wp:attachment":[{"href":"https:\/\/diariodepe.com.br\/xinhua\/wp-json\/wp\/v2\/media?parent=18522"}],"wp:term":[{"taxonomy":"category","embeddable":true,"href":"https:\/\/diariodepe.com.br\/xinhua\/wp-json\/wp\/v2\/categories?post=18522"},{"taxonomy":"post_tag","embeddable":true,"href":"https:\/\/diariodepe.com.br\/xinhua\/wp-json\/wp\/v2\/tags?post=18522"}],"curies":[{"name":"wp","href":"https:\/\/api.w.org\/{rel}","templated":true}]}}