{"id":18365,"date":"2024-02-26T13:04:00","date_gmt":"2024-02-26T16:04:00","guid":{"rendered":"https:\/\/www.diariodepe.com.br\/xinhua\/?p=18365"},"modified":"2024-02-26T09:14:04","modified_gmt":"2024-02-26T12:14:04","slug":"mais-alto-orgao-legislativo-da-china-inicia-sessao-do-comite-permanente-3","status":"publish","type":"post","link":"https:\/\/diariodepe.com.br\/xinhua\/2024\/02\/26\/mais-alto-orgao-legislativo-da-china-inicia-sessao-do-comite-permanente-3\/","title":{"rendered":"Mais alto \u00f3rg\u00e3o legislativo da China inicia sess\u00e3o do comit\u00ea permanente"},"content":{"rendered":"\n<p>Beijing &#8211; O Comit\u00ea Permanente da 14\u00aa Assembleia Popular Nacional (APN), o mais alto \u00f3rg\u00e3o legislativo da China, iniciou sua oitava sess\u00e3o nesta segunda-feira, em Beijing.<\/p>\n\n\n\n<p>Zhao Leji, presidente do Comit\u00ea Permanente da APN, presidiu a primeira reuni\u00e3o plen\u00e1ria da sess\u00e3o.<\/p>\n\n\n\n<p>A sess\u00e3o analisou um projeto de revis\u00e3o da Lei sobre a Guarda de Segredos de Estado. Nos preparativos para a segunda sess\u00e3o da 14\u00aa APN, que se aproxima, os legisladores deliberaram sobre um relat\u00f3rio de trabalho do Comit\u00ea Permanente da APN, o projeto de agenda da sess\u00e3o da APN, o projeto de listas de nomes do presidium e do secret\u00e1rio-geral da sess\u00e3o e um projeto de lista de nomes dos membros convidados a integrarem a sess\u00e3o como participantes sem direito a voto.<\/p>\n\n\n\n<p>Os legisladores tamb\u00e9m ouviram um relat\u00f3rio de qualifica\u00e7\u00e3o de representantes e analisaram projetos de lei relacionados a pessoal.<\/p>\n","protected":false},"excerpt":{"rendered":"<p>Beijing &#8211; O Comit\u00ea Permanente da 14\u00aa Assembleia Popular Nacional (APN), o mais alto \u00f3rg\u00e3o legislativo da China, iniciou sua oitava sess\u00e3o nesta segunda-feira, em Beijing. Zhao Leji, presidente do Comit\u00ea Permanente da APN, presidiu a primeira reuni\u00e3o plen\u00e1ria da&#8230;<\/p>\n","protected":false},"author":3,"featured_media":18366,"comment_status":"open","ping_status":"open","sticky":false,"template":"","format":"standard","meta":{"footnotes":""},"categories":[3],"tags":[],"class_list":["post-18365","post","type-post","status-publish","format-standard","has-post-thumbnail","hentry","category-china"],"yoast_head":"<!-- This site is optimized with the Yoast SEO plugin v27.4 - https:\/\/yoast.com\/product\/yoast-seo-wordpress\/ -->\n<title>Mais alto \u00f3rg\u00e3o legislativo da China inicia sess\u00e3o do comit\u00ea permanente - Xinhua - Diario de Pernambuco<\/title>\n<meta name=\"robots\" content=\"index, follow, max-snippet:-1, max-image-preview:large, max-video-preview:-1\" \/>\n<link rel=\"canonical\" href=\"https:\/\/diariodepe.com.br\/xinhua\/2024\/02\/26\/mais-alto-orgao-legislativo-da-china-inicia-sessao-do-comite-permanente-3\/\" \/>\n<meta property=\"og:locale\" content=\"pt_BR\" \/>\n<meta property=\"og:type\" content=\"article\" \/>\n<meta property=\"og:title\" content=\"Mais alto \u00f3rg\u00e3o legislativo da China inicia sess\u00e3o do comit\u00ea permanente - Xinhua - Diario de Pernambuco\" \/>\n<meta property=\"og:description\" content=\"Beijing &#8211; O Comit\u00ea Permanente da 14\u00aa Assembleia Popular Nacional (APN), o mais alto \u00f3rg\u00e3o legislativo da China, iniciou sua oitava sess\u00e3o nesta segunda-feira, em Beijing. Zhao Leji, presidente do Comit\u00ea Permanente da APN, presidiu a primeira reuni\u00e3o plen\u00e1ria da...\" \/>\n<meta property=\"og:url\" content=\"https:\/\/diariodepe.com.br\/xinhua\/2024\/02\/26\/mais-alto-orgao-legislativo-da-china-inicia-sessao-do-comite-permanente-3\/\" \/>\n<meta property=\"og:site_name\" content=\"Xinhua - Diario de Pernambuco\" \/>\n<meta property=\"article:published_time\" content=\"2024-02-26T16:04:00+00:00\" \/>\n<meta property=\"og:image\" content=\"https:\/\/diariodepe.com.br\/xinhua\/wp-content\/uploads\/sites\/3\/2024\/02\/hLfS27WOQm8Gvoda.jpeg\" \/>\n\t<meta property=\"og:image:width\" content=\"1013\" \/>\n\t<meta property=\"og:image:height\" content=\"689\" \/>\n\t<meta property=\"og:image:type\" content=\"image\/jpeg\" \/>\n<meta name=\"author\" content=\"Marcelo Oliveira de A. Maranhao\" \/>\n<meta name=\"twitter:card\" content=\"summary_large_image\" \/>\n<meta name=\"twitter:label1\" content=\"Escrito por\" \/>\n\t<meta name=\"twitter:data1\" content=\"Marcelo Oliveira de A. Maranhao\" \/>\n\t<meta name=\"twitter:label2\" content=\"Est. tempo de leitura\" \/>\n\t<meta name=\"twitter:data2\" content=\"1 minuto\" \/>\n<script type=\"application\/ld+json\" class=\"yoast-schema-graph\">{\"@context\":\"https:\\\/\\\/schema.org\",\"@graph\":[{\"@type\":\"Article\",\"@id\":\"https:\\\/\\\/diariodepe.com.br\\\/xinhua\\\/2024\\\/02\\\/26\\\/mais-alto-orgao-legislativo-da-china-inicia-sessao-do-comite-permanente-3\\\/#article\",\"isPartOf\":{\"@id\":\"https:\\\/\\\/diariodepe.com.br\\\/xinhua\\\/2024\\\/02\\\/26\\\/mais-alto-orgao-legislativo-da-china-inicia-sessao-do-comite-permanente-3\\\/\"},\"author\":{\"name\":\"Marcelo Oliveira de A. Maranhao\",\"@id\":\"https:\\\/\\\/diariodepe.com.br\\\/xinhua\\\/#\\\/schema\\\/person\\\/0943d6fd02bdc7b49c8f495e8787a2cb\"},\"headline\":\"Mais alto \u00f3rg\u00e3o legislativo da China inicia sess\u00e3o do comit\u00ea permanente\",\"datePublished\":\"2024-02-26T16:04:00+00:00\",\"mainEntityOfPage\":{\"@id\":\"https:\\\/\\\/diariodepe.com.br\\\/xinhua\\\/2024\\\/02\\\/26\\\/mais-alto-orgao-legislativo-da-china-inicia-sessao-do-comite-permanente-3\\\/\"},\"wordCount\":168,\"commentCount\":0,\"publisher\":{\"@id\":\"https:\\\/\\\/diariodepe.com.br\\\/xinhua\\\/#organization\"},\"image\":{\"@id\":\"https:\\\/\\\/diariodepe.com.br\\\/xinhua\\\/2024\\\/02\\\/26\\\/mais-alto-orgao-legislativo-da-china-inicia-sessao-do-comite-permanente-3\\\/#primaryimage\"},\"thumbnailUrl\":\"https:\\\/\\\/diariodepe.com.br\\\/xinhua\\\/wp-content\\\/uploads\\\/sites\\\/3\\\/2024\\\/02\\\/hLfS27WOQm8Gvoda.jpeg\",\"articleSection\":[\"China\"],\"inLanguage\":\"pt-BR\",\"potentialAction\":[{\"@type\":\"CommentAction\",\"name\":\"Comment\",\"target\":[\"https:\\\/\\\/diariodepe.com.br\\\/xinhua\\\/2024\\\/02\\\/26\\\/mais-alto-orgao-legislativo-da-china-inicia-sessao-do-comite-permanente-3\\\/#respond\"]}]},{\"@type\":\"WebPage\",\"@id\":\"https:\\\/\\\/diariodepe.com.br\\\/xinhua\\\/2024\\\/02\\\/26\\\/mais-alto-orgao-legislativo-da-china-inicia-sessao-do-comite-permanente-3\\\/\",\"url\":\"https:\\\/\\\/diariodepe.com.br\\\/xinhua\\\/2024\\\/02\\\/26\\\/mais-alto-orgao-legislativo-da-china-inicia-sessao-do-comite-permanente-3\\\/\",\"name\":\"Mais alto \u00f3rg\u00e3o legislativo da China inicia sess\u00e3o do comit\u00ea permanente - Xinhua - Diario de Pernambuco\",\"isPartOf\":{\"@id\":\"https:\\\/\\\/diariodepe.com.br\\\/xinhua\\\/#website\"},\"primaryImageOfPage\":{\"@id\":\"https:\\\/\\\/diariodepe.com.br\\\/xinhua\\\/2024\\\/02\\\/26\\\/mais-alto-orgao-legislativo-da-china-inicia-sessao-do-comite-permanente-3\\\/#primaryimage\"},\"image\":{\"@id\":\"https:\\\/\\\/diariodepe.com.br\\\/xinhua\\\/2024\\\/02\\\/26\\\/mais-alto-orgao-legislativo-da-china-inicia-sessao-do-comite-permanente-3\\\/#primaryimage\"},\"thumbnailUrl\":\"https:\\\/\\\/diariodepe.com.br\\\/xinhua\\\/wp-content\\\/uploads\\\/sites\\\/3\\\/2024\\\/02\\\/hLfS27WOQm8Gvoda.jpeg\",\"datePublished\":\"2024-02-26T16:04:00+00:00\",\"breadcrumb\":{\"@id\":\"https:\\\/\\\/diariodepe.com.br\\\/xinhua\\\/2024\\\/02\\\/26\\\/mais-alto-orgao-legislativo-da-china-inicia-sessao-do-comite-permanente-3\\\/#breadcrumb\"},\"inLanguage\":\"pt-BR\",\"potentialAction\":[{\"@type\":\"ReadAction\",\"target\":[\"https:\\\/\\\/diariodepe.com.br\\\/xinhua\\\/2024\\\/02\\\/26\\\/mais-alto-orgao-legislativo-da-china-inicia-sessao-do-comite-permanente-3\\\/\"]}]},{\"@type\":\"ImageObject\",\"inLanguage\":\"pt-BR\",\"@id\":\"https:\\\/\\\/diariodepe.com.br\\\/xinhua\\\/2024\\\/02\\\/26\\\/mais-alto-orgao-legislativo-da-china-inicia-sessao-do-comite-permanente-3\\\/#primaryimage\",\"url\":\"https:\\\/\\\/diariodepe.com.br\\\/xinhua\\\/wp-content\\\/uploads\\\/sites\\\/3\\\/2024\\\/02\\\/hLfS27WOQm8Gvoda.jpeg\",\"contentUrl\":\"https:\\\/\\\/diariodepe.com.br\\\/xinhua\\\/wp-content\\\/uploads\\\/sites\\\/3\\\/2024\\\/02\\\/hLfS27WOQm8Gvoda.jpeg\",\"width\":1013,\"height\":689},{\"@type\":\"BreadcrumbList\",\"@id\":\"https:\\\/\\\/diariodepe.com.br\\\/xinhua\\\/2024\\\/02\\\/26\\\/mais-alto-orgao-legislativo-da-china-inicia-sessao-do-comite-permanente-3\\\/#breadcrumb\",\"itemListElement\":[{\"@type\":\"ListItem\",\"position\":1,\"name\":\"In\u00edcio\",\"item\":\"https:\\\/\\\/diariodepe.com.br\\\/xinhua\\\/\"},{\"@type\":\"ListItem\",\"position\":2,\"name\":\"Mais alto \u00f3rg\u00e3o legislativo da China inicia sess\u00e3o do comit\u00ea permanente\"}]},{\"@type\":\"WebSite\",\"@id\":\"https:\\\/\\\/diariodepe.com.br\\\/xinhua\\\/#website\",\"url\":\"https:\\\/\\\/diariodepe.com.br\\\/xinhua\\\/\",\"name\":\"Xinhua - Diario de Pernambuco\",\"description\":\"A maior ag\u00eancia de not\u00edcias da China e um dos principais canais para conhecer o pa\u00eds\",\"publisher\":{\"@id\":\"https:\\\/\\\/diariodepe.com.br\\\/xinhua\\\/#organization\"},\"potentialAction\":[{\"@type\":\"SearchAction\",\"target\":{\"@type\":\"EntryPoint\",\"urlTemplate\":\"https:\\\/\\\/diariodepe.com.br\\\/xinhua\\\/?s={search_term_string}\"},\"query-input\":{\"@type\":\"PropertyValueSpecification\",\"valueRequired\":true,\"valueName\":\"search_term_string\"}}],\"inLanguage\":\"pt-BR\"},{\"@type\":\"Organization\",\"@id\":\"https:\\\/\\\/diariodepe.com.br\\\/xinhua\\\/#organization\",\"name\":\"Xinhua - Diario de Pernambuco\",\"url\":\"https:\\\/\\\/diariodepe.com.br\\\/xinhua\\\/\",\"logo\":{\"@type\":\"ImageObject\",\"inLanguage\":\"pt-BR\",\"@id\":\"https:\\\/\\\/diariodepe.com.br\\\/xinhua\\\/#\\\/schema\\\/logo\\\/image\\\/\",\"url\":\"https:\\\/\\\/diariodepe.com.br\\\/xinhua\\\/wp-content\\\/uploads\\\/sites\\\/3\\\/2020\\\/10\\\/cropped-logo-transparente-2.png\",\"contentUrl\":\"https:\\\/\\\/diariodepe.com.br\\\/xinhua\\\/wp-content\\\/uploads\\\/sites\\\/3\\\/2020\\\/10\\\/cropped-logo-transparente-2.png\",\"width\":512,\"height\":164,\"caption\":\"Xinhua - Diario de Pernambuco\"},\"image\":{\"@id\":\"https:\\\/\\\/diariodepe.com.br\\\/xinhua\\\/#\\\/schema\\\/logo\\\/image\\\/\"}},{\"@type\":\"Person\",\"@id\":\"https:\\\/\\\/diariodepe.com.br\\\/xinhua\\\/#\\\/schema\\\/person\\\/0943d6fd02bdc7b49c8f495e8787a2cb\",\"name\":\"Marcelo Oliveira de A. Maranhao\",\"image\":{\"@type\":\"ImageObject\",\"inLanguage\":\"pt-BR\",\"@id\":\"https:\\\/\\\/secure.gravatar.com\\\/avatar\\\/f562caee940d39879c20e90eea3e4b21860c7d4c96684c23141c554824f0059c?s=96&d=mm&r=g\",\"url\":\"https:\\\/\\\/secure.gravatar.com\\\/avatar\\\/f562caee940d39879c20e90eea3e4b21860c7d4c96684c23141c554824f0059c?s=96&d=mm&r=g\",\"contentUrl\":\"https:\\\/\\\/secure.gravatar.com\\\/avatar\\\/f562caee940d39879c20e90eea3e4b21860c7d4c96684c23141c554824f0059c?s=96&d=mm&r=g\",\"caption\":\"Marcelo Oliveira de A. Maranhao\"},\"url\":\"https:\\\/\\\/diariodepe.com.br\\\/xinhua\\\/author\\\/marcelo-maranhao\\\/\"}]}<\/script>\n<!-- \/ Yoast SEO plugin. -->","yoast_head_json":{"title":"Mais alto \u00f3rg\u00e3o legislativo da China inicia sess\u00e3o do comit\u00ea permanente - Xinhua - Diario de Pernambuco","robots":{"index":"index","follow":"follow","max-snippet":"max-snippet:-1","max-image-preview":"max-image-preview:large","max-video-preview":"max-video-preview:-1"},"canonical":"https:\/\/diariodepe.com.br\/xinhua\/2024\/02\/26\/mais-alto-orgao-legislativo-da-china-inicia-sessao-do-comite-permanente-3\/","og_locale":"pt_BR","og_type":"article","og_title":"Mais alto \u00f3rg\u00e3o legislativo da China inicia sess\u00e3o do comit\u00ea permanente - Xinhua - Diario de Pernambuco","og_description":"Beijing &#8211; O Comit\u00ea Permanente da 14\u00aa Assembleia Popular Nacional (APN), o mais alto \u00f3rg\u00e3o legislativo da China, iniciou sua oitava sess\u00e3o nesta segunda-feira, em Beijing. Zhao Leji, presidente do Comit\u00ea Permanente da APN, presidiu a primeira reuni\u00e3o plen\u00e1ria da...","og_url":"https:\/\/diariodepe.com.br\/xinhua\/2024\/02\/26\/mais-alto-orgao-legislativo-da-china-inicia-sessao-do-comite-permanente-3\/","og_site_name":"Xinhua - Diario de Pernambuco","article_published_time":"2024-02-26T16:04:00+00:00","og_image":[{"width":1013,"height":689,"url":"https:\/\/diariodepe.com.br\/xinhua\/wp-content\/uploads\/sites\/3\/2024\/02\/hLfS27WOQm8Gvoda.jpeg","type":"image\/jpeg"}],"author":"Marcelo Oliveira de A. Maranhao","twitter_card":"summary_large_image","twitter_misc":{"Escrito por":"Marcelo Oliveira de A. Maranhao","Est. tempo de leitura":"1 minuto"},"schema":{"@context":"https:\/\/schema.org","@graph":[{"@type":"Article","@id":"https:\/\/diariodepe.com.br\/xinhua\/2024\/02\/26\/mais-alto-orgao-legislativo-da-china-inicia-sessao-do-comite-permanente-3\/#article","isPartOf":{"@id":"https:\/\/diariodepe.com.br\/xinhua\/2024\/02\/26\/mais-alto-orgao-legislativo-da-china-inicia-sessao-do-comite-permanente-3\/"},"author":{"name":"Marcelo Oliveira de A. Maranhao","@id":"https:\/\/diariodepe.com.br\/xinhua\/#\/schema\/person\/0943d6fd02bdc7b49c8f495e8787a2cb"},"headline":"Mais alto \u00f3rg\u00e3o legislativo da China inicia sess\u00e3o do comit\u00ea permanente","datePublished":"2024-02-26T16:04:00+00:00","mainEntityOfPage":{"@id":"https:\/\/diariodepe.com.br\/xinhua\/2024\/02\/26\/mais-alto-orgao-legislativo-da-china-inicia-sessao-do-comite-permanente-3\/"},"wordCount":168,"commentCount":0,"publisher":{"@id":"https:\/\/diariodepe.com.br\/xinhua\/#organization"},"image":{"@id":"https:\/\/diariodepe.com.br\/xinhua\/2024\/02\/26\/mais-alto-orgao-legislativo-da-china-inicia-sessao-do-comite-permanente-3\/#primaryimage"},"thumbnailUrl":"https:\/\/diariodepe.com.br\/xinhua\/wp-content\/uploads\/sites\/3\/2024\/02\/hLfS27WOQm8Gvoda.jpeg","articleSection":["China"],"inLanguage":"pt-BR","potentialAction":[{"@type":"CommentAction","name":"Comment","target":["https:\/\/diariodepe.com.br\/xinhua\/2024\/02\/26\/mais-alto-orgao-legislativo-da-china-inicia-sessao-do-comite-permanente-3\/#respond"]}]},{"@type":"WebPage","@id":"https:\/\/diariodepe.com.br\/xinhua\/2024\/02\/26\/mais-alto-orgao-legislativo-da-china-inicia-sessao-do-comite-permanente-3\/","url":"https:\/\/diariodepe.com.br\/xinhua\/2024\/02\/26\/mais-alto-orgao-legislativo-da-china-inicia-sessao-do-comite-permanente-3\/","name":"Mais alto \u00f3rg\u00e3o legislativo da China inicia sess\u00e3o do comit\u00ea permanente - Xinhua - Diario de Pernambuco","isPartOf":{"@id":"https:\/\/diariodepe.com.br\/xinhua\/#website"},"primaryImageOfPage":{"@id":"https:\/\/diariodepe.com.br\/xinhua\/2024\/02\/26\/mais-alto-orgao-legislativo-da-china-inicia-sessao-do-comite-permanente-3\/#primaryimage"},"image":{"@id":"https:\/\/diariodepe.com.br\/xinhua\/2024\/02\/26\/mais-alto-orgao-legislativo-da-china-inicia-sessao-do-comite-permanente-3\/#primaryimage"},"thumbnailUrl":"https:\/\/diariodepe.com.br\/xinhua\/wp-content\/uploads\/sites\/3\/2024\/02\/hLfS27WOQm8Gvoda.jpeg","datePublished":"2024-02-26T16:04:00+00:00","breadcrumb":{"@id":"https:\/\/diariodepe.com.br\/xinhua\/2024\/02\/26\/mais-alto-orgao-legislativo-da-china-inicia-sessao-do-comite-permanente-3\/#breadcrumb"},"inLanguage":"pt-BR","potentialAction":[{"@type":"ReadAction","target":["https:\/\/diariodepe.com.br\/xinhua\/2024\/02\/26\/mais-alto-orgao-legislativo-da-china-inicia-sessao-do-comite-permanente-3\/"]}]},{"@type":"ImageObject","inLanguage":"pt-BR","@id":"https:\/\/diariodepe.com.br\/xinhua\/2024\/02\/26\/mais-alto-orgao-legislativo-da-china-inicia-sessao-do-comite-permanente-3\/#primaryimage","url":"https:\/\/diariodepe.com.br\/xinhua\/wp-content\/uploads\/sites\/3\/2024\/02\/hLfS27WOQm8Gvoda.jpeg","contentUrl":"https:\/\/diariodepe.com.br\/xinhua\/wp-content\/uploads\/sites\/3\/2024\/02\/hLfS27WOQm8Gvoda.jpeg","width":1013,"height":689},{"@type":"BreadcrumbList","@id":"https:\/\/diariodepe.com.br\/xinhua\/2024\/02\/26\/mais-alto-orgao-legislativo-da-china-inicia-sessao-do-comite-permanente-3\/#breadcrumb","itemListElement":[{"@type":"ListItem","position":1,"name":"In\u00edcio","item":"https:\/\/diariodepe.com.br\/xinhua\/"},{"@type":"ListItem","position":2,"name":"Mais alto \u00f3rg\u00e3o legislativo da China inicia sess\u00e3o do comit\u00ea permanente"}]},{"@type":"WebSite","@id":"https:\/\/diariodepe.com.br\/xinhua\/#website","url":"https:\/\/diariodepe.com.br\/xinhua\/","name":"Xinhua - Diario de Pernambuco","description":"A maior ag\u00eancia de not\u00edcias da China e um dos principais canais para conhecer o pa\u00eds","publisher":{"@id":"https:\/\/diariodepe.com.br\/xinhua\/#organization"},"potentialAction":[{"@type":"SearchAction","target":{"@type":"EntryPoint","urlTemplate":"https:\/\/diariodepe.com.br\/xinhua\/?s={search_term_string}"},"query-input":{"@type":"PropertyValueSpecification","valueRequired":true,"valueName":"search_term_string"}}],"inLanguage":"pt-BR"},{"@type":"Organization","@id":"https:\/\/diariodepe.com.br\/xinhua\/#organization","name":"Xinhua - Diario de Pernambuco","url":"https:\/\/diariodepe.com.br\/xinhua\/","logo":{"@type":"ImageObject","inLanguage":"pt-BR","@id":"https:\/\/diariodepe.com.br\/xinhua\/#\/schema\/logo\/image\/","url":"https:\/\/diariodepe.com.br\/xinhua\/wp-content\/uploads\/sites\/3\/2020\/10\/cropped-logo-transparente-2.png","contentUrl":"https:\/\/diariodepe.com.br\/xinhua\/wp-content\/uploads\/sites\/3\/2020\/10\/cropped-logo-transparente-2.png","width":512,"height":164,"caption":"Xinhua - Diario de Pernambuco"},"image":{"@id":"https:\/\/diariodepe.com.br\/xinhua\/#\/schema\/logo\/image\/"}},{"@type":"Person","@id":"https:\/\/diariodepe.com.br\/xinhua\/#\/schema\/person\/0943d6fd02bdc7b49c8f495e8787a2cb","name":"Marcelo Oliveira de A. Maranhao","image":{"@type":"ImageObject","inLanguage":"pt-BR","@id":"https:\/\/secure.gravatar.com\/avatar\/f562caee940d39879c20e90eea3e4b21860c7d4c96684c23141c554824f0059c?s=96&d=mm&r=g","url":"https:\/\/secure.gravatar.com\/avatar\/f562caee940d39879c20e90eea3e4b21860c7d4c96684c23141c554824f0059c?s=96&d=mm&r=g","contentUrl":"https:\/\/secure.gravatar.com\/avatar\/f562caee940d39879c20e90eea3e4b21860c7d4c96684c23141c554824f0059c?s=96&d=mm&r=g","caption":"Marcelo Oliveira de A. Maranhao"},"url":"https:\/\/diariodepe.com.br\/xinhua\/author\/marcelo-maranhao\/"}]}},"cc_featured_image_caption":{"caption_text":"","source_text":"","source_url":""},"amp_enabled":true,"_links":{"self":[{"href":"https:\/\/diariodepe.com.br\/xinhua\/wp-json\/wp\/v2\/posts\/18365","targetHints":{"allow":["GET"]}}],"collection":[{"href":"https:\/\/diariodepe.com.br\/xinhua\/wp-json\/wp\/v2\/posts"}],"about":[{"href":"https:\/\/diariodepe.com.br\/xinhua\/wp-json\/wp\/v2\/types\/post"}],"author":[{"embeddable":true,"href":"https:\/\/diariodepe.com.br\/xinhua\/wp-json\/wp\/v2\/users\/3"}],"replies":[{"embeddable":true,"href":"https:\/\/diariodepe.com.br\/xinhua\/wp-json\/wp\/v2\/comments?post=18365"}],"version-history":[{"count":1,"href":"https:\/\/diariodepe.com.br\/xinhua\/wp-json\/wp\/v2\/posts\/18365\/revisions"}],"predecessor-version":[{"id":18367,"href":"https:\/\/diariodepe.com.br\/xinhua\/wp-json\/wp\/v2\/posts\/18365\/revisions\/18367"}],"wp:featuredmedia":[{"embeddable":true,"href":"https:\/\/diariodepe.com.br\/xinhua\/wp-json\/wp\/v2\/media\/18366"}],"wp:attachment":[{"href":"https:\/\/diariodepe.com.br\/xinhua\/wp-json\/wp\/v2\/media?parent=18365"}],"wp:term":[{"taxonomy":"category","embeddable":true,"href":"https:\/\/diariodepe.com.br\/xinhua\/wp-json\/wp\/v2\/categories?post=18365"},{"taxonomy":"post_tag","embeddable":true,"href":"https:\/\/diariodepe.com.br\/xinhua\/wp-json\/wp\/v2\/tags?post=18365"}],"curies":[{"name":"wp","href":"https:\/\/api.w.org\/{rel}","templated":true}]}}