{"id":18348,"date":"2024-02-26T08:37:32","date_gmt":"2024-02-26T11:37:32","guid":{"rendered":"https:\/\/www.diariodepe.com.br\/xinhua\/?p=18348"},"modified":"2024-02-26T08:37:37","modified_gmt":"2024-02-26T11:37:37","slug":"apos-dois-anos-paz-ainda-e-uma-ilusao-na-crise-da-ucrania","status":"publish","type":"post","link":"https:\/\/diariodepe.com.br\/xinhua\/2024\/02\/26\/apos-dois-anos-paz-ainda-e-uma-ilusao-na-crise-da-ucrania\/","title":{"rendered":"Ap\u00f3s dois anos, paz ainda \u00e9 uma ilus\u00e3o na crise da Ucr\u00e2nia"},"content":{"rendered":"\n<p>Moscou\/Kiev \u2013 Conforme o conflito em grande escala na Ucr\u00e2nia completa seu segundo anivers\u00e1rio, a R\u00fassia parece estar em vantagem com a captura de Avdiivka, um reduto estrat\u00e9gico na regi\u00e3o de Donetsk, deixando Kiev e seus apoiantes em uma situa\u00e7\u00e3o ainda mais dif\u00edcil.<\/p>\n\n\n\n<p>O cansa\u00e7o causado pelo conflito que j\u00e1 dura dois anos, apelidado por alguns analistas de \u201cFadiga da Ucr\u00e2nia\u201d, agora permeia as na\u00e7\u00f5es ocidentais, resultando em uma posi\u00e7\u00e3o dividida sobre a presta\u00e7\u00e3o de mais apoio ao pa\u00eds.<\/p>\n\n\n\n<p>O recente conflito israelo-palestino limitou ainda mais a capacidade do Ocidente, especialmente dos Estados Unidos, de se concentrar na Ucr\u00e2nia.<\/p>\n\n\n\n<p>No entanto, os dois pa\u00edses, que continuam empenhados em avan\u00e7ar nas opera\u00e7\u00f5es militares, n\u00e3o mostram sinais de iniciar conversa\u00e7\u00f5es de paz.<\/p>\n\n\n\n<figure class=\"wp-block-image\"><img decoding=\"async\" src=\"https:\/\/portuguese.news.cn\/20240226\/8d53235c0285492bb2e804b172f94ff5\/202402268d53235c0285492bb2e804b172f94ff5_202402269a9254d49a484a688ae539beebcb2efe.jpeg\" alt=\"\"\/><figcaption>Captura de tela de v\u00eddeo divulgada pelo Minist\u00e9rio de Situa\u00e7\u00f5es de Emerg\u00eancia da R\u00fassia mostra pr\u00e9dio danificado por bombardeio na cidade de Lysychansk, na regi\u00e3o de Lugansk, no dia 3 de fevereiro de 2024. (Xinhua)<\/figcaption><\/figure>\n\n\n\n<p><\/p>\n\n\n\n<p>DILEMA DO CAMPO DE BATALHA<\/p>\n\n\n\n<p>Nos \u00faltimos meses, a R\u00fassia e a Ucr\u00e2nia se concentraram na import\u00e2ncia estrat\u00e9gica de Avdiivka, localizada a apenas 20 km de Donetsk e controlada pelas for\u00e7as russas.<\/p>\n\n\n\n<p>A cidade tem um papel essencial na seguran\u00e7a das linhas de frente do norte para o ex\u00e9rcito ucraniano na regi\u00e3o de Donetsk.<\/p>\n\n\n\n<p>Oleksandr Syrsky, comandante-chefe das For\u00e7as Armadas Ucranianas, disse na semana passada que a Ucr\u00e2nia ordenou a retirada das tropas da cidade de Avdiivka, na linha de frente do leste.<\/p>\n\n\n\n<p>\u201cPara evitar o cerco e preservar a vida e a sa\u00fade dos militares, decidi retirar nossas unidades da cidade e passar para a defesa em linhas mais favor\u00e1veis\u201d, disse ele.<\/p>\n\n\n\n<p>De acordo com o Minist\u00e9rio da Defesa da R\u00fassia, as tropas russas assumiram o controle total da cidade de Avdiivka.<\/p>\n\n\n\n<p>Sean Bell, analista militar brit\u00e2nico, disse que a queda de Avdiivka deu \u00e0 R\u00fassia sua mais importante vit\u00f3ria no campo de batalha desde que tomou Bakhmut, ap\u00f3s meses de exaustiva guerra de atrito.<\/p>\n\n\n\n<p>Muitos analistas acreditam que a balan\u00e7a da guerra pende a favor da R\u00fassia, mas n\u00e3o ao ponto de a Ucr\u00e2nia correr o risco de um colapso total.<\/p>\n\n\n\n<p>Na verdade, as linhas da frente do conflito quase n\u00e3o mudaram desde 2023, quando a ofensiva da Ucr\u00e2nia no meio do ano fracassou. Isso continua mesmo ap\u00f3s a queda de Avdiivka.<\/p>\n\n\n\n<p>\u201cMilitarmente, n\u00e3o \u00e9 uma grande perda\u201d, disse Rob Bauer, presidente do Comit\u00ea Militar da OTAN, sobre a queda de Avdiivka. \u201cEles destru\u00edram toda a infraestrutura. Voc\u00ea n\u00e3o tem uma cidade, mas sim algumas centenas de metros a mais\u201d, disse ele sobre os ganhos territoriais da R\u00fassia.<\/p>\n\n\n\n<p>Como disse recentemente o antigo comandante-em-chefe das For\u00e7as Armadas Ucranianas, Valerii Zaluzhnyi, o conflito R\u00fassia-Ucr\u00e2nia entrou agora em uma fase caracterizada por impasse e desgaste.<\/p>\n\n\n\n<p>Segundo os analistas, \u00e9 aparentemente dif\u00edcil para os dois lados fazer um grande avan\u00e7o no campo de batalha este ano, mas a intensidade do conflito pode diminuir um pouco.<\/p>\n\n\n\n<p>A Ucr\u00e2nia provavelmente passar\u00e1 da ofensiva para a defensiva, enquanto a R\u00fassia tamb\u00e9m ter\u00e1 dificuldade em expandir seu territ\u00f3rio para al\u00e9m das quatro \u00e1reas que controla.<\/p>\n\n\n\n<p>As pr\u00f3ximas elei\u00e7\u00f5es presidenciais dos EUA e da R\u00fassia, a quantidade de ajuda que a Ucr\u00e2nia pode receber do Ocidente, al\u00e9m da quantidade de militares reabastecidos para ambos, decidir\u00e3o a tend\u00eancia do conflito.<\/p>\n\n\n\n<figure class=\"wp-block-image\"><img decoding=\"async\" src=\"https:\/\/portuguese.news.cn\/20240226\/8d53235c0285492bb2e804b172f94ff5\/202402268d53235c0285492bb2e804b172f94ff5_20240226e5df5080668d4640b6f37fe83e73b2c5.jpeg\" alt=\"\"\/><figcaption>Bombeiros apagam fogo em pr\u00e9dio atingido por bombardeios em Donetsk, no dia 19 de dezembro de 2023. (Foto por Victor\/Xinhua)<\/figcaption><\/figure>\n\n\n\n<p><\/p>\n\n\n\n<p>MENOS AJUDA OCIDENTAL<\/p>\n\n\n\n<p>Admita ou n\u00e3o, a aten\u00e7\u00e3o global \u00e0 crise da Ucr\u00e2nia diminuiu recentemente e as pessoas no Ocidente, especialmente nos Estados Unidos, est\u00e3o ficando mais cansadas da crise em andamento.<\/p>\n\n\n\n<p>Quase metade da popula\u00e7\u00e3o dos EUA acredita que o pa\u00eds est\u00e1 gastando muito com a Ucr\u00e2nia, de acordo com uma recente sondagem da Gallup.<\/p>\n\n\n\n<p>A campanha eleitoral dos EUA j\u00e1 afetou negativamente a entrega de mais ajuda \u00e0 Ucr\u00e2nia.<\/p>\n\n\n\n<p>Atualmente, um pacote de ajuda de 60 bilh\u00f5es de d\u00f3lares \u00e0 Ucr\u00e2nia est\u00e1 paralisado no Congresso dos EUA pelos republicanos de direita.<\/p>\n\n\n\n<p>As autoridades americanas admitiram que pouco pode ser feito antes que os Estados Unidos elejam um novo presidente.<\/p>\n\n\n\n<p>A situa\u00e7\u00e3o \u00e9 comparativamente melhor para os europeus, com os pa\u00edses da UE fechando um acordo no in\u00edcio de fevereiro para fornecer \u00e0 Ucr\u00e2nia 50 bilh\u00f5es de euros (cerca de 54 bilh\u00f5es de d\u00f3lares americanos) em apoio ao pa\u00eds depois de a Hungria ter retirado suas amea\u00e7as de veto.<\/p>\n\n\n\n<p>Mas converter este compromisso em muni\u00e7\u00f5es dispon\u00edveis para os soldados da linha da frente ainda \u00e9 um desafio.<\/p>\n\n\n\n<p>Mesmo assim, parece que alguns pa\u00edses ocidentais n\u00e3o querem perder esta oportunidade de enfraquecer a R\u00fassia e continuar exacerbando o conflito e lucrando com ele.<\/p>\n\n\n\n<p>Nos dois anos de conflito, a ind\u00fastria de defesa dos EUA registou um aumento nas encomendas de armas e muni\u00e7\u00f5es, informou recentemente o Jornal The Wall Street.<\/p>\n\n\n\n<p>Os neg\u00f3cios v\u00eam dos aliados europeus que tentam refor\u00e7ar suas capacidades militares, bem como do Pent\u00e1gono, que est\u00e1 comprando novos equipamentos de fabricantes de defesa e reabastecendo os estoques militares esgotados pelas entregas \u00e0 Ucr\u00e2nia, afirmou.<\/p>\n\n\n\n<p>O Departamento de Estado disse recentemente que os Estados Unidos fizeram mais de 80 bilh\u00f5es de d\u00f3lares em grandes neg\u00f3cios de armas durante o ano at\u00e9 setembro, dos quais cerca de 50 bilh\u00f5es de d\u00f3lares foram para aliados europeus, mais de cinco vezes a norma hist\u00f3rica, Myles Walton, analista de ind\u00fastria militar da Wolfe Research, foi citado pelo Jornal The Wall Street.<\/p>\n\n\n\n<p>Na Confer\u00eancia de Seguran\u00e7a de Munique, recentemente encerrada, o aumento da ajuda militar \u00e0 Ucr\u00e2nia ainda era o principal tema.<\/p>\n\n\n\n<p>Al\u00e9m disso, a Organiza\u00e7\u00e3o do Tratado do Atl\u00e2ntico Norte lan\u00e7ou no m\u00eas passado o \u201cDefensor Firme 2024\u201d, seu maior exerc\u00edcio militar em d\u00e9cadas, que \u00e9 considerado ser dirigido \u00e0 R\u00fassia.<\/p>\n\n\n\n<p><\/p>\n\n\n\n<p>PAZ INALCANC\u00c1VEL<\/p>\n\n\n\n<p>O ano de 2023 come\u00e7ou com muitas esperan\u00e7as para as tropas ucranianas que planejavam uma contraofensiva contra a R\u00fassia, mas terminou com desilus\u00e3o no campo de batalha.<\/p>\n\n\n\n<p>\u201cIndependentemente do que a guerra possa ter conseguido, n\u00e3o foi boa para a Ucr\u00e2nia\u201d, disse Charles W. Freeman, ex-diplomata e escritor americano, acrescentando que a posi\u00e7\u00e3o de acordos da Ucr\u00e2nia contra a R\u00fassia foi muito enfraquecida.<\/p>\n\n\n\n<p>Tanto a R\u00fassia como a Ucr\u00e2nia disseram repetidamente que querem o fim da guerra, mas nos seus termos.<\/p>\n\n\n\n<p>Em janeiro, o presidente ucraniano, Volodymyr Zelensky, advertiu que um cessar-fogo apenas daria \u00e0 R\u00fassia a oportunidade de se reagrupar e reabastecer suas unidades e estoques de armas.<\/p>\n\n\n\n<p>\u201cFalar sobre um cessar-fogo na Ucr\u00e2nia n\u00e3o significaria paz nem o fim da guerra. Tamb\u00e9m n\u00e3o oferece oportunidade para o di\u00e1logo pol\u00edtico\u201d, disse Zelensky durante uma visita \u00e0 Est\u00f4nia.<\/p>\n\n\n\n<p>De sua parte, o Kremlin disse em dezembro que n\u00e3o via nenhuma base atual para conversa\u00e7\u00f5es de paz e qualificou o plano de paz de Kiev um \u201cprocesso absurdo\u201d, uma vez que exclu\u00eda a R\u00fassia.<\/p>\n\n\n\n<p>Entretanto, os pa\u00edses ocidentais continuaram, embora com relut\u00e2ncia, a fornecer cada vez menos ajuda \u00e0 Ucr\u00e2nia.<\/p>\n\n\n\n<p>Para a maioria dos analistas, uma solu\u00e7\u00e3o negociada em 2024 n\u00e3o parece promissora no momento.<\/p>\n\n\n\n<p>Um inqu\u00e9rito realizado em janeiro em 12 pa\u00edses da UE concluiu que o pessimismo sobre o resultado do conflito estava sendo alimentado pela contraofensiva falha da Ucr\u00e2nia, por uma poss\u00edvel mudan\u00e7a pol\u00edtica dos EUA e pela possibilidade de Donald Trump ser reeleito como presidente.<\/p>\n\n\n\n<p>Embora o apoio \u00e0 Ucr\u00e2nia entre os europeus continue alto, alguma forma de \u201csolu\u00e7\u00e3o de compromisso\u201d \u00e9 vista como a solu\u00e7\u00e3o mais prov\u00e1vel para o conflito na pesquisa feita com mais de 17.000 entrevistados pelo Conselho Europeu das Rela\u00e7\u00f5es Exteriores. Isso marca uma mudan\u00e7a de sentimento, no entanto, uma vez que a maioria dos europeus, no primeiro anivers\u00e1rio do conflito, disse que a Ucr\u00e2nia deve recuperar seu territ\u00f3rio perdido.<\/p>\n\n\n\n<p>Em novembro, a primeira-ministra italiana, Giorgia Meloni, disse sobre a quest\u00e3o da Ucr\u00e2nia: \u201cH\u00e1 muita fadiga. Estamos perto do momento em que todos entendem que precisamos de uma sa\u00edda\u201d. <\/p>\n","protected":false},"excerpt":{"rendered":"<p>Moscou\/Kiev \u2013 Conforme o conflito em grande escala na Ucr\u00e2nia completa seu segundo anivers\u00e1rio, a R\u00fassia parece estar em vantagem com a captura de Avdiivka, um reduto estrat\u00e9gico na regi\u00e3o de Donetsk, deixando Kiev e seus apoiantes em uma situa\u00e7\u00e3o&#8230;<\/p>\n","protected":false},"author":3,"featured_media":18349,"comment_status":"open","ping_status":"open","sticky":false,"template":"","format":"standard","meta":{"footnotes":""},"categories":[4],"tags":[],"class_list":["post-18348","post","type-post","status-publish","format-standard","has-post-thumbnail","hentry","category-internacional"],"yoast_head":"<!-- This site is optimized with the Yoast SEO plugin v27.4 - https:\/\/yoast.com\/product\/yoast-seo-wordpress\/ -->\n<title>Ap\u00f3s dois anos, paz ainda \u00e9 uma ilus\u00e3o na crise da Ucr\u00e2nia - Xinhua - Diario de Pernambuco<\/title>\n<meta name=\"robots\" content=\"index, follow, max-snippet:-1, max-image-preview:large, max-video-preview:-1\" \/>\n<link rel=\"canonical\" href=\"https:\/\/diariodepe.com.br\/xinhua\/2024\/02\/26\/apos-dois-anos-paz-ainda-e-uma-ilusao-na-crise-da-ucrania\/\" \/>\n<meta property=\"og:locale\" content=\"pt_BR\" \/>\n<meta property=\"og:type\" content=\"article\" \/>\n<meta property=\"og:title\" content=\"Ap\u00f3s dois anos, paz ainda \u00e9 uma ilus\u00e3o na crise da Ucr\u00e2nia - Xinhua - Diario de Pernambuco\" \/>\n<meta property=\"og:description\" content=\"Moscou\/Kiev \u2013 Conforme o conflito em grande escala na Ucr\u00e2nia completa seu segundo anivers\u00e1rio, a R\u00fassia parece estar em vantagem com a captura de Avdiivka, um reduto estrat\u00e9gico na regi\u00e3o de Donetsk, deixando Kiev e seus apoiantes em uma situa\u00e7\u00e3o...\" \/>\n<meta property=\"og:url\" content=\"https:\/\/diariodepe.com.br\/xinhua\/2024\/02\/26\/apos-dois-anos-paz-ainda-e-uma-ilusao-na-crise-da-ucrania\/\" \/>\n<meta property=\"og:site_name\" content=\"Xinhua - Diario de Pernambuco\" \/>\n<meta property=\"article:published_time\" content=\"2024-02-26T11:37:32+00:00\" \/>\n<meta property=\"article:modified_time\" content=\"2024-02-26T11:37:37+00:00\" \/>\n<meta property=\"og:image\" content=\"https:\/\/diariodepe.com.br\/xinhua\/wp-content\/uploads\/sites\/3\/2024\/02\/202402268d53235c0285492bb2e804b172f94ff5_20240226d1d3f2e76a8a424cb68a3b2a4bfe408f.jpg\" \/>\n\t<meta property=\"og:image:width\" content=\"1000\" \/>\n\t<meta property=\"og:image:height\" content=\"500\" \/>\n\t<meta property=\"og:image:type\" content=\"image\/jpeg\" \/>\n<meta name=\"author\" content=\"Marcelo Oliveira de A. Maranhao\" \/>\n<meta name=\"twitter:card\" content=\"summary_large_image\" \/>\n<meta name=\"twitter:label1\" content=\"Escrito por\" \/>\n\t<meta name=\"twitter:data1\" content=\"Marcelo Oliveira de A. Maranhao\" \/>\n\t<meta name=\"twitter:label2\" content=\"Est. tempo de leitura\" \/>\n\t<meta name=\"twitter:data2\" content=\"8 minutos\" \/>\n<script type=\"application\/ld+json\" class=\"yoast-schema-graph\">{\"@context\":\"https:\\\/\\\/schema.org\",\"@graph\":[{\"@type\":\"Article\",\"@id\":\"https:\\\/\\\/diariodepe.com.br\\\/xinhua\\\/2024\\\/02\\\/26\\\/apos-dois-anos-paz-ainda-e-uma-ilusao-na-crise-da-ucrania\\\/#article\",\"isPartOf\":{\"@id\":\"https:\\\/\\\/diariodepe.com.br\\\/xinhua\\\/2024\\\/02\\\/26\\\/apos-dois-anos-paz-ainda-e-uma-ilusao-na-crise-da-ucrania\\\/\"},\"author\":{\"name\":\"Marcelo Oliveira de A. Maranhao\",\"@id\":\"https:\\\/\\\/diariodepe.com.br\\\/xinhua\\\/#\\\/schema\\\/person\\\/0943d6fd02bdc7b49c8f495e8787a2cb\"},\"headline\":\"Ap\u00f3s dois anos, paz ainda \u00e9 uma ilus\u00e3o na crise da Ucr\u00e2nia\",\"datePublished\":\"2024-02-26T11:37:32+00:00\",\"dateModified\":\"2024-02-26T11:37:37+00:00\",\"mainEntityOfPage\":{\"@id\":\"https:\\\/\\\/diariodepe.com.br\\\/xinhua\\\/2024\\\/02\\\/26\\\/apos-dois-anos-paz-ainda-e-uma-ilusao-na-crise-da-ucrania\\\/\"},\"wordCount\":1435,\"commentCount\":0,\"publisher\":{\"@id\":\"https:\\\/\\\/diariodepe.com.br\\\/xinhua\\\/#organization\"},\"image\":{\"@id\":\"https:\\\/\\\/diariodepe.com.br\\\/xinhua\\\/2024\\\/02\\\/26\\\/apos-dois-anos-paz-ainda-e-uma-ilusao-na-crise-da-ucrania\\\/#primaryimage\"},\"thumbnailUrl\":\"https:\\\/\\\/diariodepe.com.br\\\/xinhua\\\/wp-content\\\/uploads\\\/sites\\\/3\\\/2024\\\/02\\\/202402268d53235c0285492bb2e804b172f94ff5_20240226d1d3f2e76a8a424cb68a3b2a4bfe408f.jpg\",\"articleSection\":[\"Internacional\"],\"inLanguage\":\"pt-BR\",\"potentialAction\":[{\"@type\":\"CommentAction\",\"name\":\"Comment\",\"target\":[\"https:\\\/\\\/diariodepe.com.br\\\/xinhua\\\/2024\\\/02\\\/26\\\/apos-dois-anos-paz-ainda-e-uma-ilusao-na-crise-da-ucrania\\\/#respond\"]}]},{\"@type\":\"WebPage\",\"@id\":\"https:\\\/\\\/diariodepe.com.br\\\/xinhua\\\/2024\\\/02\\\/26\\\/apos-dois-anos-paz-ainda-e-uma-ilusao-na-crise-da-ucrania\\\/\",\"url\":\"https:\\\/\\\/diariodepe.com.br\\\/xinhua\\\/2024\\\/02\\\/26\\\/apos-dois-anos-paz-ainda-e-uma-ilusao-na-crise-da-ucrania\\\/\",\"name\":\"Ap\u00f3s dois anos, paz ainda \u00e9 uma ilus\u00e3o na crise da Ucr\u00e2nia - Xinhua - Diario de Pernambuco\",\"isPartOf\":{\"@id\":\"https:\\\/\\\/diariodepe.com.br\\\/xinhua\\\/#website\"},\"primaryImageOfPage\":{\"@id\":\"https:\\\/\\\/diariodepe.com.br\\\/xinhua\\\/2024\\\/02\\\/26\\\/apos-dois-anos-paz-ainda-e-uma-ilusao-na-crise-da-ucrania\\\/#primaryimage\"},\"image\":{\"@id\":\"https:\\\/\\\/diariodepe.com.br\\\/xinhua\\\/2024\\\/02\\\/26\\\/apos-dois-anos-paz-ainda-e-uma-ilusao-na-crise-da-ucrania\\\/#primaryimage\"},\"thumbnailUrl\":\"https:\\\/\\\/diariodepe.com.br\\\/xinhua\\\/wp-content\\\/uploads\\\/sites\\\/3\\\/2024\\\/02\\\/202402268d53235c0285492bb2e804b172f94ff5_20240226d1d3f2e76a8a424cb68a3b2a4bfe408f.jpg\",\"datePublished\":\"2024-02-26T11:37:32+00:00\",\"dateModified\":\"2024-02-26T11:37:37+00:00\",\"breadcrumb\":{\"@id\":\"https:\\\/\\\/diariodepe.com.br\\\/xinhua\\\/2024\\\/02\\\/26\\\/apos-dois-anos-paz-ainda-e-uma-ilusao-na-crise-da-ucrania\\\/#breadcrumb\"},\"inLanguage\":\"pt-BR\",\"potentialAction\":[{\"@type\":\"ReadAction\",\"target\":[\"https:\\\/\\\/diariodepe.com.br\\\/xinhua\\\/2024\\\/02\\\/26\\\/apos-dois-anos-paz-ainda-e-uma-ilusao-na-crise-da-ucrania\\\/\"]}]},{\"@type\":\"ImageObject\",\"inLanguage\":\"pt-BR\",\"@id\":\"https:\\\/\\\/diariodepe.com.br\\\/xinhua\\\/2024\\\/02\\\/26\\\/apos-dois-anos-paz-ainda-e-uma-ilusao-na-crise-da-ucrania\\\/#primaryimage\",\"url\":\"https:\\\/\\\/diariodepe.com.br\\\/xinhua\\\/wp-content\\\/uploads\\\/sites\\\/3\\\/2024\\\/02\\\/202402268d53235c0285492bb2e804b172f94ff5_20240226d1d3f2e76a8a424cb68a3b2a4bfe408f.jpg\",\"contentUrl\":\"https:\\\/\\\/diariodepe.com.br\\\/xinhua\\\/wp-content\\\/uploads\\\/sites\\\/3\\\/2024\\\/02\\\/202402268d53235c0285492bb2e804b172f94ff5_20240226d1d3f2e76a8a424cb68a3b2a4bfe408f.jpg\",\"width\":1000,\"height\":500},{\"@type\":\"BreadcrumbList\",\"@id\":\"https:\\\/\\\/diariodepe.com.br\\\/xinhua\\\/2024\\\/02\\\/26\\\/apos-dois-anos-paz-ainda-e-uma-ilusao-na-crise-da-ucrania\\\/#breadcrumb\",\"itemListElement\":[{\"@type\":\"ListItem\",\"position\":1,\"name\":\"In\u00edcio\",\"item\":\"https:\\\/\\\/diariodepe.com.br\\\/xinhua\\\/\"},{\"@type\":\"ListItem\",\"position\":2,\"name\":\"Ap\u00f3s dois anos, paz ainda \u00e9 uma ilus\u00e3o na crise da Ucr\u00e2nia\"}]},{\"@type\":\"WebSite\",\"@id\":\"https:\\\/\\\/diariodepe.com.br\\\/xinhua\\\/#website\",\"url\":\"https:\\\/\\\/diariodepe.com.br\\\/xinhua\\\/\",\"name\":\"Xinhua - Diario de Pernambuco\",\"description\":\"A maior ag\u00eancia de not\u00edcias da China e um dos principais canais para conhecer o pa\u00eds\",\"publisher\":{\"@id\":\"https:\\\/\\\/diariodepe.com.br\\\/xinhua\\\/#organization\"},\"potentialAction\":[{\"@type\":\"SearchAction\",\"target\":{\"@type\":\"EntryPoint\",\"urlTemplate\":\"https:\\\/\\\/diariodepe.com.br\\\/xinhua\\\/?s={search_term_string}\"},\"query-input\":{\"@type\":\"PropertyValueSpecification\",\"valueRequired\":true,\"valueName\":\"search_term_string\"}}],\"inLanguage\":\"pt-BR\"},{\"@type\":\"Organization\",\"@id\":\"https:\\\/\\\/diariodepe.com.br\\\/xinhua\\\/#organization\",\"name\":\"Xinhua - Diario de Pernambuco\",\"url\":\"https:\\\/\\\/diariodepe.com.br\\\/xinhua\\\/\",\"logo\":{\"@type\":\"ImageObject\",\"inLanguage\":\"pt-BR\",\"@id\":\"https:\\\/\\\/diariodepe.com.br\\\/xinhua\\\/#\\\/schema\\\/logo\\\/image\\\/\",\"url\":\"https:\\\/\\\/diariodepe.com.br\\\/xinhua\\\/wp-content\\\/uploads\\\/sites\\\/3\\\/2020\\\/10\\\/cropped-logo-transparente-2.png\",\"contentUrl\":\"https:\\\/\\\/diariodepe.com.br\\\/xinhua\\\/wp-content\\\/uploads\\\/sites\\\/3\\\/2020\\\/10\\\/cropped-logo-transparente-2.png\",\"width\":512,\"height\":164,\"caption\":\"Xinhua - Diario de Pernambuco\"},\"image\":{\"@id\":\"https:\\\/\\\/diariodepe.com.br\\\/xinhua\\\/#\\\/schema\\\/logo\\\/image\\\/\"}},{\"@type\":\"Person\",\"@id\":\"https:\\\/\\\/diariodepe.com.br\\\/xinhua\\\/#\\\/schema\\\/person\\\/0943d6fd02bdc7b49c8f495e8787a2cb\",\"name\":\"Marcelo Oliveira de A. Maranhao\",\"image\":{\"@type\":\"ImageObject\",\"inLanguage\":\"pt-BR\",\"@id\":\"https:\\\/\\\/secure.gravatar.com\\\/avatar\\\/f562caee940d39879c20e90eea3e4b21860c7d4c96684c23141c554824f0059c?s=96&d=mm&r=g\",\"url\":\"https:\\\/\\\/secure.gravatar.com\\\/avatar\\\/f562caee940d39879c20e90eea3e4b21860c7d4c96684c23141c554824f0059c?s=96&d=mm&r=g\",\"contentUrl\":\"https:\\\/\\\/secure.gravatar.com\\\/avatar\\\/f562caee940d39879c20e90eea3e4b21860c7d4c96684c23141c554824f0059c?s=96&d=mm&r=g\",\"caption\":\"Marcelo Oliveira de A. Maranhao\"},\"url\":\"https:\\\/\\\/diariodepe.com.br\\\/xinhua\\\/author\\\/marcelo-maranhao\\\/\"}]}<\/script>\n<!-- \/ Yoast SEO plugin. -->","yoast_head_json":{"title":"Ap\u00f3s dois anos, paz ainda \u00e9 uma ilus\u00e3o na crise da Ucr\u00e2nia - Xinhua - Diario de Pernambuco","robots":{"index":"index","follow":"follow","max-snippet":"max-snippet:-1","max-image-preview":"max-image-preview:large","max-video-preview":"max-video-preview:-1"},"canonical":"https:\/\/diariodepe.com.br\/xinhua\/2024\/02\/26\/apos-dois-anos-paz-ainda-e-uma-ilusao-na-crise-da-ucrania\/","og_locale":"pt_BR","og_type":"article","og_title":"Ap\u00f3s dois anos, paz ainda \u00e9 uma ilus\u00e3o na crise da Ucr\u00e2nia - Xinhua - Diario de Pernambuco","og_description":"Moscou\/Kiev \u2013 Conforme o conflito em grande escala na Ucr\u00e2nia completa seu segundo anivers\u00e1rio, a R\u00fassia parece estar em vantagem com a captura de Avdiivka, um reduto estrat\u00e9gico na regi\u00e3o de Donetsk, deixando Kiev e seus apoiantes em uma situa\u00e7\u00e3o...","og_url":"https:\/\/diariodepe.com.br\/xinhua\/2024\/02\/26\/apos-dois-anos-paz-ainda-e-uma-ilusao-na-crise-da-ucrania\/","og_site_name":"Xinhua - Diario de Pernambuco","article_published_time":"2024-02-26T11:37:32+00:00","article_modified_time":"2024-02-26T11:37:37+00:00","og_image":[{"width":1000,"height":500,"url":"https:\/\/diariodepe.com.br\/xinhua\/wp-content\/uploads\/sites\/3\/2024\/02\/202402268d53235c0285492bb2e804b172f94ff5_20240226d1d3f2e76a8a424cb68a3b2a4bfe408f.jpg","type":"image\/jpeg"}],"author":"Marcelo Oliveira de A. Maranhao","twitter_card":"summary_large_image","twitter_misc":{"Escrito por":"Marcelo Oliveira de A. Maranhao","Est. tempo de leitura":"8 minutos"},"schema":{"@context":"https:\/\/schema.org","@graph":[{"@type":"Article","@id":"https:\/\/diariodepe.com.br\/xinhua\/2024\/02\/26\/apos-dois-anos-paz-ainda-e-uma-ilusao-na-crise-da-ucrania\/#article","isPartOf":{"@id":"https:\/\/diariodepe.com.br\/xinhua\/2024\/02\/26\/apos-dois-anos-paz-ainda-e-uma-ilusao-na-crise-da-ucrania\/"},"author":{"name":"Marcelo Oliveira de A. Maranhao","@id":"https:\/\/diariodepe.com.br\/xinhua\/#\/schema\/person\/0943d6fd02bdc7b49c8f495e8787a2cb"},"headline":"Ap\u00f3s dois anos, paz ainda \u00e9 uma ilus\u00e3o na crise da Ucr\u00e2nia","datePublished":"2024-02-26T11:37:32+00:00","dateModified":"2024-02-26T11:37:37+00:00","mainEntityOfPage":{"@id":"https:\/\/diariodepe.com.br\/xinhua\/2024\/02\/26\/apos-dois-anos-paz-ainda-e-uma-ilusao-na-crise-da-ucrania\/"},"wordCount":1435,"commentCount":0,"publisher":{"@id":"https:\/\/diariodepe.com.br\/xinhua\/#organization"},"image":{"@id":"https:\/\/diariodepe.com.br\/xinhua\/2024\/02\/26\/apos-dois-anos-paz-ainda-e-uma-ilusao-na-crise-da-ucrania\/#primaryimage"},"thumbnailUrl":"https:\/\/diariodepe.com.br\/xinhua\/wp-content\/uploads\/sites\/3\/2024\/02\/202402268d53235c0285492bb2e804b172f94ff5_20240226d1d3f2e76a8a424cb68a3b2a4bfe408f.jpg","articleSection":["Internacional"],"inLanguage":"pt-BR","potentialAction":[{"@type":"CommentAction","name":"Comment","target":["https:\/\/diariodepe.com.br\/xinhua\/2024\/02\/26\/apos-dois-anos-paz-ainda-e-uma-ilusao-na-crise-da-ucrania\/#respond"]}]},{"@type":"WebPage","@id":"https:\/\/diariodepe.com.br\/xinhua\/2024\/02\/26\/apos-dois-anos-paz-ainda-e-uma-ilusao-na-crise-da-ucrania\/","url":"https:\/\/diariodepe.com.br\/xinhua\/2024\/02\/26\/apos-dois-anos-paz-ainda-e-uma-ilusao-na-crise-da-ucrania\/","name":"Ap\u00f3s dois anos, paz ainda \u00e9 uma ilus\u00e3o na crise da Ucr\u00e2nia - Xinhua - Diario de Pernambuco","isPartOf":{"@id":"https:\/\/diariodepe.com.br\/xinhua\/#website"},"primaryImageOfPage":{"@id":"https:\/\/diariodepe.com.br\/xinhua\/2024\/02\/26\/apos-dois-anos-paz-ainda-e-uma-ilusao-na-crise-da-ucrania\/#primaryimage"},"image":{"@id":"https:\/\/diariodepe.com.br\/xinhua\/2024\/02\/26\/apos-dois-anos-paz-ainda-e-uma-ilusao-na-crise-da-ucrania\/#primaryimage"},"thumbnailUrl":"https:\/\/diariodepe.com.br\/xinhua\/wp-content\/uploads\/sites\/3\/2024\/02\/202402268d53235c0285492bb2e804b172f94ff5_20240226d1d3f2e76a8a424cb68a3b2a4bfe408f.jpg","datePublished":"2024-02-26T11:37:32+00:00","dateModified":"2024-02-26T11:37:37+00:00","breadcrumb":{"@id":"https:\/\/diariodepe.com.br\/xinhua\/2024\/02\/26\/apos-dois-anos-paz-ainda-e-uma-ilusao-na-crise-da-ucrania\/#breadcrumb"},"inLanguage":"pt-BR","potentialAction":[{"@type":"ReadAction","target":["https:\/\/diariodepe.com.br\/xinhua\/2024\/02\/26\/apos-dois-anos-paz-ainda-e-uma-ilusao-na-crise-da-ucrania\/"]}]},{"@type":"ImageObject","inLanguage":"pt-BR","@id":"https:\/\/diariodepe.com.br\/xinhua\/2024\/02\/26\/apos-dois-anos-paz-ainda-e-uma-ilusao-na-crise-da-ucrania\/#primaryimage","url":"https:\/\/diariodepe.com.br\/xinhua\/wp-content\/uploads\/sites\/3\/2024\/02\/202402268d53235c0285492bb2e804b172f94ff5_20240226d1d3f2e76a8a424cb68a3b2a4bfe408f.jpg","contentUrl":"https:\/\/diariodepe.com.br\/xinhua\/wp-content\/uploads\/sites\/3\/2024\/02\/202402268d53235c0285492bb2e804b172f94ff5_20240226d1d3f2e76a8a424cb68a3b2a4bfe408f.jpg","width":1000,"height":500},{"@type":"BreadcrumbList","@id":"https:\/\/diariodepe.com.br\/xinhua\/2024\/02\/26\/apos-dois-anos-paz-ainda-e-uma-ilusao-na-crise-da-ucrania\/#breadcrumb","itemListElement":[{"@type":"ListItem","position":1,"name":"In\u00edcio","item":"https:\/\/diariodepe.com.br\/xinhua\/"},{"@type":"ListItem","position":2,"name":"Ap\u00f3s dois anos, paz ainda \u00e9 uma ilus\u00e3o na crise da Ucr\u00e2nia"}]},{"@type":"WebSite","@id":"https:\/\/diariodepe.com.br\/xinhua\/#website","url":"https:\/\/diariodepe.com.br\/xinhua\/","name":"Xinhua - Diario de Pernambuco","description":"A maior ag\u00eancia de not\u00edcias da China e um dos principais canais para conhecer o pa\u00eds","publisher":{"@id":"https:\/\/diariodepe.com.br\/xinhua\/#organization"},"potentialAction":[{"@type":"SearchAction","target":{"@type":"EntryPoint","urlTemplate":"https:\/\/diariodepe.com.br\/xinhua\/?s={search_term_string}"},"query-input":{"@type":"PropertyValueSpecification","valueRequired":true,"valueName":"search_term_string"}}],"inLanguage":"pt-BR"},{"@type":"Organization","@id":"https:\/\/diariodepe.com.br\/xinhua\/#organization","name":"Xinhua - Diario de Pernambuco","url":"https:\/\/diariodepe.com.br\/xinhua\/","logo":{"@type":"ImageObject","inLanguage":"pt-BR","@id":"https:\/\/diariodepe.com.br\/xinhua\/#\/schema\/logo\/image\/","url":"https:\/\/diariodepe.com.br\/xinhua\/wp-content\/uploads\/sites\/3\/2020\/10\/cropped-logo-transparente-2.png","contentUrl":"https:\/\/diariodepe.com.br\/xinhua\/wp-content\/uploads\/sites\/3\/2020\/10\/cropped-logo-transparente-2.png","width":512,"height":164,"caption":"Xinhua - Diario de Pernambuco"},"image":{"@id":"https:\/\/diariodepe.com.br\/xinhua\/#\/schema\/logo\/image\/"}},{"@type":"Person","@id":"https:\/\/diariodepe.com.br\/xinhua\/#\/schema\/person\/0943d6fd02bdc7b49c8f495e8787a2cb","name":"Marcelo Oliveira de A. Maranhao","image":{"@type":"ImageObject","inLanguage":"pt-BR","@id":"https:\/\/secure.gravatar.com\/avatar\/f562caee940d39879c20e90eea3e4b21860c7d4c96684c23141c554824f0059c?s=96&d=mm&r=g","url":"https:\/\/secure.gravatar.com\/avatar\/f562caee940d39879c20e90eea3e4b21860c7d4c96684c23141c554824f0059c?s=96&d=mm&r=g","contentUrl":"https:\/\/secure.gravatar.com\/avatar\/f562caee940d39879c20e90eea3e4b21860c7d4c96684c23141c554824f0059c?s=96&d=mm&r=g","caption":"Marcelo Oliveira de A. Maranhao"},"url":"https:\/\/diariodepe.com.br\/xinhua\/author\/marcelo-maranhao\/"}]}},"cc_featured_image_caption":{"caption_text":"","source_text":"","source_url":""},"amp_enabled":true,"_links":{"self":[{"href":"https:\/\/diariodepe.com.br\/xinhua\/wp-json\/wp\/v2\/posts\/18348","targetHints":{"allow":["GET"]}}],"collection":[{"href":"https:\/\/diariodepe.com.br\/xinhua\/wp-json\/wp\/v2\/posts"}],"about":[{"href":"https:\/\/diariodepe.com.br\/xinhua\/wp-json\/wp\/v2\/types\/post"}],"author":[{"embeddable":true,"href":"https:\/\/diariodepe.com.br\/xinhua\/wp-json\/wp\/v2\/users\/3"}],"replies":[{"embeddable":true,"href":"https:\/\/diariodepe.com.br\/xinhua\/wp-json\/wp\/v2\/comments?post=18348"}],"version-history":[{"count":1,"href":"https:\/\/diariodepe.com.br\/xinhua\/wp-json\/wp\/v2\/posts\/18348\/revisions"}],"predecessor-version":[{"id":18350,"href":"https:\/\/diariodepe.com.br\/xinhua\/wp-json\/wp\/v2\/posts\/18348\/revisions\/18350"}],"wp:featuredmedia":[{"embeddable":true,"href":"https:\/\/diariodepe.com.br\/xinhua\/wp-json\/wp\/v2\/media\/18349"}],"wp:attachment":[{"href":"https:\/\/diariodepe.com.br\/xinhua\/wp-json\/wp\/v2\/media?parent=18348"}],"wp:term":[{"taxonomy":"category","embeddable":true,"href":"https:\/\/diariodepe.com.br\/xinhua\/wp-json\/wp\/v2\/categories?post=18348"},{"taxonomy":"post_tag","embeddable":true,"href":"https:\/\/diariodepe.com.br\/xinhua\/wp-json\/wp\/v2\/tags?post=18348"}],"curies":[{"name":"wp","href":"https:\/\/api.w.org\/{rel}","templated":true}]}}