{"id":18304,"date":"2024-02-22T13:41:00","date_gmt":"2024-02-22T16:41:00","guid":{"rendered":"https:\/\/www.diariodepe.com.br\/xinhua\/?p=18304"},"modified":"2024-02-22T10:50:42","modified_gmt":"2024-02-22T13:50:42","slug":"china-e-franca-devem-trabalhar-para-tornar-parceria-mais-solida-e-dinamica-diz-wang-yi","status":"publish","type":"post","link":"https:\/\/diariodepe.com.br\/xinhua\/2024\/02\/22\/china-e-franca-devem-trabalhar-para-tornar-parceria-mais-solida-e-dinamica-diz-wang-yi\/","title":{"rendered":"China e Fran\u00e7a devem trabalhar para tornar parceria mais s\u00f3lida e din\u00e2mica, diz Wang Yi"},"content":{"rendered":"\n<p>Paris &#8211; A China e a Fran\u00e7a devem trabalhar para tornar sua parceria estrat\u00e9gica abrangente ainda mais s\u00f3lida e din\u00e2mica, disse Wang Yi, diretor do Escrit\u00f3rio da Comiss\u00e3o Central de Rela\u00e7\u00f5es Exteriores nesta ter\u00e7a-feira.<\/p>\n\n\n\n<p>Wang, tamb\u00e9m membro do Bir\u00f4 Pol\u00edtico do Comit\u00ea Central do Partido Comunista da China, copresidiu o 25\u00ba Di\u00e1logo Estrat\u00e9gico China-Fran\u00e7a com o conselheiro diplom\u00e1tico do presidente franc\u00eas, Emmanuel Bonne.<\/p>\n\n\n\n<p>Observando que a Fran\u00e7a e a China tiveram uma comunica\u00e7\u00e3o estrat\u00e9gica altamente produtiva e interc\u00e2mbios frut\u00edferos de alto n\u00edvel, Bonne disse que a Fran\u00e7a atribui grande import\u00e2ncia \u00e0 parceria estrat\u00e9gica abrangente com a China e permanecer\u00e1 comprometida com a pol\u00edtica de Uma S\u00f3 China.<\/p>\n\n\n\n<p>Em um mundo vol\u00e1til afetado por conflitos geopol\u00edticos, a Fran\u00e7a est\u00e1 disposta a trabalhar com a China para enfrentar os desafios, afastar a rivalidade entre grandes pa\u00edses, evitar o confronto em blocos e melhorar a governan\u00e7a global, disse ele.<\/p>\n\n\n\n<p>A Fran\u00e7a defende a autonomia estrat\u00e9gica da Europa, assumindo suas responsabilidades e intensificando suas a\u00e7\u00f5es, disse ele. E a Fran\u00e7a apoia a Europa e a China na manuten\u00e7\u00e3o da sua orienta\u00e7\u00e3o de parceria e no refor\u00e7o de uma coopera\u00e7\u00e3o eficaz.<\/p>\n\n\n\n<p>Wang, por sua vez, disse que, desde o estabelecimento de suas rela\u00e7\u00f5es diplom\u00e1ticas, China e Fran\u00e7a v\u00eam consolidando a confian\u00e7a m\u00fatua e expandindo entendimentos comuns, portanto, com uma rela\u00e7\u00e3o bilateral cada vez mais madura e est\u00e1vel.<\/p>\n\n\n\n<p>Apesar das profundas mudan\u00e7as no cen\u00e1rio internacional nos \u00faltimos 60 anos, China e Fran\u00e7a mostraram um compromisso inabal\u00e1vel em defender sua independ\u00eancia e autonomia, promover a multipolaridade global e preservar a diversidade de civiliza\u00e7\u00f5es, disse ele.<\/p>\n\n\n\n<p>Situando-se num novo ponto de partida hist\u00f3rico, os dois pa\u00edses, guiados pelo consenso estrat\u00e9gico alcan\u00e7ado entre os seus chefes de Estado, devem manter-se fi\u00e9is \u00e0 sua aspira\u00e7\u00e3o original e defender princ\u00edpios fundamentais e abrir novos caminhos para tornar a sua parceria estrat\u00e9gica global ainda mais s\u00f3lida e din\u00e2mica, de modo a dar maiores contribui\u00e7\u00f5es para o crescimento das rela\u00e7\u00f5es China-Europa e para a salvaguarda da paz mundial, disse Wang.<\/p>\n\n\n\n<p>Um mundo desestabilizado e at\u00e9 dividido n\u00e3o interessa a ningu\u00e9m, sublinhou.<\/p>\n\n\n\n<p>Considerando a Europa como um polo importante no processo de multipolariza\u00e7\u00e3o, a China apoia a Europa no fortalecimento de sua autonomia estrat\u00e9gica e em manter seu futuro firmemente em suas pr\u00f3prias m\u00e3os, acrescentou.<\/p>\n\n\n\n<p>Wang disse que a China, tendo posi\u00e7\u00f5es semelhantes com a Fran\u00e7a em quest\u00f5es importantes, est\u00e1 disposta a fortalecer a comunica\u00e7\u00e3o estrat\u00e9gica com a Fran\u00e7a para expandir o consenso, a solidariedade e a coopera\u00e7\u00e3o, assumir responsabilidades como grandes pa\u00edses e enviar sinais fortes para lidar de forma mais eficaz com os desafios globais e dar respostas mais positivas \u00e0s expectativas da comunidade internacional.<\/p>\n\n\n\n<p>As duas partes concordaram em refor\u00e7ar ainda mais a coopera\u00e7\u00e3o em dom\u00ednios como mudan\u00e7as clim\u00e1ticas, conserva\u00e7\u00e3o da biodiversidade, desenvolvimento sustent\u00e1vel, produtos agroalimentares, energia limpa, investiga\u00e7\u00e3o e desenvolvimento da energia nuclear, intelig\u00eancia artificial, ind\u00fastria aeroespacial e sumidouros de carbono florestal.<\/p>\n\n\n\n<p>Eles tamb\u00e9m concordaram em manter o \u00edmpeto do Ano China-Fran\u00e7a de Cultura e Turismo, garantir o sucesso de centenas de eventos culturais ao longo do ano e aumentar os voos diretos para facilitar ainda mais o interc\u00e2mbio entre pessoas.<\/p>\n\n\n\n<p>As duas partes tamb\u00e9m realizaram opini\u00f5es sobre uma vasta gama de quest\u00f5es relativas \u00e0 paz e \u00e0 seguran\u00e7a e concordaram que a multipolariza\u00e7\u00e3o \u00e9 indispens\u00e1vel para a paz e a estabilidade e que continuar\u00e1 a refor\u00e7ar a sua colabora\u00e7\u00e3o estrat\u00e9gica.<\/p>\n","protected":false},"excerpt":{"rendered":"<p>Paris &#8211; A China e a Fran\u00e7a devem trabalhar para tornar sua parceria estrat\u00e9gica abrangente ainda mais s\u00f3lida e din\u00e2mica, disse Wang Yi, diretor do Escrit\u00f3rio da Comiss\u00e3o Central de Rela\u00e7\u00f5es Exteriores nesta ter\u00e7a-feira. Wang, tamb\u00e9m membro do Bir\u00f4 Pol\u00edtico&#8230;<\/p>\n","protected":false},"author":3,"featured_media":18305,"comment_status":"open","ping_status":"open","sticky":false,"template":"","format":"standard","meta":{"footnotes":""},"categories":[4],"tags":[],"class_list":["post-18304","post","type-post","status-publish","format-standard","has-post-thumbnail","hentry","category-internacional"],"yoast_head":"<!-- This site is optimized with the Yoast SEO plugin v27.4 - https:\/\/yoast.com\/product\/yoast-seo-wordpress\/ -->\n<title>China e Fran\u00e7a devem trabalhar para tornar parceria mais s\u00f3lida e din\u00e2mica, diz Wang Yi - Xinhua - Diario de Pernambuco<\/title>\n<meta name=\"robots\" content=\"index, follow, max-snippet:-1, max-image-preview:large, max-video-preview:-1\" \/>\n<link rel=\"canonical\" href=\"https:\/\/diariodepe.com.br\/xinhua\/2024\/02\/22\/china-e-franca-devem-trabalhar-para-tornar-parceria-mais-solida-e-dinamica-diz-wang-yi\/\" \/>\n<meta property=\"og:locale\" content=\"pt_BR\" \/>\n<meta property=\"og:type\" content=\"article\" \/>\n<meta property=\"og:title\" content=\"China e Fran\u00e7a devem trabalhar para tornar parceria mais s\u00f3lida e din\u00e2mica, diz Wang Yi - Xinhua - Diario de Pernambuco\" \/>\n<meta property=\"og:description\" content=\"Paris &#8211; A China e a Fran\u00e7a devem trabalhar para tornar sua parceria estrat\u00e9gica abrangente ainda mais s\u00f3lida e din\u00e2mica, disse Wang Yi, diretor do Escrit\u00f3rio da Comiss\u00e3o Central de Rela\u00e7\u00f5es Exteriores nesta ter\u00e7a-feira. Wang, tamb\u00e9m membro do Bir\u00f4 Pol\u00edtico...\" \/>\n<meta property=\"og:url\" content=\"https:\/\/diariodepe.com.br\/xinhua\/2024\/02\/22\/china-e-franca-devem-trabalhar-para-tornar-parceria-mais-solida-e-dinamica-diz-wang-yi\/\" \/>\n<meta property=\"og:site_name\" content=\"Xinhua - Diario de Pernambuco\" \/>\n<meta property=\"article:published_time\" content=\"2024-02-22T16:41:00+00:00\" \/>\n<meta property=\"og:image\" content=\"https:\/\/diariodepe.com.br\/xinhua\/wp-content\/uploads\/sites\/3\/2024\/02\/3rjmNMqmmnIW2RJ5.jpeg\" \/>\n\t<meta property=\"og:image:width\" content=\"1024\" \/>\n\t<meta property=\"og:image:height\" content=\"748\" \/>\n\t<meta property=\"og:image:type\" content=\"image\/jpeg\" \/>\n<meta name=\"author\" content=\"Marcelo Oliveira de A. Maranhao\" \/>\n<meta name=\"twitter:card\" content=\"summary_large_image\" \/>\n<meta name=\"twitter:label1\" content=\"Escrito por\" \/>\n\t<meta name=\"twitter:data1\" content=\"Marcelo Oliveira de A. Maranhao\" \/>\n\t<meta name=\"twitter:label2\" content=\"Est. tempo de leitura\" \/>\n\t<meta name=\"twitter:data2\" content=\"4 minutos\" \/>\n<script type=\"application\/ld+json\" class=\"yoast-schema-graph\">{\"@context\":\"https:\\\/\\\/schema.org\",\"@graph\":[{\"@type\":\"Article\",\"@id\":\"https:\\\/\\\/diariodepe.com.br\\\/xinhua\\\/2024\\\/02\\\/22\\\/china-e-franca-devem-trabalhar-para-tornar-parceria-mais-solida-e-dinamica-diz-wang-yi\\\/#article\",\"isPartOf\":{\"@id\":\"https:\\\/\\\/diariodepe.com.br\\\/xinhua\\\/2024\\\/02\\\/22\\\/china-e-franca-devem-trabalhar-para-tornar-parceria-mais-solida-e-dinamica-diz-wang-yi\\\/\"},\"author\":{\"name\":\"Marcelo Oliveira de A. Maranhao\",\"@id\":\"https:\\\/\\\/diariodepe.com.br\\\/xinhua\\\/#\\\/schema\\\/person\\\/0943d6fd02bdc7b49c8f495e8787a2cb\"},\"headline\":\"China e Fran\u00e7a devem trabalhar para tornar parceria mais s\u00f3lida e din\u00e2mica, diz Wang Yi\",\"datePublished\":\"2024-02-22T16:41:00+00:00\",\"mainEntityOfPage\":{\"@id\":\"https:\\\/\\\/diariodepe.com.br\\\/xinhua\\\/2024\\\/02\\\/22\\\/china-e-franca-devem-trabalhar-para-tornar-parceria-mais-solida-e-dinamica-diz-wang-yi\\\/\"},\"wordCount\":662,\"commentCount\":0,\"publisher\":{\"@id\":\"https:\\\/\\\/diariodepe.com.br\\\/xinhua\\\/#organization\"},\"image\":{\"@id\":\"https:\\\/\\\/diariodepe.com.br\\\/xinhua\\\/2024\\\/02\\\/22\\\/china-e-franca-devem-trabalhar-para-tornar-parceria-mais-solida-e-dinamica-diz-wang-yi\\\/#primaryimage\"},\"thumbnailUrl\":\"https:\\\/\\\/diariodepe.com.br\\\/xinhua\\\/wp-content\\\/uploads\\\/sites\\\/3\\\/2024\\\/02\\\/3rjmNMqmmnIW2RJ5.jpeg\",\"articleSection\":[\"Internacional\"],\"inLanguage\":\"pt-BR\",\"potentialAction\":[{\"@type\":\"CommentAction\",\"name\":\"Comment\",\"target\":[\"https:\\\/\\\/diariodepe.com.br\\\/xinhua\\\/2024\\\/02\\\/22\\\/china-e-franca-devem-trabalhar-para-tornar-parceria-mais-solida-e-dinamica-diz-wang-yi\\\/#respond\"]}]},{\"@type\":\"WebPage\",\"@id\":\"https:\\\/\\\/diariodepe.com.br\\\/xinhua\\\/2024\\\/02\\\/22\\\/china-e-franca-devem-trabalhar-para-tornar-parceria-mais-solida-e-dinamica-diz-wang-yi\\\/\",\"url\":\"https:\\\/\\\/diariodepe.com.br\\\/xinhua\\\/2024\\\/02\\\/22\\\/china-e-franca-devem-trabalhar-para-tornar-parceria-mais-solida-e-dinamica-diz-wang-yi\\\/\",\"name\":\"China e Fran\u00e7a devem trabalhar para tornar parceria mais s\u00f3lida e din\u00e2mica, diz Wang Yi - Xinhua - Diario de Pernambuco\",\"isPartOf\":{\"@id\":\"https:\\\/\\\/diariodepe.com.br\\\/xinhua\\\/#website\"},\"primaryImageOfPage\":{\"@id\":\"https:\\\/\\\/diariodepe.com.br\\\/xinhua\\\/2024\\\/02\\\/22\\\/china-e-franca-devem-trabalhar-para-tornar-parceria-mais-solida-e-dinamica-diz-wang-yi\\\/#primaryimage\"},\"image\":{\"@id\":\"https:\\\/\\\/diariodepe.com.br\\\/xinhua\\\/2024\\\/02\\\/22\\\/china-e-franca-devem-trabalhar-para-tornar-parceria-mais-solida-e-dinamica-diz-wang-yi\\\/#primaryimage\"},\"thumbnailUrl\":\"https:\\\/\\\/diariodepe.com.br\\\/xinhua\\\/wp-content\\\/uploads\\\/sites\\\/3\\\/2024\\\/02\\\/3rjmNMqmmnIW2RJ5.jpeg\",\"datePublished\":\"2024-02-22T16:41:00+00:00\",\"breadcrumb\":{\"@id\":\"https:\\\/\\\/diariodepe.com.br\\\/xinhua\\\/2024\\\/02\\\/22\\\/china-e-franca-devem-trabalhar-para-tornar-parceria-mais-solida-e-dinamica-diz-wang-yi\\\/#breadcrumb\"},\"inLanguage\":\"pt-BR\",\"potentialAction\":[{\"@type\":\"ReadAction\",\"target\":[\"https:\\\/\\\/diariodepe.com.br\\\/xinhua\\\/2024\\\/02\\\/22\\\/china-e-franca-devem-trabalhar-para-tornar-parceria-mais-solida-e-dinamica-diz-wang-yi\\\/\"]}]},{\"@type\":\"ImageObject\",\"inLanguage\":\"pt-BR\",\"@id\":\"https:\\\/\\\/diariodepe.com.br\\\/xinhua\\\/2024\\\/02\\\/22\\\/china-e-franca-devem-trabalhar-para-tornar-parceria-mais-solida-e-dinamica-diz-wang-yi\\\/#primaryimage\",\"url\":\"https:\\\/\\\/diariodepe.com.br\\\/xinhua\\\/wp-content\\\/uploads\\\/sites\\\/3\\\/2024\\\/02\\\/3rjmNMqmmnIW2RJ5.jpeg\",\"contentUrl\":\"https:\\\/\\\/diariodepe.com.br\\\/xinhua\\\/wp-content\\\/uploads\\\/sites\\\/3\\\/2024\\\/02\\\/3rjmNMqmmnIW2RJ5.jpeg\",\"width\":1024,\"height\":748},{\"@type\":\"BreadcrumbList\",\"@id\":\"https:\\\/\\\/diariodepe.com.br\\\/xinhua\\\/2024\\\/02\\\/22\\\/china-e-franca-devem-trabalhar-para-tornar-parceria-mais-solida-e-dinamica-diz-wang-yi\\\/#breadcrumb\",\"itemListElement\":[{\"@type\":\"ListItem\",\"position\":1,\"name\":\"In\u00edcio\",\"item\":\"https:\\\/\\\/diariodepe.com.br\\\/xinhua\\\/\"},{\"@type\":\"ListItem\",\"position\":2,\"name\":\"China e Fran\u00e7a devem trabalhar para tornar parceria mais s\u00f3lida e din\u00e2mica, diz Wang Yi\"}]},{\"@type\":\"WebSite\",\"@id\":\"https:\\\/\\\/diariodepe.com.br\\\/xinhua\\\/#website\",\"url\":\"https:\\\/\\\/diariodepe.com.br\\\/xinhua\\\/\",\"name\":\"Xinhua - Diario de Pernambuco\",\"description\":\"A maior ag\u00eancia de not\u00edcias da China e um dos principais canais para conhecer o pa\u00eds\",\"publisher\":{\"@id\":\"https:\\\/\\\/diariodepe.com.br\\\/xinhua\\\/#organization\"},\"potentialAction\":[{\"@type\":\"SearchAction\",\"target\":{\"@type\":\"EntryPoint\",\"urlTemplate\":\"https:\\\/\\\/diariodepe.com.br\\\/xinhua\\\/?s={search_term_string}\"},\"query-input\":{\"@type\":\"PropertyValueSpecification\",\"valueRequired\":true,\"valueName\":\"search_term_string\"}}],\"inLanguage\":\"pt-BR\"},{\"@type\":\"Organization\",\"@id\":\"https:\\\/\\\/diariodepe.com.br\\\/xinhua\\\/#organization\",\"name\":\"Xinhua - Diario de Pernambuco\",\"url\":\"https:\\\/\\\/diariodepe.com.br\\\/xinhua\\\/\",\"logo\":{\"@type\":\"ImageObject\",\"inLanguage\":\"pt-BR\",\"@id\":\"https:\\\/\\\/diariodepe.com.br\\\/xinhua\\\/#\\\/schema\\\/logo\\\/image\\\/\",\"url\":\"https:\\\/\\\/diariodepe.com.br\\\/xinhua\\\/wp-content\\\/uploads\\\/sites\\\/3\\\/2020\\\/10\\\/cropped-logo-transparente-2.png\",\"contentUrl\":\"https:\\\/\\\/diariodepe.com.br\\\/xinhua\\\/wp-content\\\/uploads\\\/sites\\\/3\\\/2020\\\/10\\\/cropped-logo-transparente-2.png\",\"width\":512,\"height\":164,\"caption\":\"Xinhua - Diario de Pernambuco\"},\"image\":{\"@id\":\"https:\\\/\\\/diariodepe.com.br\\\/xinhua\\\/#\\\/schema\\\/logo\\\/image\\\/\"}},{\"@type\":\"Person\",\"@id\":\"https:\\\/\\\/diariodepe.com.br\\\/xinhua\\\/#\\\/schema\\\/person\\\/0943d6fd02bdc7b49c8f495e8787a2cb\",\"name\":\"Marcelo Oliveira de A. Maranhao\",\"image\":{\"@type\":\"ImageObject\",\"inLanguage\":\"pt-BR\",\"@id\":\"https:\\\/\\\/secure.gravatar.com\\\/avatar\\\/f562caee940d39879c20e90eea3e4b21860c7d4c96684c23141c554824f0059c?s=96&d=mm&r=g\",\"url\":\"https:\\\/\\\/secure.gravatar.com\\\/avatar\\\/f562caee940d39879c20e90eea3e4b21860c7d4c96684c23141c554824f0059c?s=96&d=mm&r=g\",\"contentUrl\":\"https:\\\/\\\/secure.gravatar.com\\\/avatar\\\/f562caee940d39879c20e90eea3e4b21860c7d4c96684c23141c554824f0059c?s=96&d=mm&r=g\",\"caption\":\"Marcelo Oliveira de A. Maranhao\"},\"url\":\"https:\\\/\\\/diariodepe.com.br\\\/xinhua\\\/author\\\/marcelo-maranhao\\\/\"}]}<\/script>\n<!-- \/ Yoast SEO plugin. -->","yoast_head_json":{"title":"China e Fran\u00e7a devem trabalhar para tornar parceria mais s\u00f3lida e din\u00e2mica, diz Wang Yi - Xinhua - Diario de Pernambuco","robots":{"index":"index","follow":"follow","max-snippet":"max-snippet:-1","max-image-preview":"max-image-preview:large","max-video-preview":"max-video-preview:-1"},"canonical":"https:\/\/diariodepe.com.br\/xinhua\/2024\/02\/22\/china-e-franca-devem-trabalhar-para-tornar-parceria-mais-solida-e-dinamica-diz-wang-yi\/","og_locale":"pt_BR","og_type":"article","og_title":"China e Fran\u00e7a devem trabalhar para tornar parceria mais s\u00f3lida e din\u00e2mica, diz Wang Yi - Xinhua - Diario de Pernambuco","og_description":"Paris &#8211; A China e a Fran\u00e7a devem trabalhar para tornar sua parceria estrat\u00e9gica abrangente ainda mais s\u00f3lida e din\u00e2mica, disse Wang Yi, diretor do Escrit\u00f3rio da Comiss\u00e3o Central de Rela\u00e7\u00f5es Exteriores nesta ter\u00e7a-feira. Wang, tamb\u00e9m membro do Bir\u00f4 Pol\u00edtico...","og_url":"https:\/\/diariodepe.com.br\/xinhua\/2024\/02\/22\/china-e-franca-devem-trabalhar-para-tornar-parceria-mais-solida-e-dinamica-diz-wang-yi\/","og_site_name":"Xinhua - Diario de Pernambuco","article_published_time":"2024-02-22T16:41:00+00:00","og_image":[{"width":1024,"height":748,"url":"https:\/\/diariodepe.com.br\/xinhua\/wp-content\/uploads\/sites\/3\/2024\/02\/3rjmNMqmmnIW2RJ5.jpeg","type":"image\/jpeg"}],"author":"Marcelo Oliveira de A. Maranhao","twitter_card":"summary_large_image","twitter_misc":{"Escrito por":"Marcelo Oliveira de A. Maranhao","Est. tempo de leitura":"4 minutos"},"schema":{"@context":"https:\/\/schema.org","@graph":[{"@type":"Article","@id":"https:\/\/diariodepe.com.br\/xinhua\/2024\/02\/22\/china-e-franca-devem-trabalhar-para-tornar-parceria-mais-solida-e-dinamica-diz-wang-yi\/#article","isPartOf":{"@id":"https:\/\/diariodepe.com.br\/xinhua\/2024\/02\/22\/china-e-franca-devem-trabalhar-para-tornar-parceria-mais-solida-e-dinamica-diz-wang-yi\/"},"author":{"name":"Marcelo Oliveira de A. Maranhao","@id":"https:\/\/diariodepe.com.br\/xinhua\/#\/schema\/person\/0943d6fd02bdc7b49c8f495e8787a2cb"},"headline":"China e Fran\u00e7a devem trabalhar para tornar parceria mais s\u00f3lida e din\u00e2mica, diz Wang Yi","datePublished":"2024-02-22T16:41:00+00:00","mainEntityOfPage":{"@id":"https:\/\/diariodepe.com.br\/xinhua\/2024\/02\/22\/china-e-franca-devem-trabalhar-para-tornar-parceria-mais-solida-e-dinamica-diz-wang-yi\/"},"wordCount":662,"commentCount":0,"publisher":{"@id":"https:\/\/diariodepe.com.br\/xinhua\/#organization"},"image":{"@id":"https:\/\/diariodepe.com.br\/xinhua\/2024\/02\/22\/china-e-franca-devem-trabalhar-para-tornar-parceria-mais-solida-e-dinamica-diz-wang-yi\/#primaryimage"},"thumbnailUrl":"https:\/\/diariodepe.com.br\/xinhua\/wp-content\/uploads\/sites\/3\/2024\/02\/3rjmNMqmmnIW2RJ5.jpeg","articleSection":["Internacional"],"inLanguage":"pt-BR","potentialAction":[{"@type":"CommentAction","name":"Comment","target":["https:\/\/diariodepe.com.br\/xinhua\/2024\/02\/22\/china-e-franca-devem-trabalhar-para-tornar-parceria-mais-solida-e-dinamica-diz-wang-yi\/#respond"]}]},{"@type":"WebPage","@id":"https:\/\/diariodepe.com.br\/xinhua\/2024\/02\/22\/china-e-franca-devem-trabalhar-para-tornar-parceria-mais-solida-e-dinamica-diz-wang-yi\/","url":"https:\/\/diariodepe.com.br\/xinhua\/2024\/02\/22\/china-e-franca-devem-trabalhar-para-tornar-parceria-mais-solida-e-dinamica-diz-wang-yi\/","name":"China e Fran\u00e7a devem trabalhar para tornar parceria mais s\u00f3lida e din\u00e2mica, diz Wang Yi - Xinhua - Diario de Pernambuco","isPartOf":{"@id":"https:\/\/diariodepe.com.br\/xinhua\/#website"},"primaryImageOfPage":{"@id":"https:\/\/diariodepe.com.br\/xinhua\/2024\/02\/22\/china-e-franca-devem-trabalhar-para-tornar-parceria-mais-solida-e-dinamica-diz-wang-yi\/#primaryimage"},"image":{"@id":"https:\/\/diariodepe.com.br\/xinhua\/2024\/02\/22\/china-e-franca-devem-trabalhar-para-tornar-parceria-mais-solida-e-dinamica-diz-wang-yi\/#primaryimage"},"thumbnailUrl":"https:\/\/diariodepe.com.br\/xinhua\/wp-content\/uploads\/sites\/3\/2024\/02\/3rjmNMqmmnIW2RJ5.jpeg","datePublished":"2024-02-22T16:41:00+00:00","breadcrumb":{"@id":"https:\/\/diariodepe.com.br\/xinhua\/2024\/02\/22\/china-e-franca-devem-trabalhar-para-tornar-parceria-mais-solida-e-dinamica-diz-wang-yi\/#breadcrumb"},"inLanguage":"pt-BR","potentialAction":[{"@type":"ReadAction","target":["https:\/\/diariodepe.com.br\/xinhua\/2024\/02\/22\/china-e-franca-devem-trabalhar-para-tornar-parceria-mais-solida-e-dinamica-diz-wang-yi\/"]}]},{"@type":"ImageObject","inLanguage":"pt-BR","@id":"https:\/\/diariodepe.com.br\/xinhua\/2024\/02\/22\/china-e-franca-devem-trabalhar-para-tornar-parceria-mais-solida-e-dinamica-diz-wang-yi\/#primaryimage","url":"https:\/\/diariodepe.com.br\/xinhua\/wp-content\/uploads\/sites\/3\/2024\/02\/3rjmNMqmmnIW2RJ5.jpeg","contentUrl":"https:\/\/diariodepe.com.br\/xinhua\/wp-content\/uploads\/sites\/3\/2024\/02\/3rjmNMqmmnIW2RJ5.jpeg","width":1024,"height":748},{"@type":"BreadcrumbList","@id":"https:\/\/diariodepe.com.br\/xinhua\/2024\/02\/22\/china-e-franca-devem-trabalhar-para-tornar-parceria-mais-solida-e-dinamica-diz-wang-yi\/#breadcrumb","itemListElement":[{"@type":"ListItem","position":1,"name":"In\u00edcio","item":"https:\/\/diariodepe.com.br\/xinhua\/"},{"@type":"ListItem","position":2,"name":"China e Fran\u00e7a devem trabalhar para tornar parceria mais s\u00f3lida e din\u00e2mica, diz Wang Yi"}]},{"@type":"WebSite","@id":"https:\/\/diariodepe.com.br\/xinhua\/#website","url":"https:\/\/diariodepe.com.br\/xinhua\/","name":"Xinhua - Diario de Pernambuco","description":"A maior ag\u00eancia de not\u00edcias da China e um dos principais canais para conhecer o pa\u00eds","publisher":{"@id":"https:\/\/diariodepe.com.br\/xinhua\/#organization"},"potentialAction":[{"@type":"SearchAction","target":{"@type":"EntryPoint","urlTemplate":"https:\/\/diariodepe.com.br\/xinhua\/?s={search_term_string}"},"query-input":{"@type":"PropertyValueSpecification","valueRequired":true,"valueName":"search_term_string"}}],"inLanguage":"pt-BR"},{"@type":"Organization","@id":"https:\/\/diariodepe.com.br\/xinhua\/#organization","name":"Xinhua - Diario de Pernambuco","url":"https:\/\/diariodepe.com.br\/xinhua\/","logo":{"@type":"ImageObject","inLanguage":"pt-BR","@id":"https:\/\/diariodepe.com.br\/xinhua\/#\/schema\/logo\/image\/","url":"https:\/\/diariodepe.com.br\/xinhua\/wp-content\/uploads\/sites\/3\/2020\/10\/cropped-logo-transparente-2.png","contentUrl":"https:\/\/diariodepe.com.br\/xinhua\/wp-content\/uploads\/sites\/3\/2020\/10\/cropped-logo-transparente-2.png","width":512,"height":164,"caption":"Xinhua - Diario de Pernambuco"},"image":{"@id":"https:\/\/diariodepe.com.br\/xinhua\/#\/schema\/logo\/image\/"}},{"@type":"Person","@id":"https:\/\/diariodepe.com.br\/xinhua\/#\/schema\/person\/0943d6fd02bdc7b49c8f495e8787a2cb","name":"Marcelo Oliveira de A. Maranhao","image":{"@type":"ImageObject","inLanguage":"pt-BR","@id":"https:\/\/secure.gravatar.com\/avatar\/f562caee940d39879c20e90eea3e4b21860c7d4c96684c23141c554824f0059c?s=96&d=mm&r=g","url":"https:\/\/secure.gravatar.com\/avatar\/f562caee940d39879c20e90eea3e4b21860c7d4c96684c23141c554824f0059c?s=96&d=mm&r=g","contentUrl":"https:\/\/secure.gravatar.com\/avatar\/f562caee940d39879c20e90eea3e4b21860c7d4c96684c23141c554824f0059c?s=96&d=mm&r=g","caption":"Marcelo Oliveira de A. Maranhao"},"url":"https:\/\/diariodepe.com.br\/xinhua\/author\/marcelo-maranhao\/"}]}},"cc_featured_image_caption":{"caption_text":"","source_text":"","source_url":""},"amp_enabled":true,"_links":{"self":[{"href":"https:\/\/diariodepe.com.br\/xinhua\/wp-json\/wp\/v2\/posts\/18304","targetHints":{"allow":["GET"]}}],"collection":[{"href":"https:\/\/diariodepe.com.br\/xinhua\/wp-json\/wp\/v2\/posts"}],"about":[{"href":"https:\/\/diariodepe.com.br\/xinhua\/wp-json\/wp\/v2\/types\/post"}],"author":[{"embeddable":true,"href":"https:\/\/diariodepe.com.br\/xinhua\/wp-json\/wp\/v2\/users\/3"}],"replies":[{"embeddable":true,"href":"https:\/\/diariodepe.com.br\/xinhua\/wp-json\/wp\/v2\/comments?post=18304"}],"version-history":[{"count":1,"href":"https:\/\/diariodepe.com.br\/xinhua\/wp-json\/wp\/v2\/posts\/18304\/revisions"}],"predecessor-version":[{"id":18306,"href":"https:\/\/diariodepe.com.br\/xinhua\/wp-json\/wp\/v2\/posts\/18304\/revisions\/18306"}],"wp:featuredmedia":[{"embeddable":true,"href":"https:\/\/diariodepe.com.br\/xinhua\/wp-json\/wp\/v2\/media\/18305"}],"wp:attachment":[{"href":"https:\/\/diariodepe.com.br\/xinhua\/wp-json\/wp\/v2\/media?parent=18304"}],"wp:term":[{"taxonomy":"category","embeddable":true,"href":"https:\/\/diariodepe.com.br\/xinhua\/wp-json\/wp\/v2\/categories?post=18304"},{"taxonomy":"post_tag","embeddable":true,"href":"https:\/\/diariodepe.com.br\/xinhua\/wp-json\/wp\/v2\/tags?post=18304"}],"curies":[{"name":"wp","href":"https:\/\/api.w.org\/{rel}","templated":true}]}}