{"id":18290,"date":"2024-02-22T09:19:00","date_gmt":"2024-02-22T12:19:00","guid":{"rendered":"https:\/\/www.diariodepe.com.br\/xinhua\/?p=18290"},"modified":"2024-02-22T10:22:42","modified_gmt":"2024-02-22T13:22:42","slug":"lula-recebe-secretario-de-estado-blinken-em-brasilia","status":"publish","type":"post","link":"https:\/\/diariodepe.com.br\/xinhua\/2024\/02\/22\/lula-recebe-secretario-de-estado-blinken-em-brasilia\/","title":{"rendered":"Lula recebe secret\u00e1rio de Estado Blinken em Bras\u00edlia"},"content":{"rendered":"\n<p>Rio de Janeiro &#8211; O presidente do Brasil, Luiz In\u00e1cio Lula da Silva, recebeu nesta ter\u00e7a-feira no Pal\u00e1cio do Planalto o secret\u00e1rio de Estado dos Estados Unidos, Antony Blinken, com quem discutiu assuntos bilaterais e globais, antes da participa\u00e7\u00e3o do norte-americano em uma reuni\u00e3o de chanceleres do G20 no Rio de Janeiro.<\/p>\n\n\n\n<p>N\u00e3o houve entrevista \u00e0 imprensa depois do encontro, que durou quase duas horas, mas em uma breve declara\u00e7\u00e3o na sa\u00edda, Blinken disse que os dois pa\u00edses trabalham juntos de forma bilateral e global e se mostrou agradecido pela &#8220;amizade&#8221; com o Brasil.<\/p>\n\n\n\n<p>&#8220;Foi \u00f3tima reuni\u00e3o. Sou muito grato ao presidente pelo seu tempo. Os Estados Unidos e o Brasil est\u00e3o fazendo coisas muito importantes juntos, estamos trabalhando bilateralmente, regionalmente, mundialmente. \u00c9 uma parceria muito importante e somos gratos pela amizade&#8221;, destacou o secret\u00e1rio de Estado dos EUA.<\/p>\n\n\n\n<p>Em nota, o Pal\u00e1cio do Planalto disse que Lula reafirmou seu desejo pela paz e fim dos conflitos na Ucr\u00e2nia e na Faixa de Gaza, e que &#8220;ambos concordaram com a necessidade de cria\u00e7\u00e3o de um Estado Palestino&#8221;.<\/p>\n\n\n\n<p>Segundo o Planalto, tamb\u00e9m foram abordados os principais temas da agenda bilateral e internacional, em particular a do G20.<\/p>\n\n\n\n<p>&#8220;O presidente e o secret\u00e1rio abordaram temas como a iniciativa para trabalho decente lan\u00e7ada por Lula e Biden em setembro do ano passado \u00e0 margem da Assembleia Geral da ONU, e a coopera\u00e7\u00e3o dos dois pa\u00edses na \u00e1rea ambiental, transi\u00e7\u00e3o energ\u00e9tica, f\u00f3runs empresariais e de infraestrutura. Blinken informou que os EUA estudam realizar novo aporte para o Fundo Amaz\u00f4nia&#8221;, diz a nota.<\/p>\n\n\n\n<p>Segundo o governo dos EUA, Blinken transmitiu a Lula &#8220;o apoio dos Estados Unidos \u00e0 presid\u00eancia brasileira do G20; \u00e0 reuni\u00e3o de chanceleres dos pa\u00edses do G20 que se realiza no Rio de Janeiro; \u00e0 alian\u00e7a Brasil-EUA pelos direitos dos trabalhadores e \u00e0 coopera\u00e7\u00e3o na transi\u00e7\u00e3o para energias limpas&#8221;.<\/p>\n\n\n\n<p>No come\u00e7o da reuni\u00e3o, Lula e Bliken conversaram brevemente sobre as elei\u00e7\u00f5es presidenciais de novembro pr\u00f3ximo nos Estados Unidos.<\/p>\n\n\n\n<p>Outros temas que estavam previstos eram o conflito entre Israel e Hamas, a situa\u00e7\u00e3o na Faixa de Gaza, a guerra na Ucr\u00e2nia e a situa\u00e7\u00e3o na Venezuela.<\/p>\n\n\n\n<p>No domingo passado, Lula da Silva comparou os ataques de Israel contra os palestinos em Gaza com o massacre perpetrado pela Alemanha nazista contra os judeus durante a Segunda Guerra Mundial.<\/p>\n\n\n\n<p>A afirma\u00e7\u00e3o provocou uma crise diplom\u00e1tica com Israel, com o governo israelense declarando Lula como &#8220;persona non grata&#8221; at\u00e9 que se retrate, al\u00e9m da publica\u00e7\u00e3o nas redes sociais de ofensas contra o presidente brasileiro, enquanto o governo brasileiro convocou seu embaixador em Tel Aviv para consultas.<\/p>\n\n\n\n<p>Segundo informa\u00e7\u00f5es divulgadas pela imprensa local na reuni\u00e3o, Lula e Blinken conversaram sobre o conflito, expondo pontos diferentes de vista, mas n\u00e3o houve qualquer men\u00e7\u00e3o norte-americana sobre uma retrata\u00e7\u00e3o por parte do presidente brasileiro. O secret\u00e1rio, tamb\u00e9m, n\u00e3o respondeu a perguntas dos jornalistas sobre o assunto.<\/p>\n\n\n\n<p>Ao deixar o Pal\u00e1cio do Planalto, Blinken viajou para o Rio de Janeiro para participar da reuni\u00e3o de chanceleres do G20, iniciada nesta quarta-feira.&nbsp;<\/p>\n","protected":false},"excerpt":{"rendered":"<p>Rio de Janeiro &#8211; O presidente do Brasil, Luiz In\u00e1cio Lula da Silva, recebeu nesta ter\u00e7a-feira no Pal\u00e1cio do Planalto o secret\u00e1rio de Estado dos Estados Unidos, Antony Blinken, com quem discutiu assuntos bilaterais e globais, antes da participa\u00e7\u00e3o do&#8230;<\/p>\n","protected":false},"author":3,"featured_media":18291,"comment_status":"open","ping_status":"open","sticky":false,"template":"","format":"standard","meta":{"footnotes":""},"categories":[1],"tags":[],"class_list":["post-18290","post","type-post","status-publish","format-standard","has-post-thumbnail","hentry","category-geral"],"yoast_head":"<!-- This site is optimized with the Yoast SEO plugin v27.4 - https:\/\/yoast.com\/product\/yoast-seo-wordpress\/ -->\n<title>Lula recebe secret\u00e1rio de Estado Blinken em Bras\u00edlia - Xinhua - Diario de Pernambuco<\/title>\n<meta name=\"robots\" content=\"index, follow, max-snippet:-1, max-image-preview:large, max-video-preview:-1\" \/>\n<link rel=\"canonical\" href=\"https:\/\/diariodepe.com.br\/xinhua\/2024\/02\/22\/lula-recebe-secretario-de-estado-blinken-em-brasilia\/\" \/>\n<meta property=\"og:locale\" content=\"pt_BR\" \/>\n<meta property=\"og:type\" content=\"article\" \/>\n<meta property=\"og:title\" content=\"Lula recebe secret\u00e1rio de Estado Blinken em Bras\u00edlia - Xinhua - Diario de Pernambuco\" \/>\n<meta property=\"og:description\" content=\"Rio de Janeiro &#8211; O presidente do Brasil, Luiz In\u00e1cio Lula da Silva, recebeu nesta ter\u00e7a-feira no Pal\u00e1cio do Planalto o secret\u00e1rio de Estado dos Estados Unidos, Antony Blinken, com quem discutiu assuntos bilaterais e globais, antes da participa\u00e7\u00e3o do...\" \/>\n<meta property=\"og:url\" content=\"https:\/\/diariodepe.com.br\/xinhua\/2024\/02\/22\/lula-recebe-secretario-de-estado-blinken-em-brasilia\/\" \/>\n<meta property=\"og:site_name\" content=\"Xinhua - Diario de Pernambuco\" \/>\n<meta property=\"article:published_time\" content=\"2024-02-22T12:19:00+00:00\" \/>\n<meta property=\"article:modified_time\" content=\"2024-02-22T13:22:42+00:00\" \/>\n<meta property=\"og:image\" content=\"https:\/\/diariodepe.com.br\/xinhua\/wp-content\/uploads\/sites\/3\/2024\/02\/9a03d61119414373ab467e82f865e93a-1.jpg\" \/>\n\t<meta property=\"og:image:width\" content=\"1000\" \/>\n\t<meta property=\"og:image:height\" content=\"500\" \/>\n\t<meta property=\"og:image:type\" content=\"image\/jpeg\" \/>\n<meta name=\"author\" content=\"Marcelo Oliveira de A. Maranhao\" \/>\n<meta name=\"twitter:card\" content=\"summary_large_image\" \/>\n<meta name=\"twitter:label1\" content=\"Escrito por\" \/>\n\t<meta name=\"twitter:data1\" content=\"Marcelo Oliveira de A. Maranhao\" \/>\n\t<meta name=\"twitter:label2\" content=\"Est. tempo de leitura\" \/>\n\t<meta name=\"twitter:data2\" content=\"3 minutos\" \/>\n<script type=\"application\/ld+json\" class=\"yoast-schema-graph\">{\"@context\":\"https:\\\/\\\/schema.org\",\"@graph\":[{\"@type\":\"Article\",\"@id\":\"https:\\\/\\\/diariodepe.com.br\\\/xinhua\\\/2024\\\/02\\\/22\\\/lula-recebe-secretario-de-estado-blinken-em-brasilia\\\/#article\",\"isPartOf\":{\"@id\":\"https:\\\/\\\/diariodepe.com.br\\\/xinhua\\\/2024\\\/02\\\/22\\\/lula-recebe-secretario-de-estado-blinken-em-brasilia\\\/\"},\"author\":{\"name\":\"Marcelo Oliveira de A. Maranhao\",\"@id\":\"https:\\\/\\\/diariodepe.com.br\\\/xinhua\\\/#\\\/schema\\\/person\\\/0943d6fd02bdc7b49c8f495e8787a2cb\"},\"headline\":\"Lula recebe secret\u00e1rio de Estado Blinken em Bras\u00edlia\",\"datePublished\":\"2024-02-22T12:19:00+00:00\",\"dateModified\":\"2024-02-22T13:22:42+00:00\",\"mainEntityOfPage\":{\"@id\":\"https:\\\/\\\/diariodepe.com.br\\\/xinhua\\\/2024\\\/02\\\/22\\\/lula-recebe-secretario-de-estado-blinken-em-brasilia\\\/\"},\"wordCount\":556,\"commentCount\":0,\"publisher\":{\"@id\":\"https:\\\/\\\/diariodepe.com.br\\\/xinhua\\\/#organization\"},\"image\":{\"@id\":\"https:\\\/\\\/diariodepe.com.br\\\/xinhua\\\/2024\\\/02\\\/22\\\/lula-recebe-secretario-de-estado-blinken-em-brasilia\\\/#primaryimage\"},\"thumbnailUrl\":\"https:\\\/\\\/diariodepe.com.br\\\/xinhua\\\/wp-content\\\/uploads\\\/sites\\\/3\\\/2024\\\/02\\\/9a03d61119414373ab467e82f865e93a-1.jpg\",\"articleSection\":[\"Geral\"],\"inLanguage\":\"pt-BR\",\"potentialAction\":[{\"@type\":\"CommentAction\",\"name\":\"Comment\",\"target\":[\"https:\\\/\\\/diariodepe.com.br\\\/xinhua\\\/2024\\\/02\\\/22\\\/lula-recebe-secretario-de-estado-blinken-em-brasilia\\\/#respond\"]}]},{\"@type\":\"WebPage\",\"@id\":\"https:\\\/\\\/diariodepe.com.br\\\/xinhua\\\/2024\\\/02\\\/22\\\/lula-recebe-secretario-de-estado-blinken-em-brasilia\\\/\",\"url\":\"https:\\\/\\\/diariodepe.com.br\\\/xinhua\\\/2024\\\/02\\\/22\\\/lula-recebe-secretario-de-estado-blinken-em-brasilia\\\/\",\"name\":\"Lula recebe secret\u00e1rio de Estado Blinken em Bras\u00edlia - Xinhua - Diario de Pernambuco\",\"isPartOf\":{\"@id\":\"https:\\\/\\\/diariodepe.com.br\\\/xinhua\\\/#website\"},\"primaryImageOfPage\":{\"@id\":\"https:\\\/\\\/diariodepe.com.br\\\/xinhua\\\/2024\\\/02\\\/22\\\/lula-recebe-secretario-de-estado-blinken-em-brasilia\\\/#primaryimage\"},\"image\":{\"@id\":\"https:\\\/\\\/diariodepe.com.br\\\/xinhua\\\/2024\\\/02\\\/22\\\/lula-recebe-secretario-de-estado-blinken-em-brasilia\\\/#primaryimage\"},\"thumbnailUrl\":\"https:\\\/\\\/diariodepe.com.br\\\/xinhua\\\/wp-content\\\/uploads\\\/sites\\\/3\\\/2024\\\/02\\\/9a03d61119414373ab467e82f865e93a-1.jpg\",\"datePublished\":\"2024-02-22T12:19:00+00:00\",\"dateModified\":\"2024-02-22T13:22:42+00:00\",\"breadcrumb\":{\"@id\":\"https:\\\/\\\/diariodepe.com.br\\\/xinhua\\\/2024\\\/02\\\/22\\\/lula-recebe-secretario-de-estado-blinken-em-brasilia\\\/#breadcrumb\"},\"inLanguage\":\"pt-BR\",\"potentialAction\":[{\"@type\":\"ReadAction\",\"target\":[\"https:\\\/\\\/diariodepe.com.br\\\/xinhua\\\/2024\\\/02\\\/22\\\/lula-recebe-secretario-de-estado-blinken-em-brasilia\\\/\"]}]},{\"@type\":\"ImageObject\",\"inLanguage\":\"pt-BR\",\"@id\":\"https:\\\/\\\/diariodepe.com.br\\\/xinhua\\\/2024\\\/02\\\/22\\\/lula-recebe-secretario-de-estado-blinken-em-brasilia\\\/#primaryimage\",\"url\":\"https:\\\/\\\/diariodepe.com.br\\\/xinhua\\\/wp-content\\\/uploads\\\/sites\\\/3\\\/2024\\\/02\\\/9a03d61119414373ab467e82f865e93a-1.jpg\",\"contentUrl\":\"https:\\\/\\\/diariodepe.com.br\\\/xinhua\\\/wp-content\\\/uploads\\\/sites\\\/3\\\/2024\\\/02\\\/9a03d61119414373ab467e82f865e93a-1.jpg\",\"width\":1000,\"height\":500,\"caption\":\"(240221) -- BRASILIA, 21 febrero, 2024 (Xinhua) -- El presidente brasile\u00f1o, Luiz In\u00e1cio Lula da Silva (d), y el secretario de Estado de Estados Unidos, Antony Blinken (i), reaccionan durante una reuni\u00f3n en el Palacio de Planalto, en Brasilia, Brasil, el 21 de febrero de 2024. Lula da Silva recibi\u00f3 la ma\u00f1ana del mi\u00e9rcoles en el Palacio de Planalto en la ciudad de Brasilia, al secretario de Estado de Estados Unidos, Antony Blinken, con quien abord\u00f3 asuntos bilaterales y globales, difundi\u00f3 la Presidencia brasile\u00f1a. (Xinhua\\\/Lucio Tavora) (lt) (ah) (ra) (vf)\"},{\"@type\":\"BreadcrumbList\",\"@id\":\"https:\\\/\\\/diariodepe.com.br\\\/xinhua\\\/2024\\\/02\\\/22\\\/lula-recebe-secretario-de-estado-blinken-em-brasilia\\\/#breadcrumb\",\"itemListElement\":[{\"@type\":\"ListItem\",\"position\":1,\"name\":\"In\u00edcio\",\"item\":\"https:\\\/\\\/diariodepe.com.br\\\/xinhua\\\/\"},{\"@type\":\"ListItem\",\"position\":2,\"name\":\"Lula recebe secret\u00e1rio de Estado Blinken em Bras\u00edlia\"}]},{\"@type\":\"WebSite\",\"@id\":\"https:\\\/\\\/diariodepe.com.br\\\/xinhua\\\/#website\",\"url\":\"https:\\\/\\\/diariodepe.com.br\\\/xinhua\\\/\",\"name\":\"Xinhua - Diario de Pernambuco\",\"description\":\"A maior ag\u00eancia de not\u00edcias da China e um dos principais canais para conhecer o pa\u00eds\",\"publisher\":{\"@id\":\"https:\\\/\\\/diariodepe.com.br\\\/xinhua\\\/#organization\"},\"potentialAction\":[{\"@type\":\"SearchAction\",\"target\":{\"@type\":\"EntryPoint\",\"urlTemplate\":\"https:\\\/\\\/diariodepe.com.br\\\/xinhua\\\/?s={search_term_string}\"},\"query-input\":{\"@type\":\"PropertyValueSpecification\",\"valueRequired\":true,\"valueName\":\"search_term_string\"}}],\"inLanguage\":\"pt-BR\"},{\"@type\":\"Organization\",\"@id\":\"https:\\\/\\\/diariodepe.com.br\\\/xinhua\\\/#organization\",\"name\":\"Xinhua - Diario de Pernambuco\",\"url\":\"https:\\\/\\\/diariodepe.com.br\\\/xinhua\\\/\",\"logo\":{\"@type\":\"ImageObject\",\"inLanguage\":\"pt-BR\",\"@id\":\"https:\\\/\\\/diariodepe.com.br\\\/xinhua\\\/#\\\/schema\\\/logo\\\/image\\\/\",\"url\":\"https:\\\/\\\/diariodepe.com.br\\\/xinhua\\\/wp-content\\\/uploads\\\/sites\\\/3\\\/2020\\\/10\\\/cropped-logo-transparente-2.png\",\"contentUrl\":\"https:\\\/\\\/diariodepe.com.br\\\/xinhua\\\/wp-content\\\/uploads\\\/sites\\\/3\\\/2020\\\/10\\\/cropped-logo-transparente-2.png\",\"width\":512,\"height\":164,\"caption\":\"Xinhua - Diario de Pernambuco\"},\"image\":{\"@id\":\"https:\\\/\\\/diariodepe.com.br\\\/xinhua\\\/#\\\/schema\\\/logo\\\/image\\\/\"}},{\"@type\":\"Person\",\"@id\":\"https:\\\/\\\/diariodepe.com.br\\\/xinhua\\\/#\\\/schema\\\/person\\\/0943d6fd02bdc7b49c8f495e8787a2cb\",\"name\":\"Marcelo Oliveira de A. Maranhao\",\"image\":{\"@type\":\"ImageObject\",\"inLanguage\":\"pt-BR\",\"@id\":\"https:\\\/\\\/secure.gravatar.com\\\/avatar\\\/f562caee940d39879c20e90eea3e4b21860c7d4c96684c23141c554824f0059c?s=96&d=mm&r=g\",\"url\":\"https:\\\/\\\/secure.gravatar.com\\\/avatar\\\/f562caee940d39879c20e90eea3e4b21860c7d4c96684c23141c554824f0059c?s=96&d=mm&r=g\",\"contentUrl\":\"https:\\\/\\\/secure.gravatar.com\\\/avatar\\\/f562caee940d39879c20e90eea3e4b21860c7d4c96684c23141c554824f0059c?s=96&d=mm&r=g\",\"caption\":\"Marcelo Oliveira de A. Maranhao\"},\"url\":\"https:\\\/\\\/diariodepe.com.br\\\/xinhua\\\/author\\\/marcelo-maranhao\\\/\"}]}<\/script>\n<!-- \/ Yoast SEO plugin. -->","yoast_head_json":{"title":"Lula recebe secret\u00e1rio de Estado Blinken em Bras\u00edlia - Xinhua - Diario de Pernambuco","robots":{"index":"index","follow":"follow","max-snippet":"max-snippet:-1","max-image-preview":"max-image-preview:large","max-video-preview":"max-video-preview:-1"},"canonical":"https:\/\/diariodepe.com.br\/xinhua\/2024\/02\/22\/lula-recebe-secretario-de-estado-blinken-em-brasilia\/","og_locale":"pt_BR","og_type":"article","og_title":"Lula recebe secret\u00e1rio de Estado Blinken em Bras\u00edlia - Xinhua - Diario de Pernambuco","og_description":"Rio de Janeiro &#8211; O presidente do Brasil, Luiz In\u00e1cio Lula da Silva, recebeu nesta ter\u00e7a-feira no Pal\u00e1cio do Planalto o secret\u00e1rio de Estado dos Estados Unidos, Antony Blinken, com quem discutiu assuntos bilaterais e globais, antes da participa\u00e7\u00e3o do...","og_url":"https:\/\/diariodepe.com.br\/xinhua\/2024\/02\/22\/lula-recebe-secretario-de-estado-blinken-em-brasilia\/","og_site_name":"Xinhua - Diario de Pernambuco","article_published_time":"2024-02-22T12:19:00+00:00","article_modified_time":"2024-02-22T13:22:42+00:00","og_image":[{"width":1000,"height":500,"url":"https:\/\/diariodepe.com.br\/xinhua\/wp-content\/uploads\/sites\/3\/2024\/02\/9a03d61119414373ab467e82f865e93a-1.jpg","type":"image\/jpeg"}],"author":"Marcelo Oliveira de A. Maranhao","twitter_card":"summary_large_image","twitter_misc":{"Escrito por":"Marcelo Oliveira de A. Maranhao","Est. tempo de leitura":"3 minutos"},"schema":{"@context":"https:\/\/schema.org","@graph":[{"@type":"Article","@id":"https:\/\/diariodepe.com.br\/xinhua\/2024\/02\/22\/lula-recebe-secretario-de-estado-blinken-em-brasilia\/#article","isPartOf":{"@id":"https:\/\/diariodepe.com.br\/xinhua\/2024\/02\/22\/lula-recebe-secretario-de-estado-blinken-em-brasilia\/"},"author":{"name":"Marcelo Oliveira de A. Maranhao","@id":"https:\/\/diariodepe.com.br\/xinhua\/#\/schema\/person\/0943d6fd02bdc7b49c8f495e8787a2cb"},"headline":"Lula recebe secret\u00e1rio de Estado Blinken em Bras\u00edlia","datePublished":"2024-02-22T12:19:00+00:00","dateModified":"2024-02-22T13:22:42+00:00","mainEntityOfPage":{"@id":"https:\/\/diariodepe.com.br\/xinhua\/2024\/02\/22\/lula-recebe-secretario-de-estado-blinken-em-brasilia\/"},"wordCount":556,"commentCount":0,"publisher":{"@id":"https:\/\/diariodepe.com.br\/xinhua\/#organization"},"image":{"@id":"https:\/\/diariodepe.com.br\/xinhua\/2024\/02\/22\/lula-recebe-secretario-de-estado-blinken-em-brasilia\/#primaryimage"},"thumbnailUrl":"https:\/\/diariodepe.com.br\/xinhua\/wp-content\/uploads\/sites\/3\/2024\/02\/9a03d61119414373ab467e82f865e93a-1.jpg","articleSection":["Geral"],"inLanguage":"pt-BR","potentialAction":[{"@type":"CommentAction","name":"Comment","target":["https:\/\/diariodepe.com.br\/xinhua\/2024\/02\/22\/lula-recebe-secretario-de-estado-blinken-em-brasilia\/#respond"]}]},{"@type":"WebPage","@id":"https:\/\/diariodepe.com.br\/xinhua\/2024\/02\/22\/lula-recebe-secretario-de-estado-blinken-em-brasilia\/","url":"https:\/\/diariodepe.com.br\/xinhua\/2024\/02\/22\/lula-recebe-secretario-de-estado-blinken-em-brasilia\/","name":"Lula recebe secret\u00e1rio de Estado Blinken em Bras\u00edlia - Xinhua - Diario de Pernambuco","isPartOf":{"@id":"https:\/\/diariodepe.com.br\/xinhua\/#website"},"primaryImageOfPage":{"@id":"https:\/\/diariodepe.com.br\/xinhua\/2024\/02\/22\/lula-recebe-secretario-de-estado-blinken-em-brasilia\/#primaryimage"},"image":{"@id":"https:\/\/diariodepe.com.br\/xinhua\/2024\/02\/22\/lula-recebe-secretario-de-estado-blinken-em-brasilia\/#primaryimage"},"thumbnailUrl":"https:\/\/diariodepe.com.br\/xinhua\/wp-content\/uploads\/sites\/3\/2024\/02\/9a03d61119414373ab467e82f865e93a-1.jpg","datePublished":"2024-02-22T12:19:00+00:00","dateModified":"2024-02-22T13:22:42+00:00","breadcrumb":{"@id":"https:\/\/diariodepe.com.br\/xinhua\/2024\/02\/22\/lula-recebe-secretario-de-estado-blinken-em-brasilia\/#breadcrumb"},"inLanguage":"pt-BR","potentialAction":[{"@type":"ReadAction","target":["https:\/\/diariodepe.com.br\/xinhua\/2024\/02\/22\/lula-recebe-secretario-de-estado-blinken-em-brasilia\/"]}]},{"@type":"ImageObject","inLanguage":"pt-BR","@id":"https:\/\/diariodepe.com.br\/xinhua\/2024\/02\/22\/lula-recebe-secretario-de-estado-blinken-em-brasilia\/#primaryimage","url":"https:\/\/diariodepe.com.br\/xinhua\/wp-content\/uploads\/sites\/3\/2024\/02\/9a03d61119414373ab467e82f865e93a-1.jpg","contentUrl":"https:\/\/diariodepe.com.br\/xinhua\/wp-content\/uploads\/sites\/3\/2024\/02\/9a03d61119414373ab467e82f865e93a-1.jpg","width":1000,"height":500,"caption":"(240221) -- BRASILIA, 21 febrero, 2024 (Xinhua) -- El presidente brasile\u00f1o, Luiz In\u00e1cio Lula da Silva (d), y el secretario de Estado de Estados Unidos, Antony Blinken (i), reaccionan durante una reuni\u00f3n en el Palacio de Planalto, en Brasilia, Brasil, el 21 de febrero de 2024. Lula da Silva recibi\u00f3 la ma\u00f1ana del mi\u00e9rcoles en el Palacio de Planalto en la ciudad de Brasilia, al secretario de Estado de Estados Unidos, Antony Blinken, con quien abord\u00f3 asuntos bilaterales y globales, difundi\u00f3 la Presidencia brasile\u00f1a. (Xinhua\/Lucio Tavora) (lt) (ah) (ra) (vf)"},{"@type":"BreadcrumbList","@id":"https:\/\/diariodepe.com.br\/xinhua\/2024\/02\/22\/lula-recebe-secretario-de-estado-blinken-em-brasilia\/#breadcrumb","itemListElement":[{"@type":"ListItem","position":1,"name":"In\u00edcio","item":"https:\/\/diariodepe.com.br\/xinhua\/"},{"@type":"ListItem","position":2,"name":"Lula recebe secret\u00e1rio de Estado Blinken em Bras\u00edlia"}]},{"@type":"WebSite","@id":"https:\/\/diariodepe.com.br\/xinhua\/#website","url":"https:\/\/diariodepe.com.br\/xinhua\/","name":"Xinhua - Diario de Pernambuco","description":"A maior ag\u00eancia de not\u00edcias da China e um dos principais canais para conhecer o pa\u00eds","publisher":{"@id":"https:\/\/diariodepe.com.br\/xinhua\/#organization"},"potentialAction":[{"@type":"SearchAction","target":{"@type":"EntryPoint","urlTemplate":"https:\/\/diariodepe.com.br\/xinhua\/?s={search_term_string}"},"query-input":{"@type":"PropertyValueSpecification","valueRequired":true,"valueName":"search_term_string"}}],"inLanguage":"pt-BR"},{"@type":"Organization","@id":"https:\/\/diariodepe.com.br\/xinhua\/#organization","name":"Xinhua - Diario de Pernambuco","url":"https:\/\/diariodepe.com.br\/xinhua\/","logo":{"@type":"ImageObject","inLanguage":"pt-BR","@id":"https:\/\/diariodepe.com.br\/xinhua\/#\/schema\/logo\/image\/","url":"https:\/\/diariodepe.com.br\/xinhua\/wp-content\/uploads\/sites\/3\/2020\/10\/cropped-logo-transparente-2.png","contentUrl":"https:\/\/diariodepe.com.br\/xinhua\/wp-content\/uploads\/sites\/3\/2020\/10\/cropped-logo-transparente-2.png","width":512,"height":164,"caption":"Xinhua - Diario de Pernambuco"},"image":{"@id":"https:\/\/diariodepe.com.br\/xinhua\/#\/schema\/logo\/image\/"}},{"@type":"Person","@id":"https:\/\/diariodepe.com.br\/xinhua\/#\/schema\/person\/0943d6fd02bdc7b49c8f495e8787a2cb","name":"Marcelo Oliveira de A. Maranhao","image":{"@type":"ImageObject","inLanguage":"pt-BR","@id":"https:\/\/secure.gravatar.com\/avatar\/f562caee940d39879c20e90eea3e4b21860c7d4c96684c23141c554824f0059c?s=96&d=mm&r=g","url":"https:\/\/secure.gravatar.com\/avatar\/f562caee940d39879c20e90eea3e4b21860c7d4c96684c23141c554824f0059c?s=96&d=mm&r=g","contentUrl":"https:\/\/secure.gravatar.com\/avatar\/f562caee940d39879c20e90eea3e4b21860c7d4c96684c23141c554824f0059c?s=96&d=mm&r=g","caption":"Marcelo Oliveira de A. Maranhao"},"url":"https:\/\/diariodepe.com.br\/xinhua\/author\/marcelo-maranhao\/"}]}},"cc_featured_image_caption":{"caption_text":"","source_text":"","source_url":""},"amp_enabled":true,"_links":{"self":[{"href":"https:\/\/diariodepe.com.br\/xinhua\/wp-json\/wp\/v2\/posts\/18290","targetHints":{"allow":["GET"]}}],"collection":[{"href":"https:\/\/diariodepe.com.br\/xinhua\/wp-json\/wp\/v2\/posts"}],"about":[{"href":"https:\/\/diariodepe.com.br\/xinhua\/wp-json\/wp\/v2\/types\/post"}],"author":[{"embeddable":true,"href":"https:\/\/diariodepe.com.br\/xinhua\/wp-json\/wp\/v2\/users\/3"}],"replies":[{"embeddable":true,"href":"https:\/\/diariodepe.com.br\/xinhua\/wp-json\/wp\/v2\/comments?post=18290"}],"version-history":[{"count":1,"href":"https:\/\/diariodepe.com.br\/xinhua\/wp-json\/wp\/v2\/posts\/18290\/revisions"}],"predecessor-version":[{"id":18292,"href":"https:\/\/diariodepe.com.br\/xinhua\/wp-json\/wp\/v2\/posts\/18290\/revisions\/18292"}],"wp:featuredmedia":[{"embeddable":true,"href":"https:\/\/diariodepe.com.br\/xinhua\/wp-json\/wp\/v2\/media\/18291"}],"wp:attachment":[{"href":"https:\/\/diariodepe.com.br\/xinhua\/wp-json\/wp\/v2\/media?parent=18290"}],"wp:term":[{"taxonomy":"category","embeddable":true,"href":"https:\/\/diariodepe.com.br\/xinhua\/wp-json\/wp\/v2\/categories?post=18290"},{"taxonomy":"post_tag","embeddable":true,"href":"https:\/\/diariodepe.com.br\/xinhua\/wp-json\/wp\/v2\/tags?post=18290"}],"curies":[{"name":"wp","href":"https:\/\/api.w.org\/{rel}","templated":true}]}}