{"id":18213,"date":"2024-02-19T13:49:00","date_gmt":"2024-02-19T16:49:00","guid":{"rendered":"https:\/\/www.diariodepe.com.br\/xinhua\/?p=18213"},"modified":"2024-02-18T18:11:33","modified_gmt":"2024-02-18T21:11:33","slug":"china-esta-pronta-para-promover-mundo-multipolar-equitativo-e-ordenado-com-ue-diz-chanceler","status":"publish","type":"post","link":"https:\/\/diariodepe.com.br\/xinhua\/2024\/02\/19\/china-esta-pronta-para-promover-mundo-multipolar-equitativo-e-ordenado-com-ue-diz-chanceler\/","title":{"rendered":"China est\u00e1 pronta para promover mundo multipolar equitativo e ordenado com UE, diz chanceler"},"content":{"rendered":"\n<p>Munique, Alemanha &#8211; A China est\u00e1 pronta para trabalhar com a Uni\u00e3o Europeia (UE) para promover um mundo multipolar equitativo e ordenado, para que cada pa\u00eds tenha seu pr\u00f3prio lugar no sistema multipolar global, disse o ministro das Rela\u00e7\u00f5es Exteriores chin\u00eas, Wang Yi, na sexta-feira.<\/p>\n\n\n\n<p>Wang, tamb\u00e9m membro do Bir\u00f4 Pol\u00edtico do Comit\u00ea Central do Partido Comunista da China, fez as observa\u00e7\u00f5es em uma reuni\u00e3o com Josep Borrell, alto representante da Uni\u00e3o Europeia (UE) para Assuntos Estrangeiros e Pol\u00edtica de Seguran\u00e7a, \u00e0 margem da Confer\u00eancia de Seguran\u00e7a de Munique em curso.<\/p>\n\n\n\n<p>Tanto a China quanto a UE defendem o multilateralismo, disse Wang, acrescentando que a China est\u00e1 disposta a trabalhar com a UE para promover uma globaliza\u00e7\u00e3o econ\u00f4mica inclusiva que proporcione benef\u00edcios para todos e expanda o bolo da coopera\u00e7\u00e3o para alcan\u00e7ar o desenvolvimento e a prosperidade comuns.<\/p>\n\n\n\n<p>Observando que a situa\u00e7\u00e3o internacional est\u00e1 passando por mudan\u00e7as com incertezas e instabilidade crescentes, Wang disse que a China e a UE, como for\u00e7as estabilizadoras do mundo, devem trabalhar juntas para enfrentar os desafios. Ele disse que os dois lados retomaram recentemente as trocas em todos os n\u00edveis e alcan\u00e7aram resultados positivos.<\/p>\n\n\n\n<p>Os dois lados devem respeitar as principais preocupa\u00e7\u00f5es um do outro, aderir \u00e0 parceria e \u00e0 coopera\u00e7\u00e3o mutuamente ben\u00e9fica como a t\u00f4nica de suas rela\u00e7\u00f5es e fazer bons preparativos para a pr\u00f3xima C\u00fapula China-UE, pediu Wang.<\/p>\n\n\n\n<p>A China e a UE devem tamb\u00e9m garantir o desempenho pleno do papel de seus mecanismos de di\u00e1logo em diversos dom\u00ednios, incluindo os setores estrat\u00e9gico, econ\u00f4mico e comercial, ecol\u00f3gico e digital, intensificar a coopera\u00e7\u00e3o no combate \u00e0s altera\u00e7\u00f5es clim\u00e1ticas e na intelig\u00eancia artificial, criar destaques nos interc\u00e2mbios interpessoais, proporcionar mais conveni\u00eancia aos interc\u00e2mbios de pessoal entre as duas partes, a fim de continuar a impulsionar sua parceria estrat\u00e9gica abrangente, acrescentou.<\/p>\n\n\n\n<p>Borrell descreveu o desenvolvimento da China como admir\u00e1vel e alinhado com a l\u00f3gica da hist\u00f3ria, afirmando que as rela\u00e7\u00f5es UE-China desfrutaram um desenvolvimento s\u00f3lido, e que a coopera\u00e7\u00e3o pode e deve ser refor\u00e7ada apesar da concorr\u00eancia.<\/p>\n\n\n\n<p>Borrell disse que apoia o desenvolvimento das rela\u00e7\u00f5es UE-China e suas trocas econ\u00f4micas e comerciais normais, defende a gest\u00e3o adequada das diferen\u00e7as entre os dois lados e se op\u00f5e ao &#8220;desacoplamento&#8221; da China.<\/p>\n\n\n\n<p>A UE continuar\u00e1 a aderir \u00e0 pol\u00edtica de Uma S\u00f3 China e est\u00e1 disposta a refor\u00e7ar a coordena\u00e7\u00e3o com a China em assuntos multilaterais para enfrentar conjuntamente as altera\u00e7\u00f5es clim\u00e1ticas e outros desafios globais, acrescentou.<\/p>\n\n\n\n<p>Os dois lados tamb\u00e9m trocaram opini\u00f5es sobre a crise na Ucr\u00e2nia e o conflito em Gaza.&nbsp;<\/p>\n","protected":false},"excerpt":{"rendered":"<p>Munique, Alemanha &#8211; A China est\u00e1 pronta para trabalhar com a Uni\u00e3o Europeia (UE) para promover um mundo multipolar equitativo e ordenado, para que cada pa\u00eds tenha seu pr\u00f3prio lugar no sistema multipolar global, disse o ministro das Rela\u00e7\u00f5es Exteriores&#8230;<\/p>\n","protected":false},"author":3,"featured_media":18214,"comment_status":"open","ping_status":"open","sticky":false,"template":"","format":"standard","meta":{"footnotes":""},"categories":[4],"tags":[],"class_list":["post-18213","post","type-post","status-publish","format-standard","has-post-thumbnail","hentry","category-internacional"],"yoast_head":"<!-- This site is optimized with the Yoast SEO plugin v27.4 - https:\/\/yoast.com\/product\/yoast-seo-wordpress\/ -->\n<title>China est\u00e1 pronta para promover mundo multipolar equitativo e ordenado com UE, diz chanceler - Xinhua - Diario de Pernambuco<\/title>\n<meta name=\"robots\" content=\"index, follow, max-snippet:-1, max-image-preview:large, max-video-preview:-1\" \/>\n<link rel=\"canonical\" href=\"https:\/\/diariodepe.com.br\/xinhua\/2024\/02\/19\/china-esta-pronta-para-promover-mundo-multipolar-equitativo-e-ordenado-com-ue-diz-chanceler\/\" \/>\n<meta property=\"og:locale\" content=\"pt_BR\" \/>\n<meta property=\"og:type\" content=\"article\" \/>\n<meta property=\"og:title\" content=\"China est\u00e1 pronta para promover mundo multipolar equitativo e ordenado com UE, diz chanceler - Xinhua - Diario de Pernambuco\" \/>\n<meta property=\"og:description\" content=\"Munique, Alemanha &#8211; A China est\u00e1 pronta para trabalhar com a Uni\u00e3o Europeia (UE) para promover um mundo multipolar equitativo e ordenado, para que cada pa\u00eds tenha seu pr\u00f3prio lugar no sistema multipolar global, disse o ministro das Rela\u00e7\u00f5es Exteriores...\" \/>\n<meta property=\"og:url\" content=\"https:\/\/diariodepe.com.br\/xinhua\/2024\/02\/19\/china-esta-pronta-para-promover-mundo-multipolar-equitativo-e-ordenado-com-ue-diz-chanceler\/\" \/>\n<meta property=\"og:site_name\" content=\"Xinhua - Diario de Pernambuco\" \/>\n<meta property=\"article:published_time\" content=\"2024-02-19T16:49:00+00:00\" \/>\n<meta property=\"og:image\" content=\"https:\/\/diariodepe.com.br\/xinhua\/wp-content\/uploads\/sites\/3\/2024\/02\/A291j7ppa24w124E.jpeg\" \/>\n\t<meta property=\"og:image:width\" content=\"832\" \/>\n\t<meta property=\"og:image:height\" content=\"1024\" \/>\n\t<meta property=\"og:image:type\" content=\"image\/jpeg\" \/>\n<meta name=\"author\" content=\"Marcelo Oliveira de A. Maranhao\" \/>\n<meta name=\"twitter:card\" content=\"summary_large_image\" \/>\n<meta name=\"twitter:label1\" content=\"Escrito por\" \/>\n\t<meta name=\"twitter:data1\" content=\"Marcelo Oliveira de A. Maranhao\" \/>\n\t<meta name=\"twitter:label2\" content=\"Est. tempo de leitura\" \/>\n\t<meta name=\"twitter:data2\" content=\"3 minutos\" \/>\n<script type=\"application\/ld+json\" class=\"yoast-schema-graph\">{\"@context\":\"https:\\\/\\\/schema.org\",\"@graph\":[{\"@type\":\"Article\",\"@id\":\"https:\\\/\\\/diariodepe.com.br\\\/xinhua\\\/2024\\\/02\\\/19\\\/china-esta-pronta-para-promover-mundo-multipolar-equitativo-e-ordenado-com-ue-diz-chanceler\\\/#article\",\"isPartOf\":{\"@id\":\"https:\\\/\\\/diariodepe.com.br\\\/xinhua\\\/2024\\\/02\\\/19\\\/china-esta-pronta-para-promover-mundo-multipolar-equitativo-e-ordenado-com-ue-diz-chanceler\\\/\"},\"author\":{\"name\":\"Marcelo Oliveira de A. Maranhao\",\"@id\":\"https:\\\/\\\/diariodepe.com.br\\\/xinhua\\\/#\\\/schema\\\/person\\\/0943d6fd02bdc7b49c8f495e8787a2cb\"},\"headline\":\"China est\u00e1 pronta para promover mundo multipolar equitativo e ordenado com UE, diz chanceler\",\"datePublished\":\"2024-02-19T16:49:00+00:00\",\"mainEntityOfPage\":{\"@id\":\"https:\\\/\\\/diariodepe.com.br\\\/xinhua\\\/2024\\\/02\\\/19\\\/china-esta-pronta-para-promover-mundo-multipolar-equitativo-e-ordenado-com-ue-diz-chanceler\\\/\"},\"wordCount\":493,\"commentCount\":0,\"publisher\":{\"@id\":\"https:\\\/\\\/diariodepe.com.br\\\/xinhua\\\/#organization\"},\"image\":{\"@id\":\"https:\\\/\\\/diariodepe.com.br\\\/xinhua\\\/2024\\\/02\\\/19\\\/china-esta-pronta-para-promover-mundo-multipolar-equitativo-e-ordenado-com-ue-diz-chanceler\\\/#primaryimage\"},\"thumbnailUrl\":\"https:\\\/\\\/diariodepe.com.br\\\/xinhua\\\/wp-content\\\/uploads\\\/sites\\\/3\\\/2024\\\/02\\\/A291j7ppa24w124E.jpeg\",\"articleSection\":[\"Internacional\"],\"inLanguage\":\"pt-BR\",\"potentialAction\":[{\"@type\":\"CommentAction\",\"name\":\"Comment\",\"target\":[\"https:\\\/\\\/diariodepe.com.br\\\/xinhua\\\/2024\\\/02\\\/19\\\/china-esta-pronta-para-promover-mundo-multipolar-equitativo-e-ordenado-com-ue-diz-chanceler\\\/#respond\"]}]},{\"@type\":\"WebPage\",\"@id\":\"https:\\\/\\\/diariodepe.com.br\\\/xinhua\\\/2024\\\/02\\\/19\\\/china-esta-pronta-para-promover-mundo-multipolar-equitativo-e-ordenado-com-ue-diz-chanceler\\\/\",\"url\":\"https:\\\/\\\/diariodepe.com.br\\\/xinhua\\\/2024\\\/02\\\/19\\\/china-esta-pronta-para-promover-mundo-multipolar-equitativo-e-ordenado-com-ue-diz-chanceler\\\/\",\"name\":\"China est\u00e1 pronta para promover mundo multipolar equitativo e ordenado com UE, diz chanceler - Xinhua - Diario de Pernambuco\",\"isPartOf\":{\"@id\":\"https:\\\/\\\/diariodepe.com.br\\\/xinhua\\\/#website\"},\"primaryImageOfPage\":{\"@id\":\"https:\\\/\\\/diariodepe.com.br\\\/xinhua\\\/2024\\\/02\\\/19\\\/china-esta-pronta-para-promover-mundo-multipolar-equitativo-e-ordenado-com-ue-diz-chanceler\\\/#primaryimage\"},\"image\":{\"@id\":\"https:\\\/\\\/diariodepe.com.br\\\/xinhua\\\/2024\\\/02\\\/19\\\/china-esta-pronta-para-promover-mundo-multipolar-equitativo-e-ordenado-com-ue-diz-chanceler\\\/#primaryimage\"},\"thumbnailUrl\":\"https:\\\/\\\/diariodepe.com.br\\\/xinhua\\\/wp-content\\\/uploads\\\/sites\\\/3\\\/2024\\\/02\\\/A291j7ppa24w124E.jpeg\",\"datePublished\":\"2024-02-19T16:49:00+00:00\",\"breadcrumb\":{\"@id\":\"https:\\\/\\\/diariodepe.com.br\\\/xinhua\\\/2024\\\/02\\\/19\\\/china-esta-pronta-para-promover-mundo-multipolar-equitativo-e-ordenado-com-ue-diz-chanceler\\\/#breadcrumb\"},\"inLanguage\":\"pt-BR\",\"potentialAction\":[{\"@type\":\"ReadAction\",\"target\":[\"https:\\\/\\\/diariodepe.com.br\\\/xinhua\\\/2024\\\/02\\\/19\\\/china-esta-pronta-para-promover-mundo-multipolar-equitativo-e-ordenado-com-ue-diz-chanceler\\\/\"]}]},{\"@type\":\"ImageObject\",\"inLanguage\":\"pt-BR\",\"@id\":\"https:\\\/\\\/diariodepe.com.br\\\/xinhua\\\/2024\\\/02\\\/19\\\/china-esta-pronta-para-promover-mundo-multipolar-equitativo-e-ordenado-com-ue-diz-chanceler\\\/#primaryimage\",\"url\":\"https:\\\/\\\/diariodepe.com.br\\\/xinhua\\\/wp-content\\\/uploads\\\/sites\\\/3\\\/2024\\\/02\\\/A291j7ppa24w124E.jpeg\",\"contentUrl\":\"https:\\\/\\\/diariodepe.com.br\\\/xinhua\\\/wp-content\\\/uploads\\\/sites\\\/3\\\/2024\\\/02\\\/A291j7ppa24w124E.jpeg\",\"width\":832,\"height\":1024},{\"@type\":\"BreadcrumbList\",\"@id\":\"https:\\\/\\\/diariodepe.com.br\\\/xinhua\\\/2024\\\/02\\\/19\\\/china-esta-pronta-para-promover-mundo-multipolar-equitativo-e-ordenado-com-ue-diz-chanceler\\\/#breadcrumb\",\"itemListElement\":[{\"@type\":\"ListItem\",\"position\":1,\"name\":\"In\u00edcio\",\"item\":\"https:\\\/\\\/diariodepe.com.br\\\/xinhua\\\/\"},{\"@type\":\"ListItem\",\"position\":2,\"name\":\"China est\u00e1 pronta para promover mundo multipolar equitativo e ordenado com UE, diz chanceler\"}]},{\"@type\":\"WebSite\",\"@id\":\"https:\\\/\\\/diariodepe.com.br\\\/xinhua\\\/#website\",\"url\":\"https:\\\/\\\/diariodepe.com.br\\\/xinhua\\\/\",\"name\":\"Xinhua - Diario de Pernambuco\",\"description\":\"A maior ag\u00eancia de not\u00edcias da China e um dos principais canais para conhecer o pa\u00eds\",\"publisher\":{\"@id\":\"https:\\\/\\\/diariodepe.com.br\\\/xinhua\\\/#organization\"},\"potentialAction\":[{\"@type\":\"SearchAction\",\"target\":{\"@type\":\"EntryPoint\",\"urlTemplate\":\"https:\\\/\\\/diariodepe.com.br\\\/xinhua\\\/?s={search_term_string}\"},\"query-input\":{\"@type\":\"PropertyValueSpecification\",\"valueRequired\":true,\"valueName\":\"search_term_string\"}}],\"inLanguage\":\"pt-BR\"},{\"@type\":\"Organization\",\"@id\":\"https:\\\/\\\/diariodepe.com.br\\\/xinhua\\\/#organization\",\"name\":\"Xinhua - Diario de Pernambuco\",\"url\":\"https:\\\/\\\/diariodepe.com.br\\\/xinhua\\\/\",\"logo\":{\"@type\":\"ImageObject\",\"inLanguage\":\"pt-BR\",\"@id\":\"https:\\\/\\\/diariodepe.com.br\\\/xinhua\\\/#\\\/schema\\\/logo\\\/image\\\/\",\"url\":\"https:\\\/\\\/diariodepe.com.br\\\/xinhua\\\/wp-content\\\/uploads\\\/sites\\\/3\\\/2020\\\/10\\\/cropped-logo-transparente-2.png\",\"contentUrl\":\"https:\\\/\\\/diariodepe.com.br\\\/xinhua\\\/wp-content\\\/uploads\\\/sites\\\/3\\\/2020\\\/10\\\/cropped-logo-transparente-2.png\",\"width\":512,\"height\":164,\"caption\":\"Xinhua - Diario de Pernambuco\"},\"image\":{\"@id\":\"https:\\\/\\\/diariodepe.com.br\\\/xinhua\\\/#\\\/schema\\\/logo\\\/image\\\/\"}},{\"@type\":\"Person\",\"@id\":\"https:\\\/\\\/diariodepe.com.br\\\/xinhua\\\/#\\\/schema\\\/person\\\/0943d6fd02bdc7b49c8f495e8787a2cb\",\"name\":\"Marcelo Oliveira de A. Maranhao\",\"image\":{\"@type\":\"ImageObject\",\"inLanguage\":\"pt-BR\",\"@id\":\"https:\\\/\\\/secure.gravatar.com\\\/avatar\\\/f562caee940d39879c20e90eea3e4b21860c7d4c96684c23141c554824f0059c?s=96&d=mm&r=g\",\"url\":\"https:\\\/\\\/secure.gravatar.com\\\/avatar\\\/f562caee940d39879c20e90eea3e4b21860c7d4c96684c23141c554824f0059c?s=96&d=mm&r=g\",\"contentUrl\":\"https:\\\/\\\/secure.gravatar.com\\\/avatar\\\/f562caee940d39879c20e90eea3e4b21860c7d4c96684c23141c554824f0059c?s=96&d=mm&r=g\",\"caption\":\"Marcelo Oliveira de A. Maranhao\"},\"url\":\"https:\\\/\\\/diariodepe.com.br\\\/xinhua\\\/author\\\/marcelo-maranhao\\\/\"}]}<\/script>\n<!-- \/ Yoast SEO plugin. -->","yoast_head_json":{"title":"China est\u00e1 pronta para promover mundo multipolar equitativo e ordenado com UE, diz chanceler - Xinhua - Diario de Pernambuco","robots":{"index":"index","follow":"follow","max-snippet":"max-snippet:-1","max-image-preview":"max-image-preview:large","max-video-preview":"max-video-preview:-1"},"canonical":"https:\/\/diariodepe.com.br\/xinhua\/2024\/02\/19\/china-esta-pronta-para-promover-mundo-multipolar-equitativo-e-ordenado-com-ue-diz-chanceler\/","og_locale":"pt_BR","og_type":"article","og_title":"China est\u00e1 pronta para promover mundo multipolar equitativo e ordenado com UE, diz chanceler - Xinhua - Diario de Pernambuco","og_description":"Munique, Alemanha &#8211; A China est\u00e1 pronta para trabalhar com a Uni\u00e3o Europeia (UE) para promover um mundo multipolar equitativo e ordenado, para que cada pa\u00eds tenha seu pr\u00f3prio lugar no sistema multipolar global, disse o ministro das Rela\u00e7\u00f5es Exteriores...","og_url":"https:\/\/diariodepe.com.br\/xinhua\/2024\/02\/19\/china-esta-pronta-para-promover-mundo-multipolar-equitativo-e-ordenado-com-ue-diz-chanceler\/","og_site_name":"Xinhua - Diario de Pernambuco","article_published_time":"2024-02-19T16:49:00+00:00","og_image":[{"width":832,"height":1024,"url":"https:\/\/diariodepe.com.br\/xinhua\/wp-content\/uploads\/sites\/3\/2024\/02\/A291j7ppa24w124E.jpeg","type":"image\/jpeg"}],"author":"Marcelo Oliveira de A. Maranhao","twitter_card":"summary_large_image","twitter_misc":{"Escrito por":"Marcelo Oliveira de A. Maranhao","Est. tempo de leitura":"3 minutos"},"schema":{"@context":"https:\/\/schema.org","@graph":[{"@type":"Article","@id":"https:\/\/diariodepe.com.br\/xinhua\/2024\/02\/19\/china-esta-pronta-para-promover-mundo-multipolar-equitativo-e-ordenado-com-ue-diz-chanceler\/#article","isPartOf":{"@id":"https:\/\/diariodepe.com.br\/xinhua\/2024\/02\/19\/china-esta-pronta-para-promover-mundo-multipolar-equitativo-e-ordenado-com-ue-diz-chanceler\/"},"author":{"name":"Marcelo Oliveira de A. Maranhao","@id":"https:\/\/diariodepe.com.br\/xinhua\/#\/schema\/person\/0943d6fd02bdc7b49c8f495e8787a2cb"},"headline":"China est\u00e1 pronta para promover mundo multipolar equitativo e ordenado com UE, diz chanceler","datePublished":"2024-02-19T16:49:00+00:00","mainEntityOfPage":{"@id":"https:\/\/diariodepe.com.br\/xinhua\/2024\/02\/19\/china-esta-pronta-para-promover-mundo-multipolar-equitativo-e-ordenado-com-ue-diz-chanceler\/"},"wordCount":493,"commentCount":0,"publisher":{"@id":"https:\/\/diariodepe.com.br\/xinhua\/#organization"},"image":{"@id":"https:\/\/diariodepe.com.br\/xinhua\/2024\/02\/19\/china-esta-pronta-para-promover-mundo-multipolar-equitativo-e-ordenado-com-ue-diz-chanceler\/#primaryimage"},"thumbnailUrl":"https:\/\/diariodepe.com.br\/xinhua\/wp-content\/uploads\/sites\/3\/2024\/02\/A291j7ppa24w124E.jpeg","articleSection":["Internacional"],"inLanguage":"pt-BR","potentialAction":[{"@type":"CommentAction","name":"Comment","target":["https:\/\/diariodepe.com.br\/xinhua\/2024\/02\/19\/china-esta-pronta-para-promover-mundo-multipolar-equitativo-e-ordenado-com-ue-diz-chanceler\/#respond"]}]},{"@type":"WebPage","@id":"https:\/\/diariodepe.com.br\/xinhua\/2024\/02\/19\/china-esta-pronta-para-promover-mundo-multipolar-equitativo-e-ordenado-com-ue-diz-chanceler\/","url":"https:\/\/diariodepe.com.br\/xinhua\/2024\/02\/19\/china-esta-pronta-para-promover-mundo-multipolar-equitativo-e-ordenado-com-ue-diz-chanceler\/","name":"China est\u00e1 pronta para promover mundo multipolar equitativo e ordenado com UE, diz chanceler - Xinhua - Diario de Pernambuco","isPartOf":{"@id":"https:\/\/diariodepe.com.br\/xinhua\/#website"},"primaryImageOfPage":{"@id":"https:\/\/diariodepe.com.br\/xinhua\/2024\/02\/19\/china-esta-pronta-para-promover-mundo-multipolar-equitativo-e-ordenado-com-ue-diz-chanceler\/#primaryimage"},"image":{"@id":"https:\/\/diariodepe.com.br\/xinhua\/2024\/02\/19\/china-esta-pronta-para-promover-mundo-multipolar-equitativo-e-ordenado-com-ue-diz-chanceler\/#primaryimage"},"thumbnailUrl":"https:\/\/diariodepe.com.br\/xinhua\/wp-content\/uploads\/sites\/3\/2024\/02\/A291j7ppa24w124E.jpeg","datePublished":"2024-02-19T16:49:00+00:00","breadcrumb":{"@id":"https:\/\/diariodepe.com.br\/xinhua\/2024\/02\/19\/china-esta-pronta-para-promover-mundo-multipolar-equitativo-e-ordenado-com-ue-diz-chanceler\/#breadcrumb"},"inLanguage":"pt-BR","potentialAction":[{"@type":"ReadAction","target":["https:\/\/diariodepe.com.br\/xinhua\/2024\/02\/19\/china-esta-pronta-para-promover-mundo-multipolar-equitativo-e-ordenado-com-ue-diz-chanceler\/"]}]},{"@type":"ImageObject","inLanguage":"pt-BR","@id":"https:\/\/diariodepe.com.br\/xinhua\/2024\/02\/19\/china-esta-pronta-para-promover-mundo-multipolar-equitativo-e-ordenado-com-ue-diz-chanceler\/#primaryimage","url":"https:\/\/diariodepe.com.br\/xinhua\/wp-content\/uploads\/sites\/3\/2024\/02\/A291j7ppa24w124E.jpeg","contentUrl":"https:\/\/diariodepe.com.br\/xinhua\/wp-content\/uploads\/sites\/3\/2024\/02\/A291j7ppa24w124E.jpeg","width":832,"height":1024},{"@type":"BreadcrumbList","@id":"https:\/\/diariodepe.com.br\/xinhua\/2024\/02\/19\/china-esta-pronta-para-promover-mundo-multipolar-equitativo-e-ordenado-com-ue-diz-chanceler\/#breadcrumb","itemListElement":[{"@type":"ListItem","position":1,"name":"In\u00edcio","item":"https:\/\/diariodepe.com.br\/xinhua\/"},{"@type":"ListItem","position":2,"name":"China est\u00e1 pronta para promover mundo multipolar equitativo e ordenado com UE, diz chanceler"}]},{"@type":"WebSite","@id":"https:\/\/diariodepe.com.br\/xinhua\/#website","url":"https:\/\/diariodepe.com.br\/xinhua\/","name":"Xinhua - Diario de Pernambuco","description":"A maior ag\u00eancia de not\u00edcias da China e um dos principais canais para conhecer o pa\u00eds","publisher":{"@id":"https:\/\/diariodepe.com.br\/xinhua\/#organization"},"potentialAction":[{"@type":"SearchAction","target":{"@type":"EntryPoint","urlTemplate":"https:\/\/diariodepe.com.br\/xinhua\/?s={search_term_string}"},"query-input":{"@type":"PropertyValueSpecification","valueRequired":true,"valueName":"search_term_string"}}],"inLanguage":"pt-BR"},{"@type":"Organization","@id":"https:\/\/diariodepe.com.br\/xinhua\/#organization","name":"Xinhua - Diario de Pernambuco","url":"https:\/\/diariodepe.com.br\/xinhua\/","logo":{"@type":"ImageObject","inLanguage":"pt-BR","@id":"https:\/\/diariodepe.com.br\/xinhua\/#\/schema\/logo\/image\/","url":"https:\/\/diariodepe.com.br\/xinhua\/wp-content\/uploads\/sites\/3\/2020\/10\/cropped-logo-transparente-2.png","contentUrl":"https:\/\/diariodepe.com.br\/xinhua\/wp-content\/uploads\/sites\/3\/2020\/10\/cropped-logo-transparente-2.png","width":512,"height":164,"caption":"Xinhua - Diario de Pernambuco"},"image":{"@id":"https:\/\/diariodepe.com.br\/xinhua\/#\/schema\/logo\/image\/"}},{"@type":"Person","@id":"https:\/\/diariodepe.com.br\/xinhua\/#\/schema\/person\/0943d6fd02bdc7b49c8f495e8787a2cb","name":"Marcelo Oliveira de A. Maranhao","image":{"@type":"ImageObject","inLanguage":"pt-BR","@id":"https:\/\/secure.gravatar.com\/avatar\/f562caee940d39879c20e90eea3e4b21860c7d4c96684c23141c554824f0059c?s=96&d=mm&r=g","url":"https:\/\/secure.gravatar.com\/avatar\/f562caee940d39879c20e90eea3e4b21860c7d4c96684c23141c554824f0059c?s=96&d=mm&r=g","contentUrl":"https:\/\/secure.gravatar.com\/avatar\/f562caee940d39879c20e90eea3e4b21860c7d4c96684c23141c554824f0059c?s=96&d=mm&r=g","caption":"Marcelo Oliveira de A. Maranhao"},"url":"https:\/\/diariodepe.com.br\/xinhua\/author\/marcelo-maranhao\/"}]}},"cc_featured_image_caption":{"caption_text":"","source_text":"","source_url":""},"amp_enabled":true,"_links":{"self":[{"href":"https:\/\/diariodepe.com.br\/xinhua\/wp-json\/wp\/v2\/posts\/18213","targetHints":{"allow":["GET"]}}],"collection":[{"href":"https:\/\/diariodepe.com.br\/xinhua\/wp-json\/wp\/v2\/posts"}],"about":[{"href":"https:\/\/diariodepe.com.br\/xinhua\/wp-json\/wp\/v2\/types\/post"}],"author":[{"embeddable":true,"href":"https:\/\/diariodepe.com.br\/xinhua\/wp-json\/wp\/v2\/users\/3"}],"replies":[{"embeddable":true,"href":"https:\/\/diariodepe.com.br\/xinhua\/wp-json\/wp\/v2\/comments?post=18213"}],"version-history":[{"count":1,"href":"https:\/\/diariodepe.com.br\/xinhua\/wp-json\/wp\/v2\/posts\/18213\/revisions"}],"predecessor-version":[{"id":18215,"href":"https:\/\/diariodepe.com.br\/xinhua\/wp-json\/wp\/v2\/posts\/18213\/revisions\/18215"}],"wp:featuredmedia":[{"embeddable":true,"href":"https:\/\/diariodepe.com.br\/xinhua\/wp-json\/wp\/v2\/media\/18214"}],"wp:attachment":[{"href":"https:\/\/diariodepe.com.br\/xinhua\/wp-json\/wp\/v2\/media?parent=18213"}],"wp:term":[{"taxonomy":"category","embeddable":true,"href":"https:\/\/diariodepe.com.br\/xinhua\/wp-json\/wp\/v2\/categories?post=18213"},{"taxonomy":"post_tag","embeddable":true,"href":"https:\/\/diariodepe.com.br\/xinhua\/wp-json\/wp\/v2\/tags?post=18213"}],"curies":[{"name":"wp","href":"https:\/\/api.w.org\/{rel}","templated":true}]}}