{"id":1813,"date":"2021-05-26T10:59:13","date_gmt":"2021-05-26T13:59:13","guid":{"rendered":"http:\/\/www.diariodepe.com.br\/xinhua\/?p=1813"},"modified":"2021-05-26T10:59:15","modified_gmt":"2021-05-26T13:59:15","slug":"chancelaria-chinesa-participa-da-recepcao-do-dia-da-africa-pedindo-cooperacao-reforcada","status":"publish","type":"post","link":"https:\/\/diariodepe.com.br\/xinhua\/2021\/05\/26\/chancelaria-chinesa-participa-da-recepcao-do-dia-da-africa-pedindo-cooperacao-reforcada\/","title":{"rendered":"Chancelaria chinesa participa da recep\u00e7\u00e3o do Dia da \u00c1frica, pedindo coopera\u00e7\u00e3o refor\u00e7ada"},"content":{"rendered":"\n<p>Beijing, 26 mai (China) &#8212; O conselheiro de Estado chin\u00eas e ministro das Rela\u00e7\u00f5es Exteriores, Wang Yi, participou nesta ter\u00e7a-feira da recep\u00e7\u00e3o do Dia da \u00c1frica em Beijing, dizendo que a China e a \u00c1frica deveriam trabalhar juntas para criar uma nova situa\u00e7\u00e3o na coopera\u00e7\u00e3o bilateral.<\/p>\n\n\n\n<p>Em nome do governo chin\u00eas, Wang Yi deu os parab\u00e9ns aos enviados africanos na China e aos pa\u00edses africanos e seus povos. Wang disse que o Dia da \u00c1frica \u00e9 um dia importante para o povo africano na luta pela independ\u00eancia e intensifica\u00e7\u00e3o da unidade.<\/p>\n\n\n\n<p>Ele salientou que o Dia da \u00c1frica tamb\u00e9m marca um feriado comum para a China e a \u00c1frica. O fortalecimento da unidade e da coopera\u00e7\u00e3o com os pa\u00edses africanos \u00e9 a prioridade constante da diplomacia chinesa. A China e a \u00c1frica lutam lado a lado na grande batalha pela independ\u00eancia nacional e pela prote\u00e7\u00e3o da dignidade nacional, ao mesmo tempo que se apoiam mutuamente em quest\u00f5es que envolvem os interesses centrais e principais preocupa\u00e7\u00f5es de cada uma.<\/p>\n\n\n\n<p>Em meio \u00e0 pandemia de COVID-19, ele disse que China e \u00c1frica se ajudaram mutuamente para superar as dificuldades. A China tem sido o maior parceiro comercial da \u00c1frica pelo 12\u00ba ano consecutivo, disse ele, acrescentando que a coopera\u00e7\u00e3o China-\u00c1frica no \u00e2mbito da Iniciativa do Cintur\u00e3o e Rota continuou se aprofundando e se tornando mais eficaz.<\/p>\n\n\n\n<p>Em rela\u00e7\u00e3o aos assuntos globais, China e \u00c1frica se apoiam mutuamente, disse ele. &#8220;Levantamos bem alto a bandeira do multilateralismo e, em conjunto, emitimos uma voz da justi\u00e7a contra a politiza\u00e7\u00e3o da epidemia, contra a discrimina\u00e7\u00e3o racial e contra a inger\u00eancia estrangeira&#8221;.<\/p>\n\n\n\n<p>Ele apresentou quatro sugest\u00f5es para a cria\u00e7\u00e3o de uma nova situa\u00e7\u00e3o na coopera\u00e7\u00e3o China-\u00c1frica. Ele pediu a ambas as partes que tenham sucesso na pr\u00f3xima reuni\u00e3o do F\u00f3rum de Coopera\u00e7\u00e3o China-\u00c1frica (FOCAC), trabalhem juntos para derrotar rapidamente a epidemia de COVID-19, promovam o desenvolvimento de coopera\u00e7\u00e3o pr\u00e1tica de maneira constante e fortale\u00e7am a coordena\u00e7\u00e3o nos assuntos internacionais.<\/p>\n\n\n\n<p>Martin Mpana, embaixador dos Camar\u00f5es na China e reitor do Corpo Diplom\u00e1tico Africano na China, disse que a \u00c1frica e a China deveriam acolher conjuntamente a reuni\u00e3o do FOCAC e enviar uma forte mensagem \u00e0 comunidade internacional de que a \u00c1frica e a China se unir\u00e3o para promover a equidade, justi\u00e7a e coopera\u00e7\u00e3o pac\u00edfica no mundo.<\/p>\n\n\n\n<p>Em 25 de maio de 1963, a Organiza\u00e7\u00e3o da Unidade Africana &#8211; a antecessora da Uni\u00e3o Africana &#8211; foi estabelecida, e 25 de maio foi designado como Dia da \u00c1frica. O Corpo Diplom\u00e1tico Africano na China realiza uma recep\u00e7\u00e3o comemorativa em Beijing todos os anos. A recep\u00e7\u00e3o deste ano foi coorganizada pela China e pelo Corpo Diplom\u00e1tico Africano na China.<\/p>\n","protected":false},"excerpt":{"rendered":"<p>Beijing, 26 mai (China) &#8212; O conselheiro de Estado chin\u00eas e ministro das Rela\u00e7\u00f5es Exteriores, Wang Yi, participou nesta ter\u00e7a-feira da recep\u00e7\u00e3o do Dia da \u00c1frica em Beijing, dizendo que a China e a \u00c1frica deveriam trabalhar juntas para criar&#8230;<\/p>\n","protected":false},"author":3,"featured_media":1814,"comment_status":"open","ping_status":"open","sticky":false,"template":"","format":"standard","meta":{"footnotes":""},"categories":[3],"tags":[],"class_list":["post-1813","post","type-post","status-publish","format-standard","has-post-thumbnail","hentry","category-china"],"yoast_head":"<!-- This site is optimized with the Yoast SEO plugin v27.4 - https:\/\/yoast.com\/product\/yoast-seo-wordpress\/ -->\n<title>Chancelaria chinesa participa da recep\u00e7\u00e3o do Dia da \u00c1frica, pedindo coopera\u00e7\u00e3o refor\u00e7ada - Xinhua - Diario de Pernambuco<\/title>\n<meta name=\"robots\" content=\"index, follow, max-snippet:-1, max-image-preview:large, max-video-preview:-1\" \/>\n<link rel=\"canonical\" href=\"https:\/\/diariodepe.com.br\/xinhua\/2021\/05\/26\/chancelaria-chinesa-participa-da-recepcao-do-dia-da-africa-pedindo-cooperacao-reforcada\/\" \/>\n<meta property=\"og:locale\" content=\"pt_BR\" \/>\n<meta property=\"og:type\" content=\"article\" \/>\n<meta property=\"og:title\" content=\"Chancelaria chinesa participa da recep\u00e7\u00e3o do Dia da \u00c1frica, pedindo coopera\u00e7\u00e3o refor\u00e7ada - Xinhua - Diario de Pernambuco\" \/>\n<meta property=\"og:description\" content=\"Beijing, 26 mai (China) &#8212; O conselheiro de Estado chin\u00eas e ministro das Rela\u00e7\u00f5es Exteriores, Wang Yi, participou nesta ter\u00e7a-feira da recep\u00e7\u00e3o do Dia da \u00c1frica em Beijing, dizendo que a China e a \u00c1frica deveriam trabalhar juntas para criar...\" \/>\n<meta property=\"og:url\" content=\"https:\/\/diariodepe.com.br\/xinhua\/2021\/05\/26\/chancelaria-chinesa-participa-da-recepcao-do-dia-da-africa-pedindo-cooperacao-reforcada\/\" \/>\n<meta property=\"og:site_name\" content=\"Xinhua - Diario de Pernambuco\" \/>\n<meta property=\"article:published_time\" content=\"2021-05-26T13:59:13+00:00\" \/>\n<meta property=\"article:modified_time\" content=\"2021-05-26T13:59:15+00:00\" \/>\n<meta property=\"og:image\" content=\"https:\/\/diariodepe.com.br\/xinhua\/wp-content\/uploads\/sites\/3\/2021\/05\/139970283_16220057698451n.jpg\" \/>\n\t<meta property=\"og:image:width\" content=\"1024\" \/>\n\t<meta property=\"og:image:height\" content=\"716\" \/>\n\t<meta property=\"og:image:type\" content=\"image\/jpeg\" \/>\n<meta name=\"author\" content=\"Marcelo Oliveira de A. Maranhao\" \/>\n<meta name=\"twitter:card\" content=\"summary_large_image\" \/>\n<meta name=\"twitter:label1\" content=\"Escrito por\" \/>\n\t<meta name=\"twitter:data1\" content=\"Marcelo Oliveira de A. Maranhao\" \/>\n\t<meta name=\"twitter:label2\" content=\"Est. tempo de leitura\" \/>\n\t<meta name=\"twitter:data2\" content=\"2 minutos\" \/>\n<script type=\"application\/ld+json\" class=\"yoast-schema-graph\">{\"@context\":\"https:\\\/\\\/schema.org\",\"@graph\":[{\"@type\":\"Article\",\"@id\":\"https:\\\/\\\/diariodepe.com.br\\\/xinhua\\\/2021\\\/05\\\/26\\\/chancelaria-chinesa-participa-da-recepcao-do-dia-da-africa-pedindo-cooperacao-reforcada\\\/#article\",\"isPartOf\":{\"@id\":\"https:\\\/\\\/diariodepe.com.br\\\/xinhua\\\/2021\\\/05\\\/26\\\/chancelaria-chinesa-participa-da-recepcao-do-dia-da-africa-pedindo-cooperacao-reforcada\\\/\"},\"author\":{\"name\":\"Marcelo Oliveira de A. Maranhao\",\"@id\":\"https:\\\/\\\/diariodepe.com.br\\\/xinhua\\\/#\\\/schema\\\/person\\\/0943d6fd02bdc7b49c8f495e8787a2cb\"},\"headline\":\"Chancelaria chinesa participa da recep\u00e7\u00e3o do Dia da \u00c1frica, pedindo coopera\u00e7\u00e3o refor\u00e7ada\",\"datePublished\":\"2021-05-26T13:59:13+00:00\",\"dateModified\":\"2021-05-26T13:59:15+00:00\",\"mainEntityOfPage\":{\"@id\":\"https:\\\/\\\/diariodepe.com.br\\\/xinhua\\\/2021\\\/05\\\/26\\\/chancelaria-chinesa-participa-da-recepcao-do-dia-da-africa-pedindo-cooperacao-reforcada\\\/\"},\"wordCount\":498,\"commentCount\":0,\"publisher\":{\"@id\":\"https:\\\/\\\/diariodepe.com.br\\\/xinhua\\\/#organization\"},\"image\":{\"@id\":\"https:\\\/\\\/diariodepe.com.br\\\/xinhua\\\/2021\\\/05\\\/26\\\/chancelaria-chinesa-participa-da-recepcao-do-dia-da-africa-pedindo-cooperacao-reforcada\\\/#primaryimage\"},\"thumbnailUrl\":\"https:\\\/\\\/diariodepe.com.br\\\/xinhua\\\/wp-content\\\/uploads\\\/sites\\\/3\\\/2021\\\/05\\\/139970283_16220057698451n.jpg\",\"articleSection\":[\"China\"],\"inLanguage\":\"pt-BR\",\"potentialAction\":[{\"@type\":\"CommentAction\",\"name\":\"Comment\",\"target\":[\"https:\\\/\\\/diariodepe.com.br\\\/xinhua\\\/2021\\\/05\\\/26\\\/chancelaria-chinesa-participa-da-recepcao-do-dia-da-africa-pedindo-cooperacao-reforcada\\\/#respond\"]}]},{\"@type\":\"WebPage\",\"@id\":\"https:\\\/\\\/diariodepe.com.br\\\/xinhua\\\/2021\\\/05\\\/26\\\/chancelaria-chinesa-participa-da-recepcao-do-dia-da-africa-pedindo-cooperacao-reforcada\\\/\",\"url\":\"https:\\\/\\\/diariodepe.com.br\\\/xinhua\\\/2021\\\/05\\\/26\\\/chancelaria-chinesa-participa-da-recepcao-do-dia-da-africa-pedindo-cooperacao-reforcada\\\/\",\"name\":\"Chancelaria chinesa participa da recep\u00e7\u00e3o do Dia da \u00c1frica, pedindo coopera\u00e7\u00e3o refor\u00e7ada - Xinhua - Diario de Pernambuco\",\"isPartOf\":{\"@id\":\"https:\\\/\\\/diariodepe.com.br\\\/xinhua\\\/#website\"},\"primaryImageOfPage\":{\"@id\":\"https:\\\/\\\/diariodepe.com.br\\\/xinhua\\\/2021\\\/05\\\/26\\\/chancelaria-chinesa-participa-da-recepcao-do-dia-da-africa-pedindo-cooperacao-reforcada\\\/#primaryimage\"},\"image\":{\"@id\":\"https:\\\/\\\/diariodepe.com.br\\\/xinhua\\\/2021\\\/05\\\/26\\\/chancelaria-chinesa-participa-da-recepcao-do-dia-da-africa-pedindo-cooperacao-reforcada\\\/#primaryimage\"},\"thumbnailUrl\":\"https:\\\/\\\/diariodepe.com.br\\\/xinhua\\\/wp-content\\\/uploads\\\/sites\\\/3\\\/2021\\\/05\\\/139970283_16220057698451n.jpg\",\"datePublished\":\"2021-05-26T13:59:13+00:00\",\"dateModified\":\"2021-05-26T13:59:15+00:00\",\"breadcrumb\":{\"@id\":\"https:\\\/\\\/diariodepe.com.br\\\/xinhua\\\/2021\\\/05\\\/26\\\/chancelaria-chinesa-participa-da-recepcao-do-dia-da-africa-pedindo-cooperacao-reforcada\\\/#breadcrumb\"},\"inLanguage\":\"pt-BR\",\"potentialAction\":[{\"@type\":\"ReadAction\",\"target\":[\"https:\\\/\\\/diariodepe.com.br\\\/xinhua\\\/2021\\\/05\\\/26\\\/chancelaria-chinesa-participa-da-recepcao-do-dia-da-africa-pedindo-cooperacao-reforcada\\\/\"]}]},{\"@type\":\"ImageObject\",\"inLanguage\":\"pt-BR\",\"@id\":\"https:\\\/\\\/diariodepe.com.br\\\/xinhua\\\/2021\\\/05\\\/26\\\/chancelaria-chinesa-participa-da-recepcao-do-dia-da-africa-pedindo-cooperacao-reforcada\\\/#primaryimage\",\"url\":\"https:\\\/\\\/diariodepe.com.br\\\/xinhua\\\/wp-content\\\/uploads\\\/sites\\\/3\\\/2021\\\/05\\\/139970283_16220057698451n.jpg\",\"contentUrl\":\"https:\\\/\\\/diariodepe.com.br\\\/xinhua\\\/wp-content\\\/uploads\\\/sites\\\/3\\\/2021\\\/05\\\/139970283_16220057698451n.jpg\",\"width\":1024,\"height\":716,\"caption\":\"(Xinhua\\\/Shen Hong)\"},{\"@type\":\"BreadcrumbList\",\"@id\":\"https:\\\/\\\/diariodepe.com.br\\\/xinhua\\\/2021\\\/05\\\/26\\\/chancelaria-chinesa-participa-da-recepcao-do-dia-da-africa-pedindo-cooperacao-reforcada\\\/#breadcrumb\",\"itemListElement\":[{\"@type\":\"ListItem\",\"position\":1,\"name\":\"In\u00edcio\",\"item\":\"https:\\\/\\\/diariodepe.com.br\\\/xinhua\\\/\"},{\"@type\":\"ListItem\",\"position\":2,\"name\":\"Chancelaria chinesa participa da recep\u00e7\u00e3o do Dia da \u00c1frica, pedindo coopera\u00e7\u00e3o refor\u00e7ada\"}]},{\"@type\":\"WebSite\",\"@id\":\"https:\\\/\\\/diariodepe.com.br\\\/xinhua\\\/#website\",\"url\":\"https:\\\/\\\/diariodepe.com.br\\\/xinhua\\\/\",\"name\":\"Xinhua - Diario de Pernambuco\",\"description\":\"A maior ag\u00eancia de not\u00edcias da China e um dos principais canais para conhecer o pa\u00eds\",\"publisher\":{\"@id\":\"https:\\\/\\\/diariodepe.com.br\\\/xinhua\\\/#organization\"},\"potentialAction\":[{\"@type\":\"SearchAction\",\"target\":{\"@type\":\"EntryPoint\",\"urlTemplate\":\"https:\\\/\\\/diariodepe.com.br\\\/xinhua\\\/?s={search_term_string}\"},\"query-input\":{\"@type\":\"PropertyValueSpecification\",\"valueRequired\":true,\"valueName\":\"search_term_string\"}}],\"inLanguage\":\"pt-BR\"},{\"@type\":\"Organization\",\"@id\":\"https:\\\/\\\/diariodepe.com.br\\\/xinhua\\\/#organization\",\"name\":\"Xinhua - Diario de Pernambuco\",\"url\":\"https:\\\/\\\/diariodepe.com.br\\\/xinhua\\\/\",\"logo\":{\"@type\":\"ImageObject\",\"inLanguage\":\"pt-BR\",\"@id\":\"https:\\\/\\\/diariodepe.com.br\\\/xinhua\\\/#\\\/schema\\\/logo\\\/image\\\/\",\"url\":\"https:\\\/\\\/diariodepe.com.br\\\/xinhua\\\/wp-content\\\/uploads\\\/sites\\\/3\\\/2020\\\/10\\\/cropped-logo-transparente-2.png\",\"contentUrl\":\"https:\\\/\\\/diariodepe.com.br\\\/xinhua\\\/wp-content\\\/uploads\\\/sites\\\/3\\\/2020\\\/10\\\/cropped-logo-transparente-2.png\",\"width\":512,\"height\":164,\"caption\":\"Xinhua - Diario de Pernambuco\"},\"image\":{\"@id\":\"https:\\\/\\\/diariodepe.com.br\\\/xinhua\\\/#\\\/schema\\\/logo\\\/image\\\/\"}},{\"@type\":\"Person\",\"@id\":\"https:\\\/\\\/diariodepe.com.br\\\/xinhua\\\/#\\\/schema\\\/person\\\/0943d6fd02bdc7b49c8f495e8787a2cb\",\"name\":\"Marcelo Oliveira de A. Maranhao\",\"image\":{\"@type\":\"ImageObject\",\"inLanguage\":\"pt-BR\",\"@id\":\"https:\\\/\\\/secure.gravatar.com\\\/avatar\\\/f562caee940d39879c20e90eea3e4b21860c7d4c96684c23141c554824f0059c?s=96&d=mm&r=g\",\"url\":\"https:\\\/\\\/secure.gravatar.com\\\/avatar\\\/f562caee940d39879c20e90eea3e4b21860c7d4c96684c23141c554824f0059c?s=96&d=mm&r=g\",\"contentUrl\":\"https:\\\/\\\/secure.gravatar.com\\\/avatar\\\/f562caee940d39879c20e90eea3e4b21860c7d4c96684c23141c554824f0059c?s=96&d=mm&r=g\",\"caption\":\"Marcelo Oliveira de A. Maranhao\"},\"url\":\"https:\\\/\\\/diariodepe.com.br\\\/xinhua\\\/author\\\/marcelo-maranhao\\\/\"}]}<\/script>\n<!-- \/ Yoast SEO plugin. -->","yoast_head_json":{"title":"Chancelaria chinesa participa da recep\u00e7\u00e3o do Dia da \u00c1frica, pedindo coopera\u00e7\u00e3o refor\u00e7ada - Xinhua - Diario de Pernambuco","robots":{"index":"index","follow":"follow","max-snippet":"max-snippet:-1","max-image-preview":"max-image-preview:large","max-video-preview":"max-video-preview:-1"},"canonical":"https:\/\/diariodepe.com.br\/xinhua\/2021\/05\/26\/chancelaria-chinesa-participa-da-recepcao-do-dia-da-africa-pedindo-cooperacao-reforcada\/","og_locale":"pt_BR","og_type":"article","og_title":"Chancelaria chinesa participa da recep\u00e7\u00e3o do Dia da \u00c1frica, pedindo coopera\u00e7\u00e3o refor\u00e7ada - Xinhua - Diario de Pernambuco","og_description":"Beijing, 26 mai (China) &#8212; O conselheiro de Estado chin\u00eas e ministro das Rela\u00e7\u00f5es Exteriores, Wang Yi, participou nesta ter\u00e7a-feira da recep\u00e7\u00e3o do Dia da \u00c1frica em Beijing, dizendo que a China e a \u00c1frica deveriam trabalhar juntas para criar...","og_url":"https:\/\/diariodepe.com.br\/xinhua\/2021\/05\/26\/chancelaria-chinesa-participa-da-recepcao-do-dia-da-africa-pedindo-cooperacao-reforcada\/","og_site_name":"Xinhua - Diario de Pernambuco","article_published_time":"2021-05-26T13:59:13+00:00","article_modified_time":"2021-05-26T13:59:15+00:00","og_image":[{"width":1024,"height":716,"url":"https:\/\/diariodepe.com.br\/xinhua\/wp-content\/uploads\/sites\/3\/2021\/05\/139970283_16220057698451n.jpg","type":"image\/jpeg"}],"author":"Marcelo Oliveira de A. Maranhao","twitter_card":"summary_large_image","twitter_misc":{"Escrito por":"Marcelo Oliveira de A. Maranhao","Est. tempo de leitura":"2 minutos"},"schema":{"@context":"https:\/\/schema.org","@graph":[{"@type":"Article","@id":"https:\/\/diariodepe.com.br\/xinhua\/2021\/05\/26\/chancelaria-chinesa-participa-da-recepcao-do-dia-da-africa-pedindo-cooperacao-reforcada\/#article","isPartOf":{"@id":"https:\/\/diariodepe.com.br\/xinhua\/2021\/05\/26\/chancelaria-chinesa-participa-da-recepcao-do-dia-da-africa-pedindo-cooperacao-reforcada\/"},"author":{"name":"Marcelo Oliveira de A. Maranhao","@id":"https:\/\/diariodepe.com.br\/xinhua\/#\/schema\/person\/0943d6fd02bdc7b49c8f495e8787a2cb"},"headline":"Chancelaria chinesa participa da recep\u00e7\u00e3o do Dia da \u00c1frica, pedindo coopera\u00e7\u00e3o refor\u00e7ada","datePublished":"2021-05-26T13:59:13+00:00","dateModified":"2021-05-26T13:59:15+00:00","mainEntityOfPage":{"@id":"https:\/\/diariodepe.com.br\/xinhua\/2021\/05\/26\/chancelaria-chinesa-participa-da-recepcao-do-dia-da-africa-pedindo-cooperacao-reforcada\/"},"wordCount":498,"commentCount":0,"publisher":{"@id":"https:\/\/diariodepe.com.br\/xinhua\/#organization"},"image":{"@id":"https:\/\/diariodepe.com.br\/xinhua\/2021\/05\/26\/chancelaria-chinesa-participa-da-recepcao-do-dia-da-africa-pedindo-cooperacao-reforcada\/#primaryimage"},"thumbnailUrl":"https:\/\/diariodepe.com.br\/xinhua\/wp-content\/uploads\/sites\/3\/2021\/05\/139970283_16220057698451n.jpg","articleSection":["China"],"inLanguage":"pt-BR","potentialAction":[{"@type":"CommentAction","name":"Comment","target":["https:\/\/diariodepe.com.br\/xinhua\/2021\/05\/26\/chancelaria-chinesa-participa-da-recepcao-do-dia-da-africa-pedindo-cooperacao-reforcada\/#respond"]}]},{"@type":"WebPage","@id":"https:\/\/diariodepe.com.br\/xinhua\/2021\/05\/26\/chancelaria-chinesa-participa-da-recepcao-do-dia-da-africa-pedindo-cooperacao-reforcada\/","url":"https:\/\/diariodepe.com.br\/xinhua\/2021\/05\/26\/chancelaria-chinesa-participa-da-recepcao-do-dia-da-africa-pedindo-cooperacao-reforcada\/","name":"Chancelaria chinesa participa da recep\u00e7\u00e3o do Dia da \u00c1frica, pedindo coopera\u00e7\u00e3o refor\u00e7ada - Xinhua - Diario de Pernambuco","isPartOf":{"@id":"https:\/\/diariodepe.com.br\/xinhua\/#website"},"primaryImageOfPage":{"@id":"https:\/\/diariodepe.com.br\/xinhua\/2021\/05\/26\/chancelaria-chinesa-participa-da-recepcao-do-dia-da-africa-pedindo-cooperacao-reforcada\/#primaryimage"},"image":{"@id":"https:\/\/diariodepe.com.br\/xinhua\/2021\/05\/26\/chancelaria-chinesa-participa-da-recepcao-do-dia-da-africa-pedindo-cooperacao-reforcada\/#primaryimage"},"thumbnailUrl":"https:\/\/diariodepe.com.br\/xinhua\/wp-content\/uploads\/sites\/3\/2021\/05\/139970283_16220057698451n.jpg","datePublished":"2021-05-26T13:59:13+00:00","dateModified":"2021-05-26T13:59:15+00:00","breadcrumb":{"@id":"https:\/\/diariodepe.com.br\/xinhua\/2021\/05\/26\/chancelaria-chinesa-participa-da-recepcao-do-dia-da-africa-pedindo-cooperacao-reforcada\/#breadcrumb"},"inLanguage":"pt-BR","potentialAction":[{"@type":"ReadAction","target":["https:\/\/diariodepe.com.br\/xinhua\/2021\/05\/26\/chancelaria-chinesa-participa-da-recepcao-do-dia-da-africa-pedindo-cooperacao-reforcada\/"]}]},{"@type":"ImageObject","inLanguage":"pt-BR","@id":"https:\/\/diariodepe.com.br\/xinhua\/2021\/05\/26\/chancelaria-chinesa-participa-da-recepcao-do-dia-da-africa-pedindo-cooperacao-reforcada\/#primaryimage","url":"https:\/\/diariodepe.com.br\/xinhua\/wp-content\/uploads\/sites\/3\/2021\/05\/139970283_16220057698451n.jpg","contentUrl":"https:\/\/diariodepe.com.br\/xinhua\/wp-content\/uploads\/sites\/3\/2021\/05\/139970283_16220057698451n.jpg","width":1024,"height":716,"caption":"(Xinhua\/Shen Hong)"},{"@type":"BreadcrumbList","@id":"https:\/\/diariodepe.com.br\/xinhua\/2021\/05\/26\/chancelaria-chinesa-participa-da-recepcao-do-dia-da-africa-pedindo-cooperacao-reforcada\/#breadcrumb","itemListElement":[{"@type":"ListItem","position":1,"name":"In\u00edcio","item":"https:\/\/diariodepe.com.br\/xinhua\/"},{"@type":"ListItem","position":2,"name":"Chancelaria chinesa participa da recep\u00e7\u00e3o do Dia da \u00c1frica, pedindo coopera\u00e7\u00e3o refor\u00e7ada"}]},{"@type":"WebSite","@id":"https:\/\/diariodepe.com.br\/xinhua\/#website","url":"https:\/\/diariodepe.com.br\/xinhua\/","name":"Xinhua - Diario de Pernambuco","description":"A maior ag\u00eancia de not\u00edcias da China e um dos principais canais para conhecer o pa\u00eds","publisher":{"@id":"https:\/\/diariodepe.com.br\/xinhua\/#organization"},"potentialAction":[{"@type":"SearchAction","target":{"@type":"EntryPoint","urlTemplate":"https:\/\/diariodepe.com.br\/xinhua\/?s={search_term_string}"},"query-input":{"@type":"PropertyValueSpecification","valueRequired":true,"valueName":"search_term_string"}}],"inLanguage":"pt-BR"},{"@type":"Organization","@id":"https:\/\/diariodepe.com.br\/xinhua\/#organization","name":"Xinhua - Diario de Pernambuco","url":"https:\/\/diariodepe.com.br\/xinhua\/","logo":{"@type":"ImageObject","inLanguage":"pt-BR","@id":"https:\/\/diariodepe.com.br\/xinhua\/#\/schema\/logo\/image\/","url":"https:\/\/diariodepe.com.br\/xinhua\/wp-content\/uploads\/sites\/3\/2020\/10\/cropped-logo-transparente-2.png","contentUrl":"https:\/\/diariodepe.com.br\/xinhua\/wp-content\/uploads\/sites\/3\/2020\/10\/cropped-logo-transparente-2.png","width":512,"height":164,"caption":"Xinhua - Diario de Pernambuco"},"image":{"@id":"https:\/\/diariodepe.com.br\/xinhua\/#\/schema\/logo\/image\/"}},{"@type":"Person","@id":"https:\/\/diariodepe.com.br\/xinhua\/#\/schema\/person\/0943d6fd02bdc7b49c8f495e8787a2cb","name":"Marcelo Oliveira de A. Maranhao","image":{"@type":"ImageObject","inLanguage":"pt-BR","@id":"https:\/\/secure.gravatar.com\/avatar\/f562caee940d39879c20e90eea3e4b21860c7d4c96684c23141c554824f0059c?s=96&d=mm&r=g","url":"https:\/\/secure.gravatar.com\/avatar\/f562caee940d39879c20e90eea3e4b21860c7d4c96684c23141c554824f0059c?s=96&d=mm&r=g","contentUrl":"https:\/\/secure.gravatar.com\/avatar\/f562caee940d39879c20e90eea3e4b21860c7d4c96684c23141c554824f0059c?s=96&d=mm&r=g","caption":"Marcelo Oliveira de A. Maranhao"},"url":"https:\/\/diariodepe.com.br\/xinhua\/author\/marcelo-maranhao\/"}]}},"cc_featured_image_caption":{"caption_text":"","source_text":"","source_url":""},"amp_enabled":true,"_links":{"self":[{"href":"https:\/\/diariodepe.com.br\/xinhua\/wp-json\/wp\/v2\/posts\/1813","targetHints":{"allow":["GET"]}}],"collection":[{"href":"https:\/\/diariodepe.com.br\/xinhua\/wp-json\/wp\/v2\/posts"}],"about":[{"href":"https:\/\/diariodepe.com.br\/xinhua\/wp-json\/wp\/v2\/types\/post"}],"author":[{"embeddable":true,"href":"https:\/\/diariodepe.com.br\/xinhua\/wp-json\/wp\/v2\/users\/3"}],"replies":[{"embeddable":true,"href":"https:\/\/diariodepe.com.br\/xinhua\/wp-json\/wp\/v2\/comments?post=1813"}],"version-history":[{"count":1,"href":"https:\/\/diariodepe.com.br\/xinhua\/wp-json\/wp\/v2\/posts\/1813\/revisions"}],"predecessor-version":[{"id":1815,"href":"https:\/\/diariodepe.com.br\/xinhua\/wp-json\/wp\/v2\/posts\/1813\/revisions\/1815"}],"wp:featuredmedia":[{"embeddable":true,"href":"https:\/\/diariodepe.com.br\/xinhua\/wp-json\/wp\/v2\/media\/1814"}],"wp:attachment":[{"href":"https:\/\/diariodepe.com.br\/xinhua\/wp-json\/wp\/v2\/media?parent=1813"}],"wp:term":[{"taxonomy":"category","embeddable":true,"href":"https:\/\/diariodepe.com.br\/xinhua\/wp-json\/wp\/v2\/categories?post=1813"},{"taxonomy":"post_tag","embeddable":true,"href":"https:\/\/diariodepe.com.br\/xinhua\/wp-json\/wp\/v2\/tags?post=1813"}],"curies":[{"name":"wp","href":"https:\/\/api.w.org\/{rel}","templated":true}]}}