{"id":1786,"date":"2021-05-24T11:05:42","date_gmt":"2021-05-24T14:05:42","guid":{"rendered":"http:\/\/www.diariodepe.com.br\/xinhua\/?p=1786"},"modified":"2021-05-24T11:05:44","modified_gmt":"2021-05-24T14:05:44","slug":"americanos-negros-pedem-justica-no-aniversario-da-morte-de-george-floyd-diz-midia","status":"publish","type":"post","link":"https:\/\/diariodepe.com.br\/xinhua\/2021\/05\/24\/americanos-negros-pedem-justica-no-aniversario-da-morte-de-george-floyd-diz-midia\/","title":{"rendered":"Americanos negros pedem justi\u00e7a no anivers\u00e1rio da morte de George Floyd, diz m\u00eddia"},"content":{"rendered":"\n<p>Manifestantes re\u00fanem-se na Ponte do Brooklyn em Nova York, Estados Unidos, em 29 de maio de 2020.(Michael Nagle\/Xinhua)<\/p>\n\n\n\n<p>Washington, 23 mai (China) &#8212; As centenas de homens e mulheres negros que perderam suas vidas como resultado de intera\u00e7\u00f5es com a pol\u00edcia nos 12 meses desde a morte de George Floyd demonstram a urg\u00eancia de um movimento de justi\u00e7a social visando a reforma policial e o racismo sist\u00eamico, informou o USA Today neste domingo.<\/p>\n\n\n\n<p>Floyd morreu em 25 de maio de 2020, ap\u00f3s ser sufocado por mais de 9 minutos por Derek Chauvin, um ex-policial branco em Minneapolis, Minnesota, agora um assassino condenado.<\/p>\n\n\n\n<p>Enquanto muitos americanos gritaram o nome de Floyd ap\u00f3s sua morte, poucos sabem os nomes daqueles que morreram desde ent\u00e3o: em 2020, 1.127 pessoas foram mortas pela pol\u00edcia, de acordo com dados coletados pela Mapping Police Violence, uma pesquisa colaborativa que usa uma variedade de bancos de dados estaduais e regionais para determinar o n\u00famero e a natureza da maioria, mas n\u00e3o de todas, as mortes envolvendo a pol\u00edcia.<\/p>\n\n\n\n<p>De acordo com os dados, pouco menos de 50% dos mortos eram brancos, um grupo demogr\u00e1fico que representa 68% dos 330 milh\u00f5es de residentes do pa\u00eds. Em contraste, assim como a COVID-19 matou desproporcionalmente pessoas negras, os negros representaram 27% de todas as mortes policiais no ano passado, embora sejam 13% da popula\u00e7\u00e3o.<\/p>\n\n\n\n<p>Os latinos eram 21% dos mortos e 17% da popula\u00e7\u00e3o. O banco de dados n\u00e3o mostra mortes relacionadas com a pol\u00edcia de asi\u00e1ticos-americanos e nativos americanos.<\/p>\n\n\n\n<p>Os rep\u00f3rteres do USA Today entrevistaram quatro fam\u00edlias americanas, que, ao compartilhar hist\u00f3rias de indigna\u00e7\u00e3o e tristeza, esperavam trazer maior visibilidade aos seus casos e reformar um sistema policial que prejudica desproporcionalmente as pessoas negras.<\/p>\n\n\n\n<p>&#8220;Em alguns casos, os policiais enfrentam acusa\u00e7\u00f5es de assassinato. Em outros, suas a\u00e7\u00f5es foram consideradas dentro da lei. Em todos os casos, os membros da fam\u00edlia dizem que seus entes queridos n\u00e3o mereciam morrer. Eles prometem buscar a responsabiliza\u00e7\u00e3o para que outros possam ser poupados do mesmo destino&#8221;, disse a reportagem.<\/p>\n\n\n\n<p>Os defensores da aplica\u00e7\u00e3o da lei disseram que, embora algumas reformas sejam necess\u00e1rias, os cidad\u00e3os n\u00e3o devem descontar o valor do policiamento de qualidade e a relativa infrequ\u00eancia do uso excessivo da for\u00e7a.<\/p>\n\n\n\n<p>As estat\u00edsticas do Departamento de Justi\u00e7a para 2018 mostram que, de cerca de 61 milh\u00f5es de pessoas com mais de 16 anos que tiveram pelo menos um contato com a pol\u00edcia, 1% tinha uma arma apontada para elas, disse Jim Burch, presidente da National Police Foundation, uma organiza\u00e7\u00e3o sem fins lucrativos focada em melhorar o policiamento.<\/p>\n\n\n\n<p>&#8220;Embora ningu\u00e9m possa negar que a for\u00e7a excessiva \u00e9 um problema, e em 2020 vimos isso em primeira m\u00e3o com o assassinato de George Floyd e a morte de outros, a maioria dos policiais encontra o p\u00fablico todos os dias sem o uso da for\u00e7a e em resposta aos pedidos de ajuda&#8221;, disse Burch.<\/p>\n","protected":false},"excerpt":{"rendered":"<p>Manifestantes re\u00fanem-se na Ponte do Brooklyn em Nova York, Estados Unidos, em 29 de maio de 2020.(Michael Nagle\/Xinhua) Washington, 23 mai (China) &#8212; As centenas de homens e mulheres negros que perderam suas vidas como resultado de intera\u00e7\u00f5es com a&#8230;<\/p>\n","protected":false},"author":3,"featured_media":1787,"comment_status":"open","ping_status":"open","sticky":false,"template":"","format":"standard","meta":{"footnotes":""},"categories":[4],"tags":[],"class_list":["post-1786","post","type-post","status-publish","format-standard","has-post-thumbnail","hentry","category-internacional"],"yoast_head":"<!-- This site is optimized with the Yoast SEO plugin v27.4 - https:\/\/yoast.com\/product\/yoast-seo-wordpress\/ -->\n<title>Americanos negros pedem justi\u00e7a no anivers\u00e1rio da morte de George Floyd, diz m\u00eddia - Xinhua - Diario de Pernambuco<\/title>\n<meta name=\"robots\" content=\"index, follow, max-snippet:-1, max-image-preview:large, max-video-preview:-1\" \/>\n<link rel=\"canonical\" href=\"https:\/\/diariodepe.com.br\/xinhua\/2021\/05\/24\/americanos-negros-pedem-justica-no-aniversario-da-morte-de-george-floyd-diz-midia\/\" \/>\n<meta property=\"og:locale\" content=\"pt_BR\" \/>\n<meta property=\"og:type\" content=\"article\" \/>\n<meta property=\"og:title\" content=\"Americanos negros pedem justi\u00e7a no anivers\u00e1rio da morte de George Floyd, diz m\u00eddia - Xinhua - Diario de Pernambuco\" \/>\n<meta property=\"og:description\" content=\"Manifestantes re\u00fanem-se na Ponte do Brooklyn em Nova York, Estados Unidos, em 29 de maio de 2020.(Michael Nagle\/Xinhua) Washington, 23 mai (China) &#8212; As centenas de homens e mulheres negros que perderam suas vidas como resultado de intera\u00e7\u00f5es com a...\" \/>\n<meta property=\"og:url\" content=\"https:\/\/diariodepe.com.br\/xinhua\/2021\/05\/24\/americanos-negros-pedem-justica-no-aniversario-da-morte-de-george-floyd-diz-midia\/\" \/>\n<meta property=\"og:site_name\" content=\"Xinhua - Diario de Pernambuco\" \/>\n<meta property=\"article:published_time\" content=\"2021-05-24T14:05:42+00:00\" \/>\n<meta property=\"article:modified_time\" content=\"2021-05-24T14:05:44+00:00\" \/>\n<meta property=\"og:image\" content=\"https:\/\/diariodepe.com.br\/xinhua\/wp-content\/uploads\/sites\/3\/2021\/05\/139966413_16218333152351n.jpg\" \/>\n\t<meta property=\"og:image:width\" content=\"900\" \/>\n\t<meta property=\"og:image:height\" content=\"600\" \/>\n\t<meta property=\"og:image:type\" content=\"image\/jpeg\" \/>\n<meta name=\"author\" content=\"Marcelo Oliveira de A. Maranhao\" \/>\n<meta name=\"twitter:card\" content=\"summary_large_image\" \/>\n<meta name=\"twitter:label1\" content=\"Escrito por\" \/>\n\t<meta name=\"twitter:data1\" content=\"Marcelo Oliveira de A. Maranhao\" \/>\n\t<meta name=\"twitter:label2\" content=\"Est. tempo de leitura\" \/>\n\t<meta name=\"twitter:data2\" content=\"3 minutos\" \/>\n<script type=\"application\/ld+json\" class=\"yoast-schema-graph\">{\"@context\":\"https:\\\/\\\/schema.org\",\"@graph\":[{\"@type\":\"Article\",\"@id\":\"https:\\\/\\\/diariodepe.com.br\\\/xinhua\\\/2021\\\/05\\\/24\\\/americanos-negros-pedem-justica-no-aniversario-da-morte-de-george-floyd-diz-midia\\\/#article\",\"isPartOf\":{\"@id\":\"https:\\\/\\\/diariodepe.com.br\\\/xinhua\\\/2021\\\/05\\\/24\\\/americanos-negros-pedem-justica-no-aniversario-da-morte-de-george-floyd-diz-midia\\\/\"},\"author\":{\"name\":\"Marcelo Oliveira de A. Maranhao\",\"@id\":\"https:\\\/\\\/diariodepe.com.br\\\/xinhua\\\/#\\\/schema\\\/person\\\/0943d6fd02bdc7b49c8f495e8787a2cb\"},\"headline\":\"Americanos negros pedem justi\u00e7a no anivers\u00e1rio da morte de George Floyd, diz m\u00eddia\",\"datePublished\":\"2021-05-24T14:05:42+00:00\",\"dateModified\":\"2021-05-24T14:05:44+00:00\",\"mainEntityOfPage\":{\"@id\":\"https:\\\/\\\/diariodepe.com.br\\\/xinhua\\\/2021\\\/05\\\/24\\\/americanos-negros-pedem-justica-no-aniversario-da-morte-de-george-floyd-diz-midia\\\/\"},\"wordCount\":521,\"commentCount\":0,\"publisher\":{\"@id\":\"https:\\\/\\\/diariodepe.com.br\\\/xinhua\\\/#organization\"},\"image\":{\"@id\":\"https:\\\/\\\/diariodepe.com.br\\\/xinhua\\\/2021\\\/05\\\/24\\\/americanos-negros-pedem-justica-no-aniversario-da-morte-de-george-floyd-diz-midia\\\/#primaryimage\"},\"thumbnailUrl\":\"https:\\\/\\\/diariodepe.com.br\\\/xinhua\\\/wp-content\\\/uploads\\\/sites\\\/3\\\/2021\\\/05\\\/139966413_16218333152351n.jpg\",\"articleSection\":[\"Internacional\"],\"inLanguage\":\"pt-BR\",\"potentialAction\":[{\"@type\":\"CommentAction\",\"name\":\"Comment\",\"target\":[\"https:\\\/\\\/diariodepe.com.br\\\/xinhua\\\/2021\\\/05\\\/24\\\/americanos-negros-pedem-justica-no-aniversario-da-morte-de-george-floyd-diz-midia\\\/#respond\"]}]},{\"@type\":\"WebPage\",\"@id\":\"https:\\\/\\\/diariodepe.com.br\\\/xinhua\\\/2021\\\/05\\\/24\\\/americanos-negros-pedem-justica-no-aniversario-da-morte-de-george-floyd-diz-midia\\\/\",\"url\":\"https:\\\/\\\/diariodepe.com.br\\\/xinhua\\\/2021\\\/05\\\/24\\\/americanos-negros-pedem-justica-no-aniversario-da-morte-de-george-floyd-diz-midia\\\/\",\"name\":\"Americanos negros pedem justi\u00e7a no anivers\u00e1rio da morte de George Floyd, diz m\u00eddia - Xinhua - Diario de Pernambuco\",\"isPartOf\":{\"@id\":\"https:\\\/\\\/diariodepe.com.br\\\/xinhua\\\/#website\"},\"primaryImageOfPage\":{\"@id\":\"https:\\\/\\\/diariodepe.com.br\\\/xinhua\\\/2021\\\/05\\\/24\\\/americanos-negros-pedem-justica-no-aniversario-da-morte-de-george-floyd-diz-midia\\\/#primaryimage\"},\"image\":{\"@id\":\"https:\\\/\\\/diariodepe.com.br\\\/xinhua\\\/2021\\\/05\\\/24\\\/americanos-negros-pedem-justica-no-aniversario-da-morte-de-george-floyd-diz-midia\\\/#primaryimage\"},\"thumbnailUrl\":\"https:\\\/\\\/diariodepe.com.br\\\/xinhua\\\/wp-content\\\/uploads\\\/sites\\\/3\\\/2021\\\/05\\\/139966413_16218333152351n.jpg\",\"datePublished\":\"2021-05-24T14:05:42+00:00\",\"dateModified\":\"2021-05-24T14:05:44+00:00\",\"breadcrumb\":{\"@id\":\"https:\\\/\\\/diariodepe.com.br\\\/xinhua\\\/2021\\\/05\\\/24\\\/americanos-negros-pedem-justica-no-aniversario-da-morte-de-george-floyd-diz-midia\\\/#breadcrumb\"},\"inLanguage\":\"pt-BR\",\"potentialAction\":[{\"@type\":\"ReadAction\",\"target\":[\"https:\\\/\\\/diariodepe.com.br\\\/xinhua\\\/2021\\\/05\\\/24\\\/americanos-negros-pedem-justica-no-aniversario-da-morte-de-george-floyd-diz-midia\\\/\"]}]},{\"@type\":\"ImageObject\",\"inLanguage\":\"pt-BR\",\"@id\":\"https:\\\/\\\/diariodepe.com.br\\\/xinhua\\\/2021\\\/05\\\/24\\\/americanos-negros-pedem-justica-no-aniversario-da-morte-de-george-floyd-diz-midia\\\/#primaryimage\",\"url\":\"https:\\\/\\\/diariodepe.com.br\\\/xinhua\\\/wp-content\\\/uploads\\\/sites\\\/3\\\/2021\\\/05\\\/139966413_16218333152351n.jpg\",\"contentUrl\":\"https:\\\/\\\/diariodepe.com.br\\\/xinhua\\\/wp-content\\\/uploads\\\/sites\\\/3\\\/2021\\\/05\\\/139966413_16218333152351n.jpg\",\"width\":900,\"height\":600},{\"@type\":\"BreadcrumbList\",\"@id\":\"https:\\\/\\\/diariodepe.com.br\\\/xinhua\\\/2021\\\/05\\\/24\\\/americanos-negros-pedem-justica-no-aniversario-da-morte-de-george-floyd-diz-midia\\\/#breadcrumb\",\"itemListElement\":[{\"@type\":\"ListItem\",\"position\":1,\"name\":\"In\u00edcio\",\"item\":\"https:\\\/\\\/diariodepe.com.br\\\/xinhua\\\/\"},{\"@type\":\"ListItem\",\"position\":2,\"name\":\"Americanos negros pedem justi\u00e7a no anivers\u00e1rio da morte de George Floyd, diz m\u00eddia\"}]},{\"@type\":\"WebSite\",\"@id\":\"https:\\\/\\\/diariodepe.com.br\\\/xinhua\\\/#website\",\"url\":\"https:\\\/\\\/diariodepe.com.br\\\/xinhua\\\/\",\"name\":\"Xinhua - Diario de Pernambuco\",\"description\":\"A maior ag\u00eancia de not\u00edcias da China e um dos principais canais para conhecer o pa\u00eds\",\"publisher\":{\"@id\":\"https:\\\/\\\/diariodepe.com.br\\\/xinhua\\\/#organization\"},\"potentialAction\":[{\"@type\":\"SearchAction\",\"target\":{\"@type\":\"EntryPoint\",\"urlTemplate\":\"https:\\\/\\\/diariodepe.com.br\\\/xinhua\\\/?s={search_term_string}\"},\"query-input\":{\"@type\":\"PropertyValueSpecification\",\"valueRequired\":true,\"valueName\":\"search_term_string\"}}],\"inLanguage\":\"pt-BR\"},{\"@type\":\"Organization\",\"@id\":\"https:\\\/\\\/diariodepe.com.br\\\/xinhua\\\/#organization\",\"name\":\"Xinhua - Diario de Pernambuco\",\"url\":\"https:\\\/\\\/diariodepe.com.br\\\/xinhua\\\/\",\"logo\":{\"@type\":\"ImageObject\",\"inLanguage\":\"pt-BR\",\"@id\":\"https:\\\/\\\/diariodepe.com.br\\\/xinhua\\\/#\\\/schema\\\/logo\\\/image\\\/\",\"url\":\"https:\\\/\\\/diariodepe.com.br\\\/xinhua\\\/wp-content\\\/uploads\\\/sites\\\/3\\\/2020\\\/10\\\/cropped-logo-transparente-2.png\",\"contentUrl\":\"https:\\\/\\\/diariodepe.com.br\\\/xinhua\\\/wp-content\\\/uploads\\\/sites\\\/3\\\/2020\\\/10\\\/cropped-logo-transparente-2.png\",\"width\":512,\"height\":164,\"caption\":\"Xinhua - Diario de Pernambuco\"},\"image\":{\"@id\":\"https:\\\/\\\/diariodepe.com.br\\\/xinhua\\\/#\\\/schema\\\/logo\\\/image\\\/\"}},{\"@type\":\"Person\",\"@id\":\"https:\\\/\\\/diariodepe.com.br\\\/xinhua\\\/#\\\/schema\\\/person\\\/0943d6fd02bdc7b49c8f495e8787a2cb\",\"name\":\"Marcelo Oliveira de A. Maranhao\",\"image\":{\"@type\":\"ImageObject\",\"inLanguage\":\"pt-BR\",\"@id\":\"https:\\\/\\\/secure.gravatar.com\\\/avatar\\\/f562caee940d39879c20e90eea3e4b21860c7d4c96684c23141c554824f0059c?s=96&d=mm&r=g\",\"url\":\"https:\\\/\\\/secure.gravatar.com\\\/avatar\\\/f562caee940d39879c20e90eea3e4b21860c7d4c96684c23141c554824f0059c?s=96&d=mm&r=g\",\"contentUrl\":\"https:\\\/\\\/secure.gravatar.com\\\/avatar\\\/f562caee940d39879c20e90eea3e4b21860c7d4c96684c23141c554824f0059c?s=96&d=mm&r=g\",\"caption\":\"Marcelo Oliveira de A. Maranhao\"},\"url\":\"https:\\\/\\\/diariodepe.com.br\\\/xinhua\\\/author\\\/marcelo-maranhao\\\/\"}]}<\/script>\n<!-- \/ Yoast SEO plugin. -->","yoast_head_json":{"title":"Americanos negros pedem justi\u00e7a no anivers\u00e1rio da morte de George Floyd, diz m\u00eddia - Xinhua - Diario de Pernambuco","robots":{"index":"index","follow":"follow","max-snippet":"max-snippet:-1","max-image-preview":"max-image-preview:large","max-video-preview":"max-video-preview:-1"},"canonical":"https:\/\/diariodepe.com.br\/xinhua\/2021\/05\/24\/americanos-negros-pedem-justica-no-aniversario-da-morte-de-george-floyd-diz-midia\/","og_locale":"pt_BR","og_type":"article","og_title":"Americanos negros pedem justi\u00e7a no anivers\u00e1rio da morte de George Floyd, diz m\u00eddia - Xinhua - Diario de Pernambuco","og_description":"Manifestantes re\u00fanem-se na Ponte do Brooklyn em Nova York, Estados Unidos, em 29 de maio de 2020.(Michael Nagle\/Xinhua) Washington, 23 mai (China) &#8212; As centenas de homens e mulheres negros que perderam suas vidas como resultado de intera\u00e7\u00f5es com a...","og_url":"https:\/\/diariodepe.com.br\/xinhua\/2021\/05\/24\/americanos-negros-pedem-justica-no-aniversario-da-morte-de-george-floyd-diz-midia\/","og_site_name":"Xinhua - Diario de Pernambuco","article_published_time":"2021-05-24T14:05:42+00:00","article_modified_time":"2021-05-24T14:05:44+00:00","og_image":[{"width":900,"height":600,"url":"https:\/\/diariodepe.com.br\/xinhua\/wp-content\/uploads\/sites\/3\/2021\/05\/139966413_16218333152351n.jpg","type":"image\/jpeg"}],"author":"Marcelo Oliveira de A. Maranhao","twitter_card":"summary_large_image","twitter_misc":{"Escrito por":"Marcelo Oliveira de A. Maranhao","Est. tempo de leitura":"3 minutos"},"schema":{"@context":"https:\/\/schema.org","@graph":[{"@type":"Article","@id":"https:\/\/diariodepe.com.br\/xinhua\/2021\/05\/24\/americanos-negros-pedem-justica-no-aniversario-da-morte-de-george-floyd-diz-midia\/#article","isPartOf":{"@id":"https:\/\/diariodepe.com.br\/xinhua\/2021\/05\/24\/americanos-negros-pedem-justica-no-aniversario-da-morte-de-george-floyd-diz-midia\/"},"author":{"name":"Marcelo Oliveira de A. Maranhao","@id":"https:\/\/diariodepe.com.br\/xinhua\/#\/schema\/person\/0943d6fd02bdc7b49c8f495e8787a2cb"},"headline":"Americanos negros pedem justi\u00e7a no anivers\u00e1rio da morte de George Floyd, diz m\u00eddia","datePublished":"2021-05-24T14:05:42+00:00","dateModified":"2021-05-24T14:05:44+00:00","mainEntityOfPage":{"@id":"https:\/\/diariodepe.com.br\/xinhua\/2021\/05\/24\/americanos-negros-pedem-justica-no-aniversario-da-morte-de-george-floyd-diz-midia\/"},"wordCount":521,"commentCount":0,"publisher":{"@id":"https:\/\/diariodepe.com.br\/xinhua\/#organization"},"image":{"@id":"https:\/\/diariodepe.com.br\/xinhua\/2021\/05\/24\/americanos-negros-pedem-justica-no-aniversario-da-morte-de-george-floyd-diz-midia\/#primaryimage"},"thumbnailUrl":"https:\/\/diariodepe.com.br\/xinhua\/wp-content\/uploads\/sites\/3\/2021\/05\/139966413_16218333152351n.jpg","articleSection":["Internacional"],"inLanguage":"pt-BR","potentialAction":[{"@type":"CommentAction","name":"Comment","target":["https:\/\/diariodepe.com.br\/xinhua\/2021\/05\/24\/americanos-negros-pedem-justica-no-aniversario-da-morte-de-george-floyd-diz-midia\/#respond"]}]},{"@type":"WebPage","@id":"https:\/\/diariodepe.com.br\/xinhua\/2021\/05\/24\/americanos-negros-pedem-justica-no-aniversario-da-morte-de-george-floyd-diz-midia\/","url":"https:\/\/diariodepe.com.br\/xinhua\/2021\/05\/24\/americanos-negros-pedem-justica-no-aniversario-da-morte-de-george-floyd-diz-midia\/","name":"Americanos negros pedem justi\u00e7a no anivers\u00e1rio da morte de George Floyd, diz m\u00eddia - Xinhua - Diario de Pernambuco","isPartOf":{"@id":"https:\/\/diariodepe.com.br\/xinhua\/#website"},"primaryImageOfPage":{"@id":"https:\/\/diariodepe.com.br\/xinhua\/2021\/05\/24\/americanos-negros-pedem-justica-no-aniversario-da-morte-de-george-floyd-diz-midia\/#primaryimage"},"image":{"@id":"https:\/\/diariodepe.com.br\/xinhua\/2021\/05\/24\/americanos-negros-pedem-justica-no-aniversario-da-morte-de-george-floyd-diz-midia\/#primaryimage"},"thumbnailUrl":"https:\/\/diariodepe.com.br\/xinhua\/wp-content\/uploads\/sites\/3\/2021\/05\/139966413_16218333152351n.jpg","datePublished":"2021-05-24T14:05:42+00:00","dateModified":"2021-05-24T14:05:44+00:00","breadcrumb":{"@id":"https:\/\/diariodepe.com.br\/xinhua\/2021\/05\/24\/americanos-negros-pedem-justica-no-aniversario-da-morte-de-george-floyd-diz-midia\/#breadcrumb"},"inLanguage":"pt-BR","potentialAction":[{"@type":"ReadAction","target":["https:\/\/diariodepe.com.br\/xinhua\/2021\/05\/24\/americanos-negros-pedem-justica-no-aniversario-da-morte-de-george-floyd-diz-midia\/"]}]},{"@type":"ImageObject","inLanguage":"pt-BR","@id":"https:\/\/diariodepe.com.br\/xinhua\/2021\/05\/24\/americanos-negros-pedem-justica-no-aniversario-da-morte-de-george-floyd-diz-midia\/#primaryimage","url":"https:\/\/diariodepe.com.br\/xinhua\/wp-content\/uploads\/sites\/3\/2021\/05\/139966413_16218333152351n.jpg","contentUrl":"https:\/\/diariodepe.com.br\/xinhua\/wp-content\/uploads\/sites\/3\/2021\/05\/139966413_16218333152351n.jpg","width":900,"height":600},{"@type":"BreadcrumbList","@id":"https:\/\/diariodepe.com.br\/xinhua\/2021\/05\/24\/americanos-negros-pedem-justica-no-aniversario-da-morte-de-george-floyd-diz-midia\/#breadcrumb","itemListElement":[{"@type":"ListItem","position":1,"name":"In\u00edcio","item":"https:\/\/diariodepe.com.br\/xinhua\/"},{"@type":"ListItem","position":2,"name":"Americanos negros pedem justi\u00e7a no anivers\u00e1rio da morte de George Floyd, diz m\u00eddia"}]},{"@type":"WebSite","@id":"https:\/\/diariodepe.com.br\/xinhua\/#website","url":"https:\/\/diariodepe.com.br\/xinhua\/","name":"Xinhua - Diario de Pernambuco","description":"A maior ag\u00eancia de not\u00edcias da China e um dos principais canais para conhecer o pa\u00eds","publisher":{"@id":"https:\/\/diariodepe.com.br\/xinhua\/#organization"},"potentialAction":[{"@type":"SearchAction","target":{"@type":"EntryPoint","urlTemplate":"https:\/\/diariodepe.com.br\/xinhua\/?s={search_term_string}"},"query-input":{"@type":"PropertyValueSpecification","valueRequired":true,"valueName":"search_term_string"}}],"inLanguage":"pt-BR"},{"@type":"Organization","@id":"https:\/\/diariodepe.com.br\/xinhua\/#organization","name":"Xinhua - Diario de Pernambuco","url":"https:\/\/diariodepe.com.br\/xinhua\/","logo":{"@type":"ImageObject","inLanguage":"pt-BR","@id":"https:\/\/diariodepe.com.br\/xinhua\/#\/schema\/logo\/image\/","url":"https:\/\/diariodepe.com.br\/xinhua\/wp-content\/uploads\/sites\/3\/2020\/10\/cropped-logo-transparente-2.png","contentUrl":"https:\/\/diariodepe.com.br\/xinhua\/wp-content\/uploads\/sites\/3\/2020\/10\/cropped-logo-transparente-2.png","width":512,"height":164,"caption":"Xinhua - Diario de Pernambuco"},"image":{"@id":"https:\/\/diariodepe.com.br\/xinhua\/#\/schema\/logo\/image\/"}},{"@type":"Person","@id":"https:\/\/diariodepe.com.br\/xinhua\/#\/schema\/person\/0943d6fd02bdc7b49c8f495e8787a2cb","name":"Marcelo Oliveira de A. Maranhao","image":{"@type":"ImageObject","inLanguage":"pt-BR","@id":"https:\/\/secure.gravatar.com\/avatar\/f562caee940d39879c20e90eea3e4b21860c7d4c96684c23141c554824f0059c?s=96&d=mm&r=g","url":"https:\/\/secure.gravatar.com\/avatar\/f562caee940d39879c20e90eea3e4b21860c7d4c96684c23141c554824f0059c?s=96&d=mm&r=g","contentUrl":"https:\/\/secure.gravatar.com\/avatar\/f562caee940d39879c20e90eea3e4b21860c7d4c96684c23141c554824f0059c?s=96&d=mm&r=g","caption":"Marcelo Oliveira de A. Maranhao"},"url":"https:\/\/diariodepe.com.br\/xinhua\/author\/marcelo-maranhao\/"}]}},"cc_featured_image_caption":{"caption_text":"","source_text":"","source_url":""},"amp_enabled":true,"_links":{"self":[{"href":"https:\/\/diariodepe.com.br\/xinhua\/wp-json\/wp\/v2\/posts\/1786","targetHints":{"allow":["GET"]}}],"collection":[{"href":"https:\/\/diariodepe.com.br\/xinhua\/wp-json\/wp\/v2\/posts"}],"about":[{"href":"https:\/\/diariodepe.com.br\/xinhua\/wp-json\/wp\/v2\/types\/post"}],"author":[{"embeddable":true,"href":"https:\/\/diariodepe.com.br\/xinhua\/wp-json\/wp\/v2\/users\/3"}],"replies":[{"embeddable":true,"href":"https:\/\/diariodepe.com.br\/xinhua\/wp-json\/wp\/v2\/comments?post=1786"}],"version-history":[{"count":1,"href":"https:\/\/diariodepe.com.br\/xinhua\/wp-json\/wp\/v2\/posts\/1786\/revisions"}],"predecessor-version":[{"id":1788,"href":"https:\/\/diariodepe.com.br\/xinhua\/wp-json\/wp\/v2\/posts\/1786\/revisions\/1788"}],"wp:featuredmedia":[{"embeddable":true,"href":"https:\/\/diariodepe.com.br\/xinhua\/wp-json\/wp\/v2\/media\/1787"}],"wp:attachment":[{"href":"https:\/\/diariodepe.com.br\/xinhua\/wp-json\/wp\/v2\/media?parent=1786"}],"wp:term":[{"taxonomy":"category","embeddable":true,"href":"https:\/\/diariodepe.com.br\/xinhua\/wp-json\/wp\/v2\/categories?post=1786"},{"taxonomy":"post_tag","embeddable":true,"href":"https:\/\/diariodepe.com.br\/xinhua\/wp-json\/wp\/v2\/tags?post=1786"}],"curies":[{"name":"wp","href":"https:\/\/api.w.org\/{rel}","templated":true}]}}