{"id":1774,"date":"2021-05-21T10:38:32","date_gmt":"2021-05-21T13:38:32","guid":{"rendered":"http:\/\/www.diariodepe.com.br\/xinhua\/?p=1774"},"modified":"2021-05-21T10:38:34","modified_gmt":"2021-05-21T13:38:34","slug":"grupos-ativistas-dos-eua-dizem-que-politicas-anti-china-alimentam-odio-e-prejudicial-diz-midia","status":"publish","type":"post","link":"https:\/\/diariodepe.com.br\/xinhua\/2021\/05\/21\/grupos-ativistas-dos-eua-dizem-que-politicas-anti-china-alimentam-odio-e-prejudicial-diz-midia\/","title":{"rendered":"Grupos ativistas dos EUA dizem que pol\u00edticas anti-China alimentam \u00f3dio e prejudicial, diz m\u00eddia"},"content":{"rendered":"\n<p>Pessoas marcham contra racismo e viol\u00eancia contra os asi\u00e1tico-americanos desde o sal\u00e3o municipal para Union Square em S\u00e3o Francisco, Estados Unidos, 27 de mar\u00e7o de 2021. (Dong Xudong\/Xinhua)<\/p>\n\n\n\n<p>Washington, 21 mai (China) &#8212; Enquanto a Casa Branca e os l\u00edderes do Congresso dos Estados Unidos est\u00e3o ansiosos para agir duramente contra a China, alguns democratas e ativistas de esquerda est\u00e3o preocupados que as pol\u00edticas anti-China inflamar\u00e3o o racismo contra os asi\u00e1tico-americanos e arrastar\u00e3o os EUA para uma quase Guerra Fria, informou o Politico na quarta-feira.<\/p>\n\n\n\n<p>Mais de 60 grupos ativistas e pelo menos quatro legisladores proeminentes est\u00e3o intensificando suas cr\u00edticas enquanto o Senado avan\u00e7a nesta semana um pacote de projetos de lei endossados pela Casa Branca e membros de ambos os partidos que gastariam centenas de bilh\u00f5es de d\u00f3lares para enfrentar a China, disse a publica\u00e7\u00e3o.<\/p>\n\n\n\n<p>Legisladores e ativistas progressistas est\u00e3o consternados com &#8220;o que eles veem como unidade bipartid\u00e1ria para repetir os erros da pol\u00edtica externa americana&#8221;, disse o documento.<\/p>\n\n\n\n<p>Cr\u00edticos disseram que a pressa em posicionar a China como uma amea\u00e7a existencial comprometeria os Estados Unidos a d\u00e9cadas de gastos e engajamentos militares in\u00fateis, enquanto alimentava o \u00f3dio em casa semelhante \u00e0 islamofobia observada ap\u00f3s os ataques de 11 de setembro, disse o artigo.<\/p>\n\n\n\n<p>Uma coaliz\u00e3o de mais de 60 grupos anti-guerra e progressistas divulgou um comunicado conjunto esta semana, dizendo que a mentalidade da Guerra Fria de Washington em rela\u00e7\u00e3o \u00e0 China &#8220;n\u00e3o serve \u00e0s milh\u00f5es de pessoas que exigem mudan\u00e7as neste pa\u00eds, nem \u00e0s bilh\u00f5es de pessoas afetadas pela pol\u00edtica externa dos EUA no exterior. &#8220;<\/p>\n\n\n\n<p>&#8220;O enquadramento anti-China para tais iniciativas n\u00e3o \u00e9 apenas politicamente desnecess\u00e1rio; \u00e9 prejudicial, pois inevitavelmente alimenta o racismo, a viol\u00eancia, a xenofobia e o nacionalismo branco&#8221;, escreveram os grupos.<\/p>\n\n\n\n<p>Os Estados Unidos precisam distinguir &#8220;cr\u00edticas justificadas&#8221; de &#8220;uma mentalidade da Guerra Fria que usa a China como bode expiat\u00f3rio para nossos pr\u00f3prios problemas dom\u00e9sticos e demoniza os sino-americanos&#8221;, disse o representante democrata de Minnesota Ilhan Omar, citado pelo Politico.<\/p>\n\n\n\n<p>Falando de um projeto de lei com o objetivo de impulsionar a pesquisa de tecnologia dos EUA e patrocinado pelo l\u00edder da maioria Chuck Schumer, o representante democrata de Nova York Jamaal Bowman disse que rejeita veementemente &#8220;qualquer ret\u00f3rica anti-China associada a este projeto.&#8221;<\/p>\n\n\n\n<p>&#8220;N\u00e3o seremos capazes de resolver os desafios do s\u00e9culo 21, como a crise clim\u00e1tica e a sa\u00fade global, a menos que tenhamos relacionamentos que aproveitem parcerias em todo o mundo, incluindo a China&#8221;, segundo o relat\u00f3rio, citando Bowman.<\/p>\n","protected":false},"excerpt":{"rendered":"<p>Pessoas marcham contra racismo e viol\u00eancia contra os asi\u00e1tico-americanos desde o sal\u00e3o municipal para Union Square em S\u00e3o Francisco, Estados Unidos, 27 de mar\u00e7o de 2021. (Dong Xudong\/Xinhua) Washington, 21 mai (China) &#8212; Enquanto a Casa Branca e os l\u00edderes&#8230;<\/p>\n","protected":false},"author":3,"featured_media":1775,"comment_status":"open","ping_status":"open","sticky":false,"template":"","format":"standard","meta":{"footnotes":""},"categories":[4],"tags":[],"class_list":["post-1774","post","type-post","status-publish","format-standard","has-post-thumbnail","hentry","category-internacional"],"yoast_head":"<!-- This site is optimized with the Yoast SEO plugin v27.4 - https:\/\/yoast.com\/product\/yoast-seo-wordpress\/ -->\n<title>Grupos ativistas dos EUA dizem que pol\u00edticas anti-China alimentam \u00f3dio e prejudicial, diz m\u00eddia - Xinhua - Diario de Pernambuco<\/title>\n<meta name=\"robots\" content=\"index, follow, max-snippet:-1, max-image-preview:large, max-video-preview:-1\" \/>\n<link rel=\"canonical\" href=\"https:\/\/diariodepe.com.br\/xinhua\/2021\/05\/21\/grupos-ativistas-dos-eua-dizem-que-politicas-anti-china-alimentam-odio-e-prejudicial-diz-midia\/\" \/>\n<meta property=\"og:locale\" content=\"pt_BR\" \/>\n<meta property=\"og:type\" content=\"article\" \/>\n<meta property=\"og:title\" content=\"Grupos ativistas dos EUA dizem que pol\u00edticas anti-China alimentam \u00f3dio e prejudicial, diz m\u00eddia - Xinhua - Diario de Pernambuco\" \/>\n<meta property=\"og:description\" content=\"Pessoas marcham contra racismo e viol\u00eancia contra os asi\u00e1tico-americanos desde o sal\u00e3o municipal para Union Square em S\u00e3o Francisco, Estados Unidos, 27 de mar\u00e7o de 2021. (Dong Xudong\/Xinhua) Washington, 21 mai (China) &#8212; Enquanto a Casa Branca e os l\u00edderes...\" \/>\n<meta property=\"og:url\" content=\"https:\/\/diariodepe.com.br\/xinhua\/2021\/05\/21\/grupos-ativistas-dos-eua-dizem-que-politicas-anti-china-alimentam-odio-e-prejudicial-diz-midia\/\" \/>\n<meta property=\"og:site_name\" content=\"Xinhua - Diario de Pernambuco\" \/>\n<meta property=\"article:published_time\" content=\"2021-05-21T13:38:32+00:00\" \/>\n<meta property=\"article:modified_time\" content=\"2021-05-21T13:38:34+00:00\" \/>\n<meta property=\"og:image\" content=\"https:\/\/diariodepe.com.br\/xinhua\/wp-content\/uploads\/sites\/3\/2021\/05\/139960527_16215753268311n.jpg\" \/>\n\t<meta property=\"og:image:width\" content=\"900\" \/>\n\t<meta property=\"og:image:height\" content=\"728\" \/>\n\t<meta property=\"og:image:type\" content=\"image\/jpeg\" \/>\n<meta name=\"author\" content=\"Marcelo Oliveira de A. Maranhao\" \/>\n<meta name=\"twitter:card\" content=\"summary_large_image\" \/>\n<meta name=\"twitter:label1\" content=\"Escrito por\" \/>\n\t<meta name=\"twitter:data1\" content=\"Marcelo Oliveira de A. Maranhao\" \/>\n\t<meta name=\"twitter:label2\" content=\"Est. tempo de leitura\" \/>\n\t<meta name=\"twitter:data2\" content=\"2 minutos\" \/>\n<script type=\"application\/ld+json\" class=\"yoast-schema-graph\">{\"@context\":\"https:\\\/\\\/schema.org\",\"@graph\":[{\"@type\":\"Article\",\"@id\":\"https:\\\/\\\/diariodepe.com.br\\\/xinhua\\\/2021\\\/05\\\/21\\\/grupos-ativistas-dos-eua-dizem-que-politicas-anti-china-alimentam-odio-e-prejudicial-diz-midia\\\/#article\",\"isPartOf\":{\"@id\":\"https:\\\/\\\/diariodepe.com.br\\\/xinhua\\\/2021\\\/05\\\/21\\\/grupos-ativistas-dos-eua-dizem-que-politicas-anti-china-alimentam-odio-e-prejudicial-diz-midia\\\/\"},\"author\":{\"name\":\"Marcelo Oliveira de A. Maranhao\",\"@id\":\"https:\\\/\\\/diariodepe.com.br\\\/xinhua\\\/#\\\/schema\\\/person\\\/0943d6fd02bdc7b49c8f495e8787a2cb\"},\"headline\":\"Grupos ativistas dos EUA dizem que pol\u00edticas anti-China alimentam \u00f3dio e prejudicial, diz m\u00eddia\",\"datePublished\":\"2021-05-21T13:38:32+00:00\",\"dateModified\":\"2021-05-21T13:38:34+00:00\",\"mainEntityOfPage\":{\"@id\":\"https:\\\/\\\/diariodepe.com.br\\\/xinhua\\\/2021\\\/05\\\/21\\\/grupos-ativistas-dos-eua-dizem-que-politicas-anti-china-alimentam-odio-e-prejudicial-diz-midia\\\/\"},\"wordCount\":464,\"commentCount\":0,\"publisher\":{\"@id\":\"https:\\\/\\\/diariodepe.com.br\\\/xinhua\\\/#organization\"},\"image\":{\"@id\":\"https:\\\/\\\/diariodepe.com.br\\\/xinhua\\\/2021\\\/05\\\/21\\\/grupos-ativistas-dos-eua-dizem-que-politicas-anti-china-alimentam-odio-e-prejudicial-diz-midia\\\/#primaryimage\"},\"thumbnailUrl\":\"https:\\\/\\\/diariodepe.com.br\\\/xinhua\\\/wp-content\\\/uploads\\\/sites\\\/3\\\/2021\\\/05\\\/139960527_16215753268311n.jpg\",\"articleSection\":[\"Internacional\"],\"inLanguage\":\"pt-BR\",\"potentialAction\":[{\"@type\":\"CommentAction\",\"name\":\"Comment\",\"target\":[\"https:\\\/\\\/diariodepe.com.br\\\/xinhua\\\/2021\\\/05\\\/21\\\/grupos-ativistas-dos-eua-dizem-que-politicas-anti-china-alimentam-odio-e-prejudicial-diz-midia\\\/#respond\"]}]},{\"@type\":\"WebPage\",\"@id\":\"https:\\\/\\\/diariodepe.com.br\\\/xinhua\\\/2021\\\/05\\\/21\\\/grupos-ativistas-dos-eua-dizem-que-politicas-anti-china-alimentam-odio-e-prejudicial-diz-midia\\\/\",\"url\":\"https:\\\/\\\/diariodepe.com.br\\\/xinhua\\\/2021\\\/05\\\/21\\\/grupos-ativistas-dos-eua-dizem-que-politicas-anti-china-alimentam-odio-e-prejudicial-diz-midia\\\/\",\"name\":\"Grupos ativistas dos EUA dizem que pol\u00edticas anti-China alimentam \u00f3dio e prejudicial, diz m\u00eddia - Xinhua - Diario de Pernambuco\",\"isPartOf\":{\"@id\":\"https:\\\/\\\/diariodepe.com.br\\\/xinhua\\\/#website\"},\"primaryImageOfPage\":{\"@id\":\"https:\\\/\\\/diariodepe.com.br\\\/xinhua\\\/2021\\\/05\\\/21\\\/grupos-ativistas-dos-eua-dizem-que-politicas-anti-china-alimentam-odio-e-prejudicial-diz-midia\\\/#primaryimage\"},\"image\":{\"@id\":\"https:\\\/\\\/diariodepe.com.br\\\/xinhua\\\/2021\\\/05\\\/21\\\/grupos-ativistas-dos-eua-dizem-que-politicas-anti-china-alimentam-odio-e-prejudicial-diz-midia\\\/#primaryimage\"},\"thumbnailUrl\":\"https:\\\/\\\/diariodepe.com.br\\\/xinhua\\\/wp-content\\\/uploads\\\/sites\\\/3\\\/2021\\\/05\\\/139960527_16215753268311n.jpg\",\"datePublished\":\"2021-05-21T13:38:32+00:00\",\"dateModified\":\"2021-05-21T13:38:34+00:00\",\"breadcrumb\":{\"@id\":\"https:\\\/\\\/diariodepe.com.br\\\/xinhua\\\/2021\\\/05\\\/21\\\/grupos-ativistas-dos-eua-dizem-que-politicas-anti-china-alimentam-odio-e-prejudicial-diz-midia\\\/#breadcrumb\"},\"inLanguage\":\"pt-BR\",\"potentialAction\":[{\"@type\":\"ReadAction\",\"target\":[\"https:\\\/\\\/diariodepe.com.br\\\/xinhua\\\/2021\\\/05\\\/21\\\/grupos-ativistas-dos-eua-dizem-que-politicas-anti-china-alimentam-odio-e-prejudicial-diz-midia\\\/\"]}]},{\"@type\":\"ImageObject\",\"inLanguage\":\"pt-BR\",\"@id\":\"https:\\\/\\\/diariodepe.com.br\\\/xinhua\\\/2021\\\/05\\\/21\\\/grupos-ativistas-dos-eua-dizem-que-politicas-anti-china-alimentam-odio-e-prejudicial-diz-midia\\\/#primaryimage\",\"url\":\"https:\\\/\\\/diariodepe.com.br\\\/xinhua\\\/wp-content\\\/uploads\\\/sites\\\/3\\\/2021\\\/05\\\/139960527_16215753268311n.jpg\",\"contentUrl\":\"https:\\\/\\\/diariodepe.com.br\\\/xinhua\\\/wp-content\\\/uploads\\\/sites\\\/3\\\/2021\\\/05\\\/139960527_16215753268311n.jpg\",\"width\":900,\"height\":728},{\"@type\":\"BreadcrumbList\",\"@id\":\"https:\\\/\\\/diariodepe.com.br\\\/xinhua\\\/2021\\\/05\\\/21\\\/grupos-ativistas-dos-eua-dizem-que-politicas-anti-china-alimentam-odio-e-prejudicial-diz-midia\\\/#breadcrumb\",\"itemListElement\":[{\"@type\":\"ListItem\",\"position\":1,\"name\":\"In\u00edcio\",\"item\":\"https:\\\/\\\/diariodepe.com.br\\\/xinhua\\\/\"},{\"@type\":\"ListItem\",\"position\":2,\"name\":\"Grupos ativistas dos EUA dizem que pol\u00edticas anti-China alimentam \u00f3dio e prejudicial, diz m\u00eddia\"}]},{\"@type\":\"WebSite\",\"@id\":\"https:\\\/\\\/diariodepe.com.br\\\/xinhua\\\/#website\",\"url\":\"https:\\\/\\\/diariodepe.com.br\\\/xinhua\\\/\",\"name\":\"Xinhua - Diario de Pernambuco\",\"description\":\"A maior ag\u00eancia de not\u00edcias da China e um dos principais canais para conhecer o pa\u00eds\",\"publisher\":{\"@id\":\"https:\\\/\\\/diariodepe.com.br\\\/xinhua\\\/#organization\"},\"potentialAction\":[{\"@type\":\"SearchAction\",\"target\":{\"@type\":\"EntryPoint\",\"urlTemplate\":\"https:\\\/\\\/diariodepe.com.br\\\/xinhua\\\/?s={search_term_string}\"},\"query-input\":{\"@type\":\"PropertyValueSpecification\",\"valueRequired\":true,\"valueName\":\"search_term_string\"}}],\"inLanguage\":\"pt-BR\"},{\"@type\":\"Organization\",\"@id\":\"https:\\\/\\\/diariodepe.com.br\\\/xinhua\\\/#organization\",\"name\":\"Xinhua - Diario de Pernambuco\",\"url\":\"https:\\\/\\\/diariodepe.com.br\\\/xinhua\\\/\",\"logo\":{\"@type\":\"ImageObject\",\"inLanguage\":\"pt-BR\",\"@id\":\"https:\\\/\\\/diariodepe.com.br\\\/xinhua\\\/#\\\/schema\\\/logo\\\/image\\\/\",\"url\":\"https:\\\/\\\/diariodepe.com.br\\\/xinhua\\\/wp-content\\\/uploads\\\/sites\\\/3\\\/2020\\\/10\\\/cropped-logo-transparente-2.png\",\"contentUrl\":\"https:\\\/\\\/diariodepe.com.br\\\/xinhua\\\/wp-content\\\/uploads\\\/sites\\\/3\\\/2020\\\/10\\\/cropped-logo-transparente-2.png\",\"width\":512,\"height\":164,\"caption\":\"Xinhua - Diario de Pernambuco\"},\"image\":{\"@id\":\"https:\\\/\\\/diariodepe.com.br\\\/xinhua\\\/#\\\/schema\\\/logo\\\/image\\\/\"}},{\"@type\":\"Person\",\"@id\":\"https:\\\/\\\/diariodepe.com.br\\\/xinhua\\\/#\\\/schema\\\/person\\\/0943d6fd02bdc7b49c8f495e8787a2cb\",\"name\":\"Marcelo Oliveira de A. Maranhao\",\"image\":{\"@type\":\"ImageObject\",\"inLanguage\":\"pt-BR\",\"@id\":\"https:\\\/\\\/secure.gravatar.com\\\/avatar\\\/f562caee940d39879c20e90eea3e4b21860c7d4c96684c23141c554824f0059c?s=96&d=mm&r=g\",\"url\":\"https:\\\/\\\/secure.gravatar.com\\\/avatar\\\/f562caee940d39879c20e90eea3e4b21860c7d4c96684c23141c554824f0059c?s=96&d=mm&r=g\",\"contentUrl\":\"https:\\\/\\\/secure.gravatar.com\\\/avatar\\\/f562caee940d39879c20e90eea3e4b21860c7d4c96684c23141c554824f0059c?s=96&d=mm&r=g\",\"caption\":\"Marcelo Oliveira de A. Maranhao\"},\"url\":\"https:\\\/\\\/diariodepe.com.br\\\/xinhua\\\/author\\\/marcelo-maranhao\\\/\"}]}<\/script>\n<!-- \/ Yoast SEO plugin. -->","yoast_head_json":{"title":"Grupos ativistas dos EUA dizem que pol\u00edticas anti-China alimentam \u00f3dio e prejudicial, diz m\u00eddia - Xinhua - Diario de Pernambuco","robots":{"index":"index","follow":"follow","max-snippet":"max-snippet:-1","max-image-preview":"max-image-preview:large","max-video-preview":"max-video-preview:-1"},"canonical":"https:\/\/diariodepe.com.br\/xinhua\/2021\/05\/21\/grupos-ativistas-dos-eua-dizem-que-politicas-anti-china-alimentam-odio-e-prejudicial-diz-midia\/","og_locale":"pt_BR","og_type":"article","og_title":"Grupos ativistas dos EUA dizem que pol\u00edticas anti-China alimentam \u00f3dio e prejudicial, diz m\u00eddia - Xinhua - Diario de Pernambuco","og_description":"Pessoas marcham contra racismo e viol\u00eancia contra os asi\u00e1tico-americanos desde o sal\u00e3o municipal para Union Square em S\u00e3o Francisco, Estados Unidos, 27 de mar\u00e7o de 2021. (Dong Xudong\/Xinhua) Washington, 21 mai (China) &#8212; Enquanto a Casa Branca e os l\u00edderes...","og_url":"https:\/\/diariodepe.com.br\/xinhua\/2021\/05\/21\/grupos-ativistas-dos-eua-dizem-que-politicas-anti-china-alimentam-odio-e-prejudicial-diz-midia\/","og_site_name":"Xinhua - Diario de Pernambuco","article_published_time":"2021-05-21T13:38:32+00:00","article_modified_time":"2021-05-21T13:38:34+00:00","og_image":[{"width":900,"height":728,"url":"https:\/\/diariodepe.com.br\/xinhua\/wp-content\/uploads\/sites\/3\/2021\/05\/139960527_16215753268311n.jpg","type":"image\/jpeg"}],"author":"Marcelo Oliveira de A. Maranhao","twitter_card":"summary_large_image","twitter_misc":{"Escrito por":"Marcelo Oliveira de A. Maranhao","Est. tempo de leitura":"2 minutos"},"schema":{"@context":"https:\/\/schema.org","@graph":[{"@type":"Article","@id":"https:\/\/diariodepe.com.br\/xinhua\/2021\/05\/21\/grupos-ativistas-dos-eua-dizem-que-politicas-anti-china-alimentam-odio-e-prejudicial-diz-midia\/#article","isPartOf":{"@id":"https:\/\/diariodepe.com.br\/xinhua\/2021\/05\/21\/grupos-ativistas-dos-eua-dizem-que-politicas-anti-china-alimentam-odio-e-prejudicial-diz-midia\/"},"author":{"name":"Marcelo Oliveira de A. Maranhao","@id":"https:\/\/diariodepe.com.br\/xinhua\/#\/schema\/person\/0943d6fd02bdc7b49c8f495e8787a2cb"},"headline":"Grupos ativistas dos EUA dizem que pol\u00edticas anti-China alimentam \u00f3dio e prejudicial, diz m\u00eddia","datePublished":"2021-05-21T13:38:32+00:00","dateModified":"2021-05-21T13:38:34+00:00","mainEntityOfPage":{"@id":"https:\/\/diariodepe.com.br\/xinhua\/2021\/05\/21\/grupos-ativistas-dos-eua-dizem-que-politicas-anti-china-alimentam-odio-e-prejudicial-diz-midia\/"},"wordCount":464,"commentCount":0,"publisher":{"@id":"https:\/\/diariodepe.com.br\/xinhua\/#organization"},"image":{"@id":"https:\/\/diariodepe.com.br\/xinhua\/2021\/05\/21\/grupos-ativistas-dos-eua-dizem-que-politicas-anti-china-alimentam-odio-e-prejudicial-diz-midia\/#primaryimage"},"thumbnailUrl":"https:\/\/diariodepe.com.br\/xinhua\/wp-content\/uploads\/sites\/3\/2021\/05\/139960527_16215753268311n.jpg","articleSection":["Internacional"],"inLanguage":"pt-BR","potentialAction":[{"@type":"CommentAction","name":"Comment","target":["https:\/\/diariodepe.com.br\/xinhua\/2021\/05\/21\/grupos-ativistas-dos-eua-dizem-que-politicas-anti-china-alimentam-odio-e-prejudicial-diz-midia\/#respond"]}]},{"@type":"WebPage","@id":"https:\/\/diariodepe.com.br\/xinhua\/2021\/05\/21\/grupos-ativistas-dos-eua-dizem-que-politicas-anti-china-alimentam-odio-e-prejudicial-diz-midia\/","url":"https:\/\/diariodepe.com.br\/xinhua\/2021\/05\/21\/grupos-ativistas-dos-eua-dizem-que-politicas-anti-china-alimentam-odio-e-prejudicial-diz-midia\/","name":"Grupos ativistas dos EUA dizem que pol\u00edticas anti-China alimentam \u00f3dio e prejudicial, diz m\u00eddia - Xinhua - Diario de Pernambuco","isPartOf":{"@id":"https:\/\/diariodepe.com.br\/xinhua\/#website"},"primaryImageOfPage":{"@id":"https:\/\/diariodepe.com.br\/xinhua\/2021\/05\/21\/grupos-ativistas-dos-eua-dizem-que-politicas-anti-china-alimentam-odio-e-prejudicial-diz-midia\/#primaryimage"},"image":{"@id":"https:\/\/diariodepe.com.br\/xinhua\/2021\/05\/21\/grupos-ativistas-dos-eua-dizem-que-politicas-anti-china-alimentam-odio-e-prejudicial-diz-midia\/#primaryimage"},"thumbnailUrl":"https:\/\/diariodepe.com.br\/xinhua\/wp-content\/uploads\/sites\/3\/2021\/05\/139960527_16215753268311n.jpg","datePublished":"2021-05-21T13:38:32+00:00","dateModified":"2021-05-21T13:38:34+00:00","breadcrumb":{"@id":"https:\/\/diariodepe.com.br\/xinhua\/2021\/05\/21\/grupos-ativistas-dos-eua-dizem-que-politicas-anti-china-alimentam-odio-e-prejudicial-diz-midia\/#breadcrumb"},"inLanguage":"pt-BR","potentialAction":[{"@type":"ReadAction","target":["https:\/\/diariodepe.com.br\/xinhua\/2021\/05\/21\/grupos-ativistas-dos-eua-dizem-que-politicas-anti-china-alimentam-odio-e-prejudicial-diz-midia\/"]}]},{"@type":"ImageObject","inLanguage":"pt-BR","@id":"https:\/\/diariodepe.com.br\/xinhua\/2021\/05\/21\/grupos-ativistas-dos-eua-dizem-que-politicas-anti-china-alimentam-odio-e-prejudicial-diz-midia\/#primaryimage","url":"https:\/\/diariodepe.com.br\/xinhua\/wp-content\/uploads\/sites\/3\/2021\/05\/139960527_16215753268311n.jpg","contentUrl":"https:\/\/diariodepe.com.br\/xinhua\/wp-content\/uploads\/sites\/3\/2021\/05\/139960527_16215753268311n.jpg","width":900,"height":728},{"@type":"BreadcrumbList","@id":"https:\/\/diariodepe.com.br\/xinhua\/2021\/05\/21\/grupos-ativistas-dos-eua-dizem-que-politicas-anti-china-alimentam-odio-e-prejudicial-diz-midia\/#breadcrumb","itemListElement":[{"@type":"ListItem","position":1,"name":"In\u00edcio","item":"https:\/\/diariodepe.com.br\/xinhua\/"},{"@type":"ListItem","position":2,"name":"Grupos ativistas dos EUA dizem que pol\u00edticas anti-China alimentam \u00f3dio e prejudicial, diz m\u00eddia"}]},{"@type":"WebSite","@id":"https:\/\/diariodepe.com.br\/xinhua\/#website","url":"https:\/\/diariodepe.com.br\/xinhua\/","name":"Xinhua - Diario de Pernambuco","description":"A maior ag\u00eancia de not\u00edcias da China e um dos principais canais para conhecer o pa\u00eds","publisher":{"@id":"https:\/\/diariodepe.com.br\/xinhua\/#organization"},"potentialAction":[{"@type":"SearchAction","target":{"@type":"EntryPoint","urlTemplate":"https:\/\/diariodepe.com.br\/xinhua\/?s={search_term_string}"},"query-input":{"@type":"PropertyValueSpecification","valueRequired":true,"valueName":"search_term_string"}}],"inLanguage":"pt-BR"},{"@type":"Organization","@id":"https:\/\/diariodepe.com.br\/xinhua\/#organization","name":"Xinhua - Diario de Pernambuco","url":"https:\/\/diariodepe.com.br\/xinhua\/","logo":{"@type":"ImageObject","inLanguage":"pt-BR","@id":"https:\/\/diariodepe.com.br\/xinhua\/#\/schema\/logo\/image\/","url":"https:\/\/diariodepe.com.br\/xinhua\/wp-content\/uploads\/sites\/3\/2020\/10\/cropped-logo-transparente-2.png","contentUrl":"https:\/\/diariodepe.com.br\/xinhua\/wp-content\/uploads\/sites\/3\/2020\/10\/cropped-logo-transparente-2.png","width":512,"height":164,"caption":"Xinhua - Diario de Pernambuco"},"image":{"@id":"https:\/\/diariodepe.com.br\/xinhua\/#\/schema\/logo\/image\/"}},{"@type":"Person","@id":"https:\/\/diariodepe.com.br\/xinhua\/#\/schema\/person\/0943d6fd02bdc7b49c8f495e8787a2cb","name":"Marcelo Oliveira de A. Maranhao","image":{"@type":"ImageObject","inLanguage":"pt-BR","@id":"https:\/\/secure.gravatar.com\/avatar\/f562caee940d39879c20e90eea3e4b21860c7d4c96684c23141c554824f0059c?s=96&d=mm&r=g","url":"https:\/\/secure.gravatar.com\/avatar\/f562caee940d39879c20e90eea3e4b21860c7d4c96684c23141c554824f0059c?s=96&d=mm&r=g","contentUrl":"https:\/\/secure.gravatar.com\/avatar\/f562caee940d39879c20e90eea3e4b21860c7d4c96684c23141c554824f0059c?s=96&d=mm&r=g","caption":"Marcelo Oliveira de A. Maranhao"},"url":"https:\/\/diariodepe.com.br\/xinhua\/author\/marcelo-maranhao\/"}]}},"cc_featured_image_caption":{"caption_text":"","source_text":"","source_url":""},"amp_enabled":true,"_links":{"self":[{"href":"https:\/\/diariodepe.com.br\/xinhua\/wp-json\/wp\/v2\/posts\/1774","targetHints":{"allow":["GET"]}}],"collection":[{"href":"https:\/\/diariodepe.com.br\/xinhua\/wp-json\/wp\/v2\/posts"}],"about":[{"href":"https:\/\/diariodepe.com.br\/xinhua\/wp-json\/wp\/v2\/types\/post"}],"author":[{"embeddable":true,"href":"https:\/\/diariodepe.com.br\/xinhua\/wp-json\/wp\/v2\/users\/3"}],"replies":[{"embeddable":true,"href":"https:\/\/diariodepe.com.br\/xinhua\/wp-json\/wp\/v2\/comments?post=1774"}],"version-history":[{"count":1,"href":"https:\/\/diariodepe.com.br\/xinhua\/wp-json\/wp\/v2\/posts\/1774\/revisions"}],"predecessor-version":[{"id":1776,"href":"https:\/\/diariodepe.com.br\/xinhua\/wp-json\/wp\/v2\/posts\/1774\/revisions\/1776"}],"wp:featuredmedia":[{"embeddable":true,"href":"https:\/\/diariodepe.com.br\/xinhua\/wp-json\/wp\/v2\/media\/1775"}],"wp:attachment":[{"href":"https:\/\/diariodepe.com.br\/xinhua\/wp-json\/wp\/v2\/media?parent=1774"}],"wp:term":[{"taxonomy":"category","embeddable":true,"href":"https:\/\/diariodepe.com.br\/xinhua\/wp-json\/wp\/v2\/categories?post=1774"},{"taxonomy":"post_tag","embeddable":true,"href":"https:\/\/diariodepe.com.br\/xinhua\/wp-json\/wp\/v2\/tags?post=1774"}],"curies":[{"name":"wp","href":"https:\/\/api.w.org\/{rel}","templated":true}]}}