{"id":17519,"date":"2024-01-16T10:14:00","date_gmt":"2024-01-16T13:14:00","guid":{"rendered":"https:\/\/www.diariodepe.com.br\/xinhua\/?p=17519"},"modified":"2024-01-15T18:16:26","modified_gmt":"2024-01-15T21:16:26","slug":"china-esta-pronta-para-coordenar-se-com-suica-para-enfrentar-desafios-globais-diz-premie","status":"publish","type":"post","link":"https:\/\/diariodepe.com.br\/xinhua\/2024\/01\/16\/china-esta-pronta-para-coordenar-se-com-suica-para-enfrentar-desafios-globais-diz-premie\/","title":{"rendered":"China est\u00e1 pronta para coordenar-se com Su\u00ed\u00e7a para enfrentar desafios globais, diz premi\u00ea"},"content":{"rendered":"\n<p>Zurique, Su\u00ed\u00e7a &#8211; A China sempre atribuiu grande import\u00e2ncia ao papel \u00fanico da Su\u00ed\u00e7a na Europa e no cen\u00e1rio internacional, e est\u00e1 pronta para manter uma estreita comunica\u00e7\u00e3o e coordena\u00e7\u00e3o com a Su\u00ed\u00e7a para enfrentar conjuntamente os desafios globais, disse neste domingo em Zurique o primeiro-ministro chin\u00eas, Li Qiang.<\/p>\n\n\n\n<p>Li fez as observa\u00e7\u00f5es em sua chegada para a Reuni\u00e3o Anual 2024 do F\u00f3rum Econ\u00f4mico Mundial (FEM) e uma visita oficial ao pa\u00eds europeu. Ele foi recebido pela presidente da Confedera\u00e7\u00e3o Su\u00ed\u00e7a, Viola Amherd, no aeroporto internacional de Zurique.<\/p>\n\n\n\n<p>Observando que a Su\u00ed\u00e7a foi um dos primeiros pa\u00edses ocidentais a estabelecer rela\u00e7\u00f5es diplom\u00e1ticas com a China, Li exaltou que as rela\u00e7\u00f5es China-Su\u00ed\u00e7a mantiveram um desenvolvimento s\u00f3lido desde o seu estabelecimento h\u00e1 74 anos.<\/p>\n\n\n\n<p>Especialmente desde o an\u00fancio do estabelecimento da parceria estrat\u00e9gica inovadora China-Su\u00ed\u00e7a pelo presidente chin\u00eas, Xi Jinping, e pelo l\u00edder su\u00ed\u00e7o em 2016, os interc\u00e2mbios e a coopera\u00e7\u00e3o entre os dois pa\u00edses em v\u00e1rios campos foram levados a novos patamares e produziram novos resultados, elogiou Li.<\/p>\n\n\n\n<p>A China est\u00e1 pronta para trabalhar com a Su\u00ed\u00e7a para seguir a importante orienta\u00e7\u00e3o estrat\u00e9gica alcan\u00e7ada pelos dois chefes de Estado, aprofundar ainda mais a confian\u00e7a pol\u00edtica m\u00fatua, expandir a coopera\u00e7\u00e3o mutuamente ben\u00e9fica e cultivar a amizade entre os dois povos, garantiu.<\/p>\n\n\n\n<p>O embaixador chin\u00eas na Su\u00ed\u00e7a, Wang Shiting, e o representante permanente da China no escrit\u00f3rio das Na\u00e7\u00f5es Unidas em Genebra e em outras organiza\u00e7\u00f5es internacionais na Su\u00ed\u00e7a, Chen Xu, tamb\u00e9m cumprimentaram Li no aeroporto.<\/p>\n\n\n\n<p>Ap\u00f3s sua estada na Su\u00ed\u00e7a, Li tamb\u00e9m far\u00e1 uma visita oficial \u00e0 Irlanda.<\/p>\n\n\n\n<p>Li est\u00e1 fazendo a viagem a convite de Klaus Schwab, fundador e presidente executivo do FEM, da presidente da Confedera\u00e7\u00e3o Su\u00ed\u00e7a, Viola Amherd, e de Leo Varadkar, primeiro-ministro irland\u00eas.<\/p>\n","protected":false},"excerpt":{"rendered":"<p>Zurique, Su\u00ed\u00e7a &#8211; A China sempre atribuiu grande import\u00e2ncia ao papel \u00fanico da Su\u00ed\u00e7a na Europa e no cen\u00e1rio internacional, e est\u00e1 pronta para manter uma estreita comunica\u00e7\u00e3o e coordena\u00e7\u00e3o com a Su\u00ed\u00e7a para enfrentar conjuntamente os desafios globais, disse&#8230;<\/p>\n","protected":false},"author":3,"featured_media":17520,"comment_status":"open","ping_status":"open","sticky":false,"template":"","format":"standard","meta":{"footnotes":""},"categories":[4],"tags":[],"class_list":["post-17519","post","type-post","status-publish","format-standard","has-post-thumbnail","hentry","category-internacional"],"yoast_head":"<!-- This site is optimized with the Yoast SEO plugin v27.4 - https:\/\/yoast.com\/product\/yoast-seo-wordpress\/ -->\n<title>China est\u00e1 pronta para coordenar-se com Su\u00ed\u00e7a para enfrentar desafios globais, diz premi\u00ea - Xinhua - Diario de Pernambuco<\/title>\n<meta name=\"robots\" content=\"index, follow, max-snippet:-1, max-image-preview:large, max-video-preview:-1\" \/>\n<link rel=\"canonical\" href=\"https:\/\/diariodepe.com.br\/xinhua\/2024\/01\/16\/china-esta-pronta-para-coordenar-se-com-suica-para-enfrentar-desafios-globais-diz-premie\/\" \/>\n<meta property=\"og:locale\" content=\"pt_BR\" \/>\n<meta property=\"og:type\" content=\"article\" \/>\n<meta property=\"og:title\" content=\"China est\u00e1 pronta para coordenar-se com Su\u00ed\u00e7a para enfrentar desafios globais, diz premi\u00ea - Xinhua - Diario de Pernambuco\" \/>\n<meta property=\"og:description\" content=\"Zurique, Su\u00ed\u00e7a &#8211; A China sempre atribuiu grande import\u00e2ncia ao papel \u00fanico da Su\u00ed\u00e7a na Europa e no cen\u00e1rio internacional, e est\u00e1 pronta para manter uma estreita comunica\u00e7\u00e3o e coordena\u00e7\u00e3o com a Su\u00ed\u00e7a para enfrentar conjuntamente os desafios globais, disse...\" \/>\n<meta property=\"og:url\" content=\"https:\/\/diariodepe.com.br\/xinhua\/2024\/01\/16\/china-esta-pronta-para-coordenar-se-com-suica-para-enfrentar-desafios-globais-diz-premie\/\" \/>\n<meta property=\"og:site_name\" content=\"Xinhua - Diario de Pernambuco\" \/>\n<meta property=\"article:published_time\" content=\"2024-01-16T13:14:00+00:00\" \/>\n<meta property=\"og:image\" content=\"https:\/\/diariodepe.com.br\/xinhua\/wp-content\/uploads\/sites\/3\/2024\/01\/iFrIiIYUCeqbMtnA.jpeg\" \/>\n\t<meta property=\"og:image:width\" content=\"1016\" \/>\n\t<meta property=\"og:image:height\" content=\"779\" \/>\n\t<meta property=\"og:image:type\" content=\"image\/jpeg\" \/>\n<meta name=\"author\" content=\"Marcelo Oliveira de A. Maranhao\" \/>\n<meta name=\"twitter:card\" content=\"summary_large_image\" \/>\n<meta name=\"twitter:label1\" content=\"Escrito por\" \/>\n\t<meta name=\"twitter:data1\" content=\"Marcelo Oliveira de A. Maranhao\" \/>\n\t<meta name=\"twitter:label2\" content=\"Est. tempo de leitura\" \/>\n\t<meta name=\"twitter:data2\" content=\"2 minutos\" \/>\n<script type=\"application\/ld+json\" class=\"yoast-schema-graph\">{\"@context\":\"https:\\\/\\\/schema.org\",\"@graph\":[{\"@type\":\"Article\",\"@id\":\"https:\\\/\\\/diariodepe.com.br\\\/xinhua\\\/2024\\\/01\\\/16\\\/china-esta-pronta-para-coordenar-se-com-suica-para-enfrentar-desafios-globais-diz-premie\\\/#article\",\"isPartOf\":{\"@id\":\"https:\\\/\\\/diariodepe.com.br\\\/xinhua\\\/2024\\\/01\\\/16\\\/china-esta-pronta-para-coordenar-se-com-suica-para-enfrentar-desafios-globais-diz-premie\\\/\"},\"author\":{\"name\":\"Marcelo Oliveira de A. Maranhao\",\"@id\":\"https:\\\/\\\/diariodepe.com.br\\\/xinhua\\\/#\\\/schema\\\/person\\\/0943d6fd02bdc7b49c8f495e8787a2cb\"},\"headline\":\"China est\u00e1 pronta para coordenar-se com Su\u00ed\u00e7a para enfrentar desafios globais, diz premi\u00ea\",\"datePublished\":\"2024-01-16T13:14:00+00:00\",\"mainEntityOfPage\":{\"@id\":\"https:\\\/\\\/diariodepe.com.br\\\/xinhua\\\/2024\\\/01\\\/16\\\/china-esta-pronta-para-coordenar-se-com-suica-para-enfrentar-desafios-globais-diz-premie\\\/\"},\"wordCount\":349,\"commentCount\":0,\"publisher\":{\"@id\":\"https:\\\/\\\/diariodepe.com.br\\\/xinhua\\\/#organization\"},\"image\":{\"@id\":\"https:\\\/\\\/diariodepe.com.br\\\/xinhua\\\/2024\\\/01\\\/16\\\/china-esta-pronta-para-coordenar-se-com-suica-para-enfrentar-desafios-globais-diz-premie\\\/#primaryimage\"},\"thumbnailUrl\":\"https:\\\/\\\/diariodepe.com.br\\\/xinhua\\\/wp-content\\\/uploads\\\/sites\\\/3\\\/2024\\\/01\\\/iFrIiIYUCeqbMtnA.jpeg\",\"articleSection\":[\"Internacional\"],\"inLanguage\":\"pt-BR\",\"potentialAction\":[{\"@type\":\"CommentAction\",\"name\":\"Comment\",\"target\":[\"https:\\\/\\\/diariodepe.com.br\\\/xinhua\\\/2024\\\/01\\\/16\\\/china-esta-pronta-para-coordenar-se-com-suica-para-enfrentar-desafios-globais-diz-premie\\\/#respond\"]}]},{\"@type\":\"WebPage\",\"@id\":\"https:\\\/\\\/diariodepe.com.br\\\/xinhua\\\/2024\\\/01\\\/16\\\/china-esta-pronta-para-coordenar-se-com-suica-para-enfrentar-desafios-globais-diz-premie\\\/\",\"url\":\"https:\\\/\\\/diariodepe.com.br\\\/xinhua\\\/2024\\\/01\\\/16\\\/china-esta-pronta-para-coordenar-se-com-suica-para-enfrentar-desafios-globais-diz-premie\\\/\",\"name\":\"China est\u00e1 pronta para coordenar-se com Su\u00ed\u00e7a para enfrentar desafios globais, diz premi\u00ea - Xinhua - Diario de Pernambuco\",\"isPartOf\":{\"@id\":\"https:\\\/\\\/diariodepe.com.br\\\/xinhua\\\/#website\"},\"primaryImageOfPage\":{\"@id\":\"https:\\\/\\\/diariodepe.com.br\\\/xinhua\\\/2024\\\/01\\\/16\\\/china-esta-pronta-para-coordenar-se-com-suica-para-enfrentar-desafios-globais-diz-premie\\\/#primaryimage\"},\"image\":{\"@id\":\"https:\\\/\\\/diariodepe.com.br\\\/xinhua\\\/2024\\\/01\\\/16\\\/china-esta-pronta-para-coordenar-se-com-suica-para-enfrentar-desafios-globais-diz-premie\\\/#primaryimage\"},\"thumbnailUrl\":\"https:\\\/\\\/diariodepe.com.br\\\/xinhua\\\/wp-content\\\/uploads\\\/sites\\\/3\\\/2024\\\/01\\\/iFrIiIYUCeqbMtnA.jpeg\",\"datePublished\":\"2024-01-16T13:14:00+00:00\",\"breadcrumb\":{\"@id\":\"https:\\\/\\\/diariodepe.com.br\\\/xinhua\\\/2024\\\/01\\\/16\\\/china-esta-pronta-para-coordenar-se-com-suica-para-enfrentar-desafios-globais-diz-premie\\\/#breadcrumb\"},\"inLanguage\":\"pt-BR\",\"potentialAction\":[{\"@type\":\"ReadAction\",\"target\":[\"https:\\\/\\\/diariodepe.com.br\\\/xinhua\\\/2024\\\/01\\\/16\\\/china-esta-pronta-para-coordenar-se-com-suica-para-enfrentar-desafios-globais-diz-premie\\\/\"]}]},{\"@type\":\"ImageObject\",\"inLanguage\":\"pt-BR\",\"@id\":\"https:\\\/\\\/diariodepe.com.br\\\/xinhua\\\/2024\\\/01\\\/16\\\/china-esta-pronta-para-coordenar-se-com-suica-para-enfrentar-desafios-globais-diz-premie\\\/#primaryimage\",\"url\":\"https:\\\/\\\/diariodepe.com.br\\\/xinhua\\\/wp-content\\\/uploads\\\/sites\\\/3\\\/2024\\\/01\\\/iFrIiIYUCeqbMtnA.jpeg\",\"contentUrl\":\"https:\\\/\\\/diariodepe.com.br\\\/xinhua\\\/wp-content\\\/uploads\\\/sites\\\/3\\\/2024\\\/01\\\/iFrIiIYUCeqbMtnA.jpeg\",\"width\":1016,\"height\":779},{\"@type\":\"BreadcrumbList\",\"@id\":\"https:\\\/\\\/diariodepe.com.br\\\/xinhua\\\/2024\\\/01\\\/16\\\/china-esta-pronta-para-coordenar-se-com-suica-para-enfrentar-desafios-globais-diz-premie\\\/#breadcrumb\",\"itemListElement\":[{\"@type\":\"ListItem\",\"position\":1,\"name\":\"In\u00edcio\",\"item\":\"https:\\\/\\\/diariodepe.com.br\\\/xinhua\\\/\"},{\"@type\":\"ListItem\",\"position\":2,\"name\":\"China est\u00e1 pronta para coordenar-se com Su\u00ed\u00e7a para enfrentar desafios globais, diz premi\u00ea\"}]},{\"@type\":\"WebSite\",\"@id\":\"https:\\\/\\\/diariodepe.com.br\\\/xinhua\\\/#website\",\"url\":\"https:\\\/\\\/diariodepe.com.br\\\/xinhua\\\/\",\"name\":\"Xinhua - Diario de Pernambuco\",\"description\":\"A maior ag\u00eancia de not\u00edcias da China e um dos principais canais para conhecer o pa\u00eds\",\"publisher\":{\"@id\":\"https:\\\/\\\/diariodepe.com.br\\\/xinhua\\\/#organization\"},\"potentialAction\":[{\"@type\":\"SearchAction\",\"target\":{\"@type\":\"EntryPoint\",\"urlTemplate\":\"https:\\\/\\\/diariodepe.com.br\\\/xinhua\\\/?s={search_term_string}\"},\"query-input\":{\"@type\":\"PropertyValueSpecification\",\"valueRequired\":true,\"valueName\":\"search_term_string\"}}],\"inLanguage\":\"pt-BR\"},{\"@type\":\"Organization\",\"@id\":\"https:\\\/\\\/diariodepe.com.br\\\/xinhua\\\/#organization\",\"name\":\"Xinhua - Diario de Pernambuco\",\"url\":\"https:\\\/\\\/diariodepe.com.br\\\/xinhua\\\/\",\"logo\":{\"@type\":\"ImageObject\",\"inLanguage\":\"pt-BR\",\"@id\":\"https:\\\/\\\/diariodepe.com.br\\\/xinhua\\\/#\\\/schema\\\/logo\\\/image\\\/\",\"url\":\"https:\\\/\\\/diariodepe.com.br\\\/xinhua\\\/wp-content\\\/uploads\\\/sites\\\/3\\\/2020\\\/10\\\/cropped-logo-transparente-2.png\",\"contentUrl\":\"https:\\\/\\\/diariodepe.com.br\\\/xinhua\\\/wp-content\\\/uploads\\\/sites\\\/3\\\/2020\\\/10\\\/cropped-logo-transparente-2.png\",\"width\":512,\"height\":164,\"caption\":\"Xinhua - Diario de Pernambuco\"},\"image\":{\"@id\":\"https:\\\/\\\/diariodepe.com.br\\\/xinhua\\\/#\\\/schema\\\/logo\\\/image\\\/\"}},{\"@type\":\"Person\",\"@id\":\"https:\\\/\\\/diariodepe.com.br\\\/xinhua\\\/#\\\/schema\\\/person\\\/0943d6fd02bdc7b49c8f495e8787a2cb\",\"name\":\"Marcelo Oliveira de A. Maranhao\",\"image\":{\"@type\":\"ImageObject\",\"inLanguage\":\"pt-BR\",\"@id\":\"https:\\\/\\\/secure.gravatar.com\\\/avatar\\\/f562caee940d39879c20e90eea3e4b21860c7d4c96684c23141c554824f0059c?s=96&d=mm&r=g\",\"url\":\"https:\\\/\\\/secure.gravatar.com\\\/avatar\\\/f562caee940d39879c20e90eea3e4b21860c7d4c96684c23141c554824f0059c?s=96&d=mm&r=g\",\"contentUrl\":\"https:\\\/\\\/secure.gravatar.com\\\/avatar\\\/f562caee940d39879c20e90eea3e4b21860c7d4c96684c23141c554824f0059c?s=96&d=mm&r=g\",\"caption\":\"Marcelo Oliveira de A. Maranhao\"},\"url\":\"https:\\\/\\\/diariodepe.com.br\\\/xinhua\\\/author\\\/marcelo-maranhao\\\/\"}]}<\/script>\n<!-- \/ Yoast SEO plugin. -->","yoast_head_json":{"title":"China est\u00e1 pronta para coordenar-se com Su\u00ed\u00e7a para enfrentar desafios globais, diz premi\u00ea - Xinhua - Diario de Pernambuco","robots":{"index":"index","follow":"follow","max-snippet":"max-snippet:-1","max-image-preview":"max-image-preview:large","max-video-preview":"max-video-preview:-1"},"canonical":"https:\/\/diariodepe.com.br\/xinhua\/2024\/01\/16\/china-esta-pronta-para-coordenar-se-com-suica-para-enfrentar-desafios-globais-diz-premie\/","og_locale":"pt_BR","og_type":"article","og_title":"China est\u00e1 pronta para coordenar-se com Su\u00ed\u00e7a para enfrentar desafios globais, diz premi\u00ea - Xinhua - Diario de Pernambuco","og_description":"Zurique, Su\u00ed\u00e7a &#8211; A China sempre atribuiu grande import\u00e2ncia ao papel \u00fanico da Su\u00ed\u00e7a na Europa e no cen\u00e1rio internacional, e est\u00e1 pronta para manter uma estreita comunica\u00e7\u00e3o e coordena\u00e7\u00e3o com a Su\u00ed\u00e7a para enfrentar conjuntamente os desafios globais, disse...","og_url":"https:\/\/diariodepe.com.br\/xinhua\/2024\/01\/16\/china-esta-pronta-para-coordenar-se-com-suica-para-enfrentar-desafios-globais-diz-premie\/","og_site_name":"Xinhua - Diario de Pernambuco","article_published_time":"2024-01-16T13:14:00+00:00","og_image":[{"width":1016,"height":779,"url":"https:\/\/diariodepe.com.br\/xinhua\/wp-content\/uploads\/sites\/3\/2024\/01\/iFrIiIYUCeqbMtnA.jpeg","type":"image\/jpeg"}],"author":"Marcelo Oliveira de A. Maranhao","twitter_card":"summary_large_image","twitter_misc":{"Escrito por":"Marcelo Oliveira de A. Maranhao","Est. tempo de leitura":"2 minutos"},"schema":{"@context":"https:\/\/schema.org","@graph":[{"@type":"Article","@id":"https:\/\/diariodepe.com.br\/xinhua\/2024\/01\/16\/china-esta-pronta-para-coordenar-se-com-suica-para-enfrentar-desafios-globais-diz-premie\/#article","isPartOf":{"@id":"https:\/\/diariodepe.com.br\/xinhua\/2024\/01\/16\/china-esta-pronta-para-coordenar-se-com-suica-para-enfrentar-desafios-globais-diz-premie\/"},"author":{"name":"Marcelo Oliveira de A. Maranhao","@id":"https:\/\/diariodepe.com.br\/xinhua\/#\/schema\/person\/0943d6fd02bdc7b49c8f495e8787a2cb"},"headline":"China est\u00e1 pronta para coordenar-se com Su\u00ed\u00e7a para enfrentar desafios globais, diz premi\u00ea","datePublished":"2024-01-16T13:14:00+00:00","mainEntityOfPage":{"@id":"https:\/\/diariodepe.com.br\/xinhua\/2024\/01\/16\/china-esta-pronta-para-coordenar-se-com-suica-para-enfrentar-desafios-globais-diz-premie\/"},"wordCount":349,"commentCount":0,"publisher":{"@id":"https:\/\/diariodepe.com.br\/xinhua\/#organization"},"image":{"@id":"https:\/\/diariodepe.com.br\/xinhua\/2024\/01\/16\/china-esta-pronta-para-coordenar-se-com-suica-para-enfrentar-desafios-globais-diz-premie\/#primaryimage"},"thumbnailUrl":"https:\/\/diariodepe.com.br\/xinhua\/wp-content\/uploads\/sites\/3\/2024\/01\/iFrIiIYUCeqbMtnA.jpeg","articleSection":["Internacional"],"inLanguage":"pt-BR","potentialAction":[{"@type":"CommentAction","name":"Comment","target":["https:\/\/diariodepe.com.br\/xinhua\/2024\/01\/16\/china-esta-pronta-para-coordenar-se-com-suica-para-enfrentar-desafios-globais-diz-premie\/#respond"]}]},{"@type":"WebPage","@id":"https:\/\/diariodepe.com.br\/xinhua\/2024\/01\/16\/china-esta-pronta-para-coordenar-se-com-suica-para-enfrentar-desafios-globais-diz-premie\/","url":"https:\/\/diariodepe.com.br\/xinhua\/2024\/01\/16\/china-esta-pronta-para-coordenar-se-com-suica-para-enfrentar-desafios-globais-diz-premie\/","name":"China est\u00e1 pronta para coordenar-se com Su\u00ed\u00e7a para enfrentar desafios globais, diz premi\u00ea - Xinhua - Diario de Pernambuco","isPartOf":{"@id":"https:\/\/diariodepe.com.br\/xinhua\/#website"},"primaryImageOfPage":{"@id":"https:\/\/diariodepe.com.br\/xinhua\/2024\/01\/16\/china-esta-pronta-para-coordenar-se-com-suica-para-enfrentar-desafios-globais-diz-premie\/#primaryimage"},"image":{"@id":"https:\/\/diariodepe.com.br\/xinhua\/2024\/01\/16\/china-esta-pronta-para-coordenar-se-com-suica-para-enfrentar-desafios-globais-diz-premie\/#primaryimage"},"thumbnailUrl":"https:\/\/diariodepe.com.br\/xinhua\/wp-content\/uploads\/sites\/3\/2024\/01\/iFrIiIYUCeqbMtnA.jpeg","datePublished":"2024-01-16T13:14:00+00:00","breadcrumb":{"@id":"https:\/\/diariodepe.com.br\/xinhua\/2024\/01\/16\/china-esta-pronta-para-coordenar-se-com-suica-para-enfrentar-desafios-globais-diz-premie\/#breadcrumb"},"inLanguage":"pt-BR","potentialAction":[{"@type":"ReadAction","target":["https:\/\/diariodepe.com.br\/xinhua\/2024\/01\/16\/china-esta-pronta-para-coordenar-se-com-suica-para-enfrentar-desafios-globais-diz-premie\/"]}]},{"@type":"ImageObject","inLanguage":"pt-BR","@id":"https:\/\/diariodepe.com.br\/xinhua\/2024\/01\/16\/china-esta-pronta-para-coordenar-se-com-suica-para-enfrentar-desafios-globais-diz-premie\/#primaryimage","url":"https:\/\/diariodepe.com.br\/xinhua\/wp-content\/uploads\/sites\/3\/2024\/01\/iFrIiIYUCeqbMtnA.jpeg","contentUrl":"https:\/\/diariodepe.com.br\/xinhua\/wp-content\/uploads\/sites\/3\/2024\/01\/iFrIiIYUCeqbMtnA.jpeg","width":1016,"height":779},{"@type":"BreadcrumbList","@id":"https:\/\/diariodepe.com.br\/xinhua\/2024\/01\/16\/china-esta-pronta-para-coordenar-se-com-suica-para-enfrentar-desafios-globais-diz-premie\/#breadcrumb","itemListElement":[{"@type":"ListItem","position":1,"name":"In\u00edcio","item":"https:\/\/diariodepe.com.br\/xinhua\/"},{"@type":"ListItem","position":2,"name":"China est\u00e1 pronta para coordenar-se com Su\u00ed\u00e7a para enfrentar desafios globais, diz premi\u00ea"}]},{"@type":"WebSite","@id":"https:\/\/diariodepe.com.br\/xinhua\/#website","url":"https:\/\/diariodepe.com.br\/xinhua\/","name":"Xinhua - Diario de Pernambuco","description":"A maior ag\u00eancia de not\u00edcias da China e um dos principais canais para conhecer o pa\u00eds","publisher":{"@id":"https:\/\/diariodepe.com.br\/xinhua\/#organization"},"potentialAction":[{"@type":"SearchAction","target":{"@type":"EntryPoint","urlTemplate":"https:\/\/diariodepe.com.br\/xinhua\/?s={search_term_string}"},"query-input":{"@type":"PropertyValueSpecification","valueRequired":true,"valueName":"search_term_string"}}],"inLanguage":"pt-BR"},{"@type":"Organization","@id":"https:\/\/diariodepe.com.br\/xinhua\/#organization","name":"Xinhua - Diario de Pernambuco","url":"https:\/\/diariodepe.com.br\/xinhua\/","logo":{"@type":"ImageObject","inLanguage":"pt-BR","@id":"https:\/\/diariodepe.com.br\/xinhua\/#\/schema\/logo\/image\/","url":"https:\/\/diariodepe.com.br\/xinhua\/wp-content\/uploads\/sites\/3\/2020\/10\/cropped-logo-transparente-2.png","contentUrl":"https:\/\/diariodepe.com.br\/xinhua\/wp-content\/uploads\/sites\/3\/2020\/10\/cropped-logo-transparente-2.png","width":512,"height":164,"caption":"Xinhua - Diario de Pernambuco"},"image":{"@id":"https:\/\/diariodepe.com.br\/xinhua\/#\/schema\/logo\/image\/"}},{"@type":"Person","@id":"https:\/\/diariodepe.com.br\/xinhua\/#\/schema\/person\/0943d6fd02bdc7b49c8f495e8787a2cb","name":"Marcelo Oliveira de A. Maranhao","image":{"@type":"ImageObject","inLanguage":"pt-BR","@id":"https:\/\/secure.gravatar.com\/avatar\/f562caee940d39879c20e90eea3e4b21860c7d4c96684c23141c554824f0059c?s=96&d=mm&r=g","url":"https:\/\/secure.gravatar.com\/avatar\/f562caee940d39879c20e90eea3e4b21860c7d4c96684c23141c554824f0059c?s=96&d=mm&r=g","contentUrl":"https:\/\/secure.gravatar.com\/avatar\/f562caee940d39879c20e90eea3e4b21860c7d4c96684c23141c554824f0059c?s=96&d=mm&r=g","caption":"Marcelo Oliveira de A. Maranhao"},"url":"https:\/\/diariodepe.com.br\/xinhua\/author\/marcelo-maranhao\/"}]}},"cc_featured_image_caption":{"caption_text":"","source_text":"","source_url":""},"amp_enabled":true,"_links":{"self":[{"href":"https:\/\/diariodepe.com.br\/xinhua\/wp-json\/wp\/v2\/posts\/17519","targetHints":{"allow":["GET"]}}],"collection":[{"href":"https:\/\/diariodepe.com.br\/xinhua\/wp-json\/wp\/v2\/posts"}],"about":[{"href":"https:\/\/diariodepe.com.br\/xinhua\/wp-json\/wp\/v2\/types\/post"}],"author":[{"embeddable":true,"href":"https:\/\/diariodepe.com.br\/xinhua\/wp-json\/wp\/v2\/users\/3"}],"replies":[{"embeddable":true,"href":"https:\/\/diariodepe.com.br\/xinhua\/wp-json\/wp\/v2\/comments?post=17519"}],"version-history":[{"count":1,"href":"https:\/\/diariodepe.com.br\/xinhua\/wp-json\/wp\/v2\/posts\/17519\/revisions"}],"predecessor-version":[{"id":17521,"href":"https:\/\/diariodepe.com.br\/xinhua\/wp-json\/wp\/v2\/posts\/17519\/revisions\/17521"}],"wp:featuredmedia":[{"embeddable":true,"href":"https:\/\/diariodepe.com.br\/xinhua\/wp-json\/wp\/v2\/media\/17520"}],"wp:attachment":[{"href":"https:\/\/diariodepe.com.br\/xinhua\/wp-json\/wp\/v2\/media?parent=17519"}],"wp:term":[{"taxonomy":"category","embeddable":true,"href":"https:\/\/diariodepe.com.br\/xinhua\/wp-json\/wp\/v2\/categories?post=17519"},{"taxonomy":"post_tag","embeddable":true,"href":"https:\/\/diariodepe.com.br\/xinhua\/wp-json\/wp\/v2\/tags?post=17519"}],"curies":[{"name":"wp","href":"https:\/\/api.w.org\/{rel}","templated":true}]}}