{"id":1747,"date":"2021-05-19T10:19:43","date_gmt":"2021-05-19T13:19:43","guid":{"rendered":"http:\/\/www.diariodepe.com.br\/xinhua\/?p=1747"},"modified":"2021-05-19T10:19:45","modified_gmt":"2021-05-19T13:19:45","slug":"vice-primeiro-ministro-chines-pede-retomada-do-impulso-ao-desenvolvimento-na-africa","status":"publish","type":"post","link":"https:\/\/diariodepe.com.br\/xinhua\/2021\/05\/19\/vice-primeiro-ministro-chines-pede-retomada-do-impulso-ao-desenvolvimento-na-africa\/","title":{"rendered":"Vice-primeiro-ministro chin\u00eas pede retomada do impulso ao desenvolvimento na \u00c1frica"},"content":{"rendered":"\n<p>Beijing, 19 mai (China) &#8212; O vice-premi\u00ea chin\u00eas Han Zheng pediu nesta ter\u00e7a-feira a retomada e continua\u00e7\u00e3o do impulso ao desenvolvimento na \u00c1frica diante da pandemia de COVID-19.<\/p>\n\n\n\n<p>Han, tamb\u00e9m membro do Comit\u00ea Permanente do Bir\u00f4 Pol\u00edtico do Comit\u00ea Central do Partido Comunista da China, fez as observa\u00e7\u00f5es ao fazer um discurso em uma c\u00fapula que busca impulsionar o financiamento na \u00c1frica iniciado pela Fran\u00e7a.<\/p>\n\n\n\n<p>Han disse que a China prop\u00f5e que todas as partes honrem suas promessas e ajudem a aliviar a press\u00e3o da d\u00edvida africana.<\/p>\n\n\n\n<p>Observando que a China implementar\u00e1 plenamente a Iniciativa de Suspens\u00e3o do Servi\u00e7o da D\u00edvida do G20 e continuar\u00e1 a trabalhar com a comunidade internacional para ajudar a aliviar a carga da d\u00edvida dos pa\u00edses africanos, de acordo com o princ\u00edpio de &#8220;a\u00e7\u00e3o conjunta e carga equitativa&#8221;, Han disse que a China espera que pa\u00edses desenvolvidos, institui\u00e7\u00f5es financeiras multilaterais e bancos comerciais tomem a\u00e7\u00f5es concretas.<\/p>\n\n\n\n<p>Ele tamb\u00e9m pediu coopera\u00e7\u00e3o ganha-ganha para promover a recupera\u00e7\u00e3o econ\u00f4mica na \u00c1frica.<\/p>\n\n\n\n<p>&#8220;A China apoia institui\u00e7\u00f5es financeiras internacionais e setores privados para expandir o financiamento para o desenvolvimento de longo prazo da \u00c1frica, fortalecer a infraestrutura e a capacita\u00e7\u00e3o e ajudar os pa\u00edses africanos a alcan\u00e7ar a independ\u00eancia econ\u00f4mica e o desenvolvimento sustent\u00e1vel&#8221;, acrescentou Han.<\/p>\n\n\n\n<p>Pedindo o desenvolvimento verde e a transforma\u00e7\u00e3o do crescimento da \u00c1frica, Han disse que a China est\u00e1 pronta para dialogar e realizar interc\u00e2mbios com outros pa\u00edses sobre o projeto da Grande Muralha Verde e compartilhar experi\u00eancias \u00fateis com eles.<\/p>\n\n\n\n<p>&#8220;A China continuar\u00e1 fornecendo assist\u00eancia vacinal \u00e0 \u00c1frica e ajudar\u00e1 a promover a aquisi\u00e7\u00e3o comercial de vacinas por pa\u00edses relevantes na China&#8221;, disse Han, acrescentando que se espera que a comunidade internacional, especialmente os pa\u00edses desenvolvidos, forne\u00e7a maior apoio e assist\u00eancia para garantir o acesso e a acessibilidade das vacinas nos pa\u00edses africanos.<\/p>\n","protected":false},"excerpt":{"rendered":"<p>Beijing, 19 mai (China) &#8212; O vice-premi\u00ea chin\u00eas Han Zheng pediu nesta ter\u00e7a-feira a retomada e continua\u00e7\u00e3o do impulso ao desenvolvimento na \u00c1frica diante da pandemia de COVID-19. Han, tamb\u00e9m membro do Comit\u00ea Permanente do Bir\u00f4 Pol\u00edtico do Comit\u00ea Central&#8230;<\/p>\n","protected":false},"author":3,"featured_media":1748,"comment_status":"open","ping_status":"open","sticky":false,"template":"","format":"standard","meta":{"footnotes":""},"categories":[3],"tags":[],"class_list":["post-1747","post","type-post","status-publish","format-standard","has-post-thumbnail","hentry","category-china"],"yoast_head":"<!-- This site is optimized with the Yoast SEO plugin v27.4 - https:\/\/yoast.com\/product\/yoast-seo-wordpress\/ -->\n<title>Vice-primeiro-ministro chin\u00eas pede retomada do impulso ao desenvolvimento na \u00c1frica - Xinhua - Diario de Pernambuco<\/title>\n<meta name=\"robots\" content=\"index, follow, max-snippet:-1, max-image-preview:large, max-video-preview:-1\" \/>\n<link rel=\"canonical\" href=\"https:\/\/diariodepe.com.br\/xinhua\/2021\/05\/19\/vice-primeiro-ministro-chines-pede-retomada-do-impulso-ao-desenvolvimento-na-africa\/\" \/>\n<meta property=\"og:locale\" content=\"pt_BR\" \/>\n<meta property=\"og:type\" content=\"article\" \/>\n<meta property=\"og:title\" content=\"Vice-primeiro-ministro chin\u00eas pede retomada do impulso ao desenvolvimento na \u00c1frica - Xinhua - Diario de Pernambuco\" \/>\n<meta property=\"og:description\" content=\"Beijing, 19 mai (China) &#8212; O vice-premi\u00ea chin\u00eas Han Zheng pediu nesta ter\u00e7a-feira a retomada e continua\u00e7\u00e3o do impulso ao desenvolvimento na \u00c1frica diante da pandemia de COVID-19. Han, tamb\u00e9m membro do Comit\u00ea Permanente do Bir\u00f4 Pol\u00edtico do Comit\u00ea Central...\" \/>\n<meta property=\"og:url\" content=\"https:\/\/diariodepe.com.br\/xinhua\/2021\/05\/19\/vice-primeiro-ministro-chines-pede-retomada-do-impulso-ao-desenvolvimento-na-africa\/\" \/>\n<meta property=\"og:site_name\" content=\"Xinhua - Diario de Pernambuco\" \/>\n<meta property=\"article:published_time\" content=\"2021-05-19T13:19:43+00:00\" \/>\n<meta property=\"article:modified_time\" content=\"2021-05-19T13:19:45+00:00\" \/>\n<meta property=\"og:image\" content=\"https:\/\/diariodepe.com.br\/xinhua\/wp-content\/uploads\/sites\/3\/2021\/05\/139955959_16214133408821n.jpg\" \/>\n\t<meta property=\"og:image:width\" content=\"1023\" \/>\n\t<meta property=\"og:image:height\" content=\"656\" \/>\n\t<meta property=\"og:image:type\" content=\"image\/jpeg\" \/>\n<meta name=\"author\" content=\"Marcelo Oliveira de A. Maranhao\" \/>\n<meta name=\"twitter:card\" content=\"summary_large_image\" \/>\n<meta name=\"twitter:label1\" content=\"Escrito por\" \/>\n\t<meta name=\"twitter:data1\" content=\"Marcelo Oliveira de A. Maranhao\" \/>\n\t<meta name=\"twitter:label2\" content=\"Est. tempo de leitura\" \/>\n\t<meta name=\"twitter:data2\" content=\"2 minutos\" \/>\n<script type=\"application\/ld+json\" class=\"yoast-schema-graph\">{\"@context\":\"https:\\\/\\\/schema.org\",\"@graph\":[{\"@type\":\"Article\",\"@id\":\"https:\\\/\\\/diariodepe.com.br\\\/xinhua\\\/2021\\\/05\\\/19\\\/vice-primeiro-ministro-chines-pede-retomada-do-impulso-ao-desenvolvimento-na-africa\\\/#article\",\"isPartOf\":{\"@id\":\"https:\\\/\\\/diariodepe.com.br\\\/xinhua\\\/2021\\\/05\\\/19\\\/vice-primeiro-ministro-chines-pede-retomada-do-impulso-ao-desenvolvimento-na-africa\\\/\"},\"author\":{\"name\":\"Marcelo Oliveira de A. Maranhao\",\"@id\":\"https:\\\/\\\/diariodepe.com.br\\\/xinhua\\\/#\\\/schema\\\/person\\\/0943d6fd02bdc7b49c8f495e8787a2cb\"},\"headline\":\"Vice-primeiro-ministro chin\u00eas pede retomada do impulso ao desenvolvimento na \u00c1frica\",\"datePublished\":\"2021-05-19T13:19:43+00:00\",\"dateModified\":\"2021-05-19T13:19:45+00:00\",\"mainEntityOfPage\":{\"@id\":\"https:\\\/\\\/diariodepe.com.br\\\/xinhua\\\/2021\\\/05\\\/19\\\/vice-primeiro-ministro-chines-pede-retomada-do-impulso-ao-desenvolvimento-na-africa\\\/\"},\"wordCount\":350,\"commentCount\":0,\"publisher\":{\"@id\":\"https:\\\/\\\/diariodepe.com.br\\\/xinhua\\\/#organization\"},\"image\":{\"@id\":\"https:\\\/\\\/diariodepe.com.br\\\/xinhua\\\/2021\\\/05\\\/19\\\/vice-primeiro-ministro-chines-pede-retomada-do-impulso-ao-desenvolvimento-na-africa\\\/#primaryimage\"},\"thumbnailUrl\":\"https:\\\/\\\/diariodepe.com.br\\\/xinhua\\\/wp-content\\\/uploads\\\/sites\\\/3\\\/2021\\\/05\\\/139955959_16214133408821n.jpg\",\"articleSection\":[\"China\"],\"inLanguage\":\"pt-BR\",\"potentialAction\":[{\"@type\":\"CommentAction\",\"name\":\"Comment\",\"target\":[\"https:\\\/\\\/diariodepe.com.br\\\/xinhua\\\/2021\\\/05\\\/19\\\/vice-primeiro-ministro-chines-pede-retomada-do-impulso-ao-desenvolvimento-na-africa\\\/#respond\"]}]},{\"@type\":\"WebPage\",\"@id\":\"https:\\\/\\\/diariodepe.com.br\\\/xinhua\\\/2021\\\/05\\\/19\\\/vice-primeiro-ministro-chines-pede-retomada-do-impulso-ao-desenvolvimento-na-africa\\\/\",\"url\":\"https:\\\/\\\/diariodepe.com.br\\\/xinhua\\\/2021\\\/05\\\/19\\\/vice-primeiro-ministro-chines-pede-retomada-do-impulso-ao-desenvolvimento-na-africa\\\/\",\"name\":\"Vice-primeiro-ministro chin\u00eas pede retomada do impulso ao desenvolvimento na \u00c1frica - Xinhua - Diario de Pernambuco\",\"isPartOf\":{\"@id\":\"https:\\\/\\\/diariodepe.com.br\\\/xinhua\\\/#website\"},\"primaryImageOfPage\":{\"@id\":\"https:\\\/\\\/diariodepe.com.br\\\/xinhua\\\/2021\\\/05\\\/19\\\/vice-primeiro-ministro-chines-pede-retomada-do-impulso-ao-desenvolvimento-na-africa\\\/#primaryimage\"},\"image\":{\"@id\":\"https:\\\/\\\/diariodepe.com.br\\\/xinhua\\\/2021\\\/05\\\/19\\\/vice-primeiro-ministro-chines-pede-retomada-do-impulso-ao-desenvolvimento-na-africa\\\/#primaryimage\"},\"thumbnailUrl\":\"https:\\\/\\\/diariodepe.com.br\\\/xinhua\\\/wp-content\\\/uploads\\\/sites\\\/3\\\/2021\\\/05\\\/139955959_16214133408821n.jpg\",\"datePublished\":\"2021-05-19T13:19:43+00:00\",\"dateModified\":\"2021-05-19T13:19:45+00:00\",\"breadcrumb\":{\"@id\":\"https:\\\/\\\/diariodepe.com.br\\\/xinhua\\\/2021\\\/05\\\/19\\\/vice-primeiro-ministro-chines-pede-retomada-do-impulso-ao-desenvolvimento-na-africa\\\/#breadcrumb\"},\"inLanguage\":\"pt-BR\",\"potentialAction\":[{\"@type\":\"ReadAction\",\"target\":[\"https:\\\/\\\/diariodepe.com.br\\\/xinhua\\\/2021\\\/05\\\/19\\\/vice-primeiro-ministro-chines-pede-retomada-do-impulso-ao-desenvolvimento-na-africa\\\/\"]}]},{\"@type\":\"ImageObject\",\"inLanguage\":\"pt-BR\",\"@id\":\"https:\\\/\\\/diariodepe.com.br\\\/xinhua\\\/2021\\\/05\\\/19\\\/vice-primeiro-ministro-chines-pede-retomada-do-impulso-ao-desenvolvimento-na-africa\\\/#primaryimage\",\"url\":\"https:\\\/\\\/diariodepe.com.br\\\/xinhua\\\/wp-content\\\/uploads\\\/sites\\\/3\\\/2021\\\/05\\\/139955959_16214133408821n.jpg\",\"contentUrl\":\"https:\\\/\\\/diariodepe.com.br\\\/xinhua\\\/wp-content\\\/uploads\\\/sites\\\/3\\\/2021\\\/05\\\/139955959_16214133408821n.jpg\",\"width\":1023,\"height\":656,\"caption\":\"(Xinhua\\\/Zhang Ling)\"},{\"@type\":\"BreadcrumbList\",\"@id\":\"https:\\\/\\\/diariodepe.com.br\\\/xinhua\\\/2021\\\/05\\\/19\\\/vice-primeiro-ministro-chines-pede-retomada-do-impulso-ao-desenvolvimento-na-africa\\\/#breadcrumb\",\"itemListElement\":[{\"@type\":\"ListItem\",\"position\":1,\"name\":\"In\u00edcio\",\"item\":\"https:\\\/\\\/diariodepe.com.br\\\/xinhua\\\/\"},{\"@type\":\"ListItem\",\"position\":2,\"name\":\"Vice-primeiro-ministro chin\u00eas pede retomada do impulso ao desenvolvimento na \u00c1frica\"}]},{\"@type\":\"WebSite\",\"@id\":\"https:\\\/\\\/diariodepe.com.br\\\/xinhua\\\/#website\",\"url\":\"https:\\\/\\\/diariodepe.com.br\\\/xinhua\\\/\",\"name\":\"Xinhua - Diario de Pernambuco\",\"description\":\"A maior ag\u00eancia de not\u00edcias da China e um dos principais canais para conhecer o pa\u00eds\",\"publisher\":{\"@id\":\"https:\\\/\\\/diariodepe.com.br\\\/xinhua\\\/#organization\"},\"potentialAction\":[{\"@type\":\"SearchAction\",\"target\":{\"@type\":\"EntryPoint\",\"urlTemplate\":\"https:\\\/\\\/diariodepe.com.br\\\/xinhua\\\/?s={search_term_string}\"},\"query-input\":{\"@type\":\"PropertyValueSpecification\",\"valueRequired\":true,\"valueName\":\"search_term_string\"}}],\"inLanguage\":\"pt-BR\"},{\"@type\":\"Organization\",\"@id\":\"https:\\\/\\\/diariodepe.com.br\\\/xinhua\\\/#organization\",\"name\":\"Xinhua - Diario de Pernambuco\",\"url\":\"https:\\\/\\\/diariodepe.com.br\\\/xinhua\\\/\",\"logo\":{\"@type\":\"ImageObject\",\"inLanguage\":\"pt-BR\",\"@id\":\"https:\\\/\\\/diariodepe.com.br\\\/xinhua\\\/#\\\/schema\\\/logo\\\/image\\\/\",\"url\":\"https:\\\/\\\/diariodepe.com.br\\\/xinhua\\\/wp-content\\\/uploads\\\/sites\\\/3\\\/2020\\\/10\\\/cropped-logo-transparente-2.png\",\"contentUrl\":\"https:\\\/\\\/diariodepe.com.br\\\/xinhua\\\/wp-content\\\/uploads\\\/sites\\\/3\\\/2020\\\/10\\\/cropped-logo-transparente-2.png\",\"width\":512,\"height\":164,\"caption\":\"Xinhua - Diario de Pernambuco\"},\"image\":{\"@id\":\"https:\\\/\\\/diariodepe.com.br\\\/xinhua\\\/#\\\/schema\\\/logo\\\/image\\\/\"}},{\"@type\":\"Person\",\"@id\":\"https:\\\/\\\/diariodepe.com.br\\\/xinhua\\\/#\\\/schema\\\/person\\\/0943d6fd02bdc7b49c8f495e8787a2cb\",\"name\":\"Marcelo Oliveira de A. Maranhao\",\"image\":{\"@type\":\"ImageObject\",\"inLanguage\":\"pt-BR\",\"@id\":\"https:\\\/\\\/secure.gravatar.com\\\/avatar\\\/f562caee940d39879c20e90eea3e4b21860c7d4c96684c23141c554824f0059c?s=96&d=mm&r=g\",\"url\":\"https:\\\/\\\/secure.gravatar.com\\\/avatar\\\/f562caee940d39879c20e90eea3e4b21860c7d4c96684c23141c554824f0059c?s=96&d=mm&r=g\",\"contentUrl\":\"https:\\\/\\\/secure.gravatar.com\\\/avatar\\\/f562caee940d39879c20e90eea3e4b21860c7d4c96684c23141c554824f0059c?s=96&d=mm&r=g\",\"caption\":\"Marcelo Oliveira de A. Maranhao\"},\"url\":\"https:\\\/\\\/diariodepe.com.br\\\/xinhua\\\/author\\\/marcelo-maranhao\\\/\"}]}<\/script>\n<!-- \/ Yoast SEO plugin. -->","yoast_head_json":{"title":"Vice-primeiro-ministro chin\u00eas pede retomada do impulso ao desenvolvimento na \u00c1frica - Xinhua - Diario de Pernambuco","robots":{"index":"index","follow":"follow","max-snippet":"max-snippet:-1","max-image-preview":"max-image-preview:large","max-video-preview":"max-video-preview:-1"},"canonical":"https:\/\/diariodepe.com.br\/xinhua\/2021\/05\/19\/vice-primeiro-ministro-chines-pede-retomada-do-impulso-ao-desenvolvimento-na-africa\/","og_locale":"pt_BR","og_type":"article","og_title":"Vice-primeiro-ministro chin\u00eas pede retomada do impulso ao desenvolvimento na \u00c1frica - Xinhua - Diario de Pernambuco","og_description":"Beijing, 19 mai (China) &#8212; O vice-premi\u00ea chin\u00eas Han Zheng pediu nesta ter\u00e7a-feira a retomada e continua\u00e7\u00e3o do impulso ao desenvolvimento na \u00c1frica diante da pandemia de COVID-19. Han, tamb\u00e9m membro do Comit\u00ea Permanente do Bir\u00f4 Pol\u00edtico do Comit\u00ea Central...","og_url":"https:\/\/diariodepe.com.br\/xinhua\/2021\/05\/19\/vice-primeiro-ministro-chines-pede-retomada-do-impulso-ao-desenvolvimento-na-africa\/","og_site_name":"Xinhua - Diario de Pernambuco","article_published_time":"2021-05-19T13:19:43+00:00","article_modified_time":"2021-05-19T13:19:45+00:00","og_image":[{"width":1023,"height":656,"url":"https:\/\/diariodepe.com.br\/xinhua\/wp-content\/uploads\/sites\/3\/2021\/05\/139955959_16214133408821n.jpg","type":"image\/jpeg"}],"author":"Marcelo Oliveira de A. Maranhao","twitter_card":"summary_large_image","twitter_misc":{"Escrito por":"Marcelo Oliveira de A. Maranhao","Est. tempo de leitura":"2 minutos"},"schema":{"@context":"https:\/\/schema.org","@graph":[{"@type":"Article","@id":"https:\/\/diariodepe.com.br\/xinhua\/2021\/05\/19\/vice-primeiro-ministro-chines-pede-retomada-do-impulso-ao-desenvolvimento-na-africa\/#article","isPartOf":{"@id":"https:\/\/diariodepe.com.br\/xinhua\/2021\/05\/19\/vice-primeiro-ministro-chines-pede-retomada-do-impulso-ao-desenvolvimento-na-africa\/"},"author":{"name":"Marcelo Oliveira de A. Maranhao","@id":"https:\/\/diariodepe.com.br\/xinhua\/#\/schema\/person\/0943d6fd02bdc7b49c8f495e8787a2cb"},"headline":"Vice-primeiro-ministro chin\u00eas pede retomada do impulso ao desenvolvimento na \u00c1frica","datePublished":"2021-05-19T13:19:43+00:00","dateModified":"2021-05-19T13:19:45+00:00","mainEntityOfPage":{"@id":"https:\/\/diariodepe.com.br\/xinhua\/2021\/05\/19\/vice-primeiro-ministro-chines-pede-retomada-do-impulso-ao-desenvolvimento-na-africa\/"},"wordCount":350,"commentCount":0,"publisher":{"@id":"https:\/\/diariodepe.com.br\/xinhua\/#organization"},"image":{"@id":"https:\/\/diariodepe.com.br\/xinhua\/2021\/05\/19\/vice-primeiro-ministro-chines-pede-retomada-do-impulso-ao-desenvolvimento-na-africa\/#primaryimage"},"thumbnailUrl":"https:\/\/diariodepe.com.br\/xinhua\/wp-content\/uploads\/sites\/3\/2021\/05\/139955959_16214133408821n.jpg","articleSection":["China"],"inLanguage":"pt-BR","potentialAction":[{"@type":"CommentAction","name":"Comment","target":["https:\/\/diariodepe.com.br\/xinhua\/2021\/05\/19\/vice-primeiro-ministro-chines-pede-retomada-do-impulso-ao-desenvolvimento-na-africa\/#respond"]}]},{"@type":"WebPage","@id":"https:\/\/diariodepe.com.br\/xinhua\/2021\/05\/19\/vice-primeiro-ministro-chines-pede-retomada-do-impulso-ao-desenvolvimento-na-africa\/","url":"https:\/\/diariodepe.com.br\/xinhua\/2021\/05\/19\/vice-primeiro-ministro-chines-pede-retomada-do-impulso-ao-desenvolvimento-na-africa\/","name":"Vice-primeiro-ministro chin\u00eas pede retomada do impulso ao desenvolvimento na \u00c1frica - Xinhua - Diario de Pernambuco","isPartOf":{"@id":"https:\/\/diariodepe.com.br\/xinhua\/#website"},"primaryImageOfPage":{"@id":"https:\/\/diariodepe.com.br\/xinhua\/2021\/05\/19\/vice-primeiro-ministro-chines-pede-retomada-do-impulso-ao-desenvolvimento-na-africa\/#primaryimage"},"image":{"@id":"https:\/\/diariodepe.com.br\/xinhua\/2021\/05\/19\/vice-primeiro-ministro-chines-pede-retomada-do-impulso-ao-desenvolvimento-na-africa\/#primaryimage"},"thumbnailUrl":"https:\/\/diariodepe.com.br\/xinhua\/wp-content\/uploads\/sites\/3\/2021\/05\/139955959_16214133408821n.jpg","datePublished":"2021-05-19T13:19:43+00:00","dateModified":"2021-05-19T13:19:45+00:00","breadcrumb":{"@id":"https:\/\/diariodepe.com.br\/xinhua\/2021\/05\/19\/vice-primeiro-ministro-chines-pede-retomada-do-impulso-ao-desenvolvimento-na-africa\/#breadcrumb"},"inLanguage":"pt-BR","potentialAction":[{"@type":"ReadAction","target":["https:\/\/diariodepe.com.br\/xinhua\/2021\/05\/19\/vice-primeiro-ministro-chines-pede-retomada-do-impulso-ao-desenvolvimento-na-africa\/"]}]},{"@type":"ImageObject","inLanguage":"pt-BR","@id":"https:\/\/diariodepe.com.br\/xinhua\/2021\/05\/19\/vice-primeiro-ministro-chines-pede-retomada-do-impulso-ao-desenvolvimento-na-africa\/#primaryimage","url":"https:\/\/diariodepe.com.br\/xinhua\/wp-content\/uploads\/sites\/3\/2021\/05\/139955959_16214133408821n.jpg","contentUrl":"https:\/\/diariodepe.com.br\/xinhua\/wp-content\/uploads\/sites\/3\/2021\/05\/139955959_16214133408821n.jpg","width":1023,"height":656,"caption":"(Xinhua\/Zhang Ling)"},{"@type":"BreadcrumbList","@id":"https:\/\/diariodepe.com.br\/xinhua\/2021\/05\/19\/vice-primeiro-ministro-chines-pede-retomada-do-impulso-ao-desenvolvimento-na-africa\/#breadcrumb","itemListElement":[{"@type":"ListItem","position":1,"name":"In\u00edcio","item":"https:\/\/diariodepe.com.br\/xinhua\/"},{"@type":"ListItem","position":2,"name":"Vice-primeiro-ministro chin\u00eas pede retomada do impulso ao desenvolvimento na \u00c1frica"}]},{"@type":"WebSite","@id":"https:\/\/diariodepe.com.br\/xinhua\/#website","url":"https:\/\/diariodepe.com.br\/xinhua\/","name":"Xinhua - Diario de Pernambuco","description":"A maior ag\u00eancia de not\u00edcias da China e um dos principais canais para conhecer o pa\u00eds","publisher":{"@id":"https:\/\/diariodepe.com.br\/xinhua\/#organization"},"potentialAction":[{"@type":"SearchAction","target":{"@type":"EntryPoint","urlTemplate":"https:\/\/diariodepe.com.br\/xinhua\/?s={search_term_string}"},"query-input":{"@type":"PropertyValueSpecification","valueRequired":true,"valueName":"search_term_string"}}],"inLanguage":"pt-BR"},{"@type":"Organization","@id":"https:\/\/diariodepe.com.br\/xinhua\/#organization","name":"Xinhua - Diario de Pernambuco","url":"https:\/\/diariodepe.com.br\/xinhua\/","logo":{"@type":"ImageObject","inLanguage":"pt-BR","@id":"https:\/\/diariodepe.com.br\/xinhua\/#\/schema\/logo\/image\/","url":"https:\/\/diariodepe.com.br\/xinhua\/wp-content\/uploads\/sites\/3\/2020\/10\/cropped-logo-transparente-2.png","contentUrl":"https:\/\/diariodepe.com.br\/xinhua\/wp-content\/uploads\/sites\/3\/2020\/10\/cropped-logo-transparente-2.png","width":512,"height":164,"caption":"Xinhua - Diario de Pernambuco"},"image":{"@id":"https:\/\/diariodepe.com.br\/xinhua\/#\/schema\/logo\/image\/"}},{"@type":"Person","@id":"https:\/\/diariodepe.com.br\/xinhua\/#\/schema\/person\/0943d6fd02bdc7b49c8f495e8787a2cb","name":"Marcelo Oliveira de A. Maranhao","image":{"@type":"ImageObject","inLanguage":"pt-BR","@id":"https:\/\/secure.gravatar.com\/avatar\/f562caee940d39879c20e90eea3e4b21860c7d4c96684c23141c554824f0059c?s=96&d=mm&r=g","url":"https:\/\/secure.gravatar.com\/avatar\/f562caee940d39879c20e90eea3e4b21860c7d4c96684c23141c554824f0059c?s=96&d=mm&r=g","contentUrl":"https:\/\/secure.gravatar.com\/avatar\/f562caee940d39879c20e90eea3e4b21860c7d4c96684c23141c554824f0059c?s=96&d=mm&r=g","caption":"Marcelo Oliveira de A. Maranhao"},"url":"https:\/\/diariodepe.com.br\/xinhua\/author\/marcelo-maranhao\/"}]}},"cc_featured_image_caption":{"caption_text":"","source_text":"","source_url":""},"amp_enabled":true,"_links":{"self":[{"href":"https:\/\/diariodepe.com.br\/xinhua\/wp-json\/wp\/v2\/posts\/1747","targetHints":{"allow":["GET"]}}],"collection":[{"href":"https:\/\/diariodepe.com.br\/xinhua\/wp-json\/wp\/v2\/posts"}],"about":[{"href":"https:\/\/diariodepe.com.br\/xinhua\/wp-json\/wp\/v2\/types\/post"}],"author":[{"embeddable":true,"href":"https:\/\/diariodepe.com.br\/xinhua\/wp-json\/wp\/v2\/users\/3"}],"replies":[{"embeddable":true,"href":"https:\/\/diariodepe.com.br\/xinhua\/wp-json\/wp\/v2\/comments?post=1747"}],"version-history":[{"count":1,"href":"https:\/\/diariodepe.com.br\/xinhua\/wp-json\/wp\/v2\/posts\/1747\/revisions"}],"predecessor-version":[{"id":1749,"href":"https:\/\/diariodepe.com.br\/xinhua\/wp-json\/wp\/v2\/posts\/1747\/revisions\/1749"}],"wp:featuredmedia":[{"embeddable":true,"href":"https:\/\/diariodepe.com.br\/xinhua\/wp-json\/wp\/v2\/media\/1748"}],"wp:attachment":[{"href":"https:\/\/diariodepe.com.br\/xinhua\/wp-json\/wp\/v2\/media?parent=1747"}],"wp:term":[{"taxonomy":"category","embeddable":true,"href":"https:\/\/diariodepe.com.br\/xinhua\/wp-json\/wp\/v2\/categories?post=1747"},{"taxonomy":"post_tag","embeddable":true,"href":"https:\/\/diariodepe.com.br\/xinhua\/wp-json\/wp\/v2\/tags?post=1747"}],"curies":[{"name":"wp","href":"https:\/\/api.w.org\/{rel}","templated":true}]}}