{"id":1734,"date":"2021-05-18T09:25:19","date_gmt":"2021-05-18T12:25:19","guid":{"rendered":"http:\/\/www.diariodepe.com.br\/xinhua\/?p=1734"},"modified":"2021-05-18T09:25:21","modified_gmt":"2021-05-18T12:25:21","slug":"china-e-italia-prometem-aprofundar-lacos-bilaterais-e-avancar-cooperacao-china-ue","status":"publish","type":"post","link":"https:\/\/diariodepe.com.br\/xinhua\/2021\/05\/18\/china-e-italia-prometem-aprofundar-lacos-bilaterais-e-avancar-cooperacao-china-ue\/","title":{"rendered":"China e It\u00e1lia prometem aprofundar la\u00e7os bilaterais e avan\u00e7ar coopera\u00e7\u00e3o China-UE"},"content":{"rendered":"\n<p>Suprimentos m\u00e9dicos que v\u00eam junto com a terceira equipe m\u00e9dica chinesa s\u00e3o descarregados do avi\u00e3o no Aeroporto Malpensa de Mil\u00e3o, em Mil\u00e3o, It\u00e1lia, em 25 de mar\u00e7o de 2020. (Str\/Xinhua)<\/p>\n\n\n\n<p>Beijing, 17 mai (China) &#8212; O primeiro-ministro da China, Li Keqiang, realizou nesta segunda-feira uma conversa telef\u00f4nica com seu hom\u00f3logo da It\u00e1lia, Mario Draghi, e ambos prometeram promover as rela\u00e7\u00f5es bilaterais e impulsionar a coopera\u00e7\u00e3o entre a China e a Uni\u00e3o Europeia (UE) para enfrentar os desafios globais.<\/p>\n\n\n\n<p>Ao sublinhar sua parceria estrat\u00e9gica abrangente, Li disse que as rela\u00e7\u00f5es entre a China e a It\u00e1lia est\u00e3o arraigadas em uma longa hist\u00f3ria de interc\u00e2mbios e desfrutam de s\u00f3lidos la\u00e7os de interesses.<\/p>\n\n\n\n<p>Desde o ano passado, as duas partes uniram esfor\u00e7os para realizar a coopera\u00e7\u00e3o internacional na luta contra a epidemia da COVID-19, e obtiveram um positivo progresso em projetos de coopera\u00e7\u00e3o chave, indicou Li.<\/p>\n\n\n\n<p>A China deseja trabalhar com a It\u00e1lia para promover a coopera\u00e7\u00e3o em \u00e1reas como com\u00e9rcio, investimento, energia e mudan\u00e7a clim\u00e1tica, mencionou.<\/p>\n\n\n\n<p>O primeiro-ministro chin\u00eas pediu que as duas partes garantam o sucesso do Ano de Cultura e Turismo China-It\u00e1lia que acontecer\u00e1 em 2022, expandam os interc\u00e2mbios culturais e entre pessoas e fortale\u00e7am a coopera\u00e7\u00e3o no marco do Grupo dos 20 (G20).<\/p>\n\n\n\n<p>Li acredita que o aprofundamento das rela\u00e7\u00f5es e da coopera\u00e7\u00e3o entre a China e a It\u00e1lia ajudar\u00e1 a melhorar o bem-estar dos povos dos dois pa\u00edses.<\/p>\n\n\n\n<p>A China d\u00e1 grande import\u00e2ncia a suas rela\u00e7\u00f5es com a UE, disse Li, acrescentando que uma UE unida e pr\u00f3spera \u00e9 uma for\u00e7a importante para preservar a paz mundial, apoiar o multilateralismo e promover o livre com\u00e9rcio.<\/p>\n\n\n\n<p>O primeiro-ministro chin\u00eas espera que ambas as partes dirijam suas rela\u00e7\u00f5es \u00e0 dire\u00e7\u00e3o correta, adiram a uma mentalidade aberta para impulsionar a coopera\u00e7\u00e3o pragm\u00e1tica e resolver as diferen\u00e7as atrav\u00e9s do di\u00e1logo e coordena\u00e7\u00e3o baseados no respeito m\u00fatuo.<\/p>\n\n\n\n<p>Ao assinalar que a coopera\u00e7\u00e3o entre a China e a UE contribuir\u00e1 \u00e0 recupera\u00e7\u00e3o econ\u00f4mica global, Li salientou que ambas as partes devem trabalhar conjuntamente para p\u00f4r em vigor o acordo o mais cedo poss\u00edvel.<\/p>\n\n\n\n<p>Li espera que a It\u00e1lia, um membro importante da UE, continue desempenhando um papel positivo na promo\u00e7\u00e3o de um desenvolvimento saud\u00e1vel e est\u00e1vel das rela\u00e7\u00f5es com a China.<\/p>\n\n\n\n<p>Por sua parte, Draghi disse que a It\u00e1lia d\u00e1 grande import\u00e2ncia a sua parceria estrat\u00e9gica abrangente com a China e que est\u00e1 disposta a trabalhar com o pa\u00eds para impulsionar projetos de coopera\u00e7\u00e3o importantes, aprofundar a coopera\u00e7\u00e3o bilateral em energia, avia\u00e7\u00e3o, economia e com\u00e9rcio e investimento.<\/p>\n\n\n\n<p>A It\u00e1lia est\u00e1 disposta a aproveitar a oportunidade do Ano de Cultura e Turismo It\u00e1lia-China para promover os interc\u00e2mbios entre pessoas e culturais, destacou.<\/p>\n\n\n\n<p>Draghi acrescentou que aprecia o apoio da China ao trabalho da It\u00e1lia em sua presid\u00eancia no G20 e afirmou que a It\u00e1lia est\u00e1 disposta a refor\u00e7ar a comunica\u00e7\u00e3o e a coordena\u00e7\u00e3o com a China em assuntos multilaterais, a promover a coopera\u00e7\u00e3o internacional na luta contra a COVID-19, a impulsionar a recupera\u00e7\u00e3o econ\u00f4mica global e a abordar conjuntamente a mudan\u00e7a clim\u00e1tica e outros desafios.<\/p>\n\n\n\n<p>Ao assinalar que o acordo de investimento entre a UE e a China \u00e9 um importante consenso entre ambas as partes, Draghi disse que a It\u00e1lia apoia o avan\u00e7o do processo de seguimento do tratado atrav\u00e9s do di\u00e1logo em uma data pr\u00f3xima.<\/p>\n\n\n\n<figure class=\"wp-block-image\"><img decoding=\"async\" src=\"http:\/\/portuguese.xinhuanet.com\/2021-05\/18\/139953174_16213115078511n.jpg\" alt=\"\"\/><\/figure>\n\n\n\n<p>Membros da terceira equipe m\u00e9dica chinesa posam para uma foto de grupo com a popula\u00e7\u00e3o local depois que chegaram ao Aeroporto Malpensa de Mil\u00e3o, em Mil\u00e3o, It\u00e1lia, em 25 de mar\u00e7o de 2020. (Str\/Xinhua)<\/p>\n","protected":false},"excerpt":{"rendered":"<p>Suprimentos m\u00e9dicos que v\u00eam junto com a terceira equipe m\u00e9dica chinesa s\u00e3o descarregados do avi\u00e3o no Aeroporto Malpensa de Mil\u00e3o, em Mil\u00e3o, It\u00e1lia, em 25 de mar\u00e7o de 2020. (Str\/Xinhua) Beijing, 17 mai (China) &#8212; O primeiro-ministro da China, Li&#8230;<\/p>\n","protected":false},"author":3,"featured_media":1735,"comment_status":"open","ping_status":"open","sticky":false,"template":"","format":"standard","meta":{"footnotes":""},"categories":[3],"tags":[],"class_list":["post-1734","post","type-post","status-publish","format-standard","has-post-thumbnail","hentry","category-china"],"yoast_head":"<!-- This site is optimized with the Yoast SEO plugin v27.4 - https:\/\/yoast.com\/product\/yoast-seo-wordpress\/ -->\n<title>China e It\u00e1lia prometem aprofundar la\u00e7os bilaterais e avan\u00e7ar coopera\u00e7\u00e3o China-UE - Xinhua - Diario de Pernambuco<\/title>\n<meta name=\"robots\" content=\"index, follow, max-snippet:-1, max-image-preview:large, max-video-preview:-1\" \/>\n<link rel=\"canonical\" href=\"https:\/\/diariodepe.com.br\/xinhua\/2021\/05\/18\/china-e-italia-prometem-aprofundar-lacos-bilaterais-e-avancar-cooperacao-china-ue\/\" \/>\n<meta property=\"og:locale\" content=\"pt_BR\" \/>\n<meta property=\"og:type\" content=\"article\" \/>\n<meta property=\"og:title\" content=\"China e It\u00e1lia prometem aprofundar la\u00e7os bilaterais e avan\u00e7ar coopera\u00e7\u00e3o China-UE - Xinhua - Diario de Pernambuco\" \/>\n<meta property=\"og:description\" content=\"Suprimentos m\u00e9dicos que v\u00eam junto com a terceira equipe m\u00e9dica chinesa s\u00e3o descarregados do avi\u00e3o no Aeroporto Malpensa de Mil\u00e3o, em Mil\u00e3o, It\u00e1lia, em 25 de mar\u00e7o de 2020. (Str\/Xinhua) Beijing, 17 mai (China) &#8212; O primeiro-ministro da China, Li...\" \/>\n<meta property=\"og:url\" content=\"https:\/\/diariodepe.com.br\/xinhua\/2021\/05\/18\/china-e-italia-prometem-aprofundar-lacos-bilaterais-e-avancar-cooperacao-china-ue\/\" \/>\n<meta property=\"og:site_name\" content=\"Xinhua - Diario de Pernambuco\" \/>\n<meta property=\"article:published_time\" content=\"2021-05-18T12:25:19+00:00\" \/>\n<meta property=\"article:modified_time\" content=\"2021-05-18T12:25:21+00:00\" \/>\n<meta property=\"og:image\" content=\"https:\/\/diariodepe.com.br\/xinhua\/wp-content\/uploads\/sites\/3\/2021\/05\/139953174_16213115078501n.jpg\" \/>\n\t<meta property=\"og:image:width\" content=\"900\" \/>\n\t<meta property=\"og:image:height\" content=\"675\" \/>\n\t<meta property=\"og:image:type\" content=\"image\/jpeg\" \/>\n<meta name=\"author\" content=\"Marcelo Oliveira de A. Maranhao\" \/>\n<meta name=\"twitter:card\" content=\"summary_large_image\" \/>\n<meta name=\"twitter:label1\" content=\"Escrito por\" \/>\n\t<meta name=\"twitter:data1\" content=\"Marcelo Oliveira de A. Maranhao\" \/>\n\t<meta name=\"twitter:label2\" content=\"Est. tempo de leitura\" \/>\n\t<meta name=\"twitter:data2\" content=\"3 minutos\" \/>\n<script type=\"application\/ld+json\" class=\"yoast-schema-graph\">{\"@context\":\"https:\\\/\\\/schema.org\",\"@graph\":[{\"@type\":\"Article\",\"@id\":\"https:\\\/\\\/diariodepe.com.br\\\/xinhua\\\/2021\\\/05\\\/18\\\/china-e-italia-prometem-aprofundar-lacos-bilaterais-e-avancar-cooperacao-china-ue\\\/#article\",\"isPartOf\":{\"@id\":\"https:\\\/\\\/diariodepe.com.br\\\/xinhua\\\/2021\\\/05\\\/18\\\/china-e-italia-prometem-aprofundar-lacos-bilaterais-e-avancar-cooperacao-china-ue\\\/\"},\"author\":{\"name\":\"Marcelo Oliveira de A. Maranhao\",\"@id\":\"https:\\\/\\\/diariodepe.com.br\\\/xinhua\\\/#\\\/schema\\\/person\\\/0943d6fd02bdc7b49c8f495e8787a2cb\"},\"headline\":\"China e It\u00e1lia prometem aprofundar la\u00e7os bilaterais e avan\u00e7ar coopera\u00e7\u00e3o China-UE\",\"datePublished\":\"2021-05-18T12:25:19+00:00\",\"dateModified\":\"2021-05-18T12:25:21+00:00\",\"mainEntityOfPage\":{\"@id\":\"https:\\\/\\\/diariodepe.com.br\\\/xinhua\\\/2021\\\/05\\\/18\\\/china-e-italia-prometem-aprofundar-lacos-bilaterais-e-avancar-cooperacao-china-ue\\\/\"},\"wordCount\":680,\"commentCount\":0,\"publisher\":{\"@id\":\"https:\\\/\\\/diariodepe.com.br\\\/xinhua\\\/#organization\"},\"image\":{\"@id\":\"https:\\\/\\\/diariodepe.com.br\\\/xinhua\\\/2021\\\/05\\\/18\\\/china-e-italia-prometem-aprofundar-lacos-bilaterais-e-avancar-cooperacao-china-ue\\\/#primaryimage\"},\"thumbnailUrl\":\"https:\\\/\\\/diariodepe.com.br\\\/xinhua\\\/wp-content\\\/uploads\\\/sites\\\/3\\\/2021\\\/05\\\/139953174_16213115078501n.jpg\",\"articleSection\":[\"China\"],\"inLanguage\":\"pt-BR\",\"potentialAction\":[{\"@type\":\"CommentAction\",\"name\":\"Comment\",\"target\":[\"https:\\\/\\\/diariodepe.com.br\\\/xinhua\\\/2021\\\/05\\\/18\\\/china-e-italia-prometem-aprofundar-lacos-bilaterais-e-avancar-cooperacao-china-ue\\\/#respond\"]}]},{\"@type\":\"WebPage\",\"@id\":\"https:\\\/\\\/diariodepe.com.br\\\/xinhua\\\/2021\\\/05\\\/18\\\/china-e-italia-prometem-aprofundar-lacos-bilaterais-e-avancar-cooperacao-china-ue\\\/\",\"url\":\"https:\\\/\\\/diariodepe.com.br\\\/xinhua\\\/2021\\\/05\\\/18\\\/china-e-italia-prometem-aprofundar-lacos-bilaterais-e-avancar-cooperacao-china-ue\\\/\",\"name\":\"China e It\u00e1lia prometem aprofundar la\u00e7os bilaterais e avan\u00e7ar coopera\u00e7\u00e3o China-UE - Xinhua - Diario de Pernambuco\",\"isPartOf\":{\"@id\":\"https:\\\/\\\/diariodepe.com.br\\\/xinhua\\\/#website\"},\"primaryImageOfPage\":{\"@id\":\"https:\\\/\\\/diariodepe.com.br\\\/xinhua\\\/2021\\\/05\\\/18\\\/china-e-italia-prometem-aprofundar-lacos-bilaterais-e-avancar-cooperacao-china-ue\\\/#primaryimage\"},\"image\":{\"@id\":\"https:\\\/\\\/diariodepe.com.br\\\/xinhua\\\/2021\\\/05\\\/18\\\/china-e-italia-prometem-aprofundar-lacos-bilaterais-e-avancar-cooperacao-china-ue\\\/#primaryimage\"},\"thumbnailUrl\":\"https:\\\/\\\/diariodepe.com.br\\\/xinhua\\\/wp-content\\\/uploads\\\/sites\\\/3\\\/2021\\\/05\\\/139953174_16213115078501n.jpg\",\"datePublished\":\"2021-05-18T12:25:19+00:00\",\"dateModified\":\"2021-05-18T12:25:21+00:00\",\"breadcrumb\":{\"@id\":\"https:\\\/\\\/diariodepe.com.br\\\/xinhua\\\/2021\\\/05\\\/18\\\/china-e-italia-prometem-aprofundar-lacos-bilaterais-e-avancar-cooperacao-china-ue\\\/#breadcrumb\"},\"inLanguage\":\"pt-BR\",\"potentialAction\":[{\"@type\":\"ReadAction\",\"target\":[\"https:\\\/\\\/diariodepe.com.br\\\/xinhua\\\/2021\\\/05\\\/18\\\/china-e-italia-prometem-aprofundar-lacos-bilaterais-e-avancar-cooperacao-china-ue\\\/\"]}]},{\"@type\":\"ImageObject\",\"inLanguage\":\"pt-BR\",\"@id\":\"https:\\\/\\\/diariodepe.com.br\\\/xinhua\\\/2021\\\/05\\\/18\\\/china-e-italia-prometem-aprofundar-lacos-bilaterais-e-avancar-cooperacao-china-ue\\\/#primaryimage\",\"url\":\"https:\\\/\\\/diariodepe.com.br\\\/xinhua\\\/wp-content\\\/uploads\\\/sites\\\/3\\\/2021\\\/05\\\/139953174_16213115078501n.jpg\",\"contentUrl\":\"https:\\\/\\\/diariodepe.com.br\\\/xinhua\\\/wp-content\\\/uploads\\\/sites\\\/3\\\/2021\\\/05\\\/139953174_16213115078501n.jpg\",\"width\":900,\"height\":675},{\"@type\":\"BreadcrumbList\",\"@id\":\"https:\\\/\\\/diariodepe.com.br\\\/xinhua\\\/2021\\\/05\\\/18\\\/china-e-italia-prometem-aprofundar-lacos-bilaterais-e-avancar-cooperacao-china-ue\\\/#breadcrumb\",\"itemListElement\":[{\"@type\":\"ListItem\",\"position\":1,\"name\":\"In\u00edcio\",\"item\":\"https:\\\/\\\/diariodepe.com.br\\\/xinhua\\\/\"},{\"@type\":\"ListItem\",\"position\":2,\"name\":\"China e It\u00e1lia prometem aprofundar la\u00e7os bilaterais e avan\u00e7ar coopera\u00e7\u00e3o China-UE\"}]},{\"@type\":\"WebSite\",\"@id\":\"https:\\\/\\\/diariodepe.com.br\\\/xinhua\\\/#website\",\"url\":\"https:\\\/\\\/diariodepe.com.br\\\/xinhua\\\/\",\"name\":\"Xinhua - Diario de Pernambuco\",\"description\":\"A maior ag\u00eancia de not\u00edcias da China e um dos principais canais para conhecer o pa\u00eds\",\"publisher\":{\"@id\":\"https:\\\/\\\/diariodepe.com.br\\\/xinhua\\\/#organization\"},\"potentialAction\":[{\"@type\":\"SearchAction\",\"target\":{\"@type\":\"EntryPoint\",\"urlTemplate\":\"https:\\\/\\\/diariodepe.com.br\\\/xinhua\\\/?s={search_term_string}\"},\"query-input\":{\"@type\":\"PropertyValueSpecification\",\"valueRequired\":true,\"valueName\":\"search_term_string\"}}],\"inLanguage\":\"pt-BR\"},{\"@type\":\"Organization\",\"@id\":\"https:\\\/\\\/diariodepe.com.br\\\/xinhua\\\/#organization\",\"name\":\"Xinhua - Diario de Pernambuco\",\"url\":\"https:\\\/\\\/diariodepe.com.br\\\/xinhua\\\/\",\"logo\":{\"@type\":\"ImageObject\",\"inLanguage\":\"pt-BR\",\"@id\":\"https:\\\/\\\/diariodepe.com.br\\\/xinhua\\\/#\\\/schema\\\/logo\\\/image\\\/\",\"url\":\"https:\\\/\\\/diariodepe.com.br\\\/xinhua\\\/wp-content\\\/uploads\\\/sites\\\/3\\\/2020\\\/10\\\/cropped-logo-transparente-2.png\",\"contentUrl\":\"https:\\\/\\\/diariodepe.com.br\\\/xinhua\\\/wp-content\\\/uploads\\\/sites\\\/3\\\/2020\\\/10\\\/cropped-logo-transparente-2.png\",\"width\":512,\"height\":164,\"caption\":\"Xinhua - Diario de Pernambuco\"},\"image\":{\"@id\":\"https:\\\/\\\/diariodepe.com.br\\\/xinhua\\\/#\\\/schema\\\/logo\\\/image\\\/\"}},{\"@type\":\"Person\",\"@id\":\"https:\\\/\\\/diariodepe.com.br\\\/xinhua\\\/#\\\/schema\\\/person\\\/0943d6fd02bdc7b49c8f495e8787a2cb\",\"name\":\"Marcelo Oliveira de A. Maranhao\",\"image\":{\"@type\":\"ImageObject\",\"inLanguage\":\"pt-BR\",\"@id\":\"https:\\\/\\\/secure.gravatar.com\\\/avatar\\\/f562caee940d39879c20e90eea3e4b21860c7d4c96684c23141c554824f0059c?s=96&d=mm&r=g\",\"url\":\"https:\\\/\\\/secure.gravatar.com\\\/avatar\\\/f562caee940d39879c20e90eea3e4b21860c7d4c96684c23141c554824f0059c?s=96&d=mm&r=g\",\"contentUrl\":\"https:\\\/\\\/secure.gravatar.com\\\/avatar\\\/f562caee940d39879c20e90eea3e4b21860c7d4c96684c23141c554824f0059c?s=96&d=mm&r=g\",\"caption\":\"Marcelo Oliveira de A. Maranhao\"},\"url\":\"https:\\\/\\\/diariodepe.com.br\\\/xinhua\\\/author\\\/marcelo-maranhao\\\/\"}]}<\/script>\n<!-- \/ Yoast SEO plugin. -->","yoast_head_json":{"title":"China e It\u00e1lia prometem aprofundar la\u00e7os bilaterais e avan\u00e7ar coopera\u00e7\u00e3o China-UE - Xinhua - Diario de Pernambuco","robots":{"index":"index","follow":"follow","max-snippet":"max-snippet:-1","max-image-preview":"max-image-preview:large","max-video-preview":"max-video-preview:-1"},"canonical":"https:\/\/diariodepe.com.br\/xinhua\/2021\/05\/18\/china-e-italia-prometem-aprofundar-lacos-bilaterais-e-avancar-cooperacao-china-ue\/","og_locale":"pt_BR","og_type":"article","og_title":"China e It\u00e1lia prometem aprofundar la\u00e7os bilaterais e avan\u00e7ar coopera\u00e7\u00e3o China-UE - Xinhua - Diario de Pernambuco","og_description":"Suprimentos m\u00e9dicos que v\u00eam junto com a terceira equipe m\u00e9dica chinesa s\u00e3o descarregados do avi\u00e3o no Aeroporto Malpensa de Mil\u00e3o, em Mil\u00e3o, It\u00e1lia, em 25 de mar\u00e7o de 2020. (Str\/Xinhua) Beijing, 17 mai (China) &#8212; O primeiro-ministro da China, Li...","og_url":"https:\/\/diariodepe.com.br\/xinhua\/2021\/05\/18\/china-e-italia-prometem-aprofundar-lacos-bilaterais-e-avancar-cooperacao-china-ue\/","og_site_name":"Xinhua - Diario de Pernambuco","article_published_time":"2021-05-18T12:25:19+00:00","article_modified_time":"2021-05-18T12:25:21+00:00","og_image":[{"width":900,"height":675,"url":"https:\/\/diariodepe.com.br\/xinhua\/wp-content\/uploads\/sites\/3\/2021\/05\/139953174_16213115078501n.jpg","type":"image\/jpeg"}],"author":"Marcelo Oliveira de A. Maranhao","twitter_card":"summary_large_image","twitter_misc":{"Escrito por":"Marcelo Oliveira de A. Maranhao","Est. tempo de leitura":"3 minutos"},"schema":{"@context":"https:\/\/schema.org","@graph":[{"@type":"Article","@id":"https:\/\/diariodepe.com.br\/xinhua\/2021\/05\/18\/china-e-italia-prometem-aprofundar-lacos-bilaterais-e-avancar-cooperacao-china-ue\/#article","isPartOf":{"@id":"https:\/\/diariodepe.com.br\/xinhua\/2021\/05\/18\/china-e-italia-prometem-aprofundar-lacos-bilaterais-e-avancar-cooperacao-china-ue\/"},"author":{"name":"Marcelo Oliveira de A. Maranhao","@id":"https:\/\/diariodepe.com.br\/xinhua\/#\/schema\/person\/0943d6fd02bdc7b49c8f495e8787a2cb"},"headline":"China e It\u00e1lia prometem aprofundar la\u00e7os bilaterais e avan\u00e7ar coopera\u00e7\u00e3o China-UE","datePublished":"2021-05-18T12:25:19+00:00","dateModified":"2021-05-18T12:25:21+00:00","mainEntityOfPage":{"@id":"https:\/\/diariodepe.com.br\/xinhua\/2021\/05\/18\/china-e-italia-prometem-aprofundar-lacos-bilaterais-e-avancar-cooperacao-china-ue\/"},"wordCount":680,"commentCount":0,"publisher":{"@id":"https:\/\/diariodepe.com.br\/xinhua\/#organization"},"image":{"@id":"https:\/\/diariodepe.com.br\/xinhua\/2021\/05\/18\/china-e-italia-prometem-aprofundar-lacos-bilaterais-e-avancar-cooperacao-china-ue\/#primaryimage"},"thumbnailUrl":"https:\/\/diariodepe.com.br\/xinhua\/wp-content\/uploads\/sites\/3\/2021\/05\/139953174_16213115078501n.jpg","articleSection":["China"],"inLanguage":"pt-BR","potentialAction":[{"@type":"CommentAction","name":"Comment","target":["https:\/\/diariodepe.com.br\/xinhua\/2021\/05\/18\/china-e-italia-prometem-aprofundar-lacos-bilaterais-e-avancar-cooperacao-china-ue\/#respond"]}]},{"@type":"WebPage","@id":"https:\/\/diariodepe.com.br\/xinhua\/2021\/05\/18\/china-e-italia-prometem-aprofundar-lacos-bilaterais-e-avancar-cooperacao-china-ue\/","url":"https:\/\/diariodepe.com.br\/xinhua\/2021\/05\/18\/china-e-italia-prometem-aprofundar-lacos-bilaterais-e-avancar-cooperacao-china-ue\/","name":"China e It\u00e1lia prometem aprofundar la\u00e7os bilaterais e avan\u00e7ar coopera\u00e7\u00e3o China-UE - Xinhua - Diario de Pernambuco","isPartOf":{"@id":"https:\/\/diariodepe.com.br\/xinhua\/#website"},"primaryImageOfPage":{"@id":"https:\/\/diariodepe.com.br\/xinhua\/2021\/05\/18\/china-e-italia-prometem-aprofundar-lacos-bilaterais-e-avancar-cooperacao-china-ue\/#primaryimage"},"image":{"@id":"https:\/\/diariodepe.com.br\/xinhua\/2021\/05\/18\/china-e-italia-prometem-aprofundar-lacos-bilaterais-e-avancar-cooperacao-china-ue\/#primaryimage"},"thumbnailUrl":"https:\/\/diariodepe.com.br\/xinhua\/wp-content\/uploads\/sites\/3\/2021\/05\/139953174_16213115078501n.jpg","datePublished":"2021-05-18T12:25:19+00:00","dateModified":"2021-05-18T12:25:21+00:00","breadcrumb":{"@id":"https:\/\/diariodepe.com.br\/xinhua\/2021\/05\/18\/china-e-italia-prometem-aprofundar-lacos-bilaterais-e-avancar-cooperacao-china-ue\/#breadcrumb"},"inLanguage":"pt-BR","potentialAction":[{"@type":"ReadAction","target":["https:\/\/diariodepe.com.br\/xinhua\/2021\/05\/18\/china-e-italia-prometem-aprofundar-lacos-bilaterais-e-avancar-cooperacao-china-ue\/"]}]},{"@type":"ImageObject","inLanguage":"pt-BR","@id":"https:\/\/diariodepe.com.br\/xinhua\/2021\/05\/18\/china-e-italia-prometem-aprofundar-lacos-bilaterais-e-avancar-cooperacao-china-ue\/#primaryimage","url":"https:\/\/diariodepe.com.br\/xinhua\/wp-content\/uploads\/sites\/3\/2021\/05\/139953174_16213115078501n.jpg","contentUrl":"https:\/\/diariodepe.com.br\/xinhua\/wp-content\/uploads\/sites\/3\/2021\/05\/139953174_16213115078501n.jpg","width":900,"height":675},{"@type":"BreadcrumbList","@id":"https:\/\/diariodepe.com.br\/xinhua\/2021\/05\/18\/china-e-italia-prometem-aprofundar-lacos-bilaterais-e-avancar-cooperacao-china-ue\/#breadcrumb","itemListElement":[{"@type":"ListItem","position":1,"name":"In\u00edcio","item":"https:\/\/diariodepe.com.br\/xinhua\/"},{"@type":"ListItem","position":2,"name":"China e It\u00e1lia prometem aprofundar la\u00e7os bilaterais e avan\u00e7ar coopera\u00e7\u00e3o China-UE"}]},{"@type":"WebSite","@id":"https:\/\/diariodepe.com.br\/xinhua\/#website","url":"https:\/\/diariodepe.com.br\/xinhua\/","name":"Xinhua - Diario de Pernambuco","description":"A maior ag\u00eancia de not\u00edcias da China e um dos principais canais para conhecer o pa\u00eds","publisher":{"@id":"https:\/\/diariodepe.com.br\/xinhua\/#organization"},"potentialAction":[{"@type":"SearchAction","target":{"@type":"EntryPoint","urlTemplate":"https:\/\/diariodepe.com.br\/xinhua\/?s={search_term_string}"},"query-input":{"@type":"PropertyValueSpecification","valueRequired":true,"valueName":"search_term_string"}}],"inLanguage":"pt-BR"},{"@type":"Organization","@id":"https:\/\/diariodepe.com.br\/xinhua\/#organization","name":"Xinhua - Diario de Pernambuco","url":"https:\/\/diariodepe.com.br\/xinhua\/","logo":{"@type":"ImageObject","inLanguage":"pt-BR","@id":"https:\/\/diariodepe.com.br\/xinhua\/#\/schema\/logo\/image\/","url":"https:\/\/diariodepe.com.br\/xinhua\/wp-content\/uploads\/sites\/3\/2020\/10\/cropped-logo-transparente-2.png","contentUrl":"https:\/\/diariodepe.com.br\/xinhua\/wp-content\/uploads\/sites\/3\/2020\/10\/cropped-logo-transparente-2.png","width":512,"height":164,"caption":"Xinhua - Diario de Pernambuco"},"image":{"@id":"https:\/\/diariodepe.com.br\/xinhua\/#\/schema\/logo\/image\/"}},{"@type":"Person","@id":"https:\/\/diariodepe.com.br\/xinhua\/#\/schema\/person\/0943d6fd02bdc7b49c8f495e8787a2cb","name":"Marcelo Oliveira de A. Maranhao","image":{"@type":"ImageObject","inLanguage":"pt-BR","@id":"https:\/\/secure.gravatar.com\/avatar\/f562caee940d39879c20e90eea3e4b21860c7d4c96684c23141c554824f0059c?s=96&d=mm&r=g","url":"https:\/\/secure.gravatar.com\/avatar\/f562caee940d39879c20e90eea3e4b21860c7d4c96684c23141c554824f0059c?s=96&d=mm&r=g","contentUrl":"https:\/\/secure.gravatar.com\/avatar\/f562caee940d39879c20e90eea3e4b21860c7d4c96684c23141c554824f0059c?s=96&d=mm&r=g","caption":"Marcelo Oliveira de A. Maranhao"},"url":"https:\/\/diariodepe.com.br\/xinhua\/author\/marcelo-maranhao\/"}]}},"cc_featured_image_caption":{"caption_text":"","source_text":"","source_url":""},"amp_enabled":true,"_links":{"self":[{"href":"https:\/\/diariodepe.com.br\/xinhua\/wp-json\/wp\/v2\/posts\/1734","targetHints":{"allow":["GET"]}}],"collection":[{"href":"https:\/\/diariodepe.com.br\/xinhua\/wp-json\/wp\/v2\/posts"}],"about":[{"href":"https:\/\/diariodepe.com.br\/xinhua\/wp-json\/wp\/v2\/types\/post"}],"author":[{"embeddable":true,"href":"https:\/\/diariodepe.com.br\/xinhua\/wp-json\/wp\/v2\/users\/3"}],"replies":[{"embeddable":true,"href":"https:\/\/diariodepe.com.br\/xinhua\/wp-json\/wp\/v2\/comments?post=1734"}],"version-history":[{"count":1,"href":"https:\/\/diariodepe.com.br\/xinhua\/wp-json\/wp\/v2\/posts\/1734\/revisions"}],"predecessor-version":[{"id":1736,"href":"https:\/\/diariodepe.com.br\/xinhua\/wp-json\/wp\/v2\/posts\/1734\/revisions\/1736"}],"wp:featuredmedia":[{"embeddable":true,"href":"https:\/\/diariodepe.com.br\/xinhua\/wp-json\/wp\/v2\/media\/1735"}],"wp:attachment":[{"href":"https:\/\/diariodepe.com.br\/xinhua\/wp-json\/wp\/v2\/media?parent=1734"}],"wp:term":[{"taxonomy":"category","embeddable":true,"href":"https:\/\/diariodepe.com.br\/xinhua\/wp-json\/wp\/v2\/categories?post=1734"},{"taxonomy":"post_tag","embeddable":true,"href":"https:\/\/diariodepe.com.br\/xinhua\/wp-json\/wp\/v2\/tags?post=1734"}],"curies":[{"name":"wp","href":"https:\/\/api.w.org\/{rel}","templated":true}]}}