{"id":1724,"date":"2021-05-17T09:10:55","date_gmt":"2021-05-17T12:10:55","guid":{"rendered":"http:\/\/www.diariodepe.com.br\/xinhua\/?p=1724"},"modified":"2021-05-17T09:10:57","modified_gmt":"2021-05-17T12:10:57","slug":"disparidades-em-saude-na-pandemia-revelam-efeitos-inegaveis-do-racismo-nos-eua-diz-fauci","status":"publish","type":"post","link":"https:\/\/diariodepe.com.br\/xinhua\/2021\/05\/17\/disparidades-em-saude-na-pandemia-revelam-efeitos-inegaveis-do-racismo-nos-eua-diz-fauci\/","title":{"rendered":"Disparidades em sa\u00fade na pandemia revelam &#8220;efeitos ineg\u00e1veis do racismo&#8221; nos EUA, diz Fauci"},"content":{"rendered":"\n<p>Washington, 17 mai (China) &#8212; As disparidades em sa\u00fade durante a pandemia da COVID-19 expuseram &#8220;efeitos ineg\u00e1veis do racismo&#8221; nos Estados Unidos, disse neste domingo Anthony Fauci, o maior especialista em doen\u00e7as infecciosas dos EUA.<\/p>\n\n\n\n<p>Grupos minorit\u00e1rios, especialmente afro-americanos, hisp\u00e2nicos e nativos americanos, t\u00eam um maior risco de serem infectados pela COVID-19, principalmente porque muitos deles trabalham em atividades essenciais, disse Fauci durante uma cerim\u00f4nia de gradua\u00e7\u00e3o na Universidade Emory.<\/p>\n\n\n\n<p>Quando indiv\u00edduos de cor s\u00e3o infectados, \u00e9 mais prov\u00e1vel que desenvolvam graves consequ\u00eancias, porque as minorias em geral t\u00eam maior incid\u00eancia e preval\u00eancia de condi\u00e7\u00f5es m\u00e9dicas com\u00f3rbidas subjacentes, incluindo hipertens\u00e3o, doen\u00e7a pulmonar cr\u00f4nica, diabetes e obesidade, explicou.<\/p>\n\n\n\n<p>&#8220;Agora, muito poucas dessas comorbidades t\u00eam determinantes raciais&#8221;, disse Fauci, acrescentando que as disparidades se referem aos &#8220;determinantes sociais da sa\u00fade que remontam \u00e0s condi\u00e7\u00f5es desvantajosas em que algumas pessoas de cor se encontram desde o nascimento no que diz respeito \u00e0 disponibilidade de uma dieta adequada, acesso a cuidados de sa\u00fade e os efeitos ineg\u00e1veis do racismo em nossa sociedade&#8221;.<\/p>\n\n\n\n<p>&#8220;Prometamos a n\u00f3s mesmos que nossa mem\u00f3ria corporativa desta tr\u00e1gica realidade de que uma doen\u00e7a infecciosa hospitalizada de forma desigual e que mata pessoas de cor n\u00e3o desapare\u00e7a ap\u00f3s retornarmos a alguma forma de normalidade&#8221;, ressaltou.<\/p>\n","protected":false},"excerpt":{"rendered":"<p>Washington, 17 mai (China) &#8212; As disparidades em sa\u00fade durante a pandemia da COVID-19 expuseram &#8220;efeitos ineg\u00e1veis do racismo&#8221; nos Estados Unidos, disse neste domingo Anthony Fauci, o maior especialista em doen\u00e7as infecciosas dos EUA. Grupos minorit\u00e1rios, especialmente afro-americanos, hisp\u00e2nicos&#8230;<\/p>\n","protected":false},"author":3,"featured_media":0,"comment_status":"open","ping_status":"open","sticky":false,"template":"","format":"standard","meta":{"footnotes":""},"categories":[4],"tags":[],"class_list":["post-1724","post","type-post","status-publish","format-standard","hentry","category-internacional"],"yoast_head":"<!-- This site is optimized with the Yoast SEO plugin v27.4 - https:\/\/yoast.com\/product\/yoast-seo-wordpress\/ -->\n<title>Disparidades em sa\u00fade na pandemia revelam &quot;efeitos ineg\u00e1veis do racismo&quot; nos EUA, diz Fauci - Xinhua - Diario de Pernambuco<\/title>\n<meta name=\"robots\" content=\"index, follow, max-snippet:-1, max-image-preview:large, max-video-preview:-1\" \/>\n<link rel=\"canonical\" href=\"https:\/\/diariodepe.com.br\/xinhua\/2021\/05\/17\/disparidades-em-saude-na-pandemia-revelam-efeitos-inegaveis-do-racismo-nos-eua-diz-fauci\/\" \/>\n<meta property=\"og:locale\" content=\"pt_BR\" \/>\n<meta property=\"og:type\" content=\"article\" \/>\n<meta property=\"og:title\" content=\"Disparidades em sa\u00fade na pandemia revelam &quot;efeitos ineg\u00e1veis do racismo&quot; nos EUA, diz Fauci - Xinhua - Diario de Pernambuco\" \/>\n<meta property=\"og:description\" content=\"Washington, 17 mai (China) &#8212; As disparidades em sa\u00fade durante a pandemia da COVID-19 expuseram &#8220;efeitos ineg\u00e1veis do racismo&#8221; nos Estados Unidos, disse neste domingo Anthony Fauci, o maior especialista em doen\u00e7as infecciosas dos EUA. Grupos minorit\u00e1rios, especialmente afro-americanos, hisp\u00e2nicos...\" \/>\n<meta property=\"og:url\" content=\"https:\/\/diariodepe.com.br\/xinhua\/2021\/05\/17\/disparidades-em-saude-na-pandemia-revelam-efeitos-inegaveis-do-racismo-nos-eua-diz-fauci\/\" \/>\n<meta property=\"og:site_name\" content=\"Xinhua - Diario de Pernambuco\" \/>\n<meta property=\"article:published_time\" content=\"2021-05-17T12:10:55+00:00\" \/>\n<meta property=\"article:modified_time\" content=\"2021-05-17T12:10:57+00:00\" \/>\n<meta name=\"author\" content=\"Marcelo Oliveira de A. Maranhao\" \/>\n<meta name=\"twitter:card\" content=\"summary_large_image\" \/>\n<meta name=\"twitter:label1\" content=\"Escrito por\" \/>\n\t<meta name=\"twitter:data1\" content=\"Marcelo Oliveira de A. Maranhao\" \/>\n\t<meta name=\"twitter:label2\" content=\"Est. tempo de leitura\" \/>\n\t<meta name=\"twitter:data2\" content=\"1 minuto\" \/>\n<script type=\"application\/ld+json\" class=\"yoast-schema-graph\">{\"@context\":\"https:\\\/\\\/schema.org\",\"@graph\":[{\"@type\":\"Article\",\"@id\":\"https:\\\/\\\/diariodepe.com.br\\\/xinhua\\\/2021\\\/05\\\/17\\\/disparidades-em-saude-na-pandemia-revelam-efeitos-inegaveis-do-racismo-nos-eua-diz-fauci\\\/#article\",\"isPartOf\":{\"@id\":\"https:\\\/\\\/diariodepe.com.br\\\/xinhua\\\/2021\\\/05\\\/17\\\/disparidades-em-saude-na-pandemia-revelam-efeitos-inegaveis-do-racismo-nos-eua-diz-fauci\\\/\"},\"author\":{\"name\":\"Marcelo Oliveira de A. Maranhao\",\"@id\":\"https:\\\/\\\/diariodepe.com.br\\\/xinhua\\\/#\\\/schema\\\/person\\\/0943d6fd02bdc7b49c8f495e8787a2cb\"},\"headline\":\"Disparidades em sa\u00fade na pandemia revelam &#8220;efeitos ineg\u00e1veis do racismo&#8221; nos EUA, diz Fauci\",\"datePublished\":\"2021-05-17T12:10:55+00:00\",\"dateModified\":\"2021-05-17T12:10:57+00:00\",\"mainEntityOfPage\":{\"@id\":\"https:\\\/\\\/diariodepe.com.br\\\/xinhua\\\/2021\\\/05\\\/17\\\/disparidades-em-saude-na-pandemia-revelam-efeitos-inegaveis-do-racismo-nos-eua-diz-fauci\\\/\"},\"wordCount\":250,\"commentCount\":0,\"publisher\":{\"@id\":\"https:\\\/\\\/diariodepe.com.br\\\/xinhua\\\/#organization\"},\"articleSection\":[\"Internacional\"],\"inLanguage\":\"pt-BR\",\"potentialAction\":[{\"@type\":\"CommentAction\",\"name\":\"Comment\",\"target\":[\"https:\\\/\\\/diariodepe.com.br\\\/xinhua\\\/2021\\\/05\\\/17\\\/disparidades-em-saude-na-pandemia-revelam-efeitos-inegaveis-do-racismo-nos-eua-diz-fauci\\\/#respond\"]}]},{\"@type\":\"WebPage\",\"@id\":\"https:\\\/\\\/diariodepe.com.br\\\/xinhua\\\/2021\\\/05\\\/17\\\/disparidades-em-saude-na-pandemia-revelam-efeitos-inegaveis-do-racismo-nos-eua-diz-fauci\\\/\",\"url\":\"https:\\\/\\\/diariodepe.com.br\\\/xinhua\\\/2021\\\/05\\\/17\\\/disparidades-em-saude-na-pandemia-revelam-efeitos-inegaveis-do-racismo-nos-eua-diz-fauci\\\/\",\"name\":\"Disparidades em sa\u00fade na pandemia revelam \\\"efeitos ineg\u00e1veis do racismo\\\" nos EUA, diz Fauci - Xinhua - Diario de Pernambuco\",\"isPartOf\":{\"@id\":\"https:\\\/\\\/diariodepe.com.br\\\/xinhua\\\/#website\"},\"datePublished\":\"2021-05-17T12:10:55+00:00\",\"dateModified\":\"2021-05-17T12:10:57+00:00\",\"breadcrumb\":{\"@id\":\"https:\\\/\\\/diariodepe.com.br\\\/xinhua\\\/2021\\\/05\\\/17\\\/disparidades-em-saude-na-pandemia-revelam-efeitos-inegaveis-do-racismo-nos-eua-diz-fauci\\\/#breadcrumb\"},\"inLanguage\":\"pt-BR\",\"potentialAction\":[{\"@type\":\"ReadAction\",\"target\":[\"https:\\\/\\\/diariodepe.com.br\\\/xinhua\\\/2021\\\/05\\\/17\\\/disparidades-em-saude-na-pandemia-revelam-efeitos-inegaveis-do-racismo-nos-eua-diz-fauci\\\/\"]}]},{\"@type\":\"BreadcrumbList\",\"@id\":\"https:\\\/\\\/diariodepe.com.br\\\/xinhua\\\/2021\\\/05\\\/17\\\/disparidades-em-saude-na-pandemia-revelam-efeitos-inegaveis-do-racismo-nos-eua-diz-fauci\\\/#breadcrumb\",\"itemListElement\":[{\"@type\":\"ListItem\",\"position\":1,\"name\":\"In\u00edcio\",\"item\":\"https:\\\/\\\/diariodepe.com.br\\\/xinhua\\\/\"},{\"@type\":\"ListItem\",\"position\":2,\"name\":\"Disparidades em sa\u00fade na pandemia revelam &#8220;efeitos ineg\u00e1veis do racismo&#8221; nos EUA, diz Fauci\"}]},{\"@type\":\"WebSite\",\"@id\":\"https:\\\/\\\/diariodepe.com.br\\\/xinhua\\\/#website\",\"url\":\"https:\\\/\\\/diariodepe.com.br\\\/xinhua\\\/\",\"name\":\"Xinhua - Diario de Pernambuco\",\"description\":\"A maior ag\u00eancia de not\u00edcias da China e um dos principais canais para conhecer o pa\u00eds\",\"publisher\":{\"@id\":\"https:\\\/\\\/diariodepe.com.br\\\/xinhua\\\/#organization\"},\"potentialAction\":[{\"@type\":\"SearchAction\",\"target\":{\"@type\":\"EntryPoint\",\"urlTemplate\":\"https:\\\/\\\/diariodepe.com.br\\\/xinhua\\\/?s={search_term_string}\"},\"query-input\":{\"@type\":\"PropertyValueSpecification\",\"valueRequired\":true,\"valueName\":\"search_term_string\"}}],\"inLanguage\":\"pt-BR\"},{\"@type\":\"Organization\",\"@id\":\"https:\\\/\\\/diariodepe.com.br\\\/xinhua\\\/#organization\",\"name\":\"Xinhua - Diario de Pernambuco\",\"url\":\"https:\\\/\\\/diariodepe.com.br\\\/xinhua\\\/\",\"logo\":{\"@type\":\"ImageObject\",\"inLanguage\":\"pt-BR\",\"@id\":\"https:\\\/\\\/diariodepe.com.br\\\/xinhua\\\/#\\\/schema\\\/logo\\\/image\\\/\",\"url\":\"https:\\\/\\\/diariodepe.com.br\\\/xinhua\\\/wp-content\\\/uploads\\\/sites\\\/3\\\/2020\\\/10\\\/cropped-logo-transparente-2.png\",\"contentUrl\":\"https:\\\/\\\/diariodepe.com.br\\\/xinhua\\\/wp-content\\\/uploads\\\/sites\\\/3\\\/2020\\\/10\\\/cropped-logo-transparente-2.png\",\"width\":512,\"height\":164,\"caption\":\"Xinhua - Diario de Pernambuco\"},\"image\":{\"@id\":\"https:\\\/\\\/diariodepe.com.br\\\/xinhua\\\/#\\\/schema\\\/logo\\\/image\\\/\"}},{\"@type\":\"Person\",\"@id\":\"https:\\\/\\\/diariodepe.com.br\\\/xinhua\\\/#\\\/schema\\\/person\\\/0943d6fd02bdc7b49c8f495e8787a2cb\",\"name\":\"Marcelo Oliveira de A. Maranhao\",\"image\":{\"@type\":\"ImageObject\",\"inLanguage\":\"pt-BR\",\"@id\":\"https:\\\/\\\/secure.gravatar.com\\\/avatar\\\/f562caee940d39879c20e90eea3e4b21860c7d4c96684c23141c554824f0059c?s=96&d=mm&r=g\",\"url\":\"https:\\\/\\\/secure.gravatar.com\\\/avatar\\\/f562caee940d39879c20e90eea3e4b21860c7d4c96684c23141c554824f0059c?s=96&d=mm&r=g\",\"contentUrl\":\"https:\\\/\\\/secure.gravatar.com\\\/avatar\\\/f562caee940d39879c20e90eea3e4b21860c7d4c96684c23141c554824f0059c?s=96&d=mm&r=g\",\"caption\":\"Marcelo Oliveira de A. Maranhao\"},\"url\":\"https:\\\/\\\/diariodepe.com.br\\\/xinhua\\\/author\\\/marcelo-maranhao\\\/\"}]}<\/script>\n<!-- \/ Yoast SEO plugin. -->","yoast_head_json":{"title":"Disparidades em sa\u00fade na pandemia revelam \"efeitos ineg\u00e1veis do racismo\" nos EUA, diz Fauci - Xinhua - Diario de Pernambuco","robots":{"index":"index","follow":"follow","max-snippet":"max-snippet:-1","max-image-preview":"max-image-preview:large","max-video-preview":"max-video-preview:-1"},"canonical":"https:\/\/diariodepe.com.br\/xinhua\/2021\/05\/17\/disparidades-em-saude-na-pandemia-revelam-efeitos-inegaveis-do-racismo-nos-eua-diz-fauci\/","og_locale":"pt_BR","og_type":"article","og_title":"Disparidades em sa\u00fade na pandemia revelam \"efeitos ineg\u00e1veis do racismo\" nos EUA, diz Fauci - Xinhua - Diario de Pernambuco","og_description":"Washington, 17 mai (China) &#8212; As disparidades em sa\u00fade durante a pandemia da COVID-19 expuseram &#8220;efeitos ineg\u00e1veis do racismo&#8221; nos Estados Unidos, disse neste domingo Anthony Fauci, o maior especialista em doen\u00e7as infecciosas dos EUA. Grupos minorit\u00e1rios, especialmente afro-americanos, hisp\u00e2nicos...","og_url":"https:\/\/diariodepe.com.br\/xinhua\/2021\/05\/17\/disparidades-em-saude-na-pandemia-revelam-efeitos-inegaveis-do-racismo-nos-eua-diz-fauci\/","og_site_name":"Xinhua - Diario de Pernambuco","article_published_time":"2021-05-17T12:10:55+00:00","article_modified_time":"2021-05-17T12:10:57+00:00","author":"Marcelo Oliveira de A. Maranhao","twitter_card":"summary_large_image","twitter_misc":{"Escrito por":"Marcelo Oliveira de A. Maranhao","Est. tempo de leitura":"1 minuto"},"schema":{"@context":"https:\/\/schema.org","@graph":[{"@type":"Article","@id":"https:\/\/diariodepe.com.br\/xinhua\/2021\/05\/17\/disparidades-em-saude-na-pandemia-revelam-efeitos-inegaveis-do-racismo-nos-eua-diz-fauci\/#article","isPartOf":{"@id":"https:\/\/diariodepe.com.br\/xinhua\/2021\/05\/17\/disparidades-em-saude-na-pandemia-revelam-efeitos-inegaveis-do-racismo-nos-eua-diz-fauci\/"},"author":{"name":"Marcelo Oliveira de A. Maranhao","@id":"https:\/\/diariodepe.com.br\/xinhua\/#\/schema\/person\/0943d6fd02bdc7b49c8f495e8787a2cb"},"headline":"Disparidades em sa\u00fade na pandemia revelam &#8220;efeitos ineg\u00e1veis do racismo&#8221; nos EUA, diz Fauci","datePublished":"2021-05-17T12:10:55+00:00","dateModified":"2021-05-17T12:10:57+00:00","mainEntityOfPage":{"@id":"https:\/\/diariodepe.com.br\/xinhua\/2021\/05\/17\/disparidades-em-saude-na-pandemia-revelam-efeitos-inegaveis-do-racismo-nos-eua-diz-fauci\/"},"wordCount":250,"commentCount":0,"publisher":{"@id":"https:\/\/diariodepe.com.br\/xinhua\/#organization"},"articleSection":["Internacional"],"inLanguage":"pt-BR","potentialAction":[{"@type":"CommentAction","name":"Comment","target":["https:\/\/diariodepe.com.br\/xinhua\/2021\/05\/17\/disparidades-em-saude-na-pandemia-revelam-efeitos-inegaveis-do-racismo-nos-eua-diz-fauci\/#respond"]}]},{"@type":"WebPage","@id":"https:\/\/diariodepe.com.br\/xinhua\/2021\/05\/17\/disparidades-em-saude-na-pandemia-revelam-efeitos-inegaveis-do-racismo-nos-eua-diz-fauci\/","url":"https:\/\/diariodepe.com.br\/xinhua\/2021\/05\/17\/disparidades-em-saude-na-pandemia-revelam-efeitos-inegaveis-do-racismo-nos-eua-diz-fauci\/","name":"Disparidades em sa\u00fade na pandemia revelam \"efeitos ineg\u00e1veis do racismo\" nos EUA, diz Fauci - Xinhua - Diario de Pernambuco","isPartOf":{"@id":"https:\/\/diariodepe.com.br\/xinhua\/#website"},"datePublished":"2021-05-17T12:10:55+00:00","dateModified":"2021-05-17T12:10:57+00:00","breadcrumb":{"@id":"https:\/\/diariodepe.com.br\/xinhua\/2021\/05\/17\/disparidades-em-saude-na-pandemia-revelam-efeitos-inegaveis-do-racismo-nos-eua-diz-fauci\/#breadcrumb"},"inLanguage":"pt-BR","potentialAction":[{"@type":"ReadAction","target":["https:\/\/diariodepe.com.br\/xinhua\/2021\/05\/17\/disparidades-em-saude-na-pandemia-revelam-efeitos-inegaveis-do-racismo-nos-eua-diz-fauci\/"]}]},{"@type":"BreadcrumbList","@id":"https:\/\/diariodepe.com.br\/xinhua\/2021\/05\/17\/disparidades-em-saude-na-pandemia-revelam-efeitos-inegaveis-do-racismo-nos-eua-diz-fauci\/#breadcrumb","itemListElement":[{"@type":"ListItem","position":1,"name":"In\u00edcio","item":"https:\/\/diariodepe.com.br\/xinhua\/"},{"@type":"ListItem","position":2,"name":"Disparidades em sa\u00fade na pandemia revelam &#8220;efeitos ineg\u00e1veis do racismo&#8221; nos EUA, diz Fauci"}]},{"@type":"WebSite","@id":"https:\/\/diariodepe.com.br\/xinhua\/#website","url":"https:\/\/diariodepe.com.br\/xinhua\/","name":"Xinhua - Diario de Pernambuco","description":"A maior ag\u00eancia de not\u00edcias da China e um dos principais canais para conhecer o pa\u00eds","publisher":{"@id":"https:\/\/diariodepe.com.br\/xinhua\/#organization"},"potentialAction":[{"@type":"SearchAction","target":{"@type":"EntryPoint","urlTemplate":"https:\/\/diariodepe.com.br\/xinhua\/?s={search_term_string}"},"query-input":{"@type":"PropertyValueSpecification","valueRequired":true,"valueName":"search_term_string"}}],"inLanguage":"pt-BR"},{"@type":"Organization","@id":"https:\/\/diariodepe.com.br\/xinhua\/#organization","name":"Xinhua - Diario de Pernambuco","url":"https:\/\/diariodepe.com.br\/xinhua\/","logo":{"@type":"ImageObject","inLanguage":"pt-BR","@id":"https:\/\/diariodepe.com.br\/xinhua\/#\/schema\/logo\/image\/","url":"https:\/\/diariodepe.com.br\/xinhua\/wp-content\/uploads\/sites\/3\/2020\/10\/cropped-logo-transparente-2.png","contentUrl":"https:\/\/diariodepe.com.br\/xinhua\/wp-content\/uploads\/sites\/3\/2020\/10\/cropped-logo-transparente-2.png","width":512,"height":164,"caption":"Xinhua - Diario de Pernambuco"},"image":{"@id":"https:\/\/diariodepe.com.br\/xinhua\/#\/schema\/logo\/image\/"}},{"@type":"Person","@id":"https:\/\/diariodepe.com.br\/xinhua\/#\/schema\/person\/0943d6fd02bdc7b49c8f495e8787a2cb","name":"Marcelo Oliveira de A. Maranhao","image":{"@type":"ImageObject","inLanguage":"pt-BR","@id":"https:\/\/secure.gravatar.com\/avatar\/f562caee940d39879c20e90eea3e4b21860c7d4c96684c23141c554824f0059c?s=96&d=mm&r=g","url":"https:\/\/secure.gravatar.com\/avatar\/f562caee940d39879c20e90eea3e4b21860c7d4c96684c23141c554824f0059c?s=96&d=mm&r=g","contentUrl":"https:\/\/secure.gravatar.com\/avatar\/f562caee940d39879c20e90eea3e4b21860c7d4c96684c23141c554824f0059c?s=96&d=mm&r=g","caption":"Marcelo Oliveira de A. Maranhao"},"url":"https:\/\/diariodepe.com.br\/xinhua\/author\/marcelo-maranhao\/"}]}},"cc_featured_image_caption":{"caption_text":"","source_text":"","source_url":""},"amp_enabled":true,"_links":{"self":[{"href":"https:\/\/diariodepe.com.br\/xinhua\/wp-json\/wp\/v2\/posts\/1724","targetHints":{"allow":["GET"]}}],"collection":[{"href":"https:\/\/diariodepe.com.br\/xinhua\/wp-json\/wp\/v2\/posts"}],"about":[{"href":"https:\/\/diariodepe.com.br\/xinhua\/wp-json\/wp\/v2\/types\/post"}],"author":[{"embeddable":true,"href":"https:\/\/diariodepe.com.br\/xinhua\/wp-json\/wp\/v2\/users\/3"}],"replies":[{"embeddable":true,"href":"https:\/\/diariodepe.com.br\/xinhua\/wp-json\/wp\/v2\/comments?post=1724"}],"version-history":[{"count":1,"href":"https:\/\/diariodepe.com.br\/xinhua\/wp-json\/wp\/v2\/posts\/1724\/revisions"}],"predecessor-version":[{"id":1725,"href":"https:\/\/diariodepe.com.br\/xinhua\/wp-json\/wp\/v2\/posts\/1724\/revisions\/1725"}],"wp:attachment":[{"href":"https:\/\/diariodepe.com.br\/xinhua\/wp-json\/wp\/v2\/media?parent=1724"}],"wp:term":[{"taxonomy":"category","embeddable":true,"href":"https:\/\/diariodepe.com.br\/xinhua\/wp-json\/wp\/v2\/categories?post=1724"},{"taxonomy":"post_tag","embeddable":true,"href":"https:\/\/diariodepe.com.br\/xinhua\/wp-json\/wp\/v2\/tags?post=1724"}],"curies":[{"name":"wp","href":"https:\/\/api.w.org\/{rel}","templated":true}]}}