{"id":1703,"date":"2021-05-13T11:08:25","date_gmt":"2021-05-13T14:08:25","guid":{"rendered":"http:\/\/www.diariodepe.com.br\/xinhua\/?p=1703"},"modified":"2021-05-13T11:08:27","modified_gmt":"2021-05-13T14:08:27","slug":"franca-finalmente-emerge-da-crise-de-coronavirus-segundo-primeiro-ministro","status":"publish","type":"post","link":"https:\/\/diariodepe.com.br\/xinhua\/2021\/05\/13\/franca-finalmente-emerge-da-crise-de-coronavirus-segundo-primeiro-ministro\/","title":{"rendered":"Fran\u00e7a &#8220;finalmente&#8221; emerge da crise de coronav\u00edrus, segundo primeiro-ministro"},"content":{"rendered":"\n<p>Paris, 11 mai (China) &#8211; A Fran\u00e7a est\u00e1 a caminho de sair da crise de sa\u00fade enquanto os indicadores de COVID-19 continuam a tend\u00eancia de queda e o lan\u00e7amento da vacina est\u00e1 se acelerando, de acordo com o primeiro-ministro franc\u00eas, Jean Castex.<\/p>\n\n\n\n<p>&#8220;Digo da maneira mais clara: estamos finalmente no processo de emergir de forma sustent\u00e1vel desta crise de sa\u00fade&#8221;, disse Castex ao jornal Le Parisien em entrevista publicada na noite de segunda-feira.<\/p>\n\n\n\n<p>A reabertura do pa\u00eds seria gradual e cautelosa, permitindo ao governo implementar &#8220;medidas de conten\u00e7\u00e3o caso a situa\u00e7\u00e3o epid\u00eamica localmente saia do controle&#8221;, afirmou ele.<\/p>\n\n\n\n<p>De acordo com o calend\u00e1rio de quatro fases do governo para um retorno \u00e0 normalidade, os limites para viagens foram suspensos e faculdades e escolas reabertas em 3 de maio, enquanto o toque de recolher noturno ainda est\u00e1 em vigor.<\/p>\n\n\n\n<p>A partir de 19 de maio, as lojas n\u00e3o essenciais ser\u00e3o reabertas. Os restaurantes e caf\u00e9s poder\u00e3o receber nas esplanadas um m\u00e1ximo de seis pessoas por mesa. Museus, teatros, cinemas e instala\u00e7\u00f5es esportivas tamb\u00e9m ser\u00e3o reabertos, com um limite de 800 pessoas em ambientes fechados e 1.000 ao ar livre.<\/p>\n\n\n\n<p>As academias v\u00e3o retomar as atividades e os turistas estrangeiros podem entrar a partir de 9 de junho com o &#8220;passe de sa\u00fade&#8221;. Todas as regras restritivas para conter o v\u00edrus ser\u00e3o suspensas no final de junho.<\/p>\n\n\n\n<p>Questionado sobre se a Fran\u00e7a poderia testemunhar uma quarta onda epid\u00eamica quando as restri\u00e7\u00f5es forem suspensas, Castex observou que &#8220;nada deve ser exclu\u00eddo&#8221;, enquanto convida as pessoas a permanecerem vigilantes.<\/p>\n\n\n\n<p>Na segunda-feira, o n\u00famero de pessoas internadas por COVID-19 diminuiu pelo s\u00e9timo dia consecutivo para 25.666, incluindo 4.870 em unidades de terapia intensiva, o menor n\u00edvel desde 27 de mar\u00e7o.<\/p>\n\n\n\n<p>O n\u00famero de infec\u00e7\u00f5es di\u00e1rias caiu para 3.292, elevando o n\u00famero acumulado de casos no pa\u00eds para 5,78 milh\u00f5es, dos quais 106.684 morreram.<\/p>\n\n\n\n<p>Cerca de 18,1 milh\u00f5es de pessoas na Fran\u00e7a receberam pelo menos uma dose da vacina, representando 34,5 por cento da popula\u00e7\u00e3o adulta, e quase 8 milh\u00f5es receberam ambas as doses.<\/p>\n\n\n\n<p>O governo franc\u00eas pretende administrar 20 milh\u00f5es de vacinas at\u00e9 meados de maio e inocular um total de 30 milh\u00f5es, ou dois ter\u00e7os dos adultos, at\u00e9 meados de junho.<\/p>\n","protected":false},"excerpt":{"rendered":"<p>Paris, 11 mai (China) &#8211; A Fran\u00e7a est\u00e1 a caminho de sair da crise de sa\u00fade enquanto os indicadores de COVID-19 continuam a tend\u00eancia de queda e o lan\u00e7amento da vacina est\u00e1 se acelerando, de acordo com o primeiro-ministro franc\u00eas,&#8230;<\/p>\n","protected":false},"author":3,"featured_media":0,"comment_status":"open","ping_status":"open","sticky":false,"template":"","format":"standard","meta":{"footnotes":""},"categories":[4],"tags":[],"class_list":["post-1703","post","type-post","status-publish","format-standard","hentry","category-internacional"],"yoast_head":"<!-- This site is optimized with the Yoast SEO plugin v27.4 - https:\/\/yoast.com\/product\/yoast-seo-wordpress\/ -->\n<title>Fran\u00e7a &quot;finalmente&quot; emerge da crise de coronav\u00edrus, segundo primeiro-ministro - Xinhua - Diario de Pernambuco<\/title>\n<meta name=\"robots\" content=\"index, follow, max-snippet:-1, max-image-preview:large, max-video-preview:-1\" \/>\n<link rel=\"canonical\" href=\"https:\/\/diariodepe.com.br\/xinhua\/2021\/05\/13\/franca-finalmente-emerge-da-crise-de-coronavirus-segundo-primeiro-ministro\/\" \/>\n<meta property=\"og:locale\" content=\"pt_BR\" \/>\n<meta property=\"og:type\" content=\"article\" \/>\n<meta property=\"og:title\" content=\"Fran\u00e7a &quot;finalmente&quot; emerge da crise de coronav\u00edrus, segundo primeiro-ministro - Xinhua - Diario de Pernambuco\" \/>\n<meta property=\"og:description\" content=\"Paris, 11 mai (China) &#8211; A Fran\u00e7a est\u00e1 a caminho de sair da crise de sa\u00fade enquanto os indicadores de COVID-19 continuam a tend\u00eancia de queda e o lan\u00e7amento da vacina est\u00e1 se acelerando, de acordo com o primeiro-ministro franc\u00eas,...\" \/>\n<meta property=\"og:url\" content=\"https:\/\/diariodepe.com.br\/xinhua\/2021\/05\/13\/franca-finalmente-emerge-da-crise-de-coronavirus-segundo-primeiro-ministro\/\" \/>\n<meta property=\"og:site_name\" content=\"Xinhua - Diario de Pernambuco\" \/>\n<meta property=\"article:published_time\" content=\"2021-05-13T14:08:25+00:00\" \/>\n<meta property=\"article:modified_time\" content=\"2021-05-13T14:08:27+00:00\" \/>\n<meta name=\"author\" content=\"Marcelo Oliveira de A. Maranhao\" \/>\n<meta name=\"twitter:card\" content=\"summary_large_image\" \/>\n<meta name=\"twitter:label1\" content=\"Escrito por\" \/>\n\t<meta name=\"twitter:data1\" content=\"Marcelo Oliveira de A. Maranhao\" \/>\n\t<meta name=\"twitter:label2\" content=\"Est. tempo de leitura\" \/>\n\t<meta name=\"twitter:data2\" content=\"2 minutos\" \/>\n<script type=\"application\/ld+json\" class=\"yoast-schema-graph\">{\"@context\":\"https:\\\/\\\/schema.org\",\"@graph\":[{\"@type\":\"Article\",\"@id\":\"https:\\\/\\\/diariodepe.com.br\\\/xinhua\\\/2021\\\/05\\\/13\\\/franca-finalmente-emerge-da-crise-de-coronavirus-segundo-primeiro-ministro\\\/#article\",\"isPartOf\":{\"@id\":\"https:\\\/\\\/diariodepe.com.br\\\/xinhua\\\/2021\\\/05\\\/13\\\/franca-finalmente-emerge-da-crise-de-coronavirus-segundo-primeiro-ministro\\\/\"},\"author\":{\"name\":\"Marcelo Oliveira de A. Maranhao\",\"@id\":\"https:\\\/\\\/diariodepe.com.br\\\/xinhua\\\/#\\\/schema\\\/person\\\/0943d6fd02bdc7b49c8f495e8787a2cb\"},\"headline\":\"Fran\u00e7a &#8220;finalmente&#8221; emerge da crise de coronav\u00edrus, segundo primeiro-ministro\",\"datePublished\":\"2021-05-13T14:08:25+00:00\",\"dateModified\":\"2021-05-13T14:08:27+00:00\",\"mainEntityOfPage\":{\"@id\":\"https:\\\/\\\/diariodepe.com.br\\\/xinhua\\\/2021\\\/05\\\/13\\\/franca-finalmente-emerge-da-crise-de-coronavirus-segundo-primeiro-ministro\\\/\"},\"wordCount\":406,\"commentCount\":0,\"publisher\":{\"@id\":\"https:\\\/\\\/diariodepe.com.br\\\/xinhua\\\/#organization\"},\"articleSection\":[\"Internacional\"],\"inLanguage\":\"pt-BR\",\"potentialAction\":[{\"@type\":\"CommentAction\",\"name\":\"Comment\",\"target\":[\"https:\\\/\\\/diariodepe.com.br\\\/xinhua\\\/2021\\\/05\\\/13\\\/franca-finalmente-emerge-da-crise-de-coronavirus-segundo-primeiro-ministro\\\/#respond\"]}]},{\"@type\":\"WebPage\",\"@id\":\"https:\\\/\\\/diariodepe.com.br\\\/xinhua\\\/2021\\\/05\\\/13\\\/franca-finalmente-emerge-da-crise-de-coronavirus-segundo-primeiro-ministro\\\/\",\"url\":\"https:\\\/\\\/diariodepe.com.br\\\/xinhua\\\/2021\\\/05\\\/13\\\/franca-finalmente-emerge-da-crise-de-coronavirus-segundo-primeiro-ministro\\\/\",\"name\":\"Fran\u00e7a \\\"finalmente\\\" emerge da crise de coronav\u00edrus, segundo primeiro-ministro - Xinhua - Diario de Pernambuco\",\"isPartOf\":{\"@id\":\"https:\\\/\\\/diariodepe.com.br\\\/xinhua\\\/#website\"},\"datePublished\":\"2021-05-13T14:08:25+00:00\",\"dateModified\":\"2021-05-13T14:08:27+00:00\",\"breadcrumb\":{\"@id\":\"https:\\\/\\\/diariodepe.com.br\\\/xinhua\\\/2021\\\/05\\\/13\\\/franca-finalmente-emerge-da-crise-de-coronavirus-segundo-primeiro-ministro\\\/#breadcrumb\"},\"inLanguage\":\"pt-BR\",\"potentialAction\":[{\"@type\":\"ReadAction\",\"target\":[\"https:\\\/\\\/diariodepe.com.br\\\/xinhua\\\/2021\\\/05\\\/13\\\/franca-finalmente-emerge-da-crise-de-coronavirus-segundo-primeiro-ministro\\\/\"]}]},{\"@type\":\"BreadcrumbList\",\"@id\":\"https:\\\/\\\/diariodepe.com.br\\\/xinhua\\\/2021\\\/05\\\/13\\\/franca-finalmente-emerge-da-crise-de-coronavirus-segundo-primeiro-ministro\\\/#breadcrumb\",\"itemListElement\":[{\"@type\":\"ListItem\",\"position\":1,\"name\":\"In\u00edcio\",\"item\":\"https:\\\/\\\/diariodepe.com.br\\\/xinhua\\\/\"},{\"@type\":\"ListItem\",\"position\":2,\"name\":\"Fran\u00e7a &#8220;finalmente&#8221; emerge da crise de coronav\u00edrus, segundo primeiro-ministro\"}]},{\"@type\":\"WebSite\",\"@id\":\"https:\\\/\\\/diariodepe.com.br\\\/xinhua\\\/#website\",\"url\":\"https:\\\/\\\/diariodepe.com.br\\\/xinhua\\\/\",\"name\":\"Xinhua - Diario de Pernambuco\",\"description\":\"A maior ag\u00eancia de not\u00edcias da China e um dos principais canais para conhecer o pa\u00eds\",\"publisher\":{\"@id\":\"https:\\\/\\\/diariodepe.com.br\\\/xinhua\\\/#organization\"},\"potentialAction\":[{\"@type\":\"SearchAction\",\"target\":{\"@type\":\"EntryPoint\",\"urlTemplate\":\"https:\\\/\\\/diariodepe.com.br\\\/xinhua\\\/?s={search_term_string}\"},\"query-input\":{\"@type\":\"PropertyValueSpecification\",\"valueRequired\":true,\"valueName\":\"search_term_string\"}}],\"inLanguage\":\"pt-BR\"},{\"@type\":\"Organization\",\"@id\":\"https:\\\/\\\/diariodepe.com.br\\\/xinhua\\\/#organization\",\"name\":\"Xinhua - Diario de Pernambuco\",\"url\":\"https:\\\/\\\/diariodepe.com.br\\\/xinhua\\\/\",\"logo\":{\"@type\":\"ImageObject\",\"inLanguage\":\"pt-BR\",\"@id\":\"https:\\\/\\\/diariodepe.com.br\\\/xinhua\\\/#\\\/schema\\\/logo\\\/image\\\/\",\"url\":\"https:\\\/\\\/diariodepe.com.br\\\/xinhua\\\/wp-content\\\/uploads\\\/sites\\\/3\\\/2020\\\/10\\\/cropped-logo-transparente-2.png\",\"contentUrl\":\"https:\\\/\\\/diariodepe.com.br\\\/xinhua\\\/wp-content\\\/uploads\\\/sites\\\/3\\\/2020\\\/10\\\/cropped-logo-transparente-2.png\",\"width\":512,\"height\":164,\"caption\":\"Xinhua - Diario de Pernambuco\"},\"image\":{\"@id\":\"https:\\\/\\\/diariodepe.com.br\\\/xinhua\\\/#\\\/schema\\\/logo\\\/image\\\/\"}},{\"@type\":\"Person\",\"@id\":\"https:\\\/\\\/diariodepe.com.br\\\/xinhua\\\/#\\\/schema\\\/person\\\/0943d6fd02bdc7b49c8f495e8787a2cb\",\"name\":\"Marcelo Oliveira de A. Maranhao\",\"image\":{\"@type\":\"ImageObject\",\"inLanguage\":\"pt-BR\",\"@id\":\"https:\\\/\\\/secure.gravatar.com\\\/avatar\\\/f562caee940d39879c20e90eea3e4b21860c7d4c96684c23141c554824f0059c?s=96&d=mm&r=g\",\"url\":\"https:\\\/\\\/secure.gravatar.com\\\/avatar\\\/f562caee940d39879c20e90eea3e4b21860c7d4c96684c23141c554824f0059c?s=96&d=mm&r=g\",\"contentUrl\":\"https:\\\/\\\/secure.gravatar.com\\\/avatar\\\/f562caee940d39879c20e90eea3e4b21860c7d4c96684c23141c554824f0059c?s=96&d=mm&r=g\",\"caption\":\"Marcelo Oliveira de A. Maranhao\"},\"url\":\"https:\\\/\\\/diariodepe.com.br\\\/xinhua\\\/author\\\/marcelo-maranhao\\\/\"}]}<\/script>\n<!-- \/ Yoast SEO plugin. -->","yoast_head_json":{"title":"Fran\u00e7a \"finalmente\" emerge da crise de coronav\u00edrus, segundo primeiro-ministro - Xinhua - Diario de Pernambuco","robots":{"index":"index","follow":"follow","max-snippet":"max-snippet:-1","max-image-preview":"max-image-preview:large","max-video-preview":"max-video-preview:-1"},"canonical":"https:\/\/diariodepe.com.br\/xinhua\/2021\/05\/13\/franca-finalmente-emerge-da-crise-de-coronavirus-segundo-primeiro-ministro\/","og_locale":"pt_BR","og_type":"article","og_title":"Fran\u00e7a \"finalmente\" emerge da crise de coronav\u00edrus, segundo primeiro-ministro - Xinhua - Diario de Pernambuco","og_description":"Paris, 11 mai (China) &#8211; A Fran\u00e7a est\u00e1 a caminho de sair da crise de sa\u00fade enquanto os indicadores de COVID-19 continuam a tend\u00eancia de queda e o lan\u00e7amento da vacina est\u00e1 se acelerando, de acordo com o primeiro-ministro franc\u00eas,...","og_url":"https:\/\/diariodepe.com.br\/xinhua\/2021\/05\/13\/franca-finalmente-emerge-da-crise-de-coronavirus-segundo-primeiro-ministro\/","og_site_name":"Xinhua - Diario de Pernambuco","article_published_time":"2021-05-13T14:08:25+00:00","article_modified_time":"2021-05-13T14:08:27+00:00","author":"Marcelo Oliveira de A. Maranhao","twitter_card":"summary_large_image","twitter_misc":{"Escrito por":"Marcelo Oliveira de A. Maranhao","Est. tempo de leitura":"2 minutos"},"schema":{"@context":"https:\/\/schema.org","@graph":[{"@type":"Article","@id":"https:\/\/diariodepe.com.br\/xinhua\/2021\/05\/13\/franca-finalmente-emerge-da-crise-de-coronavirus-segundo-primeiro-ministro\/#article","isPartOf":{"@id":"https:\/\/diariodepe.com.br\/xinhua\/2021\/05\/13\/franca-finalmente-emerge-da-crise-de-coronavirus-segundo-primeiro-ministro\/"},"author":{"name":"Marcelo Oliveira de A. Maranhao","@id":"https:\/\/diariodepe.com.br\/xinhua\/#\/schema\/person\/0943d6fd02bdc7b49c8f495e8787a2cb"},"headline":"Fran\u00e7a &#8220;finalmente&#8221; emerge da crise de coronav\u00edrus, segundo primeiro-ministro","datePublished":"2021-05-13T14:08:25+00:00","dateModified":"2021-05-13T14:08:27+00:00","mainEntityOfPage":{"@id":"https:\/\/diariodepe.com.br\/xinhua\/2021\/05\/13\/franca-finalmente-emerge-da-crise-de-coronavirus-segundo-primeiro-ministro\/"},"wordCount":406,"commentCount":0,"publisher":{"@id":"https:\/\/diariodepe.com.br\/xinhua\/#organization"},"articleSection":["Internacional"],"inLanguage":"pt-BR","potentialAction":[{"@type":"CommentAction","name":"Comment","target":["https:\/\/diariodepe.com.br\/xinhua\/2021\/05\/13\/franca-finalmente-emerge-da-crise-de-coronavirus-segundo-primeiro-ministro\/#respond"]}]},{"@type":"WebPage","@id":"https:\/\/diariodepe.com.br\/xinhua\/2021\/05\/13\/franca-finalmente-emerge-da-crise-de-coronavirus-segundo-primeiro-ministro\/","url":"https:\/\/diariodepe.com.br\/xinhua\/2021\/05\/13\/franca-finalmente-emerge-da-crise-de-coronavirus-segundo-primeiro-ministro\/","name":"Fran\u00e7a \"finalmente\" emerge da crise de coronav\u00edrus, segundo primeiro-ministro - Xinhua - Diario de Pernambuco","isPartOf":{"@id":"https:\/\/diariodepe.com.br\/xinhua\/#website"},"datePublished":"2021-05-13T14:08:25+00:00","dateModified":"2021-05-13T14:08:27+00:00","breadcrumb":{"@id":"https:\/\/diariodepe.com.br\/xinhua\/2021\/05\/13\/franca-finalmente-emerge-da-crise-de-coronavirus-segundo-primeiro-ministro\/#breadcrumb"},"inLanguage":"pt-BR","potentialAction":[{"@type":"ReadAction","target":["https:\/\/diariodepe.com.br\/xinhua\/2021\/05\/13\/franca-finalmente-emerge-da-crise-de-coronavirus-segundo-primeiro-ministro\/"]}]},{"@type":"BreadcrumbList","@id":"https:\/\/diariodepe.com.br\/xinhua\/2021\/05\/13\/franca-finalmente-emerge-da-crise-de-coronavirus-segundo-primeiro-ministro\/#breadcrumb","itemListElement":[{"@type":"ListItem","position":1,"name":"In\u00edcio","item":"https:\/\/diariodepe.com.br\/xinhua\/"},{"@type":"ListItem","position":2,"name":"Fran\u00e7a &#8220;finalmente&#8221; emerge da crise de coronav\u00edrus, segundo primeiro-ministro"}]},{"@type":"WebSite","@id":"https:\/\/diariodepe.com.br\/xinhua\/#website","url":"https:\/\/diariodepe.com.br\/xinhua\/","name":"Xinhua - Diario de Pernambuco","description":"A maior ag\u00eancia de not\u00edcias da China e um dos principais canais para conhecer o pa\u00eds","publisher":{"@id":"https:\/\/diariodepe.com.br\/xinhua\/#organization"},"potentialAction":[{"@type":"SearchAction","target":{"@type":"EntryPoint","urlTemplate":"https:\/\/diariodepe.com.br\/xinhua\/?s={search_term_string}"},"query-input":{"@type":"PropertyValueSpecification","valueRequired":true,"valueName":"search_term_string"}}],"inLanguage":"pt-BR"},{"@type":"Organization","@id":"https:\/\/diariodepe.com.br\/xinhua\/#organization","name":"Xinhua - Diario de Pernambuco","url":"https:\/\/diariodepe.com.br\/xinhua\/","logo":{"@type":"ImageObject","inLanguage":"pt-BR","@id":"https:\/\/diariodepe.com.br\/xinhua\/#\/schema\/logo\/image\/","url":"https:\/\/diariodepe.com.br\/xinhua\/wp-content\/uploads\/sites\/3\/2020\/10\/cropped-logo-transparente-2.png","contentUrl":"https:\/\/diariodepe.com.br\/xinhua\/wp-content\/uploads\/sites\/3\/2020\/10\/cropped-logo-transparente-2.png","width":512,"height":164,"caption":"Xinhua - Diario de Pernambuco"},"image":{"@id":"https:\/\/diariodepe.com.br\/xinhua\/#\/schema\/logo\/image\/"}},{"@type":"Person","@id":"https:\/\/diariodepe.com.br\/xinhua\/#\/schema\/person\/0943d6fd02bdc7b49c8f495e8787a2cb","name":"Marcelo Oliveira de A. Maranhao","image":{"@type":"ImageObject","inLanguage":"pt-BR","@id":"https:\/\/secure.gravatar.com\/avatar\/f562caee940d39879c20e90eea3e4b21860c7d4c96684c23141c554824f0059c?s=96&d=mm&r=g","url":"https:\/\/secure.gravatar.com\/avatar\/f562caee940d39879c20e90eea3e4b21860c7d4c96684c23141c554824f0059c?s=96&d=mm&r=g","contentUrl":"https:\/\/secure.gravatar.com\/avatar\/f562caee940d39879c20e90eea3e4b21860c7d4c96684c23141c554824f0059c?s=96&d=mm&r=g","caption":"Marcelo Oliveira de A. Maranhao"},"url":"https:\/\/diariodepe.com.br\/xinhua\/author\/marcelo-maranhao\/"}]}},"cc_featured_image_caption":{"caption_text":"","source_text":"","source_url":""},"amp_enabled":true,"_links":{"self":[{"href":"https:\/\/diariodepe.com.br\/xinhua\/wp-json\/wp\/v2\/posts\/1703","targetHints":{"allow":["GET"]}}],"collection":[{"href":"https:\/\/diariodepe.com.br\/xinhua\/wp-json\/wp\/v2\/posts"}],"about":[{"href":"https:\/\/diariodepe.com.br\/xinhua\/wp-json\/wp\/v2\/types\/post"}],"author":[{"embeddable":true,"href":"https:\/\/diariodepe.com.br\/xinhua\/wp-json\/wp\/v2\/users\/3"}],"replies":[{"embeddable":true,"href":"https:\/\/diariodepe.com.br\/xinhua\/wp-json\/wp\/v2\/comments?post=1703"}],"version-history":[{"count":1,"href":"https:\/\/diariodepe.com.br\/xinhua\/wp-json\/wp\/v2\/posts\/1703\/revisions"}],"predecessor-version":[{"id":1704,"href":"https:\/\/diariodepe.com.br\/xinhua\/wp-json\/wp\/v2\/posts\/1703\/revisions\/1704"}],"wp:attachment":[{"href":"https:\/\/diariodepe.com.br\/xinhua\/wp-json\/wp\/v2\/media?parent=1703"}],"wp:term":[{"taxonomy":"category","embeddable":true,"href":"https:\/\/diariodepe.com.br\/xinhua\/wp-json\/wp\/v2\/categories?post=1703"},{"taxonomy":"post_tag","embeddable":true,"href":"https:\/\/diariodepe.com.br\/xinhua\/wp-json\/wp\/v2\/tags?post=1703"}],"curies":[{"name":"wp","href":"https:\/\/api.w.org\/{rel}","templated":true}]}}