{"id":1677,"date":"2021-05-12T10:37:18","date_gmt":"2021-05-12T13:37:18","guid":{"rendered":"http:\/\/www.diariodepe.com.br\/xinhua\/?p=1677"},"modified":"2021-05-12T10:37:20","modified_gmt":"2021-05-12T13:37:20","slug":"primeiro-ministro-chines-pede-atmosfera-social-que-estimule-inovacao-e-criatividade","status":"publish","type":"post","link":"https:\/\/diariodepe.com.br\/xinhua\/2021\/05\/12\/primeiro-ministro-chines-pede-atmosfera-social-que-estimule-inovacao-e-criatividade\/","title":{"rendered":"Primeiro-ministro chin\u00eas pede atmosfera social que estimule inova\u00e7\u00e3o e criatividade"},"content":{"rendered":"\n<p>O primeiro-ministro chin\u00eas Li Keqiang, tamb\u00e9m membro do Comit\u00ea Permanente do Bir\u00f4 Pol\u00edtico do Comit\u00ea Central do Partido Comunista da China, preside um simp\u00f3sio sobre o sistema de subs\u00eddio especial do governo em Beijing, capital da China, em 11 de maio de 2021. (Xinhua\/Shen Hong)<\/p>\n\n\n\n<p>Beijing, 12 mai (China) &#8212; O primeiro-ministro chin\u00eas, Li Keqiang, pediu nesta ter\u00e7a-feira esfor\u00e7os incessantes para promover uma atmosfera social que respeite a ci\u00eancia, o conhecimento e o talento e estimule a inova\u00e7\u00e3o e a criatividade.<\/p>\n\n\n\n<p>Li, tamb\u00e9m membro do Comit\u00ea Permanente do Bir\u00f4 Pol\u00edtico do Comit\u00ea Central do Partido Comunista da China (PCC), fez os coment\u00e1rios ao presidir um simp\u00f3sio sobre o sistema de subs\u00eddio governamental especial.<\/p>\n\n\n\n<p>O vice-premi\u00ea Han Zheng, tamb\u00e9m membro do Comit\u00ea Permanente do Bir\u00f4 Pol\u00edtico do Comit\u00ea Central do PCC, participou do simp\u00f3sio.<\/p>\n\n\n\n<p>V\u00e1rios representantes dos recebedores do apoio falaram no encontro, apresentando sugest\u00f5es de melhorias no sistema de subs\u00eddios, suporte a jovens talentos e outros assuntos.<\/p>\n\n\n\n<p>Os subs\u00eddios especiais do governo da China s\u00e3o concedidos como recompensas e t\u00edtulos honor\u00edficos a talentos excepcionais que s\u00e3o considerados altamente profissionais ou qualificados em suas \u00e1reas de trabalho especializadas, como estudo cient\u00edfico, tratamento m\u00e9dico, educa\u00e7\u00e3o e opera\u00e7\u00e3o t\u00e9cnica.<\/p>\n\n\n\n<p>Elogiando as conquistas do sistema de subs\u00eddio governamental especial nas \u00faltimas tr\u00eas d\u00e9cadas desde sua cria\u00e7\u00e3o, Li pediu mais esfor\u00e7os para melhorar os mecanismos de incentivo ao talento para reunir sabedoria e for\u00e7a para o desenvolvimento e moderniza\u00e7\u00e3o de alta qualidade da China.<\/p>\n\n\n\n<p>Mais \u00eanfase deve ser colocada no treinamento dos fundamentos no cultivo de talentos, disse Li, pedindo mais apoio para pesquisas b\u00e1sicas que podem n\u00e3o trazer fama e pesquisas que exigem um compromisso de longo prazo.<\/p>\n\n\n\n<p>Li pediu esfor\u00e7os para promover o esp\u00edrito da ci\u00eancia, habilidade e profissionalismo.<\/p>\n\n\n\n<p>Ele tamb\u00e9m pediu mais interc\u00e2mbios e coopera\u00e7\u00e3o internacionais para impulsionar a inova\u00e7\u00e3o e a criatividade.<\/p>\n\n\n\n<p>Li enfatizou ainda mais um ambiente favor\u00e1vel para os talentos crescerem e desempenharem seus pap\u00e9is e disse que v\u00e1rias reformas devem ser aprofundadas para remover as restri\u00e7\u00f5es.<\/p>\n\n\n\n<p>Mais jovens pesquisadores de destaque devem ser encorajados a desempenharem pap\u00e9is de lideran\u00e7a em grandes projetos de pesquisa cient\u00edfica, disse ele.<\/p>\n","protected":false},"excerpt":{"rendered":"<p>O primeiro-ministro chin\u00eas Li Keqiang, tamb\u00e9m membro do Comit\u00ea Permanente do Bir\u00f4 Pol\u00edtico do Comit\u00ea Central do Partido Comunista da China, preside um simp\u00f3sio sobre o sistema de subs\u00eddio especial do governo em Beijing, capital da China, em 11 de&#8230;<\/p>\n","protected":false},"author":3,"featured_media":1678,"comment_status":"open","ping_status":"open","sticky":false,"template":"","format":"standard","meta":{"footnotes":""},"categories":[3],"tags":[],"class_list":["post-1677","post","type-post","status-publish","format-standard","has-post-thumbnail","hentry","category-china"],"yoast_head":"<!-- This site is optimized with the Yoast SEO plugin v27.4 - https:\/\/yoast.com\/product\/yoast-seo-wordpress\/ -->\n<title>Primeiro-ministro chin\u00eas pede atmosfera social que estimule inova\u00e7\u00e3o e criatividade - Xinhua - Diario de Pernambuco<\/title>\n<meta name=\"robots\" content=\"index, follow, max-snippet:-1, max-image-preview:large, max-video-preview:-1\" \/>\n<link rel=\"canonical\" href=\"https:\/\/diariodepe.com.br\/xinhua\/2021\/05\/12\/primeiro-ministro-chines-pede-atmosfera-social-que-estimule-inovacao-e-criatividade\/\" \/>\n<meta property=\"og:locale\" content=\"pt_BR\" \/>\n<meta property=\"og:type\" content=\"article\" \/>\n<meta property=\"og:title\" content=\"Primeiro-ministro chin\u00eas pede atmosfera social que estimule inova\u00e7\u00e3o e criatividade - Xinhua - Diario de Pernambuco\" \/>\n<meta property=\"og:description\" content=\"O primeiro-ministro chin\u00eas Li Keqiang, tamb\u00e9m membro do Comit\u00ea Permanente do Bir\u00f4 Pol\u00edtico do Comit\u00ea Central do Partido Comunista da China, preside um simp\u00f3sio sobre o sistema de subs\u00eddio especial do governo em Beijing, capital da China, em 11 de...\" \/>\n<meta property=\"og:url\" content=\"https:\/\/diariodepe.com.br\/xinhua\/2021\/05\/12\/primeiro-ministro-chines-pede-atmosfera-social-que-estimule-inovacao-e-criatividade\/\" \/>\n<meta property=\"og:site_name\" content=\"Xinhua - Diario de Pernambuco\" \/>\n<meta property=\"article:published_time\" content=\"2021-05-12T13:37:18+00:00\" \/>\n<meta property=\"article:modified_time\" content=\"2021-05-12T13:37:20+00:00\" \/>\n<meta property=\"og:image\" content=\"https:\/\/diariodepe.com.br\/xinhua\/wp-content\/uploads\/sites\/3\/2021\/05\/139940624_16207966953341n.jpg\" \/>\n\t<meta property=\"og:image:width\" content=\"899\" \/>\n\t<meta property=\"og:image:height\" content=\"580\" \/>\n\t<meta property=\"og:image:type\" content=\"image\/jpeg\" \/>\n<meta name=\"author\" content=\"Marcelo Oliveira de A. Maranhao\" \/>\n<meta name=\"twitter:card\" content=\"summary_large_image\" \/>\n<meta name=\"twitter:label1\" content=\"Escrito por\" \/>\n\t<meta name=\"twitter:data1\" content=\"Marcelo Oliveira de A. Maranhao\" \/>\n\t<meta name=\"twitter:label2\" content=\"Est. tempo de leitura\" \/>\n\t<meta name=\"twitter:data2\" content=\"2 minutos\" \/>\n<script type=\"application\/ld+json\" class=\"yoast-schema-graph\">{\"@context\":\"https:\\\/\\\/schema.org\",\"@graph\":[{\"@type\":\"Article\",\"@id\":\"https:\\\/\\\/diariodepe.com.br\\\/xinhua\\\/2021\\\/05\\\/12\\\/primeiro-ministro-chines-pede-atmosfera-social-que-estimule-inovacao-e-criatividade\\\/#article\",\"isPartOf\":{\"@id\":\"https:\\\/\\\/diariodepe.com.br\\\/xinhua\\\/2021\\\/05\\\/12\\\/primeiro-ministro-chines-pede-atmosfera-social-que-estimule-inovacao-e-criatividade\\\/\"},\"author\":{\"name\":\"Marcelo Oliveira de A. Maranhao\",\"@id\":\"https:\\\/\\\/diariodepe.com.br\\\/xinhua\\\/#\\\/schema\\\/person\\\/0943d6fd02bdc7b49c8f495e8787a2cb\"},\"headline\":\"Primeiro-ministro chin\u00eas pede atmosfera social que estimule inova\u00e7\u00e3o e criatividade\",\"datePublished\":\"2021-05-12T13:37:18+00:00\",\"dateModified\":\"2021-05-12T13:37:20+00:00\",\"mainEntityOfPage\":{\"@id\":\"https:\\\/\\\/diariodepe.com.br\\\/xinhua\\\/2021\\\/05\\\/12\\\/primeiro-ministro-chines-pede-atmosfera-social-que-estimule-inovacao-e-criatividade\\\/\"},\"wordCount\":413,\"commentCount\":0,\"publisher\":{\"@id\":\"https:\\\/\\\/diariodepe.com.br\\\/xinhua\\\/#organization\"},\"image\":{\"@id\":\"https:\\\/\\\/diariodepe.com.br\\\/xinhua\\\/2021\\\/05\\\/12\\\/primeiro-ministro-chines-pede-atmosfera-social-que-estimule-inovacao-e-criatividade\\\/#primaryimage\"},\"thumbnailUrl\":\"https:\\\/\\\/diariodepe.com.br\\\/xinhua\\\/wp-content\\\/uploads\\\/sites\\\/3\\\/2021\\\/05\\\/139940624_16207966953341n.jpg\",\"articleSection\":[\"China\"],\"inLanguage\":\"pt-BR\",\"potentialAction\":[{\"@type\":\"CommentAction\",\"name\":\"Comment\",\"target\":[\"https:\\\/\\\/diariodepe.com.br\\\/xinhua\\\/2021\\\/05\\\/12\\\/primeiro-ministro-chines-pede-atmosfera-social-que-estimule-inovacao-e-criatividade\\\/#respond\"]}]},{\"@type\":\"WebPage\",\"@id\":\"https:\\\/\\\/diariodepe.com.br\\\/xinhua\\\/2021\\\/05\\\/12\\\/primeiro-ministro-chines-pede-atmosfera-social-que-estimule-inovacao-e-criatividade\\\/\",\"url\":\"https:\\\/\\\/diariodepe.com.br\\\/xinhua\\\/2021\\\/05\\\/12\\\/primeiro-ministro-chines-pede-atmosfera-social-que-estimule-inovacao-e-criatividade\\\/\",\"name\":\"Primeiro-ministro chin\u00eas pede atmosfera social que estimule inova\u00e7\u00e3o e criatividade - Xinhua - Diario de Pernambuco\",\"isPartOf\":{\"@id\":\"https:\\\/\\\/diariodepe.com.br\\\/xinhua\\\/#website\"},\"primaryImageOfPage\":{\"@id\":\"https:\\\/\\\/diariodepe.com.br\\\/xinhua\\\/2021\\\/05\\\/12\\\/primeiro-ministro-chines-pede-atmosfera-social-que-estimule-inovacao-e-criatividade\\\/#primaryimage\"},\"image\":{\"@id\":\"https:\\\/\\\/diariodepe.com.br\\\/xinhua\\\/2021\\\/05\\\/12\\\/primeiro-ministro-chines-pede-atmosfera-social-que-estimule-inovacao-e-criatividade\\\/#primaryimage\"},\"thumbnailUrl\":\"https:\\\/\\\/diariodepe.com.br\\\/xinhua\\\/wp-content\\\/uploads\\\/sites\\\/3\\\/2021\\\/05\\\/139940624_16207966953341n.jpg\",\"datePublished\":\"2021-05-12T13:37:18+00:00\",\"dateModified\":\"2021-05-12T13:37:20+00:00\",\"breadcrumb\":{\"@id\":\"https:\\\/\\\/diariodepe.com.br\\\/xinhua\\\/2021\\\/05\\\/12\\\/primeiro-ministro-chines-pede-atmosfera-social-que-estimule-inovacao-e-criatividade\\\/#breadcrumb\"},\"inLanguage\":\"pt-BR\",\"potentialAction\":[{\"@type\":\"ReadAction\",\"target\":[\"https:\\\/\\\/diariodepe.com.br\\\/xinhua\\\/2021\\\/05\\\/12\\\/primeiro-ministro-chines-pede-atmosfera-social-que-estimule-inovacao-e-criatividade\\\/\"]}]},{\"@type\":\"ImageObject\",\"inLanguage\":\"pt-BR\",\"@id\":\"https:\\\/\\\/diariodepe.com.br\\\/xinhua\\\/2021\\\/05\\\/12\\\/primeiro-ministro-chines-pede-atmosfera-social-que-estimule-inovacao-e-criatividade\\\/#primaryimage\",\"url\":\"https:\\\/\\\/diariodepe.com.br\\\/xinhua\\\/wp-content\\\/uploads\\\/sites\\\/3\\\/2021\\\/05\\\/139940624_16207966953341n.jpg\",\"contentUrl\":\"https:\\\/\\\/diariodepe.com.br\\\/xinhua\\\/wp-content\\\/uploads\\\/sites\\\/3\\\/2021\\\/05\\\/139940624_16207966953341n.jpg\",\"width\":899,\"height\":580},{\"@type\":\"BreadcrumbList\",\"@id\":\"https:\\\/\\\/diariodepe.com.br\\\/xinhua\\\/2021\\\/05\\\/12\\\/primeiro-ministro-chines-pede-atmosfera-social-que-estimule-inovacao-e-criatividade\\\/#breadcrumb\",\"itemListElement\":[{\"@type\":\"ListItem\",\"position\":1,\"name\":\"In\u00edcio\",\"item\":\"https:\\\/\\\/diariodepe.com.br\\\/xinhua\\\/\"},{\"@type\":\"ListItem\",\"position\":2,\"name\":\"Primeiro-ministro chin\u00eas pede atmosfera social que estimule inova\u00e7\u00e3o e criatividade\"}]},{\"@type\":\"WebSite\",\"@id\":\"https:\\\/\\\/diariodepe.com.br\\\/xinhua\\\/#website\",\"url\":\"https:\\\/\\\/diariodepe.com.br\\\/xinhua\\\/\",\"name\":\"Xinhua - Diario de Pernambuco\",\"description\":\"A maior ag\u00eancia de not\u00edcias da China e um dos principais canais para conhecer o pa\u00eds\",\"publisher\":{\"@id\":\"https:\\\/\\\/diariodepe.com.br\\\/xinhua\\\/#organization\"},\"potentialAction\":[{\"@type\":\"SearchAction\",\"target\":{\"@type\":\"EntryPoint\",\"urlTemplate\":\"https:\\\/\\\/diariodepe.com.br\\\/xinhua\\\/?s={search_term_string}\"},\"query-input\":{\"@type\":\"PropertyValueSpecification\",\"valueRequired\":true,\"valueName\":\"search_term_string\"}}],\"inLanguage\":\"pt-BR\"},{\"@type\":\"Organization\",\"@id\":\"https:\\\/\\\/diariodepe.com.br\\\/xinhua\\\/#organization\",\"name\":\"Xinhua - Diario de Pernambuco\",\"url\":\"https:\\\/\\\/diariodepe.com.br\\\/xinhua\\\/\",\"logo\":{\"@type\":\"ImageObject\",\"inLanguage\":\"pt-BR\",\"@id\":\"https:\\\/\\\/diariodepe.com.br\\\/xinhua\\\/#\\\/schema\\\/logo\\\/image\\\/\",\"url\":\"https:\\\/\\\/diariodepe.com.br\\\/xinhua\\\/wp-content\\\/uploads\\\/sites\\\/3\\\/2020\\\/10\\\/cropped-logo-transparente-2.png\",\"contentUrl\":\"https:\\\/\\\/diariodepe.com.br\\\/xinhua\\\/wp-content\\\/uploads\\\/sites\\\/3\\\/2020\\\/10\\\/cropped-logo-transparente-2.png\",\"width\":512,\"height\":164,\"caption\":\"Xinhua - Diario de Pernambuco\"},\"image\":{\"@id\":\"https:\\\/\\\/diariodepe.com.br\\\/xinhua\\\/#\\\/schema\\\/logo\\\/image\\\/\"}},{\"@type\":\"Person\",\"@id\":\"https:\\\/\\\/diariodepe.com.br\\\/xinhua\\\/#\\\/schema\\\/person\\\/0943d6fd02bdc7b49c8f495e8787a2cb\",\"name\":\"Marcelo Oliveira de A. Maranhao\",\"image\":{\"@type\":\"ImageObject\",\"inLanguage\":\"pt-BR\",\"@id\":\"https:\\\/\\\/secure.gravatar.com\\\/avatar\\\/f562caee940d39879c20e90eea3e4b21860c7d4c96684c23141c554824f0059c?s=96&d=mm&r=g\",\"url\":\"https:\\\/\\\/secure.gravatar.com\\\/avatar\\\/f562caee940d39879c20e90eea3e4b21860c7d4c96684c23141c554824f0059c?s=96&d=mm&r=g\",\"contentUrl\":\"https:\\\/\\\/secure.gravatar.com\\\/avatar\\\/f562caee940d39879c20e90eea3e4b21860c7d4c96684c23141c554824f0059c?s=96&d=mm&r=g\",\"caption\":\"Marcelo Oliveira de A. Maranhao\"},\"url\":\"https:\\\/\\\/diariodepe.com.br\\\/xinhua\\\/author\\\/marcelo-maranhao\\\/\"}]}<\/script>\n<!-- \/ Yoast SEO plugin. -->","yoast_head_json":{"title":"Primeiro-ministro chin\u00eas pede atmosfera social que estimule inova\u00e7\u00e3o e criatividade - Xinhua - Diario de Pernambuco","robots":{"index":"index","follow":"follow","max-snippet":"max-snippet:-1","max-image-preview":"max-image-preview:large","max-video-preview":"max-video-preview:-1"},"canonical":"https:\/\/diariodepe.com.br\/xinhua\/2021\/05\/12\/primeiro-ministro-chines-pede-atmosfera-social-que-estimule-inovacao-e-criatividade\/","og_locale":"pt_BR","og_type":"article","og_title":"Primeiro-ministro chin\u00eas pede atmosfera social que estimule inova\u00e7\u00e3o e criatividade - Xinhua - Diario de Pernambuco","og_description":"O primeiro-ministro chin\u00eas Li Keqiang, tamb\u00e9m membro do Comit\u00ea Permanente do Bir\u00f4 Pol\u00edtico do Comit\u00ea Central do Partido Comunista da China, preside um simp\u00f3sio sobre o sistema de subs\u00eddio especial do governo em Beijing, capital da China, em 11 de...","og_url":"https:\/\/diariodepe.com.br\/xinhua\/2021\/05\/12\/primeiro-ministro-chines-pede-atmosfera-social-que-estimule-inovacao-e-criatividade\/","og_site_name":"Xinhua - Diario de Pernambuco","article_published_time":"2021-05-12T13:37:18+00:00","article_modified_time":"2021-05-12T13:37:20+00:00","og_image":[{"width":899,"height":580,"url":"https:\/\/diariodepe.com.br\/xinhua\/wp-content\/uploads\/sites\/3\/2021\/05\/139940624_16207966953341n.jpg","type":"image\/jpeg"}],"author":"Marcelo Oliveira de A. Maranhao","twitter_card":"summary_large_image","twitter_misc":{"Escrito por":"Marcelo Oliveira de A. Maranhao","Est. tempo de leitura":"2 minutos"},"schema":{"@context":"https:\/\/schema.org","@graph":[{"@type":"Article","@id":"https:\/\/diariodepe.com.br\/xinhua\/2021\/05\/12\/primeiro-ministro-chines-pede-atmosfera-social-que-estimule-inovacao-e-criatividade\/#article","isPartOf":{"@id":"https:\/\/diariodepe.com.br\/xinhua\/2021\/05\/12\/primeiro-ministro-chines-pede-atmosfera-social-que-estimule-inovacao-e-criatividade\/"},"author":{"name":"Marcelo Oliveira de A. Maranhao","@id":"https:\/\/diariodepe.com.br\/xinhua\/#\/schema\/person\/0943d6fd02bdc7b49c8f495e8787a2cb"},"headline":"Primeiro-ministro chin\u00eas pede atmosfera social que estimule inova\u00e7\u00e3o e criatividade","datePublished":"2021-05-12T13:37:18+00:00","dateModified":"2021-05-12T13:37:20+00:00","mainEntityOfPage":{"@id":"https:\/\/diariodepe.com.br\/xinhua\/2021\/05\/12\/primeiro-ministro-chines-pede-atmosfera-social-que-estimule-inovacao-e-criatividade\/"},"wordCount":413,"commentCount":0,"publisher":{"@id":"https:\/\/diariodepe.com.br\/xinhua\/#organization"},"image":{"@id":"https:\/\/diariodepe.com.br\/xinhua\/2021\/05\/12\/primeiro-ministro-chines-pede-atmosfera-social-que-estimule-inovacao-e-criatividade\/#primaryimage"},"thumbnailUrl":"https:\/\/diariodepe.com.br\/xinhua\/wp-content\/uploads\/sites\/3\/2021\/05\/139940624_16207966953341n.jpg","articleSection":["China"],"inLanguage":"pt-BR","potentialAction":[{"@type":"CommentAction","name":"Comment","target":["https:\/\/diariodepe.com.br\/xinhua\/2021\/05\/12\/primeiro-ministro-chines-pede-atmosfera-social-que-estimule-inovacao-e-criatividade\/#respond"]}]},{"@type":"WebPage","@id":"https:\/\/diariodepe.com.br\/xinhua\/2021\/05\/12\/primeiro-ministro-chines-pede-atmosfera-social-que-estimule-inovacao-e-criatividade\/","url":"https:\/\/diariodepe.com.br\/xinhua\/2021\/05\/12\/primeiro-ministro-chines-pede-atmosfera-social-que-estimule-inovacao-e-criatividade\/","name":"Primeiro-ministro chin\u00eas pede atmosfera social que estimule inova\u00e7\u00e3o e criatividade - Xinhua - Diario de Pernambuco","isPartOf":{"@id":"https:\/\/diariodepe.com.br\/xinhua\/#website"},"primaryImageOfPage":{"@id":"https:\/\/diariodepe.com.br\/xinhua\/2021\/05\/12\/primeiro-ministro-chines-pede-atmosfera-social-que-estimule-inovacao-e-criatividade\/#primaryimage"},"image":{"@id":"https:\/\/diariodepe.com.br\/xinhua\/2021\/05\/12\/primeiro-ministro-chines-pede-atmosfera-social-que-estimule-inovacao-e-criatividade\/#primaryimage"},"thumbnailUrl":"https:\/\/diariodepe.com.br\/xinhua\/wp-content\/uploads\/sites\/3\/2021\/05\/139940624_16207966953341n.jpg","datePublished":"2021-05-12T13:37:18+00:00","dateModified":"2021-05-12T13:37:20+00:00","breadcrumb":{"@id":"https:\/\/diariodepe.com.br\/xinhua\/2021\/05\/12\/primeiro-ministro-chines-pede-atmosfera-social-que-estimule-inovacao-e-criatividade\/#breadcrumb"},"inLanguage":"pt-BR","potentialAction":[{"@type":"ReadAction","target":["https:\/\/diariodepe.com.br\/xinhua\/2021\/05\/12\/primeiro-ministro-chines-pede-atmosfera-social-que-estimule-inovacao-e-criatividade\/"]}]},{"@type":"ImageObject","inLanguage":"pt-BR","@id":"https:\/\/diariodepe.com.br\/xinhua\/2021\/05\/12\/primeiro-ministro-chines-pede-atmosfera-social-que-estimule-inovacao-e-criatividade\/#primaryimage","url":"https:\/\/diariodepe.com.br\/xinhua\/wp-content\/uploads\/sites\/3\/2021\/05\/139940624_16207966953341n.jpg","contentUrl":"https:\/\/diariodepe.com.br\/xinhua\/wp-content\/uploads\/sites\/3\/2021\/05\/139940624_16207966953341n.jpg","width":899,"height":580},{"@type":"BreadcrumbList","@id":"https:\/\/diariodepe.com.br\/xinhua\/2021\/05\/12\/primeiro-ministro-chines-pede-atmosfera-social-que-estimule-inovacao-e-criatividade\/#breadcrumb","itemListElement":[{"@type":"ListItem","position":1,"name":"In\u00edcio","item":"https:\/\/diariodepe.com.br\/xinhua\/"},{"@type":"ListItem","position":2,"name":"Primeiro-ministro chin\u00eas pede atmosfera social que estimule inova\u00e7\u00e3o e criatividade"}]},{"@type":"WebSite","@id":"https:\/\/diariodepe.com.br\/xinhua\/#website","url":"https:\/\/diariodepe.com.br\/xinhua\/","name":"Xinhua - Diario de Pernambuco","description":"A maior ag\u00eancia de not\u00edcias da China e um dos principais canais para conhecer o pa\u00eds","publisher":{"@id":"https:\/\/diariodepe.com.br\/xinhua\/#organization"},"potentialAction":[{"@type":"SearchAction","target":{"@type":"EntryPoint","urlTemplate":"https:\/\/diariodepe.com.br\/xinhua\/?s={search_term_string}"},"query-input":{"@type":"PropertyValueSpecification","valueRequired":true,"valueName":"search_term_string"}}],"inLanguage":"pt-BR"},{"@type":"Organization","@id":"https:\/\/diariodepe.com.br\/xinhua\/#organization","name":"Xinhua - Diario de Pernambuco","url":"https:\/\/diariodepe.com.br\/xinhua\/","logo":{"@type":"ImageObject","inLanguage":"pt-BR","@id":"https:\/\/diariodepe.com.br\/xinhua\/#\/schema\/logo\/image\/","url":"https:\/\/diariodepe.com.br\/xinhua\/wp-content\/uploads\/sites\/3\/2020\/10\/cropped-logo-transparente-2.png","contentUrl":"https:\/\/diariodepe.com.br\/xinhua\/wp-content\/uploads\/sites\/3\/2020\/10\/cropped-logo-transparente-2.png","width":512,"height":164,"caption":"Xinhua - Diario de Pernambuco"},"image":{"@id":"https:\/\/diariodepe.com.br\/xinhua\/#\/schema\/logo\/image\/"}},{"@type":"Person","@id":"https:\/\/diariodepe.com.br\/xinhua\/#\/schema\/person\/0943d6fd02bdc7b49c8f495e8787a2cb","name":"Marcelo Oliveira de A. Maranhao","image":{"@type":"ImageObject","inLanguage":"pt-BR","@id":"https:\/\/secure.gravatar.com\/avatar\/f562caee940d39879c20e90eea3e4b21860c7d4c96684c23141c554824f0059c?s=96&d=mm&r=g","url":"https:\/\/secure.gravatar.com\/avatar\/f562caee940d39879c20e90eea3e4b21860c7d4c96684c23141c554824f0059c?s=96&d=mm&r=g","contentUrl":"https:\/\/secure.gravatar.com\/avatar\/f562caee940d39879c20e90eea3e4b21860c7d4c96684c23141c554824f0059c?s=96&d=mm&r=g","caption":"Marcelo Oliveira de A. Maranhao"},"url":"https:\/\/diariodepe.com.br\/xinhua\/author\/marcelo-maranhao\/"}]}},"cc_featured_image_caption":{"caption_text":"","source_text":"","source_url":""},"amp_enabled":true,"_links":{"self":[{"href":"https:\/\/diariodepe.com.br\/xinhua\/wp-json\/wp\/v2\/posts\/1677","targetHints":{"allow":["GET"]}}],"collection":[{"href":"https:\/\/diariodepe.com.br\/xinhua\/wp-json\/wp\/v2\/posts"}],"about":[{"href":"https:\/\/diariodepe.com.br\/xinhua\/wp-json\/wp\/v2\/types\/post"}],"author":[{"embeddable":true,"href":"https:\/\/diariodepe.com.br\/xinhua\/wp-json\/wp\/v2\/users\/3"}],"replies":[{"embeddable":true,"href":"https:\/\/diariodepe.com.br\/xinhua\/wp-json\/wp\/v2\/comments?post=1677"}],"version-history":[{"count":1,"href":"https:\/\/diariodepe.com.br\/xinhua\/wp-json\/wp\/v2\/posts\/1677\/revisions"}],"predecessor-version":[{"id":1679,"href":"https:\/\/diariodepe.com.br\/xinhua\/wp-json\/wp\/v2\/posts\/1677\/revisions\/1679"}],"wp:featuredmedia":[{"embeddable":true,"href":"https:\/\/diariodepe.com.br\/xinhua\/wp-json\/wp\/v2\/media\/1678"}],"wp:attachment":[{"href":"https:\/\/diariodepe.com.br\/xinhua\/wp-json\/wp\/v2\/media?parent=1677"}],"wp:term":[{"taxonomy":"category","embeddable":true,"href":"https:\/\/diariodepe.com.br\/xinhua\/wp-json\/wp\/v2\/categories?post=1677"},{"taxonomy":"post_tag","embeddable":true,"href":"https:\/\/diariodepe.com.br\/xinhua\/wp-json\/wp\/v2\/tags?post=1677"}],"curies":[{"name":"wp","href":"https:\/\/api.w.org\/{rel}","templated":true}]}}